{"id":87291,"date":"2020-04-03T20:30:29","date_gmt":"2020-04-03T23:30:29","guid":{"rendered":"http:\/\/diariotextual.com\/inicio\/?p=87291"},"modified":"2020-04-03T23:03:10","modified_gmt":"2020-04-04T02:03:10","slug":"los-bancos-abriran-sabado-domingo-luego-las-largas-filas-cobrar","status":"publish","type":"post","link":"https:\/\/diariotextual.com\/inicio\/index.php\/2020\/04\/03\/los-bancos-abriran-sabado-domingo-luego-las-largas-filas-cobrar\/","title":{"rendered":"El BLP abre este s\u00e1bado y domingo y mantiene cronograma de pagos"},"content":{"rendered":"<p>Las largas colas en los bancos para cobrar jubilaciones y Asignaci\u00f3n Universal por Hijo<strong>\u00a0oblig\u00f3 a las entidades bancarias a abrir tambi\u00e9n este s\u00e1bado y domingo<\/strong>, seg\u00fan lo estableci\u00f3 el<a href=\"http:\/\/diariotextual.com\/inicio\/index.php\/2020\/04\/03\/los-bancos-abren-este-sabado-domingo-solo-jubilados\/\" target=\"_blank\" rel=\"noopener\"> <strong>Banco Central<\/strong><\/a>.<\/p>\n<p>El Banco de La Pampa confirm\u00f3 qu<strong>e abrir\u00e1 entre las 8 y las 13 horas todas sus sucursales de Santa Rosa (siete), Pico (cuatro) y del resto de las localidades solo para pagar a los jubilados.<\/strong> Pero lo har\u00e1 por n\u00fameros: <strong>este s\u00e1bado 4 los DNI que terminen en 4, 5 y 6; y el domingo, los terminados en 7, 8 y 9.<\/strong><\/p>\n<p>Luego de casi dos semanas de cierre por las medidas de aislamiento social preventivo y obligatorio que rigen en el pa\u00eds, las sucursales de bancos volvieron a abrir este viernes para permitir el pago de jubilaciones y otras prestaciones de la Anses. <strong>Desde la madrugada, se produjeron largas filas en las entidades de personas que no cuentan con tarjetas de d\u00e9bito para retirar sus ingresos o acostumbran hacerse del efectivo de una sola vez para manejar sus gastos mensuales.<\/strong><\/p>\n<blockquote class=\"wp-embedded-content\" data-secret=\"MiYbJMRQIQ\"><p><a href=\"http:\/\/diariotextual.com\/inicio\/index.php\/2020\/04\/03\/los-bancos-abren-este-sabado-domingo-solo-jubilados\/\">Los bancos abren este s\u00e1bado y domingo solo para jubilados<\/a><\/p><\/blockquote>\n<p><iframe class=\"wp-embedded-content\" sandbox=\"allow-scripts\" security=\"restricted\" style=\"position: absolute; clip: rect(1px, 1px, 1px, 1px);\" src=\"http:\/\/diariotextual.com\/inicio\/index.php\/2020\/04\/03\/los-bancos-abren-este-sabado-domingo-solo-jubilados\/embed\/#?secret=MiYbJMRQIQ\" data-secret=\"MiYbJMRQIQ\" width=\"600\" height=\"338\" title=\"&#171;Los bancos abren este s\u00e1bado y domingo solo para jubilados&#187; &#8212; Diario Textual\" frameborder=\"0\" marginwidth=\"0\" marginheight=\"0\" scrolling=\"no\"><\/iframe><\/p>\n<p>Las aglomeraciones en bancos, en gran medida de personas que por su avanzada edad son poblaci\u00f3n de riesgo en medio de la pandemia de Covid-19, son un retroceso respecto de las medidas de distanciamiento social que eran el eje de la estrategia del Gobierno para contener el avance de la enfermedad.<\/p>\n<p>&nbsp;<\/p>\n<blockquote class=\"wp-embedded-content\" data-secret=\"MwktKwoNd5\"><p><a href=\"http:\/\/diariotextual.com\/inicio\/index.php\/2020\/04\/03\/gobernador-dijo-no-se-sabe-cuando-volveran-las-clases\/\">El gobernador dijo que no se sabe cu\u00e1ndo se reiniciar\u00e1n las clases<\/a><\/p><\/blockquote>\n<p><iframe class=\"wp-embedded-content\" sandbox=\"allow-scripts\" security=\"restricted\" style=\"position: absolute; clip: rect(1px, 1px, 1px, 1px);\" src=\"http:\/\/diariotextual.com\/inicio\/index.php\/2020\/04\/03\/gobernador-dijo-no-se-sabe-cuando-volveran-las-clases\/embed\/#?secret=MwktKwoNd5\" data-secret=\"MwktKwoNd5\" width=\"600\" height=\"338\" title=\"&#171;El gobernador dijo que no se sabe cu\u00e1ndo se reiniciar\u00e1n las clases&#187; &#8212; Diario Textual\" frameborder=\"0\" marginwidth=\"0\" marginheight=\"0\" scrolling=\"no\"><\/iframe><\/p>\n<p>&nbsp;<\/p>\n<p>La situaci\u00f3n gener\u00f3 cuestionamientos del propio gobernador: dijo que ocurri\u00f3 porque las entidades bancarias permanecieron cerradas desde que se dict\u00f3 el Aislamiento Social Preventivo y Obligatorio. \u00abNosotros <strong>se lo pedimos al d\u00eda siguiente que deb\u00eda haber una atenci\u00f3n al sector de los jubilados<\/strong> porque no tienen una tarjeta de d\u00e9bito, es parte de su vida ir una vez por mes a los bancos a cobrar. Esto se pudo haber evitado\u00bb, reconoci\u00f3. \u00ab<strong>Yo no comulgo con eso de prohibir todo para que la gente cumpla<\/strong>; es parte de la responsabilidad social, mucha gente que no estaba comprendida para que vaya al sistema bancario seguramente ha ido\u00bb, asegur\u00f3 en di\u00e1logo con<strong> CPETv<\/strong>.<\/p>\n<p>&nbsp;<\/p>\n<p><iframe style=\"border: none; overflow: hidden;\" src=\"https:\/\/www.facebook.com\/plugins\/video.php?href=https%3A%2F%2Fwww.facebook.com%2Feltextual%2Fvideos%2F1484823775020843%2F&amp;show_text=0&amp;width=560\" width=\"560\" height=\"308\" frameborder=\"0\" scrolling=\"no\" allowfullscreen=\"allowfullscreen\"><\/iframe><\/p>\n<p>&nbsp;<\/p>\n","protected":false},"excerpt":{"rendered":"<p>Las largas colas en los bancos para cobrar jubilaciones y Asignaci\u00f3n Universal por Hijo\u00a0oblig\u00f3 a las entidades bancarias a abrir tambi\u00e9n este s\u00e1bado y domingo, seg\u00fan lo estableci\u00f3 el Banco&hellip;<\/p>\n","protected":false},"author":4,"featured_media":86722,"comment_status":"closed","ping_status":"open","sticky":false,"template":"","format":"standard","meta":{"_acf_changed":false,"footnotes":""},"categories":[8],"tags":[],"class_list":["post-87291","post","type-post","status-publish","format-standard","has-post-thumbnail","hentry","category-politica"],"acf":[],"yoast_head":"<!-- This site is optimized with the Yoast SEO plugin v27.5 - https:\/\/yoast.com\/product\/yoast-seo-wordpress\/ -->\n<title>El BLP abre este s\u00e1bado y domingo y mantiene cronograma de pagos - Diario Textual<\/title>\n<meta name=\"robots\" content=\"index, follow, max-snippet:-1, max-image-preview:large, max-video-preview:-1\" \/>\n<link rel=\"canonical\" href=\"https:\/\/diariotextual.com\/inicio\/index.php\/2020\/04\/03\/los-bancos-abriran-sabado-domingo-luego-las-largas-filas-cobrar\/\" \/>\n<meta property=\"og:locale\" content=\"es_ES\" \/>\n<meta property=\"og:type\" content=\"article\" \/>\n<meta property=\"og:title\" content=\"El BLP abre este s\u00e1bado y domingo y mantiene cronograma de pagos - Diario Textual\" \/>\n<meta property=\"og:description\" content=\"Las largas colas en los bancos para cobrar jubilaciones y Asignaci\u00f3n Universal por Hijo\u00a0oblig\u00f3 a las entidades bancarias a abrir tambi\u00e9n este s\u00e1bado y domingo, seg\u00fan lo estableci\u00f3 el Banco&hellip;\" \/>\n<meta property=\"og:url\" content=\"https:\/\/diariotextual.com\/inicio\/index.php\/2020\/04\/03\/los-bancos-abriran-sabado-domingo-luego-las-largas-filas-cobrar\/\" \/>\n<meta property=\"og:site_name\" content=\"Diario Textual\" \/>\n<meta property=\"article:publisher\" content=\"https:\/\/www.facebook.com\/eltextual\" \/>\n<meta property=\"article:published_time\" content=\"2020-04-03T23:30:29+00:00\" \/>\n<meta property=\"article:modified_time\" content=\"2020-04-04T02:03:10+00:00\" \/>\n<meta property=\"og:image\" content=\"https:\/\/diariotextual.com\/inicio\/wp-content\/uploads\/2020\/03\/coronavirusblp2020-001.jpg\" \/>\n\t<meta property=\"og:image:width\" content=\"1500\" \/>\n\t<meta property=\"og:image:height\" content=\"913\" \/>\n\t<meta property=\"og:image:type\" content=\"image\/jpeg\" \/>\n<meta name=\"author\" content=\"diario2\" \/>\n<meta name=\"twitter:card\" content=\"summary_large_image\" \/>\n<meta name=\"twitter:creator\" content=\"@eltextual\" \/>\n<meta name=\"twitter:site\" content=\"@eltextual\" \/>\n<meta name=\"twitter:label1\" content=\"Escrito por\" \/>\n\t<meta name=\"twitter:data1\" content=\"diario2\" \/>\n\t<meta name=\"twitter:label2\" content=\"Tiempo de lectura\" \/>\n\t<meta name=\"twitter:data2\" content=\"2 minutos\" \/>\n<script type=\"application\/ld+json\" class=\"yoast-schema-graph\">{\"@context\":\"https:\\\/\\\/schema.org\",\"@graph\":[{\"@type\":\"Article\",\"@id\":\"https:\\\/\\\/diariotextual.com\\\/inicio\\\/index.php\\\/2020\\\/04\\\/03\\\/los-bancos-abriran-sabado-domingo-luego-las-largas-filas-cobrar\\\/#article\",\"isPartOf\":{\"@id\":\"https:\\\/\\\/diariotextual.com\\\/inicio\\\/index.php\\\/2020\\\/04\\\/03\\\/los-bancos-abriran-sabado-domingo-luego-las-largas-filas-cobrar\\\/\"},\"author\":{\"name\":\"diario2\",\"@id\":\"https:\\\/\\\/diariotextual.com\\\/inicio\\\/#\\\/schema\\\/person\\\/694f60677f23c4a530867a98f22b3768\"},\"headline\":\"El BLP abre este s\u00e1bado y domingo y mantiene cronograma de pagos\",\"datePublished\":\"2020-04-03T23:30:29+00:00\",\"dateModified\":\"2020-04-04T02:03:10+00:00\",\"mainEntityOfPage\":{\"@id\":\"https:\\\/\\\/diariotextual.com\\\/inicio\\\/index.php\\\/2020\\\/04\\\/03\\\/los-bancos-abriran-sabado-domingo-luego-las-largas-filas-cobrar\\\/\"},\"wordCount\":372,\"publisher\":{\"@id\":\"https:\\\/\\\/diariotextual.com\\\/inicio\\\/#organization\"},\"image\":{\"@id\":\"https:\\\/\\\/diariotextual.com\\\/inicio\\\/index.php\\\/2020\\\/04\\\/03\\\/los-bancos-abriran-sabado-domingo-luego-las-largas-filas-cobrar\\\/#primaryimage\"},\"thumbnailUrl\":\"https:\\\/\\\/diariotextual.com\\\/inicio\\\/wp-content\\\/uploads\\\/2020\\\/03\\\/coronavirusblp2020-001.jpg\",\"articleSection\":[\"POLITICA\"],\"inLanguage\":\"es\"},{\"@type\":\"WebPage\",\"@id\":\"https:\\\/\\\/diariotextual.com\\\/inicio\\\/index.php\\\/2020\\\/04\\\/03\\\/los-bancos-abriran-sabado-domingo-luego-las-largas-filas-cobrar\\\/\",\"url\":\"https:\\\/\\\/diariotextual.com\\\/inicio\\\/index.php\\\/2020\\\/04\\\/03\\\/los-bancos-abriran-sabado-domingo-luego-las-largas-filas-cobrar\\\/\",\"name\":\"El BLP abre este s\u00e1bado y domingo y mantiene cronograma de pagos - Diario Textual\",\"isPartOf\":{\"@id\":\"https:\\\/\\\/diariotextual.com\\\/inicio\\\/#website\"},\"primaryImageOfPage\":{\"@id\":\"https:\\\/\\\/diariotextual.com\\\/inicio\\\/index.php\\\/2020\\\/04\\\/03\\\/los-bancos-abriran-sabado-domingo-luego-las-largas-filas-cobrar\\\/#primaryimage\"},\"image\":{\"@id\":\"https:\\\/\\\/diariotextual.com\\\/inicio\\\/index.php\\\/2020\\\/04\\\/03\\\/los-bancos-abriran-sabado-domingo-luego-las-largas-filas-cobrar\\\/#primaryimage\"},\"thumbnailUrl\":\"https:\\\/\\\/diariotextual.com\\\/inicio\\\/wp-content\\\/uploads\\\/2020\\\/03\\\/coronavirusblp2020-001.jpg\",\"datePublished\":\"2020-04-03T23:30:29+00:00\",\"dateModified\":\"2020-04-04T02:03:10+00:00\",\"breadcrumb\":{\"@id\":\"https:\\\/\\\/diariotextual.com\\\/inicio\\\/index.php\\\/2020\\\/04\\\/03\\\/los-bancos-abriran-sabado-domingo-luego-las-largas-filas-cobrar\\\/#breadcrumb\"},\"inLanguage\":\"es\",\"potentialAction\":[{\"@type\":\"ReadAction\",\"target\":[\"https:\\\/\\\/diariotextual.com\\\/inicio\\\/index.php\\\/2020\\\/04\\\/03\\\/los-bancos-abriran-sabado-domingo-luego-las-largas-filas-cobrar\\\/\"]}]},{\"@type\":\"ImageObject\",\"inLanguage\":\"es\",\"@id\":\"https:\\\/\\\/diariotextual.com\\\/inicio\\\/index.php\\\/2020\\\/04\\\/03\\\/los-bancos-abriran-sabado-domingo-luego-las-largas-filas-cobrar\\\/#primaryimage\",\"url\":\"https:\\\/\\\/diariotextual.com\\\/inicio\\\/wp-content\\\/uploads\\\/2020\\\/03\\\/coronavirusblp2020-001.jpg\",\"contentUrl\":\"https:\\\/\\\/diariotextual.com\\\/inicio\\\/wp-content\\\/uploads\\\/2020\\\/03\\\/coronavirusblp2020-001.jpg\",\"width\":1500,\"height\":913},{\"@type\":\"BreadcrumbList\",\"@id\":\"https:\\\/\\\/diariotextual.com\\\/inicio\\\/index.php\\\/2020\\\/04\\\/03\\\/los-bancos-abriran-sabado-domingo-luego-las-largas-filas-cobrar\\\/#breadcrumb\",\"itemListElement\":[{\"@type\":\"ListItem\",\"position\":1,\"name\":\"Portada\",\"item\":\"https:\\\/\\\/diariotextual.com\\\/inicio\\\/\"},{\"@type\":\"ListItem\",\"position\":2,\"name\":\"El BLP abre este s\u00e1bado y domingo y mantiene cronograma de pagos\"}]},{\"@type\":\"WebSite\",\"@id\":\"https:\\\/\\\/diariotextual.com\\\/inicio\\\/#website\",\"url\":\"https:\\\/\\\/diariotextual.com\\\/inicio\\\/\",\"name\":\"Diario Textual\",\"description\":\"\",\"publisher\":{\"@id\":\"https:\\\/\\\/diariotextual.com\\\/inicio\\\/#organization\"},\"potentialAction\":[{\"@type\":\"SearchAction\",\"target\":{\"@type\":\"EntryPoint\",\"urlTemplate\":\"https:\\\/\\\/diariotextual.com\\\/inicio\\\/?s={search_term_string}\"},\"query-input\":{\"@type\":\"PropertyValueSpecification\",\"valueRequired\":true,\"valueName\":\"search_term_string\"}}],\"inLanguage\":\"es\"},{\"@type\":\"Organization\",\"@id\":\"https:\\\/\\\/diariotextual.com\\\/inicio\\\/#organization\",\"name\":\"Diario Textual\",\"url\":\"https:\\\/\\\/diariotextual.com\\\/inicio\\\/\",\"logo\":{\"@type\":\"ImageObject\",\"inLanguage\":\"es\",\"@id\":\"https:\\\/\\\/diariotextual.com\\\/inicio\\\/#\\\/schema\\\/logo\\\/image\\\/\",\"url\":\"https:\\\/\\\/diariotextual.com\\\/inicio\\\/wp-content\\\/uploads\\\/2023\\\/05\\\/logotextual1.jpg\",\"contentUrl\":\"https:\\\/\\\/diariotextual.com\\\/inicio\\\/wp-content\\\/uploads\\\/2023\\\/05\\\/logotextual1.jpg\",\"width\":516,\"height\":76,\"caption\":\"Diario Textual\"},\"image\":{\"@id\":\"https:\\\/\\\/diariotextual.com\\\/inicio\\\/#\\\/schema\\\/logo\\\/image\\\/\"},\"sameAs\":[\"https:\\\/\\\/www.facebook.com\\\/eltextual\",\"https:\\\/\\\/x.com\\\/eltextual\",\"http:\\\/\\\/www.instagram.com\\\/eltextual\"]},{\"@type\":\"Person\",\"@id\":\"https:\\\/\\\/diariotextual.com\\\/inicio\\\/#\\\/schema\\\/person\\\/694f60677f23c4a530867a98f22b3768\",\"name\":\"diario2\",\"image\":{\"@type\":\"ImageObject\",\"inLanguage\":\"es\",\"@id\":\"https:\\\/\\\/secure.gravatar.com\\\/avatar\\\/5a2567495ba16b852fcd8f1ed006a2e24fcace936018ed8237e95f488ad6e0a7?s=96&d=mm&r=g\",\"url\":\"https:\\\/\\\/secure.gravatar.com\\\/avatar\\\/5a2567495ba16b852fcd8f1ed006a2e24fcace936018ed8237e95f488ad6e0a7?s=96&d=mm&r=g\",\"contentUrl\":\"https:\\\/\\\/secure.gravatar.com\\\/avatar\\\/5a2567495ba16b852fcd8f1ed006a2e24fcace936018ed8237e95f488ad6e0a7?s=96&d=mm&r=g\",\"caption\":\"diario2\"},\"url\":\"https:\\\/\\\/diariotextual.com\\\/inicio\\\/index.php\\\/author\\\/diario2\\\/\"}]}<\/script>\n<!-- \/ Yoast SEO plugin. -->","yoast_head_json":{"title":"El BLP abre este s\u00e1bado y domingo y mantiene cronograma de pagos - Diario Textual","robots":{"index":"index","follow":"follow","max-snippet":"max-snippet:-1","max-image-preview":"max-image-preview:large","max-video-preview":"max-video-preview:-1"},"canonical":"https:\/\/diariotextual.com\/inicio\/index.php\/2020\/04\/03\/los-bancos-abriran-sabado-domingo-luego-las-largas-filas-cobrar\/","og_locale":"es_ES","og_type":"article","og_title":"El BLP abre este s\u00e1bado y domingo y mantiene cronograma de pagos - Diario Textual","og_description":"Las largas colas en los bancos para cobrar jubilaciones y Asignaci\u00f3n Universal por Hijo\u00a0oblig\u00f3 a las entidades bancarias a abrir tambi\u00e9n este s\u00e1bado y domingo, seg\u00fan lo estableci\u00f3 el Banco&hellip;","og_url":"https:\/\/diariotextual.com\/inicio\/index.php\/2020\/04\/03\/los-bancos-abriran-sabado-domingo-luego-las-largas-filas-cobrar\/","og_site_name":"Diario Textual","article_publisher":"https:\/\/www.facebook.com\/eltextual","article_published_time":"2020-04-03T23:30:29+00:00","article_modified_time":"2020-04-04T02:03:10+00:00","og_image":[{"width":1500,"height":913,"url":"https:\/\/diariotextual.com\/inicio\/wp-content\/uploads\/2020\/03\/coronavirusblp2020-001.jpg","type":"image\/jpeg"}],"author":"diario2","twitter_card":"summary_large_image","twitter_creator":"@eltextual","twitter_site":"@eltextual","twitter_misc":{"Escrito por":"diario2","Tiempo de lectura":"2 minutos"},"schema":{"@context":"https:\/\/schema.org","@graph":[{"@type":"Article","@id":"https:\/\/diariotextual.com\/inicio\/index.php\/2020\/04\/03\/los-bancos-abriran-sabado-domingo-luego-las-largas-filas-cobrar\/#article","isPartOf":{"@id":"https:\/\/diariotextual.com\/inicio\/index.php\/2020\/04\/03\/los-bancos-abriran-sabado-domingo-luego-las-largas-filas-cobrar\/"},"author":{"name":"diario2","@id":"https:\/\/diariotextual.com\/inicio\/#\/schema\/person\/694f60677f23c4a530867a98f22b3768"},"headline":"El BLP abre este s\u00e1bado y domingo y mantiene cronograma de pagos","datePublished":"2020-04-03T23:30:29+00:00","dateModified":"2020-04-04T02:03:10+00:00","mainEntityOfPage":{"@id":"https:\/\/diariotextual.com\/inicio\/index.php\/2020\/04\/03\/los-bancos-abriran-sabado-domingo-luego-las-largas-filas-cobrar\/"},"wordCount":372,"publisher":{"@id":"https:\/\/diariotextual.com\/inicio\/#organization"},"image":{"@id":"https:\/\/diariotextual.com\/inicio\/index.php\/2020\/04\/03\/los-bancos-abriran-sabado-domingo-luego-las-largas-filas-cobrar\/#primaryimage"},"thumbnailUrl":"https:\/\/diariotextual.com\/inicio\/wp-content\/uploads\/2020\/03\/coronavirusblp2020-001.jpg","articleSection":["POLITICA"],"inLanguage":"es"},{"@type":"WebPage","@id":"https:\/\/diariotextual.com\/inicio\/index.php\/2020\/04\/03\/los-bancos-abriran-sabado-domingo-luego-las-largas-filas-cobrar\/","url":"https:\/\/diariotextual.com\/inicio\/index.php\/2020\/04\/03\/los-bancos-abriran-sabado-domingo-luego-las-largas-filas-cobrar\/","name":"El BLP abre este s\u00e1bado y domingo y mantiene cronograma de pagos - Diario Textual","isPartOf":{"@id":"https:\/\/diariotextual.com\/inicio\/#website"},"primaryImageOfPage":{"@id":"https:\/\/diariotextual.com\/inicio\/index.php\/2020\/04\/03\/los-bancos-abriran-sabado-domingo-luego-las-largas-filas-cobrar\/#primaryimage"},"image":{"@id":"https:\/\/diariotextual.com\/inicio\/index.php\/2020\/04\/03\/los-bancos-abriran-sabado-domingo-luego-las-largas-filas-cobrar\/#primaryimage"},"thumbnailUrl":"https:\/\/diariotextual.com\/inicio\/wp-content\/uploads\/2020\/03\/coronavirusblp2020-001.jpg","datePublished":"2020-04-03T23:30:29+00:00","dateModified":"2020-04-04T02:03:10+00:00","breadcrumb":{"@id":"https:\/\/diariotextual.com\/inicio\/index.php\/2020\/04\/03\/los-bancos-abriran-sabado-domingo-luego-las-largas-filas-cobrar\/#breadcrumb"},"inLanguage":"es","potentialAction":[{"@type":"ReadAction","target":["https:\/\/diariotextual.com\/inicio\/index.php\/2020\/04\/03\/los-bancos-abriran-sabado-domingo-luego-las-largas-filas-cobrar\/"]}]},{"@type":"ImageObject","inLanguage":"es","@id":"https:\/\/diariotextual.com\/inicio\/index.php\/2020\/04\/03\/los-bancos-abriran-sabado-domingo-luego-las-largas-filas-cobrar\/#primaryimage","url":"https:\/\/diariotextual.com\/inicio\/wp-content\/uploads\/2020\/03\/coronavirusblp2020-001.jpg","contentUrl":"https:\/\/diariotextual.com\/inicio\/wp-content\/uploads\/2020\/03\/coronavirusblp2020-001.jpg","width":1500,"height":913},{"@type":"BreadcrumbList","@id":"https:\/\/diariotextual.com\/inicio\/index.php\/2020\/04\/03\/los-bancos-abriran-sabado-domingo-luego-las-largas-filas-cobrar\/#breadcrumb","itemListElement":[{"@type":"ListItem","position":1,"name":"Portada","item":"https:\/\/diariotextual.com\/inicio\/"},{"@type":"ListItem","position":2,"name":"El BLP abre este s\u00e1bado y domingo y mantiene cronograma de pagos"}]},{"@type":"WebSite","@id":"https:\/\/diariotextual.com\/inicio\/#website","url":"https:\/\/diariotextual.com\/inicio\/","name":"Diario Textual","description":"","publisher":{"@id":"https:\/\/diariotextual.com\/inicio\/#organization"},"potentialAction":[{"@type":"SearchAction","target":{"@type":"EntryPoint","urlTemplate":"https:\/\/diariotextual.com\/inicio\/?s={search_term_string}"},"query-input":{"@type":"PropertyValueSpecification","valueRequired":true,"valueName":"search_term_string"}}],"inLanguage":"es"},{"@type":"Organization","@id":"https:\/\/diariotextual.com\/inicio\/#organization","name":"Diario Textual","url":"https:\/\/diariotextual.com\/inicio\/","logo":{"@type":"ImageObject","inLanguage":"es","@id":"https:\/\/diariotextual.com\/inicio\/#\/schema\/logo\/image\/","url":"https:\/\/diariotextual.com\/inicio\/wp-content\/uploads\/2023\/05\/logotextual1.jpg","contentUrl":"https:\/\/diariotextual.com\/inicio\/wp-content\/uploads\/2023\/05\/logotextual1.jpg","width":516,"height":76,"caption":"Diario Textual"},"image":{"@id":"https:\/\/diariotextual.com\/inicio\/#\/schema\/logo\/image\/"},"sameAs":["https:\/\/www.facebook.com\/eltextual","https:\/\/x.com\/eltextual","http:\/\/www.instagram.com\/eltextual"]},{"@type":"Person","@id":"https:\/\/diariotextual.com\/inicio\/#\/schema\/person\/694f60677f23c4a530867a98f22b3768","name":"diario2","image":{"@type":"ImageObject","inLanguage":"es","@id":"https:\/\/secure.gravatar.com\/avatar\/5a2567495ba16b852fcd8f1ed006a2e24fcace936018ed8237e95f488ad6e0a7?s=96&d=mm&r=g","url":"https:\/\/secure.gravatar.com\/avatar\/5a2567495ba16b852fcd8f1ed006a2e24fcace936018ed8237e95f488ad6e0a7?s=96&d=mm&r=g","contentUrl":"https:\/\/secure.gravatar.com\/avatar\/5a2567495ba16b852fcd8f1ed006a2e24fcace936018ed8237e95f488ad6e0a7?s=96&d=mm&r=g","caption":"diario2"},"url":"https:\/\/diariotextual.com\/inicio\/index.php\/author\/diario2\/"}]}},"_links":{"self":[{"href":"https:\/\/diariotextual.com\/inicio\/index.php\/wp-json\/wp\/v2\/posts\/87291","targetHints":{"allow":["GET"]}}],"collection":[{"href":"https:\/\/diariotextual.com\/inicio\/index.php\/wp-json\/wp\/v2\/posts"}],"about":[{"href":"https:\/\/diariotextual.com\/inicio\/index.php\/wp-json\/wp\/v2\/types\/post"}],"author":[{"embeddable":true,"href":"https:\/\/diariotextual.com\/inicio\/index.php\/wp-json\/wp\/v2\/users\/4"}],"replies":[{"embeddable":true,"href":"https:\/\/diariotextual.com\/inicio\/index.php\/wp-json\/wp\/v2\/comments?post=87291"}],"version-history":[{"count":13,"href":"https:\/\/diariotextual.com\/inicio\/index.php\/wp-json\/wp\/v2\/posts\/87291\/revisions"}],"predecessor-version":[{"id":87446,"href":"https:\/\/diariotextual.com\/inicio\/index.php\/wp-json\/wp\/v2\/posts\/87291\/revisions\/87446"}],"wp:featuredmedia":[{"embeddable":true,"href":"https:\/\/diariotextual.com\/inicio\/index.php\/wp-json\/wp\/v2\/media\/86722"}],"wp:attachment":[{"href":"https:\/\/diariotextual.com\/inicio\/index.php\/wp-json\/wp\/v2\/media?parent=87291"}],"wp:term":[{"taxonomy":"category","embeddable":true,"href":"https:\/\/diariotextual.com\/inicio\/index.php\/wp-json\/wp\/v2\/categories?post=87291"},{"taxonomy":"post_tag","embeddable":true,"href":"https:\/\/diariotextual.com\/inicio\/index.php\/wp-json\/wp\/v2\/tags?post=87291"}],"curies":[{"name":"wp","href":"https:\/\/api.w.org\/{rel}","templated":true}]}}