{"id":87341,"date":"2020-04-03T13:24:25","date_gmt":"2020-04-03T16:24:25","guid":{"rendered":"http:\/\/diariotextual.com\/inicio\/?p=87341"},"modified":"2020-04-04T11:32:16","modified_gmt":"2020-04-04T14:32:16","slug":"cuarentena-pedido-profesionales-pampeanos-al-gobernador-ziliotto","status":"publish","type":"post","link":"https:\/\/diariotextual.com\/inicio\/index.php\/2020\/04\/03\/cuarentena-pedido-profesionales-pampeanos-al-gobernador-ziliotto\/","title":{"rendered":"Cuarentena: pedido de profesionales pampeanos al gobernador Ziliotto"},"content":{"rendered":"<p>Crear<strong> una mesa de trabajo de crisis, suspender la aplicaci\u00f3n del Sircreb y el pago de impuestos provinciales<\/strong>, as\u00ed como l\u00edneas de financiamiento, son algunos de los <strong>pedidos de 11 colegios y consejos profesionales de La Pampa<\/strong> que elevaron este jueves al gobernador Sergio Ziliotto.<\/p>\n<p><!--more--><\/p>\n<p>\u201cLa situaci\u00f3n de pandemia que afecta nuestro pa\u00eds y el mundo, repercute dr\u00e1stica y diversamente en nuestras posibilidades de ejercicio profesional. <strong>En todos los \u00e1mbitos profesionales donde nos desempe\u00f1amos, hemos debido restringir significativamente nuestro trabajo, con la consecuente p\u00e9rdida de ingresos que esto significa<\/strong>, m\u00e1s a\u00fan para quienes su rol profesional constituye su \u00fanica fuente de ingresos econ\u00f3micos\u201d, sostuvo la nota en uno de sus p\u00e1rrafos.<\/p>\n<p>La carta dirigida al mandatario pampeano fue firmada por <strong>representantes del Colegio de Martilleros y Corredores de Comercio; Colegio de Abogados y Procuradores; Colegio de Arquitectos; Colegio de Psic\u00f3logos; Colegio de Nutricionistas; Consejo Profesional de Agrimensura; Consejo Profesional de Asistentes Sociales; Colegio de Kinesi\u00f3logos y Asociaci\u00f3n de Kinesi\u00f3logos; C\u00edrculo Odontol\u00f3gico; y Consejo Profesional de Ingenieros y T\u00e9cnicos de La Pampa.<\/strong><\/p>\n<p>Los profesionales pampeanos solicitaron con <strong>\u201ccar\u00e1cter de urgente\u201d se implementen medidas de alcance general que contribuyan a minimizar las dificultades para cumplir con las obligaciones impositivas<\/strong>, atento la p\u00e9rdida de ingresos que el escenario actual representa para este sector.<\/p>\n<p>\u201cProfesionales y trabajadores independientes ven perturbados fuertemente sus ingresos por la casi nula actividad de los mismos, lo que <strong>ocasiona una disminuci\u00f3n en los haberes, con el constante problema que ello crea para enfrentar sus obligaciones en y para afrontar su alimentaci\u00f3n, su salud y su vivienda<\/strong>\u201d, agreg\u00f3 otra parte de la nota.<\/p>\n<p>Y la lista de pedidos elevada al gobernador son:<\/p>\n<p><em>\u201c-<strong>Acompa\u00f1ar todas las decisiones del Estado Provincial<\/strong>, poniendo a su disposici\u00f3n los recursos humanos, materiales y las instalaciones y salones SUM de nuestras instituciones en caso que lo requieran.<\/em><\/p>\n<p><em>&#8211;<strong>Crear una mesa de trabajo de crisis en la cual est\u00e9n representados todas las partes afectadas<\/strong> (colegios profesionales, trabajadores aut\u00f3nomos, independientes, gobierno).<\/em><\/p>\n<p><em>-Se requiere que <strong>se suspenda la aplicaci\u00f3n del SIRCREB (Sistema de Recaudaci\u00f3n y Control de Acreditaciones Bancarias) a todos los matriculados de los colegios profesionales de esta provincia<\/strong> hasta la finalizaci\u00f3n de la epidemia y con una pr\u00f3rroga de seis meses desde su terminaci\u00f3n.<\/em><\/p>\n<p><em>-Se <strong>suspenda el pago, hasta la finalizaci\u00f3n de la epidemia, del impuesto de ingreso bruto e impuesto inmobiliario<\/strong> a todos los profesionales independientes.<\/em><\/p>\n<p><em>&#8211;<strong>Implementar un financiamiento de pago a los profesionales que tengan deuda con el gobierno<\/strong> en concepto de impuestos tributarios provinciales.<\/em><\/p>\n<p><em>-Encomendarle al <strong>Banco de La Pampa que implemente una l\u00ednea de cr\u00e9ditos a devolver en 18 cuotas<\/strong> a partir de octubre del 2020, con una tasa de inter\u00e9s admisible.<\/em><\/p>\n<p><em>-Que se ponga en pr\u00e1ctica en forma urgente <strong>la disposici\u00f3n y\/o resoluci\u00f3n del Banco Central en la cual se autoriza y se permite a los bancos para que puedan crear y abrir cajas y cuentas recaudatorias<\/strong> para que los profesionales puedan manejar fondos de terceros.<\/em><\/p>\n<p><em>-Que se implemente <strong>el sistema on line en forma urgente para que distintos tr\u00e1mites y expedientes digitales se puedan efectuar en forma electr\u00f3nica.<\/strong><\/em><\/p>\n<p><em>-La <strong>apertura de oficinas y\/o estudios, seg\u00fan lo determinen las autoridades sanitarias<\/strong>, para que puedan desarrollar sus actividades laborales los profesionales.<\/em><\/p>\n<p><em>-Se <strong>arbitren los medios necesarios para que todas las obras sociales y prepagas autoricen a profesionales de la salud, la consulta on line y pago<\/strong> de la prestaci\u00f3n por la misma v\u00eda.<\/em><\/p>\n<p><em>-En sinton\u00eda con lo requerido por UOCRA <strong>se puedan habilitar obras de construcciones privadas hasta tres personas por cada obra.<\/strong><\/em><\/p>\n<p><em>-Considerar el contexto de los trabajadores profesionales independientes dado que al d\u00eda de la fecha no se han realizado determinaciones ni anuncios respecto a nuestra situaci\u00f3n\u201d.<\/em><\/p>\n<blockquote class=\"wp-embedded-content\" data-secret=\"cpt1iq584f\"><p><a href=\"http:\/\/diariotextual.com\/inicio\/index.php\/2020\/04\/03\/ziliotto-anuncio-la-factura-luz-abril-se-podra-pagar-cuotas-2021\/\">Ziliotto anunci\u00f3 que la factura de luz de abril se podr\u00e1 pagar en cuotas en 2021<\/a><\/p><\/blockquote>\n<p><iframe class=\"wp-embedded-content\" sandbox=\"allow-scripts\" security=\"restricted\" style=\"position: absolute; clip: rect(1px, 1px, 1px, 1px);\" src=\"http:\/\/diariotextual.com\/inicio\/index.php\/2020\/04\/03\/ziliotto-anuncio-la-factura-luz-abril-se-podra-pagar-cuotas-2021\/embed\/#?secret=cpt1iq584f\" data-secret=\"cpt1iq584f\" width=\"600\" height=\"338\" title=\"&#171;Ziliotto anunci\u00f3 que la factura de luz de abril se podr\u00e1 pagar en cuotas en 2021&#187; &#8212; Diario Textual\" frameborder=\"0\" marginwidth=\"0\" marginheight=\"0\" scrolling=\"no\"><\/iframe><\/p>\n<p>&nbsp;<\/p>\n","protected":false},"excerpt":{"rendered":"<p>Crear una mesa de trabajo de crisis, suspender la aplicaci\u00f3n del Sircreb y el pago de impuestos provinciales, as\u00ed como l\u00edneas de financiamiento, son algunos de los pedidos de 11&hellip;<\/p>\n","protected":false},"author":5,"featured_media":86343,"comment_status":"closed","ping_status":"open","sticky":false,"template":"","format":"standard","meta":{"_acf_changed":false,"footnotes":""},"categories":[11,5],"tags":[2662,2853],"class_list":["post-87341","post","type-post","status-publish","format-standard","has-post-thumbnail","hentry","category-que-pasa","category-economia","tag-coronavirus","tag-cuarentena"],"acf":[],"yoast_head":"<!-- This site is optimized with the Yoast SEO plugin v27.5 - https:\/\/yoast.com\/product\/yoast-seo-wordpress\/ -->\n<title>Cuarentena: pedido de profesionales pampeanos al gobernador Ziliotto - Diario Textual<\/title>\n<meta name=\"robots\" content=\"index, follow, max-snippet:-1, max-image-preview:large, max-video-preview:-1\" \/>\n<link rel=\"canonical\" href=\"https:\/\/diariotextual.com\/inicio\/index.php\/2020\/04\/03\/cuarentena-pedido-profesionales-pampeanos-al-gobernador-ziliotto\/\" \/>\n<meta property=\"og:locale\" content=\"es_ES\" \/>\n<meta property=\"og:type\" content=\"article\" \/>\n<meta property=\"og:title\" content=\"Cuarentena: pedido de profesionales pampeanos al gobernador Ziliotto - Diario Textual\" \/>\n<meta property=\"og:description\" content=\"Crear una mesa de trabajo de crisis, suspender la aplicaci\u00f3n del Sircreb y el pago de impuestos provinciales, as\u00ed como l\u00edneas de financiamiento, son algunos de los pedidos de 11&hellip;\" \/>\n<meta property=\"og:url\" content=\"https:\/\/diariotextual.com\/inicio\/index.php\/2020\/04\/03\/cuarentena-pedido-profesionales-pampeanos-al-gobernador-ziliotto\/\" \/>\n<meta property=\"og:site_name\" content=\"Diario Textual\" \/>\n<meta property=\"article:publisher\" content=\"https:\/\/www.facebook.com\/eltextual\" \/>\n<meta property=\"article:published_time\" content=\"2020-04-03T16:24:25+00:00\" \/>\n<meta property=\"article:modified_time\" content=\"2020-04-04T14:32:16+00:00\" \/>\n<meta property=\"og:image\" content=\"https:\/\/diariotextual.com\/inicio\/wp-content\/uploads\/2020\/03\/casadegobierno2020-1.jpg\" \/>\n\t<meta property=\"og:image:width\" content=\"900\" \/>\n\t<meta property=\"og:image:height\" content=\"507\" \/>\n\t<meta property=\"og:image:type\" content=\"image\/jpeg\" \/>\n<meta name=\"author\" content=\"diario3\" \/>\n<meta name=\"twitter:card\" content=\"summary_large_image\" \/>\n<meta name=\"twitter:creator\" content=\"@eltextual\" \/>\n<meta name=\"twitter:site\" content=\"@eltextual\" \/>\n<meta name=\"twitter:label1\" content=\"Escrito por\" \/>\n\t<meta name=\"twitter:data1\" content=\"diario3\" \/>\n\t<meta name=\"twitter:label2\" content=\"Tiempo de lectura\" \/>\n\t<meta name=\"twitter:data2\" content=\"3 minutos\" \/>\n<script type=\"application\/ld+json\" class=\"yoast-schema-graph\">{\"@context\":\"https:\\\/\\\/schema.org\",\"@graph\":[{\"@type\":\"Article\",\"@id\":\"https:\\\/\\\/diariotextual.com\\\/inicio\\\/index.php\\\/2020\\\/04\\\/03\\\/cuarentena-pedido-profesionales-pampeanos-al-gobernador-ziliotto\\\/#article\",\"isPartOf\":{\"@id\":\"https:\\\/\\\/diariotextual.com\\\/inicio\\\/index.php\\\/2020\\\/04\\\/03\\\/cuarentena-pedido-profesionales-pampeanos-al-gobernador-ziliotto\\\/\"},\"author\":{\"name\":\"diario3\",\"@id\":\"https:\\\/\\\/diariotextual.com\\\/inicio\\\/#\\\/schema\\\/person\\\/a1b6f563e0ee944c60f98119389a4d9f\"},\"headline\":\"Cuarentena: pedido de profesionales pampeanos al gobernador Ziliotto\",\"datePublished\":\"2020-04-03T16:24:25+00:00\",\"dateModified\":\"2020-04-04T14:32:16+00:00\",\"mainEntityOfPage\":{\"@id\":\"https:\\\/\\\/diariotextual.com\\\/inicio\\\/index.php\\\/2020\\\/04\\\/03\\\/cuarentena-pedido-profesionales-pampeanos-al-gobernador-ziliotto\\\/\"},\"wordCount\":667,\"publisher\":{\"@id\":\"https:\\\/\\\/diariotextual.com\\\/inicio\\\/#organization\"},\"image\":{\"@id\":\"https:\\\/\\\/diariotextual.com\\\/inicio\\\/index.php\\\/2020\\\/04\\\/03\\\/cuarentena-pedido-profesionales-pampeanos-al-gobernador-ziliotto\\\/#primaryimage\"},\"thumbnailUrl\":\"https:\\\/\\\/diariotextual.com\\\/inicio\\\/wp-content\\\/uploads\\\/2020\\\/03\\\/casadegobierno2020-1.jpg\",\"keywords\":[\"coronavirus\",\"cuarentena\"],\"articleSection\":[\"A - QUE PASA (al costado)\",\"ECONOMIA\"],\"inLanguage\":\"es\"},{\"@type\":\"WebPage\",\"@id\":\"https:\\\/\\\/diariotextual.com\\\/inicio\\\/index.php\\\/2020\\\/04\\\/03\\\/cuarentena-pedido-profesionales-pampeanos-al-gobernador-ziliotto\\\/\",\"url\":\"https:\\\/\\\/diariotextual.com\\\/inicio\\\/index.php\\\/2020\\\/04\\\/03\\\/cuarentena-pedido-profesionales-pampeanos-al-gobernador-ziliotto\\\/\",\"name\":\"Cuarentena: pedido de profesionales pampeanos al gobernador Ziliotto - Diario Textual\",\"isPartOf\":{\"@id\":\"https:\\\/\\\/diariotextual.com\\\/inicio\\\/#website\"},\"primaryImageOfPage\":{\"@id\":\"https:\\\/\\\/diariotextual.com\\\/inicio\\\/index.php\\\/2020\\\/04\\\/03\\\/cuarentena-pedido-profesionales-pampeanos-al-gobernador-ziliotto\\\/#primaryimage\"},\"image\":{\"@id\":\"https:\\\/\\\/diariotextual.com\\\/inicio\\\/index.php\\\/2020\\\/04\\\/03\\\/cuarentena-pedido-profesionales-pampeanos-al-gobernador-ziliotto\\\/#primaryimage\"},\"thumbnailUrl\":\"https:\\\/\\\/diariotextual.com\\\/inicio\\\/wp-content\\\/uploads\\\/2020\\\/03\\\/casadegobierno2020-1.jpg\",\"datePublished\":\"2020-04-03T16:24:25+00:00\",\"dateModified\":\"2020-04-04T14:32:16+00:00\",\"breadcrumb\":{\"@id\":\"https:\\\/\\\/diariotextual.com\\\/inicio\\\/index.php\\\/2020\\\/04\\\/03\\\/cuarentena-pedido-profesionales-pampeanos-al-gobernador-ziliotto\\\/#breadcrumb\"},\"inLanguage\":\"es\",\"potentialAction\":[{\"@type\":\"ReadAction\",\"target\":[\"https:\\\/\\\/diariotextual.com\\\/inicio\\\/index.php\\\/2020\\\/04\\\/03\\\/cuarentena-pedido-profesionales-pampeanos-al-gobernador-ziliotto\\\/\"]}]},{\"@type\":\"ImageObject\",\"inLanguage\":\"es\",\"@id\":\"https:\\\/\\\/diariotextual.com\\\/inicio\\\/index.php\\\/2020\\\/04\\\/03\\\/cuarentena-pedido-profesionales-pampeanos-al-gobernador-ziliotto\\\/#primaryimage\",\"url\":\"https:\\\/\\\/diariotextual.com\\\/inicio\\\/wp-content\\\/uploads\\\/2020\\\/03\\\/casadegobierno2020-1.jpg\",\"contentUrl\":\"https:\\\/\\\/diariotextual.com\\\/inicio\\\/wp-content\\\/uploads\\\/2020\\\/03\\\/casadegobierno2020-1.jpg\",\"width\":900,\"height\":507},{\"@type\":\"BreadcrumbList\",\"@id\":\"https:\\\/\\\/diariotextual.com\\\/inicio\\\/index.php\\\/2020\\\/04\\\/03\\\/cuarentena-pedido-profesionales-pampeanos-al-gobernador-ziliotto\\\/#breadcrumb\",\"itemListElement\":[{\"@type\":\"ListItem\",\"position\":1,\"name\":\"Portada\",\"item\":\"https:\\\/\\\/diariotextual.com\\\/inicio\\\/\"},{\"@type\":\"ListItem\",\"position\":2,\"name\":\"Cuarentena: pedido de profesionales pampeanos al gobernador Ziliotto\"}]},{\"@type\":\"WebSite\",\"@id\":\"https:\\\/\\\/diariotextual.com\\\/inicio\\\/#website\",\"url\":\"https:\\\/\\\/diariotextual.com\\\/inicio\\\/\",\"name\":\"Diario Textual\",\"description\":\"\",\"publisher\":{\"@id\":\"https:\\\/\\\/diariotextual.com\\\/inicio\\\/#organization\"},\"potentialAction\":[{\"@type\":\"SearchAction\",\"target\":{\"@type\":\"EntryPoint\",\"urlTemplate\":\"https:\\\/\\\/diariotextual.com\\\/inicio\\\/?s={search_term_string}\"},\"query-input\":{\"@type\":\"PropertyValueSpecification\",\"valueRequired\":true,\"valueName\":\"search_term_string\"}}],\"inLanguage\":\"es\"},{\"@type\":\"Organization\",\"@id\":\"https:\\\/\\\/diariotextual.com\\\/inicio\\\/#organization\",\"name\":\"Diario Textual\",\"url\":\"https:\\\/\\\/diariotextual.com\\\/inicio\\\/\",\"logo\":{\"@type\":\"ImageObject\",\"inLanguage\":\"es\",\"@id\":\"https:\\\/\\\/diariotextual.com\\\/inicio\\\/#\\\/schema\\\/logo\\\/image\\\/\",\"url\":\"https:\\\/\\\/diariotextual.com\\\/inicio\\\/wp-content\\\/uploads\\\/2023\\\/05\\\/logotextual1.jpg\",\"contentUrl\":\"https:\\\/\\\/diariotextual.com\\\/inicio\\\/wp-content\\\/uploads\\\/2023\\\/05\\\/logotextual1.jpg\",\"width\":516,\"height\":76,\"caption\":\"Diario Textual\"},\"image\":{\"@id\":\"https:\\\/\\\/diariotextual.com\\\/inicio\\\/#\\\/schema\\\/logo\\\/image\\\/\"},\"sameAs\":[\"https:\\\/\\\/www.facebook.com\\\/eltextual\",\"https:\\\/\\\/x.com\\\/eltextual\",\"http:\\\/\\\/www.instagram.com\\\/eltextual\"]},{\"@type\":\"Person\",\"@id\":\"https:\\\/\\\/diariotextual.com\\\/inicio\\\/#\\\/schema\\\/person\\\/a1b6f563e0ee944c60f98119389a4d9f\",\"name\":\"diario3\",\"image\":{\"@type\":\"ImageObject\",\"inLanguage\":\"es\",\"@id\":\"https:\\\/\\\/secure.gravatar.com\\\/avatar\\\/5e7ee62c82fc04d9dd79d746a390d93c69c43223e5faeeb3ea9461ef752bfc5d?s=96&d=mm&r=g\",\"url\":\"https:\\\/\\\/secure.gravatar.com\\\/avatar\\\/5e7ee62c82fc04d9dd79d746a390d93c69c43223e5faeeb3ea9461ef752bfc5d?s=96&d=mm&r=g\",\"contentUrl\":\"https:\\\/\\\/secure.gravatar.com\\\/avatar\\\/5e7ee62c82fc04d9dd79d746a390d93c69c43223e5faeeb3ea9461ef752bfc5d?s=96&d=mm&r=g\",\"caption\":\"diario3\"},\"url\":\"https:\\\/\\\/diariotextual.com\\\/inicio\\\/index.php\\\/author\\\/diario3\\\/\"}]}<\/script>\n<!-- \/ Yoast SEO plugin. -->","yoast_head_json":{"title":"Cuarentena: pedido de profesionales pampeanos al gobernador Ziliotto - Diario Textual","robots":{"index":"index","follow":"follow","max-snippet":"max-snippet:-1","max-image-preview":"max-image-preview:large","max-video-preview":"max-video-preview:-1"},"canonical":"https:\/\/diariotextual.com\/inicio\/index.php\/2020\/04\/03\/cuarentena-pedido-profesionales-pampeanos-al-gobernador-ziliotto\/","og_locale":"es_ES","og_type":"article","og_title":"Cuarentena: pedido de profesionales pampeanos al gobernador Ziliotto - Diario Textual","og_description":"Crear una mesa de trabajo de crisis, suspender la aplicaci\u00f3n del Sircreb y el pago de impuestos provinciales, as\u00ed como l\u00edneas de financiamiento, son algunos de los pedidos de 11&hellip;","og_url":"https:\/\/diariotextual.com\/inicio\/index.php\/2020\/04\/03\/cuarentena-pedido-profesionales-pampeanos-al-gobernador-ziliotto\/","og_site_name":"Diario Textual","article_publisher":"https:\/\/www.facebook.com\/eltextual","article_published_time":"2020-04-03T16:24:25+00:00","article_modified_time":"2020-04-04T14:32:16+00:00","og_image":[{"width":900,"height":507,"url":"https:\/\/diariotextual.com\/inicio\/wp-content\/uploads\/2020\/03\/casadegobierno2020-1.jpg","type":"image\/jpeg"}],"author":"diario3","twitter_card":"summary_large_image","twitter_creator":"@eltextual","twitter_site":"@eltextual","twitter_misc":{"Escrito por":"diario3","Tiempo de lectura":"3 minutos"},"schema":{"@context":"https:\/\/schema.org","@graph":[{"@type":"Article","@id":"https:\/\/diariotextual.com\/inicio\/index.php\/2020\/04\/03\/cuarentena-pedido-profesionales-pampeanos-al-gobernador-ziliotto\/#article","isPartOf":{"@id":"https:\/\/diariotextual.com\/inicio\/index.php\/2020\/04\/03\/cuarentena-pedido-profesionales-pampeanos-al-gobernador-ziliotto\/"},"author":{"name":"diario3","@id":"https:\/\/diariotextual.com\/inicio\/#\/schema\/person\/a1b6f563e0ee944c60f98119389a4d9f"},"headline":"Cuarentena: pedido de profesionales pampeanos al gobernador Ziliotto","datePublished":"2020-04-03T16:24:25+00:00","dateModified":"2020-04-04T14:32:16+00:00","mainEntityOfPage":{"@id":"https:\/\/diariotextual.com\/inicio\/index.php\/2020\/04\/03\/cuarentena-pedido-profesionales-pampeanos-al-gobernador-ziliotto\/"},"wordCount":667,"publisher":{"@id":"https:\/\/diariotextual.com\/inicio\/#organization"},"image":{"@id":"https:\/\/diariotextual.com\/inicio\/index.php\/2020\/04\/03\/cuarentena-pedido-profesionales-pampeanos-al-gobernador-ziliotto\/#primaryimage"},"thumbnailUrl":"https:\/\/diariotextual.com\/inicio\/wp-content\/uploads\/2020\/03\/casadegobierno2020-1.jpg","keywords":["coronavirus","cuarentena"],"articleSection":["A - QUE PASA (al costado)","ECONOMIA"],"inLanguage":"es"},{"@type":"WebPage","@id":"https:\/\/diariotextual.com\/inicio\/index.php\/2020\/04\/03\/cuarentena-pedido-profesionales-pampeanos-al-gobernador-ziliotto\/","url":"https:\/\/diariotextual.com\/inicio\/index.php\/2020\/04\/03\/cuarentena-pedido-profesionales-pampeanos-al-gobernador-ziliotto\/","name":"Cuarentena: pedido de profesionales pampeanos al gobernador Ziliotto - Diario Textual","isPartOf":{"@id":"https:\/\/diariotextual.com\/inicio\/#website"},"primaryImageOfPage":{"@id":"https:\/\/diariotextual.com\/inicio\/index.php\/2020\/04\/03\/cuarentena-pedido-profesionales-pampeanos-al-gobernador-ziliotto\/#primaryimage"},"image":{"@id":"https:\/\/diariotextual.com\/inicio\/index.php\/2020\/04\/03\/cuarentena-pedido-profesionales-pampeanos-al-gobernador-ziliotto\/#primaryimage"},"thumbnailUrl":"https:\/\/diariotextual.com\/inicio\/wp-content\/uploads\/2020\/03\/casadegobierno2020-1.jpg","datePublished":"2020-04-03T16:24:25+00:00","dateModified":"2020-04-04T14:32:16+00:00","breadcrumb":{"@id":"https:\/\/diariotextual.com\/inicio\/index.php\/2020\/04\/03\/cuarentena-pedido-profesionales-pampeanos-al-gobernador-ziliotto\/#breadcrumb"},"inLanguage":"es","potentialAction":[{"@type":"ReadAction","target":["https:\/\/diariotextual.com\/inicio\/index.php\/2020\/04\/03\/cuarentena-pedido-profesionales-pampeanos-al-gobernador-ziliotto\/"]}]},{"@type":"ImageObject","inLanguage":"es","@id":"https:\/\/diariotextual.com\/inicio\/index.php\/2020\/04\/03\/cuarentena-pedido-profesionales-pampeanos-al-gobernador-ziliotto\/#primaryimage","url":"https:\/\/diariotextual.com\/inicio\/wp-content\/uploads\/2020\/03\/casadegobierno2020-1.jpg","contentUrl":"https:\/\/diariotextual.com\/inicio\/wp-content\/uploads\/2020\/03\/casadegobierno2020-1.jpg","width":900,"height":507},{"@type":"BreadcrumbList","@id":"https:\/\/diariotextual.com\/inicio\/index.php\/2020\/04\/03\/cuarentena-pedido-profesionales-pampeanos-al-gobernador-ziliotto\/#breadcrumb","itemListElement":[{"@type":"ListItem","position":1,"name":"Portada","item":"https:\/\/diariotextual.com\/inicio\/"},{"@type":"ListItem","position":2,"name":"Cuarentena: pedido de profesionales pampeanos al gobernador Ziliotto"}]},{"@type":"WebSite","@id":"https:\/\/diariotextual.com\/inicio\/#website","url":"https:\/\/diariotextual.com\/inicio\/","name":"Diario Textual","description":"","publisher":{"@id":"https:\/\/diariotextual.com\/inicio\/#organization"},"potentialAction":[{"@type":"SearchAction","target":{"@type":"EntryPoint","urlTemplate":"https:\/\/diariotextual.com\/inicio\/?s={search_term_string}"},"query-input":{"@type":"PropertyValueSpecification","valueRequired":true,"valueName":"search_term_string"}}],"inLanguage":"es"},{"@type":"Organization","@id":"https:\/\/diariotextual.com\/inicio\/#organization","name":"Diario Textual","url":"https:\/\/diariotextual.com\/inicio\/","logo":{"@type":"ImageObject","inLanguage":"es","@id":"https:\/\/diariotextual.com\/inicio\/#\/schema\/logo\/image\/","url":"https:\/\/diariotextual.com\/inicio\/wp-content\/uploads\/2023\/05\/logotextual1.jpg","contentUrl":"https:\/\/diariotextual.com\/inicio\/wp-content\/uploads\/2023\/05\/logotextual1.jpg","width":516,"height":76,"caption":"Diario Textual"},"image":{"@id":"https:\/\/diariotextual.com\/inicio\/#\/schema\/logo\/image\/"},"sameAs":["https:\/\/www.facebook.com\/eltextual","https:\/\/x.com\/eltextual","http:\/\/www.instagram.com\/eltextual"]},{"@type":"Person","@id":"https:\/\/diariotextual.com\/inicio\/#\/schema\/person\/a1b6f563e0ee944c60f98119389a4d9f","name":"diario3","image":{"@type":"ImageObject","inLanguage":"es","@id":"https:\/\/secure.gravatar.com\/avatar\/5e7ee62c82fc04d9dd79d746a390d93c69c43223e5faeeb3ea9461ef752bfc5d?s=96&d=mm&r=g","url":"https:\/\/secure.gravatar.com\/avatar\/5e7ee62c82fc04d9dd79d746a390d93c69c43223e5faeeb3ea9461ef752bfc5d?s=96&d=mm&r=g","contentUrl":"https:\/\/secure.gravatar.com\/avatar\/5e7ee62c82fc04d9dd79d746a390d93c69c43223e5faeeb3ea9461ef752bfc5d?s=96&d=mm&r=g","caption":"diario3"},"url":"https:\/\/diariotextual.com\/inicio\/index.php\/author\/diario3\/"}]}},"_links":{"self":[{"href":"https:\/\/diariotextual.com\/inicio\/index.php\/wp-json\/wp\/v2\/posts\/87341","targetHints":{"allow":["GET"]}}],"collection":[{"href":"https:\/\/diariotextual.com\/inicio\/index.php\/wp-json\/wp\/v2\/posts"}],"about":[{"href":"https:\/\/diariotextual.com\/inicio\/index.php\/wp-json\/wp\/v2\/types\/post"}],"author":[{"embeddable":true,"href":"https:\/\/diariotextual.com\/inicio\/index.php\/wp-json\/wp\/v2\/users\/5"}],"replies":[{"embeddable":true,"href":"https:\/\/diariotextual.com\/inicio\/index.php\/wp-json\/wp\/v2\/comments?post=87341"}],"version-history":[{"count":3,"href":"https:\/\/diariotextual.com\/inicio\/index.php\/wp-json\/wp\/v2\/posts\/87341\/revisions"}],"predecessor-version":[{"id":87355,"href":"https:\/\/diariotextual.com\/inicio\/index.php\/wp-json\/wp\/v2\/posts\/87341\/revisions\/87355"}],"wp:featuredmedia":[{"embeddable":true,"href":"https:\/\/diariotextual.com\/inicio\/index.php\/wp-json\/wp\/v2\/media\/86343"}],"wp:attachment":[{"href":"https:\/\/diariotextual.com\/inicio\/index.php\/wp-json\/wp\/v2\/media?parent=87341"}],"wp:term":[{"taxonomy":"category","embeddable":true,"href":"https:\/\/diariotextual.com\/inicio\/index.php\/wp-json\/wp\/v2\/categories?post=87341"},{"taxonomy":"post_tag","embeddable":true,"href":"https:\/\/diariotextual.com\/inicio\/index.php\/wp-json\/wp\/v2\/tags?post=87341"}],"curies":[{"name":"wp","href":"https:\/\/api.w.org\/{rel}","templated":true}]}}