{"id":87379,"date":"2020-04-03T15:01:23","date_gmt":"2020-04-03T18:01:23","guid":{"rendered":"http:\/\/diariotextual.com\/inicio\/?p=87379"},"modified":"2020-04-03T18:57:51","modified_gmt":"2020-04-03T21:57:51","slug":"gobernador-dijo-no-se-sabe-cuando-volveran-las-clases","status":"publish","type":"post","link":"https:\/\/diariotextual.com\/inicio\/index.php\/2020\/04\/03\/gobernador-dijo-no-se-sabe-cuando-volveran-las-clases\/","title":{"rendered":"El gobernador dijo que no se sabe cu\u00e1ndo se reiniciar\u00e1n las clases"},"content":{"rendered":"<p>El gobernador <strong>Sergio Ziliotto<\/strong> dijo que<strong> no se sabe cu\u00e1ndo se reiniciar\u00e1n clases<\/strong>, suspendidas por la pandemia de coronavirus. \u00abNo hay fecha del regreso de la educaci\u00f3n. El aula es insustituible, la interacci\u00f3n del docente con el alumno no se puede cambiar. Tendremos un panorama cuando se puedan volver a abrir las escuelas. Hoy es uno de los \u00faltimos sectores, en este esquema de apertura de actividades, para que vuelvan a trabajar\u00bb, dijo en declaraciones al Canal CPETv.<\/p>\n<p>&nbsp;<\/p>\n<p><strong>Facturas de luz<\/strong><\/p>\n<p>El gobernador anunci\u00f3 este viernes<a href=\"http:\/\/diariotextual.com\/inicio\/index.php\/2020\/04\/03\/ziliotto-anuncio-la-factura-luz-abril-se-podra-pagar-cuotas-2021\/\" target=\"_blank\" rel=\"noopener\"><strong> la postergaci\u00f3n del pago de la factura de luz de abril para el 56% de los pampeanos<\/strong> <\/a>-que representan los sectores m\u00e1s vulnerables y el sector productivo- quienes podr\u00e1n abonarla en 6 cuotas sin inter\u00e9s durante los primeros seis meses de 2021. Esto significa una erogaci\u00f3n de 60 millones de pesos que el Gobierno provincial afrontar\u00e1 con recursos propios.<\/p>\n<blockquote class=\"wp-embedded-content\" data-secret=\"7BtQCYyNGh\"><p><a href=\"http:\/\/diariotextual.com\/inicio\/index.php\/2020\/04\/03\/ziliotto-anuncio-la-factura-luz-abril-se-podra-pagar-cuotas-2021\/\">Luz: el 56% de los pampeanos pagar\u00e1 la factura de abril en 2021 y sin inter\u00e9s<\/a><\/p><\/blockquote>\n<p><iframe class=\"wp-embedded-content\" sandbox=\"allow-scripts\" security=\"restricted\" style=\"position: absolute; clip: rect(1px, 1px, 1px, 1px);\" src=\"http:\/\/diariotextual.com\/inicio\/index.php\/2020\/04\/03\/ziliotto-anuncio-la-factura-luz-abril-se-podra-pagar-cuotas-2021\/embed\/#?secret=7BtQCYyNGh\" data-secret=\"7BtQCYyNGh\" width=\"600\" height=\"338\" title=\"&#171;Luz: el 56% de los pampeanos pagar\u00e1 la factura de abril en 2021 y sin inter\u00e9s&#187; &#8212; Diario Textual\" frameborder=\"0\" marginwidth=\"0\" marginheight=\"0\" scrolling=\"no\"><\/iframe><\/p>\n<p>La decisi\u00f3n fue tomada por el gobernador Ziliotto en el marco del paquete de medidas implementadas en La Pampa para paliar los efectos econ\u00f3micos que provoca la pandemia del COVID 19, que impactan con mayor severidad a los sectores sociales y econ\u00f3micos m\u00e1s vulnerables de la sociedad pampeana.<\/p>\n<p>&nbsp;<\/p>\n<p><strong>Las finanzas<\/strong><\/p>\n<p>\u00abEstamos anunciando medidas que tienen impacto financiero y despu\u00e9s veremos como recomponemos las finanzas\u00bb, dijo. \u00abTen\u00edamos pensado un andamiaje de instrumentos financieros para generar trabajo, para la industria, pero ahora hay otras prioridades. Hay un compromiso del presidente (Alberto Fern\u00e1ndez) de acompa\u00f1ar. Ha establecido 6.000 millones de pesos de ATN para todas las provincias. El pago del bono de 5.000 pesos para salud y seguridad es aportado por Naci\u00f3n. Cuando pase la emergencia sanitaria nos ocuparemos de las finanzas\u00bb, dijo.<\/p>\n<p>&nbsp;<\/p>\n<p><strong>Sin circulaci\u00f3n comunitaria del nuevo virus<\/strong><\/p>\n<p>Dijo que no hay circulaci\u00f3n comunitaria del Covid-19 en la provincia. \u00abEn La Pampa ha bajado la cantidad de gente que estaba en cuarentena. No tenemos circulaci\u00f3n local de casos. Tenemos tres casos de contagio externo que est\u00e1n en sus domicilios.<br \/>\nHay un acompa\u00f1amiento muy fuerte de la sociedad\u00bb, dijo.<\/p>\n<p>&nbsp;<\/p>\n<p><strong>Denuncias por abusos policiales<\/strong><\/p>\n<p>En 15 d\u00edas de la cuarentena por el coronavirus, entre el 20 de marzo y hoy, hubo\u00a0<strong>2.969 detenidos<\/strong>\u00a0en toda la provincia por violar la\u00a0<strong>cuarententa obligatoria.<\/strong>\u00a0Adem\u00e1s,\u00a0<strong>otros 588 fueron notificados por lo mismo y<\/strong>\u00a0se abrieron\u00a0<strong>3.481 causas penales<\/strong>, informaron desde el \u00e1rea de Relaciones P\u00fablicas de la Polic\u00eda a Diario Textual.<\/p>\n<p>En ese marco, se han conocido denuncias por presuntos abusos policiales a las personas que violan la cuarentnea.\u00a0\u00abHay una normativa que debe tener grises pero esto no garantiza ning\u00fan abuso\u00bb, dijo el gobernador. \u00abNo hemos tenido contemplaci\u00f3n con nadie, hay normativas que cumplir, con funcionarios, con efectivos policiales que fueron apartados (en General Acha). Vamos a hacer cumplir la ley dentro de un marco de derecho\u00bb.<\/p>\n<p>&nbsp;<\/p>\n<p><strong>Colas en los bancos<\/strong><\/p>\n<p><strong>Este viernes se observaron numerosas colas en los bancos: directamente se rompi\u00f3 la cuarentena.<\/strong> La situaci\u00f3n gener\u00f3 cuestionamientos del propio gobernador\u00a0\u00a0dijo que ocurri\u00f3 porque las entidades bancarias permanecieron cerradas desde que se dict\u00f3 el Aislamiento Social Preventivo y Obligatorio. \u00abNosotros\u00a0<strong>se lo pedimos al d\u00eda siguiente que deb\u00eda haber una atenci\u00f3n al sector de los jubilados<\/strong>\u00a0porque no tienen una tarjeta de d\u00e9bito, es parte de su vida ir una vez por mes a los bancos a cobrar. Esto se pudo haber evitado\u00bb, reconoci\u00f3. \u00ab<strong>Yo no comulgo con eso de prohibir todo para que la gente cumpla<\/strong>; es parte de la responsabilidad social, mucha gente que no estaba comprendida para que vaya al sistema bancario seguramente ha ido\u00bb, asegur\u00f3 en di\u00e1logo con<strong>\u00a0CPETv<\/strong>.<\/p>\n<blockquote class=\"wp-embedded-content\" data-secret=\"cDVZoeF308\"><p><a href=\"http:\/\/diariotextual.com\/inicio\/index.php\/2020\/04\/03\/cuarentena-pedido-profesionales-pampeanos-al-gobernador-ziliotto\/\">Cuarentena: pedido de profesionales pampeanos al gobernador Ziliotto<\/a><\/p><\/blockquote>\n<p><iframe class=\"wp-embedded-content\" sandbox=\"allow-scripts\" security=\"restricted\" style=\"position: absolute; clip: rect(1px, 1px, 1px, 1px);\" src=\"http:\/\/diariotextual.com\/inicio\/index.php\/2020\/04\/03\/cuarentena-pedido-profesionales-pampeanos-al-gobernador-ziliotto\/embed\/#?secret=cDVZoeF308\" data-secret=\"cDVZoeF308\" width=\"600\" height=\"338\" title=\"&#171;Cuarentena: pedido de profesionales pampeanos al gobernador Ziliotto&#187; &#8212; Diario Textual\" frameborder=\"0\" marginwidth=\"0\" marginheight=\"0\" scrolling=\"no\"><\/iframe><\/p>\n<p>&nbsp;<\/p>\n<p>&nbsp;<\/p>\n","protected":false},"excerpt":{"rendered":"<p>El gobernador Sergio Ziliotto dijo que no se sabe cu\u00e1ndo se reiniciar\u00e1n clases, suspendidas por la pandemia de coronavirus. \u00abNo hay fecha del regreso de la educaci\u00f3n. El aula es&hellip;<\/p>\n","protected":false},"author":3,"featured_media":501,"comment_status":"closed","ping_status":"open","sticky":false,"template":"","format":"standard","meta":{"_acf_changed":false,"footnotes":""},"categories":[11,12],"tags":[991,2662,2853],"class_list":["post-87379","post","type-post","status-publish","format-standard","has-post-thumbnail","hentry","category-que-pasa","category-sociedad","tag-clases","tag-coronavirus","tag-cuarentena"],"acf":[],"yoast_head":"<!-- This site is optimized with the Yoast SEO plugin v27.5 - https:\/\/yoast.com\/product\/yoast-seo-wordpress\/ -->\n<title>El gobernador dijo que no se sabe cu\u00e1ndo se reiniciar\u00e1n las clases - Diario Textual<\/title>\n<meta name=\"robots\" content=\"index, follow, max-snippet:-1, max-image-preview:large, max-video-preview:-1\" \/>\n<link rel=\"canonical\" href=\"https:\/\/diariotextual.com\/inicio\/index.php\/2020\/04\/03\/gobernador-dijo-no-se-sabe-cuando-volveran-las-clases\/\" \/>\n<meta property=\"og:locale\" content=\"es_ES\" \/>\n<meta property=\"og:type\" content=\"article\" \/>\n<meta property=\"og:title\" content=\"El gobernador dijo que no se sabe cu\u00e1ndo se reiniciar\u00e1n las clases - Diario Textual\" \/>\n<meta property=\"og:description\" content=\"El gobernador Sergio Ziliotto dijo que no se sabe cu\u00e1ndo se reiniciar\u00e1n clases, suspendidas por la pandemia de coronavirus. \u00abNo hay fecha del regreso de la educaci\u00f3n. El aula es&hellip;\" \/>\n<meta property=\"og:url\" content=\"https:\/\/diariotextual.com\/inicio\/index.php\/2020\/04\/03\/gobernador-dijo-no-se-sabe-cuando-volveran-las-clases\/\" \/>\n<meta property=\"og:site_name\" content=\"Diario Textual\" \/>\n<meta property=\"article:publisher\" content=\"https:\/\/www.facebook.com\/eltextual\" \/>\n<meta property=\"article:published_time\" content=\"2020-04-03T18:01:23+00:00\" \/>\n<meta property=\"article:modified_time\" content=\"2020-04-03T21:57:51+00:00\" \/>\n<meta property=\"og:image\" content=\"https:\/\/diariotextual.com\/inicio\/wp-content\/uploads\/2018\/03\/aulasescuelastelam72.jpg\" \/>\n\t<meta property=\"og:image:width\" content=\"699\" \/>\n\t<meta property=\"og:image:height\" content=\"428\" \/>\n\t<meta property=\"og:image:type\" content=\"image\/jpeg\" \/>\n<meta name=\"author\" content=\"Diario1 Diario1\" \/>\n<meta name=\"twitter:card\" content=\"summary_large_image\" \/>\n<meta name=\"twitter:creator\" content=\"@eltextual\" \/>\n<meta name=\"twitter:site\" content=\"@eltextual\" \/>\n<meta name=\"twitter:label1\" content=\"Escrito por\" \/>\n\t<meta name=\"twitter:data1\" content=\"Diario1 Diario1\" \/>\n\t<meta name=\"twitter:label2\" content=\"Tiempo de lectura\" \/>\n\t<meta name=\"twitter:data2\" content=\"3 minutos\" \/>\n<script type=\"application\/ld+json\" class=\"yoast-schema-graph\">{\"@context\":\"https:\\\/\\\/schema.org\",\"@graph\":[{\"@type\":\"Article\",\"@id\":\"https:\\\/\\\/diariotextual.com\\\/inicio\\\/index.php\\\/2020\\\/04\\\/03\\\/gobernador-dijo-no-se-sabe-cuando-volveran-las-clases\\\/#article\",\"isPartOf\":{\"@id\":\"https:\\\/\\\/diariotextual.com\\\/inicio\\\/index.php\\\/2020\\\/04\\\/03\\\/gobernador-dijo-no-se-sabe-cuando-volveran-las-clases\\\/\"},\"author\":{\"name\":\"Diario1 Diario1\",\"@id\":\"https:\\\/\\\/diariotextual.com\\\/inicio\\\/#\\\/schema\\\/person\\\/418fc4093c33e86ed41562db3508f958\"},\"headline\":\"El gobernador dijo que no se sabe cu\u00e1ndo se reiniciar\u00e1n las clases\",\"datePublished\":\"2020-04-03T18:01:23+00:00\",\"dateModified\":\"2020-04-03T21:57:51+00:00\",\"mainEntityOfPage\":{\"@id\":\"https:\\\/\\\/diariotextual.com\\\/inicio\\\/index.php\\\/2020\\\/04\\\/03\\\/gobernador-dijo-no-se-sabe-cuando-volveran-las-clases\\\/\"},\"wordCount\":643,\"publisher\":{\"@id\":\"https:\\\/\\\/diariotextual.com\\\/inicio\\\/#organization\"},\"image\":{\"@id\":\"https:\\\/\\\/diariotextual.com\\\/inicio\\\/index.php\\\/2020\\\/04\\\/03\\\/gobernador-dijo-no-se-sabe-cuando-volveran-las-clases\\\/#primaryimage\"},\"thumbnailUrl\":\"https:\\\/\\\/diariotextual.com\\\/inicio\\\/wp-content\\\/uploads\\\/2018\\\/03\\\/aulasescuelastelam72.jpg\",\"keywords\":[\"clases\",\"coronavirus\",\"cuarentena\"],\"articleSection\":[\"A - QUE PASA (al costado)\",\"SOCIEDAD\"],\"inLanguage\":\"es\"},{\"@type\":\"WebPage\",\"@id\":\"https:\\\/\\\/diariotextual.com\\\/inicio\\\/index.php\\\/2020\\\/04\\\/03\\\/gobernador-dijo-no-se-sabe-cuando-volveran-las-clases\\\/\",\"url\":\"https:\\\/\\\/diariotextual.com\\\/inicio\\\/index.php\\\/2020\\\/04\\\/03\\\/gobernador-dijo-no-se-sabe-cuando-volveran-las-clases\\\/\",\"name\":\"El gobernador dijo que no se sabe cu\u00e1ndo se reiniciar\u00e1n las clases - Diario Textual\",\"isPartOf\":{\"@id\":\"https:\\\/\\\/diariotextual.com\\\/inicio\\\/#website\"},\"primaryImageOfPage\":{\"@id\":\"https:\\\/\\\/diariotextual.com\\\/inicio\\\/index.php\\\/2020\\\/04\\\/03\\\/gobernador-dijo-no-se-sabe-cuando-volveran-las-clases\\\/#primaryimage\"},\"image\":{\"@id\":\"https:\\\/\\\/diariotextual.com\\\/inicio\\\/index.php\\\/2020\\\/04\\\/03\\\/gobernador-dijo-no-se-sabe-cuando-volveran-las-clases\\\/#primaryimage\"},\"thumbnailUrl\":\"https:\\\/\\\/diariotextual.com\\\/inicio\\\/wp-content\\\/uploads\\\/2018\\\/03\\\/aulasescuelastelam72.jpg\",\"datePublished\":\"2020-04-03T18:01:23+00:00\",\"dateModified\":\"2020-04-03T21:57:51+00:00\",\"breadcrumb\":{\"@id\":\"https:\\\/\\\/diariotextual.com\\\/inicio\\\/index.php\\\/2020\\\/04\\\/03\\\/gobernador-dijo-no-se-sabe-cuando-volveran-las-clases\\\/#breadcrumb\"},\"inLanguage\":\"es\",\"potentialAction\":[{\"@type\":\"ReadAction\",\"target\":[\"https:\\\/\\\/diariotextual.com\\\/inicio\\\/index.php\\\/2020\\\/04\\\/03\\\/gobernador-dijo-no-se-sabe-cuando-volveran-las-clases\\\/\"]}]},{\"@type\":\"ImageObject\",\"inLanguage\":\"es\",\"@id\":\"https:\\\/\\\/diariotextual.com\\\/inicio\\\/index.php\\\/2020\\\/04\\\/03\\\/gobernador-dijo-no-se-sabe-cuando-volveran-las-clases\\\/#primaryimage\",\"url\":\"https:\\\/\\\/diariotextual.com\\\/inicio\\\/wp-content\\\/uploads\\\/2018\\\/03\\\/aulasescuelastelam72.jpg\",\"contentUrl\":\"https:\\\/\\\/diariotextual.com\\\/inicio\\\/wp-content\\\/uploads\\\/2018\\\/03\\\/aulasescuelastelam72.jpg\",\"width\":699,\"height\":428},{\"@type\":\"BreadcrumbList\",\"@id\":\"https:\\\/\\\/diariotextual.com\\\/inicio\\\/index.php\\\/2020\\\/04\\\/03\\\/gobernador-dijo-no-se-sabe-cuando-volveran-las-clases\\\/#breadcrumb\",\"itemListElement\":[{\"@type\":\"ListItem\",\"position\":1,\"name\":\"Portada\",\"item\":\"https:\\\/\\\/diariotextual.com\\\/inicio\\\/\"},{\"@type\":\"ListItem\",\"position\":2,\"name\":\"El gobernador dijo que no se sabe cu\u00e1ndo se reiniciar\u00e1n las clases\"}]},{\"@type\":\"WebSite\",\"@id\":\"https:\\\/\\\/diariotextual.com\\\/inicio\\\/#website\",\"url\":\"https:\\\/\\\/diariotextual.com\\\/inicio\\\/\",\"name\":\"Diario Textual\",\"description\":\"\",\"publisher\":{\"@id\":\"https:\\\/\\\/diariotextual.com\\\/inicio\\\/#organization\"},\"potentialAction\":[{\"@type\":\"SearchAction\",\"target\":{\"@type\":\"EntryPoint\",\"urlTemplate\":\"https:\\\/\\\/diariotextual.com\\\/inicio\\\/?s={search_term_string}\"},\"query-input\":{\"@type\":\"PropertyValueSpecification\",\"valueRequired\":true,\"valueName\":\"search_term_string\"}}],\"inLanguage\":\"es\"},{\"@type\":\"Organization\",\"@id\":\"https:\\\/\\\/diariotextual.com\\\/inicio\\\/#organization\",\"name\":\"Diario Textual\",\"url\":\"https:\\\/\\\/diariotextual.com\\\/inicio\\\/\",\"logo\":{\"@type\":\"ImageObject\",\"inLanguage\":\"es\",\"@id\":\"https:\\\/\\\/diariotextual.com\\\/inicio\\\/#\\\/schema\\\/logo\\\/image\\\/\",\"url\":\"https:\\\/\\\/diariotextual.com\\\/inicio\\\/wp-content\\\/uploads\\\/2023\\\/05\\\/logotextual1.jpg\",\"contentUrl\":\"https:\\\/\\\/diariotextual.com\\\/inicio\\\/wp-content\\\/uploads\\\/2023\\\/05\\\/logotextual1.jpg\",\"width\":516,\"height\":76,\"caption\":\"Diario Textual\"},\"image\":{\"@id\":\"https:\\\/\\\/diariotextual.com\\\/inicio\\\/#\\\/schema\\\/logo\\\/image\\\/\"},\"sameAs\":[\"https:\\\/\\\/www.facebook.com\\\/eltextual\",\"https:\\\/\\\/x.com\\\/eltextual\",\"http:\\\/\\\/www.instagram.com\\\/eltextual\"]},{\"@type\":\"Person\",\"@id\":\"https:\\\/\\\/diariotextual.com\\\/inicio\\\/#\\\/schema\\\/person\\\/418fc4093c33e86ed41562db3508f958\",\"name\":\"Diario1 Diario1\",\"image\":{\"@type\":\"ImageObject\",\"inLanguage\":\"es\",\"@id\":\"https:\\\/\\\/secure.gravatar.com\\\/avatar\\\/9167d280179c85bc18be67aa7eda765854300033af4896dd779b608640f2ef7a?s=96&d=mm&r=g\",\"url\":\"https:\\\/\\\/secure.gravatar.com\\\/avatar\\\/9167d280179c85bc18be67aa7eda765854300033af4896dd779b608640f2ef7a?s=96&d=mm&r=g\",\"contentUrl\":\"https:\\\/\\\/secure.gravatar.com\\\/avatar\\\/9167d280179c85bc18be67aa7eda765854300033af4896dd779b608640f2ef7a?s=96&d=mm&r=g\",\"caption\":\"Diario1 Diario1\"},\"url\":\"https:\\\/\\\/diariotextual.com\\\/inicio\\\/index.php\\\/author\\\/diario1\\\/\"}]}<\/script>\n<!-- \/ Yoast SEO plugin. -->","yoast_head_json":{"title":"El gobernador dijo que no se sabe cu\u00e1ndo se reiniciar\u00e1n las clases - Diario Textual","robots":{"index":"index","follow":"follow","max-snippet":"max-snippet:-1","max-image-preview":"max-image-preview:large","max-video-preview":"max-video-preview:-1"},"canonical":"https:\/\/diariotextual.com\/inicio\/index.php\/2020\/04\/03\/gobernador-dijo-no-se-sabe-cuando-volveran-las-clases\/","og_locale":"es_ES","og_type":"article","og_title":"El gobernador dijo que no se sabe cu\u00e1ndo se reiniciar\u00e1n las clases - Diario Textual","og_description":"El gobernador Sergio Ziliotto dijo que no se sabe cu\u00e1ndo se reiniciar\u00e1n clases, suspendidas por la pandemia de coronavirus. \u00abNo hay fecha del regreso de la educaci\u00f3n. El aula es&hellip;","og_url":"https:\/\/diariotextual.com\/inicio\/index.php\/2020\/04\/03\/gobernador-dijo-no-se-sabe-cuando-volveran-las-clases\/","og_site_name":"Diario Textual","article_publisher":"https:\/\/www.facebook.com\/eltextual","article_published_time":"2020-04-03T18:01:23+00:00","article_modified_time":"2020-04-03T21:57:51+00:00","og_image":[{"width":699,"height":428,"url":"https:\/\/diariotextual.com\/inicio\/wp-content\/uploads\/2018\/03\/aulasescuelastelam72.jpg","type":"image\/jpeg"}],"author":"Diario1 Diario1","twitter_card":"summary_large_image","twitter_creator":"@eltextual","twitter_site":"@eltextual","twitter_misc":{"Escrito por":"Diario1 Diario1","Tiempo de lectura":"3 minutos"},"schema":{"@context":"https:\/\/schema.org","@graph":[{"@type":"Article","@id":"https:\/\/diariotextual.com\/inicio\/index.php\/2020\/04\/03\/gobernador-dijo-no-se-sabe-cuando-volveran-las-clases\/#article","isPartOf":{"@id":"https:\/\/diariotextual.com\/inicio\/index.php\/2020\/04\/03\/gobernador-dijo-no-se-sabe-cuando-volveran-las-clases\/"},"author":{"name":"Diario1 Diario1","@id":"https:\/\/diariotextual.com\/inicio\/#\/schema\/person\/418fc4093c33e86ed41562db3508f958"},"headline":"El gobernador dijo que no se sabe cu\u00e1ndo se reiniciar\u00e1n las clases","datePublished":"2020-04-03T18:01:23+00:00","dateModified":"2020-04-03T21:57:51+00:00","mainEntityOfPage":{"@id":"https:\/\/diariotextual.com\/inicio\/index.php\/2020\/04\/03\/gobernador-dijo-no-se-sabe-cuando-volveran-las-clases\/"},"wordCount":643,"publisher":{"@id":"https:\/\/diariotextual.com\/inicio\/#organization"},"image":{"@id":"https:\/\/diariotextual.com\/inicio\/index.php\/2020\/04\/03\/gobernador-dijo-no-se-sabe-cuando-volveran-las-clases\/#primaryimage"},"thumbnailUrl":"https:\/\/diariotextual.com\/inicio\/wp-content\/uploads\/2018\/03\/aulasescuelastelam72.jpg","keywords":["clases","coronavirus","cuarentena"],"articleSection":["A - QUE PASA (al costado)","SOCIEDAD"],"inLanguage":"es"},{"@type":"WebPage","@id":"https:\/\/diariotextual.com\/inicio\/index.php\/2020\/04\/03\/gobernador-dijo-no-se-sabe-cuando-volveran-las-clases\/","url":"https:\/\/diariotextual.com\/inicio\/index.php\/2020\/04\/03\/gobernador-dijo-no-se-sabe-cuando-volveran-las-clases\/","name":"El gobernador dijo que no se sabe cu\u00e1ndo se reiniciar\u00e1n las clases - Diario Textual","isPartOf":{"@id":"https:\/\/diariotextual.com\/inicio\/#website"},"primaryImageOfPage":{"@id":"https:\/\/diariotextual.com\/inicio\/index.php\/2020\/04\/03\/gobernador-dijo-no-se-sabe-cuando-volveran-las-clases\/#primaryimage"},"image":{"@id":"https:\/\/diariotextual.com\/inicio\/index.php\/2020\/04\/03\/gobernador-dijo-no-se-sabe-cuando-volveran-las-clases\/#primaryimage"},"thumbnailUrl":"https:\/\/diariotextual.com\/inicio\/wp-content\/uploads\/2018\/03\/aulasescuelastelam72.jpg","datePublished":"2020-04-03T18:01:23+00:00","dateModified":"2020-04-03T21:57:51+00:00","breadcrumb":{"@id":"https:\/\/diariotextual.com\/inicio\/index.php\/2020\/04\/03\/gobernador-dijo-no-se-sabe-cuando-volveran-las-clases\/#breadcrumb"},"inLanguage":"es","potentialAction":[{"@type":"ReadAction","target":["https:\/\/diariotextual.com\/inicio\/index.php\/2020\/04\/03\/gobernador-dijo-no-se-sabe-cuando-volveran-las-clases\/"]}]},{"@type":"ImageObject","inLanguage":"es","@id":"https:\/\/diariotextual.com\/inicio\/index.php\/2020\/04\/03\/gobernador-dijo-no-se-sabe-cuando-volveran-las-clases\/#primaryimage","url":"https:\/\/diariotextual.com\/inicio\/wp-content\/uploads\/2018\/03\/aulasescuelastelam72.jpg","contentUrl":"https:\/\/diariotextual.com\/inicio\/wp-content\/uploads\/2018\/03\/aulasescuelastelam72.jpg","width":699,"height":428},{"@type":"BreadcrumbList","@id":"https:\/\/diariotextual.com\/inicio\/index.php\/2020\/04\/03\/gobernador-dijo-no-se-sabe-cuando-volveran-las-clases\/#breadcrumb","itemListElement":[{"@type":"ListItem","position":1,"name":"Portada","item":"https:\/\/diariotextual.com\/inicio\/"},{"@type":"ListItem","position":2,"name":"El gobernador dijo que no se sabe cu\u00e1ndo se reiniciar\u00e1n las clases"}]},{"@type":"WebSite","@id":"https:\/\/diariotextual.com\/inicio\/#website","url":"https:\/\/diariotextual.com\/inicio\/","name":"Diario Textual","description":"","publisher":{"@id":"https:\/\/diariotextual.com\/inicio\/#organization"},"potentialAction":[{"@type":"SearchAction","target":{"@type":"EntryPoint","urlTemplate":"https:\/\/diariotextual.com\/inicio\/?s={search_term_string}"},"query-input":{"@type":"PropertyValueSpecification","valueRequired":true,"valueName":"search_term_string"}}],"inLanguage":"es"},{"@type":"Organization","@id":"https:\/\/diariotextual.com\/inicio\/#organization","name":"Diario Textual","url":"https:\/\/diariotextual.com\/inicio\/","logo":{"@type":"ImageObject","inLanguage":"es","@id":"https:\/\/diariotextual.com\/inicio\/#\/schema\/logo\/image\/","url":"https:\/\/diariotextual.com\/inicio\/wp-content\/uploads\/2023\/05\/logotextual1.jpg","contentUrl":"https:\/\/diariotextual.com\/inicio\/wp-content\/uploads\/2023\/05\/logotextual1.jpg","width":516,"height":76,"caption":"Diario Textual"},"image":{"@id":"https:\/\/diariotextual.com\/inicio\/#\/schema\/logo\/image\/"},"sameAs":["https:\/\/www.facebook.com\/eltextual","https:\/\/x.com\/eltextual","http:\/\/www.instagram.com\/eltextual"]},{"@type":"Person","@id":"https:\/\/diariotextual.com\/inicio\/#\/schema\/person\/418fc4093c33e86ed41562db3508f958","name":"Diario1 Diario1","image":{"@type":"ImageObject","inLanguage":"es","@id":"https:\/\/secure.gravatar.com\/avatar\/9167d280179c85bc18be67aa7eda765854300033af4896dd779b608640f2ef7a?s=96&d=mm&r=g","url":"https:\/\/secure.gravatar.com\/avatar\/9167d280179c85bc18be67aa7eda765854300033af4896dd779b608640f2ef7a?s=96&d=mm&r=g","contentUrl":"https:\/\/secure.gravatar.com\/avatar\/9167d280179c85bc18be67aa7eda765854300033af4896dd779b608640f2ef7a?s=96&d=mm&r=g","caption":"Diario1 Diario1"},"url":"https:\/\/diariotextual.com\/inicio\/index.php\/author\/diario1\/"}]}},"_links":{"self":[{"href":"https:\/\/diariotextual.com\/inicio\/index.php\/wp-json\/wp\/v2\/posts\/87379","targetHints":{"allow":["GET"]}}],"collection":[{"href":"https:\/\/diariotextual.com\/inicio\/index.php\/wp-json\/wp\/v2\/posts"}],"about":[{"href":"https:\/\/diariotextual.com\/inicio\/index.php\/wp-json\/wp\/v2\/types\/post"}],"author":[{"embeddable":true,"href":"https:\/\/diariotextual.com\/inicio\/index.php\/wp-json\/wp\/v2\/users\/3"}],"replies":[{"embeddable":true,"href":"https:\/\/diariotextual.com\/inicio\/index.php\/wp-json\/wp\/v2\/comments?post=87379"}],"version-history":[{"count":2,"href":"https:\/\/diariotextual.com\/inicio\/index.php\/wp-json\/wp\/v2\/posts\/87379\/revisions"}],"predecessor-version":[{"id":87381,"href":"https:\/\/diariotextual.com\/inicio\/index.php\/wp-json\/wp\/v2\/posts\/87379\/revisions\/87381"}],"wp:featuredmedia":[{"embeddable":true,"href":"https:\/\/diariotextual.com\/inicio\/index.php\/wp-json\/wp\/v2\/media\/501"}],"wp:attachment":[{"href":"https:\/\/diariotextual.com\/inicio\/index.php\/wp-json\/wp\/v2\/media?parent=87379"}],"wp:term":[{"taxonomy":"category","embeddable":true,"href":"https:\/\/diariotextual.com\/inicio\/index.php\/wp-json\/wp\/v2\/categories?post=87379"},{"taxonomy":"post_tag","embeddable":true,"href":"https:\/\/diariotextual.com\/inicio\/index.php\/wp-json\/wp\/v2\/tags?post=87379"}],"curies":[{"name":"wp","href":"https:\/\/api.w.org\/{rel}","templated":true}]}}