{"id":87836,"date":"2020-04-06T14:48:35","date_gmt":"2020-04-06T17:48:35","guid":{"rendered":"http:\/\/diariotextual.com\/inicio\/?p=87836"},"modified":"2020-04-06T20:14:58","modified_gmt":"2020-04-06T23:14:58","slug":"gobierno-admitio-pago-precios-del-mercado-la-compra-masiva-alimentos","status":"publish","type":"post","link":"https:\/\/diariotextual.com\/inicio\/index.php\/2020\/04\/06\/gobierno-admitio-pago-precios-del-mercado-la-compra-masiva-alimentos\/","title":{"rendered":"El Gobierno admiti\u00f3 que pag\u00f3 precios por encima del mercado en la compra masiva de alimentos"},"content":{"rendered":"<p>Este lunes se publicaron en el Bolet\u00edn Oficial varias resoluciones del Ministerio de Desarrollo Social donde se autorizaba la compra masiva de alimentos b\u00e1sicos para abastecer a los sectores m\u00e1s vulnerables en el marco de la epidemia del coronavirus. Sin embargo,<strong> los precios que se detallaron est\u00e1n hasta un 37% por encima de los incluidos en Precios Cuidados y son m\u00e1s altos que los de las primeras marcas de cada categor\u00eda.<\/strong><\/p>\n<p>Es el caso de las compras de aceite, az\u00facar y arroz. El Gobierno admiti\u00f3 que pag\u00f3 precios m\u00e1s altos por estos productos y lo justific\u00f3 por la urgencia para concretar las compras. \u201cEn los casos de aceite y az\u00facar, los proveedores cotizaron por encima del precio testigo y se les solicit\u00f3 una mejora de precio. Las ofertas posteriores siguieron por arriba del precio, pero ante la necesidad de llegar a comedores y merenderos con esos productos que forman parte de la canasta b\u00e1sica, se decidi\u00f3 realizar la compra\u201d, explic\u00f3<strong> Daniel Arroyo<\/strong>, ministro de Desarrollo Social.<\/p>\n<p>Por el aceite, el Gobierno autoriz\u00f3 compras por $164 millones a las empresas Sol Ganadera, Copacabana y Teylem, que ofrecieron precios por aceites mezcla de 1,5 litros de $157,80, $158,67 y $166,58 para las marcas Indigo, Casaliva, Ideal y Marolio. En los supermercados, un aceite de girasol de primera marca, como Cocinero, se vende a $145,79. Es decir que el precio que se autoriz\u00f3 a pagar es un 14% m\u00e1s caro.<\/p>\n<p>Si se comprara con los productos de Precios Cuidados, en tanto, la diferencia es a\u00fan mayor. En la lista de precios elaborada por el Gobierno, se encuentran los aceites con las marcas Cada D\u00eda e Ideal a un precio de $121 cada una, tambi\u00e9n en presentaci\u00f3n de 1,5 litros. La diferencia es de 37,6%.<\/p>\n<p>&nbsp;<\/p>\n<p>&nbsp;<\/p>\n<p>&nbsp;<\/p>\n<p>&nbsp;<\/p>\n<p>&nbsp;<\/p>\n<p>&nbsp;<\/p>\n","protected":false},"excerpt":{"rendered":"<p>Este lunes se publicaron en el Bolet\u00edn Oficial varias resoluciones del Ministerio de Desarrollo Social donde se autorizaba la compra masiva de alimentos b\u00e1sicos para abastecer a los sectores m\u00e1s&hellip;<\/p>\n","protected":false},"author":3,"featured_media":65658,"comment_status":"closed","ping_status":"open","sticky":false,"template":"","format":"standard","meta":{"_acf_changed":false,"footnotes":""},"categories":[1,11,5],"tags":[],"class_list":["post-87836","post","type-post","status-publish","format-standard","has-post-thumbnail","hentry","category-es-noticia","category-que-pasa","category-economia"],"acf":[],"yoast_head":"<!-- This site is optimized with the Yoast SEO plugin v27.5 - https:\/\/yoast.com\/product\/yoast-seo-wordpress\/ -->\n<title>El Gobierno admiti\u00f3 que pag\u00f3 precios por encima del mercado en la compra masiva de alimentos - Diario Textual<\/title>\n<meta name=\"robots\" content=\"index, follow, max-snippet:-1, max-image-preview:large, max-video-preview:-1\" \/>\n<link rel=\"canonical\" href=\"https:\/\/diariotextual.com\/inicio\/index.php\/2020\/04\/06\/gobierno-admitio-pago-precios-del-mercado-la-compra-masiva-alimentos\/\" \/>\n<meta property=\"og:locale\" content=\"es_ES\" \/>\n<meta property=\"og:type\" content=\"article\" \/>\n<meta property=\"og:title\" content=\"El Gobierno admiti\u00f3 que pag\u00f3 precios por encima del mercado en la compra masiva de alimentos - Diario Textual\" \/>\n<meta property=\"og:description\" content=\"Este lunes se publicaron en el Bolet\u00edn Oficial varias resoluciones del Ministerio de Desarrollo Social donde se autorizaba la compra masiva de alimentos b\u00e1sicos para abastecer a los sectores m\u00e1s&hellip;\" \/>\n<meta property=\"og:url\" content=\"https:\/\/diariotextual.com\/inicio\/index.php\/2020\/04\/06\/gobierno-admitio-pago-precios-del-mercado-la-compra-masiva-alimentos\/\" \/>\n<meta property=\"og:site_name\" content=\"Diario Textual\" \/>\n<meta property=\"article:publisher\" content=\"https:\/\/www.facebook.com\/eltextual\" \/>\n<meta property=\"article:published_time\" content=\"2020-04-06T17:48:35+00:00\" \/>\n<meta property=\"article:modified_time\" content=\"2020-04-06T23:14:58+00:00\" \/>\n<meta property=\"og:image\" content=\"https:\/\/diariotextual.com\/inicio\/wp-content\/uploads\/2019\/10\/arroyodaniel77.jpg\" \/>\n\t<meta property=\"og:image:width\" content=\"960\" \/>\n\t<meta property=\"og:image:height\" content=\"640\" \/>\n\t<meta property=\"og:image:type\" content=\"image\/jpeg\" \/>\n<meta name=\"author\" content=\"Diario1 Diario1\" \/>\n<meta name=\"twitter:card\" content=\"summary_large_image\" \/>\n<meta name=\"twitter:creator\" content=\"@eltextual\" \/>\n<meta name=\"twitter:site\" content=\"@eltextual\" \/>\n<meta name=\"twitter:label1\" content=\"Escrito por\" \/>\n\t<meta name=\"twitter:data1\" content=\"Diario1 Diario1\" \/>\n\t<meta name=\"twitter:label2\" content=\"Tiempo de lectura\" \/>\n\t<meta name=\"twitter:data2\" content=\"2 minutos\" \/>\n<script type=\"application\/ld+json\" class=\"yoast-schema-graph\">{\"@context\":\"https:\\\/\\\/schema.org\",\"@graph\":[{\"@type\":\"Article\",\"@id\":\"https:\\\/\\\/diariotextual.com\\\/inicio\\\/index.php\\\/2020\\\/04\\\/06\\\/gobierno-admitio-pago-precios-del-mercado-la-compra-masiva-alimentos\\\/#article\",\"isPartOf\":{\"@id\":\"https:\\\/\\\/diariotextual.com\\\/inicio\\\/index.php\\\/2020\\\/04\\\/06\\\/gobierno-admitio-pago-precios-del-mercado-la-compra-masiva-alimentos\\\/\"},\"author\":{\"name\":\"Diario1 Diario1\",\"@id\":\"https:\\\/\\\/diariotextual.com\\\/inicio\\\/#\\\/schema\\\/person\\\/418fc4093c33e86ed41562db3508f958\"},\"headline\":\"El Gobierno admiti\u00f3 que pag\u00f3 precios por encima del mercado en la compra masiva de alimentos\",\"datePublished\":\"2020-04-06T17:48:35+00:00\",\"dateModified\":\"2020-04-06T23:14:58+00:00\",\"mainEntityOfPage\":{\"@id\":\"https:\\\/\\\/diariotextual.com\\\/inicio\\\/index.php\\\/2020\\\/04\\\/06\\\/gobierno-admitio-pago-precios-del-mercado-la-compra-masiva-alimentos\\\/\"},\"wordCount\":317,\"publisher\":{\"@id\":\"https:\\\/\\\/diariotextual.com\\\/inicio\\\/#organization\"},\"image\":{\"@id\":\"https:\\\/\\\/diariotextual.com\\\/inicio\\\/index.php\\\/2020\\\/04\\\/06\\\/gobierno-admitio-pago-precios-del-mercado-la-compra-masiva-alimentos\\\/#primaryimage\"},\"thumbnailUrl\":\"https:\\\/\\\/diariotextual.com\\\/inicio\\\/wp-content\\\/uploads\\\/2019\\\/10\\\/arroyodaniel77.jpg\",\"articleSection\":[\"A - ES NOTICIA (van abajo)\",\"A - QUE PASA (al costado)\",\"ECONOMIA\"],\"inLanguage\":\"es\"},{\"@type\":\"WebPage\",\"@id\":\"https:\\\/\\\/diariotextual.com\\\/inicio\\\/index.php\\\/2020\\\/04\\\/06\\\/gobierno-admitio-pago-precios-del-mercado-la-compra-masiva-alimentos\\\/\",\"url\":\"https:\\\/\\\/diariotextual.com\\\/inicio\\\/index.php\\\/2020\\\/04\\\/06\\\/gobierno-admitio-pago-precios-del-mercado-la-compra-masiva-alimentos\\\/\",\"name\":\"El Gobierno admiti\u00f3 que pag\u00f3 precios por encima del mercado en la compra masiva de alimentos - Diario Textual\",\"isPartOf\":{\"@id\":\"https:\\\/\\\/diariotextual.com\\\/inicio\\\/#website\"},\"primaryImageOfPage\":{\"@id\":\"https:\\\/\\\/diariotextual.com\\\/inicio\\\/index.php\\\/2020\\\/04\\\/06\\\/gobierno-admitio-pago-precios-del-mercado-la-compra-masiva-alimentos\\\/#primaryimage\"},\"image\":{\"@id\":\"https:\\\/\\\/diariotextual.com\\\/inicio\\\/index.php\\\/2020\\\/04\\\/06\\\/gobierno-admitio-pago-precios-del-mercado-la-compra-masiva-alimentos\\\/#primaryimage\"},\"thumbnailUrl\":\"https:\\\/\\\/diariotextual.com\\\/inicio\\\/wp-content\\\/uploads\\\/2019\\\/10\\\/arroyodaniel77.jpg\",\"datePublished\":\"2020-04-06T17:48:35+00:00\",\"dateModified\":\"2020-04-06T23:14:58+00:00\",\"breadcrumb\":{\"@id\":\"https:\\\/\\\/diariotextual.com\\\/inicio\\\/index.php\\\/2020\\\/04\\\/06\\\/gobierno-admitio-pago-precios-del-mercado-la-compra-masiva-alimentos\\\/#breadcrumb\"},\"inLanguage\":\"es\",\"potentialAction\":[{\"@type\":\"ReadAction\",\"target\":[\"https:\\\/\\\/diariotextual.com\\\/inicio\\\/index.php\\\/2020\\\/04\\\/06\\\/gobierno-admitio-pago-precios-del-mercado-la-compra-masiva-alimentos\\\/\"]}]},{\"@type\":\"ImageObject\",\"inLanguage\":\"es\",\"@id\":\"https:\\\/\\\/diariotextual.com\\\/inicio\\\/index.php\\\/2020\\\/04\\\/06\\\/gobierno-admitio-pago-precios-del-mercado-la-compra-masiva-alimentos\\\/#primaryimage\",\"url\":\"https:\\\/\\\/diariotextual.com\\\/inicio\\\/wp-content\\\/uploads\\\/2019\\\/10\\\/arroyodaniel77.jpg\",\"contentUrl\":\"https:\\\/\\\/diariotextual.com\\\/inicio\\\/wp-content\\\/uploads\\\/2019\\\/10\\\/arroyodaniel77.jpg\",\"width\":960,\"height\":640},{\"@type\":\"BreadcrumbList\",\"@id\":\"https:\\\/\\\/diariotextual.com\\\/inicio\\\/index.php\\\/2020\\\/04\\\/06\\\/gobierno-admitio-pago-precios-del-mercado-la-compra-masiva-alimentos\\\/#breadcrumb\",\"itemListElement\":[{\"@type\":\"ListItem\",\"position\":1,\"name\":\"Portada\",\"item\":\"https:\\\/\\\/diariotextual.com\\\/inicio\\\/\"},{\"@type\":\"ListItem\",\"position\":2,\"name\":\"El Gobierno admiti\u00f3 que pag\u00f3 precios por encima del mercado en la compra masiva de alimentos\"}]},{\"@type\":\"WebSite\",\"@id\":\"https:\\\/\\\/diariotextual.com\\\/inicio\\\/#website\",\"url\":\"https:\\\/\\\/diariotextual.com\\\/inicio\\\/\",\"name\":\"Diario Textual\",\"description\":\"\",\"publisher\":{\"@id\":\"https:\\\/\\\/diariotextual.com\\\/inicio\\\/#organization\"},\"potentialAction\":[{\"@type\":\"SearchAction\",\"target\":{\"@type\":\"EntryPoint\",\"urlTemplate\":\"https:\\\/\\\/diariotextual.com\\\/inicio\\\/?s={search_term_string}\"},\"query-input\":{\"@type\":\"PropertyValueSpecification\",\"valueRequired\":true,\"valueName\":\"search_term_string\"}}],\"inLanguage\":\"es\"},{\"@type\":\"Organization\",\"@id\":\"https:\\\/\\\/diariotextual.com\\\/inicio\\\/#organization\",\"name\":\"Diario Textual\",\"url\":\"https:\\\/\\\/diariotextual.com\\\/inicio\\\/\",\"logo\":{\"@type\":\"ImageObject\",\"inLanguage\":\"es\",\"@id\":\"https:\\\/\\\/diariotextual.com\\\/inicio\\\/#\\\/schema\\\/logo\\\/image\\\/\",\"url\":\"https:\\\/\\\/diariotextual.com\\\/inicio\\\/wp-content\\\/uploads\\\/2023\\\/05\\\/logotextual1.jpg\",\"contentUrl\":\"https:\\\/\\\/diariotextual.com\\\/inicio\\\/wp-content\\\/uploads\\\/2023\\\/05\\\/logotextual1.jpg\",\"width\":516,\"height\":76,\"caption\":\"Diario Textual\"},\"image\":{\"@id\":\"https:\\\/\\\/diariotextual.com\\\/inicio\\\/#\\\/schema\\\/logo\\\/image\\\/\"},\"sameAs\":[\"https:\\\/\\\/www.facebook.com\\\/eltextual\",\"https:\\\/\\\/x.com\\\/eltextual\",\"http:\\\/\\\/www.instagram.com\\\/eltextual\"]},{\"@type\":\"Person\",\"@id\":\"https:\\\/\\\/diariotextual.com\\\/inicio\\\/#\\\/schema\\\/person\\\/418fc4093c33e86ed41562db3508f958\",\"name\":\"Diario1 Diario1\",\"image\":{\"@type\":\"ImageObject\",\"inLanguage\":\"es\",\"@id\":\"https:\\\/\\\/secure.gravatar.com\\\/avatar\\\/9167d280179c85bc18be67aa7eda765854300033af4896dd779b608640f2ef7a?s=96&d=mm&r=g\",\"url\":\"https:\\\/\\\/secure.gravatar.com\\\/avatar\\\/9167d280179c85bc18be67aa7eda765854300033af4896dd779b608640f2ef7a?s=96&d=mm&r=g\",\"contentUrl\":\"https:\\\/\\\/secure.gravatar.com\\\/avatar\\\/9167d280179c85bc18be67aa7eda765854300033af4896dd779b608640f2ef7a?s=96&d=mm&r=g\",\"caption\":\"Diario1 Diario1\"},\"url\":\"https:\\\/\\\/diariotextual.com\\\/inicio\\\/index.php\\\/author\\\/diario1\\\/\"}]}<\/script>\n<!-- \/ Yoast SEO plugin. -->","yoast_head_json":{"title":"El Gobierno admiti\u00f3 que pag\u00f3 precios por encima del mercado en la compra masiva de alimentos - Diario Textual","robots":{"index":"index","follow":"follow","max-snippet":"max-snippet:-1","max-image-preview":"max-image-preview:large","max-video-preview":"max-video-preview:-1"},"canonical":"https:\/\/diariotextual.com\/inicio\/index.php\/2020\/04\/06\/gobierno-admitio-pago-precios-del-mercado-la-compra-masiva-alimentos\/","og_locale":"es_ES","og_type":"article","og_title":"El Gobierno admiti\u00f3 que pag\u00f3 precios por encima del mercado en la compra masiva de alimentos - Diario Textual","og_description":"Este lunes se publicaron en el Bolet\u00edn Oficial varias resoluciones del Ministerio de Desarrollo Social donde se autorizaba la compra masiva de alimentos b\u00e1sicos para abastecer a los sectores m\u00e1s&hellip;","og_url":"https:\/\/diariotextual.com\/inicio\/index.php\/2020\/04\/06\/gobierno-admitio-pago-precios-del-mercado-la-compra-masiva-alimentos\/","og_site_name":"Diario Textual","article_publisher":"https:\/\/www.facebook.com\/eltextual","article_published_time":"2020-04-06T17:48:35+00:00","article_modified_time":"2020-04-06T23:14:58+00:00","og_image":[{"width":960,"height":640,"url":"https:\/\/diariotextual.com\/inicio\/wp-content\/uploads\/2019\/10\/arroyodaniel77.jpg","type":"image\/jpeg"}],"author":"Diario1 Diario1","twitter_card":"summary_large_image","twitter_creator":"@eltextual","twitter_site":"@eltextual","twitter_misc":{"Escrito por":"Diario1 Diario1","Tiempo de lectura":"2 minutos"},"schema":{"@context":"https:\/\/schema.org","@graph":[{"@type":"Article","@id":"https:\/\/diariotextual.com\/inicio\/index.php\/2020\/04\/06\/gobierno-admitio-pago-precios-del-mercado-la-compra-masiva-alimentos\/#article","isPartOf":{"@id":"https:\/\/diariotextual.com\/inicio\/index.php\/2020\/04\/06\/gobierno-admitio-pago-precios-del-mercado-la-compra-masiva-alimentos\/"},"author":{"name":"Diario1 Diario1","@id":"https:\/\/diariotextual.com\/inicio\/#\/schema\/person\/418fc4093c33e86ed41562db3508f958"},"headline":"El Gobierno admiti\u00f3 que pag\u00f3 precios por encima del mercado en la compra masiva de alimentos","datePublished":"2020-04-06T17:48:35+00:00","dateModified":"2020-04-06T23:14:58+00:00","mainEntityOfPage":{"@id":"https:\/\/diariotextual.com\/inicio\/index.php\/2020\/04\/06\/gobierno-admitio-pago-precios-del-mercado-la-compra-masiva-alimentos\/"},"wordCount":317,"publisher":{"@id":"https:\/\/diariotextual.com\/inicio\/#organization"},"image":{"@id":"https:\/\/diariotextual.com\/inicio\/index.php\/2020\/04\/06\/gobierno-admitio-pago-precios-del-mercado-la-compra-masiva-alimentos\/#primaryimage"},"thumbnailUrl":"https:\/\/diariotextual.com\/inicio\/wp-content\/uploads\/2019\/10\/arroyodaniel77.jpg","articleSection":["A - ES NOTICIA (van abajo)","A - QUE PASA (al costado)","ECONOMIA"],"inLanguage":"es"},{"@type":"WebPage","@id":"https:\/\/diariotextual.com\/inicio\/index.php\/2020\/04\/06\/gobierno-admitio-pago-precios-del-mercado-la-compra-masiva-alimentos\/","url":"https:\/\/diariotextual.com\/inicio\/index.php\/2020\/04\/06\/gobierno-admitio-pago-precios-del-mercado-la-compra-masiva-alimentos\/","name":"El Gobierno admiti\u00f3 que pag\u00f3 precios por encima del mercado en la compra masiva de alimentos - Diario Textual","isPartOf":{"@id":"https:\/\/diariotextual.com\/inicio\/#website"},"primaryImageOfPage":{"@id":"https:\/\/diariotextual.com\/inicio\/index.php\/2020\/04\/06\/gobierno-admitio-pago-precios-del-mercado-la-compra-masiva-alimentos\/#primaryimage"},"image":{"@id":"https:\/\/diariotextual.com\/inicio\/index.php\/2020\/04\/06\/gobierno-admitio-pago-precios-del-mercado-la-compra-masiva-alimentos\/#primaryimage"},"thumbnailUrl":"https:\/\/diariotextual.com\/inicio\/wp-content\/uploads\/2019\/10\/arroyodaniel77.jpg","datePublished":"2020-04-06T17:48:35+00:00","dateModified":"2020-04-06T23:14:58+00:00","breadcrumb":{"@id":"https:\/\/diariotextual.com\/inicio\/index.php\/2020\/04\/06\/gobierno-admitio-pago-precios-del-mercado-la-compra-masiva-alimentos\/#breadcrumb"},"inLanguage":"es","potentialAction":[{"@type":"ReadAction","target":["https:\/\/diariotextual.com\/inicio\/index.php\/2020\/04\/06\/gobierno-admitio-pago-precios-del-mercado-la-compra-masiva-alimentos\/"]}]},{"@type":"ImageObject","inLanguage":"es","@id":"https:\/\/diariotextual.com\/inicio\/index.php\/2020\/04\/06\/gobierno-admitio-pago-precios-del-mercado-la-compra-masiva-alimentos\/#primaryimage","url":"https:\/\/diariotextual.com\/inicio\/wp-content\/uploads\/2019\/10\/arroyodaniel77.jpg","contentUrl":"https:\/\/diariotextual.com\/inicio\/wp-content\/uploads\/2019\/10\/arroyodaniel77.jpg","width":960,"height":640},{"@type":"BreadcrumbList","@id":"https:\/\/diariotextual.com\/inicio\/index.php\/2020\/04\/06\/gobierno-admitio-pago-precios-del-mercado-la-compra-masiva-alimentos\/#breadcrumb","itemListElement":[{"@type":"ListItem","position":1,"name":"Portada","item":"https:\/\/diariotextual.com\/inicio\/"},{"@type":"ListItem","position":2,"name":"El Gobierno admiti\u00f3 que pag\u00f3 precios por encima del mercado en la compra masiva de alimentos"}]},{"@type":"WebSite","@id":"https:\/\/diariotextual.com\/inicio\/#website","url":"https:\/\/diariotextual.com\/inicio\/","name":"Diario Textual","description":"","publisher":{"@id":"https:\/\/diariotextual.com\/inicio\/#organization"},"potentialAction":[{"@type":"SearchAction","target":{"@type":"EntryPoint","urlTemplate":"https:\/\/diariotextual.com\/inicio\/?s={search_term_string}"},"query-input":{"@type":"PropertyValueSpecification","valueRequired":true,"valueName":"search_term_string"}}],"inLanguage":"es"},{"@type":"Organization","@id":"https:\/\/diariotextual.com\/inicio\/#organization","name":"Diario Textual","url":"https:\/\/diariotextual.com\/inicio\/","logo":{"@type":"ImageObject","inLanguage":"es","@id":"https:\/\/diariotextual.com\/inicio\/#\/schema\/logo\/image\/","url":"https:\/\/diariotextual.com\/inicio\/wp-content\/uploads\/2023\/05\/logotextual1.jpg","contentUrl":"https:\/\/diariotextual.com\/inicio\/wp-content\/uploads\/2023\/05\/logotextual1.jpg","width":516,"height":76,"caption":"Diario Textual"},"image":{"@id":"https:\/\/diariotextual.com\/inicio\/#\/schema\/logo\/image\/"},"sameAs":["https:\/\/www.facebook.com\/eltextual","https:\/\/x.com\/eltextual","http:\/\/www.instagram.com\/eltextual"]},{"@type":"Person","@id":"https:\/\/diariotextual.com\/inicio\/#\/schema\/person\/418fc4093c33e86ed41562db3508f958","name":"Diario1 Diario1","image":{"@type":"ImageObject","inLanguage":"es","@id":"https:\/\/secure.gravatar.com\/avatar\/9167d280179c85bc18be67aa7eda765854300033af4896dd779b608640f2ef7a?s=96&d=mm&r=g","url":"https:\/\/secure.gravatar.com\/avatar\/9167d280179c85bc18be67aa7eda765854300033af4896dd779b608640f2ef7a?s=96&d=mm&r=g","contentUrl":"https:\/\/secure.gravatar.com\/avatar\/9167d280179c85bc18be67aa7eda765854300033af4896dd779b608640f2ef7a?s=96&d=mm&r=g","caption":"Diario1 Diario1"},"url":"https:\/\/diariotextual.com\/inicio\/index.php\/author\/diario1\/"}]}},"_links":{"self":[{"href":"https:\/\/diariotextual.com\/inicio\/index.php\/wp-json\/wp\/v2\/posts\/87836","targetHints":{"allow":["GET"]}}],"collection":[{"href":"https:\/\/diariotextual.com\/inicio\/index.php\/wp-json\/wp\/v2\/posts"}],"about":[{"href":"https:\/\/diariotextual.com\/inicio\/index.php\/wp-json\/wp\/v2\/types\/post"}],"author":[{"embeddable":true,"href":"https:\/\/diariotextual.com\/inicio\/index.php\/wp-json\/wp\/v2\/users\/3"}],"replies":[{"embeddable":true,"href":"https:\/\/diariotextual.com\/inicio\/index.php\/wp-json\/wp\/v2\/comments?post=87836"}],"version-history":[{"count":2,"href":"https:\/\/diariotextual.com\/inicio\/index.php\/wp-json\/wp\/v2\/posts\/87836\/revisions"}],"predecessor-version":[{"id":87838,"href":"https:\/\/diariotextual.com\/inicio\/index.php\/wp-json\/wp\/v2\/posts\/87836\/revisions\/87838"}],"wp:featuredmedia":[{"embeddable":true,"href":"https:\/\/diariotextual.com\/inicio\/index.php\/wp-json\/wp\/v2\/media\/65658"}],"wp:attachment":[{"href":"https:\/\/diariotextual.com\/inicio\/index.php\/wp-json\/wp\/v2\/media?parent=87836"}],"wp:term":[{"taxonomy":"category","embeddable":true,"href":"https:\/\/diariotextual.com\/inicio\/index.php\/wp-json\/wp\/v2\/categories?post=87836"},{"taxonomy":"post_tag","embeddable":true,"href":"https:\/\/diariotextual.com\/inicio\/index.php\/wp-json\/wp\/v2\/tags?post=87836"}],"curies":[{"name":"wp","href":"https:\/\/api.w.org\/{rel}","templated":true}]}}