{"id":88071,"date":"2020-04-07T20:23:55","date_gmt":"2020-04-07T23:23:55","guid":{"rendered":"http:\/\/diariotextual.com\/inicio\/?p=88071"},"modified":"2020-04-07T20:23:55","modified_gmt":"2020-04-07T23:23:55","slug":"las-propuestas-la-camara-argentina-comercio-al-gobierno-nacional","status":"publish","type":"post","link":"https:\/\/diariotextual.com\/inicio\/index.php\/2020\/04\/07\/las-propuestas-la-camara-argentina-comercio-al-gobierno-nacional\/","title":{"rendered":"Las propuestas de la C\u00e1mara Argentina de Comercio al Gobierno Nacional"},"content":{"rendered":"<p>Dirigentes de la C\u00e1mara Argentina de la Comercio (CAC) junto a la Uni\u00f3n Industrial Argentina mantuvieron un encuentro con funcionarios nacionales, donde <strong>elevaron una serie de medidas para salir de manera \u201cgradual\u201d de la cuarentena.<\/strong><\/p>\n<p><!--more--><\/p>\n<p>La <strong>CAC comparte con la UIA la preocupaci\u00f3n por la implementaci\u00f3n de medidas que preserven el capital de trabajo y prevengan la ruptura de la cadena de pagos<\/strong>, entre otros reclamos.<\/p>\n<p>Seg\u00fan un documento elaborado por la CAC, <strong>es necesario un \u201caislamiento social selectivo\u201d que permita una reactivaci\u00f3n gradual y selectiva de las actividades econ\u00f3micas<\/strong>, evitando excesos de circulaci\u00f3n en la v\u00eda p\u00fablica y aglomeraciones, conforme a las restricciones que surjan en materia sanitaria.<\/p>\n<p>La secuencia paulatina podr\u00eda incluir los <strong>siguientes puntos de acuerdo a la propuesta de la CAC:<\/strong><\/p>\n<p>&#8211;<strong>Combinar la comercializaci\u00f3n por internet (e-commerce) con el delivery<\/strong> realizado por los propios comercios, independientemente de las empresas de log\u00edstica y la apertura de comercios.<\/p>\n<p>&#8211;<strong>Estudiar la experiencia actual desarrollada en los hiper y supermercados, en los distribuidores mayoristas, en las farmacias y sectores vinculados con la salud, as\u00ed como los negocios de proximidad<\/strong>, en provisi\u00f3n de alimentos, elementos de limpieza y sanitarios, valiosa por el \u00e9xito obtenido.<\/p>\n<p>&#8211;<strong>Diferenciar territorialmente (seg\u00fan el nivel de riesgo) y por la magnitud del conglomerado urbano que determina sustanciales diferencias de circulaci\u00f3n, los sectores y territorios.<\/strong> Establecer pautas para la apertura en funci\u00f3n de distancias, transporte, nivel de riesgo territorial y sectorial, concentraci\u00f3n urbana, etc.<\/p>\n<p>&#8211;<strong>Intensificar los tests de control, vincul\u00e1ndolos a la apertura de las actividades.<\/strong><\/p>\n<p>&#8211;<strong>Estructurar horarios y extensi\u00f3n de las actividades para evitar aglomeraciones y picos de movimiento.<\/strong> La suspensi\u00f3n de clases y de la administraci\u00f3n p\u00fablica, de por s\u00ed, limita el uso del transporte de manera importante.<\/p>\n<p>&#8211;<strong>Vedar la asistencia a sus puestos de trabajo de personas mayores de 65 a\u00f1o<\/strong>s<strong> o en situaci\u00f3n de riesgo.<\/strong><\/p>\n<p>-En ese marco, se considera que es factible, con diversas caracter\u00edsticas,<strong> la paulatina habilitaci\u00f3n de las siguientes actividades: Construcci\u00f3n y mantenimiento; Shoppings<\/strong> (sector con importante participaci\u00f3n en el comercio de art\u00edculos de ropa, calzados, l\u00ednea blanca), <strong>restringiendo la cantidad de personal de cada local al 50% y de consumidores en proporci\u00f3n de 1 persona cada 16 m2; Comercios en general, atendiendo con 50% de su personal<\/strong> y permitiendo ingreso gradual de compradores; <strong>Gastronom\u00eda, hasta el 50% de su capacidad<\/strong>, con personal reducido en igual proporci\u00f3n y <strong>Sistema financiero bancario, funcionando en todas sus operatorias,<\/strong> limitando asistencia de personas.<\/p>\n","protected":false},"excerpt":{"rendered":"<p>Dirigentes de la C\u00e1mara Argentina de la Comercio (CAC) junto a la Uni\u00f3n Industrial Argentina mantuvieron un encuentro con funcionarios nacionales, donde elevaron una serie de medidas para salir de&hellip;<\/p>\n","protected":false},"author":5,"featured_media":84580,"comment_status":"closed","ping_status":"open","sticky":false,"template":"","format":"standard","meta":{"_acf_changed":false,"footnotes":""},"categories":[11,5],"tags":[],"class_list":["post-88071","post","type-post","status-publish","format-standard","has-post-thumbnail","hentry","category-que-pasa","category-economia"],"acf":[],"yoast_head":"<!-- This site is optimized with the Yoast SEO plugin v27.5 - https:\/\/yoast.com\/product\/yoast-seo-wordpress\/ -->\n<title>Las propuestas de la C\u00e1mara Argentina de Comercio al Gobierno Nacional - Diario Textual<\/title>\n<meta name=\"robots\" content=\"index, follow, max-snippet:-1, max-image-preview:large, max-video-preview:-1\" \/>\n<link rel=\"canonical\" href=\"https:\/\/diariotextual.com\/inicio\/index.php\/2020\/04\/07\/las-propuestas-la-camara-argentina-comercio-al-gobierno-nacional\/\" \/>\n<meta property=\"og:locale\" content=\"es_ES\" \/>\n<meta property=\"og:type\" content=\"article\" \/>\n<meta property=\"og:title\" content=\"Las propuestas de la C\u00e1mara Argentina de Comercio al Gobierno Nacional - Diario Textual\" \/>\n<meta property=\"og:description\" content=\"Dirigentes de la C\u00e1mara Argentina de la Comercio (CAC) junto a la Uni\u00f3n Industrial Argentina mantuvieron un encuentro con funcionarios nacionales, donde elevaron una serie de medidas para salir de&hellip;\" \/>\n<meta property=\"og:url\" content=\"https:\/\/diariotextual.com\/inicio\/index.php\/2020\/04\/07\/las-propuestas-la-camara-argentina-comercio-al-gobierno-nacional\/\" \/>\n<meta property=\"og:site_name\" content=\"Diario Textual\" \/>\n<meta property=\"article:publisher\" content=\"https:\/\/www.facebook.com\/eltextual\" \/>\n<meta property=\"article:published_time\" content=\"2020-04-07T23:23:55+00:00\" \/>\n<meta property=\"og:image\" content=\"https:\/\/diariotextual.com\/inicio\/wp-content\/uploads\/2020\/03\/coronavirustelam2020-206.jpg\" \/>\n\t<meta property=\"og:image:width\" content=\"5472\" \/>\n\t<meta property=\"og:image:height\" content=\"3640\" \/>\n\t<meta property=\"og:image:type\" content=\"image\/jpeg\" \/>\n<meta name=\"author\" content=\"diario3\" \/>\n<meta name=\"twitter:card\" content=\"summary_large_image\" \/>\n<meta name=\"twitter:creator\" content=\"@eltextual\" \/>\n<meta name=\"twitter:site\" content=\"@eltextual\" \/>\n<meta name=\"twitter:label1\" content=\"Escrito por\" \/>\n\t<meta name=\"twitter:data1\" content=\"diario3\" \/>\n\t<meta name=\"twitter:label2\" content=\"Tiempo de lectura\" \/>\n\t<meta name=\"twitter:data2\" content=\"2 minutos\" \/>\n<script type=\"application\/ld+json\" class=\"yoast-schema-graph\">{\"@context\":\"https:\\\/\\\/schema.org\",\"@graph\":[{\"@type\":\"Article\",\"@id\":\"https:\\\/\\\/diariotextual.com\\\/inicio\\\/index.php\\\/2020\\\/04\\\/07\\\/las-propuestas-la-camara-argentina-comercio-al-gobierno-nacional\\\/#article\",\"isPartOf\":{\"@id\":\"https:\\\/\\\/diariotextual.com\\\/inicio\\\/index.php\\\/2020\\\/04\\\/07\\\/las-propuestas-la-camara-argentina-comercio-al-gobierno-nacional\\\/\"},\"author\":{\"name\":\"diario3\",\"@id\":\"https:\\\/\\\/diariotextual.com\\\/inicio\\\/#\\\/schema\\\/person\\\/a1b6f563e0ee944c60f98119389a4d9f\"},\"headline\":\"Las propuestas de la C\u00e1mara Argentina de Comercio al Gobierno Nacional\",\"datePublished\":\"2020-04-07T23:23:55+00:00\",\"mainEntityOfPage\":{\"@id\":\"https:\\\/\\\/diariotextual.com\\\/inicio\\\/index.php\\\/2020\\\/04\\\/07\\\/las-propuestas-la-camara-argentina-comercio-al-gobierno-nacional\\\/\"},\"wordCount\":439,\"publisher\":{\"@id\":\"https:\\\/\\\/diariotextual.com\\\/inicio\\\/#organization\"},\"image\":{\"@id\":\"https:\\\/\\\/diariotextual.com\\\/inicio\\\/index.php\\\/2020\\\/04\\\/07\\\/las-propuestas-la-camara-argentina-comercio-al-gobierno-nacional\\\/#primaryimage\"},\"thumbnailUrl\":\"https:\\\/\\\/diariotextual.com\\\/inicio\\\/wp-content\\\/uploads\\\/2020\\\/03\\\/coronavirustelam2020-206.jpg\",\"articleSection\":[\"A - QUE PASA (al costado)\",\"ECONOMIA\"],\"inLanguage\":\"es\"},{\"@type\":\"WebPage\",\"@id\":\"https:\\\/\\\/diariotextual.com\\\/inicio\\\/index.php\\\/2020\\\/04\\\/07\\\/las-propuestas-la-camara-argentina-comercio-al-gobierno-nacional\\\/\",\"url\":\"https:\\\/\\\/diariotextual.com\\\/inicio\\\/index.php\\\/2020\\\/04\\\/07\\\/las-propuestas-la-camara-argentina-comercio-al-gobierno-nacional\\\/\",\"name\":\"Las propuestas de la C\u00e1mara Argentina de Comercio al Gobierno Nacional - Diario Textual\",\"isPartOf\":{\"@id\":\"https:\\\/\\\/diariotextual.com\\\/inicio\\\/#website\"},\"primaryImageOfPage\":{\"@id\":\"https:\\\/\\\/diariotextual.com\\\/inicio\\\/index.php\\\/2020\\\/04\\\/07\\\/las-propuestas-la-camara-argentina-comercio-al-gobierno-nacional\\\/#primaryimage\"},\"image\":{\"@id\":\"https:\\\/\\\/diariotextual.com\\\/inicio\\\/index.php\\\/2020\\\/04\\\/07\\\/las-propuestas-la-camara-argentina-comercio-al-gobierno-nacional\\\/#primaryimage\"},\"thumbnailUrl\":\"https:\\\/\\\/diariotextual.com\\\/inicio\\\/wp-content\\\/uploads\\\/2020\\\/03\\\/coronavirustelam2020-206.jpg\",\"datePublished\":\"2020-04-07T23:23:55+00:00\",\"breadcrumb\":{\"@id\":\"https:\\\/\\\/diariotextual.com\\\/inicio\\\/index.php\\\/2020\\\/04\\\/07\\\/las-propuestas-la-camara-argentina-comercio-al-gobierno-nacional\\\/#breadcrumb\"},\"inLanguage\":\"es\",\"potentialAction\":[{\"@type\":\"ReadAction\",\"target\":[\"https:\\\/\\\/diariotextual.com\\\/inicio\\\/index.php\\\/2020\\\/04\\\/07\\\/las-propuestas-la-camara-argentina-comercio-al-gobierno-nacional\\\/\"]}]},{\"@type\":\"ImageObject\",\"inLanguage\":\"es\",\"@id\":\"https:\\\/\\\/diariotextual.com\\\/inicio\\\/index.php\\\/2020\\\/04\\\/07\\\/las-propuestas-la-camara-argentina-comercio-al-gobierno-nacional\\\/#primaryimage\",\"url\":\"https:\\\/\\\/diariotextual.com\\\/inicio\\\/wp-content\\\/uploads\\\/2020\\\/03\\\/coronavirustelam2020-206.jpg\",\"contentUrl\":\"https:\\\/\\\/diariotextual.com\\\/inicio\\\/wp-content\\\/uploads\\\/2020\\\/03\\\/coronavirustelam2020-206.jpg\",\"width\":5472,\"height\":3640,\"caption\":\"Telam 18\\\/03\\\/2020 Buenos Aires: En el marco de las medidas tomadas por el gobierno, la ciudad se encontraba con menos cantidad de gente en las calles, transportes y bares. Foto: Alejandro Santa Cruz\\\/amb\"},{\"@type\":\"BreadcrumbList\",\"@id\":\"https:\\\/\\\/diariotextual.com\\\/inicio\\\/index.php\\\/2020\\\/04\\\/07\\\/las-propuestas-la-camara-argentina-comercio-al-gobierno-nacional\\\/#breadcrumb\",\"itemListElement\":[{\"@type\":\"ListItem\",\"position\":1,\"name\":\"Portada\",\"item\":\"https:\\\/\\\/diariotextual.com\\\/inicio\\\/\"},{\"@type\":\"ListItem\",\"position\":2,\"name\":\"Las propuestas de la C\u00e1mara Argentina de Comercio al Gobierno Nacional\"}]},{\"@type\":\"WebSite\",\"@id\":\"https:\\\/\\\/diariotextual.com\\\/inicio\\\/#website\",\"url\":\"https:\\\/\\\/diariotextual.com\\\/inicio\\\/\",\"name\":\"Diario Textual\",\"description\":\"\",\"publisher\":{\"@id\":\"https:\\\/\\\/diariotextual.com\\\/inicio\\\/#organization\"},\"potentialAction\":[{\"@type\":\"SearchAction\",\"target\":{\"@type\":\"EntryPoint\",\"urlTemplate\":\"https:\\\/\\\/diariotextual.com\\\/inicio\\\/?s={search_term_string}\"},\"query-input\":{\"@type\":\"PropertyValueSpecification\",\"valueRequired\":true,\"valueName\":\"search_term_string\"}}],\"inLanguage\":\"es\"},{\"@type\":\"Organization\",\"@id\":\"https:\\\/\\\/diariotextual.com\\\/inicio\\\/#organization\",\"name\":\"Diario Textual\",\"url\":\"https:\\\/\\\/diariotextual.com\\\/inicio\\\/\",\"logo\":{\"@type\":\"ImageObject\",\"inLanguage\":\"es\",\"@id\":\"https:\\\/\\\/diariotextual.com\\\/inicio\\\/#\\\/schema\\\/logo\\\/image\\\/\",\"url\":\"https:\\\/\\\/diariotextual.com\\\/inicio\\\/wp-content\\\/uploads\\\/2023\\\/05\\\/logotextual1.jpg\",\"contentUrl\":\"https:\\\/\\\/diariotextual.com\\\/inicio\\\/wp-content\\\/uploads\\\/2023\\\/05\\\/logotextual1.jpg\",\"width\":516,\"height\":76,\"caption\":\"Diario Textual\"},\"image\":{\"@id\":\"https:\\\/\\\/diariotextual.com\\\/inicio\\\/#\\\/schema\\\/logo\\\/image\\\/\"},\"sameAs\":[\"https:\\\/\\\/www.facebook.com\\\/eltextual\",\"https:\\\/\\\/x.com\\\/eltextual\",\"http:\\\/\\\/www.instagram.com\\\/eltextual\"]},{\"@type\":\"Person\",\"@id\":\"https:\\\/\\\/diariotextual.com\\\/inicio\\\/#\\\/schema\\\/person\\\/a1b6f563e0ee944c60f98119389a4d9f\",\"name\":\"diario3\",\"image\":{\"@type\":\"ImageObject\",\"inLanguage\":\"es\",\"@id\":\"https:\\\/\\\/secure.gravatar.com\\\/avatar\\\/5e7ee62c82fc04d9dd79d746a390d93c69c43223e5faeeb3ea9461ef752bfc5d?s=96&d=mm&r=g\",\"url\":\"https:\\\/\\\/secure.gravatar.com\\\/avatar\\\/5e7ee62c82fc04d9dd79d746a390d93c69c43223e5faeeb3ea9461ef752bfc5d?s=96&d=mm&r=g\",\"contentUrl\":\"https:\\\/\\\/secure.gravatar.com\\\/avatar\\\/5e7ee62c82fc04d9dd79d746a390d93c69c43223e5faeeb3ea9461ef752bfc5d?s=96&d=mm&r=g\",\"caption\":\"diario3\"},\"url\":\"https:\\\/\\\/diariotextual.com\\\/inicio\\\/index.php\\\/author\\\/diario3\\\/\"}]}<\/script>\n<!-- \/ Yoast SEO plugin. -->","yoast_head_json":{"title":"Las propuestas de la C\u00e1mara Argentina de Comercio al Gobierno Nacional - Diario Textual","robots":{"index":"index","follow":"follow","max-snippet":"max-snippet:-1","max-image-preview":"max-image-preview:large","max-video-preview":"max-video-preview:-1"},"canonical":"https:\/\/diariotextual.com\/inicio\/index.php\/2020\/04\/07\/las-propuestas-la-camara-argentina-comercio-al-gobierno-nacional\/","og_locale":"es_ES","og_type":"article","og_title":"Las propuestas de la C\u00e1mara Argentina de Comercio al Gobierno Nacional - Diario Textual","og_description":"Dirigentes de la C\u00e1mara Argentina de la Comercio (CAC) junto a la Uni\u00f3n Industrial Argentina mantuvieron un encuentro con funcionarios nacionales, donde elevaron una serie de medidas para salir de&hellip;","og_url":"https:\/\/diariotextual.com\/inicio\/index.php\/2020\/04\/07\/las-propuestas-la-camara-argentina-comercio-al-gobierno-nacional\/","og_site_name":"Diario Textual","article_publisher":"https:\/\/www.facebook.com\/eltextual","article_published_time":"2020-04-07T23:23:55+00:00","og_image":[{"width":5472,"height":3640,"url":"https:\/\/diariotextual.com\/inicio\/wp-content\/uploads\/2020\/03\/coronavirustelam2020-206.jpg","type":"image\/jpeg"}],"author":"diario3","twitter_card":"summary_large_image","twitter_creator":"@eltextual","twitter_site":"@eltextual","twitter_misc":{"Escrito por":"diario3","Tiempo de lectura":"2 minutos"},"schema":{"@context":"https:\/\/schema.org","@graph":[{"@type":"Article","@id":"https:\/\/diariotextual.com\/inicio\/index.php\/2020\/04\/07\/las-propuestas-la-camara-argentina-comercio-al-gobierno-nacional\/#article","isPartOf":{"@id":"https:\/\/diariotextual.com\/inicio\/index.php\/2020\/04\/07\/las-propuestas-la-camara-argentina-comercio-al-gobierno-nacional\/"},"author":{"name":"diario3","@id":"https:\/\/diariotextual.com\/inicio\/#\/schema\/person\/a1b6f563e0ee944c60f98119389a4d9f"},"headline":"Las propuestas de la C\u00e1mara Argentina de Comercio al Gobierno Nacional","datePublished":"2020-04-07T23:23:55+00:00","mainEntityOfPage":{"@id":"https:\/\/diariotextual.com\/inicio\/index.php\/2020\/04\/07\/las-propuestas-la-camara-argentina-comercio-al-gobierno-nacional\/"},"wordCount":439,"publisher":{"@id":"https:\/\/diariotextual.com\/inicio\/#organization"},"image":{"@id":"https:\/\/diariotextual.com\/inicio\/index.php\/2020\/04\/07\/las-propuestas-la-camara-argentina-comercio-al-gobierno-nacional\/#primaryimage"},"thumbnailUrl":"https:\/\/diariotextual.com\/inicio\/wp-content\/uploads\/2020\/03\/coronavirustelam2020-206.jpg","articleSection":["A - QUE PASA (al costado)","ECONOMIA"],"inLanguage":"es"},{"@type":"WebPage","@id":"https:\/\/diariotextual.com\/inicio\/index.php\/2020\/04\/07\/las-propuestas-la-camara-argentina-comercio-al-gobierno-nacional\/","url":"https:\/\/diariotextual.com\/inicio\/index.php\/2020\/04\/07\/las-propuestas-la-camara-argentina-comercio-al-gobierno-nacional\/","name":"Las propuestas de la C\u00e1mara Argentina de Comercio al Gobierno Nacional - Diario Textual","isPartOf":{"@id":"https:\/\/diariotextual.com\/inicio\/#website"},"primaryImageOfPage":{"@id":"https:\/\/diariotextual.com\/inicio\/index.php\/2020\/04\/07\/las-propuestas-la-camara-argentina-comercio-al-gobierno-nacional\/#primaryimage"},"image":{"@id":"https:\/\/diariotextual.com\/inicio\/index.php\/2020\/04\/07\/las-propuestas-la-camara-argentina-comercio-al-gobierno-nacional\/#primaryimage"},"thumbnailUrl":"https:\/\/diariotextual.com\/inicio\/wp-content\/uploads\/2020\/03\/coronavirustelam2020-206.jpg","datePublished":"2020-04-07T23:23:55+00:00","breadcrumb":{"@id":"https:\/\/diariotextual.com\/inicio\/index.php\/2020\/04\/07\/las-propuestas-la-camara-argentina-comercio-al-gobierno-nacional\/#breadcrumb"},"inLanguage":"es","potentialAction":[{"@type":"ReadAction","target":["https:\/\/diariotextual.com\/inicio\/index.php\/2020\/04\/07\/las-propuestas-la-camara-argentina-comercio-al-gobierno-nacional\/"]}]},{"@type":"ImageObject","inLanguage":"es","@id":"https:\/\/diariotextual.com\/inicio\/index.php\/2020\/04\/07\/las-propuestas-la-camara-argentina-comercio-al-gobierno-nacional\/#primaryimage","url":"https:\/\/diariotextual.com\/inicio\/wp-content\/uploads\/2020\/03\/coronavirustelam2020-206.jpg","contentUrl":"https:\/\/diariotextual.com\/inicio\/wp-content\/uploads\/2020\/03\/coronavirustelam2020-206.jpg","width":5472,"height":3640,"caption":"Telam 18\/03\/2020 Buenos Aires: En el marco de las medidas tomadas por el gobierno, la ciudad se encontraba con menos cantidad de gente en las calles, transportes y bares. Foto: Alejandro Santa Cruz\/amb"},{"@type":"BreadcrumbList","@id":"https:\/\/diariotextual.com\/inicio\/index.php\/2020\/04\/07\/las-propuestas-la-camara-argentina-comercio-al-gobierno-nacional\/#breadcrumb","itemListElement":[{"@type":"ListItem","position":1,"name":"Portada","item":"https:\/\/diariotextual.com\/inicio\/"},{"@type":"ListItem","position":2,"name":"Las propuestas de la C\u00e1mara Argentina de Comercio al Gobierno Nacional"}]},{"@type":"WebSite","@id":"https:\/\/diariotextual.com\/inicio\/#website","url":"https:\/\/diariotextual.com\/inicio\/","name":"Diario Textual","description":"","publisher":{"@id":"https:\/\/diariotextual.com\/inicio\/#organization"},"potentialAction":[{"@type":"SearchAction","target":{"@type":"EntryPoint","urlTemplate":"https:\/\/diariotextual.com\/inicio\/?s={search_term_string}"},"query-input":{"@type":"PropertyValueSpecification","valueRequired":true,"valueName":"search_term_string"}}],"inLanguage":"es"},{"@type":"Organization","@id":"https:\/\/diariotextual.com\/inicio\/#organization","name":"Diario Textual","url":"https:\/\/diariotextual.com\/inicio\/","logo":{"@type":"ImageObject","inLanguage":"es","@id":"https:\/\/diariotextual.com\/inicio\/#\/schema\/logo\/image\/","url":"https:\/\/diariotextual.com\/inicio\/wp-content\/uploads\/2023\/05\/logotextual1.jpg","contentUrl":"https:\/\/diariotextual.com\/inicio\/wp-content\/uploads\/2023\/05\/logotextual1.jpg","width":516,"height":76,"caption":"Diario Textual"},"image":{"@id":"https:\/\/diariotextual.com\/inicio\/#\/schema\/logo\/image\/"},"sameAs":["https:\/\/www.facebook.com\/eltextual","https:\/\/x.com\/eltextual","http:\/\/www.instagram.com\/eltextual"]},{"@type":"Person","@id":"https:\/\/diariotextual.com\/inicio\/#\/schema\/person\/a1b6f563e0ee944c60f98119389a4d9f","name":"diario3","image":{"@type":"ImageObject","inLanguage":"es","@id":"https:\/\/secure.gravatar.com\/avatar\/5e7ee62c82fc04d9dd79d746a390d93c69c43223e5faeeb3ea9461ef752bfc5d?s=96&d=mm&r=g","url":"https:\/\/secure.gravatar.com\/avatar\/5e7ee62c82fc04d9dd79d746a390d93c69c43223e5faeeb3ea9461ef752bfc5d?s=96&d=mm&r=g","contentUrl":"https:\/\/secure.gravatar.com\/avatar\/5e7ee62c82fc04d9dd79d746a390d93c69c43223e5faeeb3ea9461ef752bfc5d?s=96&d=mm&r=g","caption":"diario3"},"url":"https:\/\/diariotextual.com\/inicio\/index.php\/author\/diario3\/"}]}},"_links":{"self":[{"href":"https:\/\/diariotextual.com\/inicio\/index.php\/wp-json\/wp\/v2\/posts\/88071","targetHints":{"allow":["GET"]}}],"collection":[{"href":"https:\/\/diariotextual.com\/inicio\/index.php\/wp-json\/wp\/v2\/posts"}],"about":[{"href":"https:\/\/diariotextual.com\/inicio\/index.php\/wp-json\/wp\/v2\/types\/post"}],"author":[{"embeddable":true,"href":"https:\/\/diariotextual.com\/inicio\/index.php\/wp-json\/wp\/v2\/users\/5"}],"replies":[{"embeddable":true,"href":"https:\/\/diariotextual.com\/inicio\/index.php\/wp-json\/wp\/v2\/comments?post=88071"}],"version-history":[{"count":1,"href":"https:\/\/diariotextual.com\/inicio\/index.php\/wp-json\/wp\/v2\/posts\/88071\/revisions"}],"predecessor-version":[{"id":88074,"href":"https:\/\/diariotextual.com\/inicio\/index.php\/wp-json\/wp\/v2\/posts\/88071\/revisions\/88074"}],"wp:featuredmedia":[{"embeddable":true,"href":"https:\/\/diariotextual.com\/inicio\/index.php\/wp-json\/wp\/v2\/media\/84580"}],"wp:attachment":[{"href":"https:\/\/diariotextual.com\/inicio\/index.php\/wp-json\/wp\/v2\/media?parent=88071"}],"wp:term":[{"taxonomy":"category","embeddable":true,"href":"https:\/\/diariotextual.com\/inicio\/index.php\/wp-json\/wp\/v2\/categories?post=88071"},{"taxonomy":"post_tag","embeddable":true,"href":"https:\/\/diariotextual.com\/inicio\/index.php\/wp-json\/wp\/v2\/tags?post=88071"}],"curies":[{"name":"wp","href":"https:\/\/api.w.org\/{rel}","templated":true}]}}