{"id":88649,"date":"2020-04-11T09:39:46","date_gmt":"2020-04-11T12:39:46","guid":{"rendered":"http:\/\/diariotextual.com\/inicio\/?p=88649"},"modified":"2020-04-11T18:07:23","modified_gmt":"2020-04-11T21:07:23","slug":"coronavirus-mes-ya-fueron-repatriados-807-pampeanos","status":"publish","type":"post","link":"https:\/\/diariotextual.com\/inicio\/index.php\/2020\/04\/11\/coronavirus-mes-ya-fueron-repatriados-807-pampeanos\/","title":{"rendered":"Coronavirus: en un mes ya fueron repatriados 807 pampeanos"},"content":{"rendered":"<p>El Gobierno nacional inform\u00f3 que <strong>en los \u00faltimos 28 d\u00edas ya fueron repatriados 807 pampeanos<\/strong> que se encontraban varados en diferentes puntos del mundo.<\/p>\n<p>El dato lo dio, en rigor, el presidente Alberto Fern\u00e1ndez anoche, en su conferencia de prensa, cuando\u00a0 mostr\u00f3 gr\u00e1ficos sobre la evoluci\u00f3n del coronavirus Covid-19 y, adem\u00e1s, la cantidad de argentinos que hab\u00edan quedado varados.<\/p>\n<p>En tanto, siempre seg\u00fan los datos de Migraciones, en los \u00faltimos 14 d\u00edas fueron repatriados un total de 92 pampeanos.<\/p>\n<p>Una importante aclaraci\u00f3n: la gran mayor\u00eda se ha tenido que pagar su viaje -tanto en aviones puestos por Naci\u00f3n o en micros o en autos particulares-.<\/p>\n<p>La gran mayor\u00eda, seg\u00fan el Gobierno pampeano, ya hizo la cuarentena estricta de 14 d\u00edas (porque el grueso ingres\u00f3 entre el 20 y el 25 de marzo).<strong> Solo quedan en esa situaci\u00f3n unos 120<\/strong>.<\/p>\n<p>A la fecha La Pampa tiene 5 casos confirmados de Covid-19, todos pacientes con antecedentes de viaje al exterior que se encuentran monitoreados por el equipo de salud.<\/p>\n<p>Las muestras para diagn\u00f3stico de Covid-19 son procesadas por el Laboratorio Central de la Direcci\u00f3n de Epidemiolog\u00eda y el Laboratorio de Microbiolog\u00eda del Hospital Centeno de General Pico, a trav\u00e9s de la t\u00e9cnica PCR en tiempo real.<\/p>\n<p>&nbsp;<\/p>\n<p><img fetchpriority=\"high\" decoding=\"async\" class=\"alignnone wp-image-88650 \" src=\"http:\/\/diariotextual.com\/inicio\/wp-content\/uploads\/2020\/04\/coronavirusrepatriadoslapampainfografia2020-1-1024x573.jpg\" alt=\"\" width=\"791\" height=\"443\" srcset=\"https:\/\/diariotextual.com\/inicio\/wp-content\/uploads\/2020\/04\/coronavirusrepatriadoslapampainfografia2020-1-1024x573.jpg 1024w, https:\/\/diariotextual.com\/inicio\/wp-content\/uploads\/2020\/04\/coronavirusrepatriadoslapampainfografia2020-1-300x168.jpg 300w, https:\/\/diariotextual.com\/inicio\/wp-content\/uploads\/2020\/04\/coronavirusrepatriadoslapampainfografia2020-1-768x429.jpg 768w, https:\/\/diariotextual.com\/inicio\/wp-content\/uploads\/2020\/04\/coronavirusrepatriadoslapampainfografia2020-1-585x327.jpg 585w, https:\/\/diariotextual.com\/inicio\/wp-content\/uploads\/2020\/04\/coronavirusrepatriadoslapampainfografia2020-1.jpg 1039w\" sizes=\"(max-width: 791px) 100vw, 791px\" \/> <img decoding=\"async\" class=\"alignnone wp-image-88651 size-large\" src=\"http:\/\/diariotextual.com\/inicio\/wp-content\/uploads\/2020\/04\/coronavirusinfografiatextual2020-2-1024x571.jpg\" alt=\"\" width=\"1024\" height=\"571\" srcset=\"https:\/\/diariotextual.com\/inicio\/wp-content\/uploads\/2020\/04\/coronavirusinfografiatextual2020-2-1024x571.jpg 1024w, https:\/\/diariotextual.com\/inicio\/wp-content\/uploads\/2020\/04\/coronavirusinfografiatextual2020-2-300x167.jpg 300w, https:\/\/diariotextual.com\/inicio\/wp-content\/uploads\/2020\/04\/coronavirusinfografiatextual2020-2-768x428.jpg 768w, https:\/\/diariotextual.com\/inicio\/wp-content\/uploads\/2020\/04\/coronavirusinfografiatextual2020-2-585x326.jpg 585w, https:\/\/diariotextual.com\/inicio\/wp-content\/uploads\/2020\/04\/coronavirusinfografiatextual2020-2.jpg 1042w\" sizes=\"(max-width: 1024px) 100vw, 1024px\" \/><\/p>\n","protected":false},"excerpt":{"rendered":"<p>El Gobierno nacional inform\u00f3 que en los \u00faltimos 28 d\u00edas ya fueron repatriados 807 pampeanos que se encontraban varados en diferentes puntos del mundo. El dato lo dio, en rigor,&hellip;<\/p>\n","protected":false},"author":3,"featured_media":86029,"comment_status":"closed","ping_status":"open","sticky":false,"template":"","format":"standard","meta":{"_acf_changed":false,"footnotes":""},"categories":[11,319,12],"tags":[2880],"class_list":["post-88649","post","type-post","status-publish","format-standard","has-post-thumbnail","hentry","category-que-pasa","category-a-temporales","category-sociedad","tag-repatriados"],"acf":[],"yoast_head":"<!-- This site is optimized with the Yoast SEO plugin v27.5 - https:\/\/yoast.com\/product\/yoast-seo-wordpress\/ -->\n<title>Coronavirus: en un mes ya fueron repatriados 807 pampeanos - Diario Textual<\/title>\n<meta name=\"robots\" content=\"index, follow, max-snippet:-1, max-image-preview:large, max-video-preview:-1\" \/>\n<link rel=\"canonical\" href=\"https:\/\/diariotextual.com\/inicio\/index.php\/2020\/04\/11\/coronavirus-mes-ya-fueron-repatriados-807-pampeanos\/\" \/>\n<meta property=\"og:locale\" content=\"es_ES\" \/>\n<meta property=\"og:type\" content=\"article\" \/>\n<meta property=\"og:title\" content=\"Coronavirus: en un mes ya fueron repatriados 807 pampeanos - Diario Textual\" \/>\n<meta property=\"og:description\" content=\"El Gobierno nacional inform\u00f3 que en los \u00faltimos 28 d\u00edas ya fueron repatriados 807 pampeanos que se encontraban varados en diferentes puntos del mundo. El dato lo dio, en rigor,&hellip;\" \/>\n<meta property=\"og:url\" content=\"https:\/\/diariotextual.com\/inicio\/index.php\/2020\/04\/11\/coronavirus-mes-ya-fueron-repatriados-807-pampeanos\/\" \/>\n<meta property=\"og:site_name\" content=\"Diario Textual\" \/>\n<meta property=\"article:publisher\" content=\"https:\/\/www.facebook.com\/eltextual\" \/>\n<meta property=\"article:published_time\" content=\"2020-04-11T12:39:46+00:00\" \/>\n<meta property=\"article:modified_time\" content=\"2020-04-11T21:07:23+00:00\" \/>\n<meta property=\"og:image\" content=\"https:\/\/diariotextual.com\/inicio\/wp-content\/uploads\/2020\/03\/coronavirusrepatriadostelam2020-9.jpg\" \/>\n\t<meta property=\"og:image:width\" content=\"1500\" \/>\n\t<meta property=\"og:image:height\" content=\"1000\" \/>\n\t<meta property=\"og:image:type\" content=\"image\/jpeg\" \/>\n<meta name=\"author\" content=\"Diario1 Diario1\" \/>\n<meta name=\"twitter:card\" content=\"summary_large_image\" \/>\n<meta name=\"twitter:creator\" content=\"@eltextual\" \/>\n<meta name=\"twitter:site\" content=\"@eltextual\" \/>\n<meta name=\"twitter:label1\" content=\"Escrito por\" \/>\n\t<meta name=\"twitter:data1\" content=\"Diario1 Diario1\" \/>\n\t<meta name=\"twitter:label2\" content=\"Tiempo de lectura\" \/>\n\t<meta name=\"twitter:data2\" content=\"1 minuto\" \/>\n<script type=\"application\/ld+json\" class=\"yoast-schema-graph\">{\"@context\":\"https:\\\/\\\/schema.org\",\"@graph\":[{\"@type\":\"Article\",\"@id\":\"https:\\\/\\\/diariotextual.com\\\/inicio\\\/index.php\\\/2020\\\/04\\\/11\\\/coronavirus-mes-ya-fueron-repatriados-807-pampeanos\\\/#article\",\"isPartOf\":{\"@id\":\"https:\\\/\\\/diariotextual.com\\\/inicio\\\/index.php\\\/2020\\\/04\\\/11\\\/coronavirus-mes-ya-fueron-repatriados-807-pampeanos\\\/\"},\"author\":{\"name\":\"Diario1 Diario1\",\"@id\":\"https:\\\/\\\/diariotextual.com\\\/inicio\\\/#\\\/schema\\\/person\\\/418fc4093c33e86ed41562db3508f958\"},\"headline\":\"Coronavirus: en un mes ya fueron repatriados 807 pampeanos\",\"datePublished\":\"2020-04-11T12:39:46+00:00\",\"dateModified\":\"2020-04-11T21:07:23+00:00\",\"mainEntityOfPage\":{\"@id\":\"https:\\\/\\\/diariotextual.com\\\/inicio\\\/index.php\\\/2020\\\/04\\\/11\\\/coronavirus-mes-ya-fueron-repatriados-807-pampeanos\\\/\"},\"wordCount\":225,\"publisher\":{\"@id\":\"https:\\\/\\\/diariotextual.com\\\/inicio\\\/#organization\"},\"image\":{\"@id\":\"https:\\\/\\\/diariotextual.com\\\/inicio\\\/index.php\\\/2020\\\/04\\\/11\\\/coronavirus-mes-ya-fueron-repatriados-807-pampeanos\\\/#primaryimage\"},\"thumbnailUrl\":\"https:\\\/\\\/diariotextual.com\\\/inicio\\\/wp-content\\\/uploads\\\/2020\\\/03\\\/coronavirusrepatriadostelam2020-9.jpg\",\"keywords\":[\"repatriados\"],\"articleSection\":[\"A - QUE PASA (al costado)\",\"A - TEMPORALES\",\"SOCIEDAD\"],\"inLanguage\":\"es\"},{\"@type\":\"WebPage\",\"@id\":\"https:\\\/\\\/diariotextual.com\\\/inicio\\\/index.php\\\/2020\\\/04\\\/11\\\/coronavirus-mes-ya-fueron-repatriados-807-pampeanos\\\/\",\"url\":\"https:\\\/\\\/diariotextual.com\\\/inicio\\\/index.php\\\/2020\\\/04\\\/11\\\/coronavirus-mes-ya-fueron-repatriados-807-pampeanos\\\/\",\"name\":\"Coronavirus: en un mes ya fueron repatriados 807 pampeanos - Diario Textual\",\"isPartOf\":{\"@id\":\"https:\\\/\\\/diariotextual.com\\\/inicio\\\/#website\"},\"primaryImageOfPage\":{\"@id\":\"https:\\\/\\\/diariotextual.com\\\/inicio\\\/index.php\\\/2020\\\/04\\\/11\\\/coronavirus-mes-ya-fueron-repatriados-807-pampeanos\\\/#primaryimage\"},\"image\":{\"@id\":\"https:\\\/\\\/diariotextual.com\\\/inicio\\\/index.php\\\/2020\\\/04\\\/11\\\/coronavirus-mes-ya-fueron-repatriados-807-pampeanos\\\/#primaryimage\"},\"thumbnailUrl\":\"https:\\\/\\\/diariotextual.com\\\/inicio\\\/wp-content\\\/uploads\\\/2020\\\/03\\\/coronavirusrepatriadostelam2020-9.jpg\",\"datePublished\":\"2020-04-11T12:39:46+00:00\",\"dateModified\":\"2020-04-11T21:07:23+00:00\",\"breadcrumb\":{\"@id\":\"https:\\\/\\\/diariotextual.com\\\/inicio\\\/index.php\\\/2020\\\/04\\\/11\\\/coronavirus-mes-ya-fueron-repatriados-807-pampeanos\\\/#breadcrumb\"},\"inLanguage\":\"es\",\"potentialAction\":[{\"@type\":\"ReadAction\",\"target\":[\"https:\\\/\\\/diariotextual.com\\\/inicio\\\/index.php\\\/2020\\\/04\\\/11\\\/coronavirus-mes-ya-fueron-repatriados-807-pampeanos\\\/\"]}]},{\"@type\":\"ImageObject\",\"inLanguage\":\"es\",\"@id\":\"https:\\\/\\\/diariotextual.com\\\/inicio\\\/index.php\\\/2020\\\/04\\\/11\\\/coronavirus-mes-ya-fueron-repatriados-807-pampeanos\\\/#primaryimage\",\"url\":\"https:\\\/\\\/diariotextual.com\\\/inicio\\\/wp-content\\\/uploads\\\/2020\\\/03\\\/coronavirusrepatriadostelam2020-9.jpg\",\"contentUrl\":\"https:\\\/\\\/diariotextual.com\\\/inicio\\\/wp-content\\\/uploads\\\/2020\\\/03\\\/coronavirusrepatriadostelam2020-9.jpg\",\"width\":1500,\"height\":1000},{\"@type\":\"BreadcrumbList\",\"@id\":\"https:\\\/\\\/diariotextual.com\\\/inicio\\\/index.php\\\/2020\\\/04\\\/11\\\/coronavirus-mes-ya-fueron-repatriados-807-pampeanos\\\/#breadcrumb\",\"itemListElement\":[{\"@type\":\"ListItem\",\"position\":1,\"name\":\"Portada\",\"item\":\"https:\\\/\\\/diariotextual.com\\\/inicio\\\/\"},{\"@type\":\"ListItem\",\"position\":2,\"name\":\"Coronavirus: en un mes ya fueron repatriados 807 pampeanos\"}]},{\"@type\":\"WebSite\",\"@id\":\"https:\\\/\\\/diariotextual.com\\\/inicio\\\/#website\",\"url\":\"https:\\\/\\\/diariotextual.com\\\/inicio\\\/\",\"name\":\"Diario Textual\",\"description\":\"\",\"publisher\":{\"@id\":\"https:\\\/\\\/diariotextual.com\\\/inicio\\\/#organization\"},\"potentialAction\":[{\"@type\":\"SearchAction\",\"target\":{\"@type\":\"EntryPoint\",\"urlTemplate\":\"https:\\\/\\\/diariotextual.com\\\/inicio\\\/?s={search_term_string}\"},\"query-input\":{\"@type\":\"PropertyValueSpecification\",\"valueRequired\":true,\"valueName\":\"search_term_string\"}}],\"inLanguage\":\"es\"},{\"@type\":\"Organization\",\"@id\":\"https:\\\/\\\/diariotextual.com\\\/inicio\\\/#organization\",\"name\":\"Diario Textual\",\"url\":\"https:\\\/\\\/diariotextual.com\\\/inicio\\\/\",\"logo\":{\"@type\":\"ImageObject\",\"inLanguage\":\"es\",\"@id\":\"https:\\\/\\\/diariotextual.com\\\/inicio\\\/#\\\/schema\\\/logo\\\/image\\\/\",\"url\":\"https:\\\/\\\/diariotextual.com\\\/inicio\\\/wp-content\\\/uploads\\\/2023\\\/05\\\/logotextual1.jpg\",\"contentUrl\":\"https:\\\/\\\/diariotextual.com\\\/inicio\\\/wp-content\\\/uploads\\\/2023\\\/05\\\/logotextual1.jpg\",\"width\":516,\"height\":76,\"caption\":\"Diario Textual\"},\"image\":{\"@id\":\"https:\\\/\\\/diariotextual.com\\\/inicio\\\/#\\\/schema\\\/logo\\\/image\\\/\"},\"sameAs\":[\"https:\\\/\\\/www.facebook.com\\\/eltextual\",\"https:\\\/\\\/x.com\\\/eltextual\",\"http:\\\/\\\/www.instagram.com\\\/eltextual\"]},{\"@type\":\"Person\",\"@id\":\"https:\\\/\\\/diariotextual.com\\\/inicio\\\/#\\\/schema\\\/person\\\/418fc4093c33e86ed41562db3508f958\",\"name\":\"Diario1 Diario1\",\"image\":{\"@type\":\"ImageObject\",\"inLanguage\":\"es\",\"@id\":\"https:\\\/\\\/secure.gravatar.com\\\/avatar\\\/9167d280179c85bc18be67aa7eda765854300033af4896dd779b608640f2ef7a?s=96&d=mm&r=g\",\"url\":\"https:\\\/\\\/secure.gravatar.com\\\/avatar\\\/9167d280179c85bc18be67aa7eda765854300033af4896dd779b608640f2ef7a?s=96&d=mm&r=g\",\"contentUrl\":\"https:\\\/\\\/secure.gravatar.com\\\/avatar\\\/9167d280179c85bc18be67aa7eda765854300033af4896dd779b608640f2ef7a?s=96&d=mm&r=g\",\"caption\":\"Diario1 Diario1\"},\"url\":\"https:\\\/\\\/diariotextual.com\\\/inicio\\\/index.php\\\/author\\\/diario1\\\/\"}]}<\/script>\n<!-- \/ Yoast SEO plugin. -->","yoast_head_json":{"title":"Coronavirus: en un mes ya fueron repatriados 807 pampeanos - Diario Textual","robots":{"index":"index","follow":"follow","max-snippet":"max-snippet:-1","max-image-preview":"max-image-preview:large","max-video-preview":"max-video-preview:-1"},"canonical":"https:\/\/diariotextual.com\/inicio\/index.php\/2020\/04\/11\/coronavirus-mes-ya-fueron-repatriados-807-pampeanos\/","og_locale":"es_ES","og_type":"article","og_title":"Coronavirus: en un mes ya fueron repatriados 807 pampeanos - Diario Textual","og_description":"El Gobierno nacional inform\u00f3 que en los \u00faltimos 28 d\u00edas ya fueron repatriados 807 pampeanos que se encontraban varados en diferentes puntos del mundo. El dato lo dio, en rigor,&hellip;","og_url":"https:\/\/diariotextual.com\/inicio\/index.php\/2020\/04\/11\/coronavirus-mes-ya-fueron-repatriados-807-pampeanos\/","og_site_name":"Diario Textual","article_publisher":"https:\/\/www.facebook.com\/eltextual","article_published_time":"2020-04-11T12:39:46+00:00","article_modified_time":"2020-04-11T21:07:23+00:00","og_image":[{"width":1500,"height":1000,"url":"https:\/\/diariotextual.com\/inicio\/wp-content\/uploads\/2020\/03\/coronavirusrepatriadostelam2020-9.jpg","type":"image\/jpeg"}],"author":"Diario1 Diario1","twitter_card":"summary_large_image","twitter_creator":"@eltextual","twitter_site":"@eltextual","twitter_misc":{"Escrito por":"Diario1 Diario1","Tiempo de lectura":"1 minuto"},"schema":{"@context":"https:\/\/schema.org","@graph":[{"@type":"Article","@id":"https:\/\/diariotextual.com\/inicio\/index.php\/2020\/04\/11\/coronavirus-mes-ya-fueron-repatriados-807-pampeanos\/#article","isPartOf":{"@id":"https:\/\/diariotextual.com\/inicio\/index.php\/2020\/04\/11\/coronavirus-mes-ya-fueron-repatriados-807-pampeanos\/"},"author":{"name":"Diario1 Diario1","@id":"https:\/\/diariotextual.com\/inicio\/#\/schema\/person\/418fc4093c33e86ed41562db3508f958"},"headline":"Coronavirus: en un mes ya fueron repatriados 807 pampeanos","datePublished":"2020-04-11T12:39:46+00:00","dateModified":"2020-04-11T21:07:23+00:00","mainEntityOfPage":{"@id":"https:\/\/diariotextual.com\/inicio\/index.php\/2020\/04\/11\/coronavirus-mes-ya-fueron-repatriados-807-pampeanos\/"},"wordCount":225,"publisher":{"@id":"https:\/\/diariotextual.com\/inicio\/#organization"},"image":{"@id":"https:\/\/diariotextual.com\/inicio\/index.php\/2020\/04\/11\/coronavirus-mes-ya-fueron-repatriados-807-pampeanos\/#primaryimage"},"thumbnailUrl":"https:\/\/diariotextual.com\/inicio\/wp-content\/uploads\/2020\/03\/coronavirusrepatriadostelam2020-9.jpg","keywords":["repatriados"],"articleSection":["A - QUE PASA (al costado)","A - TEMPORALES","SOCIEDAD"],"inLanguage":"es"},{"@type":"WebPage","@id":"https:\/\/diariotextual.com\/inicio\/index.php\/2020\/04\/11\/coronavirus-mes-ya-fueron-repatriados-807-pampeanos\/","url":"https:\/\/diariotextual.com\/inicio\/index.php\/2020\/04\/11\/coronavirus-mes-ya-fueron-repatriados-807-pampeanos\/","name":"Coronavirus: en un mes ya fueron repatriados 807 pampeanos - Diario Textual","isPartOf":{"@id":"https:\/\/diariotextual.com\/inicio\/#website"},"primaryImageOfPage":{"@id":"https:\/\/diariotextual.com\/inicio\/index.php\/2020\/04\/11\/coronavirus-mes-ya-fueron-repatriados-807-pampeanos\/#primaryimage"},"image":{"@id":"https:\/\/diariotextual.com\/inicio\/index.php\/2020\/04\/11\/coronavirus-mes-ya-fueron-repatriados-807-pampeanos\/#primaryimage"},"thumbnailUrl":"https:\/\/diariotextual.com\/inicio\/wp-content\/uploads\/2020\/03\/coronavirusrepatriadostelam2020-9.jpg","datePublished":"2020-04-11T12:39:46+00:00","dateModified":"2020-04-11T21:07:23+00:00","breadcrumb":{"@id":"https:\/\/diariotextual.com\/inicio\/index.php\/2020\/04\/11\/coronavirus-mes-ya-fueron-repatriados-807-pampeanos\/#breadcrumb"},"inLanguage":"es","potentialAction":[{"@type":"ReadAction","target":["https:\/\/diariotextual.com\/inicio\/index.php\/2020\/04\/11\/coronavirus-mes-ya-fueron-repatriados-807-pampeanos\/"]}]},{"@type":"ImageObject","inLanguage":"es","@id":"https:\/\/diariotextual.com\/inicio\/index.php\/2020\/04\/11\/coronavirus-mes-ya-fueron-repatriados-807-pampeanos\/#primaryimage","url":"https:\/\/diariotextual.com\/inicio\/wp-content\/uploads\/2020\/03\/coronavirusrepatriadostelam2020-9.jpg","contentUrl":"https:\/\/diariotextual.com\/inicio\/wp-content\/uploads\/2020\/03\/coronavirusrepatriadostelam2020-9.jpg","width":1500,"height":1000},{"@type":"BreadcrumbList","@id":"https:\/\/diariotextual.com\/inicio\/index.php\/2020\/04\/11\/coronavirus-mes-ya-fueron-repatriados-807-pampeanos\/#breadcrumb","itemListElement":[{"@type":"ListItem","position":1,"name":"Portada","item":"https:\/\/diariotextual.com\/inicio\/"},{"@type":"ListItem","position":2,"name":"Coronavirus: en un mes ya fueron repatriados 807 pampeanos"}]},{"@type":"WebSite","@id":"https:\/\/diariotextual.com\/inicio\/#website","url":"https:\/\/diariotextual.com\/inicio\/","name":"Diario Textual","description":"","publisher":{"@id":"https:\/\/diariotextual.com\/inicio\/#organization"},"potentialAction":[{"@type":"SearchAction","target":{"@type":"EntryPoint","urlTemplate":"https:\/\/diariotextual.com\/inicio\/?s={search_term_string}"},"query-input":{"@type":"PropertyValueSpecification","valueRequired":true,"valueName":"search_term_string"}}],"inLanguage":"es"},{"@type":"Organization","@id":"https:\/\/diariotextual.com\/inicio\/#organization","name":"Diario Textual","url":"https:\/\/diariotextual.com\/inicio\/","logo":{"@type":"ImageObject","inLanguage":"es","@id":"https:\/\/diariotextual.com\/inicio\/#\/schema\/logo\/image\/","url":"https:\/\/diariotextual.com\/inicio\/wp-content\/uploads\/2023\/05\/logotextual1.jpg","contentUrl":"https:\/\/diariotextual.com\/inicio\/wp-content\/uploads\/2023\/05\/logotextual1.jpg","width":516,"height":76,"caption":"Diario Textual"},"image":{"@id":"https:\/\/diariotextual.com\/inicio\/#\/schema\/logo\/image\/"},"sameAs":["https:\/\/www.facebook.com\/eltextual","https:\/\/x.com\/eltextual","http:\/\/www.instagram.com\/eltextual"]},{"@type":"Person","@id":"https:\/\/diariotextual.com\/inicio\/#\/schema\/person\/418fc4093c33e86ed41562db3508f958","name":"Diario1 Diario1","image":{"@type":"ImageObject","inLanguage":"es","@id":"https:\/\/secure.gravatar.com\/avatar\/9167d280179c85bc18be67aa7eda765854300033af4896dd779b608640f2ef7a?s=96&d=mm&r=g","url":"https:\/\/secure.gravatar.com\/avatar\/9167d280179c85bc18be67aa7eda765854300033af4896dd779b608640f2ef7a?s=96&d=mm&r=g","contentUrl":"https:\/\/secure.gravatar.com\/avatar\/9167d280179c85bc18be67aa7eda765854300033af4896dd779b608640f2ef7a?s=96&d=mm&r=g","caption":"Diario1 Diario1"},"url":"https:\/\/diariotextual.com\/inicio\/index.php\/author\/diario1\/"}]}},"_links":{"self":[{"href":"https:\/\/diariotextual.com\/inicio\/index.php\/wp-json\/wp\/v2\/posts\/88649","targetHints":{"allow":["GET"]}}],"collection":[{"href":"https:\/\/diariotextual.com\/inicio\/index.php\/wp-json\/wp\/v2\/posts"}],"about":[{"href":"https:\/\/diariotextual.com\/inicio\/index.php\/wp-json\/wp\/v2\/types\/post"}],"author":[{"embeddable":true,"href":"https:\/\/diariotextual.com\/inicio\/index.php\/wp-json\/wp\/v2\/users\/3"}],"replies":[{"embeddable":true,"href":"https:\/\/diariotextual.com\/inicio\/index.php\/wp-json\/wp\/v2\/comments?post=88649"}],"version-history":[{"count":1,"href":"https:\/\/diariotextual.com\/inicio\/index.php\/wp-json\/wp\/v2\/posts\/88649\/revisions"}],"predecessor-version":[{"id":88652,"href":"https:\/\/diariotextual.com\/inicio\/index.php\/wp-json\/wp\/v2\/posts\/88649\/revisions\/88652"}],"wp:featuredmedia":[{"embeddable":true,"href":"https:\/\/diariotextual.com\/inicio\/index.php\/wp-json\/wp\/v2\/media\/86029"}],"wp:attachment":[{"href":"https:\/\/diariotextual.com\/inicio\/index.php\/wp-json\/wp\/v2\/media?parent=88649"}],"wp:term":[{"taxonomy":"category","embeddable":true,"href":"https:\/\/diariotextual.com\/inicio\/index.php\/wp-json\/wp\/v2\/categories?post=88649"},{"taxonomy":"post_tag","embeddable":true,"href":"https:\/\/diariotextual.com\/inicio\/index.php\/wp-json\/wp\/v2\/tags?post=88649"}],"curies":[{"name":"wp","href":"https:\/\/api.w.org\/{rel}","templated":true}]}}