{"id":88674,"date":"2020-04-11T12:30:20","date_gmt":"2020-04-11T15:30:20","guid":{"rendered":"http:\/\/diariotextual.com\/inicio\/?p=88674"},"modified":"2020-04-11T19:40:28","modified_gmt":"2020-04-11T22:40:28","slug":"comite-crisis-decidio-no-mayores-flexibilizaciones-la-cuarentena-la-pampa","status":"publish","type":"post","link":"https:\/\/diariotextual.com\/inicio\/index.php\/2020\/04\/11\/comite-crisis-decidio-no-mayores-flexibilizaciones-la-cuarentena-la-pampa\/","title":{"rendered":"El Comit\u00e9 de Crisis decidi\u00f3 no hacer cambios a la cuarentena en La Pampa"},"content":{"rendered":"<p>El Gobierno de <strong>Sergio Ziliotto<\/strong> decidi\u00f3, por el momento,<strong> no flexibilizar la cuarentena en La Pampa<\/strong>. La decisi\u00f3n la tom\u00f3 el propio Ziliotto, junto a integrantes del Comit\u00e9 de Crisis, que se reunieron entre las 9 y las 10.45 horas de este s\u00e1bado en Casa de Gobierno. Sin embargo, <strong>los intendentes podr\u00e1n proponer la flexibilizaci\u00f3n en ciertas actividades.<\/strong><\/p>\n<p>\u00abLa decisi\u00f3n del Comit\u00e9 de Crisis se fund\u00f3 en la realidad sanitaria provincial, la que se logr\u00f3 con el esfuerzo de todos los pampeanos\u00bb, inform\u00f3 el Gobierno, en un comunicado de prensa. La medida tuvo poco despu\u00e9s un <a href=\"http:\/\/diariotextual.com\/inicio\/index.php\/2020\/04\/11\/alberto-destaco-la-seriedad-ziliotto-no-flexibilizar-la-cuarentena\/\" target=\"_blank\" rel=\"noopener\"><strong>fuerte respaldo del presidente Alberto Fern\u00e1ndez<\/strong><\/a>.<\/p>\n<p>&nbsp;<\/p>\n<blockquote class=\"wp-embedded-content\" data-secret=\"ta674RxaCU\"><p><a href=\"http:\/\/diariotextual.com\/inicio\/index.php\/2020\/04\/11\/alberto-destaco-la-seriedad-ziliotto-no-flexibilizar-la-cuarentena\/\">Alberto destac\u00f3 la \u00abseriedad\u00bb de Ziliotto por no flexibilizar la cuarentena<\/a><\/p><\/blockquote>\n<p><iframe class=\"wp-embedded-content\" sandbox=\"allow-scripts\" security=\"restricted\" style=\"position: absolute; clip: rect(1px, 1px, 1px, 1px);\" src=\"http:\/\/diariotextual.com\/inicio\/index.php\/2020\/04\/11\/alberto-destaco-la-seriedad-ziliotto-no-flexibilizar-la-cuarentena\/embed\/#?secret=ta674RxaCU\" data-secret=\"ta674RxaCU\" width=\"600\" height=\"338\" title=\"&#171;Alberto destac\u00f3 la \u00abseriedad\u00bb de Ziliotto por no flexibilizar la cuarentena&#187; &#8212; Diario Textual\" frameborder=\"0\" marginwidth=\"0\" marginheight=\"0\" scrolling=\"no\"><\/iframe><\/p>\n<p>&nbsp;<\/p>\n<p>\u00ab<strong>Las horrorosas im\u00e1genes que llegan de otros pa\u00edses que no hicieron la cuarentena obligan a seguir en este camino<\/strong>. En correspondencia a esta decisi\u00f3n, el gobierno provincial seguir\u00e1 incorporando sectores a la asistencia alimentaria y econ\u00f3mica que ha implementado. Para ello, el gobernador Ziliotto dispuso se incorpore a los sectores que desarrollen actividades econ\u00f3micas independientes. Asimismo instruy\u00f3 al Presidente del Banco de La Pampa a dar mayor celeridad a la disposici\u00f3n de los cr\u00e9ditos para que las PyMES puedan acceder a los beneficios a tasa cero\u00bb.<\/p>\n<p>&nbsp;<\/p>\n<blockquote class=\"wp-embedded-content\" data-secret=\"J0xJr79Eop\"><p><a href=\"http:\/\/diariotextual.com\/inicio\/index.php\/2020\/04\/11\/ziliotto-anuncio-dara-asistencia-economica-trabajadores-independientes\/\">Ziliotto anunci\u00f3 que dar\u00e1 asistencia econ\u00f3mica a trabajadores independientes<\/a><\/p><\/blockquote>\n<p><iframe class=\"wp-embedded-content\" sandbox=\"allow-scripts\" security=\"restricted\" style=\"position: absolute; clip: rect(1px, 1px, 1px, 1px);\" src=\"http:\/\/diariotextual.com\/inicio\/index.php\/2020\/04\/11\/ziliotto-anuncio-dara-asistencia-economica-trabajadores-independientes\/embed\/#?secret=J0xJr79Eop\" data-secret=\"J0xJr79Eop\" width=\"600\" height=\"338\" title=\"&#171;Ziliotto anunci\u00f3 que dar\u00e1 asistencia econ\u00f3mica a trabajadores independientes&#187; &#8212; Diario Textual\" frameborder=\"0\" marginwidth=\"0\" marginheight=\"0\" scrolling=\"no\"><\/iframe><\/p>\n<p>&nbsp;<\/p>\n<p>El Gobierno nacional anunci\u00f3 ayer que decidi\u00f3 prorrogar el aislamiento obligatorio general y estricto para las zonas urbanas hasta el 26 de abril. Pero avis\u00f3 que flexibilizar\u00e1 las restricciones por zonas y en especial para \u00e1reas que garanticen que no haya propagaci\u00f3n del virus.<\/p>\n<p>En ese sentido, los gobernadores ser\u00e1n actores clave: cada jefe provincial deber\u00e1 presentar un plan para habilitar en sus distritos las actividades que crea conveniente.<\/p>\n<p>Incluso el presidente <strong>Alberto Fern\u00e1ndez propuso una cuarentena comunitaria en ciertos pueblos<\/strong>, como ocurre en algunos barrios pobres del conurbano bonaerense<strong>: la idea es que en aquellos lugares donde se declare la cuarentena comunitaria nadie puedan entrar ni salir de esa localidad para evitar riesgos de contagio<\/strong>.<\/p>\n<p>Ziliotto y sus asesores tomaron nota. Pero por el momento no habr\u00e1 cambios a la cuarentena implementada desde hace unos 20 d\u00edas.<\/p>\n<blockquote class=\"wp-embedded-content\" data-secret=\"34MmRympG2\"><p><a href=\"http:\/\/diariotextual.com\/inicio\/index.php\/2020\/04\/11\/coronavirus-mes-ya-fueron-repatriados-807-pampeanos\/\">Coronavirus: en un mes ya fueron repatriados 807 pampeanos<\/a><\/p><\/blockquote>\n<p><iframe class=\"wp-embedded-content\" sandbox=\"allow-scripts\" security=\"restricted\" style=\"position: absolute; clip: rect(1px, 1px, 1px, 1px);\" src=\"http:\/\/diariotextual.com\/inicio\/index.php\/2020\/04\/11\/coronavirus-mes-ya-fueron-repatriados-807-pampeanos\/embed\/#?secret=34MmRympG2\" data-secret=\"34MmRympG2\" width=\"600\" height=\"338\" title=\"&#171;Coronavirus: en un mes ya fueron repatriados 807 pampeanos&#187; &#8212; Diario Textual\" frameborder=\"0\" marginwidth=\"0\" marginheight=\"0\" scrolling=\"no\"><\/iframe><\/p>\n<p>&nbsp;<\/p>\n<p>El comit\u00e9 dijo que<strong> la mayor apertura de actividades generar\u00eda menor posibilidad de control de la circulaci\u00f3n social y, por ende, mayor riesgo de propagaci\u00f3n del virus.<\/strong><\/p>\n<p>\u00abA su vez -agreg\u00f3- cada actividad exceptuada sumar\u00eda excusas a los irresponsables que, aun ante la amenaza de detenci\u00f3n e inicio de un proceso judicial, siguen circulando sin motivo alguno\u00bb.<\/p>\n<p>\u00abSi bien se comenz\u00f3 a analizar el levantamiento de la cuarentena a nuevos sectores, se estableci\u00f3 la necesidad de un di\u00e1logo constante y fluido con los intendentes, a fin de conocer cu\u00e1les pueden ser las necesidades esenciales en cada una de las localidades, pero tambi\u00e9n cuales ser\u00edan las medidas que garanticen su control\u00bb, se inform\u00f3. \u00abEn este sentido, y <strong>con el objetivo de analizar c\u00f3mo se incorporar\u00edan las distintas actividades, se resolvi\u00f3 que sean propuestas por los intendentes junto a los comit\u00e9s de crisis locales. El pedido de habilitaci\u00f3n de actividad deber\u00e1 estar acompa\u00f1ado por protocolos que garanticen su control y funcionamiento<\/strong>. Este se pondr\u00e1 a consideraci\u00f3n del Comit\u00e9 de Crisis Provincial primero, y posteriormente ser\u00e1 elevado al Gobierno Nacional quien tendr\u00e1 la decisi\u00f3n final respecto de cualquier tipo de levantamiento parcial de la cuarentena\u00bb, se inform\u00f3.<\/p>\n<p>&nbsp;<\/p>\n<blockquote class=\"wp-embedded-content\" data-secret=\"2bgBDVUm8M\"><p><a href=\"http:\/\/diariotextual.com\/inicio\/index.php\/2020\/04\/11\/refuerzan-las-medidas-preventivas-la-adela-dos-casos-cruzando-puente\/\">Refuerzan la prevenci\u00f3n en La Adela: hay dos casos de Covid-19 cruzando el puente<\/a><\/p><\/blockquote>\n<p><iframe class=\"wp-embedded-content\" sandbox=\"allow-scripts\" security=\"restricted\" style=\"position: absolute; clip: rect(1px, 1px, 1px, 1px);\" src=\"http:\/\/diariotextual.com\/inicio\/index.php\/2020\/04\/11\/refuerzan-las-medidas-preventivas-la-adela-dos-casos-cruzando-puente\/embed\/#?secret=2bgBDVUm8M\" data-secret=\"2bgBDVUm8M\" width=\"600\" height=\"338\" title=\"&#171;Refuerzan la prevenci\u00f3n en La Adela: hay dos casos de Covid-19 cruzando el puente&#187; &#8212; Diario Textual\" frameborder=\"0\" marginwidth=\"0\" marginheight=\"0\" scrolling=\"no\"><\/iframe><\/p>\n<p>&nbsp;<\/p>\n<p>&nbsp;<\/p>\n<p>&nbsp;<\/p>\n<p>&nbsp;<\/p>\n","protected":false},"excerpt":{"rendered":"<p>El Gobierno de Sergio Ziliotto decidi\u00f3, por el momento, no flexibilizar la cuarentena en La Pampa. La decisi\u00f3n la tom\u00f3 el propio Ziliotto, junto a integrantes del Comit\u00e9 de Crisis,&hellip;<\/p>\n","protected":false},"author":3,"featured_media":87522,"comment_status":"closed","ping_status":"open","sticky":false,"template":"","format":"standard","meta":{"_acf_changed":false,"footnotes":""},"categories":[319,12],"tags":[2662,2899],"class_list":["post-88674","post","type-post","status-publish","format-standard","has-post-thumbnail","hentry","category-a-temporales","category-sociedad","tag-coronavirus","tag-covid"],"acf":[],"yoast_head":"<!-- This site is optimized with the Yoast SEO plugin v27.5 - https:\/\/yoast.com\/product\/yoast-seo-wordpress\/ -->\n<title>El Comit\u00e9 de Crisis decidi\u00f3 no hacer cambios a la cuarentena en La Pampa - Diario Textual<\/title>\n<meta name=\"robots\" content=\"index, follow, max-snippet:-1, max-image-preview:large, max-video-preview:-1\" \/>\n<link rel=\"canonical\" href=\"https:\/\/diariotextual.com\/inicio\/index.php\/2020\/04\/11\/comite-crisis-decidio-no-mayores-flexibilizaciones-la-cuarentena-la-pampa\/\" \/>\n<meta property=\"og:locale\" content=\"es_ES\" \/>\n<meta property=\"og:type\" content=\"article\" \/>\n<meta property=\"og:title\" content=\"El Comit\u00e9 de Crisis decidi\u00f3 no hacer cambios a la cuarentena en La Pampa - Diario Textual\" \/>\n<meta property=\"og:description\" content=\"El Gobierno de Sergio Ziliotto decidi\u00f3, por el momento, no flexibilizar la cuarentena en La Pampa. La decisi\u00f3n la tom\u00f3 el propio Ziliotto, junto a integrantes del Comit\u00e9 de Crisis,&hellip;\" \/>\n<meta property=\"og:url\" content=\"https:\/\/diariotextual.com\/inicio\/index.php\/2020\/04\/11\/comite-crisis-decidio-no-mayores-flexibilizaciones-la-cuarentena-la-pampa\/\" \/>\n<meta property=\"og:site_name\" content=\"Diario Textual\" \/>\n<meta property=\"article:publisher\" content=\"https:\/\/www.facebook.com\/eltextual\" \/>\n<meta property=\"article:published_time\" content=\"2020-04-11T15:30:20+00:00\" \/>\n<meta property=\"article:modified_time\" content=\"2020-04-11T22:40:28+00:00\" \/>\n<meta property=\"og:image\" content=\"https:\/\/diariotextual.com\/inicio\/wp-content\/uploads\/2020\/04\/coronavirusbancossantarosa2020-2.jpg\" \/>\n\t<meta property=\"og:image:width\" content=\"1200\" \/>\n\t<meta property=\"og:image:height\" content=\"802\" \/>\n\t<meta property=\"og:image:type\" content=\"image\/jpeg\" \/>\n<meta name=\"author\" content=\"Diario1 Diario1\" \/>\n<meta name=\"twitter:card\" content=\"summary_large_image\" \/>\n<meta name=\"twitter:creator\" content=\"@eltextual\" \/>\n<meta name=\"twitter:site\" content=\"@eltextual\" \/>\n<meta name=\"twitter:label1\" content=\"Escrito por\" \/>\n\t<meta name=\"twitter:data1\" content=\"Diario1 Diario1\" \/>\n\t<meta name=\"twitter:label2\" content=\"Tiempo de lectura\" \/>\n\t<meta name=\"twitter:data2\" content=\"3 minutos\" \/>\n<script type=\"application\/ld+json\" class=\"yoast-schema-graph\">{\"@context\":\"https:\\\/\\\/schema.org\",\"@graph\":[{\"@type\":\"Article\",\"@id\":\"https:\\\/\\\/diariotextual.com\\\/inicio\\\/index.php\\\/2020\\\/04\\\/11\\\/comite-crisis-decidio-no-mayores-flexibilizaciones-la-cuarentena-la-pampa\\\/#article\",\"isPartOf\":{\"@id\":\"https:\\\/\\\/diariotextual.com\\\/inicio\\\/index.php\\\/2020\\\/04\\\/11\\\/comite-crisis-decidio-no-mayores-flexibilizaciones-la-cuarentena-la-pampa\\\/\"},\"author\":{\"name\":\"Diario1 Diario1\",\"@id\":\"https:\\\/\\\/diariotextual.com\\\/inicio\\\/#\\\/schema\\\/person\\\/418fc4093c33e86ed41562db3508f958\"},\"headline\":\"El Comit\u00e9 de Crisis decidi\u00f3 no hacer cambios a la cuarentena en La Pampa\",\"datePublished\":\"2020-04-11T15:30:20+00:00\",\"dateModified\":\"2020-04-11T22:40:28+00:00\",\"mainEntityOfPage\":{\"@id\":\"https:\\\/\\\/diariotextual.com\\\/inicio\\\/index.php\\\/2020\\\/04\\\/11\\\/comite-crisis-decidio-no-mayores-flexibilizaciones-la-cuarentena-la-pampa\\\/\"},\"wordCount\":604,\"publisher\":{\"@id\":\"https:\\\/\\\/diariotextual.com\\\/inicio\\\/#organization\"},\"image\":{\"@id\":\"https:\\\/\\\/diariotextual.com\\\/inicio\\\/index.php\\\/2020\\\/04\\\/11\\\/comite-crisis-decidio-no-mayores-flexibilizaciones-la-cuarentena-la-pampa\\\/#primaryimage\"},\"thumbnailUrl\":\"https:\\\/\\\/diariotextual.com\\\/inicio\\\/wp-content\\\/uploads\\\/2020\\\/04\\\/coronavirusbancossantarosa2020-2.jpg\",\"keywords\":[\"coronavirus\",\"covid\"],\"articleSection\":[\"A - TEMPORALES\",\"SOCIEDAD\"],\"inLanguage\":\"es\"},{\"@type\":\"WebPage\",\"@id\":\"https:\\\/\\\/diariotextual.com\\\/inicio\\\/index.php\\\/2020\\\/04\\\/11\\\/comite-crisis-decidio-no-mayores-flexibilizaciones-la-cuarentena-la-pampa\\\/\",\"url\":\"https:\\\/\\\/diariotextual.com\\\/inicio\\\/index.php\\\/2020\\\/04\\\/11\\\/comite-crisis-decidio-no-mayores-flexibilizaciones-la-cuarentena-la-pampa\\\/\",\"name\":\"El Comit\u00e9 de Crisis decidi\u00f3 no hacer cambios a la cuarentena en La Pampa - Diario Textual\",\"isPartOf\":{\"@id\":\"https:\\\/\\\/diariotextual.com\\\/inicio\\\/#website\"},\"primaryImageOfPage\":{\"@id\":\"https:\\\/\\\/diariotextual.com\\\/inicio\\\/index.php\\\/2020\\\/04\\\/11\\\/comite-crisis-decidio-no-mayores-flexibilizaciones-la-cuarentena-la-pampa\\\/#primaryimage\"},\"image\":{\"@id\":\"https:\\\/\\\/diariotextual.com\\\/inicio\\\/index.php\\\/2020\\\/04\\\/11\\\/comite-crisis-decidio-no-mayores-flexibilizaciones-la-cuarentena-la-pampa\\\/#primaryimage\"},\"thumbnailUrl\":\"https:\\\/\\\/diariotextual.com\\\/inicio\\\/wp-content\\\/uploads\\\/2020\\\/04\\\/coronavirusbancossantarosa2020-2.jpg\",\"datePublished\":\"2020-04-11T15:30:20+00:00\",\"dateModified\":\"2020-04-11T22:40:28+00:00\",\"breadcrumb\":{\"@id\":\"https:\\\/\\\/diariotextual.com\\\/inicio\\\/index.php\\\/2020\\\/04\\\/11\\\/comite-crisis-decidio-no-mayores-flexibilizaciones-la-cuarentena-la-pampa\\\/#breadcrumb\"},\"inLanguage\":\"es\",\"potentialAction\":[{\"@type\":\"ReadAction\",\"target\":[\"https:\\\/\\\/diariotextual.com\\\/inicio\\\/index.php\\\/2020\\\/04\\\/11\\\/comite-crisis-decidio-no-mayores-flexibilizaciones-la-cuarentena-la-pampa\\\/\"]}]},{\"@type\":\"ImageObject\",\"inLanguage\":\"es\",\"@id\":\"https:\\\/\\\/diariotextual.com\\\/inicio\\\/index.php\\\/2020\\\/04\\\/11\\\/comite-crisis-decidio-no-mayores-flexibilizaciones-la-cuarentena-la-pampa\\\/#primaryimage\",\"url\":\"https:\\\/\\\/diariotextual.com\\\/inicio\\\/wp-content\\\/uploads\\\/2020\\\/04\\\/coronavirusbancossantarosa2020-2.jpg\",\"contentUrl\":\"https:\\\/\\\/diariotextual.com\\\/inicio\\\/wp-content\\\/uploads\\\/2020\\\/04\\\/coronavirusbancossantarosa2020-2.jpg\",\"width\":1200,\"height\":802},{\"@type\":\"BreadcrumbList\",\"@id\":\"https:\\\/\\\/diariotextual.com\\\/inicio\\\/index.php\\\/2020\\\/04\\\/11\\\/comite-crisis-decidio-no-mayores-flexibilizaciones-la-cuarentena-la-pampa\\\/#breadcrumb\",\"itemListElement\":[{\"@type\":\"ListItem\",\"position\":1,\"name\":\"Portada\",\"item\":\"https:\\\/\\\/diariotextual.com\\\/inicio\\\/\"},{\"@type\":\"ListItem\",\"position\":2,\"name\":\"El Comit\u00e9 de Crisis decidi\u00f3 no hacer cambios a la cuarentena en La Pampa\"}]},{\"@type\":\"WebSite\",\"@id\":\"https:\\\/\\\/diariotextual.com\\\/inicio\\\/#website\",\"url\":\"https:\\\/\\\/diariotextual.com\\\/inicio\\\/\",\"name\":\"Diario Textual\",\"description\":\"\",\"publisher\":{\"@id\":\"https:\\\/\\\/diariotextual.com\\\/inicio\\\/#organization\"},\"potentialAction\":[{\"@type\":\"SearchAction\",\"target\":{\"@type\":\"EntryPoint\",\"urlTemplate\":\"https:\\\/\\\/diariotextual.com\\\/inicio\\\/?s={search_term_string}\"},\"query-input\":{\"@type\":\"PropertyValueSpecification\",\"valueRequired\":true,\"valueName\":\"search_term_string\"}}],\"inLanguage\":\"es\"},{\"@type\":\"Organization\",\"@id\":\"https:\\\/\\\/diariotextual.com\\\/inicio\\\/#organization\",\"name\":\"Diario Textual\",\"url\":\"https:\\\/\\\/diariotextual.com\\\/inicio\\\/\",\"logo\":{\"@type\":\"ImageObject\",\"inLanguage\":\"es\",\"@id\":\"https:\\\/\\\/diariotextual.com\\\/inicio\\\/#\\\/schema\\\/logo\\\/image\\\/\",\"url\":\"https:\\\/\\\/diariotextual.com\\\/inicio\\\/wp-content\\\/uploads\\\/2023\\\/05\\\/logotextual1.jpg\",\"contentUrl\":\"https:\\\/\\\/diariotextual.com\\\/inicio\\\/wp-content\\\/uploads\\\/2023\\\/05\\\/logotextual1.jpg\",\"width\":516,\"height\":76,\"caption\":\"Diario Textual\"},\"image\":{\"@id\":\"https:\\\/\\\/diariotextual.com\\\/inicio\\\/#\\\/schema\\\/logo\\\/image\\\/\"},\"sameAs\":[\"https:\\\/\\\/www.facebook.com\\\/eltextual\",\"https:\\\/\\\/x.com\\\/eltextual\",\"http:\\\/\\\/www.instagram.com\\\/eltextual\"]},{\"@type\":\"Person\",\"@id\":\"https:\\\/\\\/diariotextual.com\\\/inicio\\\/#\\\/schema\\\/person\\\/418fc4093c33e86ed41562db3508f958\",\"name\":\"Diario1 Diario1\",\"image\":{\"@type\":\"ImageObject\",\"inLanguage\":\"es\",\"@id\":\"https:\\\/\\\/secure.gravatar.com\\\/avatar\\\/9167d280179c85bc18be67aa7eda765854300033af4896dd779b608640f2ef7a?s=96&d=mm&r=g\",\"url\":\"https:\\\/\\\/secure.gravatar.com\\\/avatar\\\/9167d280179c85bc18be67aa7eda765854300033af4896dd779b608640f2ef7a?s=96&d=mm&r=g\",\"contentUrl\":\"https:\\\/\\\/secure.gravatar.com\\\/avatar\\\/9167d280179c85bc18be67aa7eda765854300033af4896dd779b608640f2ef7a?s=96&d=mm&r=g\",\"caption\":\"Diario1 Diario1\"},\"url\":\"https:\\\/\\\/diariotextual.com\\\/inicio\\\/index.php\\\/author\\\/diario1\\\/\"}]}<\/script>\n<!-- \/ Yoast SEO plugin. -->","yoast_head_json":{"title":"El Comit\u00e9 de Crisis decidi\u00f3 no hacer cambios a la cuarentena en La Pampa - Diario Textual","robots":{"index":"index","follow":"follow","max-snippet":"max-snippet:-1","max-image-preview":"max-image-preview:large","max-video-preview":"max-video-preview:-1"},"canonical":"https:\/\/diariotextual.com\/inicio\/index.php\/2020\/04\/11\/comite-crisis-decidio-no-mayores-flexibilizaciones-la-cuarentena-la-pampa\/","og_locale":"es_ES","og_type":"article","og_title":"El Comit\u00e9 de Crisis decidi\u00f3 no hacer cambios a la cuarentena en La Pampa - Diario Textual","og_description":"El Gobierno de Sergio Ziliotto decidi\u00f3, por el momento, no flexibilizar la cuarentena en La Pampa. La decisi\u00f3n la tom\u00f3 el propio Ziliotto, junto a integrantes del Comit\u00e9 de Crisis,&hellip;","og_url":"https:\/\/diariotextual.com\/inicio\/index.php\/2020\/04\/11\/comite-crisis-decidio-no-mayores-flexibilizaciones-la-cuarentena-la-pampa\/","og_site_name":"Diario Textual","article_publisher":"https:\/\/www.facebook.com\/eltextual","article_published_time":"2020-04-11T15:30:20+00:00","article_modified_time":"2020-04-11T22:40:28+00:00","og_image":[{"width":1200,"height":802,"url":"https:\/\/diariotextual.com\/inicio\/wp-content\/uploads\/2020\/04\/coronavirusbancossantarosa2020-2.jpg","type":"image\/jpeg"}],"author":"Diario1 Diario1","twitter_card":"summary_large_image","twitter_creator":"@eltextual","twitter_site":"@eltextual","twitter_misc":{"Escrito por":"Diario1 Diario1","Tiempo de lectura":"3 minutos"},"schema":{"@context":"https:\/\/schema.org","@graph":[{"@type":"Article","@id":"https:\/\/diariotextual.com\/inicio\/index.php\/2020\/04\/11\/comite-crisis-decidio-no-mayores-flexibilizaciones-la-cuarentena-la-pampa\/#article","isPartOf":{"@id":"https:\/\/diariotextual.com\/inicio\/index.php\/2020\/04\/11\/comite-crisis-decidio-no-mayores-flexibilizaciones-la-cuarentena-la-pampa\/"},"author":{"name":"Diario1 Diario1","@id":"https:\/\/diariotextual.com\/inicio\/#\/schema\/person\/418fc4093c33e86ed41562db3508f958"},"headline":"El Comit\u00e9 de Crisis decidi\u00f3 no hacer cambios a la cuarentena en La Pampa","datePublished":"2020-04-11T15:30:20+00:00","dateModified":"2020-04-11T22:40:28+00:00","mainEntityOfPage":{"@id":"https:\/\/diariotextual.com\/inicio\/index.php\/2020\/04\/11\/comite-crisis-decidio-no-mayores-flexibilizaciones-la-cuarentena-la-pampa\/"},"wordCount":604,"publisher":{"@id":"https:\/\/diariotextual.com\/inicio\/#organization"},"image":{"@id":"https:\/\/diariotextual.com\/inicio\/index.php\/2020\/04\/11\/comite-crisis-decidio-no-mayores-flexibilizaciones-la-cuarentena-la-pampa\/#primaryimage"},"thumbnailUrl":"https:\/\/diariotextual.com\/inicio\/wp-content\/uploads\/2020\/04\/coronavirusbancossantarosa2020-2.jpg","keywords":["coronavirus","covid"],"articleSection":["A - TEMPORALES","SOCIEDAD"],"inLanguage":"es"},{"@type":"WebPage","@id":"https:\/\/diariotextual.com\/inicio\/index.php\/2020\/04\/11\/comite-crisis-decidio-no-mayores-flexibilizaciones-la-cuarentena-la-pampa\/","url":"https:\/\/diariotextual.com\/inicio\/index.php\/2020\/04\/11\/comite-crisis-decidio-no-mayores-flexibilizaciones-la-cuarentena-la-pampa\/","name":"El Comit\u00e9 de Crisis decidi\u00f3 no hacer cambios a la cuarentena en La Pampa - Diario Textual","isPartOf":{"@id":"https:\/\/diariotextual.com\/inicio\/#website"},"primaryImageOfPage":{"@id":"https:\/\/diariotextual.com\/inicio\/index.php\/2020\/04\/11\/comite-crisis-decidio-no-mayores-flexibilizaciones-la-cuarentena-la-pampa\/#primaryimage"},"image":{"@id":"https:\/\/diariotextual.com\/inicio\/index.php\/2020\/04\/11\/comite-crisis-decidio-no-mayores-flexibilizaciones-la-cuarentena-la-pampa\/#primaryimage"},"thumbnailUrl":"https:\/\/diariotextual.com\/inicio\/wp-content\/uploads\/2020\/04\/coronavirusbancossantarosa2020-2.jpg","datePublished":"2020-04-11T15:30:20+00:00","dateModified":"2020-04-11T22:40:28+00:00","breadcrumb":{"@id":"https:\/\/diariotextual.com\/inicio\/index.php\/2020\/04\/11\/comite-crisis-decidio-no-mayores-flexibilizaciones-la-cuarentena-la-pampa\/#breadcrumb"},"inLanguage":"es","potentialAction":[{"@type":"ReadAction","target":["https:\/\/diariotextual.com\/inicio\/index.php\/2020\/04\/11\/comite-crisis-decidio-no-mayores-flexibilizaciones-la-cuarentena-la-pampa\/"]}]},{"@type":"ImageObject","inLanguage":"es","@id":"https:\/\/diariotextual.com\/inicio\/index.php\/2020\/04\/11\/comite-crisis-decidio-no-mayores-flexibilizaciones-la-cuarentena-la-pampa\/#primaryimage","url":"https:\/\/diariotextual.com\/inicio\/wp-content\/uploads\/2020\/04\/coronavirusbancossantarosa2020-2.jpg","contentUrl":"https:\/\/diariotextual.com\/inicio\/wp-content\/uploads\/2020\/04\/coronavirusbancossantarosa2020-2.jpg","width":1200,"height":802},{"@type":"BreadcrumbList","@id":"https:\/\/diariotextual.com\/inicio\/index.php\/2020\/04\/11\/comite-crisis-decidio-no-mayores-flexibilizaciones-la-cuarentena-la-pampa\/#breadcrumb","itemListElement":[{"@type":"ListItem","position":1,"name":"Portada","item":"https:\/\/diariotextual.com\/inicio\/"},{"@type":"ListItem","position":2,"name":"El Comit\u00e9 de Crisis decidi\u00f3 no hacer cambios a la cuarentena en La Pampa"}]},{"@type":"WebSite","@id":"https:\/\/diariotextual.com\/inicio\/#website","url":"https:\/\/diariotextual.com\/inicio\/","name":"Diario Textual","description":"","publisher":{"@id":"https:\/\/diariotextual.com\/inicio\/#organization"},"potentialAction":[{"@type":"SearchAction","target":{"@type":"EntryPoint","urlTemplate":"https:\/\/diariotextual.com\/inicio\/?s={search_term_string}"},"query-input":{"@type":"PropertyValueSpecification","valueRequired":true,"valueName":"search_term_string"}}],"inLanguage":"es"},{"@type":"Organization","@id":"https:\/\/diariotextual.com\/inicio\/#organization","name":"Diario Textual","url":"https:\/\/diariotextual.com\/inicio\/","logo":{"@type":"ImageObject","inLanguage":"es","@id":"https:\/\/diariotextual.com\/inicio\/#\/schema\/logo\/image\/","url":"https:\/\/diariotextual.com\/inicio\/wp-content\/uploads\/2023\/05\/logotextual1.jpg","contentUrl":"https:\/\/diariotextual.com\/inicio\/wp-content\/uploads\/2023\/05\/logotextual1.jpg","width":516,"height":76,"caption":"Diario Textual"},"image":{"@id":"https:\/\/diariotextual.com\/inicio\/#\/schema\/logo\/image\/"},"sameAs":["https:\/\/www.facebook.com\/eltextual","https:\/\/x.com\/eltextual","http:\/\/www.instagram.com\/eltextual"]},{"@type":"Person","@id":"https:\/\/diariotextual.com\/inicio\/#\/schema\/person\/418fc4093c33e86ed41562db3508f958","name":"Diario1 Diario1","image":{"@type":"ImageObject","inLanguage":"es","@id":"https:\/\/secure.gravatar.com\/avatar\/9167d280179c85bc18be67aa7eda765854300033af4896dd779b608640f2ef7a?s=96&d=mm&r=g","url":"https:\/\/secure.gravatar.com\/avatar\/9167d280179c85bc18be67aa7eda765854300033af4896dd779b608640f2ef7a?s=96&d=mm&r=g","contentUrl":"https:\/\/secure.gravatar.com\/avatar\/9167d280179c85bc18be67aa7eda765854300033af4896dd779b608640f2ef7a?s=96&d=mm&r=g","caption":"Diario1 Diario1"},"url":"https:\/\/diariotextual.com\/inicio\/index.php\/author\/diario1\/"}]}},"_links":{"self":[{"href":"https:\/\/diariotextual.com\/inicio\/index.php\/wp-json\/wp\/v2\/posts\/88674","targetHints":{"allow":["GET"]}}],"collection":[{"href":"https:\/\/diariotextual.com\/inicio\/index.php\/wp-json\/wp\/v2\/posts"}],"about":[{"href":"https:\/\/diariotextual.com\/inicio\/index.php\/wp-json\/wp\/v2\/types\/post"}],"author":[{"embeddable":true,"href":"https:\/\/diariotextual.com\/inicio\/index.php\/wp-json\/wp\/v2\/users\/3"}],"replies":[{"embeddable":true,"href":"https:\/\/diariotextual.com\/inicio\/index.php\/wp-json\/wp\/v2\/comments?post=88674"}],"version-history":[{"count":12,"href":"https:\/\/diariotextual.com\/inicio\/index.php\/wp-json\/wp\/v2\/posts\/88674\/revisions"}],"predecessor-version":[{"id":88732,"href":"https:\/\/diariotextual.com\/inicio\/index.php\/wp-json\/wp\/v2\/posts\/88674\/revisions\/88732"}],"wp:featuredmedia":[{"embeddable":true,"href":"https:\/\/diariotextual.com\/inicio\/index.php\/wp-json\/wp\/v2\/media\/87522"}],"wp:attachment":[{"href":"https:\/\/diariotextual.com\/inicio\/index.php\/wp-json\/wp\/v2\/media?parent=88674"}],"wp:term":[{"taxonomy":"category","embeddable":true,"href":"https:\/\/diariotextual.com\/inicio\/index.php\/wp-json\/wp\/v2\/categories?post=88674"},{"taxonomy":"post_tag","embeddable":true,"href":"https:\/\/diariotextual.com\/inicio\/index.php\/wp-json\/wp\/v2\/tags?post=88674"}],"curies":[{"name":"wp","href":"https:\/\/api.w.org\/{rel}","templated":true}]}}