{"id":88689,"date":"2020-04-11T11:48:56","date_gmt":"2020-04-11T14:48:56","guid":{"rendered":"http:\/\/diariotextual.com\/inicio\/?p=88689"},"modified":"2020-04-11T18:06:56","modified_gmt":"2020-04-11T21:06:56","slug":"refuerzan-las-medidas-preventivas-la-adela-dos-casos-cruzando-puente","status":"publish","type":"post","link":"https:\/\/diariotextual.com\/inicio\/index.php\/2020\/04\/11\/refuerzan-las-medidas-preventivas-la-adela-dos-casos-cruzando-puente\/","title":{"rendered":"Refuerzan la prevenci\u00f3n en La Adela: hay dos casos de Covid-19 cruzando el puente"},"content":{"rendered":"<p>El ministro de Seguridad, <strong>Horacio di Napoli<\/strong>, y el subsecretario de Salud, <strong>Gustavo Vera<\/strong>, se trasladaron a La Adela para instrumentar un<strong> \u201ccontrol epidemiol\u00f3gico sensibilizado\u201d<\/strong>, luego de que en la vecina <strong>R\u00edo Colorado<\/strong> se reportaran<strong> dos casos de coronavirus Covid-19<\/strong>.<\/p>\n<p>\u00abLa decisi\u00f3n la tom\u00f3 el gobernador Sergio Ziliotto con el objetivo que los equipos de Salud y Seguridad trabajen junto al intendente (Juan Barrionuevo) y al Comit\u00e9 de Crisis local en la implementaci\u00f3n de medidas extremas de prevenci\u00f3n para resguardar la salud de los vecinos de La Adela\u00bb, se inform\u00f3.<\/p>\n<p><strong>La situaci\u00f3n en La Adela, ahora, es similar a la de 25 de Mayo.<\/strong> En esta localidad, hay un mayor control luego de que se detectaran tres casos positivos en la vecina Catriel.<\/p>\n<p>En tanto, otras localidades tambi\u00e9n est\u00e1n en alerta:<strong> Realic\u00f3<\/strong> -vecina de Huinca Renanc\u00f3, donde hubo casos e incluso una muerte por Covid-19- y en <strong>Victorica<\/strong> -pr\u00f3xima a la puntana Nueva Galia, donde se registraron casos del nuevo virus entre la comunidad menonita-. En <strong>Catril\u00f3<\/strong>, por su parte, tambi\u00e9n est\u00e1n tomando medidas porque en Trenque Lauquen se han reportado dos casos.<\/p>\n<blockquote class=\"wp-embedded-content\" data-secret=\"h5w1asSwzE\"><p><a href=\"http:\/\/diariotextual.com\/inicio\/index.php\/2020\/04\/11\/comite-crisis-decidio-no-mayores-flexibilizaciones-la-cuarentena-la-pampa\/\">El Comit\u00e9 de Crisis decidi\u00f3 no hacer mayores cambios a la cuarentena en La Pampa<\/a><\/p><\/blockquote>\n<p><iframe class=\"wp-embedded-content\" sandbox=\"allow-scripts\" security=\"restricted\" style=\"position: absolute; clip: rect(1px, 1px, 1px, 1px);\" src=\"http:\/\/diariotextual.com\/inicio\/index.php\/2020\/04\/11\/comite-crisis-decidio-no-mayores-flexibilizaciones-la-cuarentena-la-pampa\/embed\/#?secret=h5w1asSwzE\" data-secret=\"h5w1asSwzE\" width=\"600\" height=\"338\" title=\"&#171;El Comit\u00e9 de Crisis decidi\u00f3 no hacer mayores cambios a la cuarentena en La Pampa&#187; &#8212; Diario Textual\" frameborder=\"0\" marginwidth=\"0\" marginheight=\"0\" scrolling=\"no\"><\/iframe><\/p>\n","protected":false},"excerpt":{"rendered":"<p>El ministro de Seguridad, Horacio di Napoli, y el subsecretario de Salud, Gustavo Vera, se trasladaron a La Adela para instrumentar un \u201ccontrol epidemiol\u00f3gico sensibilizado\u201d, luego de que en la&hellip;<\/p>\n","protected":false},"author":3,"featured_media":88692,"comment_status":"closed","ping_status":"open","sticky":false,"template":"","format":"standard","meta":{"_acf_changed":false,"footnotes":""},"categories":[1,10,12],"tags":[],"class_list":["post-88689","post","type-post","status-publish","format-standard","has-post-thumbnail","hentry","category-es-noticia","category-portada-2","category-sociedad"],"acf":[],"yoast_head":"<!-- This site is optimized with the Yoast SEO plugin v27.5 - https:\/\/yoast.com\/product\/yoast-seo-wordpress\/ -->\n<title>Refuerzan la prevenci\u00f3n en La Adela: hay dos casos de Covid-19 cruzando el puente - Diario Textual<\/title>\n<meta name=\"robots\" content=\"index, follow, max-snippet:-1, max-image-preview:large, max-video-preview:-1\" \/>\n<link rel=\"canonical\" href=\"https:\/\/diariotextual.com\/inicio\/index.php\/2020\/04\/11\/refuerzan-las-medidas-preventivas-la-adela-dos-casos-cruzando-puente\/\" \/>\n<meta property=\"og:locale\" content=\"es_ES\" \/>\n<meta property=\"og:type\" content=\"article\" \/>\n<meta property=\"og:title\" content=\"Refuerzan la prevenci\u00f3n en La Adela: hay dos casos de Covid-19 cruzando el puente - Diario Textual\" \/>\n<meta property=\"og:description\" content=\"El ministro de Seguridad, Horacio di Napoli, y el subsecretario de Salud, Gustavo Vera, se trasladaron a La Adela para instrumentar un \u201ccontrol epidemiol\u00f3gico sensibilizado\u201d, luego de que en la&hellip;\" \/>\n<meta property=\"og:url\" content=\"https:\/\/diariotextual.com\/inicio\/index.php\/2020\/04\/11\/refuerzan-las-medidas-preventivas-la-adela-dos-casos-cruzando-puente\/\" \/>\n<meta property=\"og:site_name\" content=\"Diario Textual\" \/>\n<meta property=\"article:publisher\" content=\"https:\/\/www.facebook.com\/eltextual\" \/>\n<meta property=\"article:published_time\" content=\"2020-04-11T14:48:56+00:00\" \/>\n<meta property=\"article:modified_time\" content=\"2020-04-11T21:06:56+00:00\" \/>\n<meta property=\"og:image\" content=\"https:\/\/diariotextual.com\/inicio\/wp-content\/uploads\/2020\/04\/laadelariocolorado2020-1.jpg\" \/>\n\t<meta property=\"og:image:width\" content=\"900\" \/>\n\t<meta property=\"og:image:height\" content=\"507\" \/>\n\t<meta property=\"og:image:type\" content=\"image\/jpeg\" \/>\n<meta name=\"author\" content=\"Diario1 Diario1\" \/>\n<meta name=\"twitter:card\" content=\"summary_large_image\" \/>\n<meta name=\"twitter:creator\" content=\"@eltextual\" \/>\n<meta name=\"twitter:site\" content=\"@eltextual\" \/>\n<meta name=\"twitter:label1\" content=\"Escrito por\" \/>\n\t<meta name=\"twitter:data1\" content=\"Diario1 Diario1\" \/>\n\t<meta name=\"twitter:label2\" content=\"Tiempo de lectura\" \/>\n\t<meta name=\"twitter:data2\" content=\"1 minuto\" \/>\n<script type=\"application\/ld+json\" class=\"yoast-schema-graph\">{\"@context\":\"https:\\\/\\\/schema.org\",\"@graph\":[{\"@type\":\"Article\",\"@id\":\"https:\\\/\\\/diariotextual.com\\\/inicio\\\/index.php\\\/2020\\\/04\\\/11\\\/refuerzan-las-medidas-preventivas-la-adela-dos-casos-cruzando-puente\\\/#article\",\"isPartOf\":{\"@id\":\"https:\\\/\\\/diariotextual.com\\\/inicio\\\/index.php\\\/2020\\\/04\\\/11\\\/refuerzan-las-medidas-preventivas-la-adela-dos-casos-cruzando-puente\\\/\"},\"author\":{\"name\":\"Diario1 Diario1\",\"@id\":\"https:\\\/\\\/diariotextual.com\\\/inicio\\\/#\\\/schema\\\/person\\\/418fc4093c33e86ed41562db3508f958\"},\"headline\":\"Refuerzan la prevenci\u00f3n en La Adela: hay dos casos de Covid-19 cruzando el puente\",\"datePublished\":\"2020-04-11T14:48:56+00:00\",\"dateModified\":\"2020-04-11T21:06:56+00:00\",\"mainEntityOfPage\":{\"@id\":\"https:\\\/\\\/diariotextual.com\\\/inicio\\\/index.php\\\/2020\\\/04\\\/11\\\/refuerzan-las-medidas-preventivas-la-adela-dos-casos-cruzando-puente\\\/\"},\"wordCount\":216,\"publisher\":{\"@id\":\"https:\\\/\\\/diariotextual.com\\\/inicio\\\/#organization\"},\"image\":{\"@id\":\"https:\\\/\\\/diariotextual.com\\\/inicio\\\/index.php\\\/2020\\\/04\\\/11\\\/refuerzan-las-medidas-preventivas-la-adela-dos-casos-cruzando-puente\\\/#primaryimage\"},\"thumbnailUrl\":\"https:\\\/\\\/diariotextual.com\\\/inicio\\\/wp-content\\\/uploads\\\/2020\\\/04\\\/laadelariocolorado2020-1.jpg\",\"articleSection\":[\"A - ES NOTICIA (van abajo)\",\"A - PORTADA2\",\"SOCIEDAD\"],\"inLanguage\":\"es\"},{\"@type\":\"WebPage\",\"@id\":\"https:\\\/\\\/diariotextual.com\\\/inicio\\\/index.php\\\/2020\\\/04\\\/11\\\/refuerzan-las-medidas-preventivas-la-adela-dos-casos-cruzando-puente\\\/\",\"url\":\"https:\\\/\\\/diariotextual.com\\\/inicio\\\/index.php\\\/2020\\\/04\\\/11\\\/refuerzan-las-medidas-preventivas-la-adela-dos-casos-cruzando-puente\\\/\",\"name\":\"Refuerzan la prevenci\u00f3n en La Adela: hay dos casos de Covid-19 cruzando el puente - Diario Textual\",\"isPartOf\":{\"@id\":\"https:\\\/\\\/diariotextual.com\\\/inicio\\\/#website\"},\"primaryImageOfPage\":{\"@id\":\"https:\\\/\\\/diariotextual.com\\\/inicio\\\/index.php\\\/2020\\\/04\\\/11\\\/refuerzan-las-medidas-preventivas-la-adela-dos-casos-cruzando-puente\\\/#primaryimage\"},\"image\":{\"@id\":\"https:\\\/\\\/diariotextual.com\\\/inicio\\\/index.php\\\/2020\\\/04\\\/11\\\/refuerzan-las-medidas-preventivas-la-adela-dos-casos-cruzando-puente\\\/#primaryimage\"},\"thumbnailUrl\":\"https:\\\/\\\/diariotextual.com\\\/inicio\\\/wp-content\\\/uploads\\\/2020\\\/04\\\/laadelariocolorado2020-1.jpg\",\"datePublished\":\"2020-04-11T14:48:56+00:00\",\"dateModified\":\"2020-04-11T21:06:56+00:00\",\"breadcrumb\":{\"@id\":\"https:\\\/\\\/diariotextual.com\\\/inicio\\\/index.php\\\/2020\\\/04\\\/11\\\/refuerzan-las-medidas-preventivas-la-adela-dos-casos-cruzando-puente\\\/#breadcrumb\"},\"inLanguage\":\"es\",\"potentialAction\":[{\"@type\":\"ReadAction\",\"target\":[\"https:\\\/\\\/diariotextual.com\\\/inicio\\\/index.php\\\/2020\\\/04\\\/11\\\/refuerzan-las-medidas-preventivas-la-adela-dos-casos-cruzando-puente\\\/\"]}]},{\"@type\":\"ImageObject\",\"inLanguage\":\"es\",\"@id\":\"https:\\\/\\\/diariotextual.com\\\/inicio\\\/index.php\\\/2020\\\/04\\\/11\\\/refuerzan-las-medidas-preventivas-la-adela-dos-casos-cruzando-puente\\\/#primaryimage\",\"url\":\"https:\\\/\\\/diariotextual.com\\\/inicio\\\/wp-content\\\/uploads\\\/2020\\\/04\\\/laadelariocolorado2020-1.jpg\",\"contentUrl\":\"https:\\\/\\\/diariotextual.com\\\/inicio\\\/wp-content\\\/uploads\\\/2020\\\/04\\\/laadelariocolorado2020-1.jpg\",\"width\":900,\"height\":507},{\"@type\":\"BreadcrumbList\",\"@id\":\"https:\\\/\\\/diariotextual.com\\\/inicio\\\/index.php\\\/2020\\\/04\\\/11\\\/refuerzan-las-medidas-preventivas-la-adela-dos-casos-cruzando-puente\\\/#breadcrumb\",\"itemListElement\":[{\"@type\":\"ListItem\",\"position\":1,\"name\":\"Portada\",\"item\":\"https:\\\/\\\/diariotextual.com\\\/inicio\\\/\"},{\"@type\":\"ListItem\",\"position\":2,\"name\":\"Refuerzan la prevenci\u00f3n en La Adela: hay dos casos de Covid-19 cruzando el puente\"}]},{\"@type\":\"WebSite\",\"@id\":\"https:\\\/\\\/diariotextual.com\\\/inicio\\\/#website\",\"url\":\"https:\\\/\\\/diariotextual.com\\\/inicio\\\/\",\"name\":\"Diario Textual\",\"description\":\"\",\"publisher\":{\"@id\":\"https:\\\/\\\/diariotextual.com\\\/inicio\\\/#organization\"},\"potentialAction\":[{\"@type\":\"SearchAction\",\"target\":{\"@type\":\"EntryPoint\",\"urlTemplate\":\"https:\\\/\\\/diariotextual.com\\\/inicio\\\/?s={search_term_string}\"},\"query-input\":{\"@type\":\"PropertyValueSpecification\",\"valueRequired\":true,\"valueName\":\"search_term_string\"}}],\"inLanguage\":\"es\"},{\"@type\":\"Organization\",\"@id\":\"https:\\\/\\\/diariotextual.com\\\/inicio\\\/#organization\",\"name\":\"Diario Textual\",\"url\":\"https:\\\/\\\/diariotextual.com\\\/inicio\\\/\",\"logo\":{\"@type\":\"ImageObject\",\"inLanguage\":\"es\",\"@id\":\"https:\\\/\\\/diariotextual.com\\\/inicio\\\/#\\\/schema\\\/logo\\\/image\\\/\",\"url\":\"https:\\\/\\\/diariotextual.com\\\/inicio\\\/wp-content\\\/uploads\\\/2023\\\/05\\\/logotextual1.jpg\",\"contentUrl\":\"https:\\\/\\\/diariotextual.com\\\/inicio\\\/wp-content\\\/uploads\\\/2023\\\/05\\\/logotextual1.jpg\",\"width\":516,\"height\":76,\"caption\":\"Diario Textual\"},\"image\":{\"@id\":\"https:\\\/\\\/diariotextual.com\\\/inicio\\\/#\\\/schema\\\/logo\\\/image\\\/\"},\"sameAs\":[\"https:\\\/\\\/www.facebook.com\\\/eltextual\",\"https:\\\/\\\/x.com\\\/eltextual\",\"http:\\\/\\\/www.instagram.com\\\/eltextual\"]},{\"@type\":\"Person\",\"@id\":\"https:\\\/\\\/diariotextual.com\\\/inicio\\\/#\\\/schema\\\/person\\\/418fc4093c33e86ed41562db3508f958\",\"name\":\"Diario1 Diario1\",\"image\":{\"@type\":\"ImageObject\",\"inLanguage\":\"es\",\"@id\":\"https:\\\/\\\/secure.gravatar.com\\\/avatar\\\/9167d280179c85bc18be67aa7eda765854300033af4896dd779b608640f2ef7a?s=96&d=mm&r=g\",\"url\":\"https:\\\/\\\/secure.gravatar.com\\\/avatar\\\/9167d280179c85bc18be67aa7eda765854300033af4896dd779b608640f2ef7a?s=96&d=mm&r=g\",\"contentUrl\":\"https:\\\/\\\/secure.gravatar.com\\\/avatar\\\/9167d280179c85bc18be67aa7eda765854300033af4896dd779b608640f2ef7a?s=96&d=mm&r=g\",\"caption\":\"Diario1 Diario1\"},\"url\":\"https:\\\/\\\/diariotextual.com\\\/inicio\\\/index.php\\\/author\\\/diario1\\\/\"}]}<\/script>\n<!-- \/ Yoast SEO plugin. -->","yoast_head_json":{"title":"Refuerzan la prevenci\u00f3n en La Adela: hay dos casos de Covid-19 cruzando el puente - Diario Textual","robots":{"index":"index","follow":"follow","max-snippet":"max-snippet:-1","max-image-preview":"max-image-preview:large","max-video-preview":"max-video-preview:-1"},"canonical":"https:\/\/diariotextual.com\/inicio\/index.php\/2020\/04\/11\/refuerzan-las-medidas-preventivas-la-adela-dos-casos-cruzando-puente\/","og_locale":"es_ES","og_type":"article","og_title":"Refuerzan la prevenci\u00f3n en La Adela: hay dos casos de Covid-19 cruzando el puente - Diario Textual","og_description":"El ministro de Seguridad, Horacio di Napoli, y el subsecretario de Salud, Gustavo Vera, se trasladaron a La Adela para instrumentar un \u201ccontrol epidemiol\u00f3gico sensibilizado\u201d, luego de que en la&hellip;","og_url":"https:\/\/diariotextual.com\/inicio\/index.php\/2020\/04\/11\/refuerzan-las-medidas-preventivas-la-adela-dos-casos-cruzando-puente\/","og_site_name":"Diario Textual","article_publisher":"https:\/\/www.facebook.com\/eltextual","article_published_time":"2020-04-11T14:48:56+00:00","article_modified_time":"2020-04-11T21:06:56+00:00","og_image":[{"width":900,"height":507,"url":"https:\/\/diariotextual.com\/inicio\/wp-content\/uploads\/2020\/04\/laadelariocolorado2020-1.jpg","type":"image\/jpeg"}],"author":"Diario1 Diario1","twitter_card":"summary_large_image","twitter_creator":"@eltextual","twitter_site":"@eltextual","twitter_misc":{"Escrito por":"Diario1 Diario1","Tiempo de lectura":"1 minuto"},"schema":{"@context":"https:\/\/schema.org","@graph":[{"@type":"Article","@id":"https:\/\/diariotextual.com\/inicio\/index.php\/2020\/04\/11\/refuerzan-las-medidas-preventivas-la-adela-dos-casos-cruzando-puente\/#article","isPartOf":{"@id":"https:\/\/diariotextual.com\/inicio\/index.php\/2020\/04\/11\/refuerzan-las-medidas-preventivas-la-adela-dos-casos-cruzando-puente\/"},"author":{"name":"Diario1 Diario1","@id":"https:\/\/diariotextual.com\/inicio\/#\/schema\/person\/418fc4093c33e86ed41562db3508f958"},"headline":"Refuerzan la prevenci\u00f3n en La Adela: hay dos casos de Covid-19 cruzando el puente","datePublished":"2020-04-11T14:48:56+00:00","dateModified":"2020-04-11T21:06:56+00:00","mainEntityOfPage":{"@id":"https:\/\/diariotextual.com\/inicio\/index.php\/2020\/04\/11\/refuerzan-las-medidas-preventivas-la-adela-dos-casos-cruzando-puente\/"},"wordCount":216,"publisher":{"@id":"https:\/\/diariotextual.com\/inicio\/#organization"},"image":{"@id":"https:\/\/diariotextual.com\/inicio\/index.php\/2020\/04\/11\/refuerzan-las-medidas-preventivas-la-adela-dos-casos-cruzando-puente\/#primaryimage"},"thumbnailUrl":"https:\/\/diariotextual.com\/inicio\/wp-content\/uploads\/2020\/04\/laadelariocolorado2020-1.jpg","articleSection":["A - ES NOTICIA (van abajo)","A - PORTADA2","SOCIEDAD"],"inLanguage":"es"},{"@type":"WebPage","@id":"https:\/\/diariotextual.com\/inicio\/index.php\/2020\/04\/11\/refuerzan-las-medidas-preventivas-la-adela-dos-casos-cruzando-puente\/","url":"https:\/\/diariotextual.com\/inicio\/index.php\/2020\/04\/11\/refuerzan-las-medidas-preventivas-la-adela-dos-casos-cruzando-puente\/","name":"Refuerzan la prevenci\u00f3n en La Adela: hay dos casos de Covid-19 cruzando el puente - Diario Textual","isPartOf":{"@id":"https:\/\/diariotextual.com\/inicio\/#website"},"primaryImageOfPage":{"@id":"https:\/\/diariotextual.com\/inicio\/index.php\/2020\/04\/11\/refuerzan-las-medidas-preventivas-la-adela-dos-casos-cruzando-puente\/#primaryimage"},"image":{"@id":"https:\/\/diariotextual.com\/inicio\/index.php\/2020\/04\/11\/refuerzan-las-medidas-preventivas-la-adela-dos-casos-cruzando-puente\/#primaryimage"},"thumbnailUrl":"https:\/\/diariotextual.com\/inicio\/wp-content\/uploads\/2020\/04\/laadelariocolorado2020-1.jpg","datePublished":"2020-04-11T14:48:56+00:00","dateModified":"2020-04-11T21:06:56+00:00","breadcrumb":{"@id":"https:\/\/diariotextual.com\/inicio\/index.php\/2020\/04\/11\/refuerzan-las-medidas-preventivas-la-adela-dos-casos-cruzando-puente\/#breadcrumb"},"inLanguage":"es","potentialAction":[{"@type":"ReadAction","target":["https:\/\/diariotextual.com\/inicio\/index.php\/2020\/04\/11\/refuerzan-las-medidas-preventivas-la-adela-dos-casos-cruzando-puente\/"]}]},{"@type":"ImageObject","inLanguage":"es","@id":"https:\/\/diariotextual.com\/inicio\/index.php\/2020\/04\/11\/refuerzan-las-medidas-preventivas-la-adela-dos-casos-cruzando-puente\/#primaryimage","url":"https:\/\/diariotextual.com\/inicio\/wp-content\/uploads\/2020\/04\/laadelariocolorado2020-1.jpg","contentUrl":"https:\/\/diariotextual.com\/inicio\/wp-content\/uploads\/2020\/04\/laadelariocolorado2020-1.jpg","width":900,"height":507},{"@type":"BreadcrumbList","@id":"https:\/\/diariotextual.com\/inicio\/index.php\/2020\/04\/11\/refuerzan-las-medidas-preventivas-la-adela-dos-casos-cruzando-puente\/#breadcrumb","itemListElement":[{"@type":"ListItem","position":1,"name":"Portada","item":"https:\/\/diariotextual.com\/inicio\/"},{"@type":"ListItem","position":2,"name":"Refuerzan la prevenci\u00f3n en La Adela: hay dos casos de Covid-19 cruzando el puente"}]},{"@type":"WebSite","@id":"https:\/\/diariotextual.com\/inicio\/#website","url":"https:\/\/diariotextual.com\/inicio\/","name":"Diario Textual","description":"","publisher":{"@id":"https:\/\/diariotextual.com\/inicio\/#organization"},"potentialAction":[{"@type":"SearchAction","target":{"@type":"EntryPoint","urlTemplate":"https:\/\/diariotextual.com\/inicio\/?s={search_term_string}"},"query-input":{"@type":"PropertyValueSpecification","valueRequired":true,"valueName":"search_term_string"}}],"inLanguage":"es"},{"@type":"Organization","@id":"https:\/\/diariotextual.com\/inicio\/#organization","name":"Diario Textual","url":"https:\/\/diariotextual.com\/inicio\/","logo":{"@type":"ImageObject","inLanguage":"es","@id":"https:\/\/diariotextual.com\/inicio\/#\/schema\/logo\/image\/","url":"https:\/\/diariotextual.com\/inicio\/wp-content\/uploads\/2023\/05\/logotextual1.jpg","contentUrl":"https:\/\/diariotextual.com\/inicio\/wp-content\/uploads\/2023\/05\/logotextual1.jpg","width":516,"height":76,"caption":"Diario Textual"},"image":{"@id":"https:\/\/diariotextual.com\/inicio\/#\/schema\/logo\/image\/"},"sameAs":["https:\/\/www.facebook.com\/eltextual","https:\/\/x.com\/eltextual","http:\/\/www.instagram.com\/eltextual"]},{"@type":"Person","@id":"https:\/\/diariotextual.com\/inicio\/#\/schema\/person\/418fc4093c33e86ed41562db3508f958","name":"Diario1 Diario1","image":{"@type":"ImageObject","inLanguage":"es","@id":"https:\/\/secure.gravatar.com\/avatar\/9167d280179c85bc18be67aa7eda765854300033af4896dd779b608640f2ef7a?s=96&d=mm&r=g","url":"https:\/\/secure.gravatar.com\/avatar\/9167d280179c85bc18be67aa7eda765854300033af4896dd779b608640f2ef7a?s=96&d=mm&r=g","contentUrl":"https:\/\/secure.gravatar.com\/avatar\/9167d280179c85bc18be67aa7eda765854300033af4896dd779b608640f2ef7a?s=96&d=mm&r=g","caption":"Diario1 Diario1"},"url":"https:\/\/diariotextual.com\/inicio\/index.php\/author\/diario1\/"}]}},"_links":{"self":[{"href":"https:\/\/diariotextual.com\/inicio\/index.php\/wp-json\/wp\/v2\/posts\/88689","targetHints":{"allow":["GET"]}}],"collection":[{"href":"https:\/\/diariotextual.com\/inicio\/index.php\/wp-json\/wp\/v2\/posts"}],"about":[{"href":"https:\/\/diariotextual.com\/inicio\/index.php\/wp-json\/wp\/v2\/types\/post"}],"author":[{"embeddable":true,"href":"https:\/\/diariotextual.com\/inicio\/index.php\/wp-json\/wp\/v2\/users\/3"}],"replies":[{"embeddable":true,"href":"https:\/\/diariotextual.com\/inicio\/index.php\/wp-json\/wp\/v2\/comments?post=88689"}],"version-history":[{"count":5,"href":"https:\/\/diariotextual.com\/inicio\/index.php\/wp-json\/wp\/v2\/posts\/88689\/revisions"}],"predecessor-version":[{"id":88700,"href":"https:\/\/diariotextual.com\/inicio\/index.php\/wp-json\/wp\/v2\/posts\/88689\/revisions\/88700"}],"wp:featuredmedia":[{"embeddable":true,"href":"https:\/\/diariotextual.com\/inicio\/index.php\/wp-json\/wp\/v2\/media\/88692"}],"wp:attachment":[{"href":"https:\/\/diariotextual.com\/inicio\/index.php\/wp-json\/wp\/v2\/media?parent=88689"}],"wp:term":[{"taxonomy":"category","embeddable":true,"href":"https:\/\/diariotextual.com\/inicio\/index.php\/wp-json\/wp\/v2\/categories?post=88689"},{"taxonomy":"post_tag","embeddable":true,"href":"https:\/\/diariotextual.com\/inicio\/index.php\/wp-json\/wp\/v2\/tags?post=88689"}],"curies":[{"name":"wp","href":"https:\/\/api.w.org\/{rel}","templated":true}]}}