{"id":88724,"date":"2020-04-11T14:38:07","date_gmt":"2020-04-11T17:38:07","guid":{"rendered":"http:\/\/diariotextual.com\/inicio\/?p=88724"},"modified":"2020-04-12T09:42:47","modified_gmt":"2020-04-12T12:42:47","slug":"alberto-destaco-la-seriedad-ziliotto-no-flexibilizar-la-cuarentena","status":"publish","type":"post","link":"https:\/\/diariotextual.com\/inicio\/index.php\/2020\/04\/11\/alberto-destaco-la-seriedad-ziliotto-no-flexibilizar-la-cuarentena\/","title":{"rendered":"Alberto destac\u00f3 la \u00abseriedad\u00bb de Ziliotto por no flexibilizar la cuarentena"},"content":{"rendered":"<p>El presidente <strong>Alberto Fern\u00e1ndez<\/strong> respald\u00f3 este s\u00e1bado al<strong> Gobierno pampeano y<\/strong>, particularmente, al gobernador<strong> Sergio Ziliotto<\/strong> por<a href=\"http:\/\/diariotextual.com\/inicio\/index.php\/2020\/04\/11\/comite-crisis-decidio-no-mayores-flexibilizaciones-la-cuarentena-la-pampa\/\" target=\"_blank\" rel=\"noopener\"><strong> mantener la cuarentena obligatoria<\/strong> <\/a>y sin flexibilizaciones hasta el 26 de abril.<\/p>\n<p><strong>\u00abGracias al Gobierno de La Pampa y al gobernador Sergio Ziliotto por la seriedad y el compromiso que asumen frente al dif\u00edcil momento que enfrentamos\u00bb<\/strong>, tuite\u00f3 el mandatario presidencial. \u00abVamos a proteger la econom\u00eda y el trabajo cuidando primero la salud y la vida de argentinos y argentinas. <strong>\u00a1De todes les argentines!<\/strong>\u00ab.<\/p>\n<p>El Gobierno de Sergio Ziliotto decidi\u00f3, por el momento, <a href=\"http:\/\/diariotextual.com\/inicio\/index.php\/2020\/04\/11\/comite-crisis-decidio-no-mayores-flexibilizaciones-la-cuarentena-la-pampa\/\" target=\"_blank\" rel=\"noopener\"><strong>no flexibilizar la cuarentena<\/strong><\/a> en La Pampa. \u00abLa decisi\u00f3n del Comit\u00e9 de Crisis se fund\u00f3 en la realidad sanitaria provincial, la que se logr\u00f3 con el esfuerzo de todos los pampeanos\u00bb, inform\u00f3 el Gobierno, en un comunicado de prensa. \u00ab<strong>El comit\u00e9 ratific\u00f3 que la mayor apertura de actividades generar\u00eda menor posibilidad de control de la circulaci\u00f3n social y, por ende, mayor riesgo de propagaci\u00f3n del virus<\/strong>\u00ab, sostuvo.<\/p>\n<blockquote class=\"twitter-tweet\">\n<p dir=\"ltr\" lang=\"es\">Gracias al <a href=\"https:\/\/twitter.com\/GobiernoLaPampa?ref_src=twsrc%5Etfw\">@GobiernoLaPampa<\/a> y al gobernador <a href=\"https:\/\/twitter.com\/ZiliottoSergio?ref_src=twsrc%5Etfw\">@ZiliottoSergio<\/a> por la seriedad y el compromiso que asumen frente al dif\u00edcil momento que enfrentamos. Vamos a proteger la econom\u00eda y el trabajo cuidando primero la salud y la vida de argentinos y argentinas. De todes les argentines! <a href=\"https:\/\/t.co\/M2svDVvGco\">https:\/\/t.co\/M2svDVvGco<\/a><\/p>\n<p>\u2014 Alberto Fern\u00e1ndez (@alferdez) <a href=\"https:\/\/twitter.com\/alferdez\/status\/1249022768714256385?ref_src=twsrc%5Etfw\">April 11, 2020<\/a><\/p><\/blockquote>\n<p><script async src=\"https:\/\/platform.twitter.com\/widgets.js\" charset=\"utf-8\"><\/script><\/p>\n<p>&nbsp;<\/p>\n<p>&nbsp;<\/p>\n<p>Ziliotto, adem\u00e1s de no flexibilizar por el momento la cuarentena, dijo que\u00a0<strong>dar\u00e1 auxilio a un sector que a\u00fan no ha sido contemplado: los trabajadores independientes, asfixiados econ\u00f3micamente por la cuarentena<\/strong>. A\u00fan, sin embargo, desde Casa de Gobierno no dieron precisiones sobre c\u00f3mo se instrumentar\u00e1 la ayuda.<\/p>\n<p>&nbsp;<\/p>\n<blockquote class=\"wp-embedded-content\" data-secret=\"p5iYfV1lHt\"><p><a href=\"http:\/\/diariotextual.com\/inicio\/index.php\/2020\/04\/11\/epidemiologia-ya-se-descartaron-66-casos-sospechosos-covid-19-la-provincia\/\">Epidemiolog\u00eda: ya se descartaron 66 casos sospechosos de Covid-19 en la provincia<\/a><\/p><\/blockquote>\n<p><iframe class=\"wp-embedded-content\" sandbox=\"allow-scripts\" security=\"restricted\" style=\"position: absolute; clip: rect(1px, 1px, 1px, 1px);\" src=\"http:\/\/diariotextual.com\/inicio\/index.php\/2020\/04\/11\/epidemiologia-ya-se-descartaron-66-casos-sospechosos-covid-19-la-provincia\/embed\/#?secret=p5iYfV1lHt\" data-secret=\"p5iYfV1lHt\" width=\"600\" height=\"338\" title=\"&#171;Epidemiolog\u00eda: ya se descartaron 66 casos sospechosos de Covid-19 en la provincia&#187; &#8212; Diario Textual\" frameborder=\"0\" marginwidth=\"0\" marginheight=\"0\" scrolling=\"no\"><\/iframe><\/p>\n<p>&nbsp;<\/p>\n<p>&nbsp;<\/p>\n","protected":false},"excerpt":{"rendered":"<p>El presidente Alberto Fern\u00e1ndez respald\u00f3 este s\u00e1bado al Gobierno pampeano y, particularmente, al gobernador Sergio Ziliotto por mantener la cuarentena obligatoria y sin flexibilizaciones hasta el 26 de abril. \u00abGracias&hellip;<\/p>\n","protected":false},"author":3,"featured_media":69764,"comment_status":"closed","ping_status":"open","sticky":false,"template":"","format":"standard","meta":{"_acf_changed":false,"footnotes":""},"categories":[319,8],"tags":[2853],"class_list":["post-88724","post","type-post","status-publish","format-standard","has-post-thumbnail","hentry","category-a-temporales","category-politica","tag-cuarentena"],"acf":[],"yoast_head":"<!-- This site is optimized with the Yoast SEO plugin v27.5 - https:\/\/yoast.com\/product\/yoast-seo-wordpress\/ -->\n<title>Alberto destac\u00f3 la &quot;seriedad&quot; de Ziliotto por no flexibilizar la cuarentena - Diario Textual<\/title>\n<meta name=\"robots\" content=\"index, follow, max-snippet:-1, max-image-preview:large, max-video-preview:-1\" \/>\n<link rel=\"canonical\" href=\"https:\/\/diariotextual.com\/inicio\/index.php\/2020\/04\/11\/alberto-destaco-la-seriedad-ziliotto-no-flexibilizar-la-cuarentena\/\" \/>\n<meta property=\"og:locale\" content=\"es_ES\" \/>\n<meta property=\"og:type\" content=\"article\" \/>\n<meta property=\"og:title\" content=\"Alberto destac\u00f3 la &quot;seriedad&quot; de Ziliotto por no flexibilizar la cuarentena - Diario Textual\" \/>\n<meta property=\"og:description\" content=\"El presidente Alberto Fern\u00e1ndez respald\u00f3 este s\u00e1bado al Gobierno pampeano y, particularmente, al gobernador Sergio Ziliotto por mantener la cuarentena obligatoria y sin flexibilizaciones hasta el 26 de abril. \u00abGracias&hellip;\" \/>\n<meta property=\"og:url\" content=\"https:\/\/diariotextual.com\/inicio\/index.php\/2020\/04\/11\/alberto-destaco-la-seriedad-ziliotto-no-flexibilizar-la-cuarentena\/\" \/>\n<meta property=\"og:site_name\" content=\"Diario Textual\" \/>\n<meta property=\"article:publisher\" content=\"https:\/\/www.facebook.com\/eltextual\" \/>\n<meta property=\"article:published_time\" content=\"2020-04-11T17:38:07+00:00\" \/>\n<meta property=\"article:modified_time\" content=\"2020-04-12T12:42:47+00:00\" \/>\n<meta property=\"og:image\" content=\"https:\/\/diariotextual.com\/inicio\/wp-content\/uploads\/2019\/11\/ziliottofernandezalberto2019-20000.jpeg\" \/>\n\t<meta property=\"og:image:width\" content=\"1280\" \/>\n\t<meta property=\"og:image:height\" content=\"853\" \/>\n\t<meta property=\"og:image:type\" content=\"image\/jpeg\" \/>\n<meta name=\"author\" content=\"Diario1 Diario1\" \/>\n<meta name=\"twitter:card\" content=\"summary_large_image\" \/>\n<meta name=\"twitter:creator\" content=\"@eltextual\" \/>\n<meta name=\"twitter:site\" content=\"@eltextual\" \/>\n<meta name=\"twitter:label1\" content=\"Escrito por\" \/>\n\t<meta name=\"twitter:data1\" content=\"Diario1 Diario1\" \/>\n\t<meta name=\"twitter:label2\" content=\"Tiempo de lectura\" \/>\n\t<meta name=\"twitter:data2\" content=\"1 minuto\" \/>\n<script type=\"application\/ld+json\" class=\"yoast-schema-graph\">{\"@context\":\"https:\\\/\\\/schema.org\",\"@graph\":[{\"@type\":\"Article\",\"@id\":\"https:\\\/\\\/diariotextual.com\\\/inicio\\\/index.php\\\/2020\\\/04\\\/11\\\/alberto-destaco-la-seriedad-ziliotto-no-flexibilizar-la-cuarentena\\\/#article\",\"isPartOf\":{\"@id\":\"https:\\\/\\\/diariotextual.com\\\/inicio\\\/index.php\\\/2020\\\/04\\\/11\\\/alberto-destaco-la-seriedad-ziliotto-no-flexibilizar-la-cuarentena\\\/\"},\"author\":{\"name\":\"Diario1 Diario1\",\"@id\":\"https:\\\/\\\/diariotextual.com\\\/inicio\\\/#\\\/schema\\\/person\\\/418fc4093c33e86ed41562db3508f958\"},\"headline\":\"Alberto destac\u00f3 la \u00abseriedad\u00bb de Ziliotto por no flexibilizar la cuarentena\",\"datePublished\":\"2020-04-11T17:38:07+00:00\",\"dateModified\":\"2020-04-12T12:42:47+00:00\",\"mainEntityOfPage\":{\"@id\":\"https:\\\/\\\/diariotextual.com\\\/inicio\\\/index.php\\\/2020\\\/04\\\/11\\\/alberto-destaco-la-seriedad-ziliotto-no-flexibilizar-la-cuarentena\\\/\"},\"wordCount\":297,\"publisher\":{\"@id\":\"https:\\\/\\\/diariotextual.com\\\/inicio\\\/#organization\"},\"image\":{\"@id\":\"https:\\\/\\\/diariotextual.com\\\/inicio\\\/index.php\\\/2020\\\/04\\\/11\\\/alberto-destaco-la-seriedad-ziliotto-no-flexibilizar-la-cuarentena\\\/#primaryimage\"},\"thumbnailUrl\":\"https:\\\/\\\/diariotextual.com\\\/inicio\\\/wp-content\\\/uploads\\\/2019\\\/11\\\/ziliottofernandezalberto2019-20000.jpeg\",\"keywords\":[\"cuarentena\"],\"articleSection\":[\"A - TEMPORALES\",\"POLITICA\"],\"inLanguage\":\"es\"},{\"@type\":\"WebPage\",\"@id\":\"https:\\\/\\\/diariotextual.com\\\/inicio\\\/index.php\\\/2020\\\/04\\\/11\\\/alberto-destaco-la-seriedad-ziliotto-no-flexibilizar-la-cuarentena\\\/\",\"url\":\"https:\\\/\\\/diariotextual.com\\\/inicio\\\/index.php\\\/2020\\\/04\\\/11\\\/alberto-destaco-la-seriedad-ziliotto-no-flexibilizar-la-cuarentena\\\/\",\"name\":\"Alberto destac\u00f3 la \\\"seriedad\\\" de Ziliotto por no flexibilizar la cuarentena - Diario Textual\",\"isPartOf\":{\"@id\":\"https:\\\/\\\/diariotextual.com\\\/inicio\\\/#website\"},\"primaryImageOfPage\":{\"@id\":\"https:\\\/\\\/diariotextual.com\\\/inicio\\\/index.php\\\/2020\\\/04\\\/11\\\/alberto-destaco-la-seriedad-ziliotto-no-flexibilizar-la-cuarentena\\\/#primaryimage\"},\"image\":{\"@id\":\"https:\\\/\\\/diariotextual.com\\\/inicio\\\/index.php\\\/2020\\\/04\\\/11\\\/alberto-destaco-la-seriedad-ziliotto-no-flexibilizar-la-cuarentena\\\/#primaryimage\"},\"thumbnailUrl\":\"https:\\\/\\\/diariotextual.com\\\/inicio\\\/wp-content\\\/uploads\\\/2019\\\/11\\\/ziliottofernandezalberto2019-20000.jpeg\",\"datePublished\":\"2020-04-11T17:38:07+00:00\",\"dateModified\":\"2020-04-12T12:42:47+00:00\",\"breadcrumb\":{\"@id\":\"https:\\\/\\\/diariotextual.com\\\/inicio\\\/index.php\\\/2020\\\/04\\\/11\\\/alberto-destaco-la-seriedad-ziliotto-no-flexibilizar-la-cuarentena\\\/#breadcrumb\"},\"inLanguage\":\"es\",\"potentialAction\":[{\"@type\":\"ReadAction\",\"target\":[\"https:\\\/\\\/diariotextual.com\\\/inicio\\\/index.php\\\/2020\\\/04\\\/11\\\/alberto-destaco-la-seriedad-ziliotto-no-flexibilizar-la-cuarentena\\\/\"]}]},{\"@type\":\"ImageObject\",\"inLanguage\":\"es\",\"@id\":\"https:\\\/\\\/diariotextual.com\\\/inicio\\\/index.php\\\/2020\\\/04\\\/11\\\/alberto-destaco-la-seriedad-ziliotto-no-flexibilizar-la-cuarentena\\\/#primaryimage\",\"url\":\"https:\\\/\\\/diariotextual.com\\\/inicio\\\/wp-content\\\/uploads\\\/2019\\\/11\\\/ziliottofernandezalberto2019-20000.jpeg\",\"contentUrl\":\"https:\\\/\\\/diariotextual.com\\\/inicio\\\/wp-content\\\/uploads\\\/2019\\\/11\\\/ziliottofernandezalberto2019-20000.jpeg\",\"width\":1280,\"height\":853},{\"@type\":\"BreadcrumbList\",\"@id\":\"https:\\\/\\\/diariotextual.com\\\/inicio\\\/index.php\\\/2020\\\/04\\\/11\\\/alberto-destaco-la-seriedad-ziliotto-no-flexibilizar-la-cuarentena\\\/#breadcrumb\",\"itemListElement\":[{\"@type\":\"ListItem\",\"position\":1,\"name\":\"Portada\",\"item\":\"https:\\\/\\\/diariotextual.com\\\/inicio\\\/\"},{\"@type\":\"ListItem\",\"position\":2,\"name\":\"Alberto destac\u00f3 la \u00abseriedad\u00bb de Ziliotto por no flexibilizar la cuarentena\"}]},{\"@type\":\"WebSite\",\"@id\":\"https:\\\/\\\/diariotextual.com\\\/inicio\\\/#website\",\"url\":\"https:\\\/\\\/diariotextual.com\\\/inicio\\\/\",\"name\":\"Diario Textual\",\"description\":\"\",\"publisher\":{\"@id\":\"https:\\\/\\\/diariotextual.com\\\/inicio\\\/#organization\"},\"potentialAction\":[{\"@type\":\"SearchAction\",\"target\":{\"@type\":\"EntryPoint\",\"urlTemplate\":\"https:\\\/\\\/diariotextual.com\\\/inicio\\\/?s={search_term_string}\"},\"query-input\":{\"@type\":\"PropertyValueSpecification\",\"valueRequired\":true,\"valueName\":\"search_term_string\"}}],\"inLanguage\":\"es\"},{\"@type\":\"Organization\",\"@id\":\"https:\\\/\\\/diariotextual.com\\\/inicio\\\/#organization\",\"name\":\"Diario Textual\",\"url\":\"https:\\\/\\\/diariotextual.com\\\/inicio\\\/\",\"logo\":{\"@type\":\"ImageObject\",\"inLanguage\":\"es\",\"@id\":\"https:\\\/\\\/diariotextual.com\\\/inicio\\\/#\\\/schema\\\/logo\\\/image\\\/\",\"url\":\"https:\\\/\\\/diariotextual.com\\\/inicio\\\/wp-content\\\/uploads\\\/2023\\\/05\\\/logotextual1.jpg\",\"contentUrl\":\"https:\\\/\\\/diariotextual.com\\\/inicio\\\/wp-content\\\/uploads\\\/2023\\\/05\\\/logotextual1.jpg\",\"width\":516,\"height\":76,\"caption\":\"Diario Textual\"},\"image\":{\"@id\":\"https:\\\/\\\/diariotextual.com\\\/inicio\\\/#\\\/schema\\\/logo\\\/image\\\/\"},\"sameAs\":[\"https:\\\/\\\/www.facebook.com\\\/eltextual\",\"https:\\\/\\\/x.com\\\/eltextual\",\"http:\\\/\\\/www.instagram.com\\\/eltextual\"]},{\"@type\":\"Person\",\"@id\":\"https:\\\/\\\/diariotextual.com\\\/inicio\\\/#\\\/schema\\\/person\\\/418fc4093c33e86ed41562db3508f958\",\"name\":\"Diario1 Diario1\",\"image\":{\"@type\":\"ImageObject\",\"inLanguage\":\"es\",\"@id\":\"https:\\\/\\\/secure.gravatar.com\\\/avatar\\\/9167d280179c85bc18be67aa7eda765854300033af4896dd779b608640f2ef7a?s=96&d=mm&r=g\",\"url\":\"https:\\\/\\\/secure.gravatar.com\\\/avatar\\\/9167d280179c85bc18be67aa7eda765854300033af4896dd779b608640f2ef7a?s=96&d=mm&r=g\",\"contentUrl\":\"https:\\\/\\\/secure.gravatar.com\\\/avatar\\\/9167d280179c85bc18be67aa7eda765854300033af4896dd779b608640f2ef7a?s=96&d=mm&r=g\",\"caption\":\"Diario1 Diario1\"},\"url\":\"https:\\\/\\\/diariotextual.com\\\/inicio\\\/index.php\\\/author\\\/diario1\\\/\"}]}<\/script>\n<!-- \/ Yoast SEO plugin. -->","yoast_head_json":{"title":"Alberto destac\u00f3 la \"seriedad\" de Ziliotto por no flexibilizar la cuarentena - Diario Textual","robots":{"index":"index","follow":"follow","max-snippet":"max-snippet:-1","max-image-preview":"max-image-preview:large","max-video-preview":"max-video-preview:-1"},"canonical":"https:\/\/diariotextual.com\/inicio\/index.php\/2020\/04\/11\/alberto-destaco-la-seriedad-ziliotto-no-flexibilizar-la-cuarentena\/","og_locale":"es_ES","og_type":"article","og_title":"Alberto destac\u00f3 la \"seriedad\" de Ziliotto por no flexibilizar la cuarentena - Diario Textual","og_description":"El presidente Alberto Fern\u00e1ndez respald\u00f3 este s\u00e1bado al Gobierno pampeano y, particularmente, al gobernador Sergio Ziliotto por mantener la cuarentena obligatoria y sin flexibilizaciones hasta el 26 de abril. \u00abGracias&hellip;","og_url":"https:\/\/diariotextual.com\/inicio\/index.php\/2020\/04\/11\/alberto-destaco-la-seriedad-ziliotto-no-flexibilizar-la-cuarentena\/","og_site_name":"Diario Textual","article_publisher":"https:\/\/www.facebook.com\/eltextual","article_published_time":"2020-04-11T17:38:07+00:00","article_modified_time":"2020-04-12T12:42:47+00:00","og_image":[{"width":1280,"height":853,"url":"https:\/\/diariotextual.com\/inicio\/wp-content\/uploads\/2019\/11\/ziliottofernandezalberto2019-20000.jpeg","type":"image\/jpeg"}],"author":"Diario1 Diario1","twitter_card":"summary_large_image","twitter_creator":"@eltextual","twitter_site":"@eltextual","twitter_misc":{"Escrito por":"Diario1 Diario1","Tiempo de lectura":"1 minuto"},"schema":{"@context":"https:\/\/schema.org","@graph":[{"@type":"Article","@id":"https:\/\/diariotextual.com\/inicio\/index.php\/2020\/04\/11\/alberto-destaco-la-seriedad-ziliotto-no-flexibilizar-la-cuarentena\/#article","isPartOf":{"@id":"https:\/\/diariotextual.com\/inicio\/index.php\/2020\/04\/11\/alberto-destaco-la-seriedad-ziliotto-no-flexibilizar-la-cuarentena\/"},"author":{"name":"Diario1 Diario1","@id":"https:\/\/diariotextual.com\/inicio\/#\/schema\/person\/418fc4093c33e86ed41562db3508f958"},"headline":"Alberto destac\u00f3 la \u00abseriedad\u00bb de Ziliotto por no flexibilizar la cuarentena","datePublished":"2020-04-11T17:38:07+00:00","dateModified":"2020-04-12T12:42:47+00:00","mainEntityOfPage":{"@id":"https:\/\/diariotextual.com\/inicio\/index.php\/2020\/04\/11\/alberto-destaco-la-seriedad-ziliotto-no-flexibilizar-la-cuarentena\/"},"wordCount":297,"publisher":{"@id":"https:\/\/diariotextual.com\/inicio\/#organization"},"image":{"@id":"https:\/\/diariotextual.com\/inicio\/index.php\/2020\/04\/11\/alberto-destaco-la-seriedad-ziliotto-no-flexibilizar-la-cuarentena\/#primaryimage"},"thumbnailUrl":"https:\/\/diariotextual.com\/inicio\/wp-content\/uploads\/2019\/11\/ziliottofernandezalberto2019-20000.jpeg","keywords":["cuarentena"],"articleSection":["A - TEMPORALES","POLITICA"],"inLanguage":"es"},{"@type":"WebPage","@id":"https:\/\/diariotextual.com\/inicio\/index.php\/2020\/04\/11\/alberto-destaco-la-seriedad-ziliotto-no-flexibilizar-la-cuarentena\/","url":"https:\/\/diariotextual.com\/inicio\/index.php\/2020\/04\/11\/alberto-destaco-la-seriedad-ziliotto-no-flexibilizar-la-cuarentena\/","name":"Alberto destac\u00f3 la \"seriedad\" de Ziliotto por no flexibilizar la cuarentena - Diario Textual","isPartOf":{"@id":"https:\/\/diariotextual.com\/inicio\/#website"},"primaryImageOfPage":{"@id":"https:\/\/diariotextual.com\/inicio\/index.php\/2020\/04\/11\/alberto-destaco-la-seriedad-ziliotto-no-flexibilizar-la-cuarentena\/#primaryimage"},"image":{"@id":"https:\/\/diariotextual.com\/inicio\/index.php\/2020\/04\/11\/alberto-destaco-la-seriedad-ziliotto-no-flexibilizar-la-cuarentena\/#primaryimage"},"thumbnailUrl":"https:\/\/diariotextual.com\/inicio\/wp-content\/uploads\/2019\/11\/ziliottofernandezalberto2019-20000.jpeg","datePublished":"2020-04-11T17:38:07+00:00","dateModified":"2020-04-12T12:42:47+00:00","breadcrumb":{"@id":"https:\/\/diariotextual.com\/inicio\/index.php\/2020\/04\/11\/alberto-destaco-la-seriedad-ziliotto-no-flexibilizar-la-cuarentena\/#breadcrumb"},"inLanguage":"es","potentialAction":[{"@type":"ReadAction","target":["https:\/\/diariotextual.com\/inicio\/index.php\/2020\/04\/11\/alberto-destaco-la-seriedad-ziliotto-no-flexibilizar-la-cuarentena\/"]}]},{"@type":"ImageObject","inLanguage":"es","@id":"https:\/\/diariotextual.com\/inicio\/index.php\/2020\/04\/11\/alberto-destaco-la-seriedad-ziliotto-no-flexibilizar-la-cuarentena\/#primaryimage","url":"https:\/\/diariotextual.com\/inicio\/wp-content\/uploads\/2019\/11\/ziliottofernandezalberto2019-20000.jpeg","contentUrl":"https:\/\/diariotextual.com\/inicio\/wp-content\/uploads\/2019\/11\/ziliottofernandezalberto2019-20000.jpeg","width":1280,"height":853},{"@type":"BreadcrumbList","@id":"https:\/\/diariotextual.com\/inicio\/index.php\/2020\/04\/11\/alberto-destaco-la-seriedad-ziliotto-no-flexibilizar-la-cuarentena\/#breadcrumb","itemListElement":[{"@type":"ListItem","position":1,"name":"Portada","item":"https:\/\/diariotextual.com\/inicio\/"},{"@type":"ListItem","position":2,"name":"Alberto destac\u00f3 la \u00abseriedad\u00bb de Ziliotto por no flexibilizar la cuarentena"}]},{"@type":"WebSite","@id":"https:\/\/diariotextual.com\/inicio\/#website","url":"https:\/\/diariotextual.com\/inicio\/","name":"Diario Textual","description":"","publisher":{"@id":"https:\/\/diariotextual.com\/inicio\/#organization"},"potentialAction":[{"@type":"SearchAction","target":{"@type":"EntryPoint","urlTemplate":"https:\/\/diariotextual.com\/inicio\/?s={search_term_string}"},"query-input":{"@type":"PropertyValueSpecification","valueRequired":true,"valueName":"search_term_string"}}],"inLanguage":"es"},{"@type":"Organization","@id":"https:\/\/diariotextual.com\/inicio\/#organization","name":"Diario Textual","url":"https:\/\/diariotextual.com\/inicio\/","logo":{"@type":"ImageObject","inLanguage":"es","@id":"https:\/\/diariotextual.com\/inicio\/#\/schema\/logo\/image\/","url":"https:\/\/diariotextual.com\/inicio\/wp-content\/uploads\/2023\/05\/logotextual1.jpg","contentUrl":"https:\/\/diariotextual.com\/inicio\/wp-content\/uploads\/2023\/05\/logotextual1.jpg","width":516,"height":76,"caption":"Diario Textual"},"image":{"@id":"https:\/\/diariotextual.com\/inicio\/#\/schema\/logo\/image\/"},"sameAs":["https:\/\/www.facebook.com\/eltextual","https:\/\/x.com\/eltextual","http:\/\/www.instagram.com\/eltextual"]},{"@type":"Person","@id":"https:\/\/diariotextual.com\/inicio\/#\/schema\/person\/418fc4093c33e86ed41562db3508f958","name":"Diario1 Diario1","image":{"@type":"ImageObject","inLanguage":"es","@id":"https:\/\/secure.gravatar.com\/avatar\/9167d280179c85bc18be67aa7eda765854300033af4896dd779b608640f2ef7a?s=96&d=mm&r=g","url":"https:\/\/secure.gravatar.com\/avatar\/9167d280179c85bc18be67aa7eda765854300033af4896dd779b608640f2ef7a?s=96&d=mm&r=g","contentUrl":"https:\/\/secure.gravatar.com\/avatar\/9167d280179c85bc18be67aa7eda765854300033af4896dd779b608640f2ef7a?s=96&d=mm&r=g","caption":"Diario1 Diario1"},"url":"https:\/\/diariotextual.com\/inicio\/index.php\/author\/diario1\/"}]}},"_links":{"self":[{"href":"https:\/\/diariotextual.com\/inicio\/index.php\/wp-json\/wp\/v2\/posts\/88724","targetHints":{"allow":["GET"]}}],"collection":[{"href":"https:\/\/diariotextual.com\/inicio\/index.php\/wp-json\/wp\/v2\/posts"}],"about":[{"href":"https:\/\/diariotextual.com\/inicio\/index.php\/wp-json\/wp\/v2\/types\/post"}],"author":[{"embeddable":true,"href":"https:\/\/diariotextual.com\/inicio\/index.php\/wp-json\/wp\/v2\/users\/3"}],"replies":[{"embeddable":true,"href":"https:\/\/diariotextual.com\/inicio\/index.php\/wp-json\/wp\/v2\/comments?post=88724"}],"version-history":[{"count":6,"href":"https:\/\/diariotextual.com\/inicio\/index.php\/wp-json\/wp\/v2\/posts\/88724\/revisions"}],"predecessor-version":[{"id":88739,"href":"https:\/\/diariotextual.com\/inicio\/index.php\/wp-json\/wp\/v2\/posts\/88724\/revisions\/88739"}],"wp:featuredmedia":[{"embeddable":true,"href":"https:\/\/diariotextual.com\/inicio\/index.php\/wp-json\/wp\/v2\/media\/69764"}],"wp:attachment":[{"href":"https:\/\/diariotextual.com\/inicio\/index.php\/wp-json\/wp\/v2\/media?parent=88724"}],"wp:term":[{"taxonomy":"category","embeddable":true,"href":"https:\/\/diariotextual.com\/inicio\/index.php\/wp-json\/wp\/v2\/categories?post=88724"},{"taxonomy":"post_tag","embeddable":true,"href":"https:\/\/diariotextual.com\/inicio\/index.php\/wp-json\/wp\/v2\/tags?post=88724"}],"curies":[{"name":"wp","href":"https:\/\/api.w.org\/{rel}","templated":true}]}}