{"id":88734,"date":"2020-04-11T17:45:06","date_gmt":"2020-04-11T20:45:06","guid":{"rendered":"http:\/\/diariotextual.com\/inicio\/?p=88734"},"modified":"2020-04-12T10:29:08","modified_gmt":"2020-04-12T13:29:08","slug":"epidemiologia-ya-se-descartaron-66-casos-sospechosos-covid-19-la-provincia","status":"publish","type":"post","link":"https:\/\/diariotextual.com\/inicio\/index.php\/2020\/04\/11\/epidemiologia-ya-se-descartaron-66-casos-sospechosos-covid-19-la-provincia\/","title":{"rendered":"Epidemiolog\u00eda: ya se descartaron 66 casos sospechosos de Covid-19 en la provincia"},"content":{"rendered":"<p>\u201cUna vez que termine la cuarentena por el coronavirus Covid-19, no vamos a poder volver a la vida normal. <strong>Hay un antes y un despu\u00e9s, y vamos a convivir con el coronavirus.<\/strong> Por eso, desde ahora y para siempre, hay que tomar recaudos para que la ocurrencia de casos sea la m\u00ednima posible\u201d. Lo dijo<strong> Ana Bertone<\/strong>, directora de Epidemiolog\u00eda de La Pampa, en di\u00e1logo con <strong>Radio Textual (FM Sonar)<\/strong>.<\/p>\n<p>\u201cEn La Pampa se mantiene en etapa de prevenci\u00f3n, por lo que<strong> continuamos con las medidas intensivas para reducir la circulaci\u00f3n del virus y disminuir su transmisi\u00f3n<\/strong>\u201d, dijo.<\/p>\n<p>Justific\u00f3 la extensi\u00f3n de la cuarentena obligatoria. \u00abLa idea es prepararse para que haya una circulaci\u00f3n pero con bajo nivel de casos, para poder darle asistencia a todos los casos (en los hospitales)\u00bb, expres\u00f3.<\/p>\n<p><strong>Confirm\u00f3 que a la fecha se han realizado testeos a 66 personas<\/strong>. Son 61 los casos descartados y 5 los confirmados, todos pacientes con antecedentes de viaje al exterior que se encuentran monitoreados por el equipo de salud.<\/p>\n<p>Las muestras para diagn\u00f3stico de Covid-19 son procesadas por el Laboratorio Central de la Direcci\u00f3n de Epidemiolog\u00eda y el Laboratorio de Microbiolog\u00eda del Hospital Centeno de General Pico, a trav\u00e9s de la t\u00e9cnica PCR en tiempo real. \u201cEs un test que est\u00e1 validado. Es un reactivo confiable\u201d, dijo.<\/p>\n<p><strong>Los testeos se hacen ante los casos sospechosos.<\/strong> El protocolo del Ministerio de Salud identifica como \u201ccaso sospechoso\u201d a toda persona que presente fiebre y uno o m\u00e1s s\u00edntomas respiratorios (tos, dificultad respiratoria y odinofagia) sin otra etiolog\u00eda que explique completamente la presentaci\u00f3n cl\u00ednica, y que en los \u00faltimos 14 d\u00edas haya estado en contacto con casos confirmados por laboratorio de Covid-19 o tenga un historial de viaje por fuera del pa\u00eds; de viaje o residencia en zonas de transmisi\u00f3n local (ya sea comunitaria o conglomerados) de Covid-19 en Argentina (ciudad de Buenos Aires y \u00e1rea metropolitana de Buenos Aires y provincias de Chaco, Santa Fe, C\u00f3rdoba y Tierra del Fuego).<\/p>\n<blockquote class=\"wp-embedded-content\" data-secret=\"xIM1JaLToD\"><p><a href=\"http:\/\/diariotextual.com\/inicio\/index.php\/2020\/04\/11\/alberto-destaco-la-seriedad-ziliotto-no-flexibilizar-la-cuarentena\/\">Alberto destac\u00f3 la \u00abseriedad\u00bb de Ziliotto por no flexibilizar la cuarentena<\/a><\/p><\/blockquote>\n<p><iframe class=\"wp-embedded-content\" sandbox=\"allow-scripts\" security=\"restricted\" style=\"position: absolute; clip: rect(1px, 1px, 1px, 1px);\" src=\"http:\/\/diariotextual.com\/inicio\/index.php\/2020\/04\/11\/alberto-destaco-la-seriedad-ziliotto-no-flexibilizar-la-cuarentena\/embed\/#?secret=xIM1JaLToD\" data-secret=\"xIM1JaLToD\" width=\"600\" height=\"338\" title=\"&#171;Alberto destac\u00f3 la \u00abseriedad\u00bb de Ziliotto por no flexibilizar la cuarentena&#187; &#8212; Diario Textual\" frameborder=\"0\" marginwidth=\"0\" marginheight=\"0\" scrolling=\"no\"><\/iframe><\/p>\n<p>&nbsp;<\/p>\n<p>Estos tests no se ha ampliado a la poblaci\u00f3n, entre otros motivos porque son recursos demandados por todos los pa\u00edses y que actualmente pr\u00e1cticamente no se consiguen. \u201cTodos los insumos para pandemia son finitos, por lo que el Gobierno nacional nos ha pedido que este insumo se debe respetar y usar para cuando lo necesitemos\u201d, expres\u00f3. <strong>\u201cPor m\u00e1s que pongan toda la plata del mundo, en esta pandemia, no se consiguen estos reactivos\u201d<\/strong>, dijo Bertone.<\/p>\n<p>Se realiza el monitoreo de viajeros con indicaci\u00f3n de aislamiento estricto. Al d\u00eda de la fecha se registraron 888 personas con antecedente de viaje. De ellos, 768 ya han cumplido el periodo de 14 d\u00edas desde su regreso.<\/p>\n<p>&nbsp;<\/p>\n<p><iframe style=\"border: none; overflow: hidden;\" src=\"https:\/\/www.facebook.com\/plugins\/post.php?href=https%3A%2F%2Fwww.facebook.com%2Feltextual%2Fposts%2F2899590770134840&amp;width=500\" width=\"500\" height=\"463\" frameborder=\"0\" scrolling=\"no\"><\/iframe><\/p>\n<p>&nbsp;<\/p>\n<p>&nbsp;<\/p>\n<p>&nbsp;<\/p>\n<p>&nbsp;<\/p>\n<p>&nbsp;<\/p>\n<p>&nbsp;<\/p>\n","protected":false},"excerpt":{"rendered":"<p>\u201cUna vez que termine la cuarentena por el coronavirus Covid-19, no vamos a poder volver a la vida normal. Hay un antes y un despu\u00e9s, y vamos a convivir con&hellip;<\/p>\n","protected":false},"author":3,"featured_media":44963,"comment_status":"closed","ping_status":"open","sticky":false,"template":"","format":"standard","meta":{"_acf_changed":false,"footnotes":""},"categories":[11,319,12],"tags":[761,2662],"class_list":["post-88734","post","type-post","status-publish","format-standard","has-post-thumbnail","hentry","category-que-pasa","category-a-temporales","category-sociedad","tag-bertone","tag-coronavirus"],"acf":[],"yoast_head":"<!-- This site is optimized with the Yoast SEO plugin v27.5 - https:\/\/yoast.com\/product\/yoast-seo-wordpress\/ -->\n<title>Epidemiolog\u00eda: ya se descartaron 66 casos sospechosos de Covid-19 en la provincia - Diario Textual<\/title>\n<meta name=\"robots\" content=\"index, follow, max-snippet:-1, max-image-preview:large, max-video-preview:-1\" \/>\n<link rel=\"canonical\" href=\"https:\/\/diariotextual.com\/inicio\/index.php\/2020\/04\/11\/epidemiologia-ya-se-descartaron-66-casos-sospechosos-covid-19-la-provincia\/\" \/>\n<meta property=\"og:locale\" content=\"es_ES\" \/>\n<meta property=\"og:type\" content=\"article\" \/>\n<meta property=\"og:title\" content=\"Epidemiolog\u00eda: ya se descartaron 66 casos sospechosos de Covid-19 en la provincia - Diario Textual\" \/>\n<meta property=\"og:description\" content=\"\u201cUna vez que termine la cuarentena por el coronavirus Covid-19, no vamos a poder volver a la vida normal. Hay un antes y un despu\u00e9s, y vamos a convivir con&hellip;\" \/>\n<meta property=\"og:url\" content=\"https:\/\/diariotextual.com\/inicio\/index.php\/2020\/04\/11\/epidemiologia-ya-se-descartaron-66-casos-sospechosos-covid-19-la-provincia\/\" \/>\n<meta property=\"og:site_name\" content=\"Diario Textual\" \/>\n<meta property=\"article:publisher\" content=\"https:\/\/www.facebook.com\/eltextual\" \/>\n<meta property=\"article:published_time\" content=\"2020-04-11T20:45:06+00:00\" \/>\n<meta property=\"article:modified_time\" content=\"2020-04-12T13:29:08+00:00\" \/>\n<meta property=\"og:image\" content=\"https:\/\/diariotextual.com\/inicio\/wp-content\/uploads\/2019\/04\/bertoneana2019-20.jpg\" \/>\n\t<meta property=\"og:image:width\" content=\"707\" \/>\n\t<meta property=\"og:image:height\" content=\"437\" \/>\n\t<meta property=\"og:image:type\" content=\"image\/jpeg\" \/>\n<meta name=\"author\" content=\"Diario1 Diario1\" \/>\n<meta name=\"twitter:card\" content=\"summary_large_image\" \/>\n<meta name=\"twitter:creator\" content=\"@eltextual\" \/>\n<meta name=\"twitter:site\" content=\"@eltextual\" \/>\n<meta name=\"twitter:label1\" content=\"Escrito por\" \/>\n\t<meta name=\"twitter:data1\" content=\"Diario1 Diario1\" \/>\n\t<meta name=\"twitter:label2\" content=\"Tiempo de lectura\" \/>\n\t<meta name=\"twitter:data2\" content=\"2 minutos\" \/>\n<script type=\"application\/ld+json\" class=\"yoast-schema-graph\">{\"@context\":\"https:\\\/\\\/schema.org\",\"@graph\":[{\"@type\":\"Article\",\"@id\":\"https:\\\/\\\/diariotextual.com\\\/inicio\\\/index.php\\\/2020\\\/04\\\/11\\\/epidemiologia-ya-se-descartaron-66-casos-sospechosos-covid-19-la-provincia\\\/#article\",\"isPartOf\":{\"@id\":\"https:\\\/\\\/diariotextual.com\\\/inicio\\\/index.php\\\/2020\\\/04\\\/11\\\/epidemiologia-ya-se-descartaron-66-casos-sospechosos-covid-19-la-provincia\\\/\"},\"author\":{\"name\":\"Diario1 Diario1\",\"@id\":\"https:\\\/\\\/diariotextual.com\\\/inicio\\\/#\\\/schema\\\/person\\\/418fc4093c33e86ed41562db3508f958\"},\"headline\":\"Epidemiolog\u00eda: ya se descartaron 66 casos sospechosos de Covid-19 en la provincia\",\"datePublished\":\"2020-04-11T20:45:06+00:00\",\"dateModified\":\"2020-04-12T13:29:08+00:00\",\"mainEntityOfPage\":{\"@id\":\"https:\\\/\\\/diariotextual.com\\\/inicio\\\/index.php\\\/2020\\\/04\\\/11\\\/epidemiologia-ya-se-descartaron-66-casos-sospechosos-covid-19-la-provincia\\\/\"},\"wordCount\":493,\"publisher\":{\"@id\":\"https:\\\/\\\/diariotextual.com\\\/inicio\\\/#organization\"},\"image\":{\"@id\":\"https:\\\/\\\/diariotextual.com\\\/inicio\\\/index.php\\\/2020\\\/04\\\/11\\\/epidemiologia-ya-se-descartaron-66-casos-sospechosos-covid-19-la-provincia\\\/#primaryimage\"},\"thumbnailUrl\":\"https:\\\/\\\/diariotextual.com\\\/inicio\\\/wp-content\\\/uploads\\\/2019\\\/04\\\/bertoneana2019-20.jpg\",\"keywords\":[\"bertone\",\"coronavirus\"],\"articleSection\":[\"A - QUE PASA (al costado)\",\"A - TEMPORALES\",\"SOCIEDAD\"],\"inLanguage\":\"es\"},{\"@type\":\"WebPage\",\"@id\":\"https:\\\/\\\/diariotextual.com\\\/inicio\\\/index.php\\\/2020\\\/04\\\/11\\\/epidemiologia-ya-se-descartaron-66-casos-sospechosos-covid-19-la-provincia\\\/\",\"url\":\"https:\\\/\\\/diariotextual.com\\\/inicio\\\/index.php\\\/2020\\\/04\\\/11\\\/epidemiologia-ya-se-descartaron-66-casos-sospechosos-covid-19-la-provincia\\\/\",\"name\":\"Epidemiolog\u00eda: ya se descartaron 66 casos sospechosos de Covid-19 en la provincia - Diario Textual\",\"isPartOf\":{\"@id\":\"https:\\\/\\\/diariotextual.com\\\/inicio\\\/#website\"},\"primaryImageOfPage\":{\"@id\":\"https:\\\/\\\/diariotextual.com\\\/inicio\\\/index.php\\\/2020\\\/04\\\/11\\\/epidemiologia-ya-se-descartaron-66-casos-sospechosos-covid-19-la-provincia\\\/#primaryimage\"},\"image\":{\"@id\":\"https:\\\/\\\/diariotextual.com\\\/inicio\\\/index.php\\\/2020\\\/04\\\/11\\\/epidemiologia-ya-se-descartaron-66-casos-sospechosos-covid-19-la-provincia\\\/#primaryimage\"},\"thumbnailUrl\":\"https:\\\/\\\/diariotextual.com\\\/inicio\\\/wp-content\\\/uploads\\\/2019\\\/04\\\/bertoneana2019-20.jpg\",\"datePublished\":\"2020-04-11T20:45:06+00:00\",\"dateModified\":\"2020-04-12T13:29:08+00:00\",\"breadcrumb\":{\"@id\":\"https:\\\/\\\/diariotextual.com\\\/inicio\\\/index.php\\\/2020\\\/04\\\/11\\\/epidemiologia-ya-se-descartaron-66-casos-sospechosos-covid-19-la-provincia\\\/#breadcrumb\"},\"inLanguage\":\"es\",\"potentialAction\":[{\"@type\":\"ReadAction\",\"target\":[\"https:\\\/\\\/diariotextual.com\\\/inicio\\\/index.php\\\/2020\\\/04\\\/11\\\/epidemiologia-ya-se-descartaron-66-casos-sospechosos-covid-19-la-provincia\\\/\"]}]},{\"@type\":\"ImageObject\",\"inLanguage\":\"es\",\"@id\":\"https:\\\/\\\/diariotextual.com\\\/inicio\\\/index.php\\\/2020\\\/04\\\/11\\\/epidemiologia-ya-se-descartaron-66-casos-sospechosos-covid-19-la-provincia\\\/#primaryimage\",\"url\":\"https:\\\/\\\/diariotextual.com\\\/inicio\\\/wp-content\\\/uploads\\\/2019\\\/04\\\/bertoneana2019-20.jpg\",\"contentUrl\":\"https:\\\/\\\/diariotextual.com\\\/inicio\\\/wp-content\\\/uploads\\\/2019\\\/04\\\/bertoneana2019-20.jpg\",\"width\":707,\"height\":437},{\"@type\":\"BreadcrumbList\",\"@id\":\"https:\\\/\\\/diariotextual.com\\\/inicio\\\/index.php\\\/2020\\\/04\\\/11\\\/epidemiologia-ya-se-descartaron-66-casos-sospechosos-covid-19-la-provincia\\\/#breadcrumb\",\"itemListElement\":[{\"@type\":\"ListItem\",\"position\":1,\"name\":\"Portada\",\"item\":\"https:\\\/\\\/diariotextual.com\\\/inicio\\\/\"},{\"@type\":\"ListItem\",\"position\":2,\"name\":\"Epidemiolog\u00eda: ya se descartaron 66 casos sospechosos de Covid-19 en la provincia\"}]},{\"@type\":\"WebSite\",\"@id\":\"https:\\\/\\\/diariotextual.com\\\/inicio\\\/#website\",\"url\":\"https:\\\/\\\/diariotextual.com\\\/inicio\\\/\",\"name\":\"Diario Textual\",\"description\":\"\",\"publisher\":{\"@id\":\"https:\\\/\\\/diariotextual.com\\\/inicio\\\/#organization\"},\"potentialAction\":[{\"@type\":\"SearchAction\",\"target\":{\"@type\":\"EntryPoint\",\"urlTemplate\":\"https:\\\/\\\/diariotextual.com\\\/inicio\\\/?s={search_term_string}\"},\"query-input\":{\"@type\":\"PropertyValueSpecification\",\"valueRequired\":true,\"valueName\":\"search_term_string\"}}],\"inLanguage\":\"es\"},{\"@type\":\"Organization\",\"@id\":\"https:\\\/\\\/diariotextual.com\\\/inicio\\\/#organization\",\"name\":\"Diario Textual\",\"url\":\"https:\\\/\\\/diariotextual.com\\\/inicio\\\/\",\"logo\":{\"@type\":\"ImageObject\",\"inLanguage\":\"es\",\"@id\":\"https:\\\/\\\/diariotextual.com\\\/inicio\\\/#\\\/schema\\\/logo\\\/image\\\/\",\"url\":\"https:\\\/\\\/diariotextual.com\\\/inicio\\\/wp-content\\\/uploads\\\/2023\\\/05\\\/logotextual1.jpg\",\"contentUrl\":\"https:\\\/\\\/diariotextual.com\\\/inicio\\\/wp-content\\\/uploads\\\/2023\\\/05\\\/logotextual1.jpg\",\"width\":516,\"height\":76,\"caption\":\"Diario Textual\"},\"image\":{\"@id\":\"https:\\\/\\\/diariotextual.com\\\/inicio\\\/#\\\/schema\\\/logo\\\/image\\\/\"},\"sameAs\":[\"https:\\\/\\\/www.facebook.com\\\/eltextual\",\"https:\\\/\\\/x.com\\\/eltextual\",\"http:\\\/\\\/www.instagram.com\\\/eltextual\"]},{\"@type\":\"Person\",\"@id\":\"https:\\\/\\\/diariotextual.com\\\/inicio\\\/#\\\/schema\\\/person\\\/418fc4093c33e86ed41562db3508f958\",\"name\":\"Diario1 Diario1\",\"image\":{\"@type\":\"ImageObject\",\"inLanguage\":\"es\",\"@id\":\"https:\\\/\\\/secure.gravatar.com\\\/avatar\\\/9167d280179c85bc18be67aa7eda765854300033af4896dd779b608640f2ef7a?s=96&d=mm&r=g\",\"url\":\"https:\\\/\\\/secure.gravatar.com\\\/avatar\\\/9167d280179c85bc18be67aa7eda765854300033af4896dd779b608640f2ef7a?s=96&d=mm&r=g\",\"contentUrl\":\"https:\\\/\\\/secure.gravatar.com\\\/avatar\\\/9167d280179c85bc18be67aa7eda765854300033af4896dd779b608640f2ef7a?s=96&d=mm&r=g\",\"caption\":\"Diario1 Diario1\"},\"url\":\"https:\\\/\\\/diariotextual.com\\\/inicio\\\/index.php\\\/author\\\/diario1\\\/\"}]}<\/script>\n<!-- \/ Yoast SEO plugin. -->","yoast_head_json":{"title":"Epidemiolog\u00eda: ya se descartaron 66 casos sospechosos de Covid-19 en la provincia - Diario Textual","robots":{"index":"index","follow":"follow","max-snippet":"max-snippet:-1","max-image-preview":"max-image-preview:large","max-video-preview":"max-video-preview:-1"},"canonical":"https:\/\/diariotextual.com\/inicio\/index.php\/2020\/04\/11\/epidemiologia-ya-se-descartaron-66-casos-sospechosos-covid-19-la-provincia\/","og_locale":"es_ES","og_type":"article","og_title":"Epidemiolog\u00eda: ya se descartaron 66 casos sospechosos de Covid-19 en la provincia - Diario Textual","og_description":"\u201cUna vez que termine la cuarentena por el coronavirus Covid-19, no vamos a poder volver a la vida normal. Hay un antes y un despu\u00e9s, y vamos a convivir con&hellip;","og_url":"https:\/\/diariotextual.com\/inicio\/index.php\/2020\/04\/11\/epidemiologia-ya-se-descartaron-66-casos-sospechosos-covid-19-la-provincia\/","og_site_name":"Diario Textual","article_publisher":"https:\/\/www.facebook.com\/eltextual","article_published_time":"2020-04-11T20:45:06+00:00","article_modified_time":"2020-04-12T13:29:08+00:00","og_image":[{"width":707,"height":437,"url":"https:\/\/diariotextual.com\/inicio\/wp-content\/uploads\/2019\/04\/bertoneana2019-20.jpg","type":"image\/jpeg"}],"author":"Diario1 Diario1","twitter_card":"summary_large_image","twitter_creator":"@eltextual","twitter_site":"@eltextual","twitter_misc":{"Escrito por":"Diario1 Diario1","Tiempo de lectura":"2 minutos"},"schema":{"@context":"https:\/\/schema.org","@graph":[{"@type":"Article","@id":"https:\/\/diariotextual.com\/inicio\/index.php\/2020\/04\/11\/epidemiologia-ya-se-descartaron-66-casos-sospechosos-covid-19-la-provincia\/#article","isPartOf":{"@id":"https:\/\/diariotextual.com\/inicio\/index.php\/2020\/04\/11\/epidemiologia-ya-se-descartaron-66-casos-sospechosos-covid-19-la-provincia\/"},"author":{"name":"Diario1 Diario1","@id":"https:\/\/diariotextual.com\/inicio\/#\/schema\/person\/418fc4093c33e86ed41562db3508f958"},"headline":"Epidemiolog\u00eda: ya se descartaron 66 casos sospechosos de Covid-19 en la provincia","datePublished":"2020-04-11T20:45:06+00:00","dateModified":"2020-04-12T13:29:08+00:00","mainEntityOfPage":{"@id":"https:\/\/diariotextual.com\/inicio\/index.php\/2020\/04\/11\/epidemiologia-ya-se-descartaron-66-casos-sospechosos-covid-19-la-provincia\/"},"wordCount":493,"publisher":{"@id":"https:\/\/diariotextual.com\/inicio\/#organization"},"image":{"@id":"https:\/\/diariotextual.com\/inicio\/index.php\/2020\/04\/11\/epidemiologia-ya-se-descartaron-66-casos-sospechosos-covid-19-la-provincia\/#primaryimage"},"thumbnailUrl":"https:\/\/diariotextual.com\/inicio\/wp-content\/uploads\/2019\/04\/bertoneana2019-20.jpg","keywords":["bertone","coronavirus"],"articleSection":["A - QUE PASA (al costado)","A - TEMPORALES","SOCIEDAD"],"inLanguage":"es"},{"@type":"WebPage","@id":"https:\/\/diariotextual.com\/inicio\/index.php\/2020\/04\/11\/epidemiologia-ya-se-descartaron-66-casos-sospechosos-covid-19-la-provincia\/","url":"https:\/\/diariotextual.com\/inicio\/index.php\/2020\/04\/11\/epidemiologia-ya-se-descartaron-66-casos-sospechosos-covid-19-la-provincia\/","name":"Epidemiolog\u00eda: ya se descartaron 66 casos sospechosos de Covid-19 en la provincia - Diario Textual","isPartOf":{"@id":"https:\/\/diariotextual.com\/inicio\/#website"},"primaryImageOfPage":{"@id":"https:\/\/diariotextual.com\/inicio\/index.php\/2020\/04\/11\/epidemiologia-ya-se-descartaron-66-casos-sospechosos-covid-19-la-provincia\/#primaryimage"},"image":{"@id":"https:\/\/diariotextual.com\/inicio\/index.php\/2020\/04\/11\/epidemiologia-ya-se-descartaron-66-casos-sospechosos-covid-19-la-provincia\/#primaryimage"},"thumbnailUrl":"https:\/\/diariotextual.com\/inicio\/wp-content\/uploads\/2019\/04\/bertoneana2019-20.jpg","datePublished":"2020-04-11T20:45:06+00:00","dateModified":"2020-04-12T13:29:08+00:00","breadcrumb":{"@id":"https:\/\/diariotextual.com\/inicio\/index.php\/2020\/04\/11\/epidemiologia-ya-se-descartaron-66-casos-sospechosos-covid-19-la-provincia\/#breadcrumb"},"inLanguage":"es","potentialAction":[{"@type":"ReadAction","target":["https:\/\/diariotextual.com\/inicio\/index.php\/2020\/04\/11\/epidemiologia-ya-se-descartaron-66-casos-sospechosos-covid-19-la-provincia\/"]}]},{"@type":"ImageObject","inLanguage":"es","@id":"https:\/\/diariotextual.com\/inicio\/index.php\/2020\/04\/11\/epidemiologia-ya-se-descartaron-66-casos-sospechosos-covid-19-la-provincia\/#primaryimage","url":"https:\/\/diariotextual.com\/inicio\/wp-content\/uploads\/2019\/04\/bertoneana2019-20.jpg","contentUrl":"https:\/\/diariotextual.com\/inicio\/wp-content\/uploads\/2019\/04\/bertoneana2019-20.jpg","width":707,"height":437},{"@type":"BreadcrumbList","@id":"https:\/\/diariotextual.com\/inicio\/index.php\/2020\/04\/11\/epidemiologia-ya-se-descartaron-66-casos-sospechosos-covid-19-la-provincia\/#breadcrumb","itemListElement":[{"@type":"ListItem","position":1,"name":"Portada","item":"https:\/\/diariotextual.com\/inicio\/"},{"@type":"ListItem","position":2,"name":"Epidemiolog\u00eda: ya se descartaron 66 casos sospechosos de Covid-19 en la provincia"}]},{"@type":"WebSite","@id":"https:\/\/diariotextual.com\/inicio\/#website","url":"https:\/\/diariotextual.com\/inicio\/","name":"Diario Textual","description":"","publisher":{"@id":"https:\/\/diariotextual.com\/inicio\/#organization"},"potentialAction":[{"@type":"SearchAction","target":{"@type":"EntryPoint","urlTemplate":"https:\/\/diariotextual.com\/inicio\/?s={search_term_string}"},"query-input":{"@type":"PropertyValueSpecification","valueRequired":true,"valueName":"search_term_string"}}],"inLanguage":"es"},{"@type":"Organization","@id":"https:\/\/diariotextual.com\/inicio\/#organization","name":"Diario Textual","url":"https:\/\/diariotextual.com\/inicio\/","logo":{"@type":"ImageObject","inLanguage":"es","@id":"https:\/\/diariotextual.com\/inicio\/#\/schema\/logo\/image\/","url":"https:\/\/diariotextual.com\/inicio\/wp-content\/uploads\/2023\/05\/logotextual1.jpg","contentUrl":"https:\/\/diariotextual.com\/inicio\/wp-content\/uploads\/2023\/05\/logotextual1.jpg","width":516,"height":76,"caption":"Diario Textual"},"image":{"@id":"https:\/\/diariotextual.com\/inicio\/#\/schema\/logo\/image\/"},"sameAs":["https:\/\/www.facebook.com\/eltextual","https:\/\/x.com\/eltextual","http:\/\/www.instagram.com\/eltextual"]},{"@type":"Person","@id":"https:\/\/diariotextual.com\/inicio\/#\/schema\/person\/418fc4093c33e86ed41562db3508f958","name":"Diario1 Diario1","image":{"@type":"ImageObject","inLanguage":"es","@id":"https:\/\/secure.gravatar.com\/avatar\/9167d280179c85bc18be67aa7eda765854300033af4896dd779b608640f2ef7a?s=96&d=mm&r=g","url":"https:\/\/secure.gravatar.com\/avatar\/9167d280179c85bc18be67aa7eda765854300033af4896dd779b608640f2ef7a?s=96&d=mm&r=g","contentUrl":"https:\/\/secure.gravatar.com\/avatar\/9167d280179c85bc18be67aa7eda765854300033af4896dd779b608640f2ef7a?s=96&d=mm&r=g","caption":"Diario1 Diario1"},"url":"https:\/\/diariotextual.com\/inicio\/index.php\/author\/diario1\/"}]}},"_links":{"self":[{"href":"https:\/\/diariotextual.com\/inicio\/index.php\/wp-json\/wp\/v2\/posts\/88734","targetHints":{"allow":["GET"]}}],"collection":[{"href":"https:\/\/diariotextual.com\/inicio\/index.php\/wp-json\/wp\/v2\/posts"}],"about":[{"href":"https:\/\/diariotextual.com\/inicio\/index.php\/wp-json\/wp\/v2\/types\/post"}],"author":[{"embeddable":true,"href":"https:\/\/diariotextual.com\/inicio\/index.php\/wp-json\/wp\/v2\/users\/3"}],"replies":[{"embeddable":true,"href":"https:\/\/diariotextual.com\/inicio\/index.php\/wp-json\/wp\/v2\/comments?post=88734"}],"version-history":[{"count":3,"href":"https:\/\/diariotextual.com\/inicio\/index.php\/wp-json\/wp\/v2\/posts\/88734\/revisions"}],"predecessor-version":[{"id":88738,"href":"https:\/\/diariotextual.com\/inicio\/index.php\/wp-json\/wp\/v2\/posts\/88734\/revisions\/88738"}],"wp:featuredmedia":[{"embeddable":true,"href":"https:\/\/diariotextual.com\/inicio\/index.php\/wp-json\/wp\/v2\/media\/44963"}],"wp:attachment":[{"href":"https:\/\/diariotextual.com\/inicio\/index.php\/wp-json\/wp\/v2\/media?parent=88734"}],"wp:term":[{"taxonomy":"category","embeddable":true,"href":"https:\/\/diariotextual.com\/inicio\/index.php\/wp-json\/wp\/v2\/categories?post=88734"},{"taxonomy":"post_tag","embeddable":true,"href":"https:\/\/diariotextual.com\/inicio\/index.php\/wp-json\/wp\/v2\/tags?post=88734"}],"curies":[{"name":"wp","href":"https:\/\/api.w.org\/{rel}","templated":true}]}}