{"id":88746,"date":"2020-04-11T18:29:02","date_gmt":"2020-04-11T21:29:02","guid":{"rendered":"http:\/\/diariotextual.com\/inicio\/?p=88746"},"modified":"2020-04-11T19:36:35","modified_gmt":"2020-04-11T22:36:35","slug":"profesionales-ciencias-economicas-apoyan-cuarentena-los-dejan-afuera-las-excepciones","status":"publish","type":"post","link":"https:\/\/diariotextual.com\/inicio\/index.php\/2020\/04\/11\/profesionales-ciencias-economicas-apoyan-cuarentena-los-dejan-afuera-las-excepciones\/","title":{"rendered":"Profesionales de Ciencias Econ\u00f3micas apoyan cuarentena, pero los dejan afuera de las excepciones"},"content":{"rendered":"<p>El <strong>Consejo Profesional de Ciencias Econ\u00f3micas de La Pampa<\/strong> sali\u00f3 a respaldar las medidas sanitarias, como la cuarentena obligatoria, para combatir la pandemia del <strong>coronavirus Covid-19<\/strong>. Sin embargo, <strong>el consejo advirti\u00f3 al Gobierno nacional que los profesionales de las ciencias econ\u00f3micas<\/strong>, como los<strong> contadores<\/strong>,<strong>\u00a0no han sido exceptuados<\/strong> para poder reiniciar sus trabajos y se quej\u00f3 porque, adem\u00e1s de <strong>la baja del nivel de actividad<\/strong> por el aislamiento,<strong> se est\u00e1n anunciando medidas que \u00abno han sido suficientes\u00bb y que, en ciertos casos incluso, son de \u00abcasi imposible cumplimiento\u00bb en la actual situaci\u00f3n cr\u00edtica<\/strong> que se vive en el pa\u00eds.<\/p>\n<p>Este consejo tiene 1200 matriculados de Contador P\u00fablico, Licenciado en Administraci\u00f3n, Licenciado en Econom\u00eda y Actuario.<\/p>\n<p>Dijeron que, desde la federaci\u00f3n nacional que los agrupa, han puesto a disposici\u00f3n del Gobierno sus equipos t\u00e9cnicos que incluyen todas las \u00e1reas que son de sus incumbencias profesionales. \u00abEntendemos que contamos con profesionales capacitados para ayudar a dise\u00f1ar medidas que posibiliten una aplicaci\u00f3n previsible, m\u00e1s ordenada y con mayor eficacia que las que se han venido implementando\u00bb, dijeron. \u00abEn este marco, analizando las distintas medidas anunciadas y las normas emitidas por el Poder Ejecutivo Nacional, <strong>no podemos menos que sorprendernos ante la falta de respuestas concretas a sectores de vital importancia para el sostenimiento de las actividades econ\u00f3micas<\/strong>, ya sea que se trate de actividades de producci\u00f3n, comercializaci\u00f3n y de servicios, entre las que estamos incluidos\u00bb, alertaron.<\/p>\n<p>El consejo dio a conocer un documento. Es el siguiente:<\/p>\n<p><em>Como profesionales preocupados por la realidad nacional, y comprometidos con la sociedad, venimos siguiendo atentamente los mensajes del Presidente de la Naci\u00f3n, Dr<strong>. Alberto Fern\u00e1ndez<\/strong>.<\/em><\/p>\n<p><em>Tenemos<strong> el pleno compromiso de estar alineados detr\u00e1s de las pol\u00edticas p\u00fablicas<\/strong> para combatir este flagelo del Covid-19. Coincidimos absolutamente que lo prioritario es mantener a buen resguardo la salud de la poblaci\u00f3n, y por ello acompa\u00f1amos cada una de las medidas que en cuestiones sanitarias se han venido tomando e instamos a los profesionales matriculados de ciencias econ\u00f3micas a acompa\u00f1ar las mismas.<\/em><\/p>\n<p><em>Pero<strong> entendemos que esta crisis sanitaria tambi\u00e9n viene acompa\u00f1ada de una disminuci\u00f3n del nivel de actividad de todos los sectores de la econom\u00eda en su conjunto<\/strong>, entre las cuales se encuentra nuestro ejercicio profesional, que no debemos eludir, subestimar, ni dejar de atender.<\/em><\/p>\n<p><em>Es verdad que <strong>se ha dicho mucho sobre la ayuda que distintos sectores de la econom\u00eda y especialmente las MiPyMES necesitan<\/strong>. Pero <strong>m\u00e1s all\u00e1 de los anuncios, las medidas instrumentadas no han sido suficientes y algunas de ellas desde el punto de vista pr\u00e1ctico resultan de casi imposible cumplimiento.<\/strong><\/em><\/p>\n<p><em>Desde la FACPCE<strong> hemos puesto a disposici\u00f3n del Gobierno, nuestros equipos t\u00e9cnicos que incluyen todas las \u00e1reas que son de nuestras incumbencias profesionales<\/strong>. Entendemos que contamos con profesionales capacitados para ayudar a dise\u00f1ar medidas que posibiliten una aplicaci\u00f3n previsible, m\u00e1s ordenada y con mayor eficacia que las que se han venido implementando.<\/em><\/p>\n<p><em>En este marco, <strong>analizando las distintas medidas anunciadas y las normas emitidas por el Poder Ejecutivo Nacional, no podemos menos que sorprendernos ante la falta de respuestas concretas a sectores de vital importancia para el sostenimiento de las actividades econ\u00f3micas<\/strong>, ya sea que se trate de actividades de producci\u00f3n, comercializaci\u00f3n y de servicios, entre las que estamos incluidos.<\/em><\/p>\n<p><em>A pesar de lo cual, cumpliendo las medidas de aislamiento dispuestas, con todas las dificultades que ello representa, hemos atendido los requerimientos de asistencia profesional de nuestros comitentes tales como, liquidaci\u00f3n de sueldos y cargas sociales, impuestos, atenci\u00f3n contable, preparaci\u00f3n de la documentaci\u00f3n requerida por las entidades financieras para que puedan acceder a las l\u00edneas de cr\u00e9dito puestas en vigencia y brindando el asesoramiento constante que requieren.<\/em><\/p>\n<p><em>Todo ello, sumado a la situaci\u00f3n que debemos atravesar por los efectos sociales de la pandemia, genera <strong>una condici\u00f3n de precariedad laboral y de vida en la que nos encontramos trabajando<\/strong>, la que se agrava con la emisi\u00f3n del Bolet\u00edn Oficial en d\u00edas no h\u00e1biles (a veces con m\u00e1s de una emisi\u00f3n diaria), con reglamentaciones que no son claras, con normas contradictorias, plazos de imposible cumplimiento, etc., que tornan dificultosa su aplicaci\u00f3n.<\/em><\/p>\n<p><em>Como si ya no hubi\u00e9ramos tenido suficiente con las Resoluciones (MTEySS) 219 y 279\/2020, que nos llevaron a la doble tarea de liquidaci\u00f3n de sueldos, cargas sociales y previsionales que los empleadores deben aportar y pagar por el mes de marzo, la reglamentaci\u00f3n parcial por parte de AFIP del Decreto 332\/2020 es un nuevo aporte a la confusi\u00f3n general, toda vez que pretende instrumentar un beneficio anunciado como paliativo y que solo lo hace para el goce de determinadas actividades, oblig\u00e1ndonos a trabajar los d\u00edas feriados y fin de semana (entre el 09\/04\/2020 y el 15\/04\/2020) para registrarse, con el agravante de disponer tard\u00edamente de los instrumentos sist\u00e9micos para poder hacerlo.<\/em><\/p>\n<p><em>Por lo expuesto,<strong> es lamentable tener que informarle a la opini\u00f3n p\u00fablica en general y a los profesionales de ciencias econ\u00f3micas en particular, que nuestras propuestas aparentemente y por lo que podemos ver hasta ahora, no han sido consideradas, haciendo muy dificultoso llevar adelante el enlace en la relaci\u00f3n fisco-contribuyente<\/strong>.<\/em><\/p>\n<p><em>A pesar de ello sostenemos nuestro compromiso constante de di\u00e1logo y colaboraci\u00f3n, pero requerimos que ante una situaci\u00f3n excepcional e imprevisible como la que vivimos, se dispongan, de manera urgente, medidas simples, concretas y efectivas que redunden en el beneficio de todos.<\/em><\/p>\n<p>&nbsp;<\/p>\n<p><iframe style=\"border: none; overflow: hidden;\" src=\"https:\/\/www.facebook.com\/plugins\/post.php?href=https%3A%2F%2Fwww.facebook.com%2Fcpcelapampa%2Fposts%2F509752476383686&amp;width=500\" width=\"500\" height=\"820\" frameborder=\"0\" scrolling=\"no\"><\/iframe><\/p>\n","protected":false},"excerpt":{"rendered":"<p>El Consejo Profesional de Ciencias Econ\u00f3micas de La Pampa sali\u00f3 a respaldar las medidas sanitarias, como la cuarentena obligatoria, para combatir la pandemia del coronavirus Covid-19. Sin embargo, el consejo&hellip;<\/p>\n","protected":false},"author":3,"featured_media":88750,"comment_status":"closed","ping_status":"open","sticky":false,"template":"","format":"standard","meta":{"_acf_changed":false,"footnotes":""},"categories":[5],"tags":[2250,2945,1657],"class_list":["post-88746","post","type-post","status-publish","format-standard","has-post-thumbnail","hentry","category-economia","tag-ciencias","tag-contadores","tag-economicas"],"acf":[],"yoast_head":"<!-- This site is optimized with the Yoast SEO plugin v27.5 - https:\/\/yoast.com\/product\/yoast-seo-wordpress\/ -->\n<title>Profesionales de Ciencias Econ\u00f3micas apoyan cuarentena, pero los dejan afuera de las excepciones - Diario Textual<\/title>\n<meta name=\"robots\" content=\"index, follow, max-snippet:-1, max-image-preview:large, max-video-preview:-1\" \/>\n<link rel=\"canonical\" href=\"https:\/\/diariotextual.com\/inicio\/index.php\/2020\/04\/11\/profesionales-ciencias-economicas-apoyan-cuarentena-los-dejan-afuera-las-excepciones\/\" \/>\n<meta property=\"og:locale\" content=\"es_ES\" \/>\n<meta property=\"og:type\" content=\"article\" \/>\n<meta property=\"og:title\" content=\"Profesionales de Ciencias Econ\u00f3micas apoyan cuarentena, pero los dejan afuera de las excepciones - Diario Textual\" \/>\n<meta property=\"og:description\" content=\"El Consejo Profesional de Ciencias Econ\u00f3micas de La Pampa sali\u00f3 a respaldar las medidas sanitarias, como la cuarentena obligatoria, para combatir la pandemia del coronavirus Covid-19. Sin embargo, el consejo&hellip;\" \/>\n<meta property=\"og:url\" content=\"https:\/\/diariotextual.com\/inicio\/index.php\/2020\/04\/11\/profesionales-ciencias-economicas-apoyan-cuarentena-los-dejan-afuera-las-excepciones\/\" \/>\n<meta property=\"og:site_name\" content=\"Diario Textual\" \/>\n<meta property=\"article:publisher\" content=\"https:\/\/www.facebook.com\/eltextual\" \/>\n<meta property=\"article:published_time\" content=\"2020-04-11T21:29:02+00:00\" \/>\n<meta property=\"article:modified_time\" content=\"2020-04-11T22:36:35+00:00\" \/>\n<meta property=\"og:image\" content=\"https:\/\/diariotextual.com\/inicio\/wp-content\/uploads\/2020\/04\/contadores1.jpg\" \/>\n\t<meta property=\"og:image:width\" content=\"732\" \/>\n\t<meta property=\"og:image:height\" content=\"412\" \/>\n\t<meta property=\"og:image:type\" content=\"image\/jpeg\" \/>\n<meta name=\"author\" content=\"Diario1 Diario1\" \/>\n<meta name=\"twitter:card\" content=\"summary_large_image\" \/>\n<meta name=\"twitter:creator\" content=\"@eltextual\" \/>\n<meta name=\"twitter:site\" content=\"@eltextual\" \/>\n<meta name=\"twitter:label1\" content=\"Escrito por\" \/>\n\t<meta name=\"twitter:data1\" content=\"Diario1 Diario1\" \/>\n\t<meta name=\"twitter:label2\" content=\"Tiempo de lectura\" \/>\n\t<meta name=\"twitter:data2\" content=\"5 minutos\" \/>\n<script type=\"application\/ld+json\" class=\"yoast-schema-graph\">{\"@context\":\"https:\\\/\\\/schema.org\",\"@graph\":[{\"@type\":\"Article\",\"@id\":\"https:\\\/\\\/diariotextual.com\\\/inicio\\\/index.php\\\/2020\\\/04\\\/11\\\/profesionales-ciencias-economicas-apoyan-cuarentena-los-dejan-afuera-las-excepciones\\\/#article\",\"isPartOf\":{\"@id\":\"https:\\\/\\\/diariotextual.com\\\/inicio\\\/index.php\\\/2020\\\/04\\\/11\\\/profesionales-ciencias-economicas-apoyan-cuarentena-los-dejan-afuera-las-excepciones\\\/\"},\"author\":{\"name\":\"Diario1 Diario1\",\"@id\":\"https:\\\/\\\/diariotextual.com\\\/inicio\\\/#\\\/schema\\\/person\\\/418fc4093c33e86ed41562db3508f958\"},\"headline\":\"Profesionales de Ciencias Econ\u00f3micas apoyan cuarentena, pero los dejan afuera de las excepciones\",\"datePublished\":\"2020-04-11T21:29:02+00:00\",\"dateModified\":\"2020-04-11T22:36:35+00:00\",\"mainEntityOfPage\":{\"@id\":\"https:\\\/\\\/diariotextual.com\\\/inicio\\\/index.php\\\/2020\\\/04\\\/11\\\/profesionales-ciencias-economicas-apoyan-cuarentena-los-dejan-afuera-las-excepciones\\\/\"},\"wordCount\":957,\"publisher\":{\"@id\":\"https:\\\/\\\/diariotextual.com\\\/inicio\\\/#organization\"},\"image\":{\"@id\":\"https:\\\/\\\/diariotextual.com\\\/inicio\\\/index.php\\\/2020\\\/04\\\/11\\\/profesionales-ciencias-economicas-apoyan-cuarentena-los-dejan-afuera-las-excepciones\\\/#primaryimage\"},\"thumbnailUrl\":\"https:\\\/\\\/diariotextual.com\\\/inicio\\\/wp-content\\\/uploads\\\/2020\\\/04\\\/contadores1.jpg\",\"keywords\":[\"ciencias\",\"contadores\",\"economicas\"],\"articleSection\":[\"ECONOMIA\"],\"inLanguage\":\"es\"},{\"@type\":\"WebPage\",\"@id\":\"https:\\\/\\\/diariotextual.com\\\/inicio\\\/index.php\\\/2020\\\/04\\\/11\\\/profesionales-ciencias-economicas-apoyan-cuarentena-los-dejan-afuera-las-excepciones\\\/\",\"url\":\"https:\\\/\\\/diariotextual.com\\\/inicio\\\/index.php\\\/2020\\\/04\\\/11\\\/profesionales-ciencias-economicas-apoyan-cuarentena-los-dejan-afuera-las-excepciones\\\/\",\"name\":\"Profesionales de Ciencias Econ\u00f3micas apoyan cuarentena, pero los dejan afuera de las excepciones - Diario Textual\",\"isPartOf\":{\"@id\":\"https:\\\/\\\/diariotextual.com\\\/inicio\\\/#website\"},\"primaryImageOfPage\":{\"@id\":\"https:\\\/\\\/diariotextual.com\\\/inicio\\\/index.php\\\/2020\\\/04\\\/11\\\/profesionales-ciencias-economicas-apoyan-cuarentena-los-dejan-afuera-las-excepciones\\\/#primaryimage\"},\"image\":{\"@id\":\"https:\\\/\\\/diariotextual.com\\\/inicio\\\/index.php\\\/2020\\\/04\\\/11\\\/profesionales-ciencias-economicas-apoyan-cuarentena-los-dejan-afuera-las-excepciones\\\/#primaryimage\"},\"thumbnailUrl\":\"https:\\\/\\\/diariotextual.com\\\/inicio\\\/wp-content\\\/uploads\\\/2020\\\/04\\\/contadores1.jpg\",\"datePublished\":\"2020-04-11T21:29:02+00:00\",\"dateModified\":\"2020-04-11T22:36:35+00:00\",\"breadcrumb\":{\"@id\":\"https:\\\/\\\/diariotextual.com\\\/inicio\\\/index.php\\\/2020\\\/04\\\/11\\\/profesionales-ciencias-economicas-apoyan-cuarentena-los-dejan-afuera-las-excepciones\\\/#breadcrumb\"},\"inLanguage\":\"es\",\"potentialAction\":[{\"@type\":\"ReadAction\",\"target\":[\"https:\\\/\\\/diariotextual.com\\\/inicio\\\/index.php\\\/2020\\\/04\\\/11\\\/profesionales-ciencias-economicas-apoyan-cuarentena-los-dejan-afuera-las-excepciones\\\/\"]}]},{\"@type\":\"ImageObject\",\"inLanguage\":\"es\",\"@id\":\"https:\\\/\\\/diariotextual.com\\\/inicio\\\/index.php\\\/2020\\\/04\\\/11\\\/profesionales-ciencias-economicas-apoyan-cuarentena-los-dejan-afuera-las-excepciones\\\/#primaryimage\",\"url\":\"https:\\\/\\\/diariotextual.com\\\/inicio\\\/wp-content\\\/uploads\\\/2020\\\/04\\\/contadores1.jpg\",\"contentUrl\":\"https:\\\/\\\/diariotextual.com\\\/inicio\\\/wp-content\\\/uploads\\\/2020\\\/04\\\/contadores1.jpg\",\"width\":732,\"height\":412},{\"@type\":\"BreadcrumbList\",\"@id\":\"https:\\\/\\\/diariotextual.com\\\/inicio\\\/index.php\\\/2020\\\/04\\\/11\\\/profesionales-ciencias-economicas-apoyan-cuarentena-los-dejan-afuera-las-excepciones\\\/#breadcrumb\",\"itemListElement\":[{\"@type\":\"ListItem\",\"position\":1,\"name\":\"Portada\",\"item\":\"https:\\\/\\\/diariotextual.com\\\/inicio\\\/\"},{\"@type\":\"ListItem\",\"position\":2,\"name\":\"Profesionales de Ciencias Econ\u00f3micas apoyan cuarentena, pero los dejan afuera de las excepciones\"}]},{\"@type\":\"WebSite\",\"@id\":\"https:\\\/\\\/diariotextual.com\\\/inicio\\\/#website\",\"url\":\"https:\\\/\\\/diariotextual.com\\\/inicio\\\/\",\"name\":\"Diario Textual\",\"description\":\"\",\"publisher\":{\"@id\":\"https:\\\/\\\/diariotextual.com\\\/inicio\\\/#organization\"},\"potentialAction\":[{\"@type\":\"SearchAction\",\"target\":{\"@type\":\"EntryPoint\",\"urlTemplate\":\"https:\\\/\\\/diariotextual.com\\\/inicio\\\/?s={search_term_string}\"},\"query-input\":{\"@type\":\"PropertyValueSpecification\",\"valueRequired\":true,\"valueName\":\"search_term_string\"}}],\"inLanguage\":\"es\"},{\"@type\":\"Organization\",\"@id\":\"https:\\\/\\\/diariotextual.com\\\/inicio\\\/#organization\",\"name\":\"Diario Textual\",\"url\":\"https:\\\/\\\/diariotextual.com\\\/inicio\\\/\",\"logo\":{\"@type\":\"ImageObject\",\"inLanguage\":\"es\",\"@id\":\"https:\\\/\\\/diariotextual.com\\\/inicio\\\/#\\\/schema\\\/logo\\\/image\\\/\",\"url\":\"https:\\\/\\\/diariotextual.com\\\/inicio\\\/wp-content\\\/uploads\\\/2023\\\/05\\\/logotextual1.jpg\",\"contentUrl\":\"https:\\\/\\\/diariotextual.com\\\/inicio\\\/wp-content\\\/uploads\\\/2023\\\/05\\\/logotextual1.jpg\",\"width\":516,\"height\":76,\"caption\":\"Diario Textual\"},\"image\":{\"@id\":\"https:\\\/\\\/diariotextual.com\\\/inicio\\\/#\\\/schema\\\/logo\\\/image\\\/\"},\"sameAs\":[\"https:\\\/\\\/www.facebook.com\\\/eltextual\",\"https:\\\/\\\/x.com\\\/eltextual\",\"http:\\\/\\\/www.instagram.com\\\/eltextual\"]},{\"@type\":\"Person\",\"@id\":\"https:\\\/\\\/diariotextual.com\\\/inicio\\\/#\\\/schema\\\/person\\\/418fc4093c33e86ed41562db3508f958\",\"name\":\"Diario1 Diario1\",\"image\":{\"@type\":\"ImageObject\",\"inLanguage\":\"es\",\"@id\":\"https:\\\/\\\/secure.gravatar.com\\\/avatar\\\/9167d280179c85bc18be67aa7eda765854300033af4896dd779b608640f2ef7a?s=96&d=mm&r=g\",\"url\":\"https:\\\/\\\/secure.gravatar.com\\\/avatar\\\/9167d280179c85bc18be67aa7eda765854300033af4896dd779b608640f2ef7a?s=96&d=mm&r=g\",\"contentUrl\":\"https:\\\/\\\/secure.gravatar.com\\\/avatar\\\/9167d280179c85bc18be67aa7eda765854300033af4896dd779b608640f2ef7a?s=96&d=mm&r=g\",\"caption\":\"Diario1 Diario1\"},\"url\":\"https:\\\/\\\/diariotextual.com\\\/inicio\\\/index.php\\\/author\\\/diario1\\\/\"}]}<\/script>\n<!-- \/ Yoast SEO plugin. -->","yoast_head_json":{"title":"Profesionales de Ciencias Econ\u00f3micas apoyan cuarentena, pero los dejan afuera de las excepciones - Diario Textual","robots":{"index":"index","follow":"follow","max-snippet":"max-snippet:-1","max-image-preview":"max-image-preview:large","max-video-preview":"max-video-preview:-1"},"canonical":"https:\/\/diariotextual.com\/inicio\/index.php\/2020\/04\/11\/profesionales-ciencias-economicas-apoyan-cuarentena-los-dejan-afuera-las-excepciones\/","og_locale":"es_ES","og_type":"article","og_title":"Profesionales de Ciencias Econ\u00f3micas apoyan cuarentena, pero los dejan afuera de las excepciones - Diario Textual","og_description":"El Consejo Profesional de Ciencias Econ\u00f3micas de La Pampa sali\u00f3 a respaldar las medidas sanitarias, como la cuarentena obligatoria, para combatir la pandemia del coronavirus Covid-19. Sin embargo, el consejo&hellip;","og_url":"https:\/\/diariotextual.com\/inicio\/index.php\/2020\/04\/11\/profesionales-ciencias-economicas-apoyan-cuarentena-los-dejan-afuera-las-excepciones\/","og_site_name":"Diario Textual","article_publisher":"https:\/\/www.facebook.com\/eltextual","article_published_time":"2020-04-11T21:29:02+00:00","article_modified_time":"2020-04-11T22:36:35+00:00","og_image":[{"width":732,"height":412,"url":"https:\/\/diariotextual.com\/inicio\/wp-content\/uploads\/2020\/04\/contadores1.jpg","type":"image\/jpeg"}],"author":"Diario1 Diario1","twitter_card":"summary_large_image","twitter_creator":"@eltextual","twitter_site":"@eltextual","twitter_misc":{"Escrito por":"Diario1 Diario1","Tiempo de lectura":"5 minutos"},"schema":{"@context":"https:\/\/schema.org","@graph":[{"@type":"Article","@id":"https:\/\/diariotextual.com\/inicio\/index.php\/2020\/04\/11\/profesionales-ciencias-economicas-apoyan-cuarentena-los-dejan-afuera-las-excepciones\/#article","isPartOf":{"@id":"https:\/\/diariotextual.com\/inicio\/index.php\/2020\/04\/11\/profesionales-ciencias-economicas-apoyan-cuarentena-los-dejan-afuera-las-excepciones\/"},"author":{"name":"Diario1 Diario1","@id":"https:\/\/diariotextual.com\/inicio\/#\/schema\/person\/418fc4093c33e86ed41562db3508f958"},"headline":"Profesionales de Ciencias Econ\u00f3micas apoyan cuarentena, pero los dejan afuera de las excepciones","datePublished":"2020-04-11T21:29:02+00:00","dateModified":"2020-04-11T22:36:35+00:00","mainEntityOfPage":{"@id":"https:\/\/diariotextual.com\/inicio\/index.php\/2020\/04\/11\/profesionales-ciencias-economicas-apoyan-cuarentena-los-dejan-afuera-las-excepciones\/"},"wordCount":957,"publisher":{"@id":"https:\/\/diariotextual.com\/inicio\/#organization"},"image":{"@id":"https:\/\/diariotextual.com\/inicio\/index.php\/2020\/04\/11\/profesionales-ciencias-economicas-apoyan-cuarentena-los-dejan-afuera-las-excepciones\/#primaryimage"},"thumbnailUrl":"https:\/\/diariotextual.com\/inicio\/wp-content\/uploads\/2020\/04\/contadores1.jpg","keywords":["ciencias","contadores","economicas"],"articleSection":["ECONOMIA"],"inLanguage":"es"},{"@type":"WebPage","@id":"https:\/\/diariotextual.com\/inicio\/index.php\/2020\/04\/11\/profesionales-ciencias-economicas-apoyan-cuarentena-los-dejan-afuera-las-excepciones\/","url":"https:\/\/diariotextual.com\/inicio\/index.php\/2020\/04\/11\/profesionales-ciencias-economicas-apoyan-cuarentena-los-dejan-afuera-las-excepciones\/","name":"Profesionales de Ciencias Econ\u00f3micas apoyan cuarentena, pero los dejan afuera de las excepciones - Diario Textual","isPartOf":{"@id":"https:\/\/diariotextual.com\/inicio\/#website"},"primaryImageOfPage":{"@id":"https:\/\/diariotextual.com\/inicio\/index.php\/2020\/04\/11\/profesionales-ciencias-economicas-apoyan-cuarentena-los-dejan-afuera-las-excepciones\/#primaryimage"},"image":{"@id":"https:\/\/diariotextual.com\/inicio\/index.php\/2020\/04\/11\/profesionales-ciencias-economicas-apoyan-cuarentena-los-dejan-afuera-las-excepciones\/#primaryimage"},"thumbnailUrl":"https:\/\/diariotextual.com\/inicio\/wp-content\/uploads\/2020\/04\/contadores1.jpg","datePublished":"2020-04-11T21:29:02+00:00","dateModified":"2020-04-11T22:36:35+00:00","breadcrumb":{"@id":"https:\/\/diariotextual.com\/inicio\/index.php\/2020\/04\/11\/profesionales-ciencias-economicas-apoyan-cuarentena-los-dejan-afuera-las-excepciones\/#breadcrumb"},"inLanguage":"es","potentialAction":[{"@type":"ReadAction","target":["https:\/\/diariotextual.com\/inicio\/index.php\/2020\/04\/11\/profesionales-ciencias-economicas-apoyan-cuarentena-los-dejan-afuera-las-excepciones\/"]}]},{"@type":"ImageObject","inLanguage":"es","@id":"https:\/\/diariotextual.com\/inicio\/index.php\/2020\/04\/11\/profesionales-ciencias-economicas-apoyan-cuarentena-los-dejan-afuera-las-excepciones\/#primaryimage","url":"https:\/\/diariotextual.com\/inicio\/wp-content\/uploads\/2020\/04\/contadores1.jpg","contentUrl":"https:\/\/diariotextual.com\/inicio\/wp-content\/uploads\/2020\/04\/contadores1.jpg","width":732,"height":412},{"@type":"BreadcrumbList","@id":"https:\/\/diariotextual.com\/inicio\/index.php\/2020\/04\/11\/profesionales-ciencias-economicas-apoyan-cuarentena-los-dejan-afuera-las-excepciones\/#breadcrumb","itemListElement":[{"@type":"ListItem","position":1,"name":"Portada","item":"https:\/\/diariotextual.com\/inicio\/"},{"@type":"ListItem","position":2,"name":"Profesionales de Ciencias Econ\u00f3micas apoyan cuarentena, pero los dejan afuera de las excepciones"}]},{"@type":"WebSite","@id":"https:\/\/diariotextual.com\/inicio\/#website","url":"https:\/\/diariotextual.com\/inicio\/","name":"Diario Textual","description":"","publisher":{"@id":"https:\/\/diariotextual.com\/inicio\/#organization"},"potentialAction":[{"@type":"SearchAction","target":{"@type":"EntryPoint","urlTemplate":"https:\/\/diariotextual.com\/inicio\/?s={search_term_string}"},"query-input":{"@type":"PropertyValueSpecification","valueRequired":true,"valueName":"search_term_string"}}],"inLanguage":"es"},{"@type":"Organization","@id":"https:\/\/diariotextual.com\/inicio\/#organization","name":"Diario Textual","url":"https:\/\/diariotextual.com\/inicio\/","logo":{"@type":"ImageObject","inLanguage":"es","@id":"https:\/\/diariotextual.com\/inicio\/#\/schema\/logo\/image\/","url":"https:\/\/diariotextual.com\/inicio\/wp-content\/uploads\/2023\/05\/logotextual1.jpg","contentUrl":"https:\/\/diariotextual.com\/inicio\/wp-content\/uploads\/2023\/05\/logotextual1.jpg","width":516,"height":76,"caption":"Diario Textual"},"image":{"@id":"https:\/\/diariotextual.com\/inicio\/#\/schema\/logo\/image\/"},"sameAs":["https:\/\/www.facebook.com\/eltextual","https:\/\/x.com\/eltextual","http:\/\/www.instagram.com\/eltextual"]},{"@type":"Person","@id":"https:\/\/diariotextual.com\/inicio\/#\/schema\/person\/418fc4093c33e86ed41562db3508f958","name":"Diario1 Diario1","image":{"@type":"ImageObject","inLanguage":"es","@id":"https:\/\/secure.gravatar.com\/avatar\/9167d280179c85bc18be67aa7eda765854300033af4896dd779b608640f2ef7a?s=96&d=mm&r=g","url":"https:\/\/secure.gravatar.com\/avatar\/9167d280179c85bc18be67aa7eda765854300033af4896dd779b608640f2ef7a?s=96&d=mm&r=g","contentUrl":"https:\/\/secure.gravatar.com\/avatar\/9167d280179c85bc18be67aa7eda765854300033af4896dd779b608640f2ef7a?s=96&d=mm&r=g","caption":"Diario1 Diario1"},"url":"https:\/\/diariotextual.com\/inicio\/index.php\/author\/diario1\/"}]}},"_links":{"self":[{"href":"https:\/\/diariotextual.com\/inicio\/index.php\/wp-json\/wp\/v2\/posts\/88746","targetHints":{"allow":["GET"]}}],"collection":[{"href":"https:\/\/diariotextual.com\/inicio\/index.php\/wp-json\/wp\/v2\/posts"}],"about":[{"href":"https:\/\/diariotextual.com\/inicio\/index.php\/wp-json\/wp\/v2\/types\/post"}],"author":[{"embeddable":true,"href":"https:\/\/diariotextual.com\/inicio\/index.php\/wp-json\/wp\/v2\/users\/3"}],"replies":[{"embeddable":true,"href":"https:\/\/diariotextual.com\/inicio\/index.php\/wp-json\/wp\/v2\/comments?post=88746"}],"version-history":[{"count":6,"href":"https:\/\/diariotextual.com\/inicio\/index.php\/wp-json\/wp\/v2\/posts\/88746\/revisions"}],"predecessor-version":[{"id":88753,"href":"https:\/\/diariotextual.com\/inicio\/index.php\/wp-json\/wp\/v2\/posts\/88746\/revisions\/88753"}],"wp:featuredmedia":[{"embeddable":true,"href":"https:\/\/diariotextual.com\/inicio\/index.php\/wp-json\/wp\/v2\/media\/88750"}],"wp:attachment":[{"href":"https:\/\/diariotextual.com\/inicio\/index.php\/wp-json\/wp\/v2\/media?parent=88746"}],"wp:term":[{"taxonomy":"category","embeddable":true,"href":"https:\/\/diariotextual.com\/inicio\/index.php\/wp-json\/wp\/v2\/categories?post=88746"},{"taxonomy":"post_tag","embeddable":true,"href":"https:\/\/diariotextual.com\/inicio\/index.php\/wp-json\/wp\/v2\/tags?post=88746"}],"curies":[{"name":"wp","href":"https:\/\/api.w.org\/{rel}","templated":true}]}}