{"id":88754,"date":"2020-04-11T19:40:04","date_gmt":"2020-04-11T22:40:04","guid":{"rendered":"http:\/\/diariotextual.com\/inicio\/?p=88754"},"modified":"2020-04-12T10:34:58","modified_gmt":"2020-04-12T13:34:58","slug":"cuarentena-las-actividades-exceptuadas-gobierno-partir-del-lunes","status":"publish","type":"post","link":"https:\/\/diariotextual.com\/inicio\/index.php\/2020\/04\/11\/cuarentena-las-actividades-exceptuadas-gobierno-partir-del-lunes\/","title":{"rendered":"Cuarentena: cu\u00e1les son las actividades exceptuadas por el Gobierno a partir del lunes"},"content":{"rendered":"<p>La Jefatura de Gabinete de Ministros, a cargo de Santiago Cafiero, resolvi\u00f3 a trav\u00e9s de la Decisi\u00f3n Administrativa 490\/2020 <strong>ampliar el listado de actividades y servicios<\/strong> <strong>exceptuados<\/strong> en el contexto del aislamiento social, preventivo y obligatorio, y <strong>permitir la circulaci\u00f3n de personas con discapacidad, autismo y quienes las asistan<\/strong>.<\/p>\n<p>Asimismo, <strong>la resoluci\u00f3n autoriza actividades de bancos, talleres, ventas de repuestos, fabricaci\u00f3n y reparaci\u00f3n de neum\u00e1ticos y art\u00edculos de librer\u00eda, de forma regulada y administrada.<\/strong><\/p>\n<p>\u00abLas personas con discapacidad y aquellas comprendidas en el colectivo de trastorno del espectro autista, para realizar breves salidas en la cercan\u00eda de su residencia, junto con un familiar o conviviente\u00bb, indica la Decisi\u00f3n Administrativa.<\/p>\n<p>&nbsp;<\/p>\n<blockquote class=\"wp-embedded-content\" data-secret=\"W3yfEqHtiH\"><p><a href=\"http:\/\/diariotextual.com\/inicio\/index.php\/2020\/04\/11\/alberto-destaco-la-seriedad-ziliotto-no-flexibilizar-la-cuarentena\/\">Alberto destac\u00f3 la \u00abseriedad\u00bb de Ziliotto por no flexibilizar la cuarentena<\/a><\/p><\/blockquote>\n<p><iframe class=\"wp-embedded-content\" sandbox=\"allow-scripts\" security=\"restricted\" style=\"position: absolute; clip: rect(1px, 1px, 1px, 1px);\" src=\"http:\/\/diariotextual.com\/inicio\/index.php\/2020\/04\/11\/alberto-destaco-la-seriedad-ziliotto-no-flexibilizar-la-cuarentena\/embed\/#?secret=W3yfEqHtiH\" data-secret=\"W3yfEqHtiH\" width=\"600\" height=\"338\" title=\"&#171;Alberto destac\u00f3 la \u00abseriedad\u00bb de Ziliotto por no flexibilizar la cuarentena&#187; &#8212; Diario Textual\" frameborder=\"0\" marginwidth=\"0\" marginheight=\"0\" scrolling=\"no\"><\/iframe><\/p>\n<p>&nbsp;<\/p>\n<p>La normativa publicada en el Bolet\u00edn Oficial establece que \u00aben tales casos, las personas asistidas y su acompa\u00f1ante deber\u00e1n portar sus respectivos Documentos Nacionales de Identidad (DNI) y el Certificado \u00danico de Discapacidad (CUD) o la prescripci\u00f3n m\u00e9dica donde se indique el diagn\u00f3stico y la necesidad de salidas, la cual podr\u00e1 ser confeccionada en forma digital\u00bb.<\/p>\n<p>Tambi\u00e9n se autoriza la circulaci\u00f3n de quienes realicen \u00abprestaciones profesionales a domicilio destinadas a personas con discapacidad o comprendidas en el colectivo de trastorno autista, y aclara que estos profesionales deber\u00e1n portar copia del Documento Nacional de Identidad (DNI) de la persona bajo tratamiento y del Certificado \u00danico de Discapacidad (CUD)\u00bb.<\/p>\n<p>&nbsp;<\/p>\n<blockquote class=\"wp-embedded-content\" data-secret=\"mXmHXWtcYn\"><p><a href=\"http:\/\/diariotextual.com\/inicio\/index.php\/2020\/04\/11\/quieren-abrir-comerciantes-gremio-meten-presion-ziliotto-flexibilice-la-cuarentena\/\">Quieren abrir todos: comerciantes y el gremio meten presi\u00f3n a Ziliotto para que flexibilice la cuarentena<\/a><\/p><\/blockquote>\n<p><iframe class=\"wp-embedded-content\" sandbox=\"allow-scripts\" security=\"restricted\" style=\"position: absolute; clip: rect(1px, 1px, 1px, 1px);\" src=\"http:\/\/diariotextual.com\/inicio\/index.php\/2020\/04\/11\/quieren-abrir-comerciantes-gremio-meten-presion-ziliotto-flexibilice-la-cuarentena\/embed\/#?secret=mXmHXWtcYn\" data-secret=\"mXmHXWtcYn\" width=\"600\" height=\"338\" title=\"&#171;Quieren abrir todos: comerciantes y el gremio meten presi\u00f3n a Ziliotto para que flexibilice la cuarentena&#187; &#8212; Diario Textual\" frameborder=\"0\" marginwidth=\"0\" marginheight=\"0\" scrolling=\"no\"><\/iframe><\/p>\n<p>&nbsp;<\/p>\n<p>&nbsp;<\/p>\n<p>Tambi\u00e9n est\u00e1 comprendida \u00abla actividad bancaria con atenci\u00f3n al p\u00fablico, exclusivamente con sistema de turnos\u00bb, y se se\u00f1ala que el Banco Central \u00abestablecer\u00e1, mientras dure la medida de aislamiento social, preventivo y obligatorio, los t\u00e9rminos y condiciones en los cuales se realizar\u00e1 la actividad bancaria, pudiendo ampliar o restringir d\u00edas y horarios de atenci\u00f3n\u00bb.<\/p>\n<p>As\u00ed tambi\u00e9n como \u00abservicios a ser prestados y grupos exclusivos o prioritarios de personas a ser atendidas, as\u00ed como todo otro aspecto necesario para dar cumplimiento a las instrucciones y recomendaciones de la autoridad sanitaria\u00bb.<\/p>\n<p>&nbsp;<\/p>\n<p>&nbsp;<\/p>\n<blockquote class=\"wp-embedded-content\" data-secret=\"JBBD5r9n6O\"><p><a href=\"http:\/\/diariotextual.com\/inicio\/index.php\/2020\/04\/11\/comite-crisis-decidio-no-mayores-flexibilizaciones-la-cuarentena-la-pampa\/\">El Comit\u00e9 de Crisis decidi\u00f3 no hacer cambios a la cuarentena en La Pampa<\/a><\/p><\/blockquote>\n<p><iframe class=\"wp-embedded-content\" sandbox=\"allow-scripts\" security=\"restricted\" style=\"position: absolute; clip: rect(1px, 1px, 1px, 1px);\" src=\"http:\/\/diariotextual.com\/inicio\/index.php\/2020\/04\/11\/comite-crisis-decidio-no-mayores-flexibilizaciones-la-cuarentena-la-pampa\/embed\/#?secret=JBBD5r9n6O\" data-secret=\"JBBD5r9n6O\" width=\"600\" height=\"338\" title=\"&#171;El Comit\u00e9 de Crisis decidi\u00f3 no hacer cambios a la cuarentena en La Pampa&#187; &#8212; Diario Textual\" frameborder=\"0\" marginwidth=\"0\" marginheight=\"0\" scrolling=\"no\"><\/iframe><\/p>\n<p>&nbsp;<\/p>\n<p>Est\u00e1n comprendidos \u00ablos talleres para mantenimiento y reparaci\u00f3n de automotores, motocicletas y bicicletas, exclusivamente para transporte p\u00fablico, veh\u00edculos de las fuerzas de seguridad y fuerzas armadas, veh\u00edculos afectados a las prestaciones de salud o al personal con autorizaci\u00f3n para circular, conforme la normativa vigente\u00bb.<\/p>\n<p>Se permiten las tareas de \u00abventa de repuestos, partes y piezas para automotores, motocicletas y bicicletas \u00fanicamente bajo la modalidad de entrega puerta a puerta\u00bb, pero en ning\u00fan caso podr\u00e1n realizar atenci\u00f3n al p\u00fablico\u00bb.<\/p>\n<p>Se except\u00faan la \u00abfabricaci\u00f3n de neum\u00e1ticos; venta y reparaci\u00f3n de los mismos exclusivamente para transporte p\u00fablico, veh\u00edculos de las fuerzas de seguridad y fuerzas armadas, veh\u00edculos afectados a las prestaciones de salud\u00bb.<\/p>\n<p>Se extiende tambi\u00e9n a la \u00abventa de art\u00edculos de librer\u00eda e insumos inform\u00e1ticos, exclusivamente bajo la modalidad de entrega a domicilio, y tampoco se permite en este caso la venta al p\u00fablico.<\/p>\n<p>\u00abLos desplazamientos de las personas alcanzadas por el presente art\u00edculo deber\u00e1n limitarse al estricto cumplimiento de las actividades y servicios exceptuados. En todos los casos se deber\u00e1n observar las recomendaciones e instrucciones de la autoridad sanitaria con el fin de evitar el contagio, incorporando protocolos sanitarios, organizaci\u00f3n por turnos para la prestaci\u00f3n de servicios\u00bb, remarca la normativa de Jefatura de Gabinete.<\/p>\n<p>Adem\u00e1s, se exige a \u00abempleadores y las empleadoras\u00bb a garantizar las condiciones de higiene y seguridad establecidas por el Ministerio de Salud para preservar la salud de las trabajadoras y de los trabajadores\u00bb.<\/p>\n<p>Las personas alcanzadas por esta decisi\u00f3n administrativa, con excepci\u00f3n de las personas con discapacidad, autismo, o quienes las asistan y cumplan prestaciones para ellas, deber\u00e1n tramitar el Certificado \u00danico Habilitante para Circulaci\u00f3n \u2013 Emergencia.<\/p>\n<p>&nbsp;<\/p>\n<p>&nbsp;<\/p>\n<p>&nbsp;<\/p>\n","protected":false},"excerpt":{"rendered":"<p>La Jefatura de Gabinete de Ministros, a cargo de Santiago Cafiero, resolvi\u00f3 a trav\u00e9s de la Decisi\u00f3n Administrativa 490\/2020 ampliar el listado de actividades y servicios exceptuados en el contexto&hellip;<\/p>\n","protected":false},"author":3,"featured_media":88299,"comment_status":"closed","ping_status":"open","sticky":false,"template":"","format":"standard","meta":{"_acf_changed":false,"footnotes":""},"categories":[10,12],"tags":[2662],"class_list":["post-88754","post","type-post","status-publish","format-standard","has-post-thumbnail","hentry","category-portada-2","category-sociedad","tag-coronavirus"],"acf":[],"yoast_head":"<!-- This site is optimized with the Yoast SEO plugin v27.5 - https:\/\/yoast.com\/product\/yoast-seo-wordpress\/ -->\n<title>Cuarentena: cu\u00e1les son las actividades exceptuadas por el Gobierno a partir del lunes - Diario Textual<\/title>\n<meta name=\"robots\" content=\"index, follow, max-snippet:-1, max-image-preview:large, max-video-preview:-1\" \/>\n<link rel=\"canonical\" href=\"https:\/\/diariotextual.com\/inicio\/index.php\/2020\/04\/11\/cuarentena-las-actividades-exceptuadas-gobierno-partir-del-lunes\/\" \/>\n<meta property=\"og:locale\" content=\"es_ES\" \/>\n<meta property=\"og:type\" content=\"article\" \/>\n<meta property=\"og:title\" content=\"Cuarentena: cu\u00e1les son las actividades exceptuadas por el Gobierno a partir del lunes - Diario Textual\" \/>\n<meta property=\"og:description\" content=\"La Jefatura de Gabinete de Ministros, a cargo de Santiago Cafiero, resolvi\u00f3 a trav\u00e9s de la Decisi\u00f3n Administrativa 490\/2020 ampliar el listado de actividades y servicios exceptuados en el contexto&hellip;\" \/>\n<meta property=\"og:url\" content=\"https:\/\/diariotextual.com\/inicio\/index.php\/2020\/04\/11\/cuarentena-las-actividades-exceptuadas-gobierno-partir-del-lunes\/\" \/>\n<meta property=\"og:site_name\" content=\"Diario Textual\" \/>\n<meta property=\"article:publisher\" content=\"https:\/\/www.facebook.com\/eltextual\" \/>\n<meta property=\"article:published_time\" content=\"2020-04-11T22:40:04+00:00\" \/>\n<meta property=\"article:modified_time\" content=\"2020-04-12T13:34:58+00:00\" \/>\n<meta property=\"og:image\" content=\"https:\/\/diariotextual.com\/inicio\/wp-content\/uploads\/2020\/04\/coronaviruscarrito98.jpg\" \/>\n\t<meta property=\"og:image:width\" content=\"1256\" \/>\n\t<meta property=\"og:image:height\" content=\"620\" \/>\n\t<meta property=\"og:image:type\" content=\"image\/jpeg\" \/>\n<meta name=\"author\" content=\"Diario1 Diario1\" \/>\n<meta name=\"twitter:card\" content=\"summary_large_image\" \/>\n<meta name=\"twitter:creator\" content=\"@eltextual\" \/>\n<meta name=\"twitter:site\" content=\"@eltextual\" \/>\n<meta name=\"twitter:label1\" content=\"Escrito por\" \/>\n\t<meta name=\"twitter:data1\" content=\"Diario1 Diario1\" \/>\n\t<meta name=\"twitter:label2\" content=\"Tiempo de lectura\" \/>\n\t<meta name=\"twitter:data2\" content=\"3 minutos\" \/>\n<script type=\"application\/ld+json\" class=\"yoast-schema-graph\">{\"@context\":\"https:\\\/\\\/schema.org\",\"@graph\":[{\"@type\":\"Article\",\"@id\":\"https:\\\/\\\/diariotextual.com\\\/inicio\\\/index.php\\\/2020\\\/04\\\/11\\\/cuarentena-las-actividades-exceptuadas-gobierno-partir-del-lunes\\\/#article\",\"isPartOf\":{\"@id\":\"https:\\\/\\\/diariotextual.com\\\/inicio\\\/index.php\\\/2020\\\/04\\\/11\\\/cuarentena-las-actividades-exceptuadas-gobierno-partir-del-lunes\\\/\"},\"author\":{\"name\":\"Diario1 Diario1\",\"@id\":\"https:\\\/\\\/diariotextual.com\\\/inicio\\\/#\\\/schema\\\/person\\\/418fc4093c33e86ed41562db3508f958\"},\"headline\":\"Cuarentena: cu\u00e1les son las actividades exceptuadas por el Gobierno a partir del lunes\",\"datePublished\":\"2020-04-11T22:40:04+00:00\",\"dateModified\":\"2020-04-12T13:34:58+00:00\",\"mainEntityOfPage\":{\"@id\":\"https:\\\/\\\/diariotextual.com\\\/inicio\\\/index.php\\\/2020\\\/04\\\/11\\\/cuarentena-las-actividades-exceptuadas-gobierno-partir-del-lunes\\\/\"},\"wordCount\":679,\"publisher\":{\"@id\":\"https:\\\/\\\/diariotextual.com\\\/inicio\\\/#organization\"},\"image\":{\"@id\":\"https:\\\/\\\/diariotextual.com\\\/inicio\\\/index.php\\\/2020\\\/04\\\/11\\\/cuarentena-las-actividades-exceptuadas-gobierno-partir-del-lunes\\\/#primaryimage\"},\"thumbnailUrl\":\"https:\\\/\\\/diariotextual.com\\\/inicio\\\/wp-content\\\/uploads\\\/2020\\\/04\\\/coronaviruscarrito98.jpg\",\"keywords\":[\"coronavirus\"],\"articleSection\":[\"A - PORTADA2\",\"SOCIEDAD\"],\"inLanguage\":\"es\"},{\"@type\":\"WebPage\",\"@id\":\"https:\\\/\\\/diariotextual.com\\\/inicio\\\/index.php\\\/2020\\\/04\\\/11\\\/cuarentena-las-actividades-exceptuadas-gobierno-partir-del-lunes\\\/\",\"url\":\"https:\\\/\\\/diariotextual.com\\\/inicio\\\/index.php\\\/2020\\\/04\\\/11\\\/cuarentena-las-actividades-exceptuadas-gobierno-partir-del-lunes\\\/\",\"name\":\"Cuarentena: cu\u00e1les son las actividades exceptuadas por el Gobierno a partir del lunes - Diario Textual\",\"isPartOf\":{\"@id\":\"https:\\\/\\\/diariotextual.com\\\/inicio\\\/#website\"},\"primaryImageOfPage\":{\"@id\":\"https:\\\/\\\/diariotextual.com\\\/inicio\\\/index.php\\\/2020\\\/04\\\/11\\\/cuarentena-las-actividades-exceptuadas-gobierno-partir-del-lunes\\\/#primaryimage\"},\"image\":{\"@id\":\"https:\\\/\\\/diariotextual.com\\\/inicio\\\/index.php\\\/2020\\\/04\\\/11\\\/cuarentena-las-actividades-exceptuadas-gobierno-partir-del-lunes\\\/#primaryimage\"},\"thumbnailUrl\":\"https:\\\/\\\/diariotextual.com\\\/inicio\\\/wp-content\\\/uploads\\\/2020\\\/04\\\/coronaviruscarrito98.jpg\",\"datePublished\":\"2020-04-11T22:40:04+00:00\",\"dateModified\":\"2020-04-12T13:34:58+00:00\",\"breadcrumb\":{\"@id\":\"https:\\\/\\\/diariotextual.com\\\/inicio\\\/index.php\\\/2020\\\/04\\\/11\\\/cuarentena-las-actividades-exceptuadas-gobierno-partir-del-lunes\\\/#breadcrumb\"},\"inLanguage\":\"es\",\"potentialAction\":[{\"@type\":\"ReadAction\",\"target\":[\"https:\\\/\\\/diariotextual.com\\\/inicio\\\/index.php\\\/2020\\\/04\\\/11\\\/cuarentena-las-actividades-exceptuadas-gobierno-partir-del-lunes\\\/\"]}]},{\"@type\":\"ImageObject\",\"inLanguage\":\"es\",\"@id\":\"https:\\\/\\\/diariotextual.com\\\/inicio\\\/index.php\\\/2020\\\/04\\\/11\\\/cuarentena-las-actividades-exceptuadas-gobierno-partir-del-lunes\\\/#primaryimage\",\"url\":\"https:\\\/\\\/diariotextual.com\\\/inicio\\\/wp-content\\\/uploads\\\/2020\\\/04\\\/coronaviruscarrito98.jpg\",\"contentUrl\":\"https:\\\/\\\/diariotextual.com\\\/inicio\\\/wp-content\\\/uploads\\\/2020\\\/04\\\/coronaviruscarrito98.jpg\",\"width\":1256,\"height\":620},{\"@type\":\"BreadcrumbList\",\"@id\":\"https:\\\/\\\/diariotextual.com\\\/inicio\\\/index.php\\\/2020\\\/04\\\/11\\\/cuarentena-las-actividades-exceptuadas-gobierno-partir-del-lunes\\\/#breadcrumb\",\"itemListElement\":[{\"@type\":\"ListItem\",\"position\":1,\"name\":\"Portada\",\"item\":\"https:\\\/\\\/diariotextual.com\\\/inicio\\\/\"},{\"@type\":\"ListItem\",\"position\":2,\"name\":\"Cuarentena: cu\u00e1les son las actividades exceptuadas por el Gobierno a partir del lunes\"}]},{\"@type\":\"WebSite\",\"@id\":\"https:\\\/\\\/diariotextual.com\\\/inicio\\\/#website\",\"url\":\"https:\\\/\\\/diariotextual.com\\\/inicio\\\/\",\"name\":\"Diario Textual\",\"description\":\"\",\"publisher\":{\"@id\":\"https:\\\/\\\/diariotextual.com\\\/inicio\\\/#organization\"},\"potentialAction\":[{\"@type\":\"SearchAction\",\"target\":{\"@type\":\"EntryPoint\",\"urlTemplate\":\"https:\\\/\\\/diariotextual.com\\\/inicio\\\/?s={search_term_string}\"},\"query-input\":{\"@type\":\"PropertyValueSpecification\",\"valueRequired\":true,\"valueName\":\"search_term_string\"}}],\"inLanguage\":\"es\"},{\"@type\":\"Organization\",\"@id\":\"https:\\\/\\\/diariotextual.com\\\/inicio\\\/#organization\",\"name\":\"Diario Textual\",\"url\":\"https:\\\/\\\/diariotextual.com\\\/inicio\\\/\",\"logo\":{\"@type\":\"ImageObject\",\"inLanguage\":\"es\",\"@id\":\"https:\\\/\\\/diariotextual.com\\\/inicio\\\/#\\\/schema\\\/logo\\\/image\\\/\",\"url\":\"https:\\\/\\\/diariotextual.com\\\/inicio\\\/wp-content\\\/uploads\\\/2023\\\/05\\\/logotextual1.jpg\",\"contentUrl\":\"https:\\\/\\\/diariotextual.com\\\/inicio\\\/wp-content\\\/uploads\\\/2023\\\/05\\\/logotextual1.jpg\",\"width\":516,\"height\":76,\"caption\":\"Diario Textual\"},\"image\":{\"@id\":\"https:\\\/\\\/diariotextual.com\\\/inicio\\\/#\\\/schema\\\/logo\\\/image\\\/\"},\"sameAs\":[\"https:\\\/\\\/www.facebook.com\\\/eltextual\",\"https:\\\/\\\/x.com\\\/eltextual\",\"http:\\\/\\\/www.instagram.com\\\/eltextual\"]},{\"@type\":\"Person\",\"@id\":\"https:\\\/\\\/diariotextual.com\\\/inicio\\\/#\\\/schema\\\/person\\\/418fc4093c33e86ed41562db3508f958\",\"name\":\"Diario1 Diario1\",\"image\":{\"@type\":\"ImageObject\",\"inLanguage\":\"es\",\"@id\":\"https:\\\/\\\/secure.gravatar.com\\\/avatar\\\/9167d280179c85bc18be67aa7eda765854300033af4896dd779b608640f2ef7a?s=96&d=mm&r=g\",\"url\":\"https:\\\/\\\/secure.gravatar.com\\\/avatar\\\/9167d280179c85bc18be67aa7eda765854300033af4896dd779b608640f2ef7a?s=96&d=mm&r=g\",\"contentUrl\":\"https:\\\/\\\/secure.gravatar.com\\\/avatar\\\/9167d280179c85bc18be67aa7eda765854300033af4896dd779b608640f2ef7a?s=96&d=mm&r=g\",\"caption\":\"Diario1 Diario1\"},\"url\":\"https:\\\/\\\/diariotextual.com\\\/inicio\\\/index.php\\\/author\\\/diario1\\\/\"}]}<\/script>\n<!-- \/ Yoast SEO plugin. -->","yoast_head_json":{"title":"Cuarentena: cu\u00e1les son las actividades exceptuadas por el Gobierno a partir del lunes - Diario Textual","robots":{"index":"index","follow":"follow","max-snippet":"max-snippet:-1","max-image-preview":"max-image-preview:large","max-video-preview":"max-video-preview:-1"},"canonical":"https:\/\/diariotextual.com\/inicio\/index.php\/2020\/04\/11\/cuarentena-las-actividades-exceptuadas-gobierno-partir-del-lunes\/","og_locale":"es_ES","og_type":"article","og_title":"Cuarentena: cu\u00e1les son las actividades exceptuadas por el Gobierno a partir del lunes - Diario Textual","og_description":"La Jefatura de Gabinete de Ministros, a cargo de Santiago Cafiero, resolvi\u00f3 a trav\u00e9s de la Decisi\u00f3n Administrativa 490\/2020 ampliar el listado de actividades y servicios exceptuados en el contexto&hellip;","og_url":"https:\/\/diariotextual.com\/inicio\/index.php\/2020\/04\/11\/cuarentena-las-actividades-exceptuadas-gobierno-partir-del-lunes\/","og_site_name":"Diario Textual","article_publisher":"https:\/\/www.facebook.com\/eltextual","article_published_time":"2020-04-11T22:40:04+00:00","article_modified_time":"2020-04-12T13:34:58+00:00","og_image":[{"width":1256,"height":620,"url":"https:\/\/diariotextual.com\/inicio\/wp-content\/uploads\/2020\/04\/coronaviruscarrito98.jpg","type":"image\/jpeg"}],"author":"Diario1 Diario1","twitter_card":"summary_large_image","twitter_creator":"@eltextual","twitter_site":"@eltextual","twitter_misc":{"Escrito por":"Diario1 Diario1","Tiempo de lectura":"3 minutos"},"schema":{"@context":"https:\/\/schema.org","@graph":[{"@type":"Article","@id":"https:\/\/diariotextual.com\/inicio\/index.php\/2020\/04\/11\/cuarentena-las-actividades-exceptuadas-gobierno-partir-del-lunes\/#article","isPartOf":{"@id":"https:\/\/diariotextual.com\/inicio\/index.php\/2020\/04\/11\/cuarentena-las-actividades-exceptuadas-gobierno-partir-del-lunes\/"},"author":{"name":"Diario1 Diario1","@id":"https:\/\/diariotextual.com\/inicio\/#\/schema\/person\/418fc4093c33e86ed41562db3508f958"},"headline":"Cuarentena: cu\u00e1les son las actividades exceptuadas por el Gobierno a partir del lunes","datePublished":"2020-04-11T22:40:04+00:00","dateModified":"2020-04-12T13:34:58+00:00","mainEntityOfPage":{"@id":"https:\/\/diariotextual.com\/inicio\/index.php\/2020\/04\/11\/cuarentena-las-actividades-exceptuadas-gobierno-partir-del-lunes\/"},"wordCount":679,"publisher":{"@id":"https:\/\/diariotextual.com\/inicio\/#organization"},"image":{"@id":"https:\/\/diariotextual.com\/inicio\/index.php\/2020\/04\/11\/cuarentena-las-actividades-exceptuadas-gobierno-partir-del-lunes\/#primaryimage"},"thumbnailUrl":"https:\/\/diariotextual.com\/inicio\/wp-content\/uploads\/2020\/04\/coronaviruscarrito98.jpg","keywords":["coronavirus"],"articleSection":["A - PORTADA2","SOCIEDAD"],"inLanguage":"es"},{"@type":"WebPage","@id":"https:\/\/diariotextual.com\/inicio\/index.php\/2020\/04\/11\/cuarentena-las-actividades-exceptuadas-gobierno-partir-del-lunes\/","url":"https:\/\/diariotextual.com\/inicio\/index.php\/2020\/04\/11\/cuarentena-las-actividades-exceptuadas-gobierno-partir-del-lunes\/","name":"Cuarentena: cu\u00e1les son las actividades exceptuadas por el Gobierno a partir del lunes - Diario Textual","isPartOf":{"@id":"https:\/\/diariotextual.com\/inicio\/#website"},"primaryImageOfPage":{"@id":"https:\/\/diariotextual.com\/inicio\/index.php\/2020\/04\/11\/cuarentena-las-actividades-exceptuadas-gobierno-partir-del-lunes\/#primaryimage"},"image":{"@id":"https:\/\/diariotextual.com\/inicio\/index.php\/2020\/04\/11\/cuarentena-las-actividades-exceptuadas-gobierno-partir-del-lunes\/#primaryimage"},"thumbnailUrl":"https:\/\/diariotextual.com\/inicio\/wp-content\/uploads\/2020\/04\/coronaviruscarrito98.jpg","datePublished":"2020-04-11T22:40:04+00:00","dateModified":"2020-04-12T13:34:58+00:00","breadcrumb":{"@id":"https:\/\/diariotextual.com\/inicio\/index.php\/2020\/04\/11\/cuarentena-las-actividades-exceptuadas-gobierno-partir-del-lunes\/#breadcrumb"},"inLanguage":"es","potentialAction":[{"@type":"ReadAction","target":["https:\/\/diariotextual.com\/inicio\/index.php\/2020\/04\/11\/cuarentena-las-actividades-exceptuadas-gobierno-partir-del-lunes\/"]}]},{"@type":"ImageObject","inLanguage":"es","@id":"https:\/\/diariotextual.com\/inicio\/index.php\/2020\/04\/11\/cuarentena-las-actividades-exceptuadas-gobierno-partir-del-lunes\/#primaryimage","url":"https:\/\/diariotextual.com\/inicio\/wp-content\/uploads\/2020\/04\/coronaviruscarrito98.jpg","contentUrl":"https:\/\/diariotextual.com\/inicio\/wp-content\/uploads\/2020\/04\/coronaviruscarrito98.jpg","width":1256,"height":620},{"@type":"BreadcrumbList","@id":"https:\/\/diariotextual.com\/inicio\/index.php\/2020\/04\/11\/cuarentena-las-actividades-exceptuadas-gobierno-partir-del-lunes\/#breadcrumb","itemListElement":[{"@type":"ListItem","position":1,"name":"Portada","item":"https:\/\/diariotextual.com\/inicio\/"},{"@type":"ListItem","position":2,"name":"Cuarentena: cu\u00e1les son las actividades exceptuadas por el Gobierno a partir del lunes"}]},{"@type":"WebSite","@id":"https:\/\/diariotextual.com\/inicio\/#website","url":"https:\/\/diariotextual.com\/inicio\/","name":"Diario Textual","description":"","publisher":{"@id":"https:\/\/diariotextual.com\/inicio\/#organization"},"potentialAction":[{"@type":"SearchAction","target":{"@type":"EntryPoint","urlTemplate":"https:\/\/diariotextual.com\/inicio\/?s={search_term_string}"},"query-input":{"@type":"PropertyValueSpecification","valueRequired":true,"valueName":"search_term_string"}}],"inLanguage":"es"},{"@type":"Organization","@id":"https:\/\/diariotextual.com\/inicio\/#organization","name":"Diario Textual","url":"https:\/\/diariotextual.com\/inicio\/","logo":{"@type":"ImageObject","inLanguage":"es","@id":"https:\/\/diariotextual.com\/inicio\/#\/schema\/logo\/image\/","url":"https:\/\/diariotextual.com\/inicio\/wp-content\/uploads\/2023\/05\/logotextual1.jpg","contentUrl":"https:\/\/diariotextual.com\/inicio\/wp-content\/uploads\/2023\/05\/logotextual1.jpg","width":516,"height":76,"caption":"Diario Textual"},"image":{"@id":"https:\/\/diariotextual.com\/inicio\/#\/schema\/logo\/image\/"},"sameAs":["https:\/\/www.facebook.com\/eltextual","https:\/\/x.com\/eltextual","http:\/\/www.instagram.com\/eltextual"]},{"@type":"Person","@id":"https:\/\/diariotextual.com\/inicio\/#\/schema\/person\/418fc4093c33e86ed41562db3508f958","name":"Diario1 Diario1","image":{"@type":"ImageObject","inLanguage":"es","@id":"https:\/\/secure.gravatar.com\/avatar\/9167d280179c85bc18be67aa7eda765854300033af4896dd779b608640f2ef7a?s=96&d=mm&r=g","url":"https:\/\/secure.gravatar.com\/avatar\/9167d280179c85bc18be67aa7eda765854300033af4896dd779b608640f2ef7a?s=96&d=mm&r=g","contentUrl":"https:\/\/secure.gravatar.com\/avatar\/9167d280179c85bc18be67aa7eda765854300033af4896dd779b608640f2ef7a?s=96&d=mm&r=g","caption":"Diario1 Diario1"},"url":"https:\/\/diariotextual.com\/inicio\/index.php\/author\/diario1\/"}]}},"_links":{"self":[{"href":"https:\/\/diariotextual.com\/inicio\/index.php\/wp-json\/wp\/v2\/posts\/88754","targetHints":{"allow":["GET"]}}],"collection":[{"href":"https:\/\/diariotextual.com\/inicio\/index.php\/wp-json\/wp\/v2\/posts"}],"about":[{"href":"https:\/\/diariotextual.com\/inicio\/index.php\/wp-json\/wp\/v2\/types\/post"}],"author":[{"embeddable":true,"href":"https:\/\/diariotextual.com\/inicio\/index.php\/wp-json\/wp\/v2\/users\/3"}],"replies":[{"embeddable":true,"href":"https:\/\/diariotextual.com\/inicio\/index.php\/wp-json\/wp\/v2\/comments?post=88754"}],"version-history":[{"count":6,"href":"https:\/\/diariotextual.com\/inicio\/index.php\/wp-json\/wp\/v2\/posts\/88754\/revisions"}],"predecessor-version":[{"id":88793,"href":"https:\/\/diariotextual.com\/inicio\/index.php\/wp-json\/wp\/v2\/posts\/88754\/revisions\/88793"}],"wp:featuredmedia":[{"embeddable":true,"href":"https:\/\/diariotextual.com\/inicio\/index.php\/wp-json\/wp\/v2\/media\/88299"}],"wp:attachment":[{"href":"https:\/\/diariotextual.com\/inicio\/index.php\/wp-json\/wp\/v2\/media?parent=88754"}],"wp:term":[{"taxonomy":"category","embeddable":true,"href":"https:\/\/diariotextual.com\/inicio\/index.php\/wp-json\/wp\/v2\/categories?post=88754"},{"taxonomy":"post_tag","embeddable":true,"href":"https:\/\/diariotextual.com\/inicio\/index.php\/wp-json\/wp\/v2\/tags?post=88754"}],"curies":[{"name":"wp","href":"https:\/\/api.w.org\/{rel}","templated":true}]}}