{"id":88783,"date":"2020-04-11T21:49:22","date_gmt":"2020-04-12T00:49:22","guid":{"rendered":"http:\/\/diariotextual.com\/inicio\/?p=88783"},"modified":"2020-04-12T10:35:37","modified_gmt":"2020-04-12T13:35:37","slug":"quieren-abrir-comerciantes-gremio-meten-presion-ziliotto-flexibilice-la-cuarentena","status":"publish","type":"post","link":"https:\/\/diariotextual.com\/inicio\/index.php\/2020\/04\/11\/quieren-abrir-comerciantes-gremio-meten-presion-ziliotto-flexibilice-la-cuarentena\/","title":{"rendered":"Quieren abrir: comerciantes piden a Ziliotto que flexibilice la cuarentena"},"content":{"rendered":"<p>Dirigentes de la <strong>C\u00e1mara de Comercio, Industria y Producci\u00f3n de La Pampa<\/strong> -en rigor, con presencia en la capital provincial y la zona- y el <strong>Centro Empleados de Comercio<\/strong>\u00a0d<strong>e Santa Rosa<\/strong>\u00a0enviaron una nota este s\u00e1bado al gobernador<strong> Sergio Ziliotto <\/strong>para que analice la posibilidad de autorizar la\u00a0<strong>reapertura de todos los comercios en medio de la cuarentena obligatoria<\/strong>. El reclamo<strong> va a en contra de la decisi\u00f3n del mandatario<\/strong>, que hoy anunci\u00f3 que, desde el lunes 13,\u00a0<a href=\"http:\/\/diariotextual.com\/inicio\/index.php\/2020\/04\/11\/comite-crisis-decidio-no-mayores-flexibilizaciones-la-cuarentena-la-pampa\/\" target=\"_blank\" rel=\"noopener\"><strong>no habr\u00e1 nuevas excepciones<\/strong><\/a> m\u00e1s all\u00e1 de las dispuestas por Naci\u00f3n.<\/p>\n<p>Por lo pronto, la Jefatura de Gabinete de Ministros de la Naci\u00f3n, a cargo de <strong>Santiago Cafiero<\/strong>, resolvi\u00f3 hoy, a trav\u00e9s de la Decisi\u00f3n Administrativa 490\/2020, ampliar el listado de actividades y servicios exceptuados en el contexto del aislamiento social, preventivo y obligatorio, y<strong> permitir la circulaci\u00f3n de personas con discapacidad, autismo y quienes las asistan<\/strong>. Asimismo, <strong>la resoluci\u00f3n autoriza actividades de bancos, talleres, ventas de repuestos, fabricaci\u00f3n y reparaci\u00f3n de neum\u00e1ticos y art\u00edculos de librer\u00eda, de forma regulada y administrada<\/strong>.<\/p>\n<p><strong>Ziliotto sumar\u00e1 esas actividades, pero no est\u00e1 dispuesto a flexibilizar m\u00e1s la cuarentena.<\/strong>\u00a0\u00abCada actividad exceptuada sumar\u00eda excusas a los irresponsables que, aun ante la amenaza de detenci\u00f3n e inicio de un proceso judicial, siguen circulando sin motivo alguno\u00bb, justific\u00f3 el gobernador.<\/p>\n<p>Esa posici\u00f3n, dura, gener\u00f3 preocupaci\u00f3n en los comerciantes pampeanos.<strong> \u00abM\u00e1s all\u00e1 de los paliativos anunciados por la Provincia, que a\u00fan no se concretan, si no nos permiten trabajar estamos a punto de tener que cerrar\u00bb<\/strong>, se lament\u00f3 un comerciante en di\u00e1logo con Diario Textual.<\/p>\n<p><strong>\u00abComo trabajadores -dijo un empleados- respaldamos la cuarentena. Pero queremos salir con el menor da\u00f1o econ\u00f3mico posible\u00bb.<\/strong><\/p>\n<p>Los dirigentes patronales y del sindicato hicieron causa com\u00fan y enviaron un borrador, con una serie de propuestas. <strong>La intenci\u00f3n es generar un canal de di\u00e1logo con el gobernador y, su vez, contener a los comerciantes m\u00e1s duros<\/strong>. Diario Textual accedi\u00f3 al documento, con las propuestas. Es el siguiente:<\/p>\n<p><strong>\u2022\u00a0Forma de circulaci\u00f3n:<\/strong> Desde el lunes 13 de abril la poblaci\u00f3n podr\u00e1 circular bajo el mismo cronograma de terminaci\u00f3n de n\u00fameros de DNI que determin\u00f3 el BCRA.<\/p>\n<p><strong>\u2022 Comercios habilitados:<\/strong> Los comercios que tengan Habilitaci\u00f3n Municipal podr\u00e1n trabajar con las caracter\u00edsticas m\u00e1s abajo detalladas.<\/p>\n<p><strong>\u2022 Horarios:<\/strong> Los comercios abrir\u00e1n sus puertas, como m\u00e1ximo, en el mismo horario que permanezcan abiertas las Instituciones Bancarias, respetando el horario de cada empleado de comercio contratado, pudiendo ser menor a la carga horaria, pero nunca mayor, inclusive con el pago de horas extras. Ning\u00fan empleado de comercio podr\u00e1 trabajar mas de 8 horas por d\u00eda, por el solo hecho de no exponerlo a un riesgo mayor sanitariamente hablando. Los d\u00edas de atenci\u00f3n tambi\u00e9n ser\u00e1n los mismos de las Instituciones Bancarias, velando que el fin de semana, ning\u00fan comercio, independiente de la superficie permanezca abierto, solo en caso de comercios de extrema necesidad que determine la autoridad de aplicaci\u00f3n.<\/p>\n<p>&nbsp;<\/p>\n<blockquote class=\"wp-embedded-content\" data-secret=\"6EudeWv5mR\"><p><a href=\"http:\/\/diariotextual.com\/inicio\/index.php\/2020\/04\/11\/comite-crisis-decidio-no-mayores-flexibilizaciones-la-cuarentena-la-pampa\/\">El Comit\u00e9 de Crisis decidi\u00f3 no hacer cambios a la cuarentena en La Pampa<\/a><\/p><\/blockquote>\n<p><iframe class=\"wp-embedded-content\" sandbox=\"allow-scripts\" security=\"restricted\" style=\"position: absolute; clip: rect(1px, 1px, 1px, 1px);\" src=\"http:\/\/diariotextual.com\/inicio\/index.php\/2020\/04\/11\/comite-crisis-decidio-no-mayores-flexibilizaciones-la-cuarentena-la-pampa\/embed\/#?secret=6EudeWv5mR\" data-secret=\"6EudeWv5mR\" width=\"600\" height=\"338\" title=\"&#171;El Comit\u00e9 de Crisis decidi\u00f3 no hacer cambios a la cuarentena en La Pampa&#187; &#8212; Diario Textual\" frameborder=\"0\" marginwidth=\"0\" marginheight=\"0\" scrolling=\"no\"><\/iframe><\/p>\n<p>&nbsp;<\/p>\n<p>&nbsp;<\/p>\n<p><strong>\u2022 Protocolo de bioseguridad:<\/strong> A cada Comercio, la C\u00e1mara de Comercio, Industria y Producci\u00f3n de la Pampa, le entregar\u00e1 con la ayuda del personal del CEC, un protocolo de trabajo bajo el estado de Pandemia, y le entregar\u00e1 un Flyer para colocar en un lugar visible, y as\u00ed informar a los clientes que circulen por los comercios, cu\u00e1les son las medidas de seguridad que se deben considerar. El mismo protocolo deber\u00e1 ser firmado en original y copia, enviando al Municipio correspondiente, el compromiso asumido por el Comercio y para que el mismo tenga herramientas para fiscalizar el correcto funcionamiento de cada comercio.<\/p>\n<p><strong>\u2022 Capacidad de atenci\u00f3n:<\/strong> Respecto al p\u00fablico, cada Comercio evaluar\u00e1 respecto a la cantidad de metros cuadrados, la cantidad m\u00e1xima de p\u00fablico que podr\u00e1 permanecer en su interior, con un m\u00e1ximo de tiempo de 30 minutos, desde que ingresa hasta que realiza el pago. La cantidad de p\u00fablico dentro de cada comercio deber\u00e1 contemplar adem\u00e1s que el n\u00famero de clientes sea como m\u00e1ximo, el doble de empleados atendiendo. Se deben cumplir ambas condiciones.<\/p>\n<p><strong>\u2022 Entrega de mercader\u00eda:<\/strong> Cada comercio podr\u00e1 implementar la entrega de mercader\u00eda a sus clientes mediante los servicios de cadeter\u00eda habilitados, con el servicio de Taxi Flet o entrega propia, en todos los casos justificando el transporte de mercader\u00eda con los correspondientes comprobantes de venta. La entrega en domicilio se realizar\u00e1 envuelta y deber\u00e1 ser entregada en la vereda del domicilio, para evitar el contacto entre los participantes.<\/p>\n<p><strong>\u2022 Prestaci\u00f3n de servicios de actividades econ\u00f3micas de contacto directo:<\/strong>\u00a0Aquellas actividades que realicen servicio de atenci\u00f3n al cliente en contacto directo, deber\u00e1n cumplimentar con los mismos requisitos de atenci\u00f3n por n\u00famero de terminaci\u00f3n de DNI y horarios m\u00e1ximos de apertura; respetando las normas del protocolo de seguridad y capacidad de atenci\u00f3n. Sin presencia de clientes\/pacientes en la sala de espera. Cuando la prestaci\u00f3n implique el desplazamiento del prestador, \u00e9stos deber\u00e1n solicitar la autorizaci\u00f3n correspondiente en la seccional de la Polic\u00eda Provincial m\u00e1s cercana, indicando donde prestar\u00e1n el servicio.<\/p>\n<p><strong>\u2022 Medios de transporte:<\/strong> Para evitar el uso del transporte p\u00fablico sugerimos suspender por la etapa de cuarentena el cobro de estacionamiento medido en los Municipios que lo realizan, con el objeto de que los cuentapropistas, empleados y p\u00fablico puedan moverse de forma mas segura en autom\u00f3vil, en bicicleta, en motocicleta o en su defecto caminando.<\/p>\n<p><strong>\u2022 Haberes m\u00ednimos garantizados:<\/strong> Sugerimos que el Centro de Empleados de Comercios autorice a cada Empleador a que mientras siga vigente el aislamiento social preventivo y obligatorio, sea obligaci\u00f3n que a cada empleado le sea abonado como m\u00ednimo el 50% del salario del mes de abril, debi\u00e9ndose abonar la diferencia restante, cuando se haga efectivo el cr\u00e9dito del Banco de la Pampa o en los dos meses subsiguientes. Para que el CEC apruebe este convenio deber\u00e1n estar saldados los haberes de los meses anteriores.<\/p>\n<p><strong>\u2022 Personal de transporte:<\/strong> Sugerimos que se realice un Protocolo de seguridad y evaluaci\u00f3n semanal del personal de las empresas de transporte con asiento en nuestra Provincia, con la extensi\u00f3n de un comprobante de aptitud de dicha evaluaci\u00f3n.<\/p>\n<p><strong>\u2022 Medidas econ\u00f3micas dispuestas por el Estado nacional y provincial:<\/strong>\u00a0Solicitamos que las medidas previstas por el Nivel Nacional y Provincial para subsidiar el pago de parte de los salarios de las pymes se implementen en forma inmediata, ya que ninguna se encuentra operativa para hacer frente a los haberes del mes de Abril del corriente.<\/p>\n<p>&nbsp;<\/p>\n<blockquote class=\"wp-embedded-content\" data-secret=\"UqzR4mJdrx\"><p><a href=\"http:\/\/diariotextual.com\/inicio\/index.php\/2020\/04\/11\/cuarentena-las-actividades-exceptuadas-gobierno-partir-del-lunes\/\">Cuarentena: cu\u00e1les son las actividades exceptuadas por el Gobierno a partir del lunes<\/a><\/p><\/blockquote>\n<p><iframe class=\"wp-embedded-content\" sandbox=\"allow-scripts\" security=\"restricted\" style=\"position: absolute; clip: rect(1px, 1px, 1px, 1px);\" src=\"http:\/\/diariotextual.com\/inicio\/index.php\/2020\/04\/11\/cuarentena-las-actividades-exceptuadas-gobierno-partir-del-lunes\/embed\/#?secret=UqzR4mJdrx\" data-secret=\"UqzR4mJdrx\" width=\"600\" height=\"338\" title=\"&#171;Cuarentena: cu\u00e1les son las actividades exceptuadas por el Gobierno a partir del lunes&#187; &#8212; Diario Textual\" frameborder=\"0\" marginwidth=\"0\" marginheight=\"0\" scrolling=\"no\"><\/iframe><\/p>\n<p>&nbsp;<\/p>\n<p>&nbsp;<\/p>\n","protected":false},"excerpt":{"rendered":"<p>Dirigentes de la C\u00e1mara de Comercio, Industria y Producci\u00f3n de La Pampa -en rigor, con presencia en la capital provincial y la zona- y el Centro Empleados de Comercio\u00a0de Santa&hellip;<\/p>\n","protected":false},"author":3,"featured_media":87692,"comment_status":"closed","ping_status":"open","sticky":false,"template":"","format":"standard","meta":{"_acf_changed":false,"footnotes":""},"categories":[11,5],"tags":[2434,888,1221],"class_list":["post-88783","post","type-post","status-publish","format-standard","has-post-thumbnail","hentry","category-que-pasa","category-economia","tag-bancos","tag-cec","tag-comercios"],"acf":[],"yoast_head":"<!-- This site is optimized with the Yoast SEO plugin v27.5 - https:\/\/yoast.com\/product\/yoast-seo-wordpress\/ -->\n<title>Quieren abrir: comerciantes piden a Ziliotto que flexibilice la cuarentena - Diario Textual<\/title>\n<meta name=\"robots\" content=\"index, follow, max-snippet:-1, max-image-preview:large, max-video-preview:-1\" \/>\n<link rel=\"canonical\" href=\"https:\/\/diariotextual.com\/inicio\/index.php\/2020\/04\/11\/quieren-abrir-comerciantes-gremio-meten-presion-ziliotto-flexibilice-la-cuarentena\/\" \/>\n<meta property=\"og:locale\" content=\"es_ES\" \/>\n<meta property=\"og:type\" content=\"article\" \/>\n<meta property=\"og:title\" content=\"Quieren abrir: comerciantes piden a Ziliotto que flexibilice la cuarentena - Diario Textual\" \/>\n<meta property=\"og:description\" content=\"Dirigentes de la C\u00e1mara de Comercio, Industria y Producci\u00f3n de La Pampa -en rigor, con presencia en la capital provincial y la zona- y el Centro Empleados de Comercio\u00a0de Santa&hellip;\" \/>\n<meta property=\"og:url\" content=\"https:\/\/diariotextual.com\/inicio\/index.php\/2020\/04\/11\/quieren-abrir-comerciantes-gremio-meten-presion-ziliotto-flexibilice-la-cuarentena\/\" \/>\n<meta property=\"og:site_name\" content=\"Diario Textual\" \/>\n<meta property=\"article:publisher\" content=\"https:\/\/www.facebook.com\/eltextual\" \/>\n<meta property=\"article:published_time\" content=\"2020-04-12T00:49:22+00:00\" \/>\n<meta property=\"article:modified_time\" content=\"2020-04-12T13:35:37+00:00\" \/>\n<meta property=\"og:image\" content=\"https:\/\/diariotextual.com\/inicio\/wp-content\/uploads\/2020\/04\/coronavirustelam2020-222.jpg\" \/>\n\t<meta property=\"og:image:width\" content=\"1500\" \/>\n\t<meta property=\"og:image:height\" content=\"928\" \/>\n\t<meta property=\"og:image:type\" content=\"image\/jpeg\" \/>\n<meta name=\"author\" content=\"Diario1 Diario1\" \/>\n<meta name=\"twitter:card\" content=\"summary_large_image\" \/>\n<meta name=\"twitter:creator\" content=\"@eltextual\" \/>\n<meta name=\"twitter:site\" content=\"@eltextual\" \/>\n<meta name=\"twitter:label1\" content=\"Escrito por\" \/>\n\t<meta name=\"twitter:data1\" content=\"Diario1 Diario1\" \/>\n\t<meta name=\"twitter:label2\" content=\"Tiempo de lectura\" \/>\n\t<meta name=\"twitter:data2\" content=\"6 minutos\" \/>\n<script type=\"application\/ld+json\" class=\"yoast-schema-graph\">{\"@context\":\"https:\\\/\\\/schema.org\",\"@graph\":[{\"@type\":\"Article\",\"@id\":\"https:\\\/\\\/diariotextual.com\\\/inicio\\\/index.php\\\/2020\\\/04\\\/11\\\/quieren-abrir-comerciantes-gremio-meten-presion-ziliotto-flexibilice-la-cuarentena\\\/#article\",\"isPartOf\":{\"@id\":\"https:\\\/\\\/diariotextual.com\\\/inicio\\\/index.php\\\/2020\\\/04\\\/11\\\/quieren-abrir-comerciantes-gremio-meten-presion-ziliotto-flexibilice-la-cuarentena\\\/\"},\"author\":{\"name\":\"Diario1 Diario1\",\"@id\":\"https:\\\/\\\/diariotextual.com\\\/inicio\\\/#\\\/schema\\\/person\\\/418fc4093c33e86ed41562db3508f958\"},\"headline\":\"Quieren abrir: comerciantes piden a Ziliotto que flexibilice la cuarentena\",\"datePublished\":\"2020-04-12T00:49:22+00:00\",\"dateModified\":\"2020-04-12T13:35:37+00:00\",\"mainEntityOfPage\":{\"@id\":\"https:\\\/\\\/diariotextual.com\\\/inicio\\\/index.php\\\/2020\\\/04\\\/11\\\/quieren-abrir-comerciantes-gremio-meten-presion-ziliotto-flexibilice-la-cuarentena\\\/\"},\"wordCount\":1150,\"publisher\":{\"@id\":\"https:\\\/\\\/diariotextual.com\\\/inicio\\\/#organization\"},\"image\":{\"@id\":\"https:\\\/\\\/diariotextual.com\\\/inicio\\\/index.php\\\/2020\\\/04\\\/11\\\/quieren-abrir-comerciantes-gremio-meten-presion-ziliotto-flexibilice-la-cuarentena\\\/#primaryimage\"},\"thumbnailUrl\":\"https:\\\/\\\/diariotextual.com\\\/inicio\\\/wp-content\\\/uploads\\\/2020\\\/04\\\/coronavirustelam2020-222.jpg\",\"keywords\":[\"bancos\",\"cec\",\"comercios\"],\"articleSection\":[\"A - QUE PASA (al costado)\",\"ECONOMIA\"],\"inLanguage\":\"es\"},{\"@type\":\"WebPage\",\"@id\":\"https:\\\/\\\/diariotextual.com\\\/inicio\\\/index.php\\\/2020\\\/04\\\/11\\\/quieren-abrir-comerciantes-gremio-meten-presion-ziliotto-flexibilice-la-cuarentena\\\/\",\"url\":\"https:\\\/\\\/diariotextual.com\\\/inicio\\\/index.php\\\/2020\\\/04\\\/11\\\/quieren-abrir-comerciantes-gremio-meten-presion-ziliotto-flexibilice-la-cuarentena\\\/\",\"name\":\"Quieren abrir: comerciantes piden a Ziliotto que flexibilice la cuarentena - Diario Textual\",\"isPartOf\":{\"@id\":\"https:\\\/\\\/diariotextual.com\\\/inicio\\\/#website\"},\"primaryImageOfPage\":{\"@id\":\"https:\\\/\\\/diariotextual.com\\\/inicio\\\/index.php\\\/2020\\\/04\\\/11\\\/quieren-abrir-comerciantes-gremio-meten-presion-ziliotto-flexibilice-la-cuarentena\\\/#primaryimage\"},\"image\":{\"@id\":\"https:\\\/\\\/diariotextual.com\\\/inicio\\\/index.php\\\/2020\\\/04\\\/11\\\/quieren-abrir-comerciantes-gremio-meten-presion-ziliotto-flexibilice-la-cuarentena\\\/#primaryimage\"},\"thumbnailUrl\":\"https:\\\/\\\/diariotextual.com\\\/inicio\\\/wp-content\\\/uploads\\\/2020\\\/04\\\/coronavirustelam2020-222.jpg\",\"datePublished\":\"2020-04-12T00:49:22+00:00\",\"dateModified\":\"2020-04-12T13:35:37+00:00\",\"breadcrumb\":{\"@id\":\"https:\\\/\\\/diariotextual.com\\\/inicio\\\/index.php\\\/2020\\\/04\\\/11\\\/quieren-abrir-comerciantes-gremio-meten-presion-ziliotto-flexibilice-la-cuarentena\\\/#breadcrumb\"},\"inLanguage\":\"es\",\"potentialAction\":[{\"@type\":\"ReadAction\",\"target\":[\"https:\\\/\\\/diariotextual.com\\\/inicio\\\/index.php\\\/2020\\\/04\\\/11\\\/quieren-abrir-comerciantes-gremio-meten-presion-ziliotto-flexibilice-la-cuarentena\\\/\"]}]},{\"@type\":\"ImageObject\",\"inLanguage\":\"es\",\"@id\":\"https:\\\/\\\/diariotextual.com\\\/inicio\\\/index.php\\\/2020\\\/04\\\/11\\\/quieren-abrir-comerciantes-gremio-meten-presion-ziliotto-flexibilice-la-cuarentena\\\/#primaryimage\",\"url\":\"https:\\\/\\\/diariotextual.com\\\/inicio\\\/wp-content\\\/uploads\\\/2020\\\/04\\\/coronavirustelam2020-222.jpg\",\"contentUrl\":\"https:\\\/\\\/diariotextual.com\\\/inicio\\\/wp-content\\\/uploads\\\/2020\\\/04\\\/coronavirustelam2020-222.jpg\",\"width\":1500,\"height\":928},{\"@type\":\"BreadcrumbList\",\"@id\":\"https:\\\/\\\/diariotextual.com\\\/inicio\\\/index.php\\\/2020\\\/04\\\/11\\\/quieren-abrir-comerciantes-gremio-meten-presion-ziliotto-flexibilice-la-cuarentena\\\/#breadcrumb\",\"itemListElement\":[{\"@type\":\"ListItem\",\"position\":1,\"name\":\"Portada\",\"item\":\"https:\\\/\\\/diariotextual.com\\\/inicio\\\/\"},{\"@type\":\"ListItem\",\"position\":2,\"name\":\"Quieren abrir: comerciantes piden a Ziliotto que flexibilice la cuarentena\"}]},{\"@type\":\"WebSite\",\"@id\":\"https:\\\/\\\/diariotextual.com\\\/inicio\\\/#website\",\"url\":\"https:\\\/\\\/diariotextual.com\\\/inicio\\\/\",\"name\":\"Diario Textual\",\"description\":\"\",\"publisher\":{\"@id\":\"https:\\\/\\\/diariotextual.com\\\/inicio\\\/#organization\"},\"potentialAction\":[{\"@type\":\"SearchAction\",\"target\":{\"@type\":\"EntryPoint\",\"urlTemplate\":\"https:\\\/\\\/diariotextual.com\\\/inicio\\\/?s={search_term_string}\"},\"query-input\":{\"@type\":\"PropertyValueSpecification\",\"valueRequired\":true,\"valueName\":\"search_term_string\"}}],\"inLanguage\":\"es\"},{\"@type\":\"Organization\",\"@id\":\"https:\\\/\\\/diariotextual.com\\\/inicio\\\/#organization\",\"name\":\"Diario Textual\",\"url\":\"https:\\\/\\\/diariotextual.com\\\/inicio\\\/\",\"logo\":{\"@type\":\"ImageObject\",\"inLanguage\":\"es\",\"@id\":\"https:\\\/\\\/diariotextual.com\\\/inicio\\\/#\\\/schema\\\/logo\\\/image\\\/\",\"url\":\"https:\\\/\\\/diariotextual.com\\\/inicio\\\/wp-content\\\/uploads\\\/2023\\\/05\\\/logotextual1.jpg\",\"contentUrl\":\"https:\\\/\\\/diariotextual.com\\\/inicio\\\/wp-content\\\/uploads\\\/2023\\\/05\\\/logotextual1.jpg\",\"width\":516,\"height\":76,\"caption\":\"Diario Textual\"},\"image\":{\"@id\":\"https:\\\/\\\/diariotextual.com\\\/inicio\\\/#\\\/schema\\\/logo\\\/image\\\/\"},\"sameAs\":[\"https:\\\/\\\/www.facebook.com\\\/eltextual\",\"https:\\\/\\\/x.com\\\/eltextual\",\"http:\\\/\\\/www.instagram.com\\\/eltextual\"]},{\"@type\":\"Person\",\"@id\":\"https:\\\/\\\/diariotextual.com\\\/inicio\\\/#\\\/schema\\\/person\\\/418fc4093c33e86ed41562db3508f958\",\"name\":\"Diario1 Diario1\",\"image\":{\"@type\":\"ImageObject\",\"inLanguage\":\"es\",\"@id\":\"https:\\\/\\\/secure.gravatar.com\\\/avatar\\\/9167d280179c85bc18be67aa7eda765854300033af4896dd779b608640f2ef7a?s=96&d=mm&r=g\",\"url\":\"https:\\\/\\\/secure.gravatar.com\\\/avatar\\\/9167d280179c85bc18be67aa7eda765854300033af4896dd779b608640f2ef7a?s=96&d=mm&r=g\",\"contentUrl\":\"https:\\\/\\\/secure.gravatar.com\\\/avatar\\\/9167d280179c85bc18be67aa7eda765854300033af4896dd779b608640f2ef7a?s=96&d=mm&r=g\",\"caption\":\"Diario1 Diario1\"},\"url\":\"https:\\\/\\\/diariotextual.com\\\/inicio\\\/index.php\\\/author\\\/diario1\\\/\"}]}<\/script>\n<!-- \/ Yoast SEO plugin. -->","yoast_head_json":{"title":"Quieren abrir: comerciantes piden a Ziliotto que flexibilice la cuarentena - Diario Textual","robots":{"index":"index","follow":"follow","max-snippet":"max-snippet:-1","max-image-preview":"max-image-preview:large","max-video-preview":"max-video-preview:-1"},"canonical":"https:\/\/diariotextual.com\/inicio\/index.php\/2020\/04\/11\/quieren-abrir-comerciantes-gremio-meten-presion-ziliotto-flexibilice-la-cuarentena\/","og_locale":"es_ES","og_type":"article","og_title":"Quieren abrir: comerciantes piden a Ziliotto que flexibilice la cuarentena - Diario Textual","og_description":"Dirigentes de la C\u00e1mara de Comercio, Industria y Producci\u00f3n de La Pampa -en rigor, con presencia en la capital provincial y la zona- y el Centro Empleados de Comercio\u00a0de Santa&hellip;","og_url":"https:\/\/diariotextual.com\/inicio\/index.php\/2020\/04\/11\/quieren-abrir-comerciantes-gremio-meten-presion-ziliotto-flexibilice-la-cuarentena\/","og_site_name":"Diario Textual","article_publisher":"https:\/\/www.facebook.com\/eltextual","article_published_time":"2020-04-12T00:49:22+00:00","article_modified_time":"2020-04-12T13:35:37+00:00","og_image":[{"width":1500,"height":928,"url":"https:\/\/diariotextual.com\/inicio\/wp-content\/uploads\/2020\/04\/coronavirustelam2020-222.jpg","type":"image\/jpeg"}],"author":"Diario1 Diario1","twitter_card":"summary_large_image","twitter_creator":"@eltextual","twitter_site":"@eltextual","twitter_misc":{"Escrito por":"Diario1 Diario1","Tiempo de lectura":"6 minutos"},"schema":{"@context":"https:\/\/schema.org","@graph":[{"@type":"Article","@id":"https:\/\/diariotextual.com\/inicio\/index.php\/2020\/04\/11\/quieren-abrir-comerciantes-gremio-meten-presion-ziliotto-flexibilice-la-cuarentena\/#article","isPartOf":{"@id":"https:\/\/diariotextual.com\/inicio\/index.php\/2020\/04\/11\/quieren-abrir-comerciantes-gremio-meten-presion-ziliotto-flexibilice-la-cuarentena\/"},"author":{"name":"Diario1 Diario1","@id":"https:\/\/diariotextual.com\/inicio\/#\/schema\/person\/418fc4093c33e86ed41562db3508f958"},"headline":"Quieren abrir: comerciantes piden a Ziliotto que flexibilice la cuarentena","datePublished":"2020-04-12T00:49:22+00:00","dateModified":"2020-04-12T13:35:37+00:00","mainEntityOfPage":{"@id":"https:\/\/diariotextual.com\/inicio\/index.php\/2020\/04\/11\/quieren-abrir-comerciantes-gremio-meten-presion-ziliotto-flexibilice-la-cuarentena\/"},"wordCount":1150,"publisher":{"@id":"https:\/\/diariotextual.com\/inicio\/#organization"},"image":{"@id":"https:\/\/diariotextual.com\/inicio\/index.php\/2020\/04\/11\/quieren-abrir-comerciantes-gremio-meten-presion-ziliotto-flexibilice-la-cuarentena\/#primaryimage"},"thumbnailUrl":"https:\/\/diariotextual.com\/inicio\/wp-content\/uploads\/2020\/04\/coronavirustelam2020-222.jpg","keywords":["bancos","cec","comercios"],"articleSection":["A - QUE PASA (al costado)","ECONOMIA"],"inLanguage":"es"},{"@type":"WebPage","@id":"https:\/\/diariotextual.com\/inicio\/index.php\/2020\/04\/11\/quieren-abrir-comerciantes-gremio-meten-presion-ziliotto-flexibilice-la-cuarentena\/","url":"https:\/\/diariotextual.com\/inicio\/index.php\/2020\/04\/11\/quieren-abrir-comerciantes-gremio-meten-presion-ziliotto-flexibilice-la-cuarentena\/","name":"Quieren abrir: comerciantes piden a Ziliotto que flexibilice la cuarentena - Diario Textual","isPartOf":{"@id":"https:\/\/diariotextual.com\/inicio\/#website"},"primaryImageOfPage":{"@id":"https:\/\/diariotextual.com\/inicio\/index.php\/2020\/04\/11\/quieren-abrir-comerciantes-gremio-meten-presion-ziliotto-flexibilice-la-cuarentena\/#primaryimage"},"image":{"@id":"https:\/\/diariotextual.com\/inicio\/index.php\/2020\/04\/11\/quieren-abrir-comerciantes-gremio-meten-presion-ziliotto-flexibilice-la-cuarentena\/#primaryimage"},"thumbnailUrl":"https:\/\/diariotextual.com\/inicio\/wp-content\/uploads\/2020\/04\/coronavirustelam2020-222.jpg","datePublished":"2020-04-12T00:49:22+00:00","dateModified":"2020-04-12T13:35:37+00:00","breadcrumb":{"@id":"https:\/\/diariotextual.com\/inicio\/index.php\/2020\/04\/11\/quieren-abrir-comerciantes-gremio-meten-presion-ziliotto-flexibilice-la-cuarentena\/#breadcrumb"},"inLanguage":"es","potentialAction":[{"@type":"ReadAction","target":["https:\/\/diariotextual.com\/inicio\/index.php\/2020\/04\/11\/quieren-abrir-comerciantes-gremio-meten-presion-ziliotto-flexibilice-la-cuarentena\/"]}]},{"@type":"ImageObject","inLanguage":"es","@id":"https:\/\/diariotextual.com\/inicio\/index.php\/2020\/04\/11\/quieren-abrir-comerciantes-gremio-meten-presion-ziliotto-flexibilice-la-cuarentena\/#primaryimage","url":"https:\/\/diariotextual.com\/inicio\/wp-content\/uploads\/2020\/04\/coronavirustelam2020-222.jpg","contentUrl":"https:\/\/diariotextual.com\/inicio\/wp-content\/uploads\/2020\/04\/coronavirustelam2020-222.jpg","width":1500,"height":928},{"@type":"BreadcrumbList","@id":"https:\/\/diariotextual.com\/inicio\/index.php\/2020\/04\/11\/quieren-abrir-comerciantes-gremio-meten-presion-ziliotto-flexibilice-la-cuarentena\/#breadcrumb","itemListElement":[{"@type":"ListItem","position":1,"name":"Portada","item":"https:\/\/diariotextual.com\/inicio\/"},{"@type":"ListItem","position":2,"name":"Quieren abrir: comerciantes piden a Ziliotto que flexibilice la cuarentena"}]},{"@type":"WebSite","@id":"https:\/\/diariotextual.com\/inicio\/#website","url":"https:\/\/diariotextual.com\/inicio\/","name":"Diario Textual","description":"","publisher":{"@id":"https:\/\/diariotextual.com\/inicio\/#organization"},"potentialAction":[{"@type":"SearchAction","target":{"@type":"EntryPoint","urlTemplate":"https:\/\/diariotextual.com\/inicio\/?s={search_term_string}"},"query-input":{"@type":"PropertyValueSpecification","valueRequired":true,"valueName":"search_term_string"}}],"inLanguage":"es"},{"@type":"Organization","@id":"https:\/\/diariotextual.com\/inicio\/#organization","name":"Diario Textual","url":"https:\/\/diariotextual.com\/inicio\/","logo":{"@type":"ImageObject","inLanguage":"es","@id":"https:\/\/diariotextual.com\/inicio\/#\/schema\/logo\/image\/","url":"https:\/\/diariotextual.com\/inicio\/wp-content\/uploads\/2023\/05\/logotextual1.jpg","contentUrl":"https:\/\/diariotextual.com\/inicio\/wp-content\/uploads\/2023\/05\/logotextual1.jpg","width":516,"height":76,"caption":"Diario Textual"},"image":{"@id":"https:\/\/diariotextual.com\/inicio\/#\/schema\/logo\/image\/"},"sameAs":["https:\/\/www.facebook.com\/eltextual","https:\/\/x.com\/eltextual","http:\/\/www.instagram.com\/eltextual"]},{"@type":"Person","@id":"https:\/\/diariotextual.com\/inicio\/#\/schema\/person\/418fc4093c33e86ed41562db3508f958","name":"Diario1 Diario1","image":{"@type":"ImageObject","inLanguage":"es","@id":"https:\/\/secure.gravatar.com\/avatar\/9167d280179c85bc18be67aa7eda765854300033af4896dd779b608640f2ef7a?s=96&d=mm&r=g","url":"https:\/\/secure.gravatar.com\/avatar\/9167d280179c85bc18be67aa7eda765854300033af4896dd779b608640f2ef7a?s=96&d=mm&r=g","contentUrl":"https:\/\/secure.gravatar.com\/avatar\/9167d280179c85bc18be67aa7eda765854300033af4896dd779b608640f2ef7a?s=96&d=mm&r=g","caption":"Diario1 Diario1"},"url":"https:\/\/diariotextual.com\/inicio\/index.php\/author\/diario1\/"}]}},"_links":{"self":[{"href":"https:\/\/diariotextual.com\/inicio\/index.php\/wp-json\/wp\/v2\/posts\/88783","targetHints":{"allow":["GET"]}}],"collection":[{"href":"https:\/\/diariotextual.com\/inicio\/index.php\/wp-json\/wp\/v2\/posts"}],"about":[{"href":"https:\/\/diariotextual.com\/inicio\/index.php\/wp-json\/wp\/v2\/types\/post"}],"author":[{"embeddable":true,"href":"https:\/\/diariotextual.com\/inicio\/index.php\/wp-json\/wp\/v2\/users\/3"}],"replies":[{"embeddable":true,"href":"https:\/\/diariotextual.com\/inicio\/index.php\/wp-json\/wp\/v2\/comments?post=88783"}],"version-history":[{"count":13,"href":"https:\/\/diariotextual.com\/inicio\/index.php\/wp-json\/wp\/v2\/posts\/88783\/revisions"}],"predecessor-version":[{"id":88800,"href":"https:\/\/diariotextual.com\/inicio\/index.php\/wp-json\/wp\/v2\/posts\/88783\/revisions\/88800"}],"wp:featuredmedia":[{"embeddable":true,"href":"https:\/\/diariotextual.com\/inicio\/index.php\/wp-json\/wp\/v2\/media\/87692"}],"wp:attachment":[{"href":"https:\/\/diariotextual.com\/inicio\/index.php\/wp-json\/wp\/v2\/media?parent=88783"}],"wp:term":[{"taxonomy":"category","embeddable":true,"href":"https:\/\/diariotextual.com\/inicio\/index.php\/wp-json\/wp\/v2\/categories?post=88783"},{"taxonomy":"post_tag","embeddable":true,"href":"https:\/\/diariotextual.com\/inicio\/index.php\/wp-json\/wp\/v2\/tags?post=88783"}],"curies":[{"name":"wp","href":"https:\/\/api.w.org\/{rel}","templated":true}]}}