{"id":88831,"date":"2020-04-12T08:48:20","date_gmt":"2020-04-12T11:48:20","guid":{"rendered":"http:\/\/diariotextual.com\/inicio\/?p=88831"},"modified":"2020-04-12T19:35:02","modified_gmt":"2020-04-12T22:35:02","slug":"alberto-prefiere-10-ciento-mas-pobres-no-100-mil-muertos","status":"publish","type":"post","link":"https:\/\/diariotextual.com\/inicio\/index.php\/2020\/04\/12\/alberto-prefiere-10-ciento-mas-pobres-no-100-mil-muertos\/","title":{"rendered":"Alberto prefiere \u00abun 10 por ciento m\u00e1s de pobres y no 100 mil muertos\u00bb"},"content":{"rendered":"<p>El presidente\u00a0<strong>Alberto Fern\u00e1ndez\u00a0<\/strong>critic\u00f3 a quienes plantean\u00a0<strong>\u00abel dilema entre la econom\u00eda y la salud\u00bb<\/strong>\u00a0para enfrentar al coronavirus por considerar que \u00abes falso\u00bb, y, al graficar su posici\u00f3n, sostuvo que, prefiere\u00a0<strong>\u00abtener un 10 por ciento m\u00e1s de pobres y no 100 mil muertos\u00bb<\/strong>\u00a0por la pandemia en el pa\u00eds.<\/p>\n<p>\u00ab<strong>De la muerte no se vuelve, pero de la econom\u00eda se vuelve\u00bb<\/strong>, insisti\u00f3 en se\u00f1alar el\u00a0jefe de Estado en una entrevista difundida sobre la medianoche de este s\u00e1bado, realizada en la Residencia de Olivos por el\u00a0<strong>periodista Jorge Fontevecchia para Net TV<\/strong>.<\/p>\n<p>All\u00ed, el mandatario dijo que\u00a0<strong>\u00abnunca\u00bb dud\u00f3 en declarar el aislamiento social, preventivo y obligatorio<\/strong>, pero admiti\u00f3 que su \u00abduda estuvo con el fin de las clases\u00bb y destac\u00f3 que le prest\u00f3 \u00abmucha atenci\u00f3n\u00bb a lo que dicen los cient\u00edficos.<\/p>\n<p><strong>\u00abPrefiero tener 10 por ciento m\u00e1s de pobres y no 100 mil muertos en la Argentina por coronavirus. Los que plantean el dilema entre la econom\u00eda y la salud, est\u00e1n diciendo algo falso. S\u00e9 que tengo que preservar a la peque\u00f1a y mediana empresa y a las grandes tambi\u00e9n<\/strong>\u00ab, remarc\u00f3 Fern\u00e1ndez en la entrevista, realizada el viernes \u00faltimo, cuya primera parte fue transmitida anoche y la restante ser\u00e1 transmitida hoy a las 23 en la misma se\u00f1al, Net TV.<\/p>\n<p>\u00abTengo que preservar que los que puedan producir y exportar, que produzcan y exporten porque me hacen falta las divisas, para comprar respiradores me hacen falta las divisas\u00bb, dijo.<\/p>\n<p>&nbsp;<\/p>\n<blockquote class=\"wp-embedded-content\" data-secret=\"FinuJuVUUG\"><p><a href=\"http:\/\/diariotextual.com\/inicio\/index.php\/2020\/04\/11\/alberto-destaco-la-seriedad-ziliotto-no-flexibilizar-la-cuarentena\/\">Alberto destac\u00f3 la \u00abseriedad\u00bb de Ziliotto por no flexibilizar la cuarentena<\/a><\/p><\/blockquote>\n<p><iframe class=\"wp-embedded-content\" sandbox=\"allow-scripts\" security=\"restricted\" style=\"position: absolute; clip: rect(1px, 1px, 1px, 1px);\" src=\"http:\/\/diariotextual.com\/inicio\/index.php\/2020\/04\/11\/alberto-destaco-la-seriedad-ziliotto-no-flexibilizar-la-cuarentena\/embed\/#?secret=FinuJuVUUG\" data-secret=\"FinuJuVUUG\" width=\"600\" height=\"338\" title=\"&#171;Alberto destac\u00f3 la \u00abseriedad\u00bb de Ziliotto por no flexibilizar la cuarentena&#187; &#8212; Diario Textual\" frameborder=\"0\" marginwidth=\"0\" marginheight=\"0\" scrolling=\"no\"><\/iframe><\/p>\n<p>&nbsp;<\/p>\n<p>&nbsp;<\/p>\n<p>\u00abTodo eso yo lo sigo atendiendo siempre, no lo desatend\u00ed nunca\u00bb, dijo.\u00a0<strong>\u00abPero no me pidan que haga de cuenta que no pasa nada<\/strong>, porque ac\u00e1 pasa algo muy grave y, por lo tanto, no puedo hacerme el distra\u00eddo frente a eso\u00bb.<\/p>\n<p>\u00ab<strong>Espero hacer todo esto y que crezca la econom\u00eda, pero s\u00e9 que se est\u00e1 estancando<\/strong>. Tratamos de evitar que nadie vaya a la quiebra; que a la clase media no se la devore la crisis; que las clases m\u00e1s pobres se sostengan. Estoy previendo todo eso\u00bb, asegur\u00f3 el mandatario.<\/p>\n<p><strong>\u00abPensar que puedo combatir el coronavirus generando una cuarentena que va a durar un mes y medio, por lo menos<\/strong>, y pensar que esto no va tener consecuencias econ\u00f3micas es imposible, las va a tener\u00bb, sostuvo.\u00a0\u00abLa econom\u00eda se va a hacer trizas para todos, no solo para nosotros\u00bb, expres\u00f3 en otra parte de la entrevista.<\/p>\n<p>&nbsp;<\/p>\n<blockquote class=\"wp-embedded-content\" data-secret=\"mK36NVe89U\"><p><a href=\"http:\/\/diariotextual.com\/inicio\/index.php\/2020\/04\/11\/quieren-abrir-comerciantes-gremio-meten-presion-ziliotto-flexibilice-la-cuarentena\/\">Quieren abrir: comerciantes piden a Ziliotto que flexibilice la cuarentena<\/a><\/p><\/blockquote>\n<p><iframe class=\"wp-embedded-content\" sandbox=\"allow-scripts\" security=\"restricted\" style=\"position: absolute; clip: rect(1px, 1px, 1px, 1px);\" src=\"http:\/\/diariotextual.com\/inicio\/index.php\/2020\/04\/11\/quieren-abrir-comerciantes-gremio-meten-presion-ziliotto-flexibilice-la-cuarentena\/embed\/#?secret=mK36NVe89U\" data-secret=\"mK36NVe89U\" width=\"600\" height=\"338\" title=\"&#171;Quieren abrir: comerciantes piden a Ziliotto que flexibilice la cuarentena&#187; &#8212; Diario Textual\" frameborder=\"0\" marginwidth=\"0\" marginheight=\"0\" scrolling=\"no\"><\/iframe><\/p>\n<p>&nbsp;<\/p>\n<p>&nbsp;<\/p>\n","protected":false},"excerpt":{"rendered":"<p>El presidente\u00a0Alberto Fern\u00e1ndez\u00a0critic\u00f3 a quienes plantean\u00a0\u00abel dilema entre la econom\u00eda y la salud\u00bb\u00a0para enfrentar al coronavirus por considerar que \u00abes falso\u00bb, y, al graficar su posici\u00f3n, sostuvo que, prefiere\u00a0\u00abtener un&hellip;<\/p>\n","protected":false},"author":3,"featured_media":85801,"comment_status":"closed","ping_status":"open","sticky":false,"template":"","format":"standard","meta":{"_acf_changed":false,"footnotes":""},"categories":[319,8],"tags":[1984],"class_list":["post-88831","post","type-post","status-publish","format-standard","has-post-thumbnail","hentry","category-a-temporales","category-politica","tag-alberto"],"acf":[],"yoast_head":"<!-- This site is optimized with the Yoast SEO plugin v27.5 - https:\/\/yoast.com\/product\/yoast-seo-wordpress\/ -->\n<title>Alberto prefiere &quot;un 10 por ciento m\u00e1s de pobres y no 100 mil muertos&quot; - Diario Textual<\/title>\n<meta name=\"robots\" content=\"index, follow, max-snippet:-1, max-image-preview:large, max-video-preview:-1\" \/>\n<link rel=\"canonical\" href=\"https:\/\/diariotextual.com\/inicio\/index.php\/2020\/04\/12\/alberto-prefiere-10-ciento-mas-pobres-no-100-mil-muertos\/\" \/>\n<meta property=\"og:locale\" content=\"es_ES\" \/>\n<meta property=\"og:type\" content=\"article\" \/>\n<meta property=\"og:title\" content=\"Alberto prefiere &quot;un 10 por ciento m\u00e1s de pobres y no 100 mil muertos&quot; - Diario Textual\" \/>\n<meta property=\"og:description\" content=\"El presidente\u00a0Alberto Fern\u00e1ndez\u00a0critic\u00f3 a quienes plantean\u00a0\u00abel dilema entre la econom\u00eda y la salud\u00bb\u00a0para enfrentar al coronavirus por considerar que \u00abes falso\u00bb, y, al graficar su posici\u00f3n, sostuvo que, prefiere\u00a0\u00abtener un&hellip;\" \/>\n<meta property=\"og:url\" content=\"https:\/\/diariotextual.com\/inicio\/index.php\/2020\/04\/12\/alberto-prefiere-10-ciento-mas-pobres-no-100-mil-muertos\/\" \/>\n<meta property=\"og:site_name\" content=\"Diario Textual\" \/>\n<meta property=\"article:publisher\" content=\"https:\/\/www.facebook.com\/eltextual\" \/>\n<meta property=\"article:published_time\" content=\"2020-04-12T11:48:20+00:00\" \/>\n<meta property=\"article:modified_time\" content=\"2020-04-12T22:35:02+00:00\" \/>\n<meta property=\"og:image\" content=\"https:\/\/diariotextual.com\/inicio\/wp-content\/uploads\/2020\/03\/fernandezalbertofrederic2020-0001.jpg\" \/>\n\t<meta property=\"og:image:width\" content=\"1500\" \/>\n\t<meta property=\"og:image:height\" content=\"1000\" \/>\n\t<meta property=\"og:image:type\" content=\"image\/jpeg\" \/>\n<meta name=\"author\" content=\"Diario1 Diario1\" \/>\n<meta name=\"twitter:card\" content=\"summary_large_image\" \/>\n<meta name=\"twitter:creator\" content=\"@eltextual\" \/>\n<meta name=\"twitter:site\" content=\"@eltextual\" \/>\n<meta name=\"twitter:label1\" content=\"Escrito por\" \/>\n\t<meta name=\"twitter:data1\" content=\"Diario1 Diario1\" \/>\n\t<meta name=\"twitter:label2\" content=\"Tiempo de lectura\" \/>\n\t<meta name=\"twitter:data2\" content=\"2 minutos\" \/>\n<script type=\"application\/ld+json\" class=\"yoast-schema-graph\">{\"@context\":\"https:\\\/\\\/schema.org\",\"@graph\":[{\"@type\":\"Article\",\"@id\":\"https:\\\/\\\/diariotextual.com\\\/inicio\\\/index.php\\\/2020\\\/04\\\/12\\\/alberto-prefiere-10-ciento-mas-pobres-no-100-mil-muertos\\\/#article\",\"isPartOf\":{\"@id\":\"https:\\\/\\\/diariotextual.com\\\/inicio\\\/index.php\\\/2020\\\/04\\\/12\\\/alberto-prefiere-10-ciento-mas-pobres-no-100-mil-muertos\\\/\"},\"author\":{\"name\":\"Diario1 Diario1\",\"@id\":\"https:\\\/\\\/diariotextual.com\\\/inicio\\\/#\\\/schema\\\/person\\\/418fc4093c33e86ed41562db3508f958\"},\"headline\":\"Alberto prefiere \u00abun 10 por ciento m\u00e1s de pobres y no 100 mil muertos\u00bb\",\"datePublished\":\"2020-04-12T11:48:20+00:00\",\"dateModified\":\"2020-04-12T22:35:02+00:00\",\"mainEntityOfPage\":{\"@id\":\"https:\\\/\\\/diariotextual.com\\\/inicio\\\/index.php\\\/2020\\\/04\\\/12\\\/alberto-prefiere-10-ciento-mas-pobres-no-100-mil-muertos\\\/\"},\"wordCount\":440,\"publisher\":{\"@id\":\"https:\\\/\\\/diariotextual.com\\\/inicio\\\/#organization\"},\"image\":{\"@id\":\"https:\\\/\\\/diariotextual.com\\\/inicio\\\/index.php\\\/2020\\\/04\\\/12\\\/alberto-prefiere-10-ciento-mas-pobres-no-100-mil-muertos\\\/#primaryimage\"},\"thumbnailUrl\":\"https:\\\/\\\/diariotextual.com\\\/inicio\\\/wp-content\\\/uploads\\\/2020\\\/03\\\/fernandezalbertofrederic2020-0001.jpg\",\"keywords\":[\"alberto\"],\"articleSection\":[\"A - TEMPORALES\",\"POLITICA\"],\"inLanguage\":\"es\"},{\"@type\":\"WebPage\",\"@id\":\"https:\\\/\\\/diariotextual.com\\\/inicio\\\/index.php\\\/2020\\\/04\\\/12\\\/alberto-prefiere-10-ciento-mas-pobres-no-100-mil-muertos\\\/\",\"url\":\"https:\\\/\\\/diariotextual.com\\\/inicio\\\/index.php\\\/2020\\\/04\\\/12\\\/alberto-prefiere-10-ciento-mas-pobres-no-100-mil-muertos\\\/\",\"name\":\"Alberto prefiere \\\"un 10 por ciento m\u00e1s de pobres y no 100 mil muertos\\\" - Diario Textual\",\"isPartOf\":{\"@id\":\"https:\\\/\\\/diariotextual.com\\\/inicio\\\/#website\"},\"primaryImageOfPage\":{\"@id\":\"https:\\\/\\\/diariotextual.com\\\/inicio\\\/index.php\\\/2020\\\/04\\\/12\\\/alberto-prefiere-10-ciento-mas-pobres-no-100-mil-muertos\\\/#primaryimage\"},\"image\":{\"@id\":\"https:\\\/\\\/diariotextual.com\\\/inicio\\\/index.php\\\/2020\\\/04\\\/12\\\/alberto-prefiere-10-ciento-mas-pobres-no-100-mil-muertos\\\/#primaryimage\"},\"thumbnailUrl\":\"https:\\\/\\\/diariotextual.com\\\/inicio\\\/wp-content\\\/uploads\\\/2020\\\/03\\\/fernandezalbertofrederic2020-0001.jpg\",\"datePublished\":\"2020-04-12T11:48:20+00:00\",\"dateModified\":\"2020-04-12T22:35:02+00:00\",\"breadcrumb\":{\"@id\":\"https:\\\/\\\/diariotextual.com\\\/inicio\\\/index.php\\\/2020\\\/04\\\/12\\\/alberto-prefiere-10-ciento-mas-pobres-no-100-mil-muertos\\\/#breadcrumb\"},\"inLanguage\":\"es\",\"potentialAction\":[{\"@type\":\"ReadAction\",\"target\":[\"https:\\\/\\\/diariotextual.com\\\/inicio\\\/index.php\\\/2020\\\/04\\\/12\\\/alberto-prefiere-10-ciento-mas-pobres-no-100-mil-muertos\\\/\"]}]},{\"@type\":\"ImageObject\",\"inLanguage\":\"es\",\"@id\":\"https:\\\/\\\/diariotextual.com\\\/inicio\\\/index.php\\\/2020\\\/04\\\/12\\\/alberto-prefiere-10-ciento-mas-pobres-no-100-mil-muertos\\\/#primaryimage\",\"url\":\"https:\\\/\\\/diariotextual.com\\\/inicio\\\/wp-content\\\/uploads\\\/2020\\\/03\\\/fernandezalbertofrederic2020-0001.jpg\",\"contentUrl\":\"https:\\\/\\\/diariotextual.com\\\/inicio\\\/wp-content\\\/uploads\\\/2020\\\/03\\\/fernandezalbertofrederic2020-0001.jpg\",\"width\":1500,\"height\":1000},{\"@type\":\"BreadcrumbList\",\"@id\":\"https:\\\/\\\/diariotextual.com\\\/inicio\\\/index.php\\\/2020\\\/04\\\/12\\\/alberto-prefiere-10-ciento-mas-pobres-no-100-mil-muertos\\\/#breadcrumb\",\"itemListElement\":[{\"@type\":\"ListItem\",\"position\":1,\"name\":\"Portada\",\"item\":\"https:\\\/\\\/diariotextual.com\\\/inicio\\\/\"},{\"@type\":\"ListItem\",\"position\":2,\"name\":\"Alberto prefiere \u00abun 10 por ciento m\u00e1s de pobres y no 100 mil muertos\u00bb\"}]},{\"@type\":\"WebSite\",\"@id\":\"https:\\\/\\\/diariotextual.com\\\/inicio\\\/#website\",\"url\":\"https:\\\/\\\/diariotextual.com\\\/inicio\\\/\",\"name\":\"Diario Textual\",\"description\":\"\",\"publisher\":{\"@id\":\"https:\\\/\\\/diariotextual.com\\\/inicio\\\/#organization\"},\"potentialAction\":[{\"@type\":\"SearchAction\",\"target\":{\"@type\":\"EntryPoint\",\"urlTemplate\":\"https:\\\/\\\/diariotextual.com\\\/inicio\\\/?s={search_term_string}\"},\"query-input\":{\"@type\":\"PropertyValueSpecification\",\"valueRequired\":true,\"valueName\":\"search_term_string\"}}],\"inLanguage\":\"es\"},{\"@type\":\"Organization\",\"@id\":\"https:\\\/\\\/diariotextual.com\\\/inicio\\\/#organization\",\"name\":\"Diario Textual\",\"url\":\"https:\\\/\\\/diariotextual.com\\\/inicio\\\/\",\"logo\":{\"@type\":\"ImageObject\",\"inLanguage\":\"es\",\"@id\":\"https:\\\/\\\/diariotextual.com\\\/inicio\\\/#\\\/schema\\\/logo\\\/image\\\/\",\"url\":\"https:\\\/\\\/diariotextual.com\\\/inicio\\\/wp-content\\\/uploads\\\/2023\\\/05\\\/logotextual1.jpg\",\"contentUrl\":\"https:\\\/\\\/diariotextual.com\\\/inicio\\\/wp-content\\\/uploads\\\/2023\\\/05\\\/logotextual1.jpg\",\"width\":516,\"height\":76,\"caption\":\"Diario Textual\"},\"image\":{\"@id\":\"https:\\\/\\\/diariotextual.com\\\/inicio\\\/#\\\/schema\\\/logo\\\/image\\\/\"},\"sameAs\":[\"https:\\\/\\\/www.facebook.com\\\/eltextual\",\"https:\\\/\\\/x.com\\\/eltextual\",\"http:\\\/\\\/www.instagram.com\\\/eltextual\"]},{\"@type\":\"Person\",\"@id\":\"https:\\\/\\\/diariotextual.com\\\/inicio\\\/#\\\/schema\\\/person\\\/418fc4093c33e86ed41562db3508f958\",\"name\":\"Diario1 Diario1\",\"image\":{\"@type\":\"ImageObject\",\"inLanguage\":\"es\",\"@id\":\"https:\\\/\\\/secure.gravatar.com\\\/avatar\\\/9167d280179c85bc18be67aa7eda765854300033af4896dd779b608640f2ef7a?s=96&d=mm&r=g\",\"url\":\"https:\\\/\\\/secure.gravatar.com\\\/avatar\\\/9167d280179c85bc18be67aa7eda765854300033af4896dd779b608640f2ef7a?s=96&d=mm&r=g\",\"contentUrl\":\"https:\\\/\\\/secure.gravatar.com\\\/avatar\\\/9167d280179c85bc18be67aa7eda765854300033af4896dd779b608640f2ef7a?s=96&d=mm&r=g\",\"caption\":\"Diario1 Diario1\"},\"url\":\"https:\\\/\\\/diariotextual.com\\\/inicio\\\/index.php\\\/author\\\/diario1\\\/\"}]}<\/script>\n<!-- \/ Yoast SEO plugin. -->","yoast_head_json":{"title":"Alberto prefiere \"un 10 por ciento m\u00e1s de pobres y no 100 mil muertos\" - Diario Textual","robots":{"index":"index","follow":"follow","max-snippet":"max-snippet:-1","max-image-preview":"max-image-preview:large","max-video-preview":"max-video-preview:-1"},"canonical":"https:\/\/diariotextual.com\/inicio\/index.php\/2020\/04\/12\/alberto-prefiere-10-ciento-mas-pobres-no-100-mil-muertos\/","og_locale":"es_ES","og_type":"article","og_title":"Alberto prefiere \"un 10 por ciento m\u00e1s de pobres y no 100 mil muertos\" - Diario Textual","og_description":"El presidente\u00a0Alberto Fern\u00e1ndez\u00a0critic\u00f3 a quienes plantean\u00a0\u00abel dilema entre la econom\u00eda y la salud\u00bb\u00a0para enfrentar al coronavirus por considerar que \u00abes falso\u00bb, y, al graficar su posici\u00f3n, sostuvo que, prefiere\u00a0\u00abtener un&hellip;","og_url":"https:\/\/diariotextual.com\/inicio\/index.php\/2020\/04\/12\/alberto-prefiere-10-ciento-mas-pobres-no-100-mil-muertos\/","og_site_name":"Diario Textual","article_publisher":"https:\/\/www.facebook.com\/eltextual","article_published_time":"2020-04-12T11:48:20+00:00","article_modified_time":"2020-04-12T22:35:02+00:00","og_image":[{"width":1500,"height":1000,"url":"https:\/\/diariotextual.com\/inicio\/wp-content\/uploads\/2020\/03\/fernandezalbertofrederic2020-0001.jpg","type":"image\/jpeg"}],"author":"Diario1 Diario1","twitter_card":"summary_large_image","twitter_creator":"@eltextual","twitter_site":"@eltextual","twitter_misc":{"Escrito por":"Diario1 Diario1","Tiempo de lectura":"2 minutos"},"schema":{"@context":"https:\/\/schema.org","@graph":[{"@type":"Article","@id":"https:\/\/diariotextual.com\/inicio\/index.php\/2020\/04\/12\/alberto-prefiere-10-ciento-mas-pobres-no-100-mil-muertos\/#article","isPartOf":{"@id":"https:\/\/diariotextual.com\/inicio\/index.php\/2020\/04\/12\/alberto-prefiere-10-ciento-mas-pobres-no-100-mil-muertos\/"},"author":{"name":"Diario1 Diario1","@id":"https:\/\/diariotextual.com\/inicio\/#\/schema\/person\/418fc4093c33e86ed41562db3508f958"},"headline":"Alberto prefiere \u00abun 10 por ciento m\u00e1s de pobres y no 100 mil muertos\u00bb","datePublished":"2020-04-12T11:48:20+00:00","dateModified":"2020-04-12T22:35:02+00:00","mainEntityOfPage":{"@id":"https:\/\/diariotextual.com\/inicio\/index.php\/2020\/04\/12\/alberto-prefiere-10-ciento-mas-pobres-no-100-mil-muertos\/"},"wordCount":440,"publisher":{"@id":"https:\/\/diariotextual.com\/inicio\/#organization"},"image":{"@id":"https:\/\/diariotextual.com\/inicio\/index.php\/2020\/04\/12\/alberto-prefiere-10-ciento-mas-pobres-no-100-mil-muertos\/#primaryimage"},"thumbnailUrl":"https:\/\/diariotextual.com\/inicio\/wp-content\/uploads\/2020\/03\/fernandezalbertofrederic2020-0001.jpg","keywords":["alberto"],"articleSection":["A - TEMPORALES","POLITICA"],"inLanguage":"es"},{"@type":"WebPage","@id":"https:\/\/diariotextual.com\/inicio\/index.php\/2020\/04\/12\/alberto-prefiere-10-ciento-mas-pobres-no-100-mil-muertos\/","url":"https:\/\/diariotextual.com\/inicio\/index.php\/2020\/04\/12\/alberto-prefiere-10-ciento-mas-pobres-no-100-mil-muertos\/","name":"Alberto prefiere \"un 10 por ciento m\u00e1s de pobres y no 100 mil muertos\" - Diario Textual","isPartOf":{"@id":"https:\/\/diariotextual.com\/inicio\/#website"},"primaryImageOfPage":{"@id":"https:\/\/diariotextual.com\/inicio\/index.php\/2020\/04\/12\/alberto-prefiere-10-ciento-mas-pobres-no-100-mil-muertos\/#primaryimage"},"image":{"@id":"https:\/\/diariotextual.com\/inicio\/index.php\/2020\/04\/12\/alberto-prefiere-10-ciento-mas-pobres-no-100-mil-muertos\/#primaryimage"},"thumbnailUrl":"https:\/\/diariotextual.com\/inicio\/wp-content\/uploads\/2020\/03\/fernandezalbertofrederic2020-0001.jpg","datePublished":"2020-04-12T11:48:20+00:00","dateModified":"2020-04-12T22:35:02+00:00","breadcrumb":{"@id":"https:\/\/diariotextual.com\/inicio\/index.php\/2020\/04\/12\/alberto-prefiere-10-ciento-mas-pobres-no-100-mil-muertos\/#breadcrumb"},"inLanguage":"es","potentialAction":[{"@type":"ReadAction","target":["https:\/\/diariotextual.com\/inicio\/index.php\/2020\/04\/12\/alberto-prefiere-10-ciento-mas-pobres-no-100-mil-muertos\/"]}]},{"@type":"ImageObject","inLanguage":"es","@id":"https:\/\/diariotextual.com\/inicio\/index.php\/2020\/04\/12\/alberto-prefiere-10-ciento-mas-pobres-no-100-mil-muertos\/#primaryimage","url":"https:\/\/diariotextual.com\/inicio\/wp-content\/uploads\/2020\/03\/fernandezalbertofrederic2020-0001.jpg","contentUrl":"https:\/\/diariotextual.com\/inicio\/wp-content\/uploads\/2020\/03\/fernandezalbertofrederic2020-0001.jpg","width":1500,"height":1000},{"@type":"BreadcrumbList","@id":"https:\/\/diariotextual.com\/inicio\/index.php\/2020\/04\/12\/alberto-prefiere-10-ciento-mas-pobres-no-100-mil-muertos\/#breadcrumb","itemListElement":[{"@type":"ListItem","position":1,"name":"Portada","item":"https:\/\/diariotextual.com\/inicio\/"},{"@type":"ListItem","position":2,"name":"Alberto prefiere \u00abun 10 por ciento m\u00e1s de pobres y no 100 mil muertos\u00bb"}]},{"@type":"WebSite","@id":"https:\/\/diariotextual.com\/inicio\/#website","url":"https:\/\/diariotextual.com\/inicio\/","name":"Diario Textual","description":"","publisher":{"@id":"https:\/\/diariotextual.com\/inicio\/#organization"},"potentialAction":[{"@type":"SearchAction","target":{"@type":"EntryPoint","urlTemplate":"https:\/\/diariotextual.com\/inicio\/?s={search_term_string}"},"query-input":{"@type":"PropertyValueSpecification","valueRequired":true,"valueName":"search_term_string"}}],"inLanguage":"es"},{"@type":"Organization","@id":"https:\/\/diariotextual.com\/inicio\/#organization","name":"Diario Textual","url":"https:\/\/diariotextual.com\/inicio\/","logo":{"@type":"ImageObject","inLanguage":"es","@id":"https:\/\/diariotextual.com\/inicio\/#\/schema\/logo\/image\/","url":"https:\/\/diariotextual.com\/inicio\/wp-content\/uploads\/2023\/05\/logotextual1.jpg","contentUrl":"https:\/\/diariotextual.com\/inicio\/wp-content\/uploads\/2023\/05\/logotextual1.jpg","width":516,"height":76,"caption":"Diario Textual"},"image":{"@id":"https:\/\/diariotextual.com\/inicio\/#\/schema\/logo\/image\/"},"sameAs":["https:\/\/www.facebook.com\/eltextual","https:\/\/x.com\/eltextual","http:\/\/www.instagram.com\/eltextual"]},{"@type":"Person","@id":"https:\/\/diariotextual.com\/inicio\/#\/schema\/person\/418fc4093c33e86ed41562db3508f958","name":"Diario1 Diario1","image":{"@type":"ImageObject","inLanguage":"es","@id":"https:\/\/secure.gravatar.com\/avatar\/9167d280179c85bc18be67aa7eda765854300033af4896dd779b608640f2ef7a?s=96&d=mm&r=g","url":"https:\/\/secure.gravatar.com\/avatar\/9167d280179c85bc18be67aa7eda765854300033af4896dd779b608640f2ef7a?s=96&d=mm&r=g","contentUrl":"https:\/\/secure.gravatar.com\/avatar\/9167d280179c85bc18be67aa7eda765854300033af4896dd779b608640f2ef7a?s=96&d=mm&r=g","caption":"Diario1 Diario1"},"url":"https:\/\/diariotextual.com\/inicio\/index.php\/author\/diario1\/"}]}},"_links":{"self":[{"href":"https:\/\/diariotextual.com\/inicio\/index.php\/wp-json\/wp\/v2\/posts\/88831","targetHints":{"allow":["GET"]}}],"collection":[{"href":"https:\/\/diariotextual.com\/inicio\/index.php\/wp-json\/wp\/v2\/posts"}],"about":[{"href":"https:\/\/diariotextual.com\/inicio\/index.php\/wp-json\/wp\/v2\/types\/post"}],"author":[{"embeddable":true,"href":"https:\/\/diariotextual.com\/inicio\/index.php\/wp-json\/wp\/v2\/users\/3"}],"replies":[{"embeddable":true,"href":"https:\/\/diariotextual.com\/inicio\/index.php\/wp-json\/wp\/v2\/comments?post=88831"}],"version-history":[{"count":3,"href":"https:\/\/diariotextual.com\/inicio\/index.php\/wp-json\/wp\/v2\/posts\/88831\/revisions"}],"predecessor-version":[{"id":88834,"href":"https:\/\/diariotextual.com\/inicio\/index.php\/wp-json\/wp\/v2\/posts\/88831\/revisions\/88834"}],"wp:featuredmedia":[{"embeddable":true,"href":"https:\/\/diariotextual.com\/inicio\/index.php\/wp-json\/wp\/v2\/media\/85801"}],"wp:attachment":[{"href":"https:\/\/diariotextual.com\/inicio\/index.php\/wp-json\/wp\/v2\/media?parent=88831"}],"wp:term":[{"taxonomy":"category","embeddable":true,"href":"https:\/\/diariotextual.com\/inicio\/index.php\/wp-json\/wp\/v2\/categories?post=88831"},{"taxonomy":"post_tag","embeddable":true,"href":"https:\/\/diariotextual.com\/inicio\/index.php\/wp-json\/wp\/v2\/tags?post=88831"}],"curies":[{"name":"wp","href":"https:\/\/api.w.org\/{rel}","templated":true}]}}