{"id":88844,"date":"2020-04-12T10:18:54","date_gmt":"2020-04-12T13:18:54","guid":{"rendered":"http:\/\/diariotextual.com\/inicio\/?p=88844"},"modified":"2020-04-12T20:15:01","modified_gmt":"2020-04-12T23:15:01","slug":"ziliotto-una-carta-abierta-sin-la-cuarentena-la-pampa-ya-habria-250-casos-covid-19","status":"publish","type":"post","link":"https:\/\/diariotextual.com\/inicio\/index.php\/2020\/04\/12\/ziliotto-una-carta-abierta-sin-la-cuarentena-la-pampa-ya-habria-250-casos-covid-19\/","title":{"rendered":"Ziliotto, en una carta abierta: sin la cuarentena, en La Pampa ya habr\u00eda 250 casos de Covid-19"},"content":{"rendered":"<p>El gobernador <strong>Sergio Ziliotto<\/strong> defendi\u00f3 fuertemente este domingo, en una carta abierta, la decisi\u00f3n de mantener la <strong>cuarentena obligatoria, sin excepciones<\/strong>, en La Pampa.<\/p>\n<p>Dijo que, seg\u00fan las estad\u00edsticas nacionales, <strong>si no se hubiera implementado el aislamiento preventivo, hoy La Pampa tendr\u00eda unos 256 casos e incluso seis fallecidos<\/strong>.<\/p>\n<p>La Pampa, record\u00f3, gracias al control y el aislamiento tiene <a href=\"http:\/\/diariotextual.com\/inicio\/index.php\/2020\/04\/11\/epidemiologia-ya-se-descartaron-66-casos-sospechosos-covid-19-la-provincia\/\" target=\"_blank\" rel=\"noopener\"><strong>cinco casos y ning\u00fan fallecido<\/strong><\/a>.<\/p>\n<p>La carta abierta es la siguiente:<\/p>\n<p>\u00abA<em>yer<strong> nuestro Presidente nos inform\u00f3 c\u00f3mo la cuarentena evit\u00f3 que tuvi\u00e9ramos 45.000 infectados<\/strong> en el pa\u00eds. Un dato basado en f\u00f3rmulas epidemiol\u00f3gicas que nos permite valorar el esfuerzo realizado por toda la sociedad. Con el mismo m\u00e9todo de c\u00e1lculo podemos sostener que <strong>hoy en La Pampa tendr\u00edamos 256 personas enfermas<\/strong>.<\/em><\/p>\n<p><em>Nos enfrentamos a <strong>un virus altamente contagioso<\/strong>, capaz de duplicar la cantidad de casos cada tres d\u00edas.<\/em><\/p>\n<p><em>As\u00ed, de esos hipot\u00e9ticos 256 casos, 13 de ellos (el 5 % de ese total) deber\u00edan haber sido tratados en Unidad de Terapia Intensiva por su gravedad.<\/em><\/p>\n<p><em>Y siguiendo esta l\u00f3gica estad\u00edstica, hoy estar\u00edamos lamentando el fallecimiento de 6 pampeanos.<\/em><\/p>\n<p><em>Sin embargo, a trav\u00e9s de las medidas preventivas llevadas adelante,<strong> en nuestra provincia logramos bajar sensiblemente su capacidad de contagio<\/strong> y as\u00ed consecuencias fatales.<\/em><\/p>\n<p><em>La clave para que esto no ocurriera fue el trabajo en equipo.<\/em><\/p>\n<p>&nbsp;<\/p>\n<blockquote class=\"wp-embedded-content\" data-secret=\"0lNRqvkIjK\"><p><a href=\"http:\/\/diariotextual.com\/inicio\/index.php\/2020\/04\/12\/alberto-prefiere-10-ciento-mas-pobres-no-100-mil-muertos\/\">Alberto prefiere \u00abun 10 por ciento m\u00e1s de pobres y no 100 mil muertos\u00bb<\/a><\/p><\/blockquote>\n<p><iframe class=\"wp-embedded-content\" sandbox=\"allow-scripts\" security=\"restricted\" style=\"position: absolute; clip: rect(1px, 1px, 1px, 1px);\" src=\"http:\/\/diariotextual.com\/inicio\/index.php\/2020\/04\/12\/alberto-prefiere-10-ciento-mas-pobres-no-100-mil-muertos\/embed\/#?secret=0lNRqvkIjK\" data-secret=\"0lNRqvkIjK\" width=\"600\" height=\"338\" title=\"&#171;Alberto prefiere \u00abun 10 por ciento m\u00e1s de pobres y no 100 mil muertos\u00bb&#187; &#8212; Diario Textual\" frameborder=\"0\" marginwidth=\"0\" marginheight=\"0\" scrolling=\"no\"><\/iframe><\/p>\n<p>&nbsp;<\/p>\n<p><em>Un gran equipo de pampeanos y pampeanas que ha conjugado la priorizaci\u00f3n de la salud p\u00fablica por parte de nuestro gobierno y el compromiso social de la inmensa mayor\u00eda de las familias comprovincianas, que entendieron que<strong> nadie se salva solo y que la \u00fanica vacuna disponible es quedarse en casa<\/strong>.<\/em><\/p>\n<p><em>Hicimos mucho y cost\u00f3 mucho esfuerzo hacerlo. No lo dilapidemos\u00bb.<\/em><\/p>\n<p>La carta abierta <strong>no solo fue un reconocimiento al esfuerzo de los pampeanos<\/strong> para mantener la cuarentena: tambi\u00e9n fue<strong>\u00a0un mensaje<\/strong> al pedido de algunos de los comerciantes, que <a href=\"http:\/\/diariotextual.com\/inicio\/index.php\/2020\/04\/11\/quieren-abrir-comerciantes-gremio-meten-presion-ziliotto-flexibilice-la-cuarentena\/\" target=\"_blank\" rel=\"noopener\"><strong>ya le han pedido que permita la reapertura<\/strong><\/a> porque, sostienen, est\u00e1n asfixiados econ\u00f3micamente.<\/p>\n<p>&nbsp;<\/p>\n<blockquote class=\"wp-embedded-content\" data-secret=\"l4fySdy70f\"><p><a href=\"http:\/\/diariotextual.com\/inicio\/index.php\/2020\/04\/11\/quieren-abrir-comerciantes-gremio-meten-presion-ziliotto-flexibilice-la-cuarentena\/\">Quieren abrir: comerciantes piden a Ziliotto que flexibilice la cuarentena<\/a><\/p><\/blockquote>\n<p><iframe class=\"wp-embedded-content\" sandbox=\"allow-scripts\" security=\"restricted\" style=\"position: absolute; clip: rect(1px, 1px, 1px, 1px);\" src=\"http:\/\/diariotextual.com\/inicio\/index.php\/2020\/04\/11\/quieren-abrir-comerciantes-gremio-meten-presion-ziliotto-flexibilice-la-cuarentena\/embed\/#?secret=l4fySdy70f\" data-secret=\"l4fySdy70f\" width=\"600\" height=\"338\" title=\"&#171;Quieren abrir: comerciantes piden a Ziliotto que flexibilice la cuarentena&#187; &#8212; Diario Textual\" frameborder=\"0\" marginwidth=\"0\" marginheight=\"0\" scrolling=\"no\"><\/iframe><\/p>\n<p>&nbsp;<\/p>\n<p>&nbsp;<\/p>\n","protected":false},"excerpt":{"rendered":"<p>El gobernador Sergio Ziliotto defendi\u00f3 fuertemente este domingo, en una carta abierta, la decisi\u00f3n de mantener la cuarentena obligatoria, sin excepciones, en La Pampa. Dijo que, seg\u00fan las estad\u00edsticas nacionales,&hellip;<\/p>\n","protected":false},"author":3,"featured_media":87948,"comment_status":"closed","ping_status":"open","sticky":false,"template":"","format":"standard","meta":{"_acf_changed":false,"footnotes":""},"categories":[10,8],"tags":[25,424],"class_list":["post-88844","post","type-post","status-publish","format-standard","has-post-thumbnail","hentry","category-portada-2","category-politica","tag-pampa","tag-ziliotto"],"acf":[],"yoast_head":"<!-- This site is optimized with the Yoast SEO plugin v27.5 - https:\/\/yoast.com\/product\/yoast-seo-wordpress\/ -->\n<title>Ziliotto, en una carta abierta: sin la cuarentena, en La Pampa ya habr\u00eda 250 casos de Covid-19 - Diario Textual<\/title>\n<meta name=\"robots\" content=\"index, follow, max-snippet:-1, max-image-preview:large, max-video-preview:-1\" \/>\n<link rel=\"canonical\" href=\"https:\/\/diariotextual.com\/inicio\/index.php\/2020\/04\/12\/ziliotto-una-carta-abierta-sin-la-cuarentena-la-pampa-ya-habria-250-casos-covid-19\/\" \/>\n<meta property=\"og:locale\" content=\"es_ES\" \/>\n<meta property=\"og:type\" content=\"article\" \/>\n<meta property=\"og:title\" content=\"Ziliotto, en una carta abierta: sin la cuarentena, en La Pampa ya habr\u00eda 250 casos de Covid-19 - Diario Textual\" \/>\n<meta property=\"og:description\" content=\"El gobernador Sergio Ziliotto defendi\u00f3 fuertemente este domingo, en una carta abierta, la decisi\u00f3n de mantener la cuarentena obligatoria, sin excepciones, en La Pampa. Dijo que, seg\u00fan las estad\u00edsticas nacionales,&hellip;\" \/>\n<meta property=\"og:url\" content=\"https:\/\/diariotextual.com\/inicio\/index.php\/2020\/04\/12\/ziliotto-una-carta-abierta-sin-la-cuarentena-la-pampa-ya-habria-250-casos-covid-19\/\" \/>\n<meta property=\"og:site_name\" content=\"Diario Textual\" \/>\n<meta property=\"article:publisher\" content=\"https:\/\/www.facebook.com\/eltextual\" \/>\n<meta property=\"article:published_time\" content=\"2020-04-12T13:18:54+00:00\" \/>\n<meta property=\"article:modified_time\" content=\"2020-04-12T23:15:01+00:00\" \/>\n<meta property=\"og:image\" content=\"https:\/\/diariotextual.com\/inicio\/wp-content\/uploads\/2020\/04\/ziliottosergiocoronavirusmedidas2020-06.jpg\" \/>\n\t<meta property=\"og:image:width\" content=\"817\" \/>\n\t<meta property=\"og:image:height\" content=\"507\" \/>\n\t<meta property=\"og:image:type\" content=\"image\/jpeg\" \/>\n<meta name=\"author\" content=\"Diario1 Diario1\" \/>\n<meta name=\"twitter:card\" content=\"summary_large_image\" \/>\n<meta name=\"twitter:creator\" content=\"@eltextual\" \/>\n<meta name=\"twitter:site\" content=\"@eltextual\" \/>\n<meta name=\"twitter:label1\" content=\"Escrito por\" \/>\n\t<meta name=\"twitter:data1\" content=\"Diario1 Diario1\" \/>\n\t<meta name=\"twitter:label2\" content=\"Tiempo de lectura\" \/>\n\t<meta name=\"twitter:data2\" content=\"2 minutos\" \/>\n<script type=\"application\/ld+json\" class=\"yoast-schema-graph\">{\"@context\":\"https:\\\/\\\/schema.org\",\"@graph\":[{\"@type\":\"Article\",\"@id\":\"https:\\\/\\\/diariotextual.com\\\/inicio\\\/index.php\\\/2020\\\/04\\\/12\\\/ziliotto-una-carta-abierta-sin-la-cuarentena-la-pampa-ya-habria-250-casos-covid-19\\\/#article\",\"isPartOf\":{\"@id\":\"https:\\\/\\\/diariotextual.com\\\/inicio\\\/index.php\\\/2020\\\/04\\\/12\\\/ziliotto-una-carta-abierta-sin-la-cuarentena-la-pampa-ya-habria-250-casos-covid-19\\\/\"},\"author\":{\"name\":\"Diario1 Diario1\",\"@id\":\"https:\\\/\\\/diariotextual.com\\\/inicio\\\/#\\\/schema\\\/person\\\/418fc4093c33e86ed41562db3508f958\"},\"headline\":\"Ziliotto, en una carta abierta: sin la cuarentena, en La Pampa ya habr\u00eda 250 casos de Covid-19\",\"datePublished\":\"2020-04-12T13:18:54+00:00\",\"dateModified\":\"2020-04-12T23:15:01+00:00\",\"mainEntityOfPage\":{\"@id\":\"https:\\\/\\\/diariotextual.com\\\/inicio\\\/index.php\\\/2020\\\/04\\\/12\\\/ziliotto-una-carta-abierta-sin-la-cuarentena-la-pampa-ya-habria-250-casos-covid-19\\\/\"},\"wordCount\":371,\"publisher\":{\"@id\":\"https:\\\/\\\/diariotextual.com\\\/inicio\\\/#organization\"},\"image\":{\"@id\":\"https:\\\/\\\/diariotextual.com\\\/inicio\\\/index.php\\\/2020\\\/04\\\/12\\\/ziliotto-una-carta-abierta-sin-la-cuarentena-la-pampa-ya-habria-250-casos-covid-19\\\/#primaryimage\"},\"thumbnailUrl\":\"https:\\\/\\\/diariotextual.com\\\/inicio\\\/wp-content\\\/uploads\\\/2020\\\/04\\\/ziliottosergiocoronavirusmedidas2020-06.jpg\",\"keywords\":[\"pampa\",\"ziliotto\"],\"articleSection\":[\"A - PORTADA2\",\"POLITICA\"],\"inLanguage\":\"es\"},{\"@type\":\"WebPage\",\"@id\":\"https:\\\/\\\/diariotextual.com\\\/inicio\\\/index.php\\\/2020\\\/04\\\/12\\\/ziliotto-una-carta-abierta-sin-la-cuarentena-la-pampa-ya-habria-250-casos-covid-19\\\/\",\"url\":\"https:\\\/\\\/diariotextual.com\\\/inicio\\\/index.php\\\/2020\\\/04\\\/12\\\/ziliotto-una-carta-abierta-sin-la-cuarentena-la-pampa-ya-habria-250-casos-covid-19\\\/\",\"name\":\"Ziliotto, en una carta abierta: sin la cuarentena, en La Pampa ya habr\u00eda 250 casos de Covid-19 - Diario Textual\",\"isPartOf\":{\"@id\":\"https:\\\/\\\/diariotextual.com\\\/inicio\\\/#website\"},\"primaryImageOfPage\":{\"@id\":\"https:\\\/\\\/diariotextual.com\\\/inicio\\\/index.php\\\/2020\\\/04\\\/12\\\/ziliotto-una-carta-abierta-sin-la-cuarentena-la-pampa-ya-habria-250-casos-covid-19\\\/#primaryimage\"},\"image\":{\"@id\":\"https:\\\/\\\/diariotextual.com\\\/inicio\\\/index.php\\\/2020\\\/04\\\/12\\\/ziliotto-una-carta-abierta-sin-la-cuarentena-la-pampa-ya-habria-250-casos-covid-19\\\/#primaryimage\"},\"thumbnailUrl\":\"https:\\\/\\\/diariotextual.com\\\/inicio\\\/wp-content\\\/uploads\\\/2020\\\/04\\\/ziliottosergiocoronavirusmedidas2020-06.jpg\",\"datePublished\":\"2020-04-12T13:18:54+00:00\",\"dateModified\":\"2020-04-12T23:15:01+00:00\",\"breadcrumb\":{\"@id\":\"https:\\\/\\\/diariotextual.com\\\/inicio\\\/index.php\\\/2020\\\/04\\\/12\\\/ziliotto-una-carta-abierta-sin-la-cuarentena-la-pampa-ya-habria-250-casos-covid-19\\\/#breadcrumb\"},\"inLanguage\":\"es\",\"potentialAction\":[{\"@type\":\"ReadAction\",\"target\":[\"https:\\\/\\\/diariotextual.com\\\/inicio\\\/index.php\\\/2020\\\/04\\\/12\\\/ziliotto-una-carta-abierta-sin-la-cuarentena-la-pampa-ya-habria-250-casos-covid-19\\\/\"]}]},{\"@type\":\"ImageObject\",\"inLanguage\":\"es\",\"@id\":\"https:\\\/\\\/diariotextual.com\\\/inicio\\\/index.php\\\/2020\\\/04\\\/12\\\/ziliotto-una-carta-abierta-sin-la-cuarentena-la-pampa-ya-habria-250-casos-covid-19\\\/#primaryimage\",\"url\":\"https:\\\/\\\/diariotextual.com\\\/inicio\\\/wp-content\\\/uploads\\\/2020\\\/04\\\/ziliottosergiocoronavirusmedidas2020-06.jpg\",\"contentUrl\":\"https:\\\/\\\/diariotextual.com\\\/inicio\\\/wp-content\\\/uploads\\\/2020\\\/04\\\/ziliottosergiocoronavirusmedidas2020-06.jpg\",\"width\":817,\"height\":507},{\"@type\":\"BreadcrumbList\",\"@id\":\"https:\\\/\\\/diariotextual.com\\\/inicio\\\/index.php\\\/2020\\\/04\\\/12\\\/ziliotto-una-carta-abierta-sin-la-cuarentena-la-pampa-ya-habria-250-casos-covid-19\\\/#breadcrumb\",\"itemListElement\":[{\"@type\":\"ListItem\",\"position\":1,\"name\":\"Portada\",\"item\":\"https:\\\/\\\/diariotextual.com\\\/inicio\\\/\"},{\"@type\":\"ListItem\",\"position\":2,\"name\":\"Ziliotto, en una carta abierta: sin la cuarentena, en La Pampa ya habr\u00eda 250 casos de Covid-19\"}]},{\"@type\":\"WebSite\",\"@id\":\"https:\\\/\\\/diariotextual.com\\\/inicio\\\/#website\",\"url\":\"https:\\\/\\\/diariotextual.com\\\/inicio\\\/\",\"name\":\"Diario Textual\",\"description\":\"\",\"publisher\":{\"@id\":\"https:\\\/\\\/diariotextual.com\\\/inicio\\\/#organization\"},\"potentialAction\":[{\"@type\":\"SearchAction\",\"target\":{\"@type\":\"EntryPoint\",\"urlTemplate\":\"https:\\\/\\\/diariotextual.com\\\/inicio\\\/?s={search_term_string}\"},\"query-input\":{\"@type\":\"PropertyValueSpecification\",\"valueRequired\":true,\"valueName\":\"search_term_string\"}}],\"inLanguage\":\"es\"},{\"@type\":\"Organization\",\"@id\":\"https:\\\/\\\/diariotextual.com\\\/inicio\\\/#organization\",\"name\":\"Diario Textual\",\"url\":\"https:\\\/\\\/diariotextual.com\\\/inicio\\\/\",\"logo\":{\"@type\":\"ImageObject\",\"inLanguage\":\"es\",\"@id\":\"https:\\\/\\\/diariotextual.com\\\/inicio\\\/#\\\/schema\\\/logo\\\/image\\\/\",\"url\":\"https:\\\/\\\/diariotextual.com\\\/inicio\\\/wp-content\\\/uploads\\\/2023\\\/05\\\/logotextual1.jpg\",\"contentUrl\":\"https:\\\/\\\/diariotextual.com\\\/inicio\\\/wp-content\\\/uploads\\\/2023\\\/05\\\/logotextual1.jpg\",\"width\":516,\"height\":76,\"caption\":\"Diario Textual\"},\"image\":{\"@id\":\"https:\\\/\\\/diariotextual.com\\\/inicio\\\/#\\\/schema\\\/logo\\\/image\\\/\"},\"sameAs\":[\"https:\\\/\\\/www.facebook.com\\\/eltextual\",\"https:\\\/\\\/x.com\\\/eltextual\",\"http:\\\/\\\/www.instagram.com\\\/eltextual\"]},{\"@type\":\"Person\",\"@id\":\"https:\\\/\\\/diariotextual.com\\\/inicio\\\/#\\\/schema\\\/person\\\/418fc4093c33e86ed41562db3508f958\",\"name\":\"Diario1 Diario1\",\"image\":{\"@type\":\"ImageObject\",\"inLanguage\":\"es\",\"@id\":\"https:\\\/\\\/secure.gravatar.com\\\/avatar\\\/9167d280179c85bc18be67aa7eda765854300033af4896dd779b608640f2ef7a?s=96&d=mm&r=g\",\"url\":\"https:\\\/\\\/secure.gravatar.com\\\/avatar\\\/9167d280179c85bc18be67aa7eda765854300033af4896dd779b608640f2ef7a?s=96&d=mm&r=g\",\"contentUrl\":\"https:\\\/\\\/secure.gravatar.com\\\/avatar\\\/9167d280179c85bc18be67aa7eda765854300033af4896dd779b608640f2ef7a?s=96&d=mm&r=g\",\"caption\":\"Diario1 Diario1\"},\"url\":\"https:\\\/\\\/diariotextual.com\\\/inicio\\\/index.php\\\/author\\\/diario1\\\/\"}]}<\/script>\n<!-- \/ Yoast SEO plugin. -->","yoast_head_json":{"title":"Ziliotto, en una carta abierta: sin la cuarentena, en La Pampa ya habr\u00eda 250 casos de Covid-19 - Diario Textual","robots":{"index":"index","follow":"follow","max-snippet":"max-snippet:-1","max-image-preview":"max-image-preview:large","max-video-preview":"max-video-preview:-1"},"canonical":"https:\/\/diariotextual.com\/inicio\/index.php\/2020\/04\/12\/ziliotto-una-carta-abierta-sin-la-cuarentena-la-pampa-ya-habria-250-casos-covid-19\/","og_locale":"es_ES","og_type":"article","og_title":"Ziliotto, en una carta abierta: sin la cuarentena, en La Pampa ya habr\u00eda 250 casos de Covid-19 - Diario Textual","og_description":"El gobernador Sergio Ziliotto defendi\u00f3 fuertemente este domingo, en una carta abierta, la decisi\u00f3n de mantener la cuarentena obligatoria, sin excepciones, en La Pampa. Dijo que, seg\u00fan las estad\u00edsticas nacionales,&hellip;","og_url":"https:\/\/diariotextual.com\/inicio\/index.php\/2020\/04\/12\/ziliotto-una-carta-abierta-sin-la-cuarentena-la-pampa-ya-habria-250-casos-covid-19\/","og_site_name":"Diario Textual","article_publisher":"https:\/\/www.facebook.com\/eltextual","article_published_time":"2020-04-12T13:18:54+00:00","article_modified_time":"2020-04-12T23:15:01+00:00","og_image":[{"width":817,"height":507,"url":"https:\/\/diariotextual.com\/inicio\/wp-content\/uploads\/2020\/04\/ziliottosergiocoronavirusmedidas2020-06.jpg","type":"image\/jpeg"}],"author":"Diario1 Diario1","twitter_card":"summary_large_image","twitter_creator":"@eltextual","twitter_site":"@eltextual","twitter_misc":{"Escrito por":"Diario1 Diario1","Tiempo de lectura":"2 minutos"},"schema":{"@context":"https:\/\/schema.org","@graph":[{"@type":"Article","@id":"https:\/\/diariotextual.com\/inicio\/index.php\/2020\/04\/12\/ziliotto-una-carta-abierta-sin-la-cuarentena-la-pampa-ya-habria-250-casos-covid-19\/#article","isPartOf":{"@id":"https:\/\/diariotextual.com\/inicio\/index.php\/2020\/04\/12\/ziliotto-una-carta-abierta-sin-la-cuarentena-la-pampa-ya-habria-250-casos-covid-19\/"},"author":{"name":"Diario1 Diario1","@id":"https:\/\/diariotextual.com\/inicio\/#\/schema\/person\/418fc4093c33e86ed41562db3508f958"},"headline":"Ziliotto, en una carta abierta: sin la cuarentena, en La Pampa ya habr\u00eda 250 casos de Covid-19","datePublished":"2020-04-12T13:18:54+00:00","dateModified":"2020-04-12T23:15:01+00:00","mainEntityOfPage":{"@id":"https:\/\/diariotextual.com\/inicio\/index.php\/2020\/04\/12\/ziliotto-una-carta-abierta-sin-la-cuarentena-la-pampa-ya-habria-250-casos-covid-19\/"},"wordCount":371,"publisher":{"@id":"https:\/\/diariotextual.com\/inicio\/#organization"},"image":{"@id":"https:\/\/diariotextual.com\/inicio\/index.php\/2020\/04\/12\/ziliotto-una-carta-abierta-sin-la-cuarentena-la-pampa-ya-habria-250-casos-covid-19\/#primaryimage"},"thumbnailUrl":"https:\/\/diariotextual.com\/inicio\/wp-content\/uploads\/2020\/04\/ziliottosergiocoronavirusmedidas2020-06.jpg","keywords":["pampa","ziliotto"],"articleSection":["A - PORTADA2","POLITICA"],"inLanguage":"es"},{"@type":"WebPage","@id":"https:\/\/diariotextual.com\/inicio\/index.php\/2020\/04\/12\/ziliotto-una-carta-abierta-sin-la-cuarentena-la-pampa-ya-habria-250-casos-covid-19\/","url":"https:\/\/diariotextual.com\/inicio\/index.php\/2020\/04\/12\/ziliotto-una-carta-abierta-sin-la-cuarentena-la-pampa-ya-habria-250-casos-covid-19\/","name":"Ziliotto, en una carta abierta: sin la cuarentena, en La Pampa ya habr\u00eda 250 casos de Covid-19 - Diario Textual","isPartOf":{"@id":"https:\/\/diariotextual.com\/inicio\/#website"},"primaryImageOfPage":{"@id":"https:\/\/diariotextual.com\/inicio\/index.php\/2020\/04\/12\/ziliotto-una-carta-abierta-sin-la-cuarentena-la-pampa-ya-habria-250-casos-covid-19\/#primaryimage"},"image":{"@id":"https:\/\/diariotextual.com\/inicio\/index.php\/2020\/04\/12\/ziliotto-una-carta-abierta-sin-la-cuarentena-la-pampa-ya-habria-250-casos-covid-19\/#primaryimage"},"thumbnailUrl":"https:\/\/diariotextual.com\/inicio\/wp-content\/uploads\/2020\/04\/ziliottosergiocoronavirusmedidas2020-06.jpg","datePublished":"2020-04-12T13:18:54+00:00","dateModified":"2020-04-12T23:15:01+00:00","breadcrumb":{"@id":"https:\/\/diariotextual.com\/inicio\/index.php\/2020\/04\/12\/ziliotto-una-carta-abierta-sin-la-cuarentena-la-pampa-ya-habria-250-casos-covid-19\/#breadcrumb"},"inLanguage":"es","potentialAction":[{"@type":"ReadAction","target":["https:\/\/diariotextual.com\/inicio\/index.php\/2020\/04\/12\/ziliotto-una-carta-abierta-sin-la-cuarentena-la-pampa-ya-habria-250-casos-covid-19\/"]}]},{"@type":"ImageObject","inLanguage":"es","@id":"https:\/\/diariotextual.com\/inicio\/index.php\/2020\/04\/12\/ziliotto-una-carta-abierta-sin-la-cuarentena-la-pampa-ya-habria-250-casos-covid-19\/#primaryimage","url":"https:\/\/diariotextual.com\/inicio\/wp-content\/uploads\/2020\/04\/ziliottosergiocoronavirusmedidas2020-06.jpg","contentUrl":"https:\/\/diariotextual.com\/inicio\/wp-content\/uploads\/2020\/04\/ziliottosergiocoronavirusmedidas2020-06.jpg","width":817,"height":507},{"@type":"BreadcrumbList","@id":"https:\/\/diariotextual.com\/inicio\/index.php\/2020\/04\/12\/ziliotto-una-carta-abierta-sin-la-cuarentena-la-pampa-ya-habria-250-casos-covid-19\/#breadcrumb","itemListElement":[{"@type":"ListItem","position":1,"name":"Portada","item":"https:\/\/diariotextual.com\/inicio\/"},{"@type":"ListItem","position":2,"name":"Ziliotto, en una carta abierta: sin la cuarentena, en La Pampa ya habr\u00eda 250 casos de Covid-19"}]},{"@type":"WebSite","@id":"https:\/\/diariotextual.com\/inicio\/#website","url":"https:\/\/diariotextual.com\/inicio\/","name":"Diario Textual","description":"","publisher":{"@id":"https:\/\/diariotextual.com\/inicio\/#organization"},"potentialAction":[{"@type":"SearchAction","target":{"@type":"EntryPoint","urlTemplate":"https:\/\/diariotextual.com\/inicio\/?s={search_term_string}"},"query-input":{"@type":"PropertyValueSpecification","valueRequired":true,"valueName":"search_term_string"}}],"inLanguage":"es"},{"@type":"Organization","@id":"https:\/\/diariotextual.com\/inicio\/#organization","name":"Diario Textual","url":"https:\/\/diariotextual.com\/inicio\/","logo":{"@type":"ImageObject","inLanguage":"es","@id":"https:\/\/diariotextual.com\/inicio\/#\/schema\/logo\/image\/","url":"https:\/\/diariotextual.com\/inicio\/wp-content\/uploads\/2023\/05\/logotextual1.jpg","contentUrl":"https:\/\/diariotextual.com\/inicio\/wp-content\/uploads\/2023\/05\/logotextual1.jpg","width":516,"height":76,"caption":"Diario Textual"},"image":{"@id":"https:\/\/diariotextual.com\/inicio\/#\/schema\/logo\/image\/"},"sameAs":["https:\/\/www.facebook.com\/eltextual","https:\/\/x.com\/eltextual","http:\/\/www.instagram.com\/eltextual"]},{"@type":"Person","@id":"https:\/\/diariotextual.com\/inicio\/#\/schema\/person\/418fc4093c33e86ed41562db3508f958","name":"Diario1 Diario1","image":{"@type":"ImageObject","inLanguage":"es","@id":"https:\/\/secure.gravatar.com\/avatar\/9167d280179c85bc18be67aa7eda765854300033af4896dd779b608640f2ef7a?s=96&d=mm&r=g","url":"https:\/\/secure.gravatar.com\/avatar\/9167d280179c85bc18be67aa7eda765854300033af4896dd779b608640f2ef7a?s=96&d=mm&r=g","contentUrl":"https:\/\/secure.gravatar.com\/avatar\/9167d280179c85bc18be67aa7eda765854300033af4896dd779b608640f2ef7a?s=96&d=mm&r=g","caption":"Diario1 Diario1"},"url":"https:\/\/diariotextual.com\/inicio\/index.php\/author\/diario1\/"}]}},"_links":{"self":[{"href":"https:\/\/diariotextual.com\/inicio\/index.php\/wp-json\/wp\/v2\/posts\/88844","targetHints":{"allow":["GET"]}}],"collection":[{"href":"https:\/\/diariotextual.com\/inicio\/index.php\/wp-json\/wp\/v2\/posts"}],"about":[{"href":"https:\/\/diariotextual.com\/inicio\/index.php\/wp-json\/wp\/v2\/types\/post"}],"author":[{"embeddable":true,"href":"https:\/\/diariotextual.com\/inicio\/index.php\/wp-json\/wp\/v2\/users\/3"}],"replies":[{"embeddable":true,"href":"https:\/\/diariotextual.com\/inicio\/index.php\/wp-json\/wp\/v2\/comments?post=88844"}],"version-history":[{"count":9,"href":"https:\/\/diariotextual.com\/inicio\/index.php\/wp-json\/wp\/v2\/posts\/88844\/revisions"}],"predecessor-version":[{"id":88919,"href":"https:\/\/diariotextual.com\/inicio\/index.php\/wp-json\/wp\/v2\/posts\/88844\/revisions\/88919"}],"wp:featuredmedia":[{"embeddable":true,"href":"https:\/\/diariotextual.com\/inicio\/index.php\/wp-json\/wp\/v2\/media\/87948"}],"wp:attachment":[{"href":"https:\/\/diariotextual.com\/inicio\/index.php\/wp-json\/wp\/v2\/media?parent=88844"}],"wp:term":[{"taxonomy":"category","embeddable":true,"href":"https:\/\/diariotextual.com\/inicio\/index.php\/wp-json\/wp\/v2\/categories?post=88844"},{"taxonomy":"post_tag","embeddable":true,"href":"https:\/\/diariotextual.com\/inicio\/index.php\/wp-json\/wp\/v2\/tags?post=88844"}],"curies":[{"name":"wp","href":"https:\/\/api.w.org\/{rel}","templated":true}]}}