{"id":88908,"date":"2020-04-13T10:45:05","date_gmt":"2020-04-13T13:45:05","guid":{"rendered":"http:\/\/diariotextual.com\/inicio\/?p=88908"},"modified":"2020-04-13T11:33:05","modified_gmt":"2020-04-13T14:33:05","slug":"comerciantes-protestan-este-lunes-empapelan-locales-encienden-alarmas","status":"publish","type":"post","link":"https:\/\/diariotextual.com\/inicio\/index.php\/2020\/04\/13\/comerciantes-protestan-este-lunes-empapelan-locales-encienden-alarmas\/","title":{"rendered":"Cuarentena: comerciantes empapelaron e hicieron sonar sirenas en reclamo de auxilio"},"content":{"rendered":"<p>Comerciantes de Santa Rosa y General Pico iniciaron una particular protesta:<strong>\u00a0empapelaron este fin de semana los frentes de los locales, como se\u00f1al de que podr\u00edan cerrar, en medio de la cuarentena que los est\u00e1 asfixiando financieramente.\u00a0<\/strong><strong>Incluso a las 10 horas de este lunes encendieron las alarmas.<\/strong><\/p>\n<p>Los organizadores de esta protesta aclararon que<strong> no pretenden abrir<\/strong>: lo que <strong>est\u00e1n\u00a0<\/strong><strong>est\u00e1n pidiendo ayuda o auxilio al Estado para sortear el parate del aislamiento<\/strong>: cr\u00e9ditos o subsidios para afrontar los gastos, como salarios y alquileres de locales, y que <strong>se suspenda moment\u00e1neamente el clearing<\/strong> para que no se sigan presentando cheques que no pueden afrontar.<\/p>\n<p>El reclamo no fue masivo. En Santa Rosa, por lo menos en el centro, hubo dos decenas de locales con carteles.<\/p>\n<p>Los comerciantes aseguran que ya no tienen espalda para soportar los gastos sin facturar. \u00abTenemos alquileres y sueldos, m\u00e1s los impuestos\u00bb, sostienen.<\/p>\n<p>&nbsp;<\/p>\n<p><iframe style=\"border: none; overflow: hidden;\" src=\"https:\/\/www.facebook.com\/plugins\/video.php?href=https%3A%2F%2Fwww.facebook.com%2Feltextual%2Fvideos%2F2889439334466994%2F&amp;show_text=1&amp;width=560\" width=\"560\" height=\"445\" frameborder=\"0\" scrolling=\"no\" allowfullscreen=\"allowfullscreen\"><\/iframe><\/p>\n<p>&nbsp;<\/p>\n<p>Entre los comerciantes, igual, hay diferentes posturas: <strong>algunos piden autorizaciones para reabrir, en tanto que otros solicitan que sigan cerrados los negocios pero que haya ayuda econ\u00f3mica del Estado.\u00a0<\/strong><\/p>\n<p>&nbsp;<\/p>\n<blockquote class=\"wp-embedded-content\" data-secret=\"nIh0ghq0kH\"><p><a href=\"http:\/\/diariotextual.com\/inicio\/index.php\/2020\/04\/12\/casa-gobierno-prepara-los-detalles-la-ayuda-sectores-independientes\/\">Casa de Gobierno prepara los detalles de la ayuda a sectores independientes<\/a><\/p><\/blockquote>\n<p><iframe class=\"wp-embedded-content\" sandbox=\"allow-scripts\" security=\"restricted\" style=\"position: absolute; clip: rect(1px, 1px, 1px, 1px);\" src=\"http:\/\/diariotextual.com\/inicio\/index.php\/2020\/04\/12\/casa-gobierno-prepara-los-detalles-la-ayuda-sectores-independientes\/embed\/#?secret=nIh0ghq0kH\" data-secret=\"nIh0ghq0kH\" width=\"600\" height=\"338\" title=\"&#171;Casa de Gobierno prepara los detalles de la ayuda a sectores independientes&#187; &#8212; Diario Textual\" frameborder=\"0\" marginwidth=\"0\" marginheight=\"0\" scrolling=\"no\"><\/iframe><\/p>\n<p>&nbsp;<\/p>\n<p>En grupos de Whatsapp de los propios comerciantes, refieren situaciones dispares. En l\u00edneas generales, todos coinciden en la necesidad de mantener la cuarentena pero tambi\u00e9n hay un sector que solicita que ya se empiecen a autorizar las reaperturas de los locales.<\/p>\n<p>Todos, de igual manera, coinciden en un punto: la gran mayor\u00eda de los anuncios de ayudas econ\u00f3micas, tanto de Naci\u00f3n como de la Provincia, a\u00fan no se han concretado.<\/p>\n<p>&nbsp;<\/p>\n<blockquote class=\"wp-embedded-content\" data-secret=\"OISP2tpzQO\"><p><a href=\"http:\/\/diariotextual.com\/inicio\/index.php\/2020\/04\/12\/intendentes-pampeanos-no-plantearon-excepciones-la-cuarentena\/\">Intendentes pampeanos no plantearon excepciones a la cuarentena<\/a><\/p><\/blockquote>\n<p><iframe class=\"wp-embedded-content\" sandbox=\"allow-scripts\" security=\"restricted\" style=\"position: absolute; clip: rect(1px, 1px, 1px, 1px);\" src=\"http:\/\/diariotextual.com\/inicio\/index.php\/2020\/04\/12\/intendentes-pampeanos-no-plantearon-excepciones-la-cuarentena\/embed\/#?secret=OISP2tpzQO\" data-secret=\"OISP2tpzQO\" width=\"600\" height=\"338\" title=\"&#171;Intendentes pampeanos no plantearon excepciones a la cuarentena&#187; &#8212; Diario Textual\" frameborder=\"0\" marginwidth=\"0\" marginheight=\"0\" scrolling=\"no\"><\/iframe><\/p>\n<p>&nbsp;<\/p>\n<p>Por ejemplo, sostienen, <strong>a\u00fan no se implement\u00f3 el Programa de Recuperaci\u00f3n Productiva (Repro).<\/strong>\u00a0Con subsidios del Estado, se apunta a garantizar la producci\u00f3n, el trabajo y el abastecimiento a las compa\u00f1\u00edas que se encuentran en situaci\u00f3n cr\u00edtica debido a la pandemia.<\/p>\n<p>&nbsp;<\/p>\n<p><img fetchpriority=\"high\" decoding=\"async\" class=\"alignnone wp-image-89043 size-large\" src=\"http:\/\/diariotextual.com\/inicio\/wp-content\/uploads\/2020\/04\/cuarentenacomerciosauxilioya2020-4-1024x625.jpg\" alt=\"\" width=\"1024\" height=\"625\" srcset=\"https:\/\/diariotextual.com\/inicio\/wp-content\/uploads\/2020\/04\/cuarentenacomerciosauxilioya2020-4-1024x625.jpg 1024w, https:\/\/diariotextual.com\/inicio\/wp-content\/uploads\/2020\/04\/cuarentenacomerciosauxilioya2020-4-300x183.jpg 300w, https:\/\/diariotextual.com\/inicio\/wp-content\/uploads\/2020\/04\/cuarentenacomerciosauxilioya2020-4-768x469.jpg 768w, https:\/\/diariotextual.com\/inicio\/wp-content\/uploads\/2020\/04\/cuarentenacomerciosauxilioya2020-4-1170x714.jpg 1170w, https:\/\/diariotextual.com\/inicio\/wp-content\/uploads\/2020\/04\/cuarentenacomerciosauxilioya2020-4-585x357.jpg 585w, https:\/\/diariotextual.com\/inicio\/wp-content\/uploads\/2020\/04\/cuarentenacomerciosauxilioya2020-4.jpg 1500w\" sizes=\"(max-width: 1024px) 100vw, 1024px\" \/><\/p>\n<p>Tambi\u00e9n hay quienes <strong>se quejan de que a\u00fan no se congelaron los ingresos de cheques y tampoco se han implementado las moratorias prometidas por la Afip<\/strong>.<\/p>\n<p>Este domingo, el gobernador\u00a0<strong>Sergio Ziliotto<\/strong>\u00a0defendi\u00f3 fuertemente, en una carta abierta, la decisi\u00f3n de mantener la\u00a0<strong>cuarentena obligatoria, sin excepciones<\/strong>, en La Pampa. Dijo que, seg\u00fan las estad\u00edsticas nacionales,\u00a0<strong>si no se hubiera implementado el aislamiento preventivo, hoy La Pampa tendr\u00eda unos 256 casos e incluso seis fallecidos<\/strong>.<\/p>\n<p>La carta abierta\u00a0<strong>no solo fue un reconocimiento al esfuerzo de los pampeanos<\/strong>\u00a0para mantener la cuarentena: tambi\u00e9n<strong>\u00a0fue un mensaje<\/strong>\u00a0al pedido de algunos comerciantes, que\u00a0<a href=\"http:\/\/diariotextual.com\/inicio\/index.php\/2020\/04\/11\/quieren-abrir-comerciantes-gremio-meten-presion-ziliotto-flexibilice-la-cuarentena\/\" target=\"_blank\" rel=\"noopener\"><strong>ya han pedido que permita la reapertura<\/strong><\/a>\u00a0porque, sostienen, est\u00e1n asfixiados econ\u00f3micamente.<\/p>\n<p>Paralelamente, prepara un anuncio de ayuda a sectores independientes. El s\u00e1bado ya lo dijo y <a href=\"http:\/\/diariotextual.com\/inicio\/index.php\/2020\/04\/12\/casa-gobierno-prepara-los-detalles-la-ayuda-sectores-independientes\/\" target=\"_blank\" rel=\"noopener\"><strong>en la semana dar\u00eda detalles<\/strong><\/a>.<\/p>\n<p>&nbsp;<\/p>\n<blockquote class=\"wp-embedded-content\" data-secret=\"zC4tlxEyfX\"><p><a href=\"http:\/\/diariotextual.com\/inicio\/index.php\/2020\/04\/12\/ziliotto-una-carta-abierta-sin-la-cuarentena-la-pampa-ya-habria-250-casos-covid-19\/\">Ziliotto, en una carta abierta: sin la cuarentena, en La Pampa ya habr\u00eda 250 casos de Covid-19<\/a><\/p><\/blockquote>\n<p><iframe class=\"wp-embedded-content\" sandbox=\"allow-scripts\" security=\"restricted\" style=\"position: absolute; clip: rect(1px, 1px, 1px, 1px);\" src=\"http:\/\/diariotextual.com\/inicio\/index.php\/2020\/04\/12\/ziliotto-una-carta-abierta-sin-la-cuarentena-la-pampa-ya-habria-250-casos-covid-19\/embed\/#?secret=zC4tlxEyfX\" data-secret=\"zC4tlxEyfX\" width=\"600\" height=\"338\" title=\"&#171;Ziliotto, en una carta abierta: sin la cuarentena, en La Pampa ya habr\u00eda 250 casos de Covid-19&#187; &#8212; Diario Textual\" frameborder=\"0\" marginwidth=\"0\" marginheight=\"0\" scrolling=\"no\"><\/iframe><\/p>\n","protected":false},"excerpt":{"rendered":"<p>Comerciantes de Santa Rosa y General Pico iniciaron una particular protesta:\u00a0empapelaron este fin de semana los frentes de los locales, como se\u00f1al de que podr\u00edan cerrar, en medio de la&hellip;<\/p>\n","protected":false},"author":3,"featured_media":89042,"comment_status":"closed","ping_status":"open","sticky":false,"template":"","format":"standard","meta":{"_acf_changed":false,"footnotes":""},"categories":[10,12],"tags":[2950,2899,2853],"class_list":["post-88908","post","type-post","status-publish","format-standard","has-post-thumbnail","hentry","category-portada-2","category-sociedad","tag-coso","tag-covid","tag-cuarentena"],"acf":[],"yoast_head":"<!-- This site is optimized with the Yoast SEO plugin v27.5 - https:\/\/yoast.com\/product\/yoast-seo-wordpress\/ -->\n<title>Cuarentena: comerciantes empapelaron e hicieron sonar sirenas en reclamo de auxilio - Diario Textual<\/title>\n<meta name=\"robots\" content=\"index, follow, max-snippet:-1, max-image-preview:large, max-video-preview:-1\" \/>\n<link rel=\"canonical\" href=\"https:\/\/diariotextual.com\/inicio\/index.php\/2020\/04\/13\/comerciantes-protestan-este-lunes-empapelan-locales-encienden-alarmas\/\" \/>\n<meta property=\"og:locale\" content=\"es_ES\" \/>\n<meta property=\"og:type\" content=\"article\" \/>\n<meta property=\"og:title\" content=\"Cuarentena: comerciantes empapelaron e hicieron sonar sirenas en reclamo de auxilio - Diario Textual\" \/>\n<meta property=\"og:description\" content=\"Comerciantes de Santa Rosa y General Pico iniciaron una particular protesta:\u00a0empapelaron este fin de semana los frentes de los locales, como se\u00f1al de que podr\u00edan cerrar, en medio de la&hellip;\" \/>\n<meta property=\"og:url\" content=\"https:\/\/diariotextual.com\/inicio\/index.php\/2020\/04\/13\/comerciantes-protestan-este-lunes-empapelan-locales-encienden-alarmas\/\" \/>\n<meta property=\"og:site_name\" content=\"Diario Textual\" \/>\n<meta property=\"article:publisher\" content=\"https:\/\/www.facebook.com\/eltextual\" \/>\n<meta property=\"article:published_time\" content=\"2020-04-13T13:45:05+00:00\" \/>\n<meta property=\"article:modified_time\" content=\"2020-04-13T14:33:05+00:00\" \/>\n<meta property=\"og:image\" content=\"https:\/\/diariotextual.com\/inicio\/wp-content\/uploads\/2020\/04\/cuarentenacomerciosauxilioya2020-3.jpg\" \/>\n\t<meta property=\"og:image:width\" content=\"1500\" \/>\n\t<meta property=\"og:image:height\" content=\"970\" \/>\n\t<meta property=\"og:image:type\" content=\"image\/jpeg\" \/>\n<meta name=\"author\" content=\"Diario1 Diario1\" \/>\n<meta name=\"twitter:card\" content=\"summary_large_image\" \/>\n<meta name=\"twitter:creator\" content=\"@eltextual\" \/>\n<meta name=\"twitter:site\" content=\"@eltextual\" \/>\n<meta name=\"twitter:label1\" content=\"Escrito por\" \/>\n\t<meta name=\"twitter:data1\" content=\"Diario1 Diario1\" \/>\n\t<meta name=\"twitter:label2\" content=\"Tiempo de lectura\" \/>\n\t<meta name=\"twitter:data2\" content=\"2 minutos\" \/>\n<script type=\"application\/ld+json\" class=\"yoast-schema-graph\">{\"@context\":\"https:\\\/\\\/schema.org\",\"@graph\":[{\"@type\":\"Article\",\"@id\":\"https:\\\/\\\/diariotextual.com\\\/inicio\\\/index.php\\\/2020\\\/04\\\/13\\\/comerciantes-protestan-este-lunes-empapelan-locales-encienden-alarmas\\\/#article\",\"isPartOf\":{\"@id\":\"https:\\\/\\\/diariotextual.com\\\/inicio\\\/index.php\\\/2020\\\/04\\\/13\\\/comerciantes-protestan-este-lunes-empapelan-locales-encienden-alarmas\\\/\"},\"author\":{\"name\":\"Diario1 Diario1\",\"@id\":\"https:\\\/\\\/diariotextual.com\\\/inicio\\\/#\\\/schema\\\/person\\\/418fc4093c33e86ed41562db3508f958\"},\"headline\":\"Cuarentena: comerciantes empapelaron e hicieron sonar sirenas en reclamo de auxilio\",\"datePublished\":\"2020-04-13T13:45:05+00:00\",\"dateModified\":\"2020-04-13T14:33:05+00:00\",\"mainEntityOfPage\":{\"@id\":\"https:\\\/\\\/diariotextual.com\\\/inicio\\\/index.php\\\/2020\\\/04\\\/13\\\/comerciantes-protestan-este-lunes-empapelan-locales-encienden-alarmas\\\/\"},\"wordCount\":492,\"publisher\":{\"@id\":\"https:\\\/\\\/diariotextual.com\\\/inicio\\\/#organization\"},\"image\":{\"@id\":\"https:\\\/\\\/diariotextual.com\\\/inicio\\\/index.php\\\/2020\\\/04\\\/13\\\/comerciantes-protestan-este-lunes-empapelan-locales-encienden-alarmas\\\/#primaryimage\"},\"thumbnailUrl\":\"https:\\\/\\\/diariotextual.com\\\/inicio\\\/wp-content\\\/uploads\\\/2020\\\/04\\\/cuarentenacomerciosauxilioya2020-3.jpg\",\"keywords\":[\"coso\",\"covid\",\"cuarentena\"],\"articleSection\":[\"A - PORTADA2\",\"SOCIEDAD\"],\"inLanguage\":\"es\"},{\"@type\":\"WebPage\",\"@id\":\"https:\\\/\\\/diariotextual.com\\\/inicio\\\/index.php\\\/2020\\\/04\\\/13\\\/comerciantes-protestan-este-lunes-empapelan-locales-encienden-alarmas\\\/\",\"url\":\"https:\\\/\\\/diariotextual.com\\\/inicio\\\/index.php\\\/2020\\\/04\\\/13\\\/comerciantes-protestan-este-lunes-empapelan-locales-encienden-alarmas\\\/\",\"name\":\"Cuarentena: comerciantes empapelaron e hicieron sonar sirenas en reclamo de auxilio - Diario Textual\",\"isPartOf\":{\"@id\":\"https:\\\/\\\/diariotextual.com\\\/inicio\\\/#website\"},\"primaryImageOfPage\":{\"@id\":\"https:\\\/\\\/diariotextual.com\\\/inicio\\\/index.php\\\/2020\\\/04\\\/13\\\/comerciantes-protestan-este-lunes-empapelan-locales-encienden-alarmas\\\/#primaryimage\"},\"image\":{\"@id\":\"https:\\\/\\\/diariotextual.com\\\/inicio\\\/index.php\\\/2020\\\/04\\\/13\\\/comerciantes-protestan-este-lunes-empapelan-locales-encienden-alarmas\\\/#primaryimage\"},\"thumbnailUrl\":\"https:\\\/\\\/diariotextual.com\\\/inicio\\\/wp-content\\\/uploads\\\/2020\\\/04\\\/cuarentenacomerciosauxilioya2020-3.jpg\",\"datePublished\":\"2020-04-13T13:45:05+00:00\",\"dateModified\":\"2020-04-13T14:33:05+00:00\",\"breadcrumb\":{\"@id\":\"https:\\\/\\\/diariotextual.com\\\/inicio\\\/index.php\\\/2020\\\/04\\\/13\\\/comerciantes-protestan-este-lunes-empapelan-locales-encienden-alarmas\\\/#breadcrumb\"},\"inLanguage\":\"es\",\"potentialAction\":[{\"@type\":\"ReadAction\",\"target\":[\"https:\\\/\\\/diariotextual.com\\\/inicio\\\/index.php\\\/2020\\\/04\\\/13\\\/comerciantes-protestan-este-lunes-empapelan-locales-encienden-alarmas\\\/\"]}]},{\"@type\":\"ImageObject\",\"inLanguage\":\"es\",\"@id\":\"https:\\\/\\\/diariotextual.com\\\/inicio\\\/index.php\\\/2020\\\/04\\\/13\\\/comerciantes-protestan-este-lunes-empapelan-locales-encienden-alarmas\\\/#primaryimage\",\"url\":\"https:\\\/\\\/diariotextual.com\\\/inicio\\\/wp-content\\\/uploads\\\/2020\\\/04\\\/cuarentenacomerciosauxilioya2020-3.jpg\",\"contentUrl\":\"https:\\\/\\\/diariotextual.com\\\/inicio\\\/wp-content\\\/uploads\\\/2020\\\/04\\\/cuarentenacomerciosauxilioya2020-3.jpg\",\"width\":1500,\"height\":970},{\"@type\":\"BreadcrumbList\",\"@id\":\"https:\\\/\\\/diariotextual.com\\\/inicio\\\/index.php\\\/2020\\\/04\\\/13\\\/comerciantes-protestan-este-lunes-empapelan-locales-encienden-alarmas\\\/#breadcrumb\",\"itemListElement\":[{\"@type\":\"ListItem\",\"position\":1,\"name\":\"Portada\",\"item\":\"https:\\\/\\\/diariotextual.com\\\/inicio\\\/\"},{\"@type\":\"ListItem\",\"position\":2,\"name\":\"Cuarentena: comerciantes empapelaron e hicieron sonar sirenas en reclamo de auxilio\"}]},{\"@type\":\"WebSite\",\"@id\":\"https:\\\/\\\/diariotextual.com\\\/inicio\\\/#website\",\"url\":\"https:\\\/\\\/diariotextual.com\\\/inicio\\\/\",\"name\":\"Diario Textual\",\"description\":\"\",\"publisher\":{\"@id\":\"https:\\\/\\\/diariotextual.com\\\/inicio\\\/#organization\"},\"potentialAction\":[{\"@type\":\"SearchAction\",\"target\":{\"@type\":\"EntryPoint\",\"urlTemplate\":\"https:\\\/\\\/diariotextual.com\\\/inicio\\\/?s={search_term_string}\"},\"query-input\":{\"@type\":\"PropertyValueSpecification\",\"valueRequired\":true,\"valueName\":\"search_term_string\"}}],\"inLanguage\":\"es\"},{\"@type\":\"Organization\",\"@id\":\"https:\\\/\\\/diariotextual.com\\\/inicio\\\/#organization\",\"name\":\"Diario Textual\",\"url\":\"https:\\\/\\\/diariotextual.com\\\/inicio\\\/\",\"logo\":{\"@type\":\"ImageObject\",\"inLanguage\":\"es\",\"@id\":\"https:\\\/\\\/diariotextual.com\\\/inicio\\\/#\\\/schema\\\/logo\\\/image\\\/\",\"url\":\"https:\\\/\\\/diariotextual.com\\\/inicio\\\/wp-content\\\/uploads\\\/2023\\\/05\\\/logotextual1.jpg\",\"contentUrl\":\"https:\\\/\\\/diariotextual.com\\\/inicio\\\/wp-content\\\/uploads\\\/2023\\\/05\\\/logotextual1.jpg\",\"width\":516,\"height\":76,\"caption\":\"Diario Textual\"},\"image\":{\"@id\":\"https:\\\/\\\/diariotextual.com\\\/inicio\\\/#\\\/schema\\\/logo\\\/image\\\/\"},\"sameAs\":[\"https:\\\/\\\/www.facebook.com\\\/eltextual\",\"https:\\\/\\\/x.com\\\/eltextual\",\"http:\\\/\\\/www.instagram.com\\\/eltextual\"]},{\"@type\":\"Person\",\"@id\":\"https:\\\/\\\/diariotextual.com\\\/inicio\\\/#\\\/schema\\\/person\\\/418fc4093c33e86ed41562db3508f958\",\"name\":\"Diario1 Diario1\",\"image\":{\"@type\":\"ImageObject\",\"inLanguage\":\"es\",\"@id\":\"https:\\\/\\\/secure.gravatar.com\\\/avatar\\\/9167d280179c85bc18be67aa7eda765854300033af4896dd779b608640f2ef7a?s=96&d=mm&r=g\",\"url\":\"https:\\\/\\\/secure.gravatar.com\\\/avatar\\\/9167d280179c85bc18be67aa7eda765854300033af4896dd779b608640f2ef7a?s=96&d=mm&r=g\",\"contentUrl\":\"https:\\\/\\\/secure.gravatar.com\\\/avatar\\\/9167d280179c85bc18be67aa7eda765854300033af4896dd779b608640f2ef7a?s=96&d=mm&r=g\",\"caption\":\"Diario1 Diario1\"},\"url\":\"https:\\\/\\\/diariotextual.com\\\/inicio\\\/index.php\\\/author\\\/diario1\\\/\"}]}<\/script>\n<!-- \/ Yoast SEO plugin. -->","yoast_head_json":{"title":"Cuarentena: comerciantes empapelaron e hicieron sonar sirenas en reclamo de auxilio - Diario Textual","robots":{"index":"index","follow":"follow","max-snippet":"max-snippet:-1","max-image-preview":"max-image-preview:large","max-video-preview":"max-video-preview:-1"},"canonical":"https:\/\/diariotextual.com\/inicio\/index.php\/2020\/04\/13\/comerciantes-protestan-este-lunes-empapelan-locales-encienden-alarmas\/","og_locale":"es_ES","og_type":"article","og_title":"Cuarentena: comerciantes empapelaron e hicieron sonar sirenas en reclamo de auxilio - Diario Textual","og_description":"Comerciantes de Santa Rosa y General Pico iniciaron una particular protesta:\u00a0empapelaron este fin de semana los frentes de los locales, como se\u00f1al de que podr\u00edan cerrar, en medio de la&hellip;","og_url":"https:\/\/diariotextual.com\/inicio\/index.php\/2020\/04\/13\/comerciantes-protestan-este-lunes-empapelan-locales-encienden-alarmas\/","og_site_name":"Diario Textual","article_publisher":"https:\/\/www.facebook.com\/eltextual","article_published_time":"2020-04-13T13:45:05+00:00","article_modified_time":"2020-04-13T14:33:05+00:00","og_image":[{"width":1500,"height":970,"url":"https:\/\/diariotextual.com\/inicio\/wp-content\/uploads\/2020\/04\/cuarentenacomerciosauxilioya2020-3.jpg","type":"image\/jpeg"}],"author":"Diario1 Diario1","twitter_card":"summary_large_image","twitter_creator":"@eltextual","twitter_site":"@eltextual","twitter_misc":{"Escrito por":"Diario1 Diario1","Tiempo de lectura":"2 minutos"},"schema":{"@context":"https:\/\/schema.org","@graph":[{"@type":"Article","@id":"https:\/\/diariotextual.com\/inicio\/index.php\/2020\/04\/13\/comerciantes-protestan-este-lunes-empapelan-locales-encienden-alarmas\/#article","isPartOf":{"@id":"https:\/\/diariotextual.com\/inicio\/index.php\/2020\/04\/13\/comerciantes-protestan-este-lunes-empapelan-locales-encienden-alarmas\/"},"author":{"name":"Diario1 Diario1","@id":"https:\/\/diariotextual.com\/inicio\/#\/schema\/person\/418fc4093c33e86ed41562db3508f958"},"headline":"Cuarentena: comerciantes empapelaron e hicieron sonar sirenas en reclamo de auxilio","datePublished":"2020-04-13T13:45:05+00:00","dateModified":"2020-04-13T14:33:05+00:00","mainEntityOfPage":{"@id":"https:\/\/diariotextual.com\/inicio\/index.php\/2020\/04\/13\/comerciantes-protestan-este-lunes-empapelan-locales-encienden-alarmas\/"},"wordCount":492,"publisher":{"@id":"https:\/\/diariotextual.com\/inicio\/#organization"},"image":{"@id":"https:\/\/diariotextual.com\/inicio\/index.php\/2020\/04\/13\/comerciantes-protestan-este-lunes-empapelan-locales-encienden-alarmas\/#primaryimage"},"thumbnailUrl":"https:\/\/diariotextual.com\/inicio\/wp-content\/uploads\/2020\/04\/cuarentenacomerciosauxilioya2020-3.jpg","keywords":["coso","covid","cuarentena"],"articleSection":["A - PORTADA2","SOCIEDAD"],"inLanguage":"es"},{"@type":"WebPage","@id":"https:\/\/diariotextual.com\/inicio\/index.php\/2020\/04\/13\/comerciantes-protestan-este-lunes-empapelan-locales-encienden-alarmas\/","url":"https:\/\/diariotextual.com\/inicio\/index.php\/2020\/04\/13\/comerciantes-protestan-este-lunes-empapelan-locales-encienden-alarmas\/","name":"Cuarentena: comerciantes empapelaron e hicieron sonar sirenas en reclamo de auxilio - Diario Textual","isPartOf":{"@id":"https:\/\/diariotextual.com\/inicio\/#website"},"primaryImageOfPage":{"@id":"https:\/\/diariotextual.com\/inicio\/index.php\/2020\/04\/13\/comerciantes-protestan-este-lunes-empapelan-locales-encienden-alarmas\/#primaryimage"},"image":{"@id":"https:\/\/diariotextual.com\/inicio\/index.php\/2020\/04\/13\/comerciantes-protestan-este-lunes-empapelan-locales-encienden-alarmas\/#primaryimage"},"thumbnailUrl":"https:\/\/diariotextual.com\/inicio\/wp-content\/uploads\/2020\/04\/cuarentenacomerciosauxilioya2020-3.jpg","datePublished":"2020-04-13T13:45:05+00:00","dateModified":"2020-04-13T14:33:05+00:00","breadcrumb":{"@id":"https:\/\/diariotextual.com\/inicio\/index.php\/2020\/04\/13\/comerciantes-protestan-este-lunes-empapelan-locales-encienden-alarmas\/#breadcrumb"},"inLanguage":"es","potentialAction":[{"@type":"ReadAction","target":["https:\/\/diariotextual.com\/inicio\/index.php\/2020\/04\/13\/comerciantes-protestan-este-lunes-empapelan-locales-encienden-alarmas\/"]}]},{"@type":"ImageObject","inLanguage":"es","@id":"https:\/\/diariotextual.com\/inicio\/index.php\/2020\/04\/13\/comerciantes-protestan-este-lunes-empapelan-locales-encienden-alarmas\/#primaryimage","url":"https:\/\/diariotextual.com\/inicio\/wp-content\/uploads\/2020\/04\/cuarentenacomerciosauxilioya2020-3.jpg","contentUrl":"https:\/\/diariotextual.com\/inicio\/wp-content\/uploads\/2020\/04\/cuarentenacomerciosauxilioya2020-3.jpg","width":1500,"height":970},{"@type":"BreadcrumbList","@id":"https:\/\/diariotextual.com\/inicio\/index.php\/2020\/04\/13\/comerciantes-protestan-este-lunes-empapelan-locales-encienden-alarmas\/#breadcrumb","itemListElement":[{"@type":"ListItem","position":1,"name":"Portada","item":"https:\/\/diariotextual.com\/inicio\/"},{"@type":"ListItem","position":2,"name":"Cuarentena: comerciantes empapelaron e hicieron sonar sirenas en reclamo de auxilio"}]},{"@type":"WebSite","@id":"https:\/\/diariotextual.com\/inicio\/#website","url":"https:\/\/diariotextual.com\/inicio\/","name":"Diario Textual","description":"","publisher":{"@id":"https:\/\/diariotextual.com\/inicio\/#organization"},"potentialAction":[{"@type":"SearchAction","target":{"@type":"EntryPoint","urlTemplate":"https:\/\/diariotextual.com\/inicio\/?s={search_term_string}"},"query-input":{"@type":"PropertyValueSpecification","valueRequired":true,"valueName":"search_term_string"}}],"inLanguage":"es"},{"@type":"Organization","@id":"https:\/\/diariotextual.com\/inicio\/#organization","name":"Diario Textual","url":"https:\/\/diariotextual.com\/inicio\/","logo":{"@type":"ImageObject","inLanguage":"es","@id":"https:\/\/diariotextual.com\/inicio\/#\/schema\/logo\/image\/","url":"https:\/\/diariotextual.com\/inicio\/wp-content\/uploads\/2023\/05\/logotextual1.jpg","contentUrl":"https:\/\/diariotextual.com\/inicio\/wp-content\/uploads\/2023\/05\/logotextual1.jpg","width":516,"height":76,"caption":"Diario Textual"},"image":{"@id":"https:\/\/diariotextual.com\/inicio\/#\/schema\/logo\/image\/"},"sameAs":["https:\/\/www.facebook.com\/eltextual","https:\/\/x.com\/eltextual","http:\/\/www.instagram.com\/eltextual"]},{"@type":"Person","@id":"https:\/\/diariotextual.com\/inicio\/#\/schema\/person\/418fc4093c33e86ed41562db3508f958","name":"Diario1 Diario1","image":{"@type":"ImageObject","inLanguage":"es","@id":"https:\/\/secure.gravatar.com\/avatar\/9167d280179c85bc18be67aa7eda765854300033af4896dd779b608640f2ef7a?s=96&d=mm&r=g","url":"https:\/\/secure.gravatar.com\/avatar\/9167d280179c85bc18be67aa7eda765854300033af4896dd779b608640f2ef7a?s=96&d=mm&r=g","contentUrl":"https:\/\/secure.gravatar.com\/avatar\/9167d280179c85bc18be67aa7eda765854300033af4896dd779b608640f2ef7a?s=96&d=mm&r=g","caption":"Diario1 Diario1"},"url":"https:\/\/diariotextual.com\/inicio\/index.php\/author\/diario1\/"}]}},"_links":{"self":[{"href":"https:\/\/diariotextual.com\/inicio\/index.php\/wp-json\/wp\/v2\/posts\/88908","targetHints":{"allow":["GET"]}}],"collection":[{"href":"https:\/\/diariotextual.com\/inicio\/index.php\/wp-json\/wp\/v2\/posts"}],"about":[{"href":"https:\/\/diariotextual.com\/inicio\/index.php\/wp-json\/wp\/v2\/types\/post"}],"author":[{"embeddable":true,"href":"https:\/\/diariotextual.com\/inicio\/index.php\/wp-json\/wp\/v2\/users\/3"}],"replies":[{"embeddable":true,"href":"https:\/\/diariotextual.com\/inicio\/index.php\/wp-json\/wp\/v2\/comments?post=88908"}],"version-history":[{"count":20,"href":"https:\/\/diariotextual.com\/inicio\/index.php\/wp-json\/wp\/v2\/posts\/88908\/revisions"}],"predecessor-version":[{"id":89050,"href":"https:\/\/diariotextual.com\/inicio\/index.php\/wp-json\/wp\/v2\/posts\/88908\/revisions\/89050"}],"wp:featuredmedia":[{"embeddable":true,"href":"https:\/\/diariotextual.com\/inicio\/index.php\/wp-json\/wp\/v2\/media\/89042"}],"wp:attachment":[{"href":"https:\/\/diariotextual.com\/inicio\/index.php\/wp-json\/wp\/v2\/media?parent=88908"}],"wp:term":[{"taxonomy":"category","embeddable":true,"href":"https:\/\/diariotextual.com\/inicio\/index.php\/wp-json\/wp\/v2\/categories?post=88908"},{"taxonomy":"post_tag","embeddable":true,"href":"https:\/\/diariotextual.com\/inicio\/index.php\/wp-json\/wp\/v2\/tags?post=88908"}],"curies":[{"name":"wp","href":"https:\/\/api.w.org\/{rel}","templated":true}]}}