{"id":88931,"date":"2020-04-13T07:00:34","date_gmt":"2020-04-13T10:00:34","guid":{"rendered":"http:\/\/diariotextual.com\/inicio\/?p=88931"},"modified":"2020-04-13T18:40:41","modified_gmt":"2020-04-13T21:40:41","slug":"intendentes-pampeanos-no-plantearon-excepciones-la-cuarentena","status":"publish","type":"post","link":"https:\/\/diariotextual.com\/inicio\/index.php\/2020\/04\/13\/intendentes-pampeanos-no-plantearon-excepciones-la-cuarentena\/","title":{"rendered":"Los intendentes pampeanos no plantearon m\u00e1s excepciones a la cuarentena"},"content":{"rendered":"<p><strong>Ninguno de los 79 municipios pampeanos plante\u00f3 al gobernador Sergio Ziliotto<\/strong> la posibilidad de establecer una <strong>cuarentena comunitaria<\/strong>. Todos los jefes comunales acataron la decisi\u00f3n gubernamental y seguir\u00e1n las \u00f3rdenes de Provincia.<\/p>\n<p>La informaci\u00f3n fue confirmada a Diario Textual por fuentes del Ministerio de Seguridad. \u201cNing\u00fan intendente elev\u00f3, por ejemplo, la propuesta de establecer en su municipio la cuarentena comunitaria\u201d, se remarc\u00f3. \u00abNo por ahora\u00bb.<\/p>\n<p>Los gobernadores se sorprendieron el viernes con la decisi\u00f3n de Alberto Fern\u00e1ndez de delegarles la definici\u00f3n de qu\u00e9 actividades o regiones podr\u00edan ser exceptuadas de la cuarentena y hasta ahora no se atreven a hacer uso de esa facultad.\u00a0 \u201cEl jefe de Gabinete (Santiago Cafiero) se contactar\u00e1 junto al ministro del Interior (Wado de Pedro), con cada gobernador, que le dir\u00e1 <strong>cu\u00e1l es el pueblo que cree que hay que declarar en cuarentena comunitaria, qu\u00e9 tipo de actividad cree que puede llevarse a cabo y analizaremos con la gente de Salud la viabilidad de esto.<\/strong> Tambi\u00e9n voy a consultar a los epidemi\u00f3logos. Iremos viendo poco a poco d\u00f3nde podemos focalizar la apertura de la cuarentena\u201d, expres\u00f3 el mandatario.<\/p>\n<p>Algunos eval\u00faan autorizar algunos sectores de la econom\u00eda castigados por la par\u00e1lisis, pero<strong> ninguno por ahora van con pie de plomo, por temor a un rebote de contagios que los incinere pol\u00edticamente.<\/strong> El gobernador de San Luis, Alberto Rodr\u00edguez Sa\u00e1, fue acaso el m\u00e1s audaz y anunci\u00f3 que definir\u00e1 un esquema de aperturas parciales con intendentes y comerciantes locales.<\/p>\n<p>&nbsp;<\/p>\n<blockquote class=\"wp-embedded-content\" data-secret=\"GSWAkgHknR\"><p><a href=\"http:\/\/diariotextual.com\/inicio\/index.php\/2020\/04\/13\/cuarentena-las-7-nuevas-excepciones-operan-la-pampa-resto-del-pais\/\">Cuarentena: las 7 nuevas excepciones que operan en La Pampa y el resto del pa\u00eds<\/a><\/p><\/blockquote>\n<p><iframe class=\"wp-embedded-content\" sandbox=\"allow-scripts\" security=\"restricted\" style=\"position: absolute; clip: rect(1px, 1px, 1px, 1px);\" src=\"http:\/\/diariotextual.com\/inicio\/index.php\/2020\/04\/13\/cuarentena-las-7-nuevas-excepciones-operan-la-pampa-resto-del-pais\/embed\/#?secret=GSWAkgHknR\" data-secret=\"GSWAkgHknR\" width=\"600\" height=\"338\" title=\"&#171;Cuarentena: las 7 nuevas excepciones que operan en La Pampa y el resto del pa\u00eds&#187; &#8212; Diario Textual\" frameborder=\"0\" marginwidth=\"0\" marginheight=\"0\" scrolling=\"no\"><\/iframe><\/p>\n<p>&nbsp;<\/p>\n<p>El gobernador Sergio Ziliotto dijo que seguir\u00e1 los lineamientos del presidente y que, por eso, <strong>no establecer\u00e1 m\u00e1s excepciones que las dispuestas por Casa Rosada.<\/strong> Tampoco, por lo menos hasta este fin de semana, los jefes comunales hicieron pedidos al mandatario pampeano.<\/p>\n<p>&nbsp;<\/p>\n<blockquote class=\"wp-embedded-content\" data-secret=\"lnZWn0F2BJ\"><p><a href=\"http:\/\/diariotextual.com\/inicio\/index.php\/2020\/04\/12\/san-luis-pedira-excepciones-la-cuarentena-al-gobierno-nacional\/\">San Luis pedir\u00e1 excepciones a la cuarentena al Gobierno Nacional<\/a><\/p><\/blockquote>\n<p><iframe class=\"wp-embedded-content\" sandbox=\"allow-scripts\" security=\"restricted\" style=\"position: absolute; clip: rect(1px, 1px, 1px, 1px);\" src=\"http:\/\/diariotextual.com\/inicio\/index.php\/2020\/04\/12\/san-luis-pedira-excepciones-la-cuarentena-al-gobierno-nacional\/embed\/#?secret=lnZWn0F2BJ\" data-secret=\"lnZWn0F2BJ\" width=\"600\" height=\"338\" title=\"&#171;San Luis pedir\u00e1 excepciones a la cuarentena al Gobierno Nacional&#187; &#8212; Diario Textual\" frameborder=\"0\" marginwidth=\"0\" marginheight=\"0\" scrolling=\"no\"><\/iframe><\/p>\n","protected":false},"excerpt":{"rendered":"<p>Ninguno de los 79 municipios pampeanos plante\u00f3 al gobernador Sergio Ziliotto la posibilidad de establecer una cuarentena comunitaria. Todos los jefes comunales acataron la decisi\u00f3n gubernamental y seguir\u00e1n las \u00f3rdenes&hellip;<\/p>\n","protected":false},"author":5,"featured_media":84750,"comment_status":"closed","ping_status":"open","sticky":false,"template":"","format":"standard","meta":{"_acf_changed":false,"footnotes":""},"categories":[319,8],"tags":[2662,2853],"class_list":["post-88931","post","type-post","status-publish","format-standard","has-post-thumbnail","hentry","category-a-temporales","category-politica","tag-coronavirus","tag-cuarentena"],"acf":[],"yoast_head":"<!-- This site is optimized with the Yoast SEO plugin v27.5 - https:\/\/yoast.com\/product\/yoast-seo-wordpress\/ -->\n<title>Los intendentes pampeanos no plantearon m\u00e1s excepciones a la cuarentena - Diario Textual<\/title>\n<meta name=\"robots\" content=\"index, follow, max-snippet:-1, max-image-preview:large, max-video-preview:-1\" \/>\n<link rel=\"canonical\" href=\"https:\/\/diariotextual.com\/inicio\/index.php\/2020\/04\/13\/intendentes-pampeanos-no-plantearon-excepciones-la-cuarentena\/\" \/>\n<meta property=\"og:locale\" content=\"es_ES\" \/>\n<meta property=\"og:type\" content=\"article\" \/>\n<meta property=\"og:title\" content=\"Los intendentes pampeanos no plantearon m\u00e1s excepciones a la cuarentena - Diario Textual\" \/>\n<meta property=\"og:description\" content=\"Ninguno de los 79 municipios pampeanos plante\u00f3 al gobernador Sergio Ziliotto la posibilidad de establecer una cuarentena comunitaria. Todos los jefes comunales acataron la decisi\u00f3n gubernamental y seguir\u00e1n las \u00f3rdenes&hellip;\" \/>\n<meta property=\"og:url\" content=\"https:\/\/diariotextual.com\/inicio\/index.php\/2020\/04\/13\/intendentes-pampeanos-no-plantearon-excepciones-la-cuarentena\/\" \/>\n<meta property=\"og:site_name\" content=\"Diario Textual\" \/>\n<meta property=\"article:publisher\" content=\"https:\/\/www.facebook.com\/eltextual\" \/>\n<meta property=\"article:published_time\" content=\"2020-04-13T10:00:34+00:00\" \/>\n<meta property=\"article:modified_time\" content=\"2020-04-13T21:40:41+00:00\" \/>\n<meta property=\"og:image\" content=\"https:\/\/diariotextual.com\/inicio\/wp-content\/uploads\/2020\/03\/ziliottovideoconferenciaintendentes.jpg\" \/>\n\t<meta property=\"og:image:width\" content=\"960\" \/>\n\t<meta property=\"og:image:height\" content=\"640\" \/>\n\t<meta property=\"og:image:type\" content=\"image\/jpeg\" \/>\n<meta name=\"author\" content=\"diario3\" \/>\n<meta name=\"twitter:card\" content=\"summary_large_image\" \/>\n<meta name=\"twitter:creator\" content=\"@eltextual\" \/>\n<meta name=\"twitter:site\" content=\"@eltextual\" \/>\n<meta name=\"twitter:label1\" content=\"Escrito por\" \/>\n\t<meta name=\"twitter:data1\" content=\"diario3\" \/>\n\t<meta name=\"twitter:label2\" content=\"Tiempo de lectura\" \/>\n\t<meta name=\"twitter:data2\" content=\"2 minutos\" \/>\n<script type=\"application\/ld+json\" class=\"yoast-schema-graph\">{\"@context\":\"https:\\\/\\\/schema.org\",\"@graph\":[{\"@type\":\"Article\",\"@id\":\"https:\\\/\\\/diariotextual.com\\\/inicio\\\/index.php\\\/2020\\\/04\\\/13\\\/intendentes-pampeanos-no-plantearon-excepciones-la-cuarentena\\\/#article\",\"isPartOf\":{\"@id\":\"https:\\\/\\\/diariotextual.com\\\/inicio\\\/index.php\\\/2020\\\/04\\\/13\\\/intendentes-pampeanos-no-plantearon-excepciones-la-cuarentena\\\/\"},\"author\":{\"name\":\"diario3\",\"@id\":\"https:\\\/\\\/diariotextual.com\\\/inicio\\\/#\\\/schema\\\/person\\\/a1b6f563e0ee944c60f98119389a4d9f\"},\"headline\":\"Los intendentes pampeanos no plantearon m\u00e1s excepciones a la cuarentena\",\"datePublished\":\"2020-04-13T10:00:34+00:00\",\"dateModified\":\"2020-04-13T21:40:41+00:00\",\"mainEntityOfPage\":{\"@id\":\"https:\\\/\\\/diariotextual.com\\\/inicio\\\/index.php\\\/2020\\\/04\\\/13\\\/intendentes-pampeanos-no-plantearon-excepciones-la-cuarentena\\\/\"},\"wordCount\":331,\"publisher\":{\"@id\":\"https:\\\/\\\/diariotextual.com\\\/inicio\\\/#organization\"},\"image\":{\"@id\":\"https:\\\/\\\/diariotextual.com\\\/inicio\\\/index.php\\\/2020\\\/04\\\/13\\\/intendentes-pampeanos-no-plantearon-excepciones-la-cuarentena\\\/#primaryimage\"},\"thumbnailUrl\":\"https:\\\/\\\/diariotextual.com\\\/inicio\\\/wp-content\\\/uploads\\\/2020\\\/03\\\/ziliottovideoconferenciaintendentes.jpg\",\"keywords\":[\"coronavirus\",\"cuarentena\"],\"articleSection\":[\"A - TEMPORALES\",\"POLITICA\"],\"inLanguage\":\"es\"},{\"@type\":\"WebPage\",\"@id\":\"https:\\\/\\\/diariotextual.com\\\/inicio\\\/index.php\\\/2020\\\/04\\\/13\\\/intendentes-pampeanos-no-plantearon-excepciones-la-cuarentena\\\/\",\"url\":\"https:\\\/\\\/diariotextual.com\\\/inicio\\\/index.php\\\/2020\\\/04\\\/13\\\/intendentes-pampeanos-no-plantearon-excepciones-la-cuarentena\\\/\",\"name\":\"Los intendentes pampeanos no plantearon m\u00e1s excepciones a la cuarentena - Diario Textual\",\"isPartOf\":{\"@id\":\"https:\\\/\\\/diariotextual.com\\\/inicio\\\/#website\"},\"primaryImageOfPage\":{\"@id\":\"https:\\\/\\\/diariotextual.com\\\/inicio\\\/index.php\\\/2020\\\/04\\\/13\\\/intendentes-pampeanos-no-plantearon-excepciones-la-cuarentena\\\/#primaryimage\"},\"image\":{\"@id\":\"https:\\\/\\\/diariotextual.com\\\/inicio\\\/index.php\\\/2020\\\/04\\\/13\\\/intendentes-pampeanos-no-plantearon-excepciones-la-cuarentena\\\/#primaryimage\"},\"thumbnailUrl\":\"https:\\\/\\\/diariotextual.com\\\/inicio\\\/wp-content\\\/uploads\\\/2020\\\/03\\\/ziliottovideoconferenciaintendentes.jpg\",\"datePublished\":\"2020-04-13T10:00:34+00:00\",\"dateModified\":\"2020-04-13T21:40:41+00:00\",\"breadcrumb\":{\"@id\":\"https:\\\/\\\/diariotextual.com\\\/inicio\\\/index.php\\\/2020\\\/04\\\/13\\\/intendentes-pampeanos-no-plantearon-excepciones-la-cuarentena\\\/#breadcrumb\"},\"inLanguage\":\"es\",\"potentialAction\":[{\"@type\":\"ReadAction\",\"target\":[\"https:\\\/\\\/diariotextual.com\\\/inicio\\\/index.php\\\/2020\\\/04\\\/13\\\/intendentes-pampeanos-no-plantearon-excepciones-la-cuarentena\\\/\"]}]},{\"@type\":\"ImageObject\",\"inLanguage\":\"es\",\"@id\":\"https:\\\/\\\/diariotextual.com\\\/inicio\\\/index.php\\\/2020\\\/04\\\/13\\\/intendentes-pampeanos-no-plantearon-excepciones-la-cuarentena\\\/#primaryimage\",\"url\":\"https:\\\/\\\/diariotextual.com\\\/inicio\\\/wp-content\\\/uploads\\\/2020\\\/03\\\/ziliottovideoconferenciaintendentes.jpg\",\"contentUrl\":\"https:\\\/\\\/diariotextual.com\\\/inicio\\\/wp-content\\\/uploads\\\/2020\\\/03\\\/ziliottovideoconferenciaintendentes.jpg\",\"width\":960,\"height\":640},{\"@type\":\"BreadcrumbList\",\"@id\":\"https:\\\/\\\/diariotextual.com\\\/inicio\\\/index.php\\\/2020\\\/04\\\/13\\\/intendentes-pampeanos-no-plantearon-excepciones-la-cuarentena\\\/#breadcrumb\",\"itemListElement\":[{\"@type\":\"ListItem\",\"position\":1,\"name\":\"Portada\",\"item\":\"https:\\\/\\\/diariotextual.com\\\/inicio\\\/\"},{\"@type\":\"ListItem\",\"position\":2,\"name\":\"Los intendentes pampeanos no plantearon m\u00e1s excepciones a la cuarentena\"}]},{\"@type\":\"WebSite\",\"@id\":\"https:\\\/\\\/diariotextual.com\\\/inicio\\\/#website\",\"url\":\"https:\\\/\\\/diariotextual.com\\\/inicio\\\/\",\"name\":\"Diario Textual\",\"description\":\"\",\"publisher\":{\"@id\":\"https:\\\/\\\/diariotextual.com\\\/inicio\\\/#organization\"},\"potentialAction\":[{\"@type\":\"SearchAction\",\"target\":{\"@type\":\"EntryPoint\",\"urlTemplate\":\"https:\\\/\\\/diariotextual.com\\\/inicio\\\/?s={search_term_string}\"},\"query-input\":{\"@type\":\"PropertyValueSpecification\",\"valueRequired\":true,\"valueName\":\"search_term_string\"}}],\"inLanguage\":\"es\"},{\"@type\":\"Organization\",\"@id\":\"https:\\\/\\\/diariotextual.com\\\/inicio\\\/#organization\",\"name\":\"Diario Textual\",\"url\":\"https:\\\/\\\/diariotextual.com\\\/inicio\\\/\",\"logo\":{\"@type\":\"ImageObject\",\"inLanguage\":\"es\",\"@id\":\"https:\\\/\\\/diariotextual.com\\\/inicio\\\/#\\\/schema\\\/logo\\\/image\\\/\",\"url\":\"https:\\\/\\\/diariotextual.com\\\/inicio\\\/wp-content\\\/uploads\\\/2023\\\/05\\\/logotextual1.jpg\",\"contentUrl\":\"https:\\\/\\\/diariotextual.com\\\/inicio\\\/wp-content\\\/uploads\\\/2023\\\/05\\\/logotextual1.jpg\",\"width\":516,\"height\":76,\"caption\":\"Diario Textual\"},\"image\":{\"@id\":\"https:\\\/\\\/diariotextual.com\\\/inicio\\\/#\\\/schema\\\/logo\\\/image\\\/\"},\"sameAs\":[\"https:\\\/\\\/www.facebook.com\\\/eltextual\",\"https:\\\/\\\/x.com\\\/eltextual\",\"http:\\\/\\\/www.instagram.com\\\/eltextual\"]},{\"@type\":\"Person\",\"@id\":\"https:\\\/\\\/diariotextual.com\\\/inicio\\\/#\\\/schema\\\/person\\\/a1b6f563e0ee944c60f98119389a4d9f\",\"name\":\"diario3\",\"image\":{\"@type\":\"ImageObject\",\"inLanguage\":\"es\",\"@id\":\"https:\\\/\\\/secure.gravatar.com\\\/avatar\\\/5e7ee62c82fc04d9dd79d746a390d93c69c43223e5faeeb3ea9461ef752bfc5d?s=96&d=mm&r=g\",\"url\":\"https:\\\/\\\/secure.gravatar.com\\\/avatar\\\/5e7ee62c82fc04d9dd79d746a390d93c69c43223e5faeeb3ea9461ef752bfc5d?s=96&d=mm&r=g\",\"contentUrl\":\"https:\\\/\\\/secure.gravatar.com\\\/avatar\\\/5e7ee62c82fc04d9dd79d746a390d93c69c43223e5faeeb3ea9461ef752bfc5d?s=96&d=mm&r=g\",\"caption\":\"diario3\"},\"url\":\"https:\\\/\\\/diariotextual.com\\\/inicio\\\/index.php\\\/author\\\/diario3\\\/\"}]}<\/script>\n<!-- \/ Yoast SEO plugin. -->","yoast_head_json":{"title":"Los intendentes pampeanos no plantearon m\u00e1s excepciones a la cuarentena - Diario Textual","robots":{"index":"index","follow":"follow","max-snippet":"max-snippet:-1","max-image-preview":"max-image-preview:large","max-video-preview":"max-video-preview:-1"},"canonical":"https:\/\/diariotextual.com\/inicio\/index.php\/2020\/04\/13\/intendentes-pampeanos-no-plantearon-excepciones-la-cuarentena\/","og_locale":"es_ES","og_type":"article","og_title":"Los intendentes pampeanos no plantearon m\u00e1s excepciones a la cuarentena - Diario Textual","og_description":"Ninguno de los 79 municipios pampeanos plante\u00f3 al gobernador Sergio Ziliotto la posibilidad de establecer una cuarentena comunitaria. Todos los jefes comunales acataron la decisi\u00f3n gubernamental y seguir\u00e1n las \u00f3rdenes&hellip;","og_url":"https:\/\/diariotextual.com\/inicio\/index.php\/2020\/04\/13\/intendentes-pampeanos-no-plantearon-excepciones-la-cuarentena\/","og_site_name":"Diario Textual","article_publisher":"https:\/\/www.facebook.com\/eltextual","article_published_time":"2020-04-13T10:00:34+00:00","article_modified_time":"2020-04-13T21:40:41+00:00","og_image":[{"width":960,"height":640,"url":"https:\/\/diariotextual.com\/inicio\/wp-content\/uploads\/2020\/03\/ziliottovideoconferenciaintendentes.jpg","type":"image\/jpeg"}],"author":"diario3","twitter_card":"summary_large_image","twitter_creator":"@eltextual","twitter_site":"@eltextual","twitter_misc":{"Escrito por":"diario3","Tiempo de lectura":"2 minutos"},"schema":{"@context":"https:\/\/schema.org","@graph":[{"@type":"Article","@id":"https:\/\/diariotextual.com\/inicio\/index.php\/2020\/04\/13\/intendentes-pampeanos-no-plantearon-excepciones-la-cuarentena\/#article","isPartOf":{"@id":"https:\/\/diariotextual.com\/inicio\/index.php\/2020\/04\/13\/intendentes-pampeanos-no-plantearon-excepciones-la-cuarentena\/"},"author":{"name":"diario3","@id":"https:\/\/diariotextual.com\/inicio\/#\/schema\/person\/a1b6f563e0ee944c60f98119389a4d9f"},"headline":"Los intendentes pampeanos no plantearon m\u00e1s excepciones a la cuarentena","datePublished":"2020-04-13T10:00:34+00:00","dateModified":"2020-04-13T21:40:41+00:00","mainEntityOfPage":{"@id":"https:\/\/diariotextual.com\/inicio\/index.php\/2020\/04\/13\/intendentes-pampeanos-no-plantearon-excepciones-la-cuarentena\/"},"wordCount":331,"publisher":{"@id":"https:\/\/diariotextual.com\/inicio\/#organization"},"image":{"@id":"https:\/\/diariotextual.com\/inicio\/index.php\/2020\/04\/13\/intendentes-pampeanos-no-plantearon-excepciones-la-cuarentena\/#primaryimage"},"thumbnailUrl":"https:\/\/diariotextual.com\/inicio\/wp-content\/uploads\/2020\/03\/ziliottovideoconferenciaintendentes.jpg","keywords":["coronavirus","cuarentena"],"articleSection":["A - TEMPORALES","POLITICA"],"inLanguage":"es"},{"@type":"WebPage","@id":"https:\/\/diariotextual.com\/inicio\/index.php\/2020\/04\/13\/intendentes-pampeanos-no-plantearon-excepciones-la-cuarentena\/","url":"https:\/\/diariotextual.com\/inicio\/index.php\/2020\/04\/13\/intendentes-pampeanos-no-plantearon-excepciones-la-cuarentena\/","name":"Los intendentes pampeanos no plantearon m\u00e1s excepciones a la cuarentena - Diario Textual","isPartOf":{"@id":"https:\/\/diariotextual.com\/inicio\/#website"},"primaryImageOfPage":{"@id":"https:\/\/diariotextual.com\/inicio\/index.php\/2020\/04\/13\/intendentes-pampeanos-no-plantearon-excepciones-la-cuarentena\/#primaryimage"},"image":{"@id":"https:\/\/diariotextual.com\/inicio\/index.php\/2020\/04\/13\/intendentes-pampeanos-no-plantearon-excepciones-la-cuarentena\/#primaryimage"},"thumbnailUrl":"https:\/\/diariotextual.com\/inicio\/wp-content\/uploads\/2020\/03\/ziliottovideoconferenciaintendentes.jpg","datePublished":"2020-04-13T10:00:34+00:00","dateModified":"2020-04-13T21:40:41+00:00","breadcrumb":{"@id":"https:\/\/diariotextual.com\/inicio\/index.php\/2020\/04\/13\/intendentes-pampeanos-no-plantearon-excepciones-la-cuarentena\/#breadcrumb"},"inLanguage":"es","potentialAction":[{"@type":"ReadAction","target":["https:\/\/diariotextual.com\/inicio\/index.php\/2020\/04\/13\/intendentes-pampeanos-no-plantearon-excepciones-la-cuarentena\/"]}]},{"@type":"ImageObject","inLanguage":"es","@id":"https:\/\/diariotextual.com\/inicio\/index.php\/2020\/04\/13\/intendentes-pampeanos-no-plantearon-excepciones-la-cuarentena\/#primaryimage","url":"https:\/\/diariotextual.com\/inicio\/wp-content\/uploads\/2020\/03\/ziliottovideoconferenciaintendentes.jpg","contentUrl":"https:\/\/diariotextual.com\/inicio\/wp-content\/uploads\/2020\/03\/ziliottovideoconferenciaintendentes.jpg","width":960,"height":640},{"@type":"BreadcrumbList","@id":"https:\/\/diariotextual.com\/inicio\/index.php\/2020\/04\/13\/intendentes-pampeanos-no-plantearon-excepciones-la-cuarentena\/#breadcrumb","itemListElement":[{"@type":"ListItem","position":1,"name":"Portada","item":"https:\/\/diariotextual.com\/inicio\/"},{"@type":"ListItem","position":2,"name":"Los intendentes pampeanos no plantearon m\u00e1s excepciones a la cuarentena"}]},{"@type":"WebSite","@id":"https:\/\/diariotextual.com\/inicio\/#website","url":"https:\/\/diariotextual.com\/inicio\/","name":"Diario Textual","description":"","publisher":{"@id":"https:\/\/diariotextual.com\/inicio\/#organization"},"potentialAction":[{"@type":"SearchAction","target":{"@type":"EntryPoint","urlTemplate":"https:\/\/diariotextual.com\/inicio\/?s={search_term_string}"},"query-input":{"@type":"PropertyValueSpecification","valueRequired":true,"valueName":"search_term_string"}}],"inLanguage":"es"},{"@type":"Organization","@id":"https:\/\/diariotextual.com\/inicio\/#organization","name":"Diario Textual","url":"https:\/\/diariotextual.com\/inicio\/","logo":{"@type":"ImageObject","inLanguage":"es","@id":"https:\/\/diariotextual.com\/inicio\/#\/schema\/logo\/image\/","url":"https:\/\/diariotextual.com\/inicio\/wp-content\/uploads\/2023\/05\/logotextual1.jpg","contentUrl":"https:\/\/diariotextual.com\/inicio\/wp-content\/uploads\/2023\/05\/logotextual1.jpg","width":516,"height":76,"caption":"Diario Textual"},"image":{"@id":"https:\/\/diariotextual.com\/inicio\/#\/schema\/logo\/image\/"},"sameAs":["https:\/\/www.facebook.com\/eltextual","https:\/\/x.com\/eltextual","http:\/\/www.instagram.com\/eltextual"]},{"@type":"Person","@id":"https:\/\/diariotextual.com\/inicio\/#\/schema\/person\/a1b6f563e0ee944c60f98119389a4d9f","name":"diario3","image":{"@type":"ImageObject","inLanguage":"es","@id":"https:\/\/secure.gravatar.com\/avatar\/5e7ee62c82fc04d9dd79d746a390d93c69c43223e5faeeb3ea9461ef752bfc5d?s=96&d=mm&r=g","url":"https:\/\/secure.gravatar.com\/avatar\/5e7ee62c82fc04d9dd79d746a390d93c69c43223e5faeeb3ea9461ef752bfc5d?s=96&d=mm&r=g","contentUrl":"https:\/\/secure.gravatar.com\/avatar\/5e7ee62c82fc04d9dd79d746a390d93c69c43223e5faeeb3ea9461ef752bfc5d?s=96&d=mm&r=g","caption":"diario3"},"url":"https:\/\/diariotextual.com\/inicio\/index.php\/author\/diario3\/"}]}},"_links":{"self":[{"href":"https:\/\/diariotextual.com\/inicio\/index.php\/wp-json\/wp\/v2\/posts\/88931","targetHints":{"allow":["GET"]}}],"collection":[{"href":"https:\/\/diariotextual.com\/inicio\/index.php\/wp-json\/wp\/v2\/posts"}],"about":[{"href":"https:\/\/diariotextual.com\/inicio\/index.php\/wp-json\/wp\/v2\/types\/post"}],"author":[{"embeddable":true,"href":"https:\/\/diariotextual.com\/inicio\/index.php\/wp-json\/wp\/v2\/users\/5"}],"replies":[{"embeddable":true,"href":"https:\/\/diariotextual.com\/inicio\/index.php\/wp-json\/wp\/v2\/comments?post=88931"}],"version-history":[{"count":6,"href":"https:\/\/diariotextual.com\/inicio\/index.php\/wp-json\/wp\/v2\/posts\/88931\/revisions"}],"predecessor-version":[{"id":89018,"href":"https:\/\/diariotextual.com\/inicio\/index.php\/wp-json\/wp\/v2\/posts\/88931\/revisions\/89018"}],"wp:featuredmedia":[{"embeddable":true,"href":"https:\/\/diariotextual.com\/inicio\/index.php\/wp-json\/wp\/v2\/media\/84750"}],"wp:attachment":[{"href":"https:\/\/diariotextual.com\/inicio\/index.php\/wp-json\/wp\/v2\/media?parent=88931"}],"wp:term":[{"taxonomy":"category","embeddable":true,"href":"https:\/\/diariotextual.com\/inicio\/index.php\/wp-json\/wp\/v2\/categories?post=88931"},{"taxonomy":"post_tag","embeddable":true,"href":"https:\/\/diariotextual.com\/inicio\/index.php\/wp-json\/wp\/v2\/tags?post=88931"}],"curies":[{"name":"wp","href":"https:\/\/api.w.org\/{rel}","templated":true}]}}