{"id":88964,"date":"2020-04-12T20:45:05","date_gmt":"2020-04-12T23:45:05","guid":{"rendered":"http:\/\/diariotextual.com\/inicio\/?p=88964"},"modified":"2020-04-13T08:59:33","modified_gmt":"2020-04-13T11:59:33","slug":"casa-gobierno-prepara-los-detalles-la-ayuda-sectores-independientes","status":"publish","type":"post","link":"https:\/\/diariotextual.com\/inicio\/index.php\/2020\/04\/12\/casa-gobierno-prepara-los-detalles-la-ayuda-sectores-independientes\/","title":{"rendered":"Casa de Gobierno prepara los detalles de la ayuda a sectores independientes"},"content":{"rendered":"<p>El gobernador<strong> Sergio Ziliotto<\/strong> anunci\u00f3 el s\u00e1bado, dentro de un comunicado de prensa, que<a href=\"http:\/\/diariotextual.com\/inicio\/index.php\/2020\/04\/11\/ziliotto-anuncio-dara-asistencia-economica-trabajadores-independientes\/\" target=\"_blank\" rel=\"noopener\"> <strong>habr\u00e1 ayuda econ\u00f3mica a \u00absectores independientes\u00bb<\/strong><\/a> afectados por la<strong> cuarentena obligatoria<\/strong>.<\/p>\n<p><strong>No dio ning\u00fan detalle<\/strong>. Los datos de c\u00f3mo se implementar\u00e1 el auxilio se manejan en un reducido grupo de funcionarios y, seg\u00fan trascendi\u00f3, reci\u00e9n se comenzar\u00eda a tener novedades en la semana. Posiblemente este lunes, pudo saber<strong> Diario Textual<\/strong>.<\/p>\n<p>Hay una<strong> fuerte presi\u00f3n de sectores independientes<\/strong> -como trabajadores monotributistas y comerciantes-: <strong>desde hace un mes no tienen ning\u00fan ingreso econ\u00f3mico y han quedado afuera de los bonos y otras ayudas estatales<\/strong>.<\/p>\n<p>La situaci\u00f3n, en ciertos casos, es<strong> desesperante<\/strong>. Hay comerciantes de Santa Rosa que, por lo pronto, iniciaron una protesta: <a href=\"http:\/\/diariotextual.com\/inicio\/index.php\/2020\/04\/12\/comerciantes-protestan-este-lunes-empapelan-locales-encienden-alarmas\/\" target=\"_blank\" rel=\"noopener\"><strong>empapelaron locales, con carteles que dicen \u00abAuxilio Ya\u00bb<\/strong><\/a>.<\/p>\n<p>Entre los comerciantes hay diferentes posturas: <strong>algunos piden autorizaciones para reabrir, en tanto que otros solicitan que sigan cerrados los negocios pero que haya ayuda econ\u00f3mica del Estado.<\/strong><\/p>\n<p>Los comerciantes podr\u00edan ser recibidos este lunes por funcionarios de Casa de Gobierno. Incluso, se especula, por el propio Ziliotto.<\/p>\n<p>Tambi\u00e9n es complicada la situaci\u00f3n de profesionales que no pueden ejercer su trabajo. <strong>Estudios jur\u00eddicos y contables est\u00e1n cerrados.<\/strong><\/p>\n<blockquote class=\"wp-embedded-content\" data-secret=\"FXdn9B6qAo\"><p><a href=\"http:\/\/diariotextual.com\/inicio\/index.php\/2020\/04\/12\/sappa-abogados-estan-complicados-sostener-dia-dia-estudios\/\">Sappa: \u00abHay abogados que est\u00e1n muy complicados para sostener el d\u00eda a d\u00eda de sus estudios\u00bb<\/a><\/p><\/blockquote>\n<p><iframe class=\"wp-embedded-content\" sandbox=\"allow-scripts\" security=\"restricted\" style=\"position: absolute; clip: rect(1px, 1px, 1px, 1px);\" src=\"http:\/\/diariotextual.com\/inicio\/index.php\/2020\/04\/12\/sappa-abogados-estan-complicados-sostener-dia-dia-estudios\/embed\/#?secret=FXdn9B6qAo\" data-secret=\"FXdn9B6qAo\" width=\"600\" height=\"338\" title=\"&#171;Sappa: \u00abHay abogados que est\u00e1n muy complicados para sostener el d\u00eda a d\u00eda de sus estudios\u00bb&#187; &#8212; Diario Textual\" frameborder=\"0\" marginwidth=\"0\" marginheight=\"0\" scrolling=\"no\"><\/iframe><\/p>\n<p>&nbsp;<\/p>\n<p><strong>Sin mayores excepciones<\/strong><\/p>\n<p>Ninguno de los 79 municipios pampeanos plante\u00f3 al gobernador Ziliotto\u00a0la posibilidad de establecer una\u00a0cuarentena comunitaria. Todos los jefes comunales acataron la decisi\u00f3n gubernamental y seguir\u00e1n las \u00f3rdenes de Provincia.<\/p>\n<p>La informaci\u00f3n fue confirmada a Diario Textual por fuentes del Ministerio de Seguridad. \u201cNing\u00fan intendente elev\u00f3, por ejemplo, la propuesta de establecer en su municipio la cuarentena comunitaria\u201d, se remarc\u00f3. \u00abNo por ahora\u00bb.<\/p>\n<p>El viernes, el presidente Alberto Fern\u00e1ndez, al anunciar la extensi\u00f3n del aislamiento social, preventivo y obligatorio hasta el domingo 26 de abril, dijo que tambi\u00e9n se pod\u00eda evaluar caso por caso, de comunidades peque\u00f1as y aisladas, y cuyos habitantes pod\u00edan circular pero sin salir del lugar.<\/p>\n<p>Ziliotto dijo que seguir\u00e1 los lineamientos del presidente y que, por eso, no establecer\u00e1 m\u00e1s excepciones que las dispuestas por Casa Rosada.<\/p>\n<p>&nbsp;<\/p>\n<p><strong>Por DNI para cruzar el puente<\/strong><\/p>\n<p>El intendente de\u00a0La Adela,\u00a0Juan Barrionuevo, dispuso a trav\u00e9s de la\u00a0Resoluci\u00f3n Municipal N\u00b0 71\/20, una serie de medidas con el fin de prevenir la transmisi\u00f3n del Covid-19. Entre ellas,\u00a0para hacer compras en la vecina R\u00edo Colorado (R\u00edo Negro), donde ya hay dos casos del nuevo virus, se autoriza seg\u00fan \u00faltimos n\u00fameros del DNI y solo dos veces a la semana.<\/p>\n<p>Seg\u00fan el art\u00edculo 1 de esa resoluci\u00f3n, podr\u00e1n cruzar el puente los lunes y jueves hacia la localidad de R\u00edo Colorado para realizar compras de vivieres, art\u00edculos de limpieza y\/o art\u00edculos de primera necesidad.<\/p>\n<blockquote class=\"wp-embedded-content\" data-secret=\"IqeJx2gH9R\"><p><a href=\"http:\/\/diariotextual.com\/inicio\/index.php\/2020\/04\/12\/comerciantes-protestan-este-lunes-empapelan-locales-encienden-alarmas\/\">Cuarentena: comerciantes de Santa Rosa empapelan locales y encienden alarmas<\/a><\/p><\/blockquote>\n<p><iframe class=\"wp-embedded-content\" sandbox=\"allow-scripts\" security=\"restricted\" style=\"position: absolute; clip: rect(1px, 1px, 1px, 1px);\" src=\"http:\/\/diariotextual.com\/inicio\/index.php\/2020\/04\/12\/comerciantes-protestan-este-lunes-empapelan-locales-encienden-alarmas\/embed\/#?secret=IqeJx2gH9R\" data-secret=\"IqeJx2gH9R\" width=\"600\" height=\"338\" title=\"&#171;Cuarentena: comerciantes de Santa Rosa empapelan locales y encienden alarmas&#187; &#8212; Diario Textual\" frameborder=\"0\" marginwidth=\"0\" marginheight=\"0\" scrolling=\"no\"><\/iframe><\/p>\n<p>&nbsp;<\/p>\n","protected":false},"excerpt":{"rendered":"<p>El gobernador Sergio Ziliotto anunci\u00f3 el s\u00e1bado, dentro de un comunicado de prensa, que habr\u00e1 ayuda econ\u00f3mica a \u00absectores independientes\u00bb afectados por la cuarentena obligatoria. No dio ning\u00fan detalle. Los&hellip;<\/p>\n","protected":false},"author":3,"featured_media":83726,"comment_status":"closed","ping_status":"open","sticky":false,"template":"","format":"standard","meta":{"_acf_changed":false,"footnotes":""},"categories":[11,5],"tags":[],"class_list":["post-88964","post","type-post","status-publish","format-standard","has-post-thumbnail","hentry","category-que-pasa","category-economia"],"acf":[],"yoast_head":"<!-- This site is optimized with the Yoast SEO plugin v27.5 - https:\/\/yoast.com\/product\/yoast-seo-wordpress\/ -->\n<title>Casa de Gobierno prepara los detalles de la ayuda a sectores independientes - Diario Textual<\/title>\n<meta name=\"robots\" content=\"index, follow, max-snippet:-1, max-image-preview:large, max-video-preview:-1\" \/>\n<link rel=\"canonical\" href=\"https:\/\/diariotextual.com\/inicio\/index.php\/2020\/04\/12\/casa-gobierno-prepara-los-detalles-la-ayuda-sectores-independientes\/\" \/>\n<meta property=\"og:locale\" content=\"es_ES\" \/>\n<meta property=\"og:type\" content=\"article\" \/>\n<meta property=\"og:title\" content=\"Casa de Gobierno prepara los detalles de la ayuda a sectores independientes - Diario Textual\" \/>\n<meta property=\"og:description\" content=\"El gobernador Sergio Ziliotto anunci\u00f3 el s\u00e1bado, dentro de un comunicado de prensa, que habr\u00e1 ayuda econ\u00f3mica a \u00absectores independientes\u00bb afectados por la cuarentena obligatoria. No dio ning\u00fan detalle. Los&hellip;\" \/>\n<meta property=\"og:url\" content=\"https:\/\/diariotextual.com\/inicio\/index.php\/2020\/04\/12\/casa-gobierno-prepara-los-detalles-la-ayuda-sectores-independientes\/\" \/>\n<meta property=\"og:site_name\" content=\"Diario Textual\" \/>\n<meta property=\"article:publisher\" content=\"https:\/\/www.facebook.com\/eltextual\" \/>\n<meta property=\"article:published_time\" content=\"2020-04-12T23:45:05+00:00\" \/>\n<meta property=\"article:modified_time\" content=\"2020-04-13T11:59:33+00:00\" \/>\n<meta property=\"og:image\" content=\"https:\/\/diariotextual.com\/inicio\/wp-content\/uploads\/2020\/03\/casadegobiernolapamp2020-300-1.jpg\" \/>\n\t<meta property=\"og:image:width\" content=\"1015\" \/>\n\t<meta property=\"og:image:height\" content=\"699\" \/>\n\t<meta property=\"og:image:type\" content=\"image\/jpeg\" \/>\n<meta name=\"author\" content=\"Diario1 Diario1\" \/>\n<meta name=\"twitter:card\" content=\"summary_large_image\" \/>\n<meta name=\"twitter:creator\" content=\"@eltextual\" \/>\n<meta name=\"twitter:site\" content=\"@eltextual\" \/>\n<meta name=\"twitter:label1\" content=\"Escrito por\" \/>\n\t<meta name=\"twitter:data1\" content=\"Diario1 Diario1\" \/>\n\t<meta name=\"twitter:label2\" content=\"Tiempo de lectura\" \/>\n\t<meta name=\"twitter:data2\" content=\"2 minutos\" \/>\n<script type=\"application\/ld+json\" class=\"yoast-schema-graph\">{\"@context\":\"https:\\\/\\\/schema.org\",\"@graph\":[{\"@type\":\"Article\",\"@id\":\"https:\\\/\\\/diariotextual.com\\\/inicio\\\/index.php\\\/2020\\\/04\\\/12\\\/casa-gobierno-prepara-los-detalles-la-ayuda-sectores-independientes\\\/#article\",\"isPartOf\":{\"@id\":\"https:\\\/\\\/diariotextual.com\\\/inicio\\\/index.php\\\/2020\\\/04\\\/12\\\/casa-gobierno-prepara-los-detalles-la-ayuda-sectores-independientes\\\/\"},\"author\":{\"name\":\"Diario1 Diario1\",\"@id\":\"https:\\\/\\\/diariotextual.com\\\/inicio\\\/#\\\/schema\\\/person\\\/418fc4093c33e86ed41562db3508f958\"},\"headline\":\"Casa de Gobierno prepara los detalles de la ayuda a sectores independientes\",\"datePublished\":\"2020-04-12T23:45:05+00:00\",\"dateModified\":\"2020-04-13T11:59:33+00:00\",\"mainEntityOfPage\":{\"@id\":\"https:\\\/\\\/diariotextual.com\\\/inicio\\\/index.php\\\/2020\\\/04\\\/12\\\/casa-gobierno-prepara-los-detalles-la-ayuda-sectores-independientes\\\/\"},\"wordCount\":496,\"publisher\":{\"@id\":\"https:\\\/\\\/diariotextual.com\\\/inicio\\\/#organization\"},\"image\":{\"@id\":\"https:\\\/\\\/diariotextual.com\\\/inicio\\\/index.php\\\/2020\\\/04\\\/12\\\/casa-gobierno-prepara-los-detalles-la-ayuda-sectores-independientes\\\/#primaryimage\"},\"thumbnailUrl\":\"https:\\\/\\\/diariotextual.com\\\/inicio\\\/wp-content\\\/uploads\\\/2020\\\/03\\\/casadegobiernolapamp2020-300-1.jpg\",\"articleSection\":[\"A - QUE PASA (al costado)\",\"ECONOMIA\"],\"inLanguage\":\"es\"},{\"@type\":\"WebPage\",\"@id\":\"https:\\\/\\\/diariotextual.com\\\/inicio\\\/index.php\\\/2020\\\/04\\\/12\\\/casa-gobierno-prepara-los-detalles-la-ayuda-sectores-independientes\\\/\",\"url\":\"https:\\\/\\\/diariotextual.com\\\/inicio\\\/index.php\\\/2020\\\/04\\\/12\\\/casa-gobierno-prepara-los-detalles-la-ayuda-sectores-independientes\\\/\",\"name\":\"Casa de Gobierno prepara los detalles de la ayuda a sectores independientes - Diario Textual\",\"isPartOf\":{\"@id\":\"https:\\\/\\\/diariotextual.com\\\/inicio\\\/#website\"},\"primaryImageOfPage\":{\"@id\":\"https:\\\/\\\/diariotextual.com\\\/inicio\\\/index.php\\\/2020\\\/04\\\/12\\\/casa-gobierno-prepara-los-detalles-la-ayuda-sectores-independientes\\\/#primaryimage\"},\"image\":{\"@id\":\"https:\\\/\\\/diariotextual.com\\\/inicio\\\/index.php\\\/2020\\\/04\\\/12\\\/casa-gobierno-prepara-los-detalles-la-ayuda-sectores-independientes\\\/#primaryimage\"},\"thumbnailUrl\":\"https:\\\/\\\/diariotextual.com\\\/inicio\\\/wp-content\\\/uploads\\\/2020\\\/03\\\/casadegobiernolapamp2020-300-1.jpg\",\"datePublished\":\"2020-04-12T23:45:05+00:00\",\"dateModified\":\"2020-04-13T11:59:33+00:00\",\"breadcrumb\":{\"@id\":\"https:\\\/\\\/diariotextual.com\\\/inicio\\\/index.php\\\/2020\\\/04\\\/12\\\/casa-gobierno-prepara-los-detalles-la-ayuda-sectores-independientes\\\/#breadcrumb\"},\"inLanguage\":\"es\",\"potentialAction\":[{\"@type\":\"ReadAction\",\"target\":[\"https:\\\/\\\/diariotextual.com\\\/inicio\\\/index.php\\\/2020\\\/04\\\/12\\\/casa-gobierno-prepara-los-detalles-la-ayuda-sectores-independientes\\\/\"]}]},{\"@type\":\"ImageObject\",\"inLanguage\":\"es\",\"@id\":\"https:\\\/\\\/diariotextual.com\\\/inicio\\\/index.php\\\/2020\\\/04\\\/12\\\/casa-gobierno-prepara-los-detalles-la-ayuda-sectores-independientes\\\/#primaryimage\",\"url\":\"https:\\\/\\\/diariotextual.com\\\/inicio\\\/wp-content\\\/uploads\\\/2020\\\/03\\\/casadegobiernolapamp2020-300-1.jpg\",\"contentUrl\":\"https:\\\/\\\/diariotextual.com\\\/inicio\\\/wp-content\\\/uploads\\\/2020\\\/03\\\/casadegobiernolapamp2020-300-1.jpg\",\"width\":1015,\"height\":699},{\"@type\":\"BreadcrumbList\",\"@id\":\"https:\\\/\\\/diariotextual.com\\\/inicio\\\/index.php\\\/2020\\\/04\\\/12\\\/casa-gobierno-prepara-los-detalles-la-ayuda-sectores-independientes\\\/#breadcrumb\",\"itemListElement\":[{\"@type\":\"ListItem\",\"position\":1,\"name\":\"Portada\",\"item\":\"https:\\\/\\\/diariotextual.com\\\/inicio\\\/\"},{\"@type\":\"ListItem\",\"position\":2,\"name\":\"Casa de Gobierno prepara los detalles de la ayuda a sectores independientes\"}]},{\"@type\":\"WebSite\",\"@id\":\"https:\\\/\\\/diariotextual.com\\\/inicio\\\/#website\",\"url\":\"https:\\\/\\\/diariotextual.com\\\/inicio\\\/\",\"name\":\"Diario Textual\",\"description\":\"\",\"publisher\":{\"@id\":\"https:\\\/\\\/diariotextual.com\\\/inicio\\\/#organization\"},\"potentialAction\":[{\"@type\":\"SearchAction\",\"target\":{\"@type\":\"EntryPoint\",\"urlTemplate\":\"https:\\\/\\\/diariotextual.com\\\/inicio\\\/?s={search_term_string}\"},\"query-input\":{\"@type\":\"PropertyValueSpecification\",\"valueRequired\":true,\"valueName\":\"search_term_string\"}}],\"inLanguage\":\"es\"},{\"@type\":\"Organization\",\"@id\":\"https:\\\/\\\/diariotextual.com\\\/inicio\\\/#organization\",\"name\":\"Diario Textual\",\"url\":\"https:\\\/\\\/diariotextual.com\\\/inicio\\\/\",\"logo\":{\"@type\":\"ImageObject\",\"inLanguage\":\"es\",\"@id\":\"https:\\\/\\\/diariotextual.com\\\/inicio\\\/#\\\/schema\\\/logo\\\/image\\\/\",\"url\":\"https:\\\/\\\/diariotextual.com\\\/inicio\\\/wp-content\\\/uploads\\\/2023\\\/05\\\/logotextual1.jpg\",\"contentUrl\":\"https:\\\/\\\/diariotextual.com\\\/inicio\\\/wp-content\\\/uploads\\\/2023\\\/05\\\/logotextual1.jpg\",\"width\":516,\"height\":76,\"caption\":\"Diario Textual\"},\"image\":{\"@id\":\"https:\\\/\\\/diariotextual.com\\\/inicio\\\/#\\\/schema\\\/logo\\\/image\\\/\"},\"sameAs\":[\"https:\\\/\\\/www.facebook.com\\\/eltextual\",\"https:\\\/\\\/x.com\\\/eltextual\",\"http:\\\/\\\/www.instagram.com\\\/eltextual\"]},{\"@type\":\"Person\",\"@id\":\"https:\\\/\\\/diariotextual.com\\\/inicio\\\/#\\\/schema\\\/person\\\/418fc4093c33e86ed41562db3508f958\",\"name\":\"Diario1 Diario1\",\"image\":{\"@type\":\"ImageObject\",\"inLanguage\":\"es\",\"@id\":\"https:\\\/\\\/secure.gravatar.com\\\/avatar\\\/9167d280179c85bc18be67aa7eda765854300033af4896dd779b608640f2ef7a?s=96&d=mm&r=g\",\"url\":\"https:\\\/\\\/secure.gravatar.com\\\/avatar\\\/9167d280179c85bc18be67aa7eda765854300033af4896dd779b608640f2ef7a?s=96&d=mm&r=g\",\"contentUrl\":\"https:\\\/\\\/secure.gravatar.com\\\/avatar\\\/9167d280179c85bc18be67aa7eda765854300033af4896dd779b608640f2ef7a?s=96&d=mm&r=g\",\"caption\":\"Diario1 Diario1\"},\"url\":\"https:\\\/\\\/diariotextual.com\\\/inicio\\\/index.php\\\/author\\\/diario1\\\/\"}]}<\/script>\n<!-- \/ Yoast SEO plugin. -->","yoast_head_json":{"title":"Casa de Gobierno prepara los detalles de la ayuda a sectores independientes - Diario Textual","robots":{"index":"index","follow":"follow","max-snippet":"max-snippet:-1","max-image-preview":"max-image-preview:large","max-video-preview":"max-video-preview:-1"},"canonical":"https:\/\/diariotextual.com\/inicio\/index.php\/2020\/04\/12\/casa-gobierno-prepara-los-detalles-la-ayuda-sectores-independientes\/","og_locale":"es_ES","og_type":"article","og_title":"Casa de Gobierno prepara los detalles de la ayuda a sectores independientes - Diario Textual","og_description":"El gobernador Sergio Ziliotto anunci\u00f3 el s\u00e1bado, dentro de un comunicado de prensa, que habr\u00e1 ayuda econ\u00f3mica a \u00absectores independientes\u00bb afectados por la cuarentena obligatoria. No dio ning\u00fan detalle. Los&hellip;","og_url":"https:\/\/diariotextual.com\/inicio\/index.php\/2020\/04\/12\/casa-gobierno-prepara-los-detalles-la-ayuda-sectores-independientes\/","og_site_name":"Diario Textual","article_publisher":"https:\/\/www.facebook.com\/eltextual","article_published_time":"2020-04-12T23:45:05+00:00","article_modified_time":"2020-04-13T11:59:33+00:00","og_image":[{"width":1015,"height":699,"url":"https:\/\/diariotextual.com\/inicio\/wp-content\/uploads\/2020\/03\/casadegobiernolapamp2020-300-1.jpg","type":"image\/jpeg"}],"author":"Diario1 Diario1","twitter_card":"summary_large_image","twitter_creator":"@eltextual","twitter_site":"@eltextual","twitter_misc":{"Escrito por":"Diario1 Diario1","Tiempo de lectura":"2 minutos"},"schema":{"@context":"https:\/\/schema.org","@graph":[{"@type":"Article","@id":"https:\/\/diariotextual.com\/inicio\/index.php\/2020\/04\/12\/casa-gobierno-prepara-los-detalles-la-ayuda-sectores-independientes\/#article","isPartOf":{"@id":"https:\/\/diariotextual.com\/inicio\/index.php\/2020\/04\/12\/casa-gobierno-prepara-los-detalles-la-ayuda-sectores-independientes\/"},"author":{"name":"Diario1 Diario1","@id":"https:\/\/diariotextual.com\/inicio\/#\/schema\/person\/418fc4093c33e86ed41562db3508f958"},"headline":"Casa de Gobierno prepara los detalles de la ayuda a sectores independientes","datePublished":"2020-04-12T23:45:05+00:00","dateModified":"2020-04-13T11:59:33+00:00","mainEntityOfPage":{"@id":"https:\/\/diariotextual.com\/inicio\/index.php\/2020\/04\/12\/casa-gobierno-prepara-los-detalles-la-ayuda-sectores-independientes\/"},"wordCount":496,"publisher":{"@id":"https:\/\/diariotextual.com\/inicio\/#organization"},"image":{"@id":"https:\/\/diariotextual.com\/inicio\/index.php\/2020\/04\/12\/casa-gobierno-prepara-los-detalles-la-ayuda-sectores-independientes\/#primaryimage"},"thumbnailUrl":"https:\/\/diariotextual.com\/inicio\/wp-content\/uploads\/2020\/03\/casadegobiernolapamp2020-300-1.jpg","articleSection":["A - QUE PASA (al costado)","ECONOMIA"],"inLanguage":"es"},{"@type":"WebPage","@id":"https:\/\/diariotextual.com\/inicio\/index.php\/2020\/04\/12\/casa-gobierno-prepara-los-detalles-la-ayuda-sectores-independientes\/","url":"https:\/\/diariotextual.com\/inicio\/index.php\/2020\/04\/12\/casa-gobierno-prepara-los-detalles-la-ayuda-sectores-independientes\/","name":"Casa de Gobierno prepara los detalles de la ayuda a sectores independientes - Diario Textual","isPartOf":{"@id":"https:\/\/diariotextual.com\/inicio\/#website"},"primaryImageOfPage":{"@id":"https:\/\/diariotextual.com\/inicio\/index.php\/2020\/04\/12\/casa-gobierno-prepara-los-detalles-la-ayuda-sectores-independientes\/#primaryimage"},"image":{"@id":"https:\/\/diariotextual.com\/inicio\/index.php\/2020\/04\/12\/casa-gobierno-prepara-los-detalles-la-ayuda-sectores-independientes\/#primaryimage"},"thumbnailUrl":"https:\/\/diariotextual.com\/inicio\/wp-content\/uploads\/2020\/03\/casadegobiernolapamp2020-300-1.jpg","datePublished":"2020-04-12T23:45:05+00:00","dateModified":"2020-04-13T11:59:33+00:00","breadcrumb":{"@id":"https:\/\/diariotextual.com\/inicio\/index.php\/2020\/04\/12\/casa-gobierno-prepara-los-detalles-la-ayuda-sectores-independientes\/#breadcrumb"},"inLanguage":"es","potentialAction":[{"@type":"ReadAction","target":["https:\/\/diariotextual.com\/inicio\/index.php\/2020\/04\/12\/casa-gobierno-prepara-los-detalles-la-ayuda-sectores-independientes\/"]}]},{"@type":"ImageObject","inLanguage":"es","@id":"https:\/\/diariotextual.com\/inicio\/index.php\/2020\/04\/12\/casa-gobierno-prepara-los-detalles-la-ayuda-sectores-independientes\/#primaryimage","url":"https:\/\/diariotextual.com\/inicio\/wp-content\/uploads\/2020\/03\/casadegobiernolapamp2020-300-1.jpg","contentUrl":"https:\/\/diariotextual.com\/inicio\/wp-content\/uploads\/2020\/03\/casadegobiernolapamp2020-300-1.jpg","width":1015,"height":699},{"@type":"BreadcrumbList","@id":"https:\/\/diariotextual.com\/inicio\/index.php\/2020\/04\/12\/casa-gobierno-prepara-los-detalles-la-ayuda-sectores-independientes\/#breadcrumb","itemListElement":[{"@type":"ListItem","position":1,"name":"Portada","item":"https:\/\/diariotextual.com\/inicio\/"},{"@type":"ListItem","position":2,"name":"Casa de Gobierno prepara los detalles de la ayuda a sectores independientes"}]},{"@type":"WebSite","@id":"https:\/\/diariotextual.com\/inicio\/#website","url":"https:\/\/diariotextual.com\/inicio\/","name":"Diario Textual","description":"","publisher":{"@id":"https:\/\/diariotextual.com\/inicio\/#organization"},"potentialAction":[{"@type":"SearchAction","target":{"@type":"EntryPoint","urlTemplate":"https:\/\/diariotextual.com\/inicio\/?s={search_term_string}"},"query-input":{"@type":"PropertyValueSpecification","valueRequired":true,"valueName":"search_term_string"}}],"inLanguage":"es"},{"@type":"Organization","@id":"https:\/\/diariotextual.com\/inicio\/#organization","name":"Diario Textual","url":"https:\/\/diariotextual.com\/inicio\/","logo":{"@type":"ImageObject","inLanguage":"es","@id":"https:\/\/diariotextual.com\/inicio\/#\/schema\/logo\/image\/","url":"https:\/\/diariotextual.com\/inicio\/wp-content\/uploads\/2023\/05\/logotextual1.jpg","contentUrl":"https:\/\/diariotextual.com\/inicio\/wp-content\/uploads\/2023\/05\/logotextual1.jpg","width":516,"height":76,"caption":"Diario Textual"},"image":{"@id":"https:\/\/diariotextual.com\/inicio\/#\/schema\/logo\/image\/"},"sameAs":["https:\/\/www.facebook.com\/eltextual","https:\/\/x.com\/eltextual","http:\/\/www.instagram.com\/eltextual"]},{"@type":"Person","@id":"https:\/\/diariotextual.com\/inicio\/#\/schema\/person\/418fc4093c33e86ed41562db3508f958","name":"Diario1 Diario1","image":{"@type":"ImageObject","inLanguage":"es","@id":"https:\/\/secure.gravatar.com\/avatar\/9167d280179c85bc18be67aa7eda765854300033af4896dd779b608640f2ef7a?s=96&d=mm&r=g","url":"https:\/\/secure.gravatar.com\/avatar\/9167d280179c85bc18be67aa7eda765854300033af4896dd779b608640f2ef7a?s=96&d=mm&r=g","contentUrl":"https:\/\/secure.gravatar.com\/avatar\/9167d280179c85bc18be67aa7eda765854300033af4896dd779b608640f2ef7a?s=96&d=mm&r=g","caption":"Diario1 Diario1"},"url":"https:\/\/diariotextual.com\/inicio\/index.php\/author\/diario1\/"}]}},"_links":{"self":[{"href":"https:\/\/diariotextual.com\/inicio\/index.php\/wp-json\/wp\/v2\/posts\/88964","targetHints":{"allow":["GET"]}}],"collection":[{"href":"https:\/\/diariotextual.com\/inicio\/index.php\/wp-json\/wp\/v2\/posts"}],"about":[{"href":"https:\/\/diariotextual.com\/inicio\/index.php\/wp-json\/wp\/v2\/types\/post"}],"author":[{"embeddable":true,"href":"https:\/\/diariotextual.com\/inicio\/index.php\/wp-json\/wp\/v2\/users\/3"}],"replies":[{"embeddable":true,"href":"https:\/\/diariotextual.com\/inicio\/index.php\/wp-json\/wp\/v2\/comments?post=88964"}],"version-history":[{"count":5,"href":"https:\/\/diariotextual.com\/inicio\/index.php\/wp-json\/wp\/v2\/posts\/88964\/revisions"}],"predecessor-version":[{"id":88971,"href":"https:\/\/diariotextual.com\/inicio\/index.php\/wp-json\/wp\/v2\/posts\/88964\/revisions\/88971"}],"wp:featuredmedia":[{"embeddable":true,"href":"https:\/\/diariotextual.com\/inicio\/index.php\/wp-json\/wp\/v2\/media\/83726"}],"wp:attachment":[{"href":"https:\/\/diariotextual.com\/inicio\/index.php\/wp-json\/wp\/v2\/media?parent=88964"}],"wp:term":[{"taxonomy":"category","embeddable":true,"href":"https:\/\/diariotextual.com\/inicio\/index.php\/wp-json\/wp\/v2\/categories?post=88964"},{"taxonomy":"post_tag","embeddable":true,"href":"https:\/\/diariotextual.com\/inicio\/index.php\/wp-json\/wp\/v2\/tags?post=88964"}],"curies":[{"name":"wp","href":"https:\/\/api.w.org\/{rel}","templated":true}]}}