{"id":88992,"date":"2020-04-13T17:55:04","date_gmt":"2020-04-13T20:55:04","guid":{"rendered":"http:\/\/diariotextual.com\/inicio\/?p=88992"},"modified":"2020-04-14T10:03:55","modified_gmt":"2020-04-14T13:03:55","slug":"cambio-la-pampa-uso-internet-la-cuarentena","status":"publish","type":"post","link":"https:\/\/diariotextual.com\/inicio\/index.php\/2020\/04\/13\/cambio-la-pampa-uso-internet-la-cuarentena\/","title":{"rendered":"C\u00f3mo cambi\u00f3 en La Pampa el uso de internet con la cuarentena"},"content":{"rendered":"<h3>Por Norberto G. Asquini<\/h3>\n<p>&nbsp;<\/p>\n<p><!--more--><\/p>\n<p>&nbsp;<\/p>\n<p>La<strong> cuarentena obligatoria nos cambi\u00f3 la vida de muchas formas<\/strong>, a las que nos tuvimos que adecuar. Una de ellas,<strong> aislados en nuestras casas, es el consumo que hacemos en internet.<\/strong> Nos hemos vuelto dependientes de los servicios que nos permiten trabajar y aprender desde casa, pero no solo modificamos nuestros h\u00e1bitos digitales en ese sentido.<\/p>\n<p>Ejemplo de los cambios que se est\u00e1n produciendo a nivel mundial lo tenemos en un art\u00edculo del The New York Times. El informe tom\u00f3 el an\u00e1lisis sobre el uso de internet que hicieron SimilarWeb y Apptopia, dos proveedores de datos en l\u00ednea, que revel\u00f3 que los comportamientos de las y los usuarios norteamericanos variaron, a veces de manera contundente, a medida que el virus se propag\u00f3 y empuj\u00f3 a las familias al empleo de los dispositivos para trabajar, jugar y relacionarse online.<\/p>\n<p>Entre esos cambios, Facebook, Netflix y YouTube han visto caer o estancarse los usuarios de sus aplicaciones telef\u00f3nicas, mientras sus sitios web han crecido en audiencia.<strong> Sin posibilidad los usuarios de moverse, los tel\u00e9fonos inteligentes, centrales en la industria de la comunicaci\u00f3n actual, perdieron uso como dispositivos principales para acceder a estos sitios y ahora se prefiere pantallas m\u00e1s grandes.<\/strong><\/p>\n<p>En Argentina, datos de la C\u00e1mara Argentina de Internet (CABASE) indican que durante la cuarentena el tr\u00e1fico de internet creci\u00f3 entre 20 y 25% y el volumen de datos que circula en la infraestructura nacional se increment\u00f3 al doble, cuando en 2019 era de 480 gigabits por segundo.<\/p>\n<p>&nbsp;<\/p>\n<p><strong>Nuevos usos de internet en La Pampa<\/strong><\/p>\n<p>\u00bfC\u00f3mo se traduce esto a nivel local? <strong>En La Pampa, el uso de la fibra \u00f3ptica de Aguas del Colorado se increment\u00f3 el 60%. Ha crecido el consumo de servicios como Netflix y YouTube, tambi\u00e9n las conexiones entre personas a trav\u00e9s de redes sociales como Facebook y en medios de comunicaci\u00f3n social como son las videollamadas por Whatsapp<\/strong>.<\/p>\n<p>A nivel nacional, el uso de Whatsapp creci\u00f3 un 62% con picos del 120% y hasta 180% el d\u00eda que se anunci\u00f3 la cuarentena. Las series y pel\u00edculas y otros streaming aumentaron un 20% y los gaming un 100%.<strong> Los videojuegos tuvieron un incremento repentino en el tr\u00e1fico, mientras que los sitios web de deportes perdieron audiencia frente al parate de las distintas disciplinas y actividades<\/strong>. A nivel redes sociales, y es tendencia mundial, TikTok, la aplicaci\u00f3n m\u00f3vil de peque\u00f1os clips de bromas y sincronizaci\u00f3n de labios, despeg\u00f3 antes del brote de coronavirus y continu\u00f3 con un ascenso constante desde entonces.<\/p>\n<p><strong>Con el distanciamiento social, se buscaron nuevas formas de conectarnos, principalmente a trav\u00e9s del chat de video o videoconferencias.<\/strong> Si bien los sitios de redes sociales tradicionales siguieron creciendo, parece que queremos hacer m\u00e1s que solo conectarnos a trav\u00e9s de mensajes: queremos vernos. Esto hizo emerger aplicaciones que no eran tan masivas. Y sobre todo las aplicadas al \u201cteletrabajo\u201d o home office, aumentando el uso de las videoconferencias en 230%, llegado en el \u00e1mbito nacional Skype al 650% en el tercer d\u00eda de cuarentena y Zoom a m\u00e1s del 430%, seg\u00fan CABASE. Esto se repite en La Pampa.<\/p>\n<p>Con la educaci\u00f3n trasladada a los hogares, crecieron aplicaciones como<strong> Google Classroom<\/strong> para las tareas escolares y aplicaciones como <strong>Zoom y Hangouts de Google para \u201cclases virtuales\u201d o consultas<\/strong>.<\/p>\n<p>&nbsp;<\/p>\n<p><strong>Consumo de medios digitales<\/strong><\/p>\n<p>Tambi\u00e9n frente a la incertidumbre y el bombardeo medi\u00e1tico por la pandemia y sus consecuencias, <strong>hubo un boom de consumo de noticias sobre el coronavirus<\/strong>. Esto es una tendencia mundial. En la competencia entre sitios oficiales veros\u00edmiles tanto en la b\u00fasqueda de medidas de prevenci\u00f3n como de informaci\u00f3n, y las fake news, parecen haber ganado los primeros.<\/p>\n<p><strong>Los mayores beneficiarios de este tr\u00e1fico son los sitios de noticias locales<\/strong>, que tuvieron <strong>grandes saltos en sus audiencias a medida que los usuarios intentan aprender c\u00f3mo la pandemia los est\u00e1 afectando o pueden llegar a sus lugares de residencia<\/strong>. El coronavirus COVID-19, y todo lo que tenga que ver con la pandemia, son el tema universal. Las redes sociales, sobre todo Facebook que es central como herramienta de distribuci\u00f3n de noticias de los medios digitales, han visto incrementarse notablemente el promedio de interacciones (suma de me gusta, comentarios y compartidos). <strong>En el monitoreo de audiencias que desarrollamos como consultores de comunicaci\u00f3n, se observ\u00f3 que sitios como Infopico y Diario Textual, los digitales m\u00e1s consultados, superaron el 100% de su promedio mensual.<\/strong> Sobre todo en los d\u00edas siguientes a que se decretara la cuarentena, que tuvo su pico de tr\u00e1fico durante el fin de semana largo del 21 al 24 de marzo.<\/p>\n<p>En ese sentido, se buscan los medios con m\u00e1s tr\u00e1fico para obtener informaci\u00f3n sobre la crisis de salud y sus consecuencias econ\u00f3micas. A nivel mundial, los sitios web m\u00e1s reconocidos han aumentado el tr\u00e1fico en m\u00e1s del 50 por ciento en el \u00faltimo mes, seg\u00fan SimilarWeb.<\/p>\n<p>&nbsp;<\/p>\n<p>&nbsp;<\/p>\n<p><em><strong>*El autor es periodista, consultor en comunicaci\u00f3n y curs\u00f3 la Especializaci\u00f3n Comunicaci\u00f3n Digital (UNLP)<\/strong><\/em><\/p>\n<p>&nbsp;<\/p>\n<p>&nbsp;<\/p>\n","protected":false},"excerpt":{"rendered":"<p>Por Norberto G. Asquini &nbsp;<\/p>\n","protected":false},"author":3,"featured_media":88994,"comment_status":"closed","ping_status":"open","sticky":false,"template":"","format":"standard","meta":{"_acf_changed":false,"footnotes":""},"categories":[319,12],"tags":[124,2853,2207],"class_list":["post-88992","post","type-post","status-publish","format-standard","has-post-thumbnail","hentry","category-a-temporales","category-sociedad","tag-asquini","tag-cuarentena","tag-medios"],"acf":[],"yoast_head":"<!-- This site is optimized with the Yoast SEO plugin v27.5 - https:\/\/yoast.com\/product\/yoast-seo-wordpress\/ -->\n<title>C\u00f3mo cambi\u00f3 en La Pampa el uso de internet con la cuarentena - Diario Textual<\/title>\n<meta name=\"robots\" content=\"index, follow, max-snippet:-1, max-image-preview:large, max-video-preview:-1\" \/>\n<link rel=\"canonical\" href=\"https:\/\/diariotextual.com\/inicio\/index.php\/2020\/04\/13\/cambio-la-pampa-uso-internet-la-cuarentena\/\" \/>\n<meta property=\"og:locale\" content=\"es_ES\" \/>\n<meta property=\"og:type\" content=\"article\" \/>\n<meta property=\"og:title\" content=\"C\u00f3mo cambi\u00f3 en La Pampa el uso de internet con la cuarentena - Diario Textual\" \/>\n<meta property=\"og:description\" content=\"Por Norberto G. Asquini &nbsp;\" \/>\n<meta property=\"og:url\" content=\"https:\/\/diariotextual.com\/inicio\/index.php\/2020\/04\/13\/cambio-la-pampa-uso-internet-la-cuarentena\/\" \/>\n<meta property=\"og:site_name\" content=\"Diario Textual\" \/>\n<meta property=\"article:publisher\" content=\"https:\/\/www.facebook.com\/eltextual\" \/>\n<meta property=\"article:published_time\" content=\"2020-04-13T20:55:04+00:00\" \/>\n<meta property=\"article:modified_time\" content=\"2020-04-14T13:03:55+00:00\" \/>\n<meta property=\"og:image\" content=\"https:\/\/diariotextual.com\/inicio\/wp-content\/uploads\/2020\/04\/celular-57.jpg\" \/>\n\t<meta property=\"og:image:width\" content=\"814\" \/>\n\t<meta property=\"og:image:height\" content=\"506\" \/>\n\t<meta property=\"og:image:type\" content=\"image\/jpeg\" \/>\n<meta name=\"author\" content=\"Diario1 Diario1\" \/>\n<meta name=\"twitter:card\" content=\"summary_large_image\" \/>\n<meta name=\"twitter:creator\" content=\"@eltextual\" \/>\n<meta name=\"twitter:site\" content=\"@eltextual\" \/>\n<meta name=\"twitter:label1\" content=\"Escrito por\" \/>\n\t<meta name=\"twitter:data1\" content=\"Diario1 Diario1\" \/>\n\t<meta name=\"twitter:label2\" content=\"Tiempo de lectura\" \/>\n\t<meta name=\"twitter:data2\" content=\"4 minutos\" \/>\n<script type=\"application\/ld+json\" class=\"yoast-schema-graph\">{\"@context\":\"https:\\\/\\\/schema.org\",\"@graph\":[{\"@type\":\"Article\",\"@id\":\"https:\\\/\\\/diariotextual.com\\\/inicio\\\/index.php\\\/2020\\\/04\\\/13\\\/cambio-la-pampa-uso-internet-la-cuarentena\\\/#article\",\"isPartOf\":{\"@id\":\"https:\\\/\\\/diariotextual.com\\\/inicio\\\/index.php\\\/2020\\\/04\\\/13\\\/cambio-la-pampa-uso-internet-la-cuarentena\\\/\"},\"author\":{\"name\":\"Diario1 Diario1\",\"@id\":\"https:\\\/\\\/diariotextual.com\\\/inicio\\\/#\\\/schema\\\/person\\\/418fc4093c33e86ed41562db3508f958\"},\"headline\":\"C\u00f3mo cambi\u00f3 en La Pampa el uso de internet con la cuarentena\",\"datePublished\":\"2020-04-13T20:55:04+00:00\",\"dateModified\":\"2020-04-14T13:03:55+00:00\",\"mainEntityOfPage\":{\"@id\":\"https:\\\/\\\/diariotextual.com\\\/inicio\\\/index.php\\\/2020\\\/04\\\/13\\\/cambio-la-pampa-uso-internet-la-cuarentena\\\/\"},\"wordCount\":873,\"publisher\":{\"@id\":\"https:\\\/\\\/diariotextual.com\\\/inicio\\\/#organization\"},\"image\":{\"@id\":\"https:\\\/\\\/diariotextual.com\\\/inicio\\\/index.php\\\/2020\\\/04\\\/13\\\/cambio-la-pampa-uso-internet-la-cuarentena\\\/#primaryimage\"},\"thumbnailUrl\":\"https:\\\/\\\/diariotextual.com\\\/inicio\\\/wp-content\\\/uploads\\\/2020\\\/04\\\/celular-57.jpg\",\"keywords\":[\"asquini\",\"cuarentena\",\"Medios\"],\"articleSection\":[\"A - TEMPORALES\",\"SOCIEDAD\"],\"inLanguage\":\"es\"},{\"@type\":\"WebPage\",\"@id\":\"https:\\\/\\\/diariotextual.com\\\/inicio\\\/index.php\\\/2020\\\/04\\\/13\\\/cambio-la-pampa-uso-internet-la-cuarentena\\\/\",\"url\":\"https:\\\/\\\/diariotextual.com\\\/inicio\\\/index.php\\\/2020\\\/04\\\/13\\\/cambio-la-pampa-uso-internet-la-cuarentena\\\/\",\"name\":\"C\u00f3mo cambi\u00f3 en La Pampa el uso de internet con la cuarentena - Diario Textual\",\"isPartOf\":{\"@id\":\"https:\\\/\\\/diariotextual.com\\\/inicio\\\/#website\"},\"primaryImageOfPage\":{\"@id\":\"https:\\\/\\\/diariotextual.com\\\/inicio\\\/index.php\\\/2020\\\/04\\\/13\\\/cambio-la-pampa-uso-internet-la-cuarentena\\\/#primaryimage\"},\"image\":{\"@id\":\"https:\\\/\\\/diariotextual.com\\\/inicio\\\/index.php\\\/2020\\\/04\\\/13\\\/cambio-la-pampa-uso-internet-la-cuarentena\\\/#primaryimage\"},\"thumbnailUrl\":\"https:\\\/\\\/diariotextual.com\\\/inicio\\\/wp-content\\\/uploads\\\/2020\\\/04\\\/celular-57.jpg\",\"datePublished\":\"2020-04-13T20:55:04+00:00\",\"dateModified\":\"2020-04-14T13:03:55+00:00\",\"breadcrumb\":{\"@id\":\"https:\\\/\\\/diariotextual.com\\\/inicio\\\/index.php\\\/2020\\\/04\\\/13\\\/cambio-la-pampa-uso-internet-la-cuarentena\\\/#breadcrumb\"},\"inLanguage\":\"es\",\"potentialAction\":[{\"@type\":\"ReadAction\",\"target\":[\"https:\\\/\\\/diariotextual.com\\\/inicio\\\/index.php\\\/2020\\\/04\\\/13\\\/cambio-la-pampa-uso-internet-la-cuarentena\\\/\"]}]},{\"@type\":\"ImageObject\",\"inLanguage\":\"es\",\"@id\":\"https:\\\/\\\/diariotextual.com\\\/inicio\\\/index.php\\\/2020\\\/04\\\/13\\\/cambio-la-pampa-uso-internet-la-cuarentena\\\/#primaryimage\",\"url\":\"https:\\\/\\\/diariotextual.com\\\/inicio\\\/wp-content\\\/uploads\\\/2020\\\/04\\\/celular-57.jpg\",\"contentUrl\":\"https:\\\/\\\/diariotextual.com\\\/inicio\\\/wp-content\\\/uploads\\\/2020\\\/04\\\/celular-57.jpg\",\"width\":814,\"height\":506},{\"@type\":\"BreadcrumbList\",\"@id\":\"https:\\\/\\\/diariotextual.com\\\/inicio\\\/index.php\\\/2020\\\/04\\\/13\\\/cambio-la-pampa-uso-internet-la-cuarentena\\\/#breadcrumb\",\"itemListElement\":[{\"@type\":\"ListItem\",\"position\":1,\"name\":\"Portada\",\"item\":\"https:\\\/\\\/diariotextual.com\\\/inicio\\\/\"},{\"@type\":\"ListItem\",\"position\":2,\"name\":\"C\u00f3mo cambi\u00f3 en La Pampa el uso de internet con la cuarentena\"}]},{\"@type\":\"WebSite\",\"@id\":\"https:\\\/\\\/diariotextual.com\\\/inicio\\\/#website\",\"url\":\"https:\\\/\\\/diariotextual.com\\\/inicio\\\/\",\"name\":\"Diario Textual\",\"description\":\"\",\"publisher\":{\"@id\":\"https:\\\/\\\/diariotextual.com\\\/inicio\\\/#organization\"},\"potentialAction\":[{\"@type\":\"SearchAction\",\"target\":{\"@type\":\"EntryPoint\",\"urlTemplate\":\"https:\\\/\\\/diariotextual.com\\\/inicio\\\/?s={search_term_string}\"},\"query-input\":{\"@type\":\"PropertyValueSpecification\",\"valueRequired\":true,\"valueName\":\"search_term_string\"}}],\"inLanguage\":\"es\"},{\"@type\":\"Organization\",\"@id\":\"https:\\\/\\\/diariotextual.com\\\/inicio\\\/#organization\",\"name\":\"Diario Textual\",\"url\":\"https:\\\/\\\/diariotextual.com\\\/inicio\\\/\",\"logo\":{\"@type\":\"ImageObject\",\"inLanguage\":\"es\",\"@id\":\"https:\\\/\\\/diariotextual.com\\\/inicio\\\/#\\\/schema\\\/logo\\\/image\\\/\",\"url\":\"https:\\\/\\\/diariotextual.com\\\/inicio\\\/wp-content\\\/uploads\\\/2023\\\/05\\\/logotextual1.jpg\",\"contentUrl\":\"https:\\\/\\\/diariotextual.com\\\/inicio\\\/wp-content\\\/uploads\\\/2023\\\/05\\\/logotextual1.jpg\",\"width\":516,\"height\":76,\"caption\":\"Diario Textual\"},\"image\":{\"@id\":\"https:\\\/\\\/diariotextual.com\\\/inicio\\\/#\\\/schema\\\/logo\\\/image\\\/\"},\"sameAs\":[\"https:\\\/\\\/www.facebook.com\\\/eltextual\",\"https:\\\/\\\/x.com\\\/eltextual\",\"http:\\\/\\\/www.instagram.com\\\/eltextual\"]},{\"@type\":\"Person\",\"@id\":\"https:\\\/\\\/diariotextual.com\\\/inicio\\\/#\\\/schema\\\/person\\\/418fc4093c33e86ed41562db3508f958\",\"name\":\"Diario1 Diario1\",\"image\":{\"@type\":\"ImageObject\",\"inLanguage\":\"es\",\"@id\":\"https:\\\/\\\/secure.gravatar.com\\\/avatar\\\/9167d280179c85bc18be67aa7eda765854300033af4896dd779b608640f2ef7a?s=96&d=mm&r=g\",\"url\":\"https:\\\/\\\/secure.gravatar.com\\\/avatar\\\/9167d280179c85bc18be67aa7eda765854300033af4896dd779b608640f2ef7a?s=96&d=mm&r=g\",\"contentUrl\":\"https:\\\/\\\/secure.gravatar.com\\\/avatar\\\/9167d280179c85bc18be67aa7eda765854300033af4896dd779b608640f2ef7a?s=96&d=mm&r=g\",\"caption\":\"Diario1 Diario1\"},\"url\":\"https:\\\/\\\/diariotextual.com\\\/inicio\\\/index.php\\\/author\\\/diario1\\\/\"}]}<\/script>\n<!-- \/ Yoast SEO plugin. -->","yoast_head_json":{"title":"C\u00f3mo cambi\u00f3 en La Pampa el uso de internet con la cuarentena - Diario Textual","robots":{"index":"index","follow":"follow","max-snippet":"max-snippet:-1","max-image-preview":"max-image-preview:large","max-video-preview":"max-video-preview:-1"},"canonical":"https:\/\/diariotextual.com\/inicio\/index.php\/2020\/04\/13\/cambio-la-pampa-uso-internet-la-cuarentena\/","og_locale":"es_ES","og_type":"article","og_title":"C\u00f3mo cambi\u00f3 en La Pampa el uso de internet con la cuarentena - Diario Textual","og_description":"Por Norberto G. Asquini &nbsp;","og_url":"https:\/\/diariotextual.com\/inicio\/index.php\/2020\/04\/13\/cambio-la-pampa-uso-internet-la-cuarentena\/","og_site_name":"Diario Textual","article_publisher":"https:\/\/www.facebook.com\/eltextual","article_published_time":"2020-04-13T20:55:04+00:00","article_modified_time":"2020-04-14T13:03:55+00:00","og_image":[{"width":814,"height":506,"url":"https:\/\/diariotextual.com\/inicio\/wp-content\/uploads\/2020\/04\/celular-57.jpg","type":"image\/jpeg"}],"author":"Diario1 Diario1","twitter_card":"summary_large_image","twitter_creator":"@eltextual","twitter_site":"@eltextual","twitter_misc":{"Escrito por":"Diario1 Diario1","Tiempo de lectura":"4 minutos"},"schema":{"@context":"https:\/\/schema.org","@graph":[{"@type":"Article","@id":"https:\/\/diariotextual.com\/inicio\/index.php\/2020\/04\/13\/cambio-la-pampa-uso-internet-la-cuarentena\/#article","isPartOf":{"@id":"https:\/\/diariotextual.com\/inicio\/index.php\/2020\/04\/13\/cambio-la-pampa-uso-internet-la-cuarentena\/"},"author":{"name":"Diario1 Diario1","@id":"https:\/\/diariotextual.com\/inicio\/#\/schema\/person\/418fc4093c33e86ed41562db3508f958"},"headline":"C\u00f3mo cambi\u00f3 en La Pampa el uso de internet con la cuarentena","datePublished":"2020-04-13T20:55:04+00:00","dateModified":"2020-04-14T13:03:55+00:00","mainEntityOfPage":{"@id":"https:\/\/diariotextual.com\/inicio\/index.php\/2020\/04\/13\/cambio-la-pampa-uso-internet-la-cuarentena\/"},"wordCount":873,"publisher":{"@id":"https:\/\/diariotextual.com\/inicio\/#organization"},"image":{"@id":"https:\/\/diariotextual.com\/inicio\/index.php\/2020\/04\/13\/cambio-la-pampa-uso-internet-la-cuarentena\/#primaryimage"},"thumbnailUrl":"https:\/\/diariotextual.com\/inicio\/wp-content\/uploads\/2020\/04\/celular-57.jpg","keywords":["asquini","cuarentena","Medios"],"articleSection":["A - TEMPORALES","SOCIEDAD"],"inLanguage":"es"},{"@type":"WebPage","@id":"https:\/\/diariotextual.com\/inicio\/index.php\/2020\/04\/13\/cambio-la-pampa-uso-internet-la-cuarentena\/","url":"https:\/\/diariotextual.com\/inicio\/index.php\/2020\/04\/13\/cambio-la-pampa-uso-internet-la-cuarentena\/","name":"C\u00f3mo cambi\u00f3 en La Pampa el uso de internet con la cuarentena - Diario Textual","isPartOf":{"@id":"https:\/\/diariotextual.com\/inicio\/#website"},"primaryImageOfPage":{"@id":"https:\/\/diariotextual.com\/inicio\/index.php\/2020\/04\/13\/cambio-la-pampa-uso-internet-la-cuarentena\/#primaryimage"},"image":{"@id":"https:\/\/diariotextual.com\/inicio\/index.php\/2020\/04\/13\/cambio-la-pampa-uso-internet-la-cuarentena\/#primaryimage"},"thumbnailUrl":"https:\/\/diariotextual.com\/inicio\/wp-content\/uploads\/2020\/04\/celular-57.jpg","datePublished":"2020-04-13T20:55:04+00:00","dateModified":"2020-04-14T13:03:55+00:00","breadcrumb":{"@id":"https:\/\/diariotextual.com\/inicio\/index.php\/2020\/04\/13\/cambio-la-pampa-uso-internet-la-cuarentena\/#breadcrumb"},"inLanguage":"es","potentialAction":[{"@type":"ReadAction","target":["https:\/\/diariotextual.com\/inicio\/index.php\/2020\/04\/13\/cambio-la-pampa-uso-internet-la-cuarentena\/"]}]},{"@type":"ImageObject","inLanguage":"es","@id":"https:\/\/diariotextual.com\/inicio\/index.php\/2020\/04\/13\/cambio-la-pampa-uso-internet-la-cuarentena\/#primaryimage","url":"https:\/\/diariotextual.com\/inicio\/wp-content\/uploads\/2020\/04\/celular-57.jpg","contentUrl":"https:\/\/diariotextual.com\/inicio\/wp-content\/uploads\/2020\/04\/celular-57.jpg","width":814,"height":506},{"@type":"BreadcrumbList","@id":"https:\/\/diariotextual.com\/inicio\/index.php\/2020\/04\/13\/cambio-la-pampa-uso-internet-la-cuarentena\/#breadcrumb","itemListElement":[{"@type":"ListItem","position":1,"name":"Portada","item":"https:\/\/diariotextual.com\/inicio\/"},{"@type":"ListItem","position":2,"name":"C\u00f3mo cambi\u00f3 en La Pampa el uso de internet con la cuarentena"}]},{"@type":"WebSite","@id":"https:\/\/diariotextual.com\/inicio\/#website","url":"https:\/\/diariotextual.com\/inicio\/","name":"Diario Textual","description":"","publisher":{"@id":"https:\/\/diariotextual.com\/inicio\/#organization"},"potentialAction":[{"@type":"SearchAction","target":{"@type":"EntryPoint","urlTemplate":"https:\/\/diariotextual.com\/inicio\/?s={search_term_string}"},"query-input":{"@type":"PropertyValueSpecification","valueRequired":true,"valueName":"search_term_string"}}],"inLanguage":"es"},{"@type":"Organization","@id":"https:\/\/diariotextual.com\/inicio\/#organization","name":"Diario Textual","url":"https:\/\/diariotextual.com\/inicio\/","logo":{"@type":"ImageObject","inLanguage":"es","@id":"https:\/\/diariotextual.com\/inicio\/#\/schema\/logo\/image\/","url":"https:\/\/diariotextual.com\/inicio\/wp-content\/uploads\/2023\/05\/logotextual1.jpg","contentUrl":"https:\/\/diariotextual.com\/inicio\/wp-content\/uploads\/2023\/05\/logotextual1.jpg","width":516,"height":76,"caption":"Diario Textual"},"image":{"@id":"https:\/\/diariotextual.com\/inicio\/#\/schema\/logo\/image\/"},"sameAs":["https:\/\/www.facebook.com\/eltextual","https:\/\/x.com\/eltextual","http:\/\/www.instagram.com\/eltextual"]},{"@type":"Person","@id":"https:\/\/diariotextual.com\/inicio\/#\/schema\/person\/418fc4093c33e86ed41562db3508f958","name":"Diario1 Diario1","image":{"@type":"ImageObject","inLanguage":"es","@id":"https:\/\/secure.gravatar.com\/avatar\/9167d280179c85bc18be67aa7eda765854300033af4896dd779b608640f2ef7a?s=96&d=mm&r=g","url":"https:\/\/secure.gravatar.com\/avatar\/9167d280179c85bc18be67aa7eda765854300033af4896dd779b608640f2ef7a?s=96&d=mm&r=g","contentUrl":"https:\/\/secure.gravatar.com\/avatar\/9167d280179c85bc18be67aa7eda765854300033af4896dd779b608640f2ef7a?s=96&d=mm&r=g","caption":"Diario1 Diario1"},"url":"https:\/\/diariotextual.com\/inicio\/index.php\/author\/diario1\/"}]}},"_links":{"self":[{"href":"https:\/\/diariotextual.com\/inicio\/index.php\/wp-json\/wp\/v2\/posts\/88992","targetHints":{"allow":["GET"]}}],"collection":[{"href":"https:\/\/diariotextual.com\/inicio\/index.php\/wp-json\/wp\/v2\/posts"}],"about":[{"href":"https:\/\/diariotextual.com\/inicio\/index.php\/wp-json\/wp\/v2\/types\/post"}],"author":[{"embeddable":true,"href":"https:\/\/diariotextual.com\/inicio\/index.php\/wp-json\/wp\/v2\/users\/3"}],"replies":[{"embeddable":true,"href":"https:\/\/diariotextual.com\/inicio\/index.php\/wp-json\/wp\/v2\/comments?post=88992"}],"version-history":[{"count":2,"href":"https:\/\/diariotextual.com\/inicio\/index.php\/wp-json\/wp\/v2\/posts\/88992\/revisions"}],"predecessor-version":[{"id":88995,"href":"https:\/\/diariotextual.com\/inicio\/index.php\/wp-json\/wp\/v2\/posts\/88992\/revisions\/88995"}],"wp:featuredmedia":[{"embeddable":true,"href":"https:\/\/diariotextual.com\/inicio\/index.php\/wp-json\/wp\/v2\/media\/88994"}],"wp:attachment":[{"href":"https:\/\/diariotextual.com\/inicio\/index.php\/wp-json\/wp\/v2\/media?parent=88992"}],"wp:term":[{"taxonomy":"category","embeddable":true,"href":"https:\/\/diariotextual.com\/inicio\/index.php\/wp-json\/wp\/v2\/categories?post=88992"},{"taxonomy":"post_tag","embeddable":true,"href":"https:\/\/diariotextual.com\/inicio\/index.php\/wp-json\/wp\/v2\/tags?post=88992"}],"curies":[{"name":"wp","href":"https:\/\/api.w.org\/{rel}","templated":true}]}}