{"id":89001,"date":"2020-04-13T06:26:09","date_gmt":"2020-04-13T09:26:09","guid":{"rendered":"http:\/\/diariotextual.com\/inicio\/?p=89001"},"modified":"2020-04-13T11:33:13","modified_gmt":"2020-04-13T14:33:13","slug":"cuarentena-las-7-nuevas-excepciones-operan-la-pampa-resto-del-pais","status":"publish","type":"post","link":"https:\/\/diariotextual.com\/inicio\/index.php\/2020\/04\/13\/cuarentena-las-7-nuevas-excepciones-operan-la-pampa-resto-del-pais\/","title":{"rendered":"Cuarentena: las 7 nuevas excepciones que operan en La Pampa y el resto del pa\u00eds"},"content":{"rendered":"<p>El <strong>Gobierno nacional<\/strong> habilit\u00f3 desde este lunes 13 <strong>nuevas actividades y servicios exceptuados para el aislamiento social, preventivo y obligatorio<\/strong>, como medida de prevenci\u00f3n ante el<strong>\u00a0coronavirus Covid-19.<\/strong><\/p>\n<p><strong>Las nuevas excepciones se aplican en todo el pa\u00eds.<\/strong> Por supuesto, <strong>tambi\u00e9n en La Pampa<\/strong> donde el fin de semana hubo cierta confusi\u00f3n, por ejemplo, entre los polic\u00edas que salen a las calles a realizar controles: es que el Gobierno provincial anunci\u00f3 que <a href=\"http:\/\/diariotextual.com\/inicio\/index.php\/2020\/04\/11\/comite-crisis-decidio-no-mayores-flexibilizaciones-la-cuarentena-la-pampa\/\" target=\"_blank\" rel=\"noopener\"><strong>no acept\u00f3 nuevas excepciones a la cuarentena<\/strong><\/a>, pero, en rigor, <strong>lo que no autoriz\u00f3 son m\u00e1s actividades que las establecidas por Naci\u00f3n<\/strong>.<\/p>\n<p>En el Gobierno nacional ahora autorizaron el funcionamiento de talleres mec\u00e1nicos y gomer\u00edas. Tambi\u00e9n se extendi\u00f3 el permiso a personas con discapacidades para salir dentro de las proximidades de su hogar. Aqu\u00ed tambi\u00e9n se incluye a las personas comprendidas en el colectivo de trastorno del espectro autista. Para \u00e9ste \u00faltimo grupo, tambi\u00e9n se permite las prestaciones profesionales a domicilio. En todos los casos, se debe presentar el documento de identidad y el Certificado \u00danico de Discapacidad o la prescripci\u00f3n m\u00e9dica donde se indique el diagn\u00f3stico.<\/p>\n<p>Como novedad dentro de las actividades exceptuadas se incluy\u00f3 la venta de art\u00edculos de librer\u00eda e insumos inform\u00e1ticos, exclusivamente bajo la modalidad de entrega a domicilio. En ning\u00fan caso se podr\u00e1 realizar atenci\u00f3n al p\u00fablico.<\/p>\n<p>A continuaci\u00f3n, el detalle completo de las excepciones:<\/p>\n<p>1- Se permite la circulaci\u00f3n de las personas con discapacidad y aquellas comprendidas en el colectivo de trastorno del espectro autista, para realizar breves salidas en la cercan\u00eda de su residencia, junto con un familiar o conviviente. En tales casos, las personas asistidas y su acompa\u00f1ante deber\u00e1n portar sus respectivos Documentos Nacionales de Identidad y el Certificado \u00danico de Discapacidad o la prescripci\u00f3n m\u00e9dica donde se indique el diagn\u00f3stico y la necesidad de salidas, la cual podr\u00e1 ser confeccionada en forma digital.<\/p>\n<p>&nbsp;<\/p>\n<blockquote class=\"wp-embedded-content\" data-secret=\"zkLHsOr6zM\"><p><a href=\"http:\/\/diariotextual.com\/inicio\/index.php\/2020\/04\/12\/intendentes-pampeanos-no-plantearon-excepciones-la-cuarentena\/\">Los intendentes pampeanos no plantearon excepciones a la cuarentena<\/a><\/p><\/blockquote>\n<p><iframe class=\"wp-embedded-content\" sandbox=\"allow-scripts\" security=\"restricted\" style=\"position: absolute; clip: rect(1px, 1px, 1px, 1px);\" src=\"http:\/\/diariotextual.com\/inicio\/index.php\/2020\/04\/12\/intendentes-pampeanos-no-plantearon-excepciones-la-cuarentena\/embed\/#?secret=zkLHsOr6zM\" data-secret=\"zkLHsOr6zM\" width=\"600\" height=\"338\" title=\"&#171;Los intendentes pampeanos no plantearon excepciones a la cuarentena&#187; &#8212; Diario Textual\" frameborder=\"0\" marginwidth=\"0\" marginheight=\"0\" scrolling=\"no\"><\/iframe><\/p>\n<p>&nbsp;<\/p>\n<p>2- Se autorizan las prestaciones profesionales a domicilio destinadas a personas con discapacidad y aquellas comprendidas en el colectivo de trastorno del espectro autista. Los profesionales deber\u00e1n portar copia del documento de Identidad de la persona bajo tratamiento y del Certificado \u00danico de Discapacidad, o la prescripci\u00f3n m\u00e9dica correspondiente con los requisitos previstos en el punto anterior.<\/p>\n<p>3- Actividad bancaria con atenci\u00f3n al p\u00fablico, exclusivamente con sistema de turnos y respetando el protocolo establecido por el Banco Central de la Rep\u00fablica Argentina (BCRA).<\/p>\n<p>&nbsp;<\/p>\n<blockquote class=\"wp-embedded-content\" data-secret=\"VkdubU2Sni\"><p><a href=\"http:\/\/diariotextual.com\/inicio\/index.php\/2020\/04\/12\/casa-gobierno-prepara-los-detalles-la-ayuda-sectores-independientes\/\">Casa de Gobierno prepara los detalles de la ayuda a sectores independientes<\/a><\/p><\/blockquote>\n<p><iframe class=\"wp-embedded-content\" sandbox=\"allow-scripts\" security=\"restricted\" style=\"position: absolute; clip: rect(1px, 1px, 1px, 1px);\" src=\"http:\/\/diariotextual.com\/inicio\/index.php\/2020\/04\/12\/casa-gobierno-prepara-los-detalles-la-ayuda-sectores-independientes\/embed\/#?secret=VkdubU2Sni\" data-secret=\"VkdubU2Sni\" width=\"600\" height=\"338\" title=\"&#171;Casa de Gobierno prepara los detalles de la ayuda a sectores independientes&#187; &#8212; Diario Textual\" frameborder=\"0\" marginwidth=\"0\" marginheight=\"0\" scrolling=\"no\"><\/iframe><\/p>\n<p>&nbsp;<\/p>\n<p>&nbsp;<\/p>\n<p>4- Talleres para mantenimiento y reparaci\u00f3n de automotores, motocicletas y bicicletas, exclusivamente para transporte p\u00fablico, veh\u00edculos de las fuerzas de seguridad y fuerzas armadas, veh\u00edculos afectados a las prestaciones de salud o al personal con autorizaci\u00f3n para circular, conforme la normativa vigente.<\/p>\n<p>5- Venta de repuestos, partes y piezas para automotores, motocicletas y bicicletas \u00fanicamente bajo la modalidad de entrega puerta a puerta. En ning\u00fan caso podr\u00e1n realizar atenci\u00f3n al p\u00fablico.<\/p>\n<p>6- Fabricaci\u00f3n de neum\u00e1ticos; venta y reparaci\u00f3n de los mismos exclusivamente para transporte p\u00fablico, veh\u00edculos de las fuerzas de seguridad y fuerzas armadas, veh\u00edculos afectados a las prestaciones de salud o al personal con autorizaci\u00f3n para circular, conforme la normativa vigente.<\/p>\n<p>7- Venta de art\u00edculos de librer\u00eda e insumos inform\u00e1ticos, exclusivamente bajo la modalidad de entrega a domicilio. En ning\u00fan caso se podr\u00e1 realizar atenci\u00f3n al p\u00fablico.<\/p>\n<p>&nbsp;<\/p>\n<p>&nbsp;<\/p>\n<blockquote class=\"wp-embedded-content\" data-secret=\"X95YFLWOzi\"><p><a href=\"http:\/\/diariotextual.com\/inicio\/index.php\/2020\/04\/13\/cambio-la-pampa-uso-internet-la-cuarentena\/\">C\u00f3mo cambi\u00f3 en La Pampa el uso de internet con la cuarentena<\/a><\/p><\/blockquote>\n<p><iframe class=\"wp-embedded-content\" sandbox=\"allow-scripts\" security=\"restricted\" style=\"position: absolute; clip: rect(1px, 1px, 1px, 1px);\" src=\"http:\/\/diariotextual.com\/inicio\/index.php\/2020\/04\/13\/cambio-la-pampa-uso-internet-la-cuarentena\/embed\/#?secret=X95YFLWOzi\" data-secret=\"X95YFLWOzi\" width=\"600\" height=\"338\" title=\"&#171;C\u00f3mo cambi\u00f3 en La Pampa el uso de internet con la cuarentena&#187; &#8212; Diario Textual\" frameborder=\"0\" marginwidth=\"0\" marginheight=\"0\" scrolling=\"no\"><\/iframe><\/p>\n<p>&nbsp;<\/p>\n<p>&nbsp;<\/p>\n<p>&nbsp;<\/p>\n","protected":false},"excerpt":{"rendered":"<p>El Gobierno nacional habilit\u00f3 desde este lunes 13 nuevas actividades y servicios exceptuados para el aislamiento social, preventivo y obligatorio, como medida de prevenci\u00f3n ante el\u00a0coronavirus Covid-19. Las nuevas excepciones&hellip;<\/p>\n","protected":false},"author":3,"featured_media":87403,"comment_status":"closed","ping_status":"open","sticky":false,"template":"","format":"standard","meta":{"_acf_changed":false,"footnotes":""},"categories":[319,12],"tags":[],"class_list":["post-89001","post","type-post","status-publish","format-standard","has-post-thumbnail","hentry","category-a-temporales","category-sociedad"],"acf":[],"yoast_head":"<!-- This site is optimized with the Yoast SEO plugin v27.5 - https:\/\/yoast.com\/product\/yoast-seo-wordpress\/ -->\n<title>Cuarentena: las 7 nuevas excepciones que operan en La Pampa y el resto del pa\u00eds - Diario Textual<\/title>\n<meta name=\"robots\" content=\"index, follow, max-snippet:-1, max-image-preview:large, max-video-preview:-1\" \/>\n<link rel=\"canonical\" href=\"https:\/\/diariotextual.com\/inicio\/index.php\/2020\/04\/13\/cuarentena-las-7-nuevas-excepciones-operan-la-pampa-resto-del-pais\/\" \/>\n<meta property=\"og:locale\" content=\"es_ES\" \/>\n<meta property=\"og:type\" content=\"article\" \/>\n<meta property=\"og:title\" content=\"Cuarentena: las 7 nuevas excepciones que operan en La Pampa y el resto del pa\u00eds - Diario Textual\" \/>\n<meta property=\"og:description\" content=\"El Gobierno nacional habilit\u00f3 desde este lunes 13 nuevas actividades y servicios exceptuados para el aislamiento social, preventivo y obligatorio, como medida de prevenci\u00f3n ante el\u00a0coronavirus Covid-19. Las nuevas excepciones&hellip;\" \/>\n<meta property=\"og:url\" content=\"https:\/\/diariotextual.com\/inicio\/index.php\/2020\/04\/13\/cuarentena-las-7-nuevas-excepciones-operan-la-pampa-resto-del-pais\/\" \/>\n<meta property=\"og:site_name\" content=\"Diario Textual\" \/>\n<meta property=\"article:publisher\" content=\"https:\/\/www.facebook.com\/eltextual\" \/>\n<meta property=\"article:published_time\" content=\"2020-04-13T09:26:09+00:00\" \/>\n<meta property=\"article:modified_time\" content=\"2020-04-13T14:33:13+00:00\" \/>\n<meta property=\"og:image\" content=\"https:\/\/diariotextual.com\/inicio\/wp-content\/uploads\/2020\/04\/coronavirustelam2020-221.jpg\" \/>\n\t<meta property=\"og:image:width\" content=\"1500\" \/>\n\t<meta property=\"og:image:height\" content=\"1002\" \/>\n\t<meta property=\"og:image:type\" content=\"image\/jpeg\" \/>\n<meta name=\"author\" content=\"Diario1 Diario1\" \/>\n<meta name=\"twitter:card\" content=\"summary_large_image\" \/>\n<meta name=\"twitter:creator\" content=\"@eltextual\" \/>\n<meta name=\"twitter:site\" content=\"@eltextual\" \/>\n<meta name=\"twitter:label1\" content=\"Escrito por\" \/>\n\t<meta name=\"twitter:data1\" content=\"Diario1 Diario1\" \/>\n\t<meta name=\"twitter:label2\" content=\"Tiempo de lectura\" \/>\n\t<meta name=\"twitter:data2\" content=\"3 minutos\" \/>\n<script type=\"application\/ld+json\" class=\"yoast-schema-graph\">{\"@context\":\"https:\\\/\\\/schema.org\",\"@graph\":[{\"@type\":\"Article\",\"@id\":\"https:\\\/\\\/diariotextual.com\\\/inicio\\\/index.php\\\/2020\\\/04\\\/13\\\/cuarentena-las-7-nuevas-excepciones-operan-la-pampa-resto-del-pais\\\/#article\",\"isPartOf\":{\"@id\":\"https:\\\/\\\/diariotextual.com\\\/inicio\\\/index.php\\\/2020\\\/04\\\/13\\\/cuarentena-las-7-nuevas-excepciones-operan-la-pampa-resto-del-pais\\\/\"},\"author\":{\"name\":\"Diario1 Diario1\",\"@id\":\"https:\\\/\\\/diariotextual.com\\\/inicio\\\/#\\\/schema\\\/person\\\/418fc4093c33e86ed41562db3508f958\"},\"headline\":\"Cuarentena: las 7 nuevas excepciones que operan en La Pampa y el resto del pa\u00eds\",\"datePublished\":\"2020-04-13T09:26:09+00:00\",\"dateModified\":\"2020-04-13T14:33:13+00:00\",\"mainEntityOfPage\":{\"@id\":\"https:\\\/\\\/diariotextual.com\\\/inicio\\\/index.php\\\/2020\\\/04\\\/13\\\/cuarentena-las-7-nuevas-excepciones-operan-la-pampa-resto-del-pais\\\/\"},\"wordCount\":626,\"publisher\":{\"@id\":\"https:\\\/\\\/diariotextual.com\\\/inicio\\\/#organization\"},\"image\":{\"@id\":\"https:\\\/\\\/diariotextual.com\\\/inicio\\\/index.php\\\/2020\\\/04\\\/13\\\/cuarentena-las-7-nuevas-excepciones-operan-la-pampa-resto-del-pais\\\/#primaryimage\"},\"thumbnailUrl\":\"https:\\\/\\\/diariotextual.com\\\/inicio\\\/wp-content\\\/uploads\\\/2020\\\/04\\\/coronavirustelam2020-221.jpg\",\"articleSection\":[\"A - TEMPORALES\",\"SOCIEDAD\"],\"inLanguage\":\"es\"},{\"@type\":\"WebPage\",\"@id\":\"https:\\\/\\\/diariotextual.com\\\/inicio\\\/index.php\\\/2020\\\/04\\\/13\\\/cuarentena-las-7-nuevas-excepciones-operan-la-pampa-resto-del-pais\\\/\",\"url\":\"https:\\\/\\\/diariotextual.com\\\/inicio\\\/index.php\\\/2020\\\/04\\\/13\\\/cuarentena-las-7-nuevas-excepciones-operan-la-pampa-resto-del-pais\\\/\",\"name\":\"Cuarentena: las 7 nuevas excepciones que operan en La Pampa y el resto del pa\u00eds - Diario Textual\",\"isPartOf\":{\"@id\":\"https:\\\/\\\/diariotextual.com\\\/inicio\\\/#website\"},\"primaryImageOfPage\":{\"@id\":\"https:\\\/\\\/diariotextual.com\\\/inicio\\\/index.php\\\/2020\\\/04\\\/13\\\/cuarentena-las-7-nuevas-excepciones-operan-la-pampa-resto-del-pais\\\/#primaryimage\"},\"image\":{\"@id\":\"https:\\\/\\\/diariotextual.com\\\/inicio\\\/index.php\\\/2020\\\/04\\\/13\\\/cuarentena-las-7-nuevas-excepciones-operan-la-pampa-resto-del-pais\\\/#primaryimage\"},\"thumbnailUrl\":\"https:\\\/\\\/diariotextual.com\\\/inicio\\\/wp-content\\\/uploads\\\/2020\\\/04\\\/coronavirustelam2020-221.jpg\",\"datePublished\":\"2020-04-13T09:26:09+00:00\",\"dateModified\":\"2020-04-13T14:33:13+00:00\",\"breadcrumb\":{\"@id\":\"https:\\\/\\\/diariotextual.com\\\/inicio\\\/index.php\\\/2020\\\/04\\\/13\\\/cuarentena-las-7-nuevas-excepciones-operan-la-pampa-resto-del-pais\\\/#breadcrumb\"},\"inLanguage\":\"es\",\"potentialAction\":[{\"@type\":\"ReadAction\",\"target\":[\"https:\\\/\\\/diariotextual.com\\\/inicio\\\/index.php\\\/2020\\\/04\\\/13\\\/cuarentena-las-7-nuevas-excepciones-operan-la-pampa-resto-del-pais\\\/\"]}]},{\"@type\":\"ImageObject\",\"inLanguage\":\"es\",\"@id\":\"https:\\\/\\\/diariotextual.com\\\/inicio\\\/index.php\\\/2020\\\/04\\\/13\\\/cuarentena-las-7-nuevas-excepciones-operan-la-pampa-resto-del-pais\\\/#primaryimage\",\"url\":\"https:\\\/\\\/diariotextual.com\\\/inicio\\\/wp-content\\\/uploads\\\/2020\\\/04\\\/coronavirustelam2020-221.jpg\",\"contentUrl\":\"https:\\\/\\\/diariotextual.com\\\/inicio\\\/wp-content\\\/uploads\\\/2020\\\/04\\\/coronavirustelam2020-221.jpg\",\"width\":1500,\"height\":1002},{\"@type\":\"BreadcrumbList\",\"@id\":\"https:\\\/\\\/diariotextual.com\\\/inicio\\\/index.php\\\/2020\\\/04\\\/13\\\/cuarentena-las-7-nuevas-excepciones-operan-la-pampa-resto-del-pais\\\/#breadcrumb\",\"itemListElement\":[{\"@type\":\"ListItem\",\"position\":1,\"name\":\"Portada\",\"item\":\"https:\\\/\\\/diariotextual.com\\\/inicio\\\/\"},{\"@type\":\"ListItem\",\"position\":2,\"name\":\"Cuarentena: las 7 nuevas excepciones que operan en La Pampa y el resto del pa\u00eds\"}]},{\"@type\":\"WebSite\",\"@id\":\"https:\\\/\\\/diariotextual.com\\\/inicio\\\/#website\",\"url\":\"https:\\\/\\\/diariotextual.com\\\/inicio\\\/\",\"name\":\"Diario Textual\",\"description\":\"\",\"publisher\":{\"@id\":\"https:\\\/\\\/diariotextual.com\\\/inicio\\\/#organization\"},\"potentialAction\":[{\"@type\":\"SearchAction\",\"target\":{\"@type\":\"EntryPoint\",\"urlTemplate\":\"https:\\\/\\\/diariotextual.com\\\/inicio\\\/?s={search_term_string}\"},\"query-input\":{\"@type\":\"PropertyValueSpecification\",\"valueRequired\":true,\"valueName\":\"search_term_string\"}}],\"inLanguage\":\"es\"},{\"@type\":\"Organization\",\"@id\":\"https:\\\/\\\/diariotextual.com\\\/inicio\\\/#organization\",\"name\":\"Diario Textual\",\"url\":\"https:\\\/\\\/diariotextual.com\\\/inicio\\\/\",\"logo\":{\"@type\":\"ImageObject\",\"inLanguage\":\"es\",\"@id\":\"https:\\\/\\\/diariotextual.com\\\/inicio\\\/#\\\/schema\\\/logo\\\/image\\\/\",\"url\":\"https:\\\/\\\/diariotextual.com\\\/inicio\\\/wp-content\\\/uploads\\\/2023\\\/05\\\/logotextual1.jpg\",\"contentUrl\":\"https:\\\/\\\/diariotextual.com\\\/inicio\\\/wp-content\\\/uploads\\\/2023\\\/05\\\/logotextual1.jpg\",\"width\":516,\"height\":76,\"caption\":\"Diario Textual\"},\"image\":{\"@id\":\"https:\\\/\\\/diariotextual.com\\\/inicio\\\/#\\\/schema\\\/logo\\\/image\\\/\"},\"sameAs\":[\"https:\\\/\\\/www.facebook.com\\\/eltextual\",\"https:\\\/\\\/x.com\\\/eltextual\",\"http:\\\/\\\/www.instagram.com\\\/eltextual\"]},{\"@type\":\"Person\",\"@id\":\"https:\\\/\\\/diariotextual.com\\\/inicio\\\/#\\\/schema\\\/person\\\/418fc4093c33e86ed41562db3508f958\",\"name\":\"Diario1 Diario1\",\"image\":{\"@type\":\"ImageObject\",\"inLanguage\":\"es\",\"@id\":\"https:\\\/\\\/secure.gravatar.com\\\/avatar\\\/9167d280179c85bc18be67aa7eda765854300033af4896dd779b608640f2ef7a?s=96&d=mm&r=g\",\"url\":\"https:\\\/\\\/secure.gravatar.com\\\/avatar\\\/9167d280179c85bc18be67aa7eda765854300033af4896dd779b608640f2ef7a?s=96&d=mm&r=g\",\"contentUrl\":\"https:\\\/\\\/secure.gravatar.com\\\/avatar\\\/9167d280179c85bc18be67aa7eda765854300033af4896dd779b608640f2ef7a?s=96&d=mm&r=g\",\"caption\":\"Diario1 Diario1\"},\"url\":\"https:\\\/\\\/diariotextual.com\\\/inicio\\\/index.php\\\/author\\\/diario1\\\/\"}]}<\/script>\n<!-- \/ Yoast SEO plugin. -->","yoast_head_json":{"title":"Cuarentena: las 7 nuevas excepciones que operan en La Pampa y el resto del pa\u00eds - Diario Textual","robots":{"index":"index","follow":"follow","max-snippet":"max-snippet:-1","max-image-preview":"max-image-preview:large","max-video-preview":"max-video-preview:-1"},"canonical":"https:\/\/diariotextual.com\/inicio\/index.php\/2020\/04\/13\/cuarentena-las-7-nuevas-excepciones-operan-la-pampa-resto-del-pais\/","og_locale":"es_ES","og_type":"article","og_title":"Cuarentena: las 7 nuevas excepciones que operan en La Pampa y el resto del pa\u00eds - Diario Textual","og_description":"El Gobierno nacional habilit\u00f3 desde este lunes 13 nuevas actividades y servicios exceptuados para el aislamiento social, preventivo y obligatorio, como medida de prevenci\u00f3n ante el\u00a0coronavirus Covid-19. Las nuevas excepciones&hellip;","og_url":"https:\/\/diariotextual.com\/inicio\/index.php\/2020\/04\/13\/cuarentena-las-7-nuevas-excepciones-operan-la-pampa-resto-del-pais\/","og_site_name":"Diario Textual","article_publisher":"https:\/\/www.facebook.com\/eltextual","article_published_time":"2020-04-13T09:26:09+00:00","article_modified_time":"2020-04-13T14:33:13+00:00","og_image":[{"width":1500,"height":1002,"url":"https:\/\/diariotextual.com\/inicio\/wp-content\/uploads\/2020\/04\/coronavirustelam2020-221.jpg","type":"image\/jpeg"}],"author":"Diario1 Diario1","twitter_card":"summary_large_image","twitter_creator":"@eltextual","twitter_site":"@eltextual","twitter_misc":{"Escrito por":"Diario1 Diario1","Tiempo de lectura":"3 minutos"},"schema":{"@context":"https:\/\/schema.org","@graph":[{"@type":"Article","@id":"https:\/\/diariotextual.com\/inicio\/index.php\/2020\/04\/13\/cuarentena-las-7-nuevas-excepciones-operan-la-pampa-resto-del-pais\/#article","isPartOf":{"@id":"https:\/\/diariotextual.com\/inicio\/index.php\/2020\/04\/13\/cuarentena-las-7-nuevas-excepciones-operan-la-pampa-resto-del-pais\/"},"author":{"name":"Diario1 Diario1","@id":"https:\/\/diariotextual.com\/inicio\/#\/schema\/person\/418fc4093c33e86ed41562db3508f958"},"headline":"Cuarentena: las 7 nuevas excepciones que operan en La Pampa y el resto del pa\u00eds","datePublished":"2020-04-13T09:26:09+00:00","dateModified":"2020-04-13T14:33:13+00:00","mainEntityOfPage":{"@id":"https:\/\/diariotextual.com\/inicio\/index.php\/2020\/04\/13\/cuarentena-las-7-nuevas-excepciones-operan-la-pampa-resto-del-pais\/"},"wordCount":626,"publisher":{"@id":"https:\/\/diariotextual.com\/inicio\/#organization"},"image":{"@id":"https:\/\/diariotextual.com\/inicio\/index.php\/2020\/04\/13\/cuarentena-las-7-nuevas-excepciones-operan-la-pampa-resto-del-pais\/#primaryimage"},"thumbnailUrl":"https:\/\/diariotextual.com\/inicio\/wp-content\/uploads\/2020\/04\/coronavirustelam2020-221.jpg","articleSection":["A - TEMPORALES","SOCIEDAD"],"inLanguage":"es"},{"@type":"WebPage","@id":"https:\/\/diariotextual.com\/inicio\/index.php\/2020\/04\/13\/cuarentena-las-7-nuevas-excepciones-operan-la-pampa-resto-del-pais\/","url":"https:\/\/diariotextual.com\/inicio\/index.php\/2020\/04\/13\/cuarentena-las-7-nuevas-excepciones-operan-la-pampa-resto-del-pais\/","name":"Cuarentena: las 7 nuevas excepciones que operan en La Pampa y el resto del pa\u00eds - Diario Textual","isPartOf":{"@id":"https:\/\/diariotextual.com\/inicio\/#website"},"primaryImageOfPage":{"@id":"https:\/\/diariotextual.com\/inicio\/index.php\/2020\/04\/13\/cuarentena-las-7-nuevas-excepciones-operan-la-pampa-resto-del-pais\/#primaryimage"},"image":{"@id":"https:\/\/diariotextual.com\/inicio\/index.php\/2020\/04\/13\/cuarentena-las-7-nuevas-excepciones-operan-la-pampa-resto-del-pais\/#primaryimage"},"thumbnailUrl":"https:\/\/diariotextual.com\/inicio\/wp-content\/uploads\/2020\/04\/coronavirustelam2020-221.jpg","datePublished":"2020-04-13T09:26:09+00:00","dateModified":"2020-04-13T14:33:13+00:00","breadcrumb":{"@id":"https:\/\/diariotextual.com\/inicio\/index.php\/2020\/04\/13\/cuarentena-las-7-nuevas-excepciones-operan-la-pampa-resto-del-pais\/#breadcrumb"},"inLanguage":"es","potentialAction":[{"@type":"ReadAction","target":["https:\/\/diariotextual.com\/inicio\/index.php\/2020\/04\/13\/cuarentena-las-7-nuevas-excepciones-operan-la-pampa-resto-del-pais\/"]}]},{"@type":"ImageObject","inLanguage":"es","@id":"https:\/\/diariotextual.com\/inicio\/index.php\/2020\/04\/13\/cuarentena-las-7-nuevas-excepciones-operan-la-pampa-resto-del-pais\/#primaryimage","url":"https:\/\/diariotextual.com\/inicio\/wp-content\/uploads\/2020\/04\/coronavirustelam2020-221.jpg","contentUrl":"https:\/\/diariotextual.com\/inicio\/wp-content\/uploads\/2020\/04\/coronavirustelam2020-221.jpg","width":1500,"height":1002},{"@type":"BreadcrumbList","@id":"https:\/\/diariotextual.com\/inicio\/index.php\/2020\/04\/13\/cuarentena-las-7-nuevas-excepciones-operan-la-pampa-resto-del-pais\/#breadcrumb","itemListElement":[{"@type":"ListItem","position":1,"name":"Portada","item":"https:\/\/diariotextual.com\/inicio\/"},{"@type":"ListItem","position":2,"name":"Cuarentena: las 7 nuevas excepciones que operan en La Pampa y el resto del pa\u00eds"}]},{"@type":"WebSite","@id":"https:\/\/diariotextual.com\/inicio\/#website","url":"https:\/\/diariotextual.com\/inicio\/","name":"Diario Textual","description":"","publisher":{"@id":"https:\/\/diariotextual.com\/inicio\/#organization"},"potentialAction":[{"@type":"SearchAction","target":{"@type":"EntryPoint","urlTemplate":"https:\/\/diariotextual.com\/inicio\/?s={search_term_string}"},"query-input":{"@type":"PropertyValueSpecification","valueRequired":true,"valueName":"search_term_string"}}],"inLanguage":"es"},{"@type":"Organization","@id":"https:\/\/diariotextual.com\/inicio\/#organization","name":"Diario Textual","url":"https:\/\/diariotextual.com\/inicio\/","logo":{"@type":"ImageObject","inLanguage":"es","@id":"https:\/\/diariotextual.com\/inicio\/#\/schema\/logo\/image\/","url":"https:\/\/diariotextual.com\/inicio\/wp-content\/uploads\/2023\/05\/logotextual1.jpg","contentUrl":"https:\/\/diariotextual.com\/inicio\/wp-content\/uploads\/2023\/05\/logotextual1.jpg","width":516,"height":76,"caption":"Diario Textual"},"image":{"@id":"https:\/\/diariotextual.com\/inicio\/#\/schema\/logo\/image\/"},"sameAs":["https:\/\/www.facebook.com\/eltextual","https:\/\/x.com\/eltextual","http:\/\/www.instagram.com\/eltextual"]},{"@type":"Person","@id":"https:\/\/diariotextual.com\/inicio\/#\/schema\/person\/418fc4093c33e86ed41562db3508f958","name":"Diario1 Diario1","image":{"@type":"ImageObject","inLanguage":"es","@id":"https:\/\/secure.gravatar.com\/avatar\/9167d280179c85bc18be67aa7eda765854300033af4896dd779b608640f2ef7a?s=96&d=mm&r=g","url":"https:\/\/secure.gravatar.com\/avatar\/9167d280179c85bc18be67aa7eda765854300033af4896dd779b608640f2ef7a?s=96&d=mm&r=g","contentUrl":"https:\/\/secure.gravatar.com\/avatar\/9167d280179c85bc18be67aa7eda765854300033af4896dd779b608640f2ef7a?s=96&d=mm&r=g","caption":"Diario1 Diario1"},"url":"https:\/\/diariotextual.com\/inicio\/index.php\/author\/diario1\/"}]}},"_links":{"self":[{"href":"https:\/\/diariotextual.com\/inicio\/index.php\/wp-json\/wp\/v2\/posts\/89001","targetHints":{"allow":["GET"]}}],"collection":[{"href":"https:\/\/diariotextual.com\/inicio\/index.php\/wp-json\/wp\/v2\/posts"}],"about":[{"href":"https:\/\/diariotextual.com\/inicio\/index.php\/wp-json\/wp\/v2\/types\/post"}],"author":[{"embeddable":true,"href":"https:\/\/diariotextual.com\/inicio\/index.php\/wp-json\/wp\/v2\/users\/3"}],"replies":[{"embeddable":true,"href":"https:\/\/diariotextual.com\/inicio\/index.php\/wp-json\/wp\/v2\/comments?post=89001"}],"version-history":[{"count":5,"href":"https:\/\/diariotextual.com\/inicio\/index.php\/wp-json\/wp\/v2\/posts\/89001\/revisions"}],"predecessor-version":[{"id":89019,"href":"https:\/\/diariotextual.com\/inicio\/index.php\/wp-json\/wp\/v2\/posts\/89001\/revisions\/89019"}],"wp:featuredmedia":[{"embeddable":true,"href":"https:\/\/diariotextual.com\/inicio\/index.php\/wp-json\/wp\/v2\/media\/87403"}],"wp:attachment":[{"href":"https:\/\/diariotextual.com\/inicio\/index.php\/wp-json\/wp\/v2\/media?parent=89001"}],"wp:term":[{"taxonomy":"category","embeddable":true,"href":"https:\/\/diariotextual.com\/inicio\/index.php\/wp-json\/wp\/v2\/categories?post=89001"},{"taxonomy":"post_tag","embeddable":true,"href":"https:\/\/diariotextual.com\/inicio\/index.php\/wp-json\/wp\/v2\/tags?post=89001"}],"curies":[{"name":"wp","href":"https:\/\/api.w.org\/{rel}","templated":true}]}}