{"id":89172,"date":"2020-04-14T10:34:57","date_gmt":"2020-04-14T13:34:57","guid":{"rendered":"http:\/\/diariotextual.com\/inicio\/?p=89172"},"modified":"2020-04-14T10:34:57","modified_gmt":"2020-04-14T13:34:57","slug":"la-economia-argentina-caera-promedio-57-2020","status":"publish","type":"post","link":"https:\/\/diariotextual.com\/inicio\/index.php\/2020\/04\/14\/la-economia-argentina-caera-promedio-57-2020\/","title":{"rendered":"La econom\u00eda argentina caer\u00e1 en promedio 5,7% en 2020"},"content":{"rendered":"<p>La econom\u00eda argentina tendr\u00e1 una ca\u00edda promedio de 5,7% del PBI en el 2020, similar al promedio de los pron\u00f3sticos de los pa\u00edses de America del Sur, que en conjunto caer\u00e1n 5% para igual per\u00edodo, a raiz del impacto econ\u00f3mico global por la pandemia de coronavirus, seg\u00fan estim\u00f3 hoy el Fondo Monetario Internacional (FMI).<\/p>\n<p>El Fondo revel\u00f3 hoy sus proyecciones de la econom\u00eda mundial a trav\u00e9s de la presentaci\u00f3n de su tradicional informe semestral World Economic Outlook, denominado\u00bbEl Gran Aislamiento\u00bb(este a\u00f1o el t\u00edtulo original es The Great Lockdown,que hace alusi\u00f3n a asilamiento y parate de la econom\u00eda mundial).<\/p>\n<p>Esto con motivo de la cl\u00e1sica reuni\u00f3n de Primavera que organiza junto con el Banco Mundial, que por primera vez tendr\u00e1 car\u00e1cter \u00edntegramente virtual, a ra\u00edz de las circunstancias que impone la pandemia.<\/p>\n<p>En el informe, el FMI expone que la principal econom\u00eda de la regi\u00f3n, Brasil, caer\u00e1 5,3%, mientras que Chile lo har\u00e1 en un 4,5% al igual que Per\u00fa.<\/p>\n<p>En tanto Uruguay caer\u00e1 3%, mientras que el restante socio del Mercosur, Paraguay, apenas descender\u00eda 1%, siendo uno de los menos golpeados de la regi\u00f3n.<\/p>\n<p>El informe presentado por la economista jefe de la entidad, Gina Gopinath, advirti\u00f3 que debido a las circunstancias en la que se prev\u00e9 un vuelco de la econom\u00eda mundial hacia una recesi\u00f3n del orden del 3%, el informe completo del organismo se conocer\u00e1 reci\u00e9n en mayo, ya que el actual contiene una extensi\u00f3n menor a la usual, y una cantidad de datos sin analizar.<\/p>\n<p>A modo de ejemplo, no se publican las proyecciones anuales (diciembre contra diciembre) de los pa\u00edses de la regi\u00f3n, que es la estad\u00edstica con la cual se comparan los datos anuales del Fondo con los del Indec, respecto de las estimaciones del PBI y precios, entre otros.<\/p>\n<p>En particular para la\u00a0Argentina, se prev\u00e9 que la estimaci\u00f3n de una ca\u00edda en el PBI de 5,7% es la referida al promedio del a\u00f1o, y lo mismo sucede para el 2021, cuando se espera que la econom\u00eda local se recupere en un 4,4%.<\/p>\n<p>Tambi\u00e9n se observ\u00f3 que para el caso argentino tampoco aparecieron datos estimados de inflaci\u00f3n promedio anual y de la cuenta corriente del pa\u00eds, entre otros, algo que s\u00ed fue analizado para otros pa\u00edses de la regi\u00f3n..<\/p>\n<p>En cuanto al\u00a0nivel de desempleo,\u00a0el Fondo prev\u00e9 para la Argentina que subir\u00e1 en un 1,1 punto porcentual y se ubicar\u00eda en 10,9%, cuando en Brasil la tasa de desocupaci\u00f3n escalar\u00e1 a casi 15%.<\/p>\n<p>El impacto del Covid-19 es tan grande que hace apenas cuatro meses, en enero \u00faltimo, cuando se realiz\u00f3 una actualizaci\u00f3n del WEO, el FMI cre\u00eda que la econom\u00eda mundial iba a crecer 3,3%, cuando ahora estema que la econom\u00eda global se precipitar\u00e1 un 3%.<\/p>\n<p>Por su parte, las mayores econom\u00edas del mundo como la\u00a0Eurozona y los Estados Unidos\u00a0sufrir\u00e1n un fuerte vuelco a ra\u00edz del aislamiento, de 7,5%, y 5,9%, respectivamente, algo impensado hace apenas tres meses.<\/p>\n<p>Entre la lista de pa\u00edses m\u00e1s golpeados del planeta aparecen Grecia (-10%), Italia (-9,1%) y Espa\u00f1a (8%), entre otros.<\/p>\n<p>En cambio,\u00a0China y la India\u00a0son de los pocos pa\u00edses del mundo que crecer\u00e1n en el 2020, con un alza del PBI esperada de 1,2%, y de 1,9%, respectivamente.<\/p>\n","protected":false},"excerpt":{"rendered":"<p>La econom\u00eda argentina tendr\u00e1 una ca\u00edda promedio de 5,7% del PBI en el 2020, similar al promedio de los pron\u00f3sticos de los pa\u00edses de America del Sur, que en conjunto&hellip;<\/p>\n","protected":false},"author":7,"featured_media":65940,"comment_status":"closed","ping_status":"open","sticky":false,"template":"","format":"standard","meta":{"_acf_changed":false,"footnotes":""},"categories":[11,5],"tags":[],"class_list":["post-89172","post","type-post","status-publish","format-standard","has-post-thumbnail","hentry","category-que-pasa","category-economia"],"acf":[],"yoast_head":"<!-- This site is optimized with the Yoast SEO plugin v27.5 - https:\/\/yoast.com\/product\/yoast-seo-wordpress\/ -->\n<title>La econom\u00eda argentina caer\u00e1 en promedio 5,7% en 2020 - Diario Textual<\/title>\n<meta name=\"robots\" content=\"index, follow, max-snippet:-1, max-image-preview:large, max-video-preview:-1\" \/>\n<link rel=\"canonical\" href=\"https:\/\/diariotextual.com\/inicio\/index.php\/2020\/04\/14\/la-economia-argentina-caera-promedio-57-2020\/\" \/>\n<meta property=\"og:locale\" content=\"es_ES\" \/>\n<meta property=\"og:type\" content=\"article\" \/>\n<meta property=\"og:title\" content=\"La econom\u00eda argentina caer\u00e1 en promedio 5,7% en 2020 - Diario Textual\" \/>\n<meta property=\"og:description\" content=\"La econom\u00eda argentina tendr\u00e1 una ca\u00edda promedio de 5,7% del PBI en el 2020, similar al promedio de los pron\u00f3sticos de los pa\u00edses de America del Sur, que en conjunto&hellip;\" \/>\n<meta property=\"og:url\" content=\"https:\/\/diariotextual.com\/inicio\/index.php\/2020\/04\/14\/la-economia-argentina-caera-promedio-57-2020\/\" \/>\n<meta property=\"og:site_name\" content=\"Diario Textual\" \/>\n<meta property=\"article:publisher\" content=\"https:\/\/www.facebook.com\/eltextual\" \/>\n<meta property=\"article:published_time\" content=\"2020-04-14T13:34:57+00:00\" \/>\n<meta property=\"og:image\" content=\"https:\/\/diariotextual.com\/inicio\/wp-content\/uploads\/2019\/10\/FMI.jpg\" \/>\n\t<meta property=\"og:image:width\" content=\"1004\" \/>\n\t<meta property=\"og:image:height\" content=\"564\" \/>\n\t<meta property=\"og:image:type\" content=\"image\/jpeg\" \/>\n<meta name=\"author\" content=\"diario5\" \/>\n<meta name=\"twitter:card\" content=\"summary_large_image\" \/>\n<meta name=\"twitter:creator\" content=\"@eltextual\" \/>\n<meta name=\"twitter:site\" content=\"@eltextual\" \/>\n<meta name=\"twitter:label1\" content=\"Escrito por\" \/>\n\t<meta name=\"twitter:data1\" content=\"diario5\" \/>\n\t<meta name=\"twitter:label2\" content=\"Tiempo de lectura\" \/>\n\t<meta name=\"twitter:data2\" content=\"3 minutos\" \/>\n<script type=\"application\/ld+json\" class=\"yoast-schema-graph\">{\"@context\":\"https:\\\/\\\/schema.org\",\"@graph\":[{\"@type\":\"Article\",\"@id\":\"https:\\\/\\\/diariotextual.com\\\/inicio\\\/index.php\\\/2020\\\/04\\\/14\\\/la-economia-argentina-caera-promedio-57-2020\\\/#article\",\"isPartOf\":{\"@id\":\"https:\\\/\\\/diariotextual.com\\\/inicio\\\/index.php\\\/2020\\\/04\\\/14\\\/la-economia-argentina-caera-promedio-57-2020\\\/\"},\"author\":{\"name\":\"diario5\",\"@id\":\"https:\\\/\\\/diariotextual.com\\\/inicio\\\/#\\\/schema\\\/person\\\/c7834961ad8b29b1d9cdbf4571299067\"},\"headline\":\"La econom\u00eda argentina caer\u00e1 en promedio 5,7% en 2020\",\"datePublished\":\"2020-04-14T13:34:57+00:00\",\"mainEntityOfPage\":{\"@id\":\"https:\\\/\\\/diariotextual.com\\\/inicio\\\/index.php\\\/2020\\\/04\\\/14\\\/la-economia-argentina-caera-promedio-57-2020\\\/\"},\"wordCount\":579,\"publisher\":{\"@id\":\"https:\\\/\\\/diariotextual.com\\\/inicio\\\/#organization\"},\"image\":{\"@id\":\"https:\\\/\\\/diariotextual.com\\\/inicio\\\/index.php\\\/2020\\\/04\\\/14\\\/la-economia-argentina-caera-promedio-57-2020\\\/#primaryimage\"},\"thumbnailUrl\":\"https:\\\/\\\/diariotextual.com\\\/inicio\\\/wp-content\\\/uploads\\\/2019\\\/10\\\/FMI.jpg\",\"articleSection\":[\"A - QUE PASA (al costado)\",\"ECONOMIA\"],\"inLanguage\":\"es\"},{\"@type\":\"WebPage\",\"@id\":\"https:\\\/\\\/diariotextual.com\\\/inicio\\\/index.php\\\/2020\\\/04\\\/14\\\/la-economia-argentina-caera-promedio-57-2020\\\/\",\"url\":\"https:\\\/\\\/diariotextual.com\\\/inicio\\\/index.php\\\/2020\\\/04\\\/14\\\/la-economia-argentina-caera-promedio-57-2020\\\/\",\"name\":\"La econom\u00eda argentina caer\u00e1 en promedio 5,7% en 2020 - Diario Textual\",\"isPartOf\":{\"@id\":\"https:\\\/\\\/diariotextual.com\\\/inicio\\\/#website\"},\"primaryImageOfPage\":{\"@id\":\"https:\\\/\\\/diariotextual.com\\\/inicio\\\/index.php\\\/2020\\\/04\\\/14\\\/la-economia-argentina-caera-promedio-57-2020\\\/#primaryimage\"},\"image\":{\"@id\":\"https:\\\/\\\/diariotextual.com\\\/inicio\\\/index.php\\\/2020\\\/04\\\/14\\\/la-economia-argentina-caera-promedio-57-2020\\\/#primaryimage\"},\"thumbnailUrl\":\"https:\\\/\\\/diariotextual.com\\\/inicio\\\/wp-content\\\/uploads\\\/2019\\\/10\\\/FMI.jpg\",\"datePublished\":\"2020-04-14T13:34:57+00:00\",\"breadcrumb\":{\"@id\":\"https:\\\/\\\/diariotextual.com\\\/inicio\\\/index.php\\\/2020\\\/04\\\/14\\\/la-economia-argentina-caera-promedio-57-2020\\\/#breadcrumb\"},\"inLanguage\":\"es\",\"potentialAction\":[{\"@type\":\"ReadAction\",\"target\":[\"https:\\\/\\\/diariotextual.com\\\/inicio\\\/index.php\\\/2020\\\/04\\\/14\\\/la-economia-argentina-caera-promedio-57-2020\\\/\"]}]},{\"@type\":\"ImageObject\",\"inLanguage\":\"es\",\"@id\":\"https:\\\/\\\/diariotextual.com\\\/inicio\\\/index.php\\\/2020\\\/04\\\/14\\\/la-economia-argentina-caera-promedio-57-2020\\\/#primaryimage\",\"url\":\"https:\\\/\\\/diariotextual.com\\\/inicio\\\/wp-content\\\/uploads\\\/2019\\\/10\\\/FMI.jpg\",\"contentUrl\":\"https:\\\/\\\/diariotextual.com\\\/inicio\\\/wp-content\\\/uploads\\\/2019\\\/10\\\/FMI.jpg\",\"width\":1004,\"height\":564},{\"@type\":\"BreadcrumbList\",\"@id\":\"https:\\\/\\\/diariotextual.com\\\/inicio\\\/index.php\\\/2020\\\/04\\\/14\\\/la-economia-argentina-caera-promedio-57-2020\\\/#breadcrumb\",\"itemListElement\":[{\"@type\":\"ListItem\",\"position\":1,\"name\":\"Portada\",\"item\":\"https:\\\/\\\/diariotextual.com\\\/inicio\\\/\"},{\"@type\":\"ListItem\",\"position\":2,\"name\":\"La econom\u00eda argentina caer\u00e1 en promedio 5,7% en 2020\"}]},{\"@type\":\"WebSite\",\"@id\":\"https:\\\/\\\/diariotextual.com\\\/inicio\\\/#website\",\"url\":\"https:\\\/\\\/diariotextual.com\\\/inicio\\\/\",\"name\":\"Diario Textual\",\"description\":\"\",\"publisher\":{\"@id\":\"https:\\\/\\\/diariotextual.com\\\/inicio\\\/#organization\"},\"potentialAction\":[{\"@type\":\"SearchAction\",\"target\":{\"@type\":\"EntryPoint\",\"urlTemplate\":\"https:\\\/\\\/diariotextual.com\\\/inicio\\\/?s={search_term_string}\"},\"query-input\":{\"@type\":\"PropertyValueSpecification\",\"valueRequired\":true,\"valueName\":\"search_term_string\"}}],\"inLanguage\":\"es\"},{\"@type\":\"Organization\",\"@id\":\"https:\\\/\\\/diariotextual.com\\\/inicio\\\/#organization\",\"name\":\"Diario Textual\",\"url\":\"https:\\\/\\\/diariotextual.com\\\/inicio\\\/\",\"logo\":{\"@type\":\"ImageObject\",\"inLanguage\":\"es\",\"@id\":\"https:\\\/\\\/diariotextual.com\\\/inicio\\\/#\\\/schema\\\/logo\\\/image\\\/\",\"url\":\"https:\\\/\\\/diariotextual.com\\\/inicio\\\/wp-content\\\/uploads\\\/2023\\\/05\\\/logotextual1.jpg\",\"contentUrl\":\"https:\\\/\\\/diariotextual.com\\\/inicio\\\/wp-content\\\/uploads\\\/2023\\\/05\\\/logotextual1.jpg\",\"width\":516,\"height\":76,\"caption\":\"Diario Textual\"},\"image\":{\"@id\":\"https:\\\/\\\/diariotextual.com\\\/inicio\\\/#\\\/schema\\\/logo\\\/image\\\/\"},\"sameAs\":[\"https:\\\/\\\/www.facebook.com\\\/eltextual\",\"https:\\\/\\\/x.com\\\/eltextual\",\"http:\\\/\\\/www.instagram.com\\\/eltextual\"]},{\"@type\":\"Person\",\"@id\":\"https:\\\/\\\/diariotextual.com\\\/inicio\\\/#\\\/schema\\\/person\\\/c7834961ad8b29b1d9cdbf4571299067\",\"name\":\"diario5\",\"image\":{\"@type\":\"ImageObject\",\"inLanguage\":\"es\",\"@id\":\"https:\\\/\\\/secure.gravatar.com\\\/avatar\\\/948c893b847ca6df68216ead81b63f363408ec9b0f600fefc0641ce78613b111?s=96&d=mm&r=g\",\"url\":\"https:\\\/\\\/secure.gravatar.com\\\/avatar\\\/948c893b847ca6df68216ead81b63f363408ec9b0f600fefc0641ce78613b111?s=96&d=mm&r=g\",\"contentUrl\":\"https:\\\/\\\/secure.gravatar.com\\\/avatar\\\/948c893b847ca6df68216ead81b63f363408ec9b0f600fefc0641ce78613b111?s=96&d=mm&r=g\",\"caption\":\"diario5\"},\"url\":\"https:\\\/\\\/diariotextual.com\\\/inicio\\\/index.php\\\/author\\\/diario5\\\/\"}]}<\/script>\n<!-- \/ Yoast SEO plugin. -->","yoast_head_json":{"title":"La econom\u00eda argentina caer\u00e1 en promedio 5,7% en 2020 - Diario Textual","robots":{"index":"index","follow":"follow","max-snippet":"max-snippet:-1","max-image-preview":"max-image-preview:large","max-video-preview":"max-video-preview:-1"},"canonical":"https:\/\/diariotextual.com\/inicio\/index.php\/2020\/04\/14\/la-economia-argentina-caera-promedio-57-2020\/","og_locale":"es_ES","og_type":"article","og_title":"La econom\u00eda argentina caer\u00e1 en promedio 5,7% en 2020 - Diario Textual","og_description":"La econom\u00eda argentina tendr\u00e1 una ca\u00edda promedio de 5,7% del PBI en el 2020, similar al promedio de los pron\u00f3sticos de los pa\u00edses de America del Sur, que en conjunto&hellip;","og_url":"https:\/\/diariotextual.com\/inicio\/index.php\/2020\/04\/14\/la-economia-argentina-caera-promedio-57-2020\/","og_site_name":"Diario Textual","article_publisher":"https:\/\/www.facebook.com\/eltextual","article_published_time":"2020-04-14T13:34:57+00:00","og_image":[{"width":1004,"height":564,"url":"https:\/\/diariotextual.com\/inicio\/wp-content\/uploads\/2019\/10\/FMI.jpg","type":"image\/jpeg"}],"author":"diario5","twitter_card":"summary_large_image","twitter_creator":"@eltextual","twitter_site":"@eltextual","twitter_misc":{"Escrito por":"diario5","Tiempo de lectura":"3 minutos"},"schema":{"@context":"https:\/\/schema.org","@graph":[{"@type":"Article","@id":"https:\/\/diariotextual.com\/inicio\/index.php\/2020\/04\/14\/la-economia-argentina-caera-promedio-57-2020\/#article","isPartOf":{"@id":"https:\/\/diariotextual.com\/inicio\/index.php\/2020\/04\/14\/la-economia-argentina-caera-promedio-57-2020\/"},"author":{"name":"diario5","@id":"https:\/\/diariotextual.com\/inicio\/#\/schema\/person\/c7834961ad8b29b1d9cdbf4571299067"},"headline":"La econom\u00eda argentina caer\u00e1 en promedio 5,7% en 2020","datePublished":"2020-04-14T13:34:57+00:00","mainEntityOfPage":{"@id":"https:\/\/diariotextual.com\/inicio\/index.php\/2020\/04\/14\/la-economia-argentina-caera-promedio-57-2020\/"},"wordCount":579,"publisher":{"@id":"https:\/\/diariotextual.com\/inicio\/#organization"},"image":{"@id":"https:\/\/diariotextual.com\/inicio\/index.php\/2020\/04\/14\/la-economia-argentina-caera-promedio-57-2020\/#primaryimage"},"thumbnailUrl":"https:\/\/diariotextual.com\/inicio\/wp-content\/uploads\/2019\/10\/FMI.jpg","articleSection":["A - QUE PASA (al costado)","ECONOMIA"],"inLanguage":"es"},{"@type":"WebPage","@id":"https:\/\/diariotextual.com\/inicio\/index.php\/2020\/04\/14\/la-economia-argentina-caera-promedio-57-2020\/","url":"https:\/\/diariotextual.com\/inicio\/index.php\/2020\/04\/14\/la-economia-argentina-caera-promedio-57-2020\/","name":"La econom\u00eda argentina caer\u00e1 en promedio 5,7% en 2020 - Diario Textual","isPartOf":{"@id":"https:\/\/diariotextual.com\/inicio\/#website"},"primaryImageOfPage":{"@id":"https:\/\/diariotextual.com\/inicio\/index.php\/2020\/04\/14\/la-economia-argentina-caera-promedio-57-2020\/#primaryimage"},"image":{"@id":"https:\/\/diariotextual.com\/inicio\/index.php\/2020\/04\/14\/la-economia-argentina-caera-promedio-57-2020\/#primaryimage"},"thumbnailUrl":"https:\/\/diariotextual.com\/inicio\/wp-content\/uploads\/2019\/10\/FMI.jpg","datePublished":"2020-04-14T13:34:57+00:00","breadcrumb":{"@id":"https:\/\/diariotextual.com\/inicio\/index.php\/2020\/04\/14\/la-economia-argentina-caera-promedio-57-2020\/#breadcrumb"},"inLanguage":"es","potentialAction":[{"@type":"ReadAction","target":["https:\/\/diariotextual.com\/inicio\/index.php\/2020\/04\/14\/la-economia-argentina-caera-promedio-57-2020\/"]}]},{"@type":"ImageObject","inLanguage":"es","@id":"https:\/\/diariotextual.com\/inicio\/index.php\/2020\/04\/14\/la-economia-argentina-caera-promedio-57-2020\/#primaryimage","url":"https:\/\/diariotextual.com\/inicio\/wp-content\/uploads\/2019\/10\/FMI.jpg","contentUrl":"https:\/\/diariotextual.com\/inicio\/wp-content\/uploads\/2019\/10\/FMI.jpg","width":1004,"height":564},{"@type":"BreadcrumbList","@id":"https:\/\/diariotextual.com\/inicio\/index.php\/2020\/04\/14\/la-economia-argentina-caera-promedio-57-2020\/#breadcrumb","itemListElement":[{"@type":"ListItem","position":1,"name":"Portada","item":"https:\/\/diariotextual.com\/inicio\/"},{"@type":"ListItem","position":2,"name":"La econom\u00eda argentina caer\u00e1 en promedio 5,7% en 2020"}]},{"@type":"WebSite","@id":"https:\/\/diariotextual.com\/inicio\/#website","url":"https:\/\/diariotextual.com\/inicio\/","name":"Diario Textual","description":"","publisher":{"@id":"https:\/\/diariotextual.com\/inicio\/#organization"},"potentialAction":[{"@type":"SearchAction","target":{"@type":"EntryPoint","urlTemplate":"https:\/\/diariotextual.com\/inicio\/?s={search_term_string}"},"query-input":{"@type":"PropertyValueSpecification","valueRequired":true,"valueName":"search_term_string"}}],"inLanguage":"es"},{"@type":"Organization","@id":"https:\/\/diariotextual.com\/inicio\/#organization","name":"Diario Textual","url":"https:\/\/diariotextual.com\/inicio\/","logo":{"@type":"ImageObject","inLanguage":"es","@id":"https:\/\/diariotextual.com\/inicio\/#\/schema\/logo\/image\/","url":"https:\/\/diariotextual.com\/inicio\/wp-content\/uploads\/2023\/05\/logotextual1.jpg","contentUrl":"https:\/\/diariotextual.com\/inicio\/wp-content\/uploads\/2023\/05\/logotextual1.jpg","width":516,"height":76,"caption":"Diario Textual"},"image":{"@id":"https:\/\/diariotextual.com\/inicio\/#\/schema\/logo\/image\/"},"sameAs":["https:\/\/www.facebook.com\/eltextual","https:\/\/x.com\/eltextual","http:\/\/www.instagram.com\/eltextual"]},{"@type":"Person","@id":"https:\/\/diariotextual.com\/inicio\/#\/schema\/person\/c7834961ad8b29b1d9cdbf4571299067","name":"diario5","image":{"@type":"ImageObject","inLanguage":"es","@id":"https:\/\/secure.gravatar.com\/avatar\/948c893b847ca6df68216ead81b63f363408ec9b0f600fefc0641ce78613b111?s=96&d=mm&r=g","url":"https:\/\/secure.gravatar.com\/avatar\/948c893b847ca6df68216ead81b63f363408ec9b0f600fefc0641ce78613b111?s=96&d=mm&r=g","contentUrl":"https:\/\/secure.gravatar.com\/avatar\/948c893b847ca6df68216ead81b63f363408ec9b0f600fefc0641ce78613b111?s=96&d=mm&r=g","caption":"diario5"},"url":"https:\/\/diariotextual.com\/inicio\/index.php\/author\/diario5\/"}]}},"_links":{"self":[{"href":"https:\/\/diariotextual.com\/inicio\/index.php\/wp-json\/wp\/v2\/posts\/89172","targetHints":{"allow":["GET"]}}],"collection":[{"href":"https:\/\/diariotextual.com\/inicio\/index.php\/wp-json\/wp\/v2\/posts"}],"about":[{"href":"https:\/\/diariotextual.com\/inicio\/index.php\/wp-json\/wp\/v2\/types\/post"}],"author":[{"embeddable":true,"href":"https:\/\/diariotextual.com\/inicio\/index.php\/wp-json\/wp\/v2\/users\/7"}],"replies":[{"embeddable":true,"href":"https:\/\/diariotextual.com\/inicio\/index.php\/wp-json\/wp\/v2\/comments?post=89172"}],"version-history":[{"count":2,"href":"https:\/\/diariotextual.com\/inicio\/index.php\/wp-json\/wp\/v2\/posts\/89172\/revisions"}],"predecessor-version":[{"id":89174,"href":"https:\/\/diariotextual.com\/inicio\/index.php\/wp-json\/wp\/v2\/posts\/89172\/revisions\/89174"}],"wp:featuredmedia":[{"embeddable":true,"href":"https:\/\/diariotextual.com\/inicio\/index.php\/wp-json\/wp\/v2\/media\/65940"}],"wp:attachment":[{"href":"https:\/\/diariotextual.com\/inicio\/index.php\/wp-json\/wp\/v2\/media?parent=89172"}],"wp:term":[{"taxonomy":"category","embeddable":true,"href":"https:\/\/diariotextual.com\/inicio\/index.php\/wp-json\/wp\/v2\/categories?post=89172"},{"taxonomy":"post_tag","embeddable":true,"href":"https:\/\/diariotextual.com\/inicio\/index.php\/wp-json\/wp\/v2\/tags?post=89172"}],"curies":[{"name":"wp","href":"https:\/\/api.w.org\/{rel}","templated":true}]}}