{"id":89220,"date":"2020-04-14T18:48:48","date_gmt":"2020-04-14T21:48:48","guid":{"rendered":"http:\/\/diariotextual.com\/inicio\/?p=89220"},"modified":"2020-04-15T17:37:48","modified_gmt":"2020-04-15T20:37:48","slug":"segun-comerciantes-la-pampa-ahora-analiza-una-cuarentena-administrada-puedan-reabrir","status":"publish","type":"post","link":"https:\/\/diariotextual.com\/inicio\/index.php\/2020\/04\/14\/segun-comerciantes-la-pampa-ahora-analiza-una-cuarentena-administrada-puedan-reabrir\/","title":{"rendered":"La Pampa ahora analiza una \u00abcuarentena administrada\u00bb"},"content":{"rendered":"<p>El gobernador<strong> Sergio Ziliotto<\/strong> estar\u00eda sopesando, por estas horas, implementar lo que se denomina una<strong> \u00abcuarentena administrada\u00bb<\/strong> en la mayor\u00eda de las 80 localidades de <strong>La Pampa<\/strong>, en medio de la pandemia de<strong> coronavirus<\/strong>. La medida, que en caso de concretarse flexibilizar\u00e1 las restricciones impuestas por Naci\u00f3n, implicar\u00eda la<strong> apertura de comercios pero con venta online y telef\u00f3nica<\/strong>. <strong>Es un pedido de los comerciantes y del intendente santarrose\u00f1o Luciano di N\u00e1poli.<\/strong><\/p>\n<p>En principio, no se permitir\u00eda la circulaci\u00f3n masiva de los clientes. <strong>Las ventas se har\u00edan por tel\u00e9fono o por internet y los encargos enviados por cadetes o fleteros.<\/strong><\/p>\n<p>De concretarse,<strong> ser\u00eda un camio en la postura del mandatario<\/strong>: el fin de semana<strong> hab\u00eda dicho que no iba a otorgar m\u00e1s excepciones que las dispuestas por Casa Rosada.<\/strong><\/p>\n<p>El dato fue revelado por dirigentes de la <strong>C\u00e1mara de Comercio, Industria y Producci\u00f3n de La Pampa<\/strong> a <strong>Diario Textual, <\/strong>que hicieron el pedido porque sostienen que <strong>hay comerciantes asfixiados econ\u00f3micamente, con riesgo de cerrar y de dejar a trabajadores en la calle<\/strong>.<\/p>\n<p><strong>Rosalynd Valenzuela<\/strong>, dirigente de la C\u00e1mara de Comercio, <strong>confirm\u00f3 que la propuesta de abrir de lunes a viernes, durante el horario bancario, fue elevada al intendente santarrose\u00f1o Luciano di N\u00e1poli<\/strong>. \u00abLa enviamos el s\u00e1bado y hoy nos recibi\u00f3 en su despacho\u00bb, confi\u00f3. \u00ab<strong>Seg\u00fan nos dijo, nuestra propuesta ya la elev\u00f3 al gobernador y tuvo una buena recepci\u00f3n en Casa de Gobierno<\/strong>\u00ab, cont\u00f3.<\/p>\n<p>\u00abNos dijo que<strong> a nivel provincial est\u00e1n trabajando y que cre\u00eda que en las pr\u00f3ximas horas la Provincia elevar\u00eda la nota a Naci\u00f3n<\/strong>\u00ab, sostuvo. \u00abNo alcanzar\u00eda solamente a Santa Rosa, sino a toda la provincia\u00bb, arriesg\u00f3.<\/p>\n<p>&nbsp;<\/p>\n<blockquote class=\"wp-embedded-content\" data-secret=\"fS5uyvB1zD\"><p><a href=\"http:\/\/diariotextual.com\/inicio\/index.php\/2020\/04\/11\/quieren-abrir-comerciantes-gremio-meten-presion-ziliotto-flexibilice-la-cuarentena\/\">Quieren abrir: comerciantes piden a Ziliotto que flexibilice la cuarentena<\/a><\/p><\/blockquote>\n<p><iframe class=\"wp-embedded-content\" sandbox=\"allow-scripts\" security=\"restricted\" style=\"position: absolute; clip: rect(1px, 1px, 1px, 1px);\" src=\"http:\/\/diariotextual.com\/inicio\/index.php\/2020\/04\/11\/quieren-abrir-comerciantes-gremio-meten-presion-ziliotto-flexibilice-la-cuarentena\/embed\/#?secret=fS5uyvB1zD\" data-secret=\"fS5uyvB1zD\" width=\"600\" height=\"338\" title=\"&#171;Quieren abrir: comerciantes piden a Ziliotto que flexibilice la cuarentena&#187; &#8212; Diario Textual\" frameborder=\"0\" marginwidth=\"0\" marginheight=\"0\" scrolling=\"no\"><\/iframe><\/p>\n<p>&nbsp;<\/p>\n<p>Incluso, <strong>el propio Di N\u00e1poli habr\u00eda propuesto o pedido que se reabran ciertas oficinas p\u00fablicas<\/strong> para empezar a aumentar la recaudaci\u00f3n: la central ser\u00eda Rentas.<\/p>\n<p>En el encuentro, adem\u00e1s de Di N\u00e1poli, estuvo la funcionaria municipal Carmina Besga. <strong>\u00abNos informaron que esperan que dentro de los pr\u00f3ximos d\u00edas sea autorizada por el nivel nacional y podamos comenzar con la cuarentena administrada en nuestra provincia\u00bb<\/strong>, revel\u00f3.<\/p>\n<p>Sin embargo, desde Casa de Gobierno le bajaron el tono a la iniciativa de los comerciantes. Dijeron que no permitir\u00edan por el momento la reapertura con ingreso de clientes. Solo ser\u00eda para ventas online o telef\u00f3nicas.<\/p>\n<blockquote class=\"wp-embedded-content\" data-secret=\"tIx7dKF874\"><p><a href=\"http:\/\/diariotextual.com\/inicio\/index.php\/2020\/04\/13\/comerciantes-protestan-este-lunes-empapelan-locales-encienden-alarmas\/\">Cuarentena: comerciantes empapelaron e hicieron sonar sirenas en reclamo de auxilio<\/a><\/p><\/blockquote>\n<p><iframe class=\"wp-embedded-content\" sandbox=\"allow-scripts\" security=\"restricted\" style=\"position: absolute; clip: rect(1px, 1px, 1px, 1px);\" src=\"http:\/\/diariotextual.com\/inicio\/index.php\/2020\/04\/13\/comerciantes-protestan-este-lunes-empapelan-locales-encienden-alarmas\/embed\/#?secret=tIx7dKF874\" data-secret=\"tIx7dKF874\" width=\"600\" height=\"338\" title=\"&#171;Cuarentena: comerciantes empapelaron e hicieron sonar sirenas en reclamo de auxilio&#187; &#8212; Diario Textual\" frameborder=\"0\" marginwidth=\"0\" marginheight=\"0\" scrolling=\"no\"><\/iframe><\/p>\n<p>&nbsp;<\/p>\n<p>&nbsp;<\/p>\n","protected":false},"excerpt":{"rendered":"<p>El gobernador Sergio Ziliotto estar\u00eda sopesando, por estas horas, implementar lo que se denomina una \u00abcuarentena administrada\u00bb en la mayor\u00eda de las 80 localidades de La Pampa, en medio de&hellip;<\/p>\n","protected":false},"author":3,"featured_media":85182,"comment_status":"closed","ping_status":"open","sticky":false,"template":"","format":"standard","meta":{"_acf_changed":false,"footnotes":""},"categories":[319,5],"tags":[2662],"class_list":["post-89220","post","type-post","status-publish","format-standard","has-post-thumbnail","hentry","category-a-temporales","category-economia","tag-coronavirus"],"acf":[],"yoast_head":"<!-- This site is optimized with the Yoast SEO plugin v27.5 - https:\/\/yoast.com\/product\/yoast-seo-wordpress\/ -->\n<title>La Pampa ahora analiza una &quot;cuarentena administrada&quot; - Diario Textual<\/title>\n<meta name=\"robots\" content=\"index, follow, max-snippet:-1, max-image-preview:large, max-video-preview:-1\" \/>\n<link rel=\"canonical\" href=\"https:\/\/diariotextual.com\/inicio\/index.php\/2020\/04\/14\/segun-comerciantes-la-pampa-ahora-analiza-una-cuarentena-administrada-puedan-reabrir\/\" \/>\n<meta property=\"og:locale\" content=\"es_ES\" \/>\n<meta property=\"og:type\" content=\"article\" \/>\n<meta property=\"og:title\" content=\"La Pampa ahora analiza una &quot;cuarentena administrada&quot; - Diario Textual\" \/>\n<meta property=\"og:description\" content=\"El gobernador Sergio Ziliotto estar\u00eda sopesando, por estas horas, implementar lo que se denomina una \u00abcuarentena administrada\u00bb en la mayor\u00eda de las 80 localidades de La Pampa, en medio de&hellip;\" \/>\n<meta property=\"og:url\" content=\"https:\/\/diariotextual.com\/inicio\/index.php\/2020\/04\/14\/segun-comerciantes-la-pampa-ahora-analiza-una-cuarentena-administrada-puedan-reabrir\/\" \/>\n<meta property=\"og:site_name\" content=\"Diario Textual\" \/>\n<meta property=\"article:publisher\" content=\"https:\/\/www.facebook.com\/eltextual\" \/>\n<meta property=\"article:published_time\" content=\"2020-04-14T21:48:48+00:00\" \/>\n<meta property=\"article:modified_time\" content=\"2020-04-15T20:37:48+00:00\" \/>\n<meta property=\"og:image\" content=\"https:\/\/diariotextual.com\/inicio\/wp-content\/uploads\/2020\/03\/coronavirustelam2020-210.jpg\" \/>\n\t<meta property=\"og:image:width\" content=\"1500\" \/>\n\t<meta property=\"og:image:height\" content=\"972\" \/>\n\t<meta property=\"og:image:type\" content=\"image\/jpeg\" \/>\n<meta name=\"author\" content=\"Diario1 Diario1\" \/>\n<meta name=\"twitter:card\" content=\"summary_large_image\" \/>\n<meta name=\"twitter:creator\" content=\"@eltextual\" \/>\n<meta name=\"twitter:site\" content=\"@eltextual\" \/>\n<meta name=\"twitter:label1\" content=\"Escrito por\" \/>\n\t<meta name=\"twitter:data1\" content=\"Diario1 Diario1\" \/>\n\t<meta name=\"twitter:label2\" content=\"Tiempo de lectura\" \/>\n\t<meta name=\"twitter:data2\" content=\"2 minutos\" \/>\n<script type=\"application\/ld+json\" class=\"yoast-schema-graph\">{\"@context\":\"https:\\\/\\\/schema.org\",\"@graph\":[{\"@type\":\"Article\",\"@id\":\"https:\\\/\\\/diariotextual.com\\\/inicio\\\/index.php\\\/2020\\\/04\\\/14\\\/segun-comerciantes-la-pampa-ahora-analiza-una-cuarentena-administrada-puedan-reabrir\\\/#article\",\"isPartOf\":{\"@id\":\"https:\\\/\\\/diariotextual.com\\\/inicio\\\/index.php\\\/2020\\\/04\\\/14\\\/segun-comerciantes-la-pampa-ahora-analiza-una-cuarentena-administrada-puedan-reabrir\\\/\"},\"author\":{\"name\":\"Diario1 Diario1\",\"@id\":\"https:\\\/\\\/diariotextual.com\\\/inicio\\\/#\\\/schema\\\/person\\\/418fc4093c33e86ed41562db3508f958\"},\"headline\":\"La Pampa ahora analiza una \u00abcuarentena administrada\u00bb\",\"datePublished\":\"2020-04-14T21:48:48+00:00\",\"dateModified\":\"2020-04-15T20:37:48+00:00\",\"mainEntityOfPage\":{\"@id\":\"https:\\\/\\\/diariotextual.com\\\/inicio\\\/index.php\\\/2020\\\/04\\\/14\\\/segun-comerciantes-la-pampa-ahora-analiza-una-cuarentena-administrada-puedan-reabrir\\\/\"},\"wordCount\":435,\"publisher\":{\"@id\":\"https:\\\/\\\/diariotextual.com\\\/inicio\\\/#organization\"},\"image\":{\"@id\":\"https:\\\/\\\/diariotextual.com\\\/inicio\\\/index.php\\\/2020\\\/04\\\/14\\\/segun-comerciantes-la-pampa-ahora-analiza-una-cuarentena-administrada-puedan-reabrir\\\/#primaryimage\"},\"thumbnailUrl\":\"https:\\\/\\\/diariotextual.com\\\/inicio\\\/wp-content\\\/uploads\\\/2020\\\/03\\\/coronavirustelam2020-210.jpg\",\"keywords\":[\"coronavirus\"],\"articleSection\":[\"A - TEMPORALES\",\"ECONOMIA\"],\"inLanguage\":\"es\"},{\"@type\":\"WebPage\",\"@id\":\"https:\\\/\\\/diariotextual.com\\\/inicio\\\/index.php\\\/2020\\\/04\\\/14\\\/segun-comerciantes-la-pampa-ahora-analiza-una-cuarentena-administrada-puedan-reabrir\\\/\",\"url\":\"https:\\\/\\\/diariotextual.com\\\/inicio\\\/index.php\\\/2020\\\/04\\\/14\\\/segun-comerciantes-la-pampa-ahora-analiza-una-cuarentena-administrada-puedan-reabrir\\\/\",\"name\":\"La Pampa ahora analiza una \\\"cuarentena administrada\\\" - Diario Textual\",\"isPartOf\":{\"@id\":\"https:\\\/\\\/diariotextual.com\\\/inicio\\\/#website\"},\"primaryImageOfPage\":{\"@id\":\"https:\\\/\\\/diariotextual.com\\\/inicio\\\/index.php\\\/2020\\\/04\\\/14\\\/segun-comerciantes-la-pampa-ahora-analiza-una-cuarentena-administrada-puedan-reabrir\\\/#primaryimage\"},\"image\":{\"@id\":\"https:\\\/\\\/diariotextual.com\\\/inicio\\\/index.php\\\/2020\\\/04\\\/14\\\/segun-comerciantes-la-pampa-ahora-analiza-una-cuarentena-administrada-puedan-reabrir\\\/#primaryimage\"},\"thumbnailUrl\":\"https:\\\/\\\/diariotextual.com\\\/inicio\\\/wp-content\\\/uploads\\\/2020\\\/03\\\/coronavirustelam2020-210.jpg\",\"datePublished\":\"2020-04-14T21:48:48+00:00\",\"dateModified\":\"2020-04-15T20:37:48+00:00\",\"breadcrumb\":{\"@id\":\"https:\\\/\\\/diariotextual.com\\\/inicio\\\/index.php\\\/2020\\\/04\\\/14\\\/segun-comerciantes-la-pampa-ahora-analiza-una-cuarentena-administrada-puedan-reabrir\\\/#breadcrumb\"},\"inLanguage\":\"es\",\"potentialAction\":[{\"@type\":\"ReadAction\",\"target\":[\"https:\\\/\\\/diariotextual.com\\\/inicio\\\/index.php\\\/2020\\\/04\\\/14\\\/segun-comerciantes-la-pampa-ahora-analiza-una-cuarentena-administrada-puedan-reabrir\\\/\"]}]},{\"@type\":\"ImageObject\",\"inLanguage\":\"es\",\"@id\":\"https:\\\/\\\/diariotextual.com\\\/inicio\\\/index.php\\\/2020\\\/04\\\/14\\\/segun-comerciantes-la-pampa-ahora-analiza-una-cuarentena-administrada-puedan-reabrir\\\/#primaryimage\",\"url\":\"https:\\\/\\\/diariotextual.com\\\/inicio\\\/wp-content\\\/uploads\\\/2020\\\/03\\\/coronavirustelam2020-210.jpg\",\"contentUrl\":\"https:\\\/\\\/diariotextual.com\\\/inicio\\\/wp-content\\\/uploads\\\/2020\\\/03\\\/coronavirustelam2020-210.jpg\",\"width\":1500,\"height\":972},{\"@type\":\"BreadcrumbList\",\"@id\":\"https:\\\/\\\/diariotextual.com\\\/inicio\\\/index.php\\\/2020\\\/04\\\/14\\\/segun-comerciantes-la-pampa-ahora-analiza-una-cuarentena-administrada-puedan-reabrir\\\/#breadcrumb\",\"itemListElement\":[{\"@type\":\"ListItem\",\"position\":1,\"name\":\"Portada\",\"item\":\"https:\\\/\\\/diariotextual.com\\\/inicio\\\/\"},{\"@type\":\"ListItem\",\"position\":2,\"name\":\"La Pampa ahora analiza una \u00abcuarentena administrada\u00bb\"}]},{\"@type\":\"WebSite\",\"@id\":\"https:\\\/\\\/diariotextual.com\\\/inicio\\\/#website\",\"url\":\"https:\\\/\\\/diariotextual.com\\\/inicio\\\/\",\"name\":\"Diario Textual\",\"description\":\"\",\"publisher\":{\"@id\":\"https:\\\/\\\/diariotextual.com\\\/inicio\\\/#organization\"},\"potentialAction\":[{\"@type\":\"SearchAction\",\"target\":{\"@type\":\"EntryPoint\",\"urlTemplate\":\"https:\\\/\\\/diariotextual.com\\\/inicio\\\/?s={search_term_string}\"},\"query-input\":{\"@type\":\"PropertyValueSpecification\",\"valueRequired\":true,\"valueName\":\"search_term_string\"}}],\"inLanguage\":\"es\"},{\"@type\":\"Organization\",\"@id\":\"https:\\\/\\\/diariotextual.com\\\/inicio\\\/#organization\",\"name\":\"Diario Textual\",\"url\":\"https:\\\/\\\/diariotextual.com\\\/inicio\\\/\",\"logo\":{\"@type\":\"ImageObject\",\"inLanguage\":\"es\",\"@id\":\"https:\\\/\\\/diariotextual.com\\\/inicio\\\/#\\\/schema\\\/logo\\\/image\\\/\",\"url\":\"https:\\\/\\\/diariotextual.com\\\/inicio\\\/wp-content\\\/uploads\\\/2023\\\/05\\\/logotextual1.jpg\",\"contentUrl\":\"https:\\\/\\\/diariotextual.com\\\/inicio\\\/wp-content\\\/uploads\\\/2023\\\/05\\\/logotextual1.jpg\",\"width\":516,\"height\":76,\"caption\":\"Diario Textual\"},\"image\":{\"@id\":\"https:\\\/\\\/diariotextual.com\\\/inicio\\\/#\\\/schema\\\/logo\\\/image\\\/\"},\"sameAs\":[\"https:\\\/\\\/www.facebook.com\\\/eltextual\",\"https:\\\/\\\/x.com\\\/eltextual\",\"http:\\\/\\\/www.instagram.com\\\/eltextual\"]},{\"@type\":\"Person\",\"@id\":\"https:\\\/\\\/diariotextual.com\\\/inicio\\\/#\\\/schema\\\/person\\\/418fc4093c33e86ed41562db3508f958\",\"name\":\"Diario1 Diario1\",\"image\":{\"@type\":\"ImageObject\",\"inLanguage\":\"es\",\"@id\":\"https:\\\/\\\/secure.gravatar.com\\\/avatar\\\/9167d280179c85bc18be67aa7eda765854300033af4896dd779b608640f2ef7a?s=96&d=mm&r=g\",\"url\":\"https:\\\/\\\/secure.gravatar.com\\\/avatar\\\/9167d280179c85bc18be67aa7eda765854300033af4896dd779b608640f2ef7a?s=96&d=mm&r=g\",\"contentUrl\":\"https:\\\/\\\/secure.gravatar.com\\\/avatar\\\/9167d280179c85bc18be67aa7eda765854300033af4896dd779b608640f2ef7a?s=96&d=mm&r=g\",\"caption\":\"Diario1 Diario1\"},\"url\":\"https:\\\/\\\/diariotextual.com\\\/inicio\\\/index.php\\\/author\\\/diario1\\\/\"}]}<\/script>\n<!-- \/ Yoast SEO plugin. -->","yoast_head_json":{"title":"La Pampa ahora analiza una \"cuarentena administrada\" - Diario Textual","robots":{"index":"index","follow":"follow","max-snippet":"max-snippet:-1","max-image-preview":"max-image-preview:large","max-video-preview":"max-video-preview:-1"},"canonical":"https:\/\/diariotextual.com\/inicio\/index.php\/2020\/04\/14\/segun-comerciantes-la-pampa-ahora-analiza-una-cuarentena-administrada-puedan-reabrir\/","og_locale":"es_ES","og_type":"article","og_title":"La Pampa ahora analiza una \"cuarentena administrada\" - Diario Textual","og_description":"El gobernador Sergio Ziliotto estar\u00eda sopesando, por estas horas, implementar lo que se denomina una \u00abcuarentena administrada\u00bb en la mayor\u00eda de las 80 localidades de La Pampa, en medio de&hellip;","og_url":"https:\/\/diariotextual.com\/inicio\/index.php\/2020\/04\/14\/segun-comerciantes-la-pampa-ahora-analiza-una-cuarentena-administrada-puedan-reabrir\/","og_site_name":"Diario Textual","article_publisher":"https:\/\/www.facebook.com\/eltextual","article_published_time":"2020-04-14T21:48:48+00:00","article_modified_time":"2020-04-15T20:37:48+00:00","og_image":[{"width":1500,"height":972,"url":"https:\/\/diariotextual.com\/inicio\/wp-content\/uploads\/2020\/03\/coronavirustelam2020-210.jpg","type":"image\/jpeg"}],"author":"Diario1 Diario1","twitter_card":"summary_large_image","twitter_creator":"@eltextual","twitter_site":"@eltextual","twitter_misc":{"Escrito por":"Diario1 Diario1","Tiempo de lectura":"2 minutos"},"schema":{"@context":"https:\/\/schema.org","@graph":[{"@type":"Article","@id":"https:\/\/diariotextual.com\/inicio\/index.php\/2020\/04\/14\/segun-comerciantes-la-pampa-ahora-analiza-una-cuarentena-administrada-puedan-reabrir\/#article","isPartOf":{"@id":"https:\/\/diariotextual.com\/inicio\/index.php\/2020\/04\/14\/segun-comerciantes-la-pampa-ahora-analiza-una-cuarentena-administrada-puedan-reabrir\/"},"author":{"name":"Diario1 Diario1","@id":"https:\/\/diariotextual.com\/inicio\/#\/schema\/person\/418fc4093c33e86ed41562db3508f958"},"headline":"La Pampa ahora analiza una \u00abcuarentena administrada\u00bb","datePublished":"2020-04-14T21:48:48+00:00","dateModified":"2020-04-15T20:37:48+00:00","mainEntityOfPage":{"@id":"https:\/\/diariotextual.com\/inicio\/index.php\/2020\/04\/14\/segun-comerciantes-la-pampa-ahora-analiza-una-cuarentena-administrada-puedan-reabrir\/"},"wordCount":435,"publisher":{"@id":"https:\/\/diariotextual.com\/inicio\/#organization"},"image":{"@id":"https:\/\/diariotextual.com\/inicio\/index.php\/2020\/04\/14\/segun-comerciantes-la-pampa-ahora-analiza-una-cuarentena-administrada-puedan-reabrir\/#primaryimage"},"thumbnailUrl":"https:\/\/diariotextual.com\/inicio\/wp-content\/uploads\/2020\/03\/coronavirustelam2020-210.jpg","keywords":["coronavirus"],"articleSection":["A - TEMPORALES","ECONOMIA"],"inLanguage":"es"},{"@type":"WebPage","@id":"https:\/\/diariotextual.com\/inicio\/index.php\/2020\/04\/14\/segun-comerciantes-la-pampa-ahora-analiza-una-cuarentena-administrada-puedan-reabrir\/","url":"https:\/\/diariotextual.com\/inicio\/index.php\/2020\/04\/14\/segun-comerciantes-la-pampa-ahora-analiza-una-cuarentena-administrada-puedan-reabrir\/","name":"La Pampa ahora analiza una \"cuarentena administrada\" - Diario Textual","isPartOf":{"@id":"https:\/\/diariotextual.com\/inicio\/#website"},"primaryImageOfPage":{"@id":"https:\/\/diariotextual.com\/inicio\/index.php\/2020\/04\/14\/segun-comerciantes-la-pampa-ahora-analiza-una-cuarentena-administrada-puedan-reabrir\/#primaryimage"},"image":{"@id":"https:\/\/diariotextual.com\/inicio\/index.php\/2020\/04\/14\/segun-comerciantes-la-pampa-ahora-analiza-una-cuarentena-administrada-puedan-reabrir\/#primaryimage"},"thumbnailUrl":"https:\/\/diariotextual.com\/inicio\/wp-content\/uploads\/2020\/03\/coronavirustelam2020-210.jpg","datePublished":"2020-04-14T21:48:48+00:00","dateModified":"2020-04-15T20:37:48+00:00","breadcrumb":{"@id":"https:\/\/diariotextual.com\/inicio\/index.php\/2020\/04\/14\/segun-comerciantes-la-pampa-ahora-analiza-una-cuarentena-administrada-puedan-reabrir\/#breadcrumb"},"inLanguage":"es","potentialAction":[{"@type":"ReadAction","target":["https:\/\/diariotextual.com\/inicio\/index.php\/2020\/04\/14\/segun-comerciantes-la-pampa-ahora-analiza-una-cuarentena-administrada-puedan-reabrir\/"]}]},{"@type":"ImageObject","inLanguage":"es","@id":"https:\/\/diariotextual.com\/inicio\/index.php\/2020\/04\/14\/segun-comerciantes-la-pampa-ahora-analiza-una-cuarentena-administrada-puedan-reabrir\/#primaryimage","url":"https:\/\/diariotextual.com\/inicio\/wp-content\/uploads\/2020\/03\/coronavirustelam2020-210.jpg","contentUrl":"https:\/\/diariotextual.com\/inicio\/wp-content\/uploads\/2020\/03\/coronavirustelam2020-210.jpg","width":1500,"height":972},{"@type":"BreadcrumbList","@id":"https:\/\/diariotextual.com\/inicio\/index.php\/2020\/04\/14\/segun-comerciantes-la-pampa-ahora-analiza-una-cuarentena-administrada-puedan-reabrir\/#breadcrumb","itemListElement":[{"@type":"ListItem","position":1,"name":"Portada","item":"https:\/\/diariotextual.com\/inicio\/"},{"@type":"ListItem","position":2,"name":"La Pampa ahora analiza una \u00abcuarentena administrada\u00bb"}]},{"@type":"WebSite","@id":"https:\/\/diariotextual.com\/inicio\/#website","url":"https:\/\/diariotextual.com\/inicio\/","name":"Diario Textual","description":"","publisher":{"@id":"https:\/\/diariotextual.com\/inicio\/#organization"},"potentialAction":[{"@type":"SearchAction","target":{"@type":"EntryPoint","urlTemplate":"https:\/\/diariotextual.com\/inicio\/?s={search_term_string}"},"query-input":{"@type":"PropertyValueSpecification","valueRequired":true,"valueName":"search_term_string"}}],"inLanguage":"es"},{"@type":"Organization","@id":"https:\/\/diariotextual.com\/inicio\/#organization","name":"Diario Textual","url":"https:\/\/diariotextual.com\/inicio\/","logo":{"@type":"ImageObject","inLanguage":"es","@id":"https:\/\/diariotextual.com\/inicio\/#\/schema\/logo\/image\/","url":"https:\/\/diariotextual.com\/inicio\/wp-content\/uploads\/2023\/05\/logotextual1.jpg","contentUrl":"https:\/\/diariotextual.com\/inicio\/wp-content\/uploads\/2023\/05\/logotextual1.jpg","width":516,"height":76,"caption":"Diario Textual"},"image":{"@id":"https:\/\/diariotextual.com\/inicio\/#\/schema\/logo\/image\/"},"sameAs":["https:\/\/www.facebook.com\/eltextual","https:\/\/x.com\/eltextual","http:\/\/www.instagram.com\/eltextual"]},{"@type":"Person","@id":"https:\/\/diariotextual.com\/inicio\/#\/schema\/person\/418fc4093c33e86ed41562db3508f958","name":"Diario1 Diario1","image":{"@type":"ImageObject","inLanguage":"es","@id":"https:\/\/secure.gravatar.com\/avatar\/9167d280179c85bc18be67aa7eda765854300033af4896dd779b608640f2ef7a?s=96&d=mm&r=g","url":"https:\/\/secure.gravatar.com\/avatar\/9167d280179c85bc18be67aa7eda765854300033af4896dd779b608640f2ef7a?s=96&d=mm&r=g","contentUrl":"https:\/\/secure.gravatar.com\/avatar\/9167d280179c85bc18be67aa7eda765854300033af4896dd779b608640f2ef7a?s=96&d=mm&r=g","caption":"Diario1 Diario1"},"url":"https:\/\/diariotextual.com\/inicio\/index.php\/author\/diario1\/"}]}},"_links":{"self":[{"href":"https:\/\/diariotextual.com\/inicio\/index.php\/wp-json\/wp\/v2\/posts\/89220","targetHints":{"allow":["GET"]}}],"collection":[{"href":"https:\/\/diariotextual.com\/inicio\/index.php\/wp-json\/wp\/v2\/posts"}],"about":[{"href":"https:\/\/diariotextual.com\/inicio\/index.php\/wp-json\/wp\/v2\/types\/post"}],"author":[{"embeddable":true,"href":"https:\/\/diariotextual.com\/inicio\/index.php\/wp-json\/wp\/v2\/users\/3"}],"replies":[{"embeddable":true,"href":"https:\/\/diariotextual.com\/inicio\/index.php\/wp-json\/wp\/v2\/comments?post=89220"}],"version-history":[{"count":13,"href":"https:\/\/diariotextual.com\/inicio\/index.php\/wp-json\/wp\/v2\/posts\/89220\/revisions"}],"predecessor-version":[{"id":89255,"href":"https:\/\/diariotextual.com\/inicio\/index.php\/wp-json\/wp\/v2\/posts\/89220\/revisions\/89255"}],"wp:featuredmedia":[{"embeddable":true,"href":"https:\/\/diariotextual.com\/inicio\/index.php\/wp-json\/wp\/v2\/media\/85182"}],"wp:attachment":[{"href":"https:\/\/diariotextual.com\/inicio\/index.php\/wp-json\/wp\/v2\/media?parent=89220"}],"wp:term":[{"taxonomy":"category","embeddable":true,"href":"https:\/\/diariotextual.com\/inicio\/index.php\/wp-json\/wp\/v2\/categories?post=89220"},{"taxonomy":"post_tag","embeddable":true,"href":"https:\/\/diariotextual.com\/inicio\/index.php\/wp-json\/wp\/v2\/tags?post=89220"}],"curies":[{"name":"wp","href":"https:\/\/api.w.org\/{rel}","templated":true}]}}