{"id":8983,"date":"2018-06-01T06:40:28","date_gmt":"2018-06-01T09:40:28","guid":{"rendered":"http:\/\/diariotextual.com\/inicio\/?p=8983"},"modified":"2018-06-01T11:09:05","modified_gmt":"2018-06-01T14:09:05","slug":"mariano-rajoy-fue-destituido-presidente-espana","status":"publish","type":"post","link":"https:\/\/diariotextual.com\/inicio\/index.php\/2018\/06\/01\/mariano-rajoy-fue-destituido-presidente-espana\/","title":{"rendered":"Mariano Rajoy fue destituido como presidente de Espa\u00f1a"},"content":{"rendered":"<p><strong>Mariano Rajoy<\/strong>\u00a0fue destituido este viernes como presidente de Espa\u00f1a.\u00a0\u00a0El Congreso de los Diputados\u00a0<strong>vot\u00f3 la moci\u00f3n de censura<\/strong>\u00a0impulsada por el l\u00edder socialista\u00a0<strong>Pedro S\u00e1nchez<\/strong>, que lo suceder\u00e1 en el cargo.<\/p>\n<p>\u00abA la vista de lo que todos sabemos, podemos presumir que la moci\u00f3n de censura saldr\u00e1 adelante. En consecuencia, <strong>el se\u00f1or S\u00e1nchez ser\u00e1 el nuevo presidente del gobierno<\/strong>, y yo quiero ser el primero en felicitarlo\u00bb, declar\u00f3 Rajoy minutos antes de la votaci\u00f3n en una breve intervenci\u00f3n ante los diputados.<\/p>\n<p>Rajoy se despidi\u00f3 de su cargo afirmando que, tras seis a\u00f1os y medio al frente del Ejecutivo, deja un pa\u00eds mejor del que encontr\u00f3.<\/p>\n<p>Despu\u00e9s de estar ausente toda la tarde de ayer y parte de la ma\u00f1ana de hoy mientras se debat\u00eda la moci\u00f3n de censura en su contra, Rajoy acudi\u00f3 al hemiciclo poco antes de que acabara la sesi\u00f3n y pidi\u00f3 la palabra para dirigirse a los diputados. <strong>\u00abHa sido un honor dejar una Espa\u00f1a mejor de la que encontr\u00e9\u00bb, dijo Rajoy.<\/strong><\/p>\n<p>El l\u00edder del Partido Popular (PP), que lleg\u00f3 al poder en diciembre de 2011, ha gobernado hasta este viernes, cuando fue derrotado por una moci\u00f3n de censura presentada por los socialistas y que justifican en la vinculaci\u00f3n del partido que lidera Rajoy con varios casos de corrupci\u00f3n.<\/p>\n<p><strong>S\u00e1nchez logr\u00f3 el jueves el apoyo de 180 diputados, cuatro m\u00e1s de los 176 necesarios para la mayor\u00eda absoluta en el Congreso, lo que le permiti\u00f3 desalojar a Rajoy del Ejecutivo.<\/strong><\/p>\n<p>El dirigente socialista contar\u00e1 con la adhesi\u00f3n de los grupos independentistas y nacionalistas del Pa\u00eds Vasco y Catalu\u00f1a, adem\u00e1s de Unidos Podemos, coalici\u00f3n de izquierdas.<\/p>\n<p>El l\u00edder socialista censur\u00f3 al ahora ex jefe del Ejecutivo por no asumir responsabilidades pol\u00edticas despu\u00e9s de que la Justicia condenara al conservador Partido Popular (PP), que lidera Mariano Rajoy, por beneficiarse de una trama de corrupci\u00f3n denominada caso \u00abGurtel\u00bb.<\/p>\n<p>&nbsp;<\/p>\n<p>&nbsp;<\/p>\n<p>&nbsp;<\/p>\n<p>&nbsp;<\/p>\n<p>&nbsp;<\/p>\n","protected":false},"excerpt":{"rendered":"<p>Mariano Rajoy\u00a0fue destituido este viernes como presidente de Espa\u00f1a.\u00a0\u00a0El Congreso de los Diputados\u00a0vot\u00f3 la moci\u00f3n de censura\u00a0impulsada por el l\u00edder socialista\u00a0Pedro S\u00e1nchez, que lo suceder\u00e1 en el cargo. \u00abA la&hellip;<\/p>\n","protected":false},"author":3,"featured_media":8984,"comment_status":"open","ping_status":"open","sticky":false,"template":"","format":"standard","meta":{"_acf_changed":false,"footnotes":""},"categories":[11,7],"tags":[375,377,374,376],"class_list":["post-8983","post","type-post","status-publish","format-standard","has-post-thumbnail","hentry","category-que-pasa","category-mundo","tag-espana","tag-presidente","tag-rajoy","tag-sanchez"],"acf":[],"yoast_head":"<!-- This site is optimized with the Yoast SEO plugin v27.5 - https:\/\/yoast.com\/product\/yoast-seo-wordpress\/ -->\n<title>Mariano Rajoy fue destituido como presidente de Espa\u00f1a - Diario Textual<\/title>\n<meta name=\"robots\" content=\"index, follow, max-snippet:-1, max-image-preview:large, max-video-preview:-1\" \/>\n<link rel=\"canonical\" href=\"https:\/\/diariotextual.com\/inicio\/index.php\/2018\/06\/01\/mariano-rajoy-fue-destituido-presidente-espana\/\" \/>\n<meta property=\"og:locale\" content=\"es_ES\" \/>\n<meta property=\"og:type\" content=\"article\" \/>\n<meta property=\"og:title\" content=\"Mariano Rajoy fue destituido como presidente de Espa\u00f1a - Diario Textual\" \/>\n<meta property=\"og:description\" content=\"Mariano Rajoy\u00a0fue destituido este viernes como presidente de Espa\u00f1a.\u00a0\u00a0El Congreso de los Diputados\u00a0vot\u00f3 la moci\u00f3n de censura\u00a0impulsada por el l\u00edder socialista\u00a0Pedro S\u00e1nchez, que lo suceder\u00e1 en el cargo. \u00abA la&hellip;\" \/>\n<meta property=\"og:url\" content=\"https:\/\/diariotextual.com\/inicio\/index.php\/2018\/06\/01\/mariano-rajoy-fue-destituido-presidente-espana\/\" \/>\n<meta property=\"og:site_name\" content=\"Diario Textual\" \/>\n<meta property=\"article:publisher\" content=\"https:\/\/www.facebook.com\/eltextual\" \/>\n<meta property=\"article:published_time\" content=\"2018-06-01T09:40:28+00:00\" \/>\n<meta property=\"article:modified_time\" content=\"2018-06-01T14:09:05+00:00\" \/>\n<meta property=\"og:image\" content=\"https:\/\/diariotextual.com\/inicio\/wp-content\/uploads\/2018\/06\/rajoymariano88.jpeg\" \/>\n\t<meta property=\"og:image:width\" content=\"874\" \/>\n\t<meta property=\"og:image:height\" content=\"549\" \/>\n\t<meta property=\"og:image:type\" content=\"image\/jpeg\" \/>\n<meta name=\"author\" content=\"Diario1 Diario1\" \/>\n<meta name=\"twitter:card\" content=\"summary_large_image\" \/>\n<meta name=\"twitter:creator\" content=\"@eltextual\" \/>\n<meta name=\"twitter:site\" content=\"@eltextual\" \/>\n<meta name=\"twitter:label1\" content=\"Escrito por\" \/>\n\t<meta name=\"twitter:data1\" content=\"Diario1 Diario1\" \/>\n\t<meta name=\"twitter:label2\" content=\"Tiempo de lectura\" \/>\n\t<meta name=\"twitter:data2\" content=\"2 minutos\" \/>\n<script type=\"application\/ld+json\" class=\"yoast-schema-graph\">{\"@context\":\"https:\\\/\\\/schema.org\",\"@graph\":[{\"@type\":\"Article\",\"@id\":\"https:\\\/\\\/diariotextual.com\\\/inicio\\\/index.php\\\/2018\\\/06\\\/01\\\/mariano-rajoy-fue-destituido-presidente-espana\\\/#article\",\"isPartOf\":{\"@id\":\"https:\\\/\\\/diariotextual.com\\\/inicio\\\/index.php\\\/2018\\\/06\\\/01\\\/mariano-rajoy-fue-destituido-presidente-espana\\\/\"},\"author\":{\"name\":\"Diario1 Diario1\",\"@id\":\"https:\\\/\\\/diariotextual.com\\\/inicio\\\/#\\\/schema\\\/person\\\/418fc4093c33e86ed41562db3508f958\"},\"headline\":\"Mariano Rajoy fue destituido como presidente de Espa\u00f1a\",\"datePublished\":\"2018-06-01T09:40:28+00:00\",\"dateModified\":\"2018-06-01T14:09:05+00:00\",\"mainEntityOfPage\":{\"@id\":\"https:\\\/\\\/diariotextual.com\\\/inicio\\\/index.php\\\/2018\\\/06\\\/01\\\/mariano-rajoy-fue-destituido-presidente-espana\\\/\"},\"wordCount\":354,\"commentCount\":0,\"publisher\":{\"@id\":\"https:\\\/\\\/diariotextual.com\\\/inicio\\\/#organization\"},\"image\":{\"@id\":\"https:\\\/\\\/diariotextual.com\\\/inicio\\\/index.php\\\/2018\\\/06\\\/01\\\/mariano-rajoy-fue-destituido-presidente-espana\\\/#primaryimage\"},\"thumbnailUrl\":\"https:\\\/\\\/diariotextual.com\\\/inicio\\\/wp-content\\\/uploads\\\/2018\\\/06\\\/rajoymariano88.jpeg\",\"keywords\":[\"espa\u00f1a\",\"presidente\",\"rajoy\",\"sanchez\"],\"articleSection\":[\"A - QUE PASA (al costado)\",\"MUNDO\"],\"inLanguage\":\"es\",\"potentialAction\":[{\"@type\":\"CommentAction\",\"name\":\"Comment\",\"target\":[\"https:\\\/\\\/diariotextual.com\\\/inicio\\\/index.php\\\/2018\\\/06\\\/01\\\/mariano-rajoy-fue-destituido-presidente-espana\\\/#respond\"]}]},{\"@type\":\"WebPage\",\"@id\":\"https:\\\/\\\/diariotextual.com\\\/inicio\\\/index.php\\\/2018\\\/06\\\/01\\\/mariano-rajoy-fue-destituido-presidente-espana\\\/\",\"url\":\"https:\\\/\\\/diariotextual.com\\\/inicio\\\/index.php\\\/2018\\\/06\\\/01\\\/mariano-rajoy-fue-destituido-presidente-espana\\\/\",\"name\":\"Mariano Rajoy fue destituido como presidente de Espa\u00f1a - Diario Textual\",\"isPartOf\":{\"@id\":\"https:\\\/\\\/diariotextual.com\\\/inicio\\\/#website\"},\"primaryImageOfPage\":{\"@id\":\"https:\\\/\\\/diariotextual.com\\\/inicio\\\/index.php\\\/2018\\\/06\\\/01\\\/mariano-rajoy-fue-destituido-presidente-espana\\\/#primaryimage\"},\"image\":{\"@id\":\"https:\\\/\\\/diariotextual.com\\\/inicio\\\/index.php\\\/2018\\\/06\\\/01\\\/mariano-rajoy-fue-destituido-presidente-espana\\\/#primaryimage\"},\"thumbnailUrl\":\"https:\\\/\\\/diariotextual.com\\\/inicio\\\/wp-content\\\/uploads\\\/2018\\\/06\\\/rajoymariano88.jpeg\",\"datePublished\":\"2018-06-01T09:40:28+00:00\",\"dateModified\":\"2018-06-01T14:09:05+00:00\",\"breadcrumb\":{\"@id\":\"https:\\\/\\\/diariotextual.com\\\/inicio\\\/index.php\\\/2018\\\/06\\\/01\\\/mariano-rajoy-fue-destituido-presidente-espana\\\/#breadcrumb\"},\"inLanguage\":\"es\",\"potentialAction\":[{\"@type\":\"ReadAction\",\"target\":[\"https:\\\/\\\/diariotextual.com\\\/inicio\\\/index.php\\\/2018\\\/06\\\/01\\\/mariano-rajoy-fue-destituido-presidente-espana\\\/\"]}]},{\"@type\":\"ImageObject\",\"inLanguage\":\"es\",\"@id\":\"https:\\\/\\\/diariotextual.com\\\/inicio\\\/index.php\\\/2018\\\/06\\\/01\\\/mariano-rajoy-fue-destituido-presidente-espana\\\/#primaryimage\",\"url\":\"https:\\\/\\\/diariotextual.com\\\/inicio\\\/wp-content\\\/uploads\\\/2018\\\/06\\\/rajoymariano88.jpeg\",\"contentUrl\":\"https:\\\/\\\/diariotextual.com\\\/inicio\\\/wp-content\\\/uploads\\\/2018\\\/06\\\/rajoymariano88.jpeg\",\"width\":874,\"height\":549},{\"@type\":\"BreadcrumbList\",\"@id\":\"https:\\\/\\\/diariotextual.com\\\/inicio\\\/index.php\\\/2018\\\/06\\\/01\\\/mariano-rajoy-fue-destituido-presidente-espana\\\/#breadcrumb\",\"itemListElement\":[{\"@type\":\"ListItem\",\"position\":1,\"name\":\"Portada\",\"item\":\"https:\\\/\\\/diariotextual.com\\\/inicio\\\/\"},{\"@type\":\"ListItem\",\"position\":2,\"name\":\"Mariano Rajoy fue destituido como presidente de Espa\u00f1a\"}]},{\"@type\":\"WebSite\",\"@id\":\"https:\\\/\\\/diariotextual.com\\\/inicio\\\/#website\",\"url\":\"https:\\\/\\\/diariotextual.com\\\/inicio\\\/\",\"name\":\"Diario Textual\",\"description\":\"\",\"publisher\":{\"@id\":\"https:\\\/\\\/diariotextual.com\\\/inicio\\\/#organization\"},\"potentialAction\":[{\"@type\":\"SearchAction\",\"target\":{\"@type\":\"EntryPoint\",\"urlTemplate\":\"https:\\\/\\\/diariotextual.com\\\/inicio\\\/?s={search_term_string}\"},\"query-input\":{\"@type\":\"PropertyValueSpecification\",\"valueRequired\":true,\"valueName\":\"search_term_string\"}}],\"inLanguage\":\"es\"},{\"@type\":\"Organization\",\"@id\":\"https:\\\/\\\/diariotextual.com\\\/inicio\\\/#organization\",\"name\":\"Diario Textual\",\"url\":\"https:\\\/\\\/diariotextual.com\\\/inicio\\\/\",\"logo\":{\"@type\":\"ImageObject\",\"inLanguage\":\"es\",\"@id\":\"https:\\\/\\\/diariotextual.com\\\/inicio\\\/#\\\/schema\\\/logo\\\/image\\\/\",\"url\":\"https:\\\/\\\/diariotextual.com\\\/inicio\\\/wp-content\\\/uploads\\\/2023\\\/05\\\/logotextual1.jpg\",\"contentUrl\":\"https:\\\/\\\/diariotextual.com\\\/inicio\\\/wp-content\\\/uploads\\\/2023\\\/05\\\/logotextual1.jpg\",\"width\":516,\"height\":76,\"caption\":\"Diario Textual\"},\"image\":{\"@id\":\"https:\\\/\\\/diariotextual.com\\\/inicio\\\/#\\\/schema\\\/logo\\\/image\\\/\"},\"sameAs\":[\"https:\\\/\\\/www.facebook.com\\\/eltextual\",\"https:\\\/\\\/x.com\\\/eltextual\",\"http:\\\/\\\/www.instagram.com\\\/eltextual\"]},{\"@type\":\"Person\",\"@id\":\"https:\\\/\\\/diariotextual.com\\\/inicio\\\/#\\\/schema\\\/person\\\/418fc4093c33e86ed41562db3508f958\",\"name\":\"Diario1 Diario1\",\"image\":{\"@type\":\"ImageObject\",\"inLanguage\":\"es\",\"@id\":\"https:\\\/\\\/secure.gravatar.com\\\/avatar\\\/9167d280179c85bc18be67aa7eda765854300033af4896dd779b608640f2ef7a?s=96&d=mm&r=g\",\"url\":\"https:\\\/\\\/secure.gravatar.com\\\/avatar\\\/9167d280179c85bc18be67aa7eda765854300033af4896dd779b608640f2ef7a?s=96&d=mm&r=g\",\"contentUrl\":\"https:\\\/\\\/secure.gravatar.com\\\/avatar\\\/9167d280179c85bc18be67aa7eda765854300033af4896dd779b608640f2ef7a?s=96&d=mm&r=g\",\"caption\":\"Diario1 Diario1\"},\"url\":\"https:\\\/\\\/diariotextual.com\\\/inicio\\\/index.php\\\/author\\\/diario1\\\/\"}]}<\/script>\n<!-- \/ Yoast SEO plugin. -->","yoast_head_json":{"title":"Mariano Rajoy fue destituido como presidente de Espa\u00f1a - Diario Textual","robots":{"index":"index","follow":"follow","max-snippet":"max-snippet:-1","max-image-preview":"max-image-preview:large","max-video-preview":"max-video-preview:-1"},"canonical":"https:\/\/diariotextual.com\/inicio\/index.php\/2018\/06\/01\/mariano-rajoy-fue-destituido-presidente-espana\/","og_locale":"es_ES","og_type":"article","og_title":"Mariano Rajoy fue destituido como presidente de Espa\u00f1a - Diario Textual","og_description":"Mariano Rajoy\u00a0fue destituido este viernes como presidente de Espa\u00f1a.\u00a0\u00a0El Congreso de los Diputados\u00a0vot\u00f3 la moci\u00f3n de censura\u00a0impulsada por el l\u00edder socialista\u00a0Pedro S\u00e1nchez, que lo suceder\u00e1 en el cargo. \u00abA la&hellip;","og_url":"https:\/\/diariotextual.com\/inicio\/index.php\/2018\/06\/01\/mariano-rajoy-fue-destituido-presidente-espana\/","og_site_name":"Diario Textual","article_publisher":"https:\/\/www.facebook.com\/eltextual","article_published_time":"2018-06-01T09:40:28+00:00","article_modified_time":"2018-06-01T14:09:05+00:00","og_image":[{"width":874,"height":549,"url":"https:\/\/diariotextual.com\/inicio\/wp-content\/uploads\/2018\/06\/rajoymariano88.jpeg","type":"image\/jpeg"}],"author":"Diario1 Diario1","twitter_card":"summary_large_image","twitter_creator":"@eltextual","twitter_site":"@eltextual","twitter_misc":{"Escrito por":"Diario1 Diario1","Tiempo de lectura":"2 minutos"},"schema":{"@context":"https:\/\/schema.org","@graph":[{"@type":"Article","@id":"https:\/\/diariotextual.com\/inicio\/index.php\/2018\/06\/01\/mariano-rajoy-fue-destituido-presidente-espana\/#article","isPartOf":{"@id":"https:\/\/diariotextual.com\/inicio\/index.php\/2018\/06\/01\/mariano-rajoy-fue-destituido-presidente-espana\/"},"author":{"name":"Diario1 Diario1","@id":"https:\/\/diariotextual.com\/inicio\/#\/schema\/person\/418fc4093c33e86ed41562db3508f958"},"headline":"Mariano Rajoy fue destituido como presidente de Espa\u00f1a","datePublished":"2018-06-01T09:40:28+00:00","dateModified":"2018-06-01T14:09:05+00:00","mainEntityOfPage":{"@id":"https:\/\/diariotextual.com\/inicio\/index.php\/2018\/06\/01\/mariano-rajoy-fue-destituido-presidente-espana\/"},"wordCount":354,"commentCount":0,"publisher":{"@id":"https:\/\/diariotextual.com\/inicio\/#organization"},"image":{"@id":"https:\/\/diariotextual.com\/inicio\/index.php\/2018\/06\/01\/mariano-rajoy-fue-destituido-presidente-espana\/#primaryimage"},"thumbnailUrl":"https:\/\/diariotextual.com\/inicio\/wp-content\/uploads\/2018\/06\/rajoymariano88.jpeg","keywords":["espa\u00f1a","presidente","rajoy","sanchez"],"articleSection":["A - QUE PASA (al costado)","MUNDO"],"inLanguage":"es","potentialAction":[{"@type":"CommentAction","name":"Comment","target":["https:\/\/diariotextual.com\/inicio\/index.php\/2018\/06\/01\/mariano-rajoy-fue-destituido-presidente-espana\/#respond"]}]},{"@type":"WebPage","@id":"https:\/\/diariotextual.com\/inicio\/index.php\/2018\/06\/01\/mariano-rajoy-fue-destituido-presidente-espana\/","url":"https:\/\/diariotextual.com\/inicio\/index.php\/2018\/06\/01\/mariano-rajoy-fue-destituido-presidente-espana\/","name":"Mariano Rajoy fue destituido como presidente de Espa\u00f1a - Diario Textual","isPartOf":{"@id":"https:\/\/diariotextual.com\/inicio\/#website"},"primaryImageOfPage":{"@id":"https:\/\/diariotextual.com\/inicio\/index.php\/2018\/06\/01\/mariano-rajoy-fue-destituido-presidente-espana\/#primaryimage"},"image":{"@id":"https:\/\/diariotextual.com\/inicio\/index.php\/2018\/06\/01\/mariano-rajoy-fue-destituido-presidente-espana\/#primaryimage"},"thumbnailUrl":"https:\/\/diariotextual.com\/inicio\/wp-content\/uploads\/2018\/06\/rajoymariano88.jpeg","datePublished":"2018-06-01T09:40:28+00:00","dateModified":"2018-06-01T14:09:05+00:00","breadcrumb":{"@id":"https:\/\/diariotextual.com\/inicio\/index.php\/2018\/06\/01\/mariano-rajoy-fue-destituido-presidente-espana\/#breadcrumb"},"inLanguage":"es","potentialAction":[{"@type":"ReadAction","target":["https:\/\/diariotextual.com\/inicio\/index.php\/2018\/06\/01\/mariano-rajoy-fue-destituido-presidente-espana\/"]}]},{"@type":"ImageObject","inLanguage":"es","@id":"https:\/\/diariotextual.com\/inicio\/index.php\/2018\/06\/01\/mariano-rajoy-fue-destituido-presidente-espana\/#primaryimage","url":"https:\/\/diariotextual.com\/inicio\/wp-content\/uploads\/2018\/06\/rajoymariano88.jpeg","contentUrl":"https:\/\/diariotextual.com\/inicio\/wp-content\/uploads\/2018\/06\/rajoymariano88.jpeg","width":874,"height":549},{"@type":"BreadcrumbList","@id":"https:\/\/diariotextual.com\/inicio\/index.php\/2018\/06\/01\/mariano-rajoy-fue-destituido-presidente-espana\/#breadcrumb","itemListElement":[{"@type":"ListItem","position":1,"name":"Portada","item":"https:\/\/diariotextual.com\/inicio\/"},{"@type":"ListItem","position":2,"name":"Mariano Rajoy fue destituido como presidente de Espa\u00f1a"}]},{"@type":"WebSite","@id":"https:\/\/diariotextual.com\/inicio\/#website","url":"https:\/\/diariotextual.com\/inicio\/","name":"Diario Textual","description":"","publisher":{"@id":"https:\/\/diariotextual.com\/inicio\/#organization"},"potentialAction":[{"@type":"SearchAction","target":{"@type":"EntryPoint","urlTemplate":"https:\/\/diariotextual.com\/inicio\/?s={search_term_string}"},"query-input":{"@type":"PropertyValueSpecification","valueRequired":true,"valueName":"search_term_string"}}],"inLanguage":"es"},{"@type":"Organization","@id":"https:\/\/diariotextual.com\/inicio\/#organization","name":"Diario Textual","url":"https:\/\/diariotextual.com\/inicio\/","logo":{"@type":"ImageObject","inLanguage":"es","@id":"https:\/\/diariotextual.com\/inicio\/#\/schema\/logo\/image\/","url":"https:\/\/diariotextual.com\/inicio\/wp-content\/uploads\/2023\/05\/logotextual1.jpg","contentUrl":"https:\/\/diariotextual.com\/inicio\/wp-content\/uploads\/2023\/05\/logotextual1.jpg","width":516,"height":76,"caption":"Diario Textual"},"image":{"@id":"https:\/\/diariotextual.com\/inicio\/#\/schema\/logo\/image\/"},"sameAs":["https:\/\/www.facebook.com\/eltextual","https:\/\/x.com\/eltextual","http:\/\/www.instagram.com\/eltextual"]},{"@type":"Person","@id":"https:\/\/diariotextual.com\/inicio\/#\/schema\/person\/418fc4093c33e86ed41562db3508f958","name":"Diario1 Diario1","image":{"@type":"ImageObject","inLanguage":"es","@id":"https:\/\/secure.gravatar.com\/avatar\/9167d280179c85bc18be67aa7eda765854300033af4896dd779b608640f2ef7a?s=96&d=mm&r=g","url":"https:\/\/secure.gravatar.com\/avatar\/9167d280179c85bc18be67aa7eda765854300033af4896dd779b608640f2ef7a?s=96&d=mm&r=g","contentUrl":"https:\/\/secure.gravatar.com\/avatar\/9167d280179c85bc18be67aa7eda765854300033af4896dd779b608640f2ef7a?s=96&d=mm&r=g","caption":"Diario1 Diario1"},"url":"https:\/\/diariotextual.com\/inicio\/index.php\/author\/diario1\/"}]}},"_links":{"self":[{"href":"https:\/\/diariotextual.com\/inicio\/index.php\/wp-json\/wp\/v2\/posts\/8983","targetHints":{"allow":["GET"]}}],"collection":[{"href":"https:\/\/diariotextual.com\/inicio\/index.php\/wp-json\/wp\/v2\/posts"}],"about":[{"href":"https:\/\/diariotextual.com\/inicio\/index.php\/wp-json\/wp\/v2\/types\/post"}],"author":[{"embeddable":true,"href":"https:\/\/diariotextual.com\/inicio\/index.php\/wp-json\/wp\/v2\/users\/3"}],"replies":[{"embeddable":true,"href":"https:\/\/diariotextual.com\/inicio\/index.php\/wp-json\/wp\/v2\/comments?post=8983"}],"version-history":[{"count":2,"href":"https:\/\/diariotextual.com\/inicio\/index.php\/wp-json\/wp\/v2\/posts\/8983\/revisions"}],"predecessor-version":[{"id":8986,"href":"https:\/\/diariotextual.com\/inicio\/index.php\/wp-json\/wp\/v2\/posts\/8983\/revisions\/8986"}],"wp:featuredmedia":[{"embeddable":true,"href":"https:\/\/diariotextual.com\/inicio\/index.php\/wp-json\/wp\/v2\/media\/8984"}],"wp:attachment":[{"href":"https:\/\/diariotextual.com\/inicio\/index.php\/wp-json\/wp\/v2\/media?parent=8983"}],"wp:term":[{"taxonomy":"category","embeddable":true,"href":"https:\/\/diariotextual.com\/inicio\/index.php\/wp-json\/wp\/v2\/categories?post=8983"},{"taxonomy":"post_tag","embeddable":true,"href":"https:\/\/diariotextual.com\/inicio\/index.php\/wp-json\/wp\/v2\/tags?post=8983"}],"curies":[{"name":"wp","href":"https:\/\/api.w.org\/{rel}","templated":true}]}}