{"id":89937,"date":"2020-04-20T07:23:33","date_gmt":"2020-04-20T10:23:33","guid":{"rendered":"http:\/\/diariotextual.com\/inicio\/?p=89937"},"modified":"2020-04-20T20:13:14","modified_gmt":"2020-04-20T23:13:14","slug":"gobierno-naconal-amplia-alcances-la-ayuda-empresas-trabajadores","status":"publish","type":"post","link":"https:\/\/diariotextual.com\/inicio\/index.php\/2020\/04\/20\/gobierno-naconal-amplia-alcances-la-ayuda-empresas-trabajadores\/","title":{"rendered":"El Gobierno nacional ampl\u00eda alcances de la ayuda para empresas y trabajadores"},"content":{"rendered":"<p><strong>El Gobierno nacional ampli\u00f3 y reglament\u00f3 el plan de ayuda a las empresas y al empleo.<\/strong>\u00a0Entre otras cosas genera criterios m\u00e1s amplios y tambi\u00e9n lanza cr\u00e9ditos a tasa cero.<\/p>\n<p>La instrumentaci\u00f3n se hace a trav\u00e9s de cambios en el Decreto que cre\u00f3 el programa de Asistencia al Trabajo y la Producci\u00f3n.<\/p>\n<p>Hasta ahora m\u00e1s de 420 mil empleadores se registraron en el Programa de Asistencia de Emergencia para el Trabajo y la Producci\u00f3n (ATP). Los principales puntos son los siguientes:<\/p>\n<p><strong>&#8211; Salario complementario para todos los trabajadores bajo dependencia del sector privado.<\/strong> Consiste en la \u00abasignaci\u00f3n abonada por el Estado nacional para los trabajadores en relaci\u00f3n de dependencia del sector privado\u00bb.<\/p>\n<p><strong>&#8211; Cr\u00e9ditos a tasa cero para monotributistas y aut\u00f3nomos<\/strong> con garant\u00eda del Estado Nacional que se har\u00e1 cargo de los intereses.<\/p>\n<p>&#8211; Se mantiene la<strong> reducci\u00f3n de aportes patronales<\/strong>.<\/p>\n<p>&#8211; El <strong>seguro de desempleo ser\u00e1 de $ 6000 a $ 10000<\/strong>.<\/p>\n<p>&#8211; El Estado Nacional<strong> se har\u00e1 cargo del 100% del Costo Financiero Total del pr\u00e9stamo a tasa 0%<\/strong>.<\/p>\n<p>&#8211; Todo pasar\u00e1 a ser salario complementario hasta el 50% del salario neto no pudiendo ser inferior a un salario vital y m\u00f3vil. No podr\u00e1 superar dos salarios vital y m\u00f3vil.<\/p>\n<p>&#8211; Quienes se inscribieron hasta el viernes en los REPRO se van a reconvertir a este sistema.<\/p>\n<p>&#8211; El FONDEP dispondr\u00e1 a trav\u00e9s de la Jefatura de Gabinete de 11 mil millones de pesos para solventar el CFT de los pr\u00e9stamos a tasa 0%.<\/p>\n<p>&#8211; El FOGAR dispondr\u00e1 a trav\u00e9s de la Jefatura de Gabinete de 26 mil millones de pesos.<\/p>\n<p>&#8211; El Ministerio de Trabajo tendr\u00e1 la potestad de modificar e implementar el Seguro por Desempleo.<\/p>\n<p>Seg\u00fan la AFIP, <strong>hasta ahora m\u00e1s de 420 mil empleadores se registraron en el Programa de Asistencia de Emergencia para el Trabajo y la Producci\u00f3n (ATP).<\/strong><\/p>\n<p>En ese sentido, informaron que finalizado el proceso de inscripci\u00f3n y carga de informaci\u00f3n econ\u00f3mica, comenz\u00f3 la etapa de evaluaci\u00f3n para determinar cu\u00e1les son los beneficios estatales a los que podr\u00e1 acceder cada empresa.<\/p>\n<p>Las herramientas previstas en el programa permitir\u00e1n amortiguar el impacto del aislamiento social preventivo y obligatorio sobre la actividad econ\u00f3mica. Los empleadores que solicitaron asistencia estatal para pagar salarios representan al 82% del total de empresas privadas del pa\u00eds. \u201cEl Estado argentino realizar\u00e1 un aporte significativo para garantizar el pago de los salarios del sector privado\u201d, expres\u00f3 la titular de la AFIP, Mercedes Marc\u00f3 del Pont. Marc\u00f3 del Pont destac\u00f3 que 7 de cada 10 empleadores registrados ya accedieron a la pr\u00f3rroga por dos meses de las contribuciones patronales correspondientes a marzo que se pagan en abril.<\/p>\n<p>El esfuerzo realizado por el Estado al postergar el pago de las obligaciones ya benefici\u00f3 a 3,4 millones de trabajadores. Los empleadores inscriptos en el programa ATP deben cargar en el sitio web de la AFIP la CBU de sus trabajadores. Tambi\u00e9n tienen que informar el c\u00f3digo del convenio colectivo de trabajo de sus empleados. Las empresas que todav\u00eda no lo hayan hecho, pueden suministrar esos datos en el servicio Simplificaci\u00f3n Registral de la AFIP.<\/p>\n<p>&nbsp;<\/p>\n<p>&nbsp;<\/p>\n","protected":false},"excerpt":{"rendered":"<p>El Gobierno nacional ampli\u00f3 y reglament\u00f3 el plan de ayuda a las empresas y al empleo.\u00a0Entre otras cosas genera criterios m\u00e1s amplios y tambi\u00e9n lanza cr\u00e9ditos a tasa cero. La&hellip;<\/p>\n","protected":false},"author":3,"featured_media":16637,"comment_status":"closed","ping_status":"open","sticky":false,"template":"","format":"standard","meta":{"_acf_changed":false,"footnotes":""},"categories":[11,5],"tags":[],"class_list":["post-89937","post","type-post","status-publish","format-standard","has-post-thumbnail","hentry","category-que-pasa","category-economia"],"acf":[],"yoast_head":"<!-- This site is optimized with the Yoast SEO plugin v27.5 - https:\/\/yoast.com\/product\/yoast-seo-wordpress\/ -->\n<title>El Gobierno nacional ampl\u00eda alcances de la ayuda para empresas y trabajadores - Diario Textual<\/title>\n<meta name=\"robots\" content=\"index, follow, max-snippet:-1, max-image-preview:large, max-video-preview:-1\" \/>\n<link rel=\"canonical\" href=\"https:\/\/diariotextual.com\/inicio\/index.php\/2020\/04\/20\/gobierno-naconal-amplia-alcances-la-ayuda-empresas-trabajadores\/\" \/>\n<meta property=\"og:locale\" content=\"es_ES\" \/>\n<meta property=\"og:type\" content=\"article\" \/>\n<meta property=\"og:title\" content=\"El Gobierno nacional ampl\u00eda alcances de la ayuda para empresas y trabajadores - Diario Textual\" \/>\n<meta property=\"og:description\" content=\"El Gobierno nacional ampli\u00f3 y reglament\u00f3 el plan de ayuda a las empresas y al empleo.\u00a0Entre otras cosas genera criterios m\u00e1s amplios y tambi\u00e9n lanza cr\u00e9ditos a tasa cero. La&hellip;\" \/>\n<meta property=\"og:url\" content=\"https:\/\/diariotextual.com\/inicio\/index.php\/2020\/04\/20\/gobierno-naconal-amplia-alcances-la-ayuda-empresas-trabajadores\/\" \/>\n<meta property=\"og:site_name\" content=\"Diario Textual\" \/>\n<meta property=\"article:publisher\" content=\"https:\/\/www.facebook.com\/eltextual\" \/>\n<meta property=\"article:published_time\" content=\"2020-04-20T10:23:33+00:00\" \/>\n<meta property=\"article:modified_time\" content=\"2020-04-20T23:13:14+00:00\" \/>\n<meta property=\"og:image\" content=\"https:\/\/diariotextual.com\/inicio\/wp-content\/uploads\/2018\/08\/industrias555.jpg\" \/>\n\t<meta property=\"og:image:width\" content=\"887\" \/>\n\t<meta property=\"og:image:height\" content=\"580\" \/>\n\t<meta property=\"og:image:type\" content=\"image\/jpeg\" \/>\n<meta name=\"author\" content=\"Diario1 Diario1\" \/>\n<meta name=\"twitter:card\" content=\"summary_large_image\" \/>\n<meta name=\"twitter:creator\" content=\"@eltextual\" \/>\n<meta name=\"twitter:site\" content=\"@eltextual\" \/>\n<meta name=\"twitter:label1\" content=\"Escrito por\" \/>\n\t<meta name=\"twitter:data1\" content=\"Diario1 Diario1\" \/>\n\t<meta name=\"twitter:label2\" content=\"Tiempo de lectura\" \/>\n\t<meta name=\"twitter:data2\" content=\"3 minutos\" \/>\n<script type=\"application\/ld+json\" class=\"yoast-schema-graph\">{\"@context\":\"https:\\\/\\\/schema.org\",\"@graph\":[{\"@type\":\"Article\",\"@id\":\"https:\\\/\\\/diariotextual.com\\\/inicio\\\/index.php\\\/2020\\\/04\\\/20\\\/gobierno-naconal-amplia-alcances-la-ayuda-empresas-trabajadores\\\/#article\",\"isPartOf\":{\"@id\":\"https:\\\/\\\/diariotextual.com\\\/inicio\\\/index.php\\\/2020\\\/04\\\/20\\\/gobierno-naconal-amplia-alcances-la-ayuda-empresas-trabajadores\\\/\"},\"author\":{\"name\":\"Diario1 Diario1\",\"@id\":\"https:\\\/\\\/diariotextual.com\\\/inicio\\\/#\\\/schema\\\/person\\\/418fc4093c33e86ed41562db3508f958\"},\"headline\":\"El Gobierno nacional ampl\u00eda alcances de la ayuda para empresas y trabajadores\",\"datePublished\":\"2020-04-20T10:23:33+00:00\",\"dateModified\":\"2020-04-20T23:13:14+00:00\",\"mainEntityOfPage\":{\"@id\":\"https:\\\/\\\/diariotextual.com\\\/inicio\\\/index.php\\\/2020\\\/04\\\/20\\\/gobierno-naconal-amplia-alcances-la-ayuda-empresas-trabajadores\\\/\"},\"wordCount\":546,\"publisher\":{\"@id\":\"https:\\\/\\\/diariotextual.com\\\/inicio\\\/#organization\"},\"image\":{\"@id\":\"https:\\\/\\\/diariotextual.com\\\/inicio\\\/index.php\\\/2020\\\/04\\\/20\\\/gobierno-naconal-amplia-alcances-la-ayuda-empresas-trabajadores\\\/#primaryimage\"},\"thumbnailUrl\":\"https:\\\/\\\/diariotextual.com\\\/inicio\\\/wp-content\\\/uploads\\\/2018\\\/08\\\/industrias555.jpg\",\"articleSection\":[\"A - QUE PASA (al costado)\",\"ECONOMIA\"],\"inLanguage\":\"es\"},{\"@type\":\"WebPage\",\"@id\":\"https:\\\/\\\/diariotextual.com\\\/inicio\\\/index.php\\\/2020\\\/04\\\/20\\\/gobierno-naconal-amplia-alcances-la-ayuda-empresas-trabajadores\\\/\",\"url\":\"https:\\\/\\\/diariotextual.com\\\/inicio\\\/index.php\\\/2020\\\/04\\\/20\\\/gobierno-naconal-amplia-alcances-la-ayuda-empresas-trabajadores\\\/\",\"name\":\"El Gobierno nacional ampl\u00eda alcances de la ayuda para empresas y trabajadores - Diario Textual\",\"isPartOf\":{\"@id\":\"https:\\\/\\\/diariotextual.com\\\/inicio\\\/#website\"},\"primaryImageOfPage\":{\"@id\":\"https:\\\/\\\/diariotextual.com\\\/inicio\\\/index.php\\\/2020\\\/04\\\/20\\\/gobierno-naconal-amplia-alcances-la-ayuda-empresas-trabajadores\\\/#primaryimage\"},\"image\":{\"@id\":\"https:\\\/\\\/diariotextual.com\\\/inicio\\\/index.php\\\/2020\\\/04\\\/20\\\/gobierno-naconal-amplia-alcances-la-ayuda-empresas-trabajadores\\\/#primaryimage\"},\"thumbnailUrl\":\"https:\\\/\\\/diariotextual.com\\\/inicio\\\/wp-content\\\/uploads\\\/2018\\\/08\\\/industrias555.jpg\",\"datePublished\":\"2020-04-20T10:23:33+00:00\",\"dateModified\":\"2020-04-20T23:13:14+00:00\",\"breadcrumb\":{\"@id\":\"https:\\\/\\\/diariotextual.com\\\/inicio\\\/index.php\\\/2020\\\/04\\\/20\\\/gobierno-naconal-amplia-alcances-la-ayuda-empresas-trabajadores\\\/#breadcrumb\"},\"inLanguage\":\"es\",\"potentialAction\":[{\"@type\":\"ReadAction\",\"target\":[\"https:\\\/\\\/diariotextual.com\\\/inicio\\\/index.php\\\/2020\\\/04\\\/20\\\/gobierno-naconal-amplia-alcances-la-ayuda-empresas-trabajadores\\\/\"]}]},{\"@type\":\"ImageObject\",\"inLanguage\":\"es\",\"@id\":\"https:\\\/\\\/diariotextual.com\\\/inicio\\\/index.php\\\/2020\\\/04\\\/20\\\/gobierno-naconal-amplia-alcances-la-ayuda-empresas-trabajadores\\\/#primaryimage\",\"url\":\"https:\\\/\\\/diariotextual.com\\\/inicio\\\/wp-content\\\/uploads\\\/2018\\\/08\\\/industrias555.jpg\",\"contentUrl\":\"https:\\\/\\\/diariotextual.com\\\/inicio\\\/wp-content\\\/uploads\\\/2018\\\/08\\\/industrias555.jpg\",\"width\":887,\"height\":580},{\"@type\":\"BreadcrumbList\",\"@id\":\"https:\\\/\\\/diariotextual.com\\\/inicio\\\/index.php\\\/2020\\\/04\\\/20\\\/gobierno-naconal-amplia-alcances-la-ayuda-empresas-trabajadores\\\/#breadcrumb\",\"itemListElement\":[{\"@type\":\"ListItem\",\"position\":1,\"name\":\"Portada\",\"item\":\"https:\\\/\\\/diariotextual.com\\\/inicio\\\/\"},{\"@type\":\"ListItem\",\"position\":2,\"name\":\"El Gobierno nacional ampl\u00eda alcances de la ayuda para empresas y trabajadores\"}]},{\"@type\":\"WebSite\",\"@id\":\"https:\\\/\\\/diariotextual.com\\\/inicio\\\/#website\",\"url\":\"https:\\\/\\\/diariotextual.com\\\/inicio\\\/\",\"name\":\"Diario Textual\",\"description\":\"\",\"publisher\":{\"@id\":\"https:\\\/\\\/diariotextual.com\\\/inicio\\\/#organization\"},\"potentialAction\":[{\"@type\":\"SearchAction\",\"target\":{\"@type\":\"EntryPoint\",\"urlTemplate\":\"https:\\\/\\\/diariotextual.com\\\/inicio\\\/?s={search_term_string}\"},\"query-input\":{\"@type\":\"PropertyValueSpecification\",\"valueRequired\":true,\"valueName\":\"search_term_string\"}}],\"inLanguage\":\"es\"},{\"@type\":\"Organization\",\"@id\":\"https:\\\/\\\/diariotextual.com\\\/inicio\\\/#organization\",\"name\":\"Diario Textual\",\"url\":\"https:\\\/\\\/diariotextual.com\\\/inicio\\\/\",\"logo\":{\"@type\":\"ImageObject\",\"inLanguage\":\"es\",\"@id\":\"https:\\\/\\\/diariotextual.com\\\/inicio\\\/#\\\/schema\\\/logo\\\/image\\\/\",\"url\":\"https:\\\/\\\/diariotextual.com\\\/inicio\\\/wp-content\\\/uploads\\\/2023\\\/05\\\/logotextual1.jpg\",\"contentUrl\":\"https:\\\/\\\/diariotextual.com\\\/inicio\\\/wp-content\\\/uploads\\\/2023\\\/05\\\/logotextual1.jpg\",\"width\":516,\"height\":76,\"caption\":\"Diario Textual\"},\"image\":{\"@id\":\"https:\\\/\\\/diariotextual.com\\\/inicio\\\/#\\\/schema\\\/logo\\\/image\\\/\"},\"sameAs\":[\"https:\\\/\\\/www.facebook.com\\\/eltextual\",\"https:\\\/\\\/x.com\\\/eltextual\",\"http:\\\/\\\/www.instagram.com\\\/eltextual\"]},{\"@type\":\"Person\",\"@id\":\"https:\\\/\\\/diariotextual.com\\\/inicio\\\/#\\\/schema\\\/person\\\/418fc4093c33e86ed41562db3508f958\",\"name\":\"Diario1 Diario1\",\"image\":{\"@type\":\"ImageObject\",\"inLanguage\":\"es\",\"@id\":\"https:\\\/\\\/secure.gravatar.com\\\/avatar\\\/9167d280179c85bc18be67aa7eda765854300033af4896dd779b608640f2ef7a?s=96&d=mm&r=g\",\"url\":\"https:\\\/\\\/secure.gravatar.com\\\/avatar\\\/9167d280179c85bc18be67aa7eda765854300033af4896dd779b608640f2ef7a?s=96&d=mm&r=g\",\"contentUrl\":\"https:\\\/\\\/secure.gravatar.com\\\/avatar\\\/9167d280179c85bc18be67aa7eda765854300033af4896dd779b608640f2ef7a?s=96&d=mm&r=g\",\"caption\":\"Diario1 Diario1\"},\"url\":\"https:\\\/\\\/diariotextual.com\\\/inicio\\\/index.php\\\/author\\\/diario1\\\/\"}]}<\/script>\n<!-- \/ Yoast SEO plugin. -->","yoast_head_json":{"title":"El Gobierno nacional ampl\u00eda alcances de la ayuda para empresas y trabajadores - Diario Textual","robots":{"index":"index","follow":"follow","max-snippet":"max-snippet:-1","max-image-preview":"max-image-preview:large","max-video-preview":"max-video-preview:-1"},"canonical":"https:\/\/diariotextual.com\/inicio\/index.php\/2020\/04\/20\/gobierno-naconal-amplia-alcances-la-ayuda-empresas-trabajadores\/","og_locale":"es_ES","og_type":"article","og_title":"El Gobierno nacional ampl\u00eda alcances de la ayuda para empresas y trabajadores - Diario Textual","og_description":"El Gobierno nacional ampli\u00f3 y reglament\u00f3 el plan de ayuda a las empresas y al empleo.\u00a0Entre otras cosas genera criterios m\u00e1s amplios y tambi\u00e9n lanza cr\u00e9ditos a tasa cero. La&hellip;","og_url":"https:\/\/diariotextual.com\/inicio\/index.php\/2020\/04\/20\/gobierno-naconal-amplia-alcances-la-ayuda-empresas-trabajadores\/","og_site_name":"Diario Textual","article_publisher":"https:\/\/www.facebook.com\/eltextual","article_published_time":"2020-04-20T10:23:33+00:00","article_modified_time":"2020-04-20T23:13:14+00:00","og_image":[{"width":887,"height":580,"url":"https:\/\/diariotextual.com\/inicio\/wp-content\/uploads\/2018\/08\/industrias555.jpg","type":"image\/jpeg"}],"author":"Diario1 Diario1","twitter_card":"summary_large_image","twitter_creator":"@eltextual","twitter_site":"@eltextual","twitter_misc":{"Escrito por":"Diario1 Diario1","Tiempo de lectura":"3 minutos"},"schema":{"@context":"https:\/\/schema.org","@graph":[{"@type":"Article","@id":"https:\/\/diariotextual.com\/inicio\/index.php\/2020\/04\/20\/gobierno-naconal-amplia-alcances-la-ayuda-empresas-trabajadores\/#article","isPartOf":{"@id":"https:\/\/diariotextual.com\/inicio\/index.php\/2020\/04\/20\/gobierno-naconal-amplia-alcances-la-ayuda-empresas-trabajadores\/"},"author":{"name":"Diario1 Diario1","@id":"https:\/\/diariotextual.com\/inicio\/#\/schema\/person\/418fc4093c33e86ed41562db3508f958"},"headline":"El Gobierno nacional ampl\u00eda alcances de la ayuda para empresas y trabajadores","datePublished":"2020-04-20T10:23:33+00:00","dateModified":"2020-04-20T23:13:14+00:00","mainEntityOfPage":{"@id":"https:\/\/diariotextual.com\/inicio\/index.php\/2020\/04\/20\/gobierno-naconal-amplia-alcances-la-ayuda-empresas-trabajadores\/"},"wordCount":546,"publisher":{"@id":"https:\/\/diariotextual.com\/inicio\/#organization"},"image":{"@id":"https:\/\/diariotextual.com\/inicio\/index.php\/2020\/04\/20\/gobierno-naconal-amplia-alcances-la-ayuda-empresas-trabajadores\/#primaryimage"},"thumbnailUrl":"https:\/\/diariotextual.com\/inicio\/wp-content\/uploads\/2018\/08\/industrias555.jpg","articleSection":["A - QUE PASA (al costado)","ECONOMIA"],"inLanguage":"es"},{"@type":"WebPage","@id":"https:\/\/diariotextual.com\/inicio\/index.php\/2020\/04\/20\/gobierno-naconal-amplia-alcances-la-ayuda-empresas-trabajadores\/","url":"https:\/\/diariotextual.com\/inicio\/index.php\/2020\/04\/20\/gobierno-naconal-amplia-alcances-la-ayuda-empresas-trabajadores\/","name":"El Gobierno nacional ampl\u00eda alcances de la ayuda para empresas y trabajadores - Diario Textual","isPartOf":{"@id":"https:\/\/diariotextual.com\/inicio\/#website"},"primaryImageOfPage":{"@id":"https:\/\/diariotextual.com\/inicio\/index.php\/2020\/04\/20\/gobierno-naconal-amplia-alcances-la-ayuda-empresas-trabajadores\/#primaryimage"},"image":{"@id":"https:\/\/diariotextual.com\/inicio\/index.php\/2020\/04\/20\/gobierno-naconal-amplia-alcances-la-ayuda-empresas-trabajadores\/#primaryimage"},"thumbnailUrl":"https:\/\/diariotextual.com\/inicio\/wp-content\/uploads\/2018\/08\/industrias555.jpg","datePublished":"2020-04-20T10:23:33+00:00","dateModified":"2020-04-20T23:13:14+00:00","breadcrumb":{"@id":"https:\/\/diariotextual.com\/inicio\/index.php\/2020\/04\/20\/gobierno-naconal-amplia-alcances-la-ayuda-empresas-trabajadores\/#breadcrumb"},"inLanguage":"es","potentialAction":[{"@type":"ReadAction","target":["https:\/\/diariotextual.com\/inicio\/index.php\/2020\/04\/20\/gobierno-naconal-amplia-alcances-la-ayuda-empresas-trabajadores\/"]}]},{"@type":"ImageObject","inLanguage":"es","@id":"https:\/\/diariotextual.com\/inicio\/index.php\/2020\/04\/20\/gobierno-naconal-amplia-alcances-la-ayuda-empresas-trabajadores\/#primaryimage","url":"https:\/\/diariotextual.com\/inicio\/wp-content\/uploads\/2018\/08\/industrias555.jpg","contentUrl":"https:\/\/diariotextual.com\/inicio\/wp-content\/uploads\/2018\/08\/industrias555.jpg","width":887,"height":580},{"@type":"BreadcrumbList","@id":"https:\/\/diariotextual.com\/inicio\/index.php\/2020\/04\/20\/gobierno-naconal-amplia-alcances-la-ayuda-empresas-trabajadores\/#breadcrumb","itemListElement":[{"@type":"ListItem","position":1,"name":"Portada","item":"https:\/\/diariotextual.com\/inicio\/"},{"@type":"ListItem","position":2,"name":"El Gobierno nacional ampl\u00eda alcances de la ayuda para empresas y trabajadores"}]},{"@type":"WebSite","@id":"https:\/\/diariotextual.com\/inicio\/#website","url":"https:\/\/diariotextual.com\/inicio\/","name":"Diario Textual","description":"","publisher":{"@id":"https:\/\/diariotextual.com\/inicio\/#organization"},"potentialAction":[{"@type":"SearchAction","target":{"@type":"EntryPoint","urlTemplate":"https:\/\/diariotextual.com\/inicio\/?s={search_term_string}"},"query-input":{"@type":"PropertyValueSpecification","valueRequired":true,"valueName":"search_term_string"}}],"inLanguage":"es"},{"@type":"Organization","@id":"https:\/\/diariotextual.com\/inicio\/#organization","name":"Diario Textual","url":"https:\/\/diariotextual.com\/inicio\/","logo":{"@type":"ImageObject","inLanguage":"es","@id":"https:\/\/diariotextual.com\/inicio\/#\/schema\/logo\/image\/","url":"https:\/\/diariotextual.com\/inicio\/wp-content\/uploads\/2023\/05\/logotextual1.jpg","contentUrl":"https:\/\/diariotextual.com\/inicio\/wp-content\/uploads\/2023\/05\/logotextual1.jpg","width":516,"height":76,"caption":"Diario Textual"},"image":{"@id":"https:\/\/diariotextual.com\/inicio\/#\/schema\/logo\/image\/"},"sameAs":["https:\/\/www.facebook.com\/eltextual","https:\/\/x.com\/eltextual","http:\/\/www.instagram.com\/eltextual"]},{"@type":"Person","@id":"https:\/\/diariotextual.com\/inicio\/#\/schema\/person\/418fc4093c33e86ed41562db3508f958","name":"Diario1 Diario1","image":{"@type":"ImageObject","inLanguage":"es","@id":"https:\/\/secure.gravatar.com\/avatar\/9167d280179c85bc18be67aa7eda765854300033af4896dd779b608640f2ef7a?s=96&d=mm&r=g","url":"https:\/\/secure.gravatar.com\/avatar\/9167d280179c85bc18be67aa7eda765854300033af4896dd779b608640f2ef7a?s=96&d=mm&r=g","contentUrl":"https:\/\/secure.gravatar.com\/avatar\/9167d280179c85bc18be67aa7eda765854300033af4896dd779b608640f2ef7a?s=96&d=mm&r=g","caption":"Diario1 Diario1"},"url":"https:\/\/diariotextual.com\/inicio\/index.php\/author\/diario1\/"}]}},"_links":{"self":[{"href":"https:\/\/diariotextual.com\/inicio\/index.php\/wp-json\/wp\/v2\/posts\/89937","targetHints":{"allow":["GET"]}}],"collection":[{"href":"https:\/\/diariotextual.com\/inicio\/index.php\/wp-json\/wp\/v2\/posts"}],"about":[{"href":"https:\/\/diariotextual.com\/inicio\/index.php\/wp-json\/wp\/v2\/types\/post"}],"author":[{"embeddable":true,"href":"https:\/\/diariotextual.com\/inicio\/index.php\/wp-json\/wp\/v2\/users\/3"}],"replies":[{"embeddable":true,"href":"https:\/\/diariotextual.com\/inicio\/index.php\/wp-json\/wp\/v2\/comments?post=89937"}],"version-history":[{"count":5,"href":"https:\/\/diariotextual.com\/inicio\/index.php\/wp-json\/wp\/v2\/posts\/89937\/revisions"}],"predecessor-version":[{"id":90087,"href":"https:\/\/diariotextual.com\/inicio\/index.php\/wp-json\/wp\/v2\/posts\/89937\/revisions\/90087"}],"wp:featuredmedia":[{"embeddable":true,"href":"https:\/\/diariotextual.com\/inicio\/index.php\/wp-json\/wp\/v2\/media\/16637"}],"wp:attachment":[{"href":"https:\/\/diariotextual.com\/inicio\/index.php\/wp-json\/wp\/v2\/media?parent=89937"}],"wp:term":[{"taxonomy":"category","embeddable":true,"href":"https:\/\/diariotextual.com\/inicio\/index.php\/wp-json\/wp\/v2\/categories?post=89937"},{"taxonomy":"post_tag","embeddable":true,"href":"https:\/\/diariotextual.com\/inicio\/index.php\/wp-json\/wp\/v2\/tags?post=89937"}],"curies":[{"name":"wp","href":"https:\/\/api.w.org\/{rel}","templated":true}]}}