{"id":89958,"date":"2020-04-20T08:52:25","date_gmt":"2020-04-20T11:52:25","guid":{"rendered":"http:\/\/diariotextual.com\/inicio\/?p=89958"},"modified":"2020-04-20T09:34:55","modified_gmt":"2020-04-20T12:34:55","slug":"mes-cuarentena-fuertes-caidas-consumos-luz-gas-naftas-transportes","status":"publish","type":"post","link":"https:\/\/diariotextual.com\/inicio\/index.php\/2020\/04\/20\/mes-cuarentena-fuertes-caidas-consumos-luz-gas-naftas-transportes\/","title":{"rendered":"Un mes de cuarentena: fuertes ca\u00eddas en consumos de luz, gas, naftas y transportes"},"content":{"rendered":"<p>La implementaci\u00f3n del<strong> aislamiento social obligatorio<\/strong> tuvo su <strong>impacto en la demanda del consumo de servicios b\u00e1sicos<\/strong>, con fuertes ca\u00eddas promedio como las registradas del <strong>25% en las distribuidoras de gas natural, del 15% en el sistema el\u00e9ctrico, una merma del 90% en la venta de combustibles y una ca\u00edda del 92% en la cantidad de pasajeros transportados<\/strong> dentro del \u00e1rea metropolitana de la Ciudad de Buenos Aires.<\/p>\n<p>En l\u00edneas generales, la permanencia de las familias en sus hogares explic\u00f3 el esperado incremento de consumos residenciales, mientras que el comercio y la mayor\u00eda de los sectores industriales se manifestaron sensiblemente a la baja, con excepciones de actividades como el agro, la log\u00edstica y la alimentaci\u00f3n en las que se observ\u00f3 por ejemplo la ca\u00edda moderada de venta de gasoil.<\/p>\n<p>Pero a la vez que las empresas energ\u00e9ticas registraban en promedio una ca\u00edda de demanda, se les sum\u00f3 en esta semana el derrumbe de los niveles de cobro -por el cierre de los locales de pago y entidades bancarias- que significaron una reducci\u00f3n de ingresos de hasta el 75% en algunos casos, en estas semanas.<\/p>\n<p>&nbsp;<\/p>\n<p><strong>Gas natural<\/strong><\/p>\n<p>En una matriz energ\u00e9tica predominantemente gasificada, el impacto de la cuarentena en el consumo de gas natural permiti\u00f3 observar una ca\u00edda promedio del 25,3% en la demanda total del sistema en la comparaci\u00f3n de las semanas previas al 20 de marzo con lo ocurrido a partir de entonces.<\/p>\n<p>En ese sentido, de acuerdo al reporte de la Asociaci\u00f3n de Distribuidoras de Gas (Adigas), la demanda interna registr\u00f3 previo al aislamiento obligatorio promedios de entre 121 y 128 millones de m3\/d\u00eda, frente a lo que se registr\u00f3 en las semanas siguientes con promedio de entre 95,6 y 98,5 millones de m3\/d\u00eda.<\/p>\n<p>Los datos tomados a partir del tablero de control del Enargas, indican que el \u00fanico segmento de usuario que increment\u00f3 su consumo fue la demanda prioritaria, es decir los usuarios residenciales fundamentalmente con un alza de 9,1%, entre ambos per\u00edodos de referencia.<\/p>\n<p>&nbsp;<\/p>\n<p><strong>Luz<\/strong><\/p>\n<p>En lo referido a la demanda de electricidad se observan comportamientos similares a las del gas natural, de acuerdo al reporte de la Compa\u00f1\u00eda Administradora del Mercado Mayorista El\u00e9ctrico (Cammesa) que analiz\u00f3 valores comparando la \u00faltima semana de abril en per\u00edodo de cuarentena a una semana t\u00edpica de abril de 2019.<\/p>\n<p>De acuerdo a ese informe, se registr\u00f3 en la demanda total del Mercado El\u00e9ctrico Mayorista un promedio de 12.166 Mw\/d\u00eda en la \u00faltima semana registrada de abril frente a los 14377 Mw\/d\u00eda de similar semana de abril del a\u00f1o pasado, lo que representa una ca\u00edda de -2211 Mw equivalente a un -15,4%<\/p>\n<p>Al avanzar en el detalle de la composici\u00f3n del sistema el\u00e9ctrico, se observa que la demanda de las distribuidoras cay\u00f3 en promedio en todo el pa\u00eds un 11,1% con un requerimiento menor de 1.348 Mw, dentro de lo cual se explica un crecimiento del consumo de hogares no suficientes para compensar la retracci\u00f3n del resto de las actividades.<\/p>\n<p>El efecto aislamiento se hizo m\u00e1s notorio en los denominados Grandes Usuarios (GU), a cuyo interior las industrias tuvieron una ca\u00edda de 47,3% (738Mw), los sectores de la alimentaci\u00f3n, comercio y servicios que se cayeron 20,8% (90Mw), y las actividades de petr\u00f3leo y minerales que se retrajeron 15,3% (-26Mw).<\/p>\n<p><strong>Combustibles<\/strong><\/p>\n<p>Tambi\u00e9n en el sector energ\u00e9tico, se destac\u00f3 en las primeras semanas de aislamiento la fuerte ca\u00edda de hasta el 90% en la venta de combustibles en las red de 4.800 estaciones de servicio de todo el pa\u00eds -sin distinci\u00f3n de marcas-, y que se recuper\u00f3 en hasta un 10% esta \u00faltima semana, con la excepci\u00f3n de nuevos sectores a la restricci\u00f3n de circulaci\u00f3n.<\/p>\n<p>De acuerdo a estimaciones de la Confederaci\u00f3n de Entidades de Comercializaci\u00f3n de Hidrocarburos y Afines (Cecha), de la variedad de productos de las estaciones de servicio, las ventas de gasoil registraron un mejor desempe\u00f1o con ca\u00eddas del 50% en el pico de demanda, por la continuidad de las actividades vinculadas a la cosecha de granos y la log\u00edstica de distintas ramas.<\/p>\n<p>El efecto de este abrupto descenso se vio reflejado, mas all\u00e1 del negocio de los estacioneros, en la demanda de petr\u00f3leo crudo que en algunos pozos se redujo a la mitad de la capacidad de producci\u00f3n como hizo YPF en su \u00e1rea emblem\u00e1tica de Loma Campana, en Vaca Muerta.<\/p>\n<p>Pero tambi\u00e9n el impacto se acus\u00f3 en la actividad de las refiner\u00edas que redujeron sus operaciones al m\u00ednimo t\u00e9cnico e incluso llegaron hasta el cese de actividad como anunci\u00f3 ayer Raizen en su planta de Dock Sud.<\/p>\n<p>&nbsp;<\/p>\n<p><strong>Transporte p\u00fablico<\/strong><\/p>\n<p>De acuerdo a cifras oficiales, el uso de transporte p\u00fablico por provincias en d\u00edas h\u00e1biles durante el aislamiento fue de 156.354 pasajeros el pasado jueves, es decir el 9%, respecto al promedio precio al 20 de marzo, en tanto ese mismo d\u00eda el promedio se reduce al 8% si se toma el movimiento promedio por ciudades del interior.<\/p>\n","protected":false},"excerpt":{"rendered":"<p>La implementaci\u00f3n del aislamiento social obligatorio tuvo su impacto en la demanda del consumo de servicios b\u00e1sicos, con fuertes ca\u00eddas promedio como las registradas del 25% en las distribuidoras de&hellip;<\/p>\n","protected":false},"author":7,"featured_media":5567,"comment_status":"closed","ping_status":"open","sticky":false,"template":"","format":"standard","meta":{"_acf_changed":false,"footnotes":""},"categories":[11,5],"tags":[2662,2853],"class_list":["post-89958","post","type-post","status-publish","format-standard","has-post-thumbnail","hentry","category-que-pasa","category-economia","tag-coronavirus","tag-cuarentena"],"acf":[],"yoast_head":"<!-- This site is optimized with the Yoast SEO plugin v27.5 - https:\/\/yoast.com\/product\/yoast-seo-wordpress\/ -->\n<title>Un mes de cuarentena: fuertes ca\u00eddas en consumos de luz, gas, naftas y transportes - Diario Textual<\/title>\n<meta name=\"robots\" content=\"index, follow, max-snippet:-1, max-image-preview:large, max-video-preview:-1\" \/>\n<link rel=\"canonical\" href=\"https:\/\/diariotextual.com\/inicio\/index.php\/2020\/04\/20\/mes-cuarentena-fuertes-caidas-consumos-luz-gas-naftas-transportes\/\" \/>\n<meta property=\"og:locale\" content=\"es_ES\" \/>\n<meta property=\"og:type\" content=\"article\" \/>\n<meta property=\"og:title\" content=\"Un mes de cuarentena: fuertes ca\u00eddas en consumos de luz, gas, naftas y transportes - Diario Textual\" \/>\n<meta property=\"og:description\" content=\"La implementaci\u00f3n del aislamiento social obligatorio tuvo su impacto en la demanda del consumo de servicios b\u00e1sicos, con fuertes ca\u00eddas promedio como las registradas del 25% en las distribuidoras de&hellip;\" \/>\n<meta property=\"og:url\" content=\"https:\/\/diariotextual.com\/inicio\/index.php\/2020\/04\/20\/mes-cuarentena-fuertes-caidas-consumos-luz-gas-naftas-transportes\/\" \/>\n<meta property=\"og:site_name\" content=\"Diario Textual\" \/>\n<meta property=\"article:publisher\" content=\"https:\/\/www.facebook.com\/eltextual\" \/>\n<meta property=\"article:published_time\" content=\"2020-04-20T11:52:25+00:00\" \/>\n<meta property=\"article:modified_time\" content=\"2020-04-20T12:34:55+00:00\" \/>\n<meta property=\"og:image\" content=\"https:\/\/diariotextual.com\/inicio\/wp-content\/uploads\/2018\/04\/gastarifas31212.jpg\" \/>\n\t<meta property=\"og:image:width\" content=\"901\" \/>\n\t<meta property=\"og:image:height\" content=\"561\" \/>\n\t<meta property=\"og:image:type\" content=\"image\/jpeg\" \/>\n<meta name=\"author\" content=\"diario5\" \/>\n<meta name=\"twitter:card\" content=\"summary_large_image\" \/>\n<meta name=\"twitter:creator\" content=\"@eltextual\" \/>\n<meta name=\"twitter:site\" content=\"@eltextual\" \/>\n<meta name=\"twitter:label1\" content=\"Escrito por\" \/>\n\t<meta name=\"twitter:data1\" content=\"diario5\" \/>\n\t<meta name=\"twitter:label2\" content=\"Tiempo de lectura\" \/>\n\t<meta name=\"twitter:data2\" content=\"4 minutos\" \/>\n<script type=\"application\/ld+json\" class=\"yoast-schema-graph\">{\"@context\":\"https:\\\/\\\/schema.org\",\"@graph\":[{\"@type\":\"Article\",\"@id\":\"https:\\\/\\\/diariotextual.com\\\/inicio\\\/index.php\\\/2020\\\/04\\\/20\\\/mes-cuarentena-fuertes-caidas-consumos-luz-gas-naftas-transportes\\\/#article\",\"isPartOf\":{\"@id\":\"https:\\\/\\\/diariotextual.com\\\/inicio\\\/index.php\\\/2020\\\/04\\\/20\\\/mes-cuarentena-fuertes-caidas-consumos-luz-gas-naftas-transportes\\\/\"},\"author\":{\"name\":\"diario5\",\"@id\":\"https:\\\/\\\/diariotextual.com\\\/inicio\\\/#\\\/schema\\\/person\\\/c7834961ad8b29b1d9cdbf4571299067\"},\"headline\":\"Un mes de cuarentena: fuertes ca\u00eddas en consumos de luz, gas, naftas y transportes\",\"datePublished\":\"2020-04-20T11:52:25+00:00\",\"dateModified\":\"2020-04-20T12:34:55+00:00\",\"mainEntityOfPage\":{\"@id\":\"https:\\\/\\\/diariotextual.com\\\/inicio\\\/index.php\\\/2020\\\/04\\\/20\\\/mes-cuarentena-fuertes-caidas-consumos-luz-gas-naftas-transportes\\\/\"},\"wordCount\":867,\"publisher\":{\"@id\":\"https:\\\/\\\/diariotextual.com\\\/inicio\\\/#organization\"},\"image\":{\"@id\":\"https:\\\/\\\/diariotextual.com\\\/inicio\\\/index.php\\\/2020\\\/04\\\/20\\\/mes-cuarentena-fuertes-caidas-consumos-luz-gas-naftas-transportes\\\/#primaryimage\"},\"thumbnailUrl\":\"https:\\\/\\\/diariotextual.com\\\/inicio\\\/wp-content\\\/uploads\\\/2018\\\/04\\\/gastarifas31212.jpg\",\"keywords\":[\"coronavirus\",\"cuarentena\"],\"articleSection\":[\"A - QUE PASA (al costado)\",\"ECONOMIA\"],\"inLanguage\":\"es\"},{\"@type\":\"WebPage\",\"@id\":\"https:\\\/\\\/diariotextual.com\\\/inicio\\\/index.php\\\/2020\\\/04\\\/20\\\/mes-cuarentena-fuertes-caidas-consumos-luz-gas-naftas-transportes\\\/\",\"url\":\"https:\\\/\\\/diariotextual.com\\\/inicio\\\/index.php\\\/2020\\\/04\\\/20\\\/mes-cuarentena-fuertes-caidas-consumos-luz-gas-naftas-transportes\\\/\",\"name\":\"Un mes de cuarentena: fuertes ca\u00eddas en consumos de luz, gas, naftas y transportes - Diario Textual\",\"isPartOf\":{\"@id\":\"https:\\\/\\\/diariotextual.com\\\/inicio\\\/#website\"},\"primaryImageOfPage\":{\"@id\":\"https:\\\/\\\/diariotextual.com\\\/inicio\\\/index.php\\\/2020\\\/04\\\/20\\\/mes-cuarentena-fuertes-caidas-consumos-luz-gas-naftas-transportes\\\/#primaryimage\"},\"image\":{\"@id\":\"https:\\\/\\\/diariotextual.com\\\/inicio\\\/index.php\\\/2020\\\/04\\\/20\\\/mes-cuarentena-fuertes-caidas-consumos-luz-gas-naftas-transportes\\\/#primaryimage\"},\"thumbnailUrl\":\"https:\\\/\\\/diariotextual.com\\\/inicio\\\/wp-content\\\/uploads\\\/2018\\\/04\\\/gastarifas31212.jpg\",\"datePublished\":\"2020-04-20T11:52:25+00:00\",\"dateModified\":\"2020-04-20T12:34:55+00:00\",\"breadcrumb\":{\"@id\":\"https:\\\/\\\/diariotextual.com\\\/inicio\\\/index.php\\\/2020\\\/04\\\/20\\\/mes-cuarentena-fuertes-caidas-consumos-luz-gas-naftas-transportes\\\/#breadcrumb\"},\"inLanguage\":\"es\",\"potentialAction\":[{\"@type\":\"ReadAction\",\"target\":[\"https:\\\/\\\/diariotextual.com\\\/inicio\\\/index.php\\\/2020\\\/04\\\/20\\\/mes-cuarentena-fuertes-caidas-consumos-luz-gas-naftas-transportes\\\/\"]}]},{\"@type\":\"ImageObject\",\"inLanguage\":\"es\",\"@id\":\"https:\\\/\\\/diariotextual.com\\\/inicio\\\/index.php\\\/2020\\\/04\\\/20\\\/mes-cuarentena-fuertes-caidas-consumos-luz-gas-naftas-transportes\\\/#primaryimage\",\"url\":\"https:\\\/\\\/diariotextual.com\\\/inicio\\\/wp-content\\\/uploads\\\/2018\\\/04\\\/gastarifas31212.jpg\",\"contentUrl\":\"https:\\\/\\\/diariotextual.com\\\/inicio\\\/wp-content\\\/uploads\\\/2018\\\/04\\\/gastarifas31212.jpg\",\"width\":901,\"height\":561},{\"@type\":\"BreadcrumbList\",\"@id\":\"https:\\\/\\\/diariotextual.com\\\/inicio\\\/index.php\\\/2020\\\/04\\\/20\\\/mes-cuarentena-fuertes-caidas-consumos-luz-gas-naftas-transportes\\\/#breadcrumb\",\"itemListElement\":[{\"@type\":\"ListItem\",\"position\":1,\"name\":\"Portada\",\"item\":\"https:\\\/\\\/diariotextual.com\\\/inicio\\\/\"},{\"@type\":\"ListItem\",\"position\":2,\"name\":\"Un mes de cuarentena: fuertes ca\u00eddas en consumos de luz, gas, naftas y transportes\"}]},{\"@type\":\"WebSite\",\"@id\":\"https:\\\/\\\/diariotextual.com\\\/inicio\\\/#website\",\"url\":\"https:\\\/\\\/diariotextual.com\\\/inicio\\\/\",\"name\":\"Diario Textual\",\"description\":\"\",\"publisher\":{\"@id\":\"https:\\\/\\\/diariotextual.com\\\/inicio\\\/#organization\"},\"potentialAction\":[{\"@type\":\"SearchAction\",\"target\":{\"@type\":\"EntryPoint\",\"urlTemplate\":\"https:\\\/\\\/diariotextual.com\\\/inicio\\\/?s={search_term_string}\"},\"query-input\":{\"@type\":\"PropertyValueSpecification\",\"valueRequired\":true,\"valueName\":\"search_term_string\"}}],\"inLanguage\":\"es\"},{\"@type\":\"Organization\",\"@id\":\"https:\\\/\\\/diariotextual.com\\\/inicio\\\/#organization\",\"name\":\"Diario Textual\",\"url\":\"https:\\\/\\\/diariotextual.com\\\/inicio\\\/\",\"logo\":{\"@type\":\"ImageObject\",\"inLanguage\":\"es\",\"@id\":\"https:\\\/\\\/diariotextual.com\\\/inicio\\\/#\\\/schema\\\/logo\\\/image\\\/\",\"url\":\"https:\\\/\\\/diariotextual.com\\\/inicio\\\/wp-content\\\/uploads\\\/2023\\\/05\\\/logotextual1.jpg\",\"contentUrl\":\"https:\\\/\\\/diariotextual.com\\\/inicio\\\/wp-content\\\/uploads\\\/2023\\\/05\\\/logotextual1.jpg\",\"width\":516,\"height\":76,\"caption\":\"Diario Textual\"},\"image\":{\"@id\":\"https:\\\/\\\/diariotextual.com\\\/inicio\\\/#\\\/schema\\\/logo\\\/image\\\/\"},\"sameAs\":[\"https:\\\/\\\/www.facebook.com\\\/eltextual\",\"https:\\\/\\\/x.com\\\/eltextual\",\"http:\\\/\\\/www.instagram.com\\\/eltextual\"]},{\"@type\":\"Person\",\"@id\":\"https:\\\/\\\/diariotextual.com\\\/inicio\\\/#\\\/schema\\\/person\\\/c7834961ad8b29b1d9cdbf4571299067\",\"name\":\"diario5\",\"image\":{\"@type\":\"ImageObject\",\"inLanguage\":\"es\",\"@id\":\"https:\\\/\\\/secure.gravatar.com\\\/avatar\\\/948c893b847ca6df68216ead81b63f363408ec9b0f600fefc0641ce78613b111?s=96&d=mm&r=g\",\"url\":\"https:\\\/\\\/secure.gravatar.com\\\/avatar\\\/948c893b847ca6df68216ead81b63f363408ec9b0f600fefc0641ce78613b111?s=96&d=mm&r=g\",\"contentUrl\":\"https:\\\/\\\/secure.gravatar.com\\\/avatar\\\/948c893b847ca6df68216ead81b63f363408ec9b0f600fefc0641ce78613b111?s=96&d=mm&r=g\",\"caption\":\"diario5\"},\"url\":\"https:\\\/\\\/diariotextual.com\\\/inicio\\\/index.php\\\/author\\\/diario5\\\/\"}]}<\/script>\n<!-- \/ Yoast SEO plugin. -->","yoast_head_json":{"title":"Un mes de cuarentena: fuertes ca\u00eddas en consumos de luz, gas, naftas y transportes - Diario Textual","robots":{"index":"index","follow":"follow","max-snippet":"max-snippet:-1","max-image-preview":"max-image-preview:large","max-video-preview":"max-video-preview:-1"},"canonical":"https:\/\/diariotextual.com\/inicio\/index.php\/2020\/04\/20\/mes-cuarentena-fuertes-caidas-consumos-luz-gas-naftas-transportes\/","og_locale":"es_ES","og_type":"article","og_title":"Un mes de cuarentena: fuertes ca\u00eddas en consumos de luz, gas, naftas y transportes - Diario Textual","og_description":"La implementaci\u00f3n del aislamiento social obligatorio tuvo su impacto en la demanda del consumo de servicios b\u00e1sicos, con fuertes ca\u00eddas promedio como las registradas del 25% en las distribuidoras de&hellip;","og_url":"https:\/\/diariotextual.com\/inicio\/index.php\/2020\/04\/20\/mes-cuarentena-fuertes-caidas-consumos-luz-gas-naftas-transportes\/","og_site_name":"Diario Textual","article_publisher":"https:\/\/www.facebook.com\/eltextual","article_published_time":"2020-04-20T11:52:25+00:00","article_modified_time":"2020-04-20T12:34:55+00:00","og_image":[{"width":901,"height":561,"url":"https:\/\/diariotextual.com\/inicio\/wp-content\/uploads\/2018\/04\/gastarifas31212.jpg","type":"image\/jpeg"}],"author":"diario5","twitter_card":"summary_large_image","twitter_creator":"@eltextual","twitter_site":"@eltextual","twitter_misc":{"Escrito por":"diario5","Tiempo de lectura":"4 minutos"},"schema":{"@context":"https:\/\/schema.org","@graph":[{"@type":"Article","@id":"https:\/\/diariotextual.com\/inicio\/index.php\/2020\/04\/20\/mes-cuarentena-fuertes-caidas-consumos-luz-gas-naftas-transportes\/#article","isPartOf":{"@id":"https:\/\/diariotextual.com\/inicio\/index.php\/2020\/04\/20\/mes-cuarentena-fuertes-caidas-consumos-luz-gas-naftas-transportes\/"},"author":{"name":"diario5","@id":"https:\/\/diariotextual.com\/inicio\/#\/schema\/person\/c7834961ad8b29b1d9cdbf4571299067"},"headline":"Un mes de cuarentena: fuertes ca\u00eddas en consumos de luz, gas, naftas y transportes","datePublished":"2020-04-20T11:52:25+00:00","dateModified":"2020-04-20T12:34:55+00:00","mainEntityOfPage":{"@id":"https:\/\/diariotextual.com\/inicio\/index.php\/2020\/04\/20\/mes-cuarentena-fuertes-caidas-consumos-luz-gas-naftas-transportes\/"},"wordCount":867,"publisher":{"@id":"https:\/\/diariotextual.com\/inicio\/#organization"},"image":{"@id":"https:\/\/diariotextual.com\/inicio\/index.php\/2020\/04\/20\/mes-cuarentena-fuertes-caidas-consumos-luz-gas-naftas-transportes\/#primaryimage"},"thumbnailUrl":"https:\/\/diariotextual.com\/inicio\/wp-content\/uploads\/2018\/04\/gastarifas31212.jpg","keywords":["coronavirus","cuarentena"],"articleSection":["A - QUE PASA (al costado)","ECONOMIA"],"inLanguage":"es"},{"@type":"WebPage","@id":"https:\/\/diariotextual.com\/inicio\/index.php\/2020\/04\/20\/mes-cuarentena-fuertes-caidas-consumos-luz-gas-naftas-transportes\/","url":"https:\/\/diariotextual.com\/inicio\/index.php\/2020\/04\/20\/mes-cuarentena-fuertes-caidas-consumos-luz-gas-naftas-transportes\/","name":"Un mes de cuarentena: fuertes ca\u00eddas en consumos de luz, gas, naftas y transportes - Diario Textual","isPartOf":{"@id":"https:\/\/diariotextual.com\/inicio\/#website"},"primaryImageOfPage":{"@id":"https:\/\/diariotextual.com\/inicio\/index.php\/2020\/04\/20\/mes-cuarentena-fuertes-caidas-consumos-luz-gas-naftas-transportes\/#primaryimage"},"image":{"@id":"https:\/\/diariotextual.com\/inicio\/index.php\/2020\/04\/20\/mes-cuarentena-fuertes-caidas-consumos-luz-gas-naftas-transportes\/#primaryimage"},"thumbnailUrl":"https:\/\/diariotextual.com\/inicio\/wp-content\/uploads\/2018\/04\/gastarifas31212.jpg","datePublished":"2020-04-20T11:52:25+00:00","dateModified":"2020-04-20T12:34:55+00:00","breadcrumb":{"@id":"https:\/\/diariotextual.com\/inicio\/index.php\/2020\/04\/20\/mes-cuarentena-fuertes-caidas-consumos-luz-gas-naftas-transportes\/#breadcrumb"},"inLanguage":"es","potentialAction":[{"@type":"ReadAction","target":["https:\/\/diariotextual.com\/inicio\/index.php\/2020\/04\/20\/mes-cuarentena-fuertes-caidas-consumos-luz-gas-naftas-transportes\/"]}]},{"@type":"ImageObject","inLanguage":"es","@id":"https:\/\/diariotextual.com\/inicio\/index.php\/2020\/04\/20\/mes-cuarentena-fuertes-caidas-consumos-luz-gas-naftas-transportes\/#primaryimage","url":"https:\/\/diariotextual.com\/inicio\/wp-content\/uploads\/2018\/04\/gastarifas31212.jpg","contentUrl":"https:\/\/diariotextual.com\/inicio\/wp-content\/uploads\/2018\/04\/gastarifas31212.jpg","width":901,"height":561},{"@type":"BreadcrumbList","@id":"https:\/\/diariotextual.com\/inicio\/index.php\/2020\/04\/20\/mes-cuarentena-fuertes-caidas-consumos-luz-gas-naftas-transportes\/#breadcrumb","itemListElement":[{"@type":"ListItem","position":1,"name":"Portada","item":"https:\/\/diariotextual.com\/inicio\/"},{"@type":"ListItem","position":2,"name":"Un mes de cuarentena: fuertes ca\u00eddas en consumos de luz, gas, naftas y transportes"}]},{"@type":"WebSite","@id":"https:\/\/diariotextual.com\/inicio\/#website","url":"https:\/\/diariotextual.com\/inicio\/","name":"Diario Textual","description":"","publisher":{"@id":"https:\/\/diariotextual.com\/inicio\/#organization"},"potentialAction":[{"@type":"SearchAction","target":{"@type":"EntryPoint","urlTemplate":"https:\/\/diariotextual.com\/inicio\/?s={search_term_string}"},"query-input":{"@type":"PropertyValueSpecification","valueRequired":true,"valueName":"search_term_string"}}],"inLanguage":"es"},{"@type":"Organization","@id":"https:\/\/diariotextual.com\/inicio\/#organization","name":"Diario Textual","url":"https:\/\/diariotextual.com\/inicio\/","logo":{"@type":"ImageObject","inLanguage":"es","@id":"https:\/\/diariotextual.com\/inicio\/#\/schema\/logo\/image\/","url":"https:\/\/diariotextual.com\/inicio\/wp-content\/uploads\/2023\/05\/logotextual1.jpg","contentUrl":"https:\/\/diariotextual.com\/inicio\/wp-content\/uploads\/2023\/05\/logotextual1.jpg","width":516,"height":76,"caption":"Diario Textual"},"image":{"@id":"https:\/\/diariotextual.com\/inicio\/#\/schema\/logo\/image\/"},"sameAs":["https:\/\/www.facebook.com\/eltextual","https:\/\/x.com\/eltextual","http:\/\/www.instagram.com\/eltextual"]},{"@type":"Person","@id":"https:\/\/diariotextual.com\/inicio\/#\/schema\/person\/c7834961ad8b29b1d9cdbf4571299067","name":"diario5","image":{"@type":"ImageObject","inLanguage":"es","@id":"https:\/\/secure.gravatar.com\/avatar\/948c893b847ca6df68216ead81b63f363408ec9b0f600fefc0641ce78613b111?s=96&d=mm&r=g","url":"https:\/\/secure.gravatar.com\/avatar\/948c893b847ca6df68216ead81b63f363408ec9b0f600fefc0641ce78613b111?s=96&d=mm&r=g","contentUrl":"https:\/\/secure.gravatar.com\/avatar\/948c893b847ca6df68216ead81b63f363408ec9b0f600fefc0641ce78613b111?s=96&d=mm&r=g","caption":"diario5"},"url":"https:\/\/diariotextual.com\/inicio\/index.php\/author\/diario5\/"}]}},"_links":{"self":[{"href":"https:\/\/diariotextual.com\/inicio\/index.php\/wp-json\/wp\/v2\/posts\/89958","targetHints":{"allow":["GET"]}}],"collection":[{"href":"https:\/\/diariotextual.com\/inicio\/index.php\/wp-json\/wp\/v2\/posts"}],"about":[{"href":"https:\/\/diariotextual.com\/inicio\/index.php\/wp-json\/wp\/v2\/types\/post"}],"author":[{"embeddable":true,"href":"https:\/\/diariotextual.com\/inicio\/index.php\/wp-json\/wp\/v2\/users\/7"}],"replies":[{"embeddable":true,"href":"https:\/\/diariotextual.com\/inicio\/index.php\/wp-json\/wp\/v2\/comments?post=89958"}],"version-history":[{"count":1,"href":"https:\/\/diariotextual.com\/inicio\/index.php\/wp-json\/wp\/v2\/posts\/89958\/revisions"}],"predecessor-version":[{"id":89959,"href":"https:\/\/diariotextual.com\/inicio\/index.php\/wp-json\/wp\/v2\/posts\/89958\/revisions\/89959"}],"wp:featuredmedia":[{"embeddable":true,"href":"https:\/\/diariotextual.com\/inicio\/index.php\/wp-json\/wp\/v2\/media\/5567"}],"wp:attachment":[{"href":"https:\/\/diariotextual.com\/inicio\/index.php\/wp-json\/wp\/v2\/media?parent=89958"}],"wp:term":[{"taxonomy":"category","embeddable":true,"href":"https:\/\/diariotextual.com\/inicio\/index.php\/wp-json\/wp\/v2\/categories?post=89958"},{"taxonomy":"post_tag","embeddable":true,"href":"https:\/\/diariotextual.com\/inicio\/index.php\/wp-json\/wp\/v2\/tags?post=89958"}],"curies":[{"name":"wp","href":"https:\/\/api.w.org\/{rel}","templated":true}]}}