{"id":90053,"date":"2020-04-20T16:22:59","date_gmt":"2020-04-20T19:22:59","guid":{"rendered":"http:\/\/diariotextual.com\/inicio\/?p=90053"},"modified":"2020-04-21T09:51:22","modified_gmt":"2020-04-21T12:51:22","slug":"kulfas-anticipo-pago-del-50-los-salarios-las-empresas","status":"publish","type":"post","link":"https:\/\/diariotextual.com\/inicio\/index.php\/2020\/04\/20\/kulfas-anticipo-pago-del-50-los-salarios-las-empresas\/","title":{"rendered":"Kulfas anticip\u00f3 el pago del 50% de los salarios de las empresas"},"content":{"rendered":"<p>El ministro de Desarrollo Productivo, <strong>Mat\u00edas Kulfas, afirm\u00f3 hoy que el Estado se har\u00e1 cargo del \u00ab50 por ciento\u00bb del salario de los trabajadores a trav\u00e9s de Anses<\/strong>, en el marco de las medidas destinadas a ayudar a empresas y trabajadores a causa de los efectos econ\u00f3micos de la pandemia de coronavirus.<\/p>\n<p>El ministro afirm\u00f3 que la decisi\u00f3n de abonar el 50% de los salarios de los trabajadores a trav\u00e9s de la Anses tiene por objetivo \u00ab<strong>dar certidumbre\u00bb a las empresas que est\u00e1n padeciendo los efecto de esta pandemia<\/strong>.\u00bbEs una se\u00f1al muy fuerte que buscamos dar para que puedan abordar la crisis\u00bb, explic\u00f3.<\/p>\n<p>Kulfas asegur\u00f3 adem\u00e1s que \u201cestamos en una cuarentena que adem\u00e1s de los 11 d\u00edas de marzo, estar\u00e1 abarcando casi todo el mes de abril, y que<strong> parte de esa cuarentena, es posible que contin\u00fae\u201d<\/strong> de manera m\u00e1s acotada, si as\u00ed lo dispone el Ministerio de Salud.<\/p>\n<p>El ministro de Desarrollo Productivo precis\u00f3: \u00abEstamos en una cuarentena que adem\u00e1s de los 11 d\u00edas de marzo, estar\u00e1 abarcando casi todo el mes de abril, y que parte de esa cuarentena, es posible que contin\u00fae\u201d de manera m\u00e1s acotada, si as\u00ed lo dispone el Ministerio de Salud.<\/p>\n<p>El titular de Desarrollo Productivo anticip\u00f3 que <strong>los cr\u00e9ditos a tasa cero para monotributistas y aut\u00f3nomos tendr\u00e1n un per\u00edodo de repago de un a\u00f1o y que podr\u00e1n empezar a pagarse reci\u00e9n en octubre<\/strong> y que ser\u00e1n por tres veces el l\u00edmite de facturaci\u00f3n mensual de cada categor\u00eda.<\/p>\n<p>Kulfas asegur\u00f3 que la nuevas medidas econ\u00f3micas tendr\u00e1n \u00abun costo fiscal de $ 107.000 millones, que se suman a las dem\u00e1s pol\u00edticas, como el refuerzo de la AUH, el IFE, suman da un paquete de $ 850.000 millones, que equivale al 3% del Producto Bruto\u201d y aclar\u00f3 que las medidas\u201cbuscan proteger el trabajo nacional\u201d.<\/p>\n<p>Por su parte, el ministro de Trabajo Claudio <strong>Moroni precis\u00f3que \u201ctodas las empresas pueden acceder\u201d a los beneficios del programa de Asistencia al Trabajo (ATP).<\/strong><\/p>\n<p>El titular de la cartera laboral, Claudio Moroni, asegur\u00f3 hoy que el Gobierno est\u00e1 \u00abtratando de evitar que se corten los contratos de trabajo\u00bb.<\/p>\n<p>Adem\u00e1sMoroni asegur\u00f3 que \u201cno hay p\u00e9rdida de puestos de trabajo masivas\u201d, por la inactividad que genera la pandemia, y que las medidas econ\u00f3micas anunciadas por el Gobierno buscan a mantener esos empleos.<\/p>\n","protected":false},"excerpt":{"rendered":"<p>El ministro de Desarrollo Productivo, Mat\u00edas Kulfas, afirm\u00f3 hoy que el Estado se har\u00e1 cargo del \u00ab50 por ciento\u00bb del salario de los trabajadores a trav\u00e9s de Anses, en el&hellip;<\/p>\n","protected":false},"author":4,"featured_media":90054,"comment_status":"closed","ping_status":"open","sticky":false,"template":"","format":"standard","meta":{"_acf_changed":false,"footnotes":""},"categories":[1,11,5],"tags":[],"class_list":["post-90053","post","type-post","status-publish","format-standard","has-post-thumbnail","hentry","category-es-noticia","category-que-pasa","category-economia"],"acf":[],"yoast_head":"<!-- This site is optimized with the Yoast SEO plugin v27.5 - https:\/\/yoast.com\/product\/yoast-seo-wordpress\/ -->\n<title>Kulfas anticip\u00f3 el pago del 50% de los salarios de las empresas - Diario Textual<\/title>\n<meta name=\"robots\" content=\"index, follow, max-snippet:-1, max-image-preview:large, max-video-preview:-1\" \/>\n<link rel=\"canonical\" href=\"https:\/\/diariotextual.com\/inicio\/index.php\/2020\/04\/20\/kulfas-anticipo-pago-del-50-los-salarios-las-empresas\/\" \/>\n<meta property=\"og:locale\" content=\"es_ES\" \/>\n<meta property=\"og:type\" content=\"article\" \/>\n<meta property=\"og:title\" content=\"Kulfas anticip\u00f3 el pago del 50% de los salarios de las empresas - Diario Textual\" \/>\n<meta property=\"og:description\" content=\"El ministro de Desarrollo Productivo, Mat\u00edas Kulfas, afirm\u00f3 hoy que el Estado se har\u00e1 cargo del \u00ab50 por ciento\u00bb del salario de los trabajadores a trav\u00e9s de Anses, en el&hellip;\" \/>\n<meta property=\"og:url\" content=\"https:\/\/diariotextual.com\/inicio\/index.php\/2020\/04\/20\/kulfas-anticipo-pago-del-50-los-salarios-las-empresas\/\" \/>\n<meta property=\"og:site_name\" content=\"Diario Textual\" \/>\n<meta property=\"article:publisher\" content=\"https:\/\/www.facebook.com\/eltextual\" \/>\n<meta property=\"article:published_time\" content=\"2020-04-20T19:22:59+00:00\" \/>\n<meta property=\"article:modified_time\" content=\"2020-04-21T12:51:22+00:00\" \/>\n<meta property=\"og:image\" content=\"https:\/\/diariotextual.com\/inicio\/wp-content\/uploads\/2020\/04\/kulfasministro099.jpg\" \/>\n\t<meta property=\"og:image:width\" content=\"904\" \/>\n\t<meta property=\"og:image:height\" content=\"509\" \/>\n\t<meta property=\"og:image:type\" content=\"image\/jpeg\" \/>\n<meta name=\"author\" content=\"diario2\" \/>\n<meta name=\"twitter:card\" content=\"summary_large_image\" \/>\n<meta name=\"twitter:creator\" content=\"@eltextual\" \/>\n<meta name=\"twitter:site\" content=\"@eltextual\" \/>\n<meta name=\"twitter:label1\" content=\"Escrito por\" \/>\n\t<meta name=\"twitter:data1\" content=\"diario2\" \/>\n\t<meta name=\"twitter:label2\" content=\"Tiempo de lectura\" \/>\n\t<meta name=\"twitter:data2\" content=\"2 minutos\" \/>\n<script type=\"application\/ld+json\" class=\"yoast-schema-graph\">{\"@context\":\"https:\\\/\\\/schema.org\",\"@graph\":[{\"@type\":\"Article\",\"@id\":\"https:\\\/\\\/diariotextual.com\\\/inicio\\\/index.php\\\/2020\\\/04\\\/20\\\/kulfas-anticipo-pago-del-50-los-salarios-las-empresas\\\/#article\",\"isPartOf\":{\"@id\":\"https:\\\/\\\/diariotextual.com\\\/inicio\\\/index.php\\\/2020\\\/04\\\/20\\\/kulfas-anticipo-pago-del-50-los-salarios-las-empresas\\\/\"},\"author\":{\"name\":\"diario2\",\"@id\":\"https:\\\/\\\/diariotextual.com\\\/inicio\\\/#\\\/schema\\\/person\\\/694f60677f23c4a530867a98f22b3768\"},\"headline\":\"Kulfas anticip\u00f3 el pago del 50% de los salarios de las empresas\",\"datePublished\":\"2020-04-20T19:22:59+00:00\",\"dateModified\":\"2020-04-21T12:51:22+00:00\",\"mainEntityOfPage\":{\"@id\":\"https:\\\/\\\/diariotextual.com\\\/inicio\\\/index.php\\\/2020\\\/04\\\/20\\\/kulfas-anticipo-pago-del-50-los-salarios-las-empresas\\\/\"},\"wordCount\":418,\"publisher\":{\"@id\":\"https:\\\/\\\/diariotextual.com\\\/inicio\\\/#organization\"},\"image\":{\"@id\":\"https:\\\/\\\/diariotextual.com\\\/inicio\\\/index.php\\\/2020\\\/04\\\/20\\\/kulfas-anticipo-pago-del-50-los-salarios-las-empresas\\\/#primaryimage\"},\"thumbnailUrl\":\"https:\\\/\\\/diariotextual.com\\\/inicio\\\/wp-content\\\/uploads\\\/2020\\\/04\\\/kulfasministro099.jpg\",\"articleSection\":[\"A - ES NOTICIA (van abajo)\",\"A - QUE PASA (al costado)\",\"ECONOMIA\"],\"inLanguage\":\"es\"},{\"@type\":\"WebPage\",\"@id\":\"https:\\\/\\\/diariotextual.com\\\/inicio\\\/index.php\\\/2020\\\/04\\\/20\\\/kulfas-anticipo-pago-del-50-los-salarios-las-empresas\\\/\",\"url\":\"https:\\\/\\\/diariotextual.com\\\/inicio\\\/index.php\\\/2020\\\/04\\\/20\\\/kulfas-anticipo-pago-del-50-los-salarios-las-empresas\\\/\",\"name\":\"Kulfas anticip\u00f3 el pago del 50% de los salarios de las empresas - Diario Textual\",\"isPartOf\":{\"@id\":\"https:\\\/\\\/diariotextual.com\\\/inicio\\\/#website\"},\"primaryImageOfPage\":{\"@id\":\"https:\\\/\\\/diariotextual.com\\\/inicio\\\/index.php\\\/2020\\\/04\\\/20\\\/kulfas-anticipo-pago-del-50-los-salarios-las-empresas\\\/#primaryimage\"},\"image\":{\"@id\":\"https:\\\/\\\/diariotextual.com\\\/inicio\\\/index.php\\\/2020\\\/04\\\/20\\\/kulfas-anticipo-pago-del-50-los-salarios-las-empresas\\\/#primaryimage\"},\"thumbnailUrl\":\"https:\\\/\\\/diariotextual.com\\\/inicio\\\/wp-content\\\/uploads\\\/2020\\\/04\\\/kulfasministro099.jpg\",\"datePublished\":\"2020-04-20T19:22:59+00:00\",\"dateModified\":\"2020-04-21T12:51:22+00:00\",\"breadcrumb\":{\"@id\":\"https:\\\/\\\/diariotextual.com\\\/inicio\\\/index.php\\\/2020\\\/04\\\/20\\\/kulfas-anticipo-pago-del-50-los-salarios-las-empresas\\\/#breadcrumb\"},\"inLanguage\":\"es\",\"potentialAction\":[{\"@type\":\"ReadAction\",\"target\":[\"https:\\\/\\\/diariotextual.com\\\/inicio\\\/index.php\\\/2020\\\/04\\\/20\\\/kulfas-anticipo-pago-del-50-los-salarios-las-empresas\\\/\"]}]},{\"@type\":\"ImageObject\",\"inLanguage\":\"es\",\"@id\":\"https:\\\/\\\/diariotextual.com\\\/inicio\\\/index.php\\\/2020\\\/04\\\/20\\\/kulfas-anticipo-pago-del-50-los-salarios-las-empresas\\\/#primaryimage\",\"url\":\"https:\\\/\\\/diariotextual.com\\\/inicio\\\/wp-content\\\/uploads\\\/2020\\\/04\\\/kulfasministro099.jpg\",\"contentUrl\":\"https:\\\/\\\/diariotextual.com\\\/inicio\\\/wp-content\\\/uploads\\\/2020\\\/04\\\/kulfasministro099.jpg\",\"width\":904,\"height\":509},{\"@type\":\"BreadcrumbList\",\"@id\":\"https:\\\/\\\/diariotextual.com\\\/inicio\\\/index.php\\\/2020\\\/04\\\/20\\\/kulfas-anticipo-pago-del-50-los-salarios-las-empresas\\\/#breadcrumb\",\"itemListElement\":[{\"@type\":\"ListItem\",\"position\":1,\"name\":\"Portada\",\"item\":\"https:\\\/\\\/diariotextual.com\\\/inicio\\\/\"},{\"@type\":\"ListItem\",\"position\":2,\"name\":\"Kulfas anticip\u00f3 el pago del 50% de los salarios de las empresas\"}]},{\"@type\":\"WebSite\",\"@id\":\"https:\\\/\\\/diariotextual.com\\\/inicio\\\/#website\",\"url\":\"https:\\\/\\\/diariotextual.com\\\/inicio\\\/\",\"name\":\"Diario Textual\",\"description\":\"\",\"publisher\":{\"@id\":\"https:\\\/\\\/diariotextual.com\\\/inicio\\\/#organization\"},\"potentialAction\":[{\"@type\":\"SearchAction\",\"target\":{\"@type\":\"EntryPoint\",\"urlTemplate\":\"https:\\\/\\\/diariotextual.com\\\/inicio\\\/?s={search_term_string}\"},\"query-input\":{\"@type\":\"PropertyValueSpecification\",\"valueRequired\":true,\"valueName\":\"search_term_string\"}}],\"inLanguage\":\"es\"},{\"@type\":\"Organization\",\"@id\":\"https:\\\/\\\/diariotextual.com\\\/inicio\\\/#organization\",\"name\":\"Diario Textual\",\"url\":\"https:\\\/\\\/diariotextual.com\\\/inicio\\\/\",\"logo\":{\"@type\":\"ImageObject\",\"inLanguage\":\"es\",\"@id\":\"https:\\\/\\\/diariotextual.com\\\/inicio\\\/#\\\/schema\\\/logo\\\/image\\\/\",\"url\":\"https:\\\/\\\/diariotextual.com\\\/inicio\\\/wp-content\\\/uploads\\\/2023\\\/05\\\/logotextual1.jpg\",\"contentUrl\":\"https:\\\/\\\/diariotextual.com\\\/inicio\\\/wp-content\\\/uploads\\\/2023\\\/05\\\/logotextual1.jpg\",\"width\":516,\"height\":76,\"caption\":\"Diario Textual\"},\"image\":{\"@id\":\"https:\\\/\\\/diariotextual.com\\\/inicio\\\/#\\\/schema\\\/logo\\\/image\\\/\"},\"sameAs\":[\"https:\\\/\\\/www.facebook.com\\\/eltextual\",\"https:\\\/\\\/x.com\\\/eltextual\",\"http:\\\/\\\/www.instagram.com\\\/eltextual\"]},{\"@type\":\"Person\",\"@id\":\"https:\\\/\\\/diariotextual.com\\\/inicio\\\/#\\\/schema\\\/person\\\/694f60677f23c4a530867a98f22b3768\",\"name\":\"diario2\",\"image\":{\"@type\":\"ImageObject\",\"inLanguage\":\"es\",\"@id\":\"https:\\\/\\\/secure.gravatar.com\\\/avatar\\\/5a2567495ba16b852fcd8f1ed006a2e24fcace936018ed8237e95f488ad6e0a7?s=96&d=mm&r=g\",\"url\":\"https:\\\/\\\/secure.gravatar.com\\\/avatar\\\/5a2567495ba16b852fcd8f1ed006a2e24fcace936018ed8237e95f488ad6e0a7?s=96&d=mm&r=g\",\"contentUrl\":\"https:\\\/\\\/secure.gravatar.com\\\/avatar\\\/5a2567495ba16b852fcd8f1ed006a2e24fcace936018ed8237e95f488ad6e0a7?s=96&d=mm&r=g\",\"caption\":\"diario2\"},\"url\":\"https:\\\/\\\/diariotextual.com\\\/inicio\\\/index.php\\\/author\\\/diario2\\\/\"}]}<\/script>\n<!-- \/ Yoast SEO plugin. -->","yoast_head_json":{"title":"Kulfas anticip\u00f3 el pago del 50% de los salarios de las empresas - Diario Textual","robots":{"index":"index","follow":"follow","max-snippet":"max-snippet:-1","max-image-preview":"max-image-preview:large","max-video-preview":"max-video-preview:-1"},"canonical":"https:\/\/diariotextual.com\/inicio\/index.php\/2020\/04\/20\/kulfas-anticipo-pago-del-50-los-salarios-las-empresas\/","og_locale":"es_ES","og_type":"article","og_title":"Kulfas anticip\u00f3 el pago del 50% de los salarios de las empresas - Diario Textual","og_description":"El ministro de Desarrollo Productivo, Mat\u00edas Kulfas, afirm\u00f3 hoy que el Estado se har\u00e1 cargo del \u00ab50 por ciento\u00bb del salario de los trabajadores a trav\u00e9s de Anses, en el&hellip;","og_url":"https:\/\/diariotextual.com\/inicio\/index.php\/2020\/04\/20\/kulfas-anticipo-pago-del-50-los-salarios-las-empresas\/","og_site_name":"Diario Textual","article_publisher":"https:\/\/www.facebook.com\/eltextual","article_published_time":"2020-04-20T19:22:59+00:00","article_modified_time":"2020-04-21T12:51:22+00:00","og_image":[{"width":904,"height":509,"url":"https:\/\/diariotextual.com\/inicio\/wp-content\/uploads\/2020\/04\/kulfasministro099.jpg","type":"image\/jpeg"}],"author":"diario2","twitter_card":"summary_large_image","twitter_creator":"@eltextual","twitter_site":"@eltextual","twitter_misc":{"Escrito por":"diario2","Tiempo de lectura":"2 minutos"},"schema":{"@context":"https:\/\/schema.org","@graph":[{"@type":"Article","@id":"https:\/\/diariotextual.com\/inicio\/index.php\/2020\/04\/20\/kulfas-anticipo-pago-del-50-los-salarios-las-empresas\/#article","isPartOf":{"@id":"https:\/\/diariotextual.com\/inicio\/index.php\/2020\/04\/20\/kulfas-anticipo-pago-del-50-los-salarios-las-empresas\/"},"author":{"name":"diario2","@id":"https:\/\/diariotextual.com\/inicio\/#\/schema\/person\/694f60677f23c4a530867a98f22b3768"},"headline":"Kulfas anticip\u00f3 el pago del 50% de los salarios de las empresas","datePublished":"2020-04-20T19:22:59+00:00","dateModified":"2020-04-21T12:51:22+00:00","mainEntityOfPage":{"@id":"https:\/\/diariotextual.com\/inicio\/index.php\/2020\/04\/20\/kulfas-anticipo-pago-del-50-los-salarios-las-empresas\/"},"wordCount":418,"publisher":{"@id":"https:\/\/diariotextual.com\/inicio\/#organization"},"image":{"@id":"https:\/\/diariotextual.com\/inicio\/index.php\/2020\/04\/20\/kulfas-anticipo-pago-del-50-los-salarios-las-empresas\/#primaryimage"},"thumbnailUrl":"https:\/\/diariotextual.com\/inicio\/wp-content\/uploads\/2020\/04\/kulfasministro099.jpg","articleSection":["A - ES NOTICIA (van abajo)","A - QUE PASA (al costado)","ECONOMIA"],"inLanguage":"es"},{"@type":"WebPage","@id":"https:\/\/diariotextual.com\/inicio\/index.php\/2020\/04\/20\/kulfas-anticipo-pago-del-50-los-salarios-las-empresas\/","url":"https:\/\/diariotextual.com\/inicio\/index.php\/2020\/04\/20\/kulfas-anticipo-pago-del-50-los-salarios-las-empresas\/","name":"Kulfas anticip\u00f3 el pago del 50% de los salarios de las empresas - Diario Textual","isPartOf":{"@id":"https:\/\/diariotextual.com\/inicio\/#website"},"primaryImageOfPage":{"@id":"https:\/\/diariotextual.com\/inicio\/index.php\/2020\/04\/20\/kulfas-anticipo-pago-del-50-los-salarios-las-empresas\/#primaryimage"},"image":{"@id":"https:\/\/diariotextual.com\/inicio\/index.php\/2020\/04\/20\/kulfas-anticipo-pago-del-50-los-salarios-las-empresas\/#primaryimage"},"thumbnailUrl":"https:\/\/diariotextual.com\/inicio\/wp-content\/uploads\/2020\/04\/kulfasministro099.jpg","datePublished":"2020-04-20T19:22:59+00:00","dateModified":"2020-04-21T12:51:22+00:00","breadcrumb":{"@id":"https:\/\/diariotextual.com\/inicio\/index.php\/2020\/04\/20\/kulfas-anticipo-pago-del-50-los-salarios-las-empresas\/#breadcrumb"},"inLanguage":"es","potentialAction":[{"@type":"ReadAction","target":["https:\/\/diariotextual.com\/inicio\/index.php\/2020\/04\/20\/kulfas-anticipo-pago-del-50-los-salarios-las-empresas\/"]}]},{"@type":"ImageObject","inLanguage":"es","@id":"https:\/\/diariotextual.com\/inicio\/index.php\/2020\/04\/20\/kulfas-anticipo-pago-del-50-los-salarios-las-empresas\/#primaryimage","url":"https:\/\/diariotextual.com\/inicio\/wp-content\/uploads\/2020\/04\/kulfasministro099.jpg","contentUrl":"https:\/\/diariotextual.com\/inicio\/wp-content\/uploads\/2020\/04\/kulfasministro099.jpg","width":904,"height":509},{"@type":"BreadcrumbList","@id":"https:\/\/diariotextual.com\/inicio\/index.php\/2020\/04\/20\/kulfas-anticipo-pago-del-50-los-salarios-las-empresas\/#breadcrumb","itemListElement":[{"@type":"ListItem","position":1,"name":"Portada","item":"https:\/\/diariotextual.com\/inicio\/"},{"@type":"ListItem","position":2,"name":"Kulfas anticip\u00f3 el pago del 50% de los salarios de las empresas"}]},{"@type":"WebSite","@id":"https:\/\/diariotextual.com\/inicio\/#website","url":"https:\/\/diariotextual.com\/inicio\/","name":"Diario Textual","description":"","publisher":{"@id":"https:\/\/diariotextual.com\/inicio\/#organization"},"potentialAction":[{"@type":"SearchAction","target":{"@type":"EntryPoint","urlTemplate":"https:\/\/diariotextual.com\/inicio\/?s={search_term_string}"},"query-input":{"@type":"PropertyValueSpecification","valueRequired":true,"valueName":"search_term_string"}}],"inLanguage":"es"},{"@type":"Organization","@id":"https:\/\/diariotextual.com\/inicio\/#organization","name":"Diario Textual","url":"https:\/\/diariotextual.com\/inicio\/","logo":{"@type":"ImageObject","inLanguage":"es","@id":"https:\/\/diariotextual.com\/inicio\/#\/schema\/logo\/image\/","url":"https:\/\/diariotextual.com\/inicio\/wp-content\/uploads\/2023\/05\/logotextual1.jpg","contentUrl":"https:\/\/diariotextual.com\/inicio\/wp-content\/uploads\/2023\/05\/logotextual1.jpg","width":516,"height":76,"caption":"Diario Textual"},"image":{"@id":"https:\/\/diariotextual.com\/inicio\/#\/schema\/logo\/image\/"},"sameAs":["https:\/\/www.facebook.com\/eltextual","https:\/\/x.com\/eltextual","http:\/\/www.instagram.com\/eltextual"]},{"@type":"Person","@id":"https:\/\/diariotextual.com\/inicio\/#\/schema\/person\/694f60677f23c4a530867a98f22b3768","name":"diario2","image":{"@type":"ImageObject","inLanguage":"es","@id":"https:\/\/secure.gravatar.com\/avatar\/5a2567495ba16b852fcd8f1ed006a2e24fcace936018ed8237e95f488ad6e0a7?s=96&d=mm&r=g","url":"https:\/\/secure.gravatar.com\/avatar\/5a2567495ba16b852fcd8f1ed006a2e24fcace936018ed8237e95f488ad6e0a7?s=96&d=mm&r=g","contentUrl":"https:\/\/secure.gravatar.com\/avatar\/5a2567495ba16b852fcd8f1ed006a2e24fcace936018ed8237e95f488ad6e0a7?s=96&d=mm&r=g","caption":"diario2"},"url":"https:\/\/diariotextual.com\/inicio\/index.php\/author\/diario2\/"}]}},"_links":{"self":[{"href":"https:\/\/diariotextual.com\/inicio\/index.php\/wp-json\/wp\/v2\/posts\/90053","targetHints":{"allow":["GET"]}}],"collection":[{"href":"https:\/\/diariotextual.com\/inicio\/index.php\/wp-json\/wp\/v2\/posts"}],"about":[{"href":"https:\/\/diariotextual.com\/inicio\/index.php\/wp-json\/wp\/v2\/types\/post"}],"author":[{"embeddable":true,"href":"https:\/\/diariotextual.com\/inicio\/index.php\/wp-json\/wp\/v2\/users\/4"}],"replies":[{"embeddable":true,"href":"https:\/\/diariotextual.com\/inicio\/index.php\/wp-json\/wp\/v2\/comments?post=90053"}],"version-history":[{"count":1,"href":"https:\/\/diariotextual.com\/inicio\/index.php\/wp-json\/wp\/v2\/posts\/90053\/revisions"}],"predecessor-version":[{"id":90055,"href":"https:\/\/diariotextual.com\/inicio\/index.php\/wp-json\/wp\/v2\/posts\/90053\/revisions\/90055"}],"wp:featuredmedia":[{"embeddable":true,"href":"https:\/\/diariotextual.com\/inicio\/index.php\/wp-json\/wp\/v2\/media\/90054"}],"wp:attachment":[{"href":"https:\/\/diariotextual.com\/inicio\/index.php\/wp-json\/wp\/v2\/media?parent=90053"}],"wp:term":[{"taxonomy":"category","embeddable":true,"href":"https:\/\/diariotextual.com\/inicio\/index.php\/wp-json\/wp\/v2\/categories?post=90053"},{"taxonomy":"post_tag","embeddable":true,"href":"https:\/\/diariotextual.com\/inicio\/index.php\/wp-json\/wp\/v2\/tags?post=90053"}],"curies":[{"name":"wp","href":"https:\/\/api.w.org\/{rel}","templated":true}]}}