{"id":90085,"date":"2020-04-20T20:13:56","date_gmt":"2020-04-20T23:13:56","guid":{"rendered":"http:\/\/diariotextual.com\/inicio\/?p=90085"},"modified":"2020-04-21T12:57:58","modified_gmt":"2020-04-21T15:57:58","slug":"caida-del-petroleo-estacioneros-no-preven-bajas-los-combustibles","status":"publish","type":"post","link":"https:\/\/diariotextual.com\/inicio\/index.php\/2020\/04\/20\/caida-del-petroleo-estacioneros-no-preven-bajas-los-combustibles\/","title":{"rendered":"Ca\u00edda del petr\u00f3leo: Estacioneros no prev\u00e9n bajas en los combustibles"},"content":{"rendered":"<p>A pesar del derrumbe del valor del petr\u00f3leo internacional, los <strong>empresarios estacioneros de la Confederaci\u00f3n de Entidades del Comercio de Hidrocarburos y afines de la Argentina (CECHA) descartan una baja del precio de los combustibles<\/strong> en el corto plazo.<\/p>\n<p><!--more--><\/p>\n<p>\u201c<strong>Es muy poco probable que el precio final de los combustibles baje porque correr\u00edan riesgo los puestos de trabajo<\/strong> del sector petrolero, principalmente de Vaca Muerta, donde produce petr\u00f3leo no convencional\u201d, afirm\u00f3 el presidente de CECHA, Gabriel Bornoroni en di\u00e1logo con \u00c1mbito Financiero.<\/p>\n<p>\u201cLa <strong>prioridad son los puestos de trabajo, antes que baje el precio en el surtidor. Que baje $ 1 no le hace al mejoramiento de la econom\u00eda, pero s\u00ed hace da\u00f1o al puesto de trabajo<\/strong>, hasta ser\u00eda contraproducente\u201d, agreg\u00f3.<\/p>\n<blockquote class=\"wp-embedded-content\" data-secret=\"dC3iro2Pwg\"><p><a href=\"http:\/\/diariotextual.com\/inicio\/index.php\/2020\/04\/20\/crack-mundial-del-petroleo-barril-cotiza-debajo-cero\/\">Crack mundial del petr\u00f3leo: el barril cotiza por debajo de cero<\/a><\/p><\/blockquote>\n<p><iframe class=\"wp-embedded-content\" sandbox=\"allow-scripts\" security=\"restricted\" style=\"position: absolute; clip: rect(1px, 1px, 1px, 1px);\" src=\"http:\/\/diariotextual.com\/inicio\/index.php\/2020\/04\/20\/crack-mundial-del-petroleo-barril-cotiza-debajo-cero\/embed\/#?secret=dC3iro2Pwg\" data-secret=\"dC3iro2Pwg\" width=\"600\" height=\"338\" title=\"&#171;Crack mundial del petr\u00f3leo: el barril cotiza por debajo de cero&#187; &#8212; Diario Textual\" frameborder=\"0\" marginwidth=\"0\" marginheight=\"0\" scrolling=\"no\"><\/iframe><\/p>\n<p>Este lunes el mercado de los hidrocarburos se vio convulsionado, cuando <strong>el crudo West Texas Intermediate (WTI) cay\u00f3 300% y pas\u00f3 a cotizar en terreno negativo U$S-37,63.<\/strong> Seg\u00fan fuentes calificadas del sector, el barril de petr\u00f3leo WTI para la entrega de mayo se desplom\u00f3 abruptamente debido a la desesperaci\u00f3n por deshacerse del contrato que vence este martes, para que no les entreguen en f\u00edsico en un contexto complicado para acumular stock. \u201cTe pagan 37 d\u00f3lares por comprar un barril y llev\u00e1rtelo a tu casa\u201d, grafic\u00f3 con iron\u00eda un experto en operaciones a futuro.<\/p>\n<p>En tanto, el contrato de WTI a junio solo cay\u00f3 alrededor del 10% a u$s 22 por barril, aunque ante la escasa demanda internacional, se espera que en las pr\u00f3ximas semana baje m\u00e1s. Y el crudo Brent, el punto de referencia mundial y para la Argentina, cay\u00f3 solo un 5% a u$s26,50 por barril. El Brent todav\u00eda no se desplom\u00f3 y es otro de los motivos para que no bajen los precios en los surtidores.<\/p>\n<p>Para el dirigente de <strong>CECHA, esta situaci\u00f3n exige acelerar la reinstalaci\u00f3n del barril criollo. Desde la semana pasada circula un borrador con membrete oficial con un barril criollo a u$S 45<\/strong>. \u201cse habla de barril criollo para proteger los puestos de trabajo. Ser\u00eda un sin sentido que haya una baja del precio del combustible mas para la producci\u00f3n de Vaca Muerta que tiene un costo de 45 d\u00f3lares el barril. Se est\u00e1 mirando la pelea del petr\u00f3leo por la falta de consumo, que llev\u00f3 el barril a precios negativos y es un inconveniente, pero es una coyuntura\u201d, expres\u00f3 el m\u00e1ximo referente de la mesa Estacioneros Unidos.<\/p>\n<p><strong>Alberto Boz, presidente de la federaci\u00f3n santafesina FAENI, tambi\u00e9n apunta a un acuerdo entre el Gobierno y las petroleras, por el sostenimiento del precio del barril.<\/strong> \u201cSe habla de un barril criollo para tener un precio sost\u00e9n de la actividad en el sur argentino y por el parate de Vaca Muerta, que al no ser convencional, necesitaba un piso de 45 a 50 d\u00f3lares para funcionar. Con lo que est\u00e1 pasando hoy vamos a estar muy complicados\u201d, analiz\u00f3 Boz ante la consulta de este medio.<\/p>\n<p>El titular de FAENI asegur\u00f3 que desde ahora habr\u00e1 que <strong>analizar con qu\u00e9 precio podr\u00e1 funcionar Vaca Muerta. \u201cDeber\u00eda ser un poco m\u00e1s elevado que el precio internacional<\/strong>, para que no se frene lo que se est\u00e1 trabajando. Hoy las petroleras no pod\u00edan importar, pero habr\u00e1 que ver si ahora el Gobierno las deja importar a estos valores, para luego bajar el precio interno. La respuesta espec\u00edfica la tiene las petroleras y el Gobierno. En el esquema anterior, con estos precios del crudo se pod\u00eda ver una baja en los surtidores, pero con la metodolog\u00eda energ\u00e9tica no se qu\u00e9 acuerdo pueden alcanzar\u201d.<\/p>\n","protected":false},"excerpt":{"rendered":"<p>A pesar del derrumbe del valor del petr\u00f3leo internacional, los empresarios estacioneros de la Confederaci\u00f3n de Entidades del Comercio de Hidrocarburos y afines de la Argentina (CECHA) descartan una baja&hellip;<\/p>\n","protected":false},"author":5,"featured_media":10210,"comment_status":"closed","ping_status":"open","sticky":false,"template":"","format":"standard","meta":{"_acf_changed":false,"footnotes":""},"categories":[11,12],"tags":[],"class_list":["post-90085","post","type-post","status-publish","format-standard","has-post-thumbnail","hentry","category-que-pasa","category-sociedad"],"acf":[],"yoast_head":"<!-- This site is optimized with the Yoast SEO plugin v27.5 - https:\/\/yoast.com\/product\/yoast-seo-wordpress\/ -->\n<title>Ca\u00edda del petr\u00f3leo: Estacioneros no prev\u00e9n bajas en los combustibles - Diario Textual<\/title>\n<meta name=\"robots\" content=\"index, follow, max-snippet:-1, max-image-preview:large, max-video-preview:-1\" \/>\n<link rel=\"canonical\" href=\"https:\/\/diariotextual.com\/inicio\/index.php\/2020\/04\/20\/caida-del-petroleo-estacioneros-no-preven-bajas-los-combustibles\/\" \/>\n<meta property=\"og:locale\" content=\"es_ES\" \/>\n<meta property=\"og:type\" content=\"article\" \/>\n<meta property=\"og:title\" content=\"Ca\u00edda del petr\u00f3leo: Estacioneros no prev\u00e9n bajas en los combustibles - Diario Textual\" \/>\n<meta property=\"og:description\" content=\"A pesar del derrumbe del valor del petr\u00f3leo internacional, los empresarios estacioneros de la Confederaci\u00f3n de Entidades del Comercio de Hidrocarburos y afines de la Argentina (CECHA) descartan una baja&hellip;\" \/>\n<meta property=\"og:url\" content=\"https:\/\/diariotextual.com\/inicio\/index.php\/2020\/04\/20\/caida-del-petroleo-estacioneros-no-preven-bajas-los-combustibles\/\" \/>\n<meta property=\"og:site_name\" content=\"Diario Textual\" \/>\n<meta property=\"article:publisher\" content=\"https:\/\/www.facebook.com\/eltextual\" \/>\n<meta property=\"article:published_time\" content=\"2020-04-20T23:13:56+00:00\" \/>\n<meta property=\"article:modified_time\" content=\"2020-04-21T15:57:58+00:00\" \/>\n<meta property=\"og:image\" content=\"https:\/\/diariotextual.com\/inicio\/wp-content\/uploads\/2018\/06\/combustiblesnaftas2333.jpg\" \/>\n\t<meta property=\"og:image:width\" content=\"786\" \/>\n\t<meta property=\"og:image:height\" content=\"506\" \/>\n\t<meta property=\"og:image:type\" content=\"image\/jpeg\" \/>\n<meta name=\"author\" content=\"diario3\" \/>\n<meta name=\"twitter:card\" content=\"summary_large_image\" \/>\n<meta name=\"twitter:creator\" content=\"@eltextual\" \/>\n<meta name=\"twitter:site\" content=\"@eltextual\" \/>\n<meta name=\"twitter:label1\" content=\"Escrito por\" \/>\n\t<meta name=\"twitter:data1\" content=\"diario3\" \/>\n\t<meta name=\"twitter:label2\" content=\"Tiempo de lectura\" \/>\n\t<meta name=\"twitter:data2\" content=\"3 minutos\" \/>\n<script type=\"application\/ld+json\" class=\"yoast-schema-graph\">{\"@context\":\"https:\\\/\\\/schema.org\",\"@graph\":[{\"@type\":\"Article\",\"@id\":\"https:\\\/\\\/diariotextual.com\\\/inicio\\\/index.php\\\/2020\\\/04\\\/20\\\/caida-del-petroleo-estacioneros-no-preven-bajas-los-combustibles\\\/#article\",\"isPartOf\":{\"@id\":\"https:\\\/\\\/diariotextual.com\\\/inicio\\\/index.php\\\/2020\\\/04\\\/20\\\/caida-del-petroleo-estacioneros-no-preven-bajas-los-combustibles\\\/\"},\"author\":{\"name\":\"diario3\",\"@id\":\"https:\\\/\\\/diariotextual.com\\\/inicio\\\/#\\\/schema\\\/person\\\/a1b6f563e0ee944c60f98119389a4d9f\"},\"headline\":\"Ca\u00edda del petr\u00f3leo: Estacioneros no prev\u00e9n bajas en los combustibles\",\"datePublished\":\"2020-04-20T23:13:56+00:00\",\"dateModified\":\"2020-04-21T15:57:58+00:00\",\"mainEntityOfPage\":{\"@id\":\"https:\\\/\\\/diariotextual.com\\\/inicio\\\/index.php\\\/2020\\\/04\\\/20\\\/caida-del-petroleo-estacioneros-no-preven-bajas-los-combustibles\\\/\"},\"wordCount\":631,\"publisher\":{\"@id\":\"https:\\\/\\\/diariotextual.com\\\/inicio\\\/#organization\"},\"image\":{\"@id\":\"https:\\\/\\\/diariotextual.com\\\/inicio\\\/index.php\\\/2020\\\/04\\\/20\\\/caida-del-petroleo-estacioneros-no-preven-bajas-los-combustibles\\\/#primaryimage\"},\"thumbnailUrl\":\"https:\\\/\\\/diariotextual.com\\\/inicio\\\/wp-content\\\/uploads\\\/2018\\\/06\\\/combustiblesnaftas2333.jpg\",\"articleSection\":[\"A - QUE PASA (al costado)\",\"SOCIEDAD\"],\"inLanguage\":\"es\"},{\"@type\":\"WebPage\",\"@id\":\"https:\\\/\\\/diariotextual.com\\\/inicio\\\/index.php\\\/2020\\\/04\\\/20\\\/caida-del-petroleo-estacioneros-no-preven-bajas-los-combustibles\\\/\",\"url\":\"https:\\\/\\\/diariotextual.com\\\/inicio\\\/index.php\\\/2020\\\/04\\\/20\\\/caida-del-petroleo-estacioneros-no-preven-bajas-los-combustibles\\\/\",\"name\":\"Ca\u00edda del petr\u00f3leo: Estacioneros no prev\u00e9n bajas en los combustibles - Diario Textual\",\"isPartOf\":{\"@id\":\"https:\\\/\\\/diariotextual.com\\\/inicio\\\/#website\"},\"primaryImageOfPage\":{\"@id\":\"https:\\\/\\\/diariotextual.com\\\/inicio\\\/index.php\\\/2020\\\/04\\\/20\\\/caida-del-petroleo-estacioneros-no-preven-bajas-los-combustibles\\\/#primaryimage\"},\"image\":{\"@id\":\"https:\\\/\\\/diariotextual.com\\\/inicio\\\/index.php\\\/2020\\\/04\\\/20\\\/caida-del-petroleo-estacioneros-no-preven-bajas-los-combustibles\\\/#primaryimage\"},\"thumbnailUrl\":\"https:\\\/\\\/diariotextual.com\\\/inicio\\\/wp-content\\\/uploads\\\/2018\\\/06\\\/combustiblesnaftas2333.jpg\",\"datePublished\":\"2020-04-20T23:13:56+00:00\",\"dateModified\":\"2020-04-21T15:57:58+00:00\",\"breadcrumb\":{\"@id\":\"https:\\\/\\\/diariotextual.com\\\/inicio\\\/index.php\\\/2020\\\/04\\\/20\\\/caida-del-petroleo-estacioneros-no-preven-bajas-los-combustibles\\\/#breadcrumb\"},\"inLanguage\":\"es\",\"potentialAction\":[{\"@type\":\"ReadAction\",\"target\":[\"https:\\\/\\\/diariotextual.com\\\/inicio\\\/index.php\\\/2020\\\/04\\\/20\\\/caida-del-petroleo-estacioneros-no-preven-bajas-los-combustibles\\\/\"]}]},{\"@type\":\"ImageObject\",\"inLanguage\":\"es\",\"@id\":\"https:\\\/\\\/diariotextual.com\\\/inicio\\\/index.php\\\/2020\\\/04\\\/20\\\/caida-del-petroleo-estacioneros-no-preven-bajas-los-combustibles\\\/#primaryimage\",\"url\":\"https:\\\/\\\/diariotextual.com\\\/inicio\\\/wp-content\\\/uploads\\\/2018\\\/06\\\/combustiblesnaftas2333.jpg\",\"contentUrl\":\"https:\\\/\\\/diariotextual.com\\\/inicio\\\/wp-content\\\/uploads\\\/2018\\\/06\\\/combustiblesnaftas2333.jpg\",\"width\":786,\"height\":506},{\"@type\":\"BreadcrumbList\",\"@id\":\"https:\\\/\\\/diariotextual.com\\\/inicio\\\/index.php\\\/2020\\\/04\\\/20\\\/caida-del-petroleo-estacioneros-no-preven-bajas-los-combustibles\\\/#breadcrumb\",\"itemListElement\":[{\"@type\":\"ListItem\",\"position\":1,\"name\":\"Portada\",\"item\":\"https:\\\/\\\/diariotextual.com\\\/inicio\\\/\"},{\"@type\":\"ListItem\",\"position\":2,\"name\":\"Ca\u00edda del petr\u00f3leo: Estacioneros no prev\u00e9n bajas en los combustibles\"}]},{\"@type\":\"WebSite\",\"@id\":\"https:\\\/\\\/diariotextual.com\\\/inicio\\\/#website\",\"url\":\"https:\\\/\\\/diariotextual.com\\\/inicio\\\/\",\"name\":\"Diario Textual\",\"description\":\"\",\"publisher\":{\"@id\":\"https:\\\/\\\/diariotextual.com\\\/inicio\\\/#organization\"},\"potentialAction\":[{\"@type\":\"SearchAction\",\"target\":{\"@type\":\"EntryPoint\",\"urlTemplate\":\"https:\\\/\\\/diariotextual.com\\\/inicio\\\/?s={search_term_string}\"},\"query-input\":{\"@type\":\"PropertyValueSpecification\",\"valueRequired\":true,\"valueName\":\"search_term_string\"}}],\"inLanguage\":\"es\"},{\"@type\":\"Organization\",\"@id\":\"https:\\\/\\\/diariotextual.com\\\/inicio\\\/#organization\",\"name\":\"Diario Textual\",\"url\":\"https:\\\/\\\/diariotextual.com\\\/inicio\\\/\",\"logo\":{\"@type\":\"ImageObject\",\"inLanguage\":\"es\",\"@id\":\"https:\\\/\\\/diariotextual.com\\\/inicio\\\/#\\\/schema\\\/logo\\\/image\\\/\",\"url\":\"https:\\\/\\\/diariotextual.com\\\/inicio\\\/wp-content\\\/uploads\\\/2023\\\/05\\\/logotextual1.jpg\",\"contentUrl\":\"https:\\\/\\\/diariotextual.com\\\/inicio\\\/wp-content\\\/uploads\\\/2023\\\/05\\\/logotextual1.jpg\",\"width\":516,\"height\":76,\"caption\":\"Diario Textual\"},\"image\":{\"@id\":\"https:\\\/\\\/diariotextual.com\\\/inicio\\\/#\\\/schema\\\/logo\\\/image\\\/\"},\"sameAs\":[\"https:\\\/\\\/www.facebook.com\\\/eltextual\",\"https:\\\/\\\/x.com\\\/eltextual\",\"http:\\\/\\\/www.instagram.com\\\/eltextual\"]},{\"@type\":\"Person\",\"@id\":\"https:\\\/\\\/diariotextual.com\\\/inicio\\\/#\\\/schema\\\/person\\\/a1b6f563e0ee944c60f98119389a4d9f\",\"name\":\"diario3\",\"image\":{\"@type\":\"ImageObject\",\"inLanguage\":\"es\",\"@id\":\"https:\\\/\\\/secure.gravatar.com\\\/avatar\\\/5e7ee62c82fc04d9dd79d746a390d93c69c43223e5faeeb3ea9461ef752bfc5d?s=96&d=mm&r=g\",\"url\":\"https:\\\/\\\/secure.gravatar.com\\\/avatar\\\/5e7ee62c82fc04d9dd79d746a390d93c69c43223e5faeeb3ea9461ef752bfc5d?s=96&d=mm&r=g\",\"contentUrl\":\"https:\\\/\\\/secure.gravatar.com\\\/avatar\\\/5e7ee62c82fc04d9dd79d746a390d93c69c43223e5faeeb3ea9461ef752bfc5d?s=96&d=mm&r=g\",\"caption\":\"diario3\"},\"url\":\"https:\\\/\\\/diariotextual.com\\\/inicio\\\/index.php\\\/author\\\/diario3\\\/\"}]}<\/script>\n<!-- \/ Yoast SEO plugin. -->","yoast_head_json":{"title":"Ca\u00edda del petr\u00f3leo: Estacioneros no prev\u00e9n bajas en los combustibles - Diario Textual","robots":{"index":"index","follow":"follow","max-snippet":"max-snippet:-1","max-image-preview":"max-image-preview:large","max-video-preview":"max-video-preview:-1"},"canonical":"https:\/\/diariotextual.com\/inicio\/index.php\/2020\/04\/20\/caida-del-petroleo-estacioneros-no-preven-bajas-los-combustibles\/","og_locale":"es_ES","og_type":"article","og_title":"Ca\u00edda del petr\u00f3leo: Estacioneros no prev\u00e9n bajas en los combustibles - Diario Textual","og_description":"A pesar del derrumbe del valor del petr\u00f3leo internacional, los empresarios estacioneros de la Confederaci\u00f3n de Entidades del Comercio de Hidrocarburos y afines de la Argentina (CECHA) descartan una baja&hellip;","og_url":"https:\/\/diariotextual.com\/inicio\/index.php\/2020\/04\/20\/caida-del-petroleo-estacioneros-no-preven-bajas-los-combustibles\/","og_site_name":"Diario Textual","article_publisher":"https:\/\/www.facebook.com\/eltextual","article_published_time":"2020-04-20T23:13:56+00:00","article_modified_time":"2020-04-21T15:57:58+00:00","og_image":[{"width":786,"height":506,"url":"https:\/\/diariotextual.com\/inicio\/wp-content\/uploads\/2018\/06\/combustiblesnaftas2333.jpg","type":"image\/jpeg"}],"author":"diario3","twitter_card":"summary_large_image","twitter_creator":"@eltextual","twitter_site":"@eltextual","twitter_misc":{"Escrito por":"diario3","Tiempo de lectura":"3 minutos"},"schema":{"@context":"https:\/\/schema.org","@graph":[{"@type":"Article","@id":"https:\/\/diariotextual.com\/inicio\/index.php\/2020\/04\/20\/caida-del-petroleo-estacioneros-no-preven-bajas-los-combustibles\/#article","isPartOf":{"@id":"https:\/\/diariotextual.com\/inicio\/index.php\/2020\/04\/20\/caida-del-petroleo-estacioneros-no-preven-bajas-los-combustibles\/"},"author":{"name":"diario3","@id":"https:\/\/diariotextual.com\/inicio\/#\/schema\/person\/a1b6f563e0ee944c60f98119389a4d9f"},"headline":"Ca\u00edda del petr\u00f3leo: Estacioneros no prev\u00e9n bajas en los combustibles","datePublished":"2020-04-20T23:13:56+00:00","dateModified":"2020-04-21T15:57:58+00:00","mainEntityOfPage":{"@id":"https:\/\/diariotextual.com\/inicio\/index.php\/2020\/04\/20\/caida-del-petroleo-estacioneros-no-preven-bajas-los-combustibles\/"},"wordCount":631,"publisher":{"@id":"https:\/\/diariotextual.com\/inicio\/#organization"},"image":{"@id":"https:\/\/diariotextual.com\/inicio\/index.php\/2020\/04\/20\/caida-del-petroleo-estacioneros-no-preven-bajas-los-combustibles\/#primaryimage"},"thumbnailUrl":"https:\/\/diariotextual.com\/inicio\/wp-content\/uploads\/2018\/06\/combustiblesnaftas2333.jpg","articleSection":["A - QUE PASA (al costado)","SOCIEDAD"],"inLanguage":"es"},{"@type":"WebPage","@id":"https:\/\/diariotextual.com\/inicio\/index.php\/2020\/04\/20\/caida-del-petroleo-estacioneros-no-preven-bajas-los-combustibles\/","url":"https:\/\/diariotextual.com\/inicio\/index.php\/2020\/04\/20\/caida-del-petroleo-estacioneros-no-preven-bajas-los-combustibles\/","name":"Ca\u00edda del petr\u00f3leo: Estacioneros no prev\u00e9n bajas en los combustibles - Diario Textual","isPartOf":{"@id":"https:\/\/diariotextual.com\/inicio\/#website"},"primaryImageOfPage":{"@id":"https:\/\/diariotextual.com\/inicio\/index.php\/2020\/04\/20\/caida-del-petroleo-estacioneros-no-preven-bajas-los-combustibles\/#primaryimage"},"image":{"@id":"https:\/\/diariotextual.com\/inicio\/index.php\/2020\/04\/20\/caida-del-petroleo-estacioneros-no-preven-bajas-los-combustibles\/#primaryimage"},"thumbnailUrl":"https:\/\/diariotextual.com\/inicio\/wp-content\/uploads\/2018\/06\/combustiblesnaftas2333.jpg","datePublished":"2020-04-20T23:13:56+00:00","dateModified":"2020-04-21T15:57:58+00:00","breadcrumb":{"@id":"https:\/\/diariotextual.com\/inicio\/index.php\/2020\/04\/20\/caida-del-petroleo-estacioneros-no-preven-bajas-los-combustibles\/#breadcrumb"},"inLanguage":"es","potentialAction":[{"@type":"ReadAction","target":["https:\/\/diariotextual.com\/inicio\/index.php\/2020\/04\/20\/caida-del-petroleo-estacioneros-no-preven-bajas-los-combustibles\/"]}]},{"@type":"ImageObject","inLanguage":"es","@id":"https:\/\/diariotextual.com\/inicio\/index.php\/2020\/04\/20\/caida-del-petroleo-estacioneros-no-preven-bajas-los-combustibles\/#primaryimage","url":"https:\/\/diariotextual.com\/inicio\/wp-content\/uploads\/2018\/06\/combustiblesnaftas2333.jpg","contentUrl":"https:\/\/diariotextual.com\/inicio\/wp-content\/uploads\/2018\/06\/combustiblesnaftas2333.jpg","width":786,"height":506},{"@type":"BreadcrumbList","@id":"https:\/\/diariotextual.com\/inicio\/index.php\/2020\/04\/20\/caida-del-petroleo-estacioneros-no-preven-bajas-los-combustibles\/#breadcrumb","itemListElement":[{"@type":"ListItem","position":1,"name":"Portada","item":"https:\/\/diariotextual.com\/inicio\/"},{"@type":"ListItem","position":2,"name":"Ca\u00edda del petr\u00f3leo: Estacioneros no prev\u00e9n bajas en los combustibles"}]},{"@type":"WebSite","@id":"https:\/\/diariotextual.com\/inicio\/#website","url":"https:\/\/diariotextual.com\/inicio\/","name":"Diario Textual","description":"","publisher":{"@id":"https:\/\/diariotextual.com\/inicio\/#organization"},"potentialAction":[{"@type":"SearchAction","target":{"@type":"EntryPoint","urlTemplate":"https:\/\/diariotextual.com\/inicio\/?s={search_term_string}"},"query-input":{"@type":"PropertyValueSpecification","valueRequired":true,"valueName":"search_term_string"}}],"inLanguage":"es"},{"@type":"Organization","@id":"https:\/\/diariotextual.com\/inicio\/#organization","name":"Diario Textual","url":"https:\/\/diariotextual.com\/inicio\/","logo":{"@type":"ImageObject","inLanguage":"es","@id":"https:\/\/diariotextual.com\/inicio\/#\/schema\/logo\/image\/","url":"https:\/\/diariotextual.com\/inicio\/wp-content\/uploads\/2023\/05\/logotextual1.jpg","contentUrl":"https:\/\/diariotextual.com\/inicio\/wp-content\/uploads\/2023\/05\/logotextual1.jpg","width":516,"height":76,"caption":"Diario Textual"},"image":{"@id":"https:\/\/diariotextual.com\/inicio\/#\/schema\/logo\/image\/"},"sameAs":["https:\/\/www.facebook.com\/eltextual","https:\/\/x.com\/eltextual","http:\/\/www.instagram.com\/eltextual"]},{"@type":"Person","@id":"https:\/\/diariotextual.com\/inicio\/#\/schema\/person\/a1b6f563e0ee944c60f98119389a4d9f","name":"diario3","image":{"@type":"ImageObject","inLanguage":"es","@id":"https:\/\/secure.gravatar.com\/avatar\/5e7ee62c82fc04d9dd79d746a390d93c69c43223e5faeeb3ea9461ef752bfc5d?s=96&d=mm&r=g","url":"https:\/\/secure.gravatar.com\/avatar\/5e7ee62c82fc04d9dd79d746a390d93c69c43223e5faeeb3ea9461ef752bfc5d?s=96&d=mm&r=g","contentUrl":"https:\/\/secure.gravatar.com\/avatar\/5e7ee62c82fc04d9dd79d746a390d93c69c43223e5faeeb3ea9461ef752bfc5d?s=96&d=mm&r=g","caption":"diario3"},"url":"https:\/\/diariotextual.com\/inicio\/index.php\/author\/diario3\/"}]}},"_links":{"self":[{"href":"https:\/\/diariotextual.com\/inicio\/index.php\/wp-json\/wp\/v2\/posts\/90085","targetHints":{"allow":["GET"]}}],"collection":[{"href":"https:\/\/diariotextual.com\/inicio\/index.php\/wp-json\/wp\/v2\/posts"}],"about":[{"href":"https:\/\/diariotextual.com\/inicio\/index.php\/wp-json\/wp\/v2\/types\/post"}],"author":[{"embeddable":true,"href":"https:\/\/diariotextual.com\/inicio\/index.php\/wp-json\/wp\/v2\/users\/5"}],"replies":[{"embeddable":true,"href":"https:\/\/diariotextual.com\/inicio\/index.php\/wp-json\/wp\/v2\/comments?post=90085"}],"version-history":[{"count":1,"href":"https:\/\/diariotextual.com\/inicio\/index.php\/wp-json\/wp\/v2\/posts\/90085\/revisions"}],"predecessor-version":[{"id":90088,"href":"https:\/\/diariotextual.com\/inicio\/index.php\/wp-json\/wp\/v2\/posts\/90085\/revisions\/90088"}],"wp:featuredmedia":[{"embeddable":true,"href":"https:\/\/diariotextual.com\/inicio\/index.php\/wp-json\/wp\/v2\/media\/10210"}],"wp:attachment":[{"href":"https:\/\/diariotextual.com\/inicio\/index.php\/wp-json\/wp\/v2\/media?parent=90085"}],"wp:term":[{"taxonomy":"category","embeddable":true,"href":"https:\/\/diariotextual.com\/inicio\/index.php\/wp-json\/wp\/v2\/categories?post=90085"},{"taxonomy":"post_tag","embeddable":true,"href":"https:\/\/diariotextual.com\/inicio\/index.php\/wp-json\/wp\/v2\/tags?post=90085"}],"curies":[{"name":"wp","href":"https:\/\/api.w.org\/{rel}","templated":true}]}}