{"id":90269,"date":"2020-04-21T19:45:01","date_gmt":"2020-04-21T22:45:01","guid":{"rendered":"http:\/\/diariotextual.com\/inicio\/?p=90269"},"modified":"2020-04-22T20:35:11","modified_gmt":"2020-04-22T23:35:11","slug":"gobernador-confirmo-seguira-la-cuarentena-despues-del-lunes-26","status":"publish","type":"post","link":"https:\/\/diariotextual.com\/inicio\/index.php\/2020\/04\/21\/gobernador-confirmo-seguira-la-cuarentena-despues-del-lunes-26\/","title":{"rendered":"El gobernador confirm\u00f3 que la cuarentena seguir\u00e1 despu\u00e9s del domingo 26"},"content":{"rendered":"<p>El gobernador <strong>Sergio Ziliotto<\/strong> confirm\u00f3 que<strong> desde el lunes 26 se prorrogar\u00e1 la cuarentena en La Pampa<\/strong> para prevenir la circulaci\u00f3n del nuevo virus Covid-19. <strong>\u00abNo nos vamos a suicidar\u00bb<\/strong>, dijo.<\/p>\n<p>Dijo que no hay que relajarse.\u00a0<strong>\u00abLos pampeanos han hecho un gran esfuerzo para tirar todo por la borda\u00bb<\/strong>, sostuvo, en conferencia de prensa.\u00a0De esta manera, confirm\u00f3 que<strong> seguir\u00e1 la cuarentena administrada<\/strong>, es decir, abriendo o flexibilizando por sector.<strong> \u00abEsto es un d\u00eda a d\u00eda\u00bb, cont\u00f3.<\/strong><\/p>\n<p>En La Pampa, actualmente hay <strong>cinco casos positivos<\/strong> -cuatro de ellos en Santa Rosa y uno en Pico-, todos con antecedentes de viajes en el extranjero<strong>.<\/strong><\/p>\n<p>Adem\u00e1s,<strong> desde hace casi dos semanas no se registra uno nuevo por lo que se sospecha que no hay circulaci\u00f3n comunitaria.\u00a0<\/strong>Pero Ziliotto dijo que no estaban seguros.\u00a0<strong>\u00abNo sabemos si no tenemos circulaci\u00f3n local (del nuevo virus)\u00bb<\/strong>, agreg\u00f3, en otro tramo.<\/p>\n<p>\u00abAc\u00e1 se debe tener responsabilidad social:<strong> que salga quien realmente tenga necesidad de salir<\/strong>\u00ab, agreg\u00f3.<\/p>\n<p>De todas maneras, <strong>Ziliotto admiti\u00f3 que estudian los distintos sectores econ\u00f3micos para ver si se habilitan nuevas excepciones.\u00a0<\/strong>\u201cHemos tomado la decisi\u00f3n de pedir que se incorporaran distintas actividades y se est\u00e1n llevando a cabo. Ya est\u00e1n funcionando en distintas localidades. Que circulaci\u00f3n y que riesgos implica esa circulaci\u00f3n\u201d dijo.<\/p>\n<p>\u201cSabemos que hay sectores que est\u00e1n muy perjudicados por la crisis sanitaria. Sabemos que son situaciones duras, pero m\u00e1s dura es la cuesti\u00f3n sanitaria. En la provincia llevamos 12 d\u00edas sin casos positivos. Pero esto no termin\u00f3, esto est\u00e1 empezando\u201d, avis\u00f3.<\/p>\n<p>\u201c<strong>Vamos a consultar con los expertos, con los que saben desde el punto de vista epidemiol\u00f3gico y a partir de all\u00ed tomaremos las decisiones.<\/strong> A lo que m\u00e1s le tememos es a la circulaci\u00f3n viral de otras provincias, que pueden venir porque forman parte de las actividades exceptuadas\u201d, dijo en relaci\u00f3n a las personas que ingresan para la provisi\u00f3n de todo tipo de mercader\u00eda.<\/p>\n<p>Dijo que eval\u00faan nuevos pedidos de excepciones.\u00a0\u201cTenemos medidas en estudio, pero esperemos ver c\u00f3mo evolucionan las actividades nuevas. Se abrieron las cajas recaudadoras, la venta online de comercios, y hay que ir viendo c\u00f3mo nos afecta esa movilidad. Pero vuelvo a repetir, lo primero es lo sanitario\u201d, dijo.<\/p>\n<p>\u00abMa\u00f1ana empezaremos a trabajar con el gobierno nacional cu\u00e1les son las pautas de la cuarentena administrada. Analizamos 3 cosas: que tenga un impacto muy negativo la crisis para un sector, lo que se hace necesario que vuelva a funcionar. El segundo es el impacto de circulaci\u00f3n y el tercero, si tenemos herramientas para controlar la situaci\u00f3n de las nuevas actividades habilitadas\u201d, dijo.<\/p>\n<p>&nbsp;<\/p>\n<blockquote class=\"wp-embedded-content\" data-secret=\"qqvD6nBCsv\"><p><a href=\"http:\/\/diariotextual.com\/inicio\/index.php\/2020\/04\/21\/ziliotto-da-creditos-6300-trabajadores-profesionales-independientes-garantia-del-estado-provincial\/\">Ziliotto anuncia cr\u00e9ditos a 6300 trabajadores y profesionales independientes con garant\u00eda del Estado<\/a><\/p><\/blockquote>\n<p><iframe class=\"wp-embedded-content\" sandbox=\"allow-scripts\" security=\"restricted\" style=\"position: absolute; clip: rect(1px, 1px, 1px, 1px);\" src=\"http:\/\/diariotextual.com\/inicio\/index.php\/2020\/04\/21\/ziliotto-da-creditos-6300-trabajadores-profesionales-independientes-garantia-del-estado-provincial\/embed\/#?secret=qqvD6nBCsv\" data-secret=\"qqvD6nBCsv\" width=\"600\" height=\"338\" title=\"&#171;Ziliotto anuncia cr\u00e9ditos a 6300 trabajadores y profesionales independientes con garant\u00eda del Estado&#187; &#8212; Diario Textual\" frameborder=\"0\" marginwidth=\"0\" marginheight=\"0\" scrolling=\"no\"><\/iframe><\/p>\n<p>&nbsp;<\/p>\n","protected":false},"excerpt":{"rendered":"<p>El gobernador Sergio Ziliotto confirm\u00f3 que desde el lunes 26 se prorrogar\u00e1 la cuarentena en La Pampa para prevenir la circulaci\u00f3n del nuevo virus Covid-19. \u00abNo nos vamos a suicidar\u00bb,&hellip;<\/p>\n","protected":false},"author":3,"featured_media":90302,"comment_status":"closed","ping_status":"open","sticky":false,"template":"","format":"standard","meta":{"_acf_changed":false,"footnotes":""},"categories":[319,12],"tags":[2662],"class_list":["post-90269","post","type-post","status-publish","format-standard","has-post-thumbnail","hentry","category-a-temporales","category-sociedad","tag-coronavirus"],"acf":[],"yoast_head":"<!-- This site is optimized with the Yoast SEO plugin v27.5 - https:\/\/yoast.com\/product\/yoast-seo-wordpress\/ -->\n<title>El gobernador confirm\u00f3 que la cuarentena seguir\u00e1 despu\u00e9s del domingo 26 - Diario Textual<\/title>\n<meta name=\"robots\" content=\"index, follow, max-snippet:-1, max-image-preview:large, max-video-preview:-1\" \/>\n<link rel=\"canonical\" href=\"https:\/\/diariotextual.com\/inicio\/index.php\/2020\/04\/21\/gobernador-confirmo-seguira-la-cuarentena-despues-del-lunes-26\/\" \/>\n<meta property=\"og:locale\" content=\"es_ES\" \/>\n<meta property=\"og:type\" content=\"article\" \/>\n<meta property=\"og:title\" content=\"El gobernador confirm\u00f3 que la cuarentena seguir\u00e1 despu\u00e9s del domingo 26 - Diario Textual\" \/>\n<meta property=\"og:description\" content=\"El gobernador Sergio Ziliotto confirm\u00f3 que desde el lunes 26 se prorrogar\u00e1 la cuarentena en La Pampa para prevenir la circulaci\u00f3n del nuevo virus Covid-19. \u00abNo nos vamos a suicidar\u00bb,&hellip;\" \/>\n<meta property=\"og:url\" content=\"https:\/\/diariotextual.com\/inicio\/index.php\/2020\/04\/21\/gobernador-confirmo-seguira-la-cuarentena-despues-del-lunes-26\/\" \/>\n<meta property=\"og:site_name\" content=\"Diario Textual\" \/>\n<meta property=\"article:publisher\" content=\"https:\/\/www.facebook.com\/eltextual\" \/>\n<meta property=\"article:published_time\" content=\"2020-04-21T22:45:01+00:00\" \/>\n<meta property=\"article:modified_time\" content=\"2020-04-22T23:35:11+00:00\" \/>\n<meta property=\"og:image\" content=\"https:\/\/diariotextual.com\/inicio\/wp-content\/uploads\/2020\/04\/ziliottosergio2020-20001.jpg\" \/>\n\t<meta property=\"og:image:width\" content=\"1670\" \/>\n\t<meta property=\"og:image:height\" content=\"1114\" \/>\n\t<meta property=\"og:image:type\" content=\"image\/jpeg\" \/>\n<meta name=\"author\" content=\"Diario1 Diario1\" \/>\n<meta name=\"twitter:card\" content=\"summary_large_image\" \/>\n<meta name=\"twitter:creator\" content=\"@eltextual\" \/>\n<meta name=\"twitter:site\" content=\"@eltextual\" \/>\n<meta name=\"twitter:label1\" content=\"Escrito por\" \/>\n\t<meta name=\"twitter:data1\" content=\"Diario1 Diario1\" \/>\n\t<meta name=\"twitter:label2\" content=\"Tiempo de lectura\" \/>\n\t<meta name=\"twitter:data2\" content=\"2 minutos\" \/>\n<script type=\"application\/ld+json\" class=\"yoast-schema-graph\">{\"@context\":\"https:\\\/\\\/schema.org\",\"@graph\":[{\"@type\":\"Article\",\"@id\":\"https:\\\/\\\/diariotextual.com\\\/inicio\\\/index.php\\\/2020\\\/04\\\/21\\\/gobernador-confirmo-seguira-la-cuarentena-despues-del-lunes-26\\\/#article\",\"isPartOf\":{\"@id\":\"https:\\\/\\\/diariotextual.com\\\/inicio\\\/index.php\\\/2020\\\/04\\\/21\\\/gobernador-confirmo-seguira-la-cuarentena-despues-del-lunes-26\\\/\"},\"author\":{\"name\":\"Diario1 Diario1\",\"@id\":\"https:\\\/\\\/diariotextual.com\\\/inicio\\\/#\\\/schema\\\/person\\\/418fc4093c33e86ed41562db3508f958\"},\"headline\":\"El gobernador confirm\u00f3 que la cuarentena seguir\u00e1 despu\u00e9s del domingo 26\",\"datePublished\":\"2020-04-21T22:45:01+00:00\",\"dateModified\":\"2020-04-22T23:35:11+00:00\",\"mainEntityOfPage\":{\"@id\":\"https:\\\/\\\/diariotextual.com\\\/inicio\\\/index.php\\\/2020\\\/04\\\/21\\\/gobernador-confirmo-seguira-la-cuarentena-despues-del-lunes-26\\\/\"},\"wordCount\":474,\"publisher\":{\"@id\":\"https:\\\/\\\/diariotextual.com\\\/inicio\\\/#organization\"},\"image\":{\"@id\":\"https:\\\/\\\/diariotextual.com\\\/inicio\\\/index.php\\\/2020\\\/04\\\/21\\\/gobernador-confirmo-seguira-la-cuarentena-despues-del-lunes-26\\\/#primaryimage\"},\"thumbnailUrl\":\"https:\\\/\\\/diariotextual.com\\\/inicio\\\/wp-content\\\/uploads\\\/2020\\\/04\\\/ziliottosergio2020-20001.jpg\",\"keywords\":[\"coronavirus\"],\"articleSection\":[\"A - TEMPORALES\",\"SOCIEDAD\"],\"inLanguage\":\"es\"},{\"@type\":\"WebPage\",\"@id\":\"https:\\\/\\\/diariotextual.com\\\/inicio\\\/index.php\\\/2020\\\/04\\\/21\\\/gobernador-confirmo-seguira-la-cuarentena-despues-del-lunes-26\\\/\",\"url\":\"https:\\\/\\\/diariotextual.com\\\/inicio\\\/index.php\\\/2020\\\/04\\\/21\\\/gobernador-confirmo-seguira-la-cuarentena-despues-del-lunes-26\\\/\",\"name\":\"El gobernador confirm\u00f3 que la cuarentena seguir\u00e1 despu\u00e9s del domingo 26 - Diario Textual\",\"isPartOf\":{\"@id\":\"https:\\\/\\\/diariotextual.com\\\/inicio\\\/#website\"},\"primaryImageOfPage\":{\"@id\":\"https:\\\/\\\/diariotextual.com\\\/inicio\\\/index.php\\\/2020\\\/04\\\/21\\\/gobernador-confirmo-seguira-la-cuarentena-despues-del-lunes-26\\\/#primaryimage\"},\"image\":{\"@id\":\"https:\\\/\\\/diariotextual.com\\\/inicio\\\/index.php\\\/2020\\\/04\\\/21\\\/gobernador-confirmo-seguira-la-cuarentena-despues-del-lunes-26\\\/#primaryimage\"},\"thumbnailUrl\":\"https:\\\/\\\/diariotextual.com\\\/inicio\\\/wp-content\\\/uploads\\\/2020\\\/04\\\/ziliottosergio2020-20001.jpg\",\"datePublished\":\"2020-04-21T22:45:01+00:00\",\"dateModified\":\"2020-04-22T23:35:11+00:00\",\"breadcrumb\":{\"@id\":\"https:\\\/\\\/diariotextual.com\\\/inicio\\\/index.php\\\/2020\\\/04\\\/21\\\/gobernador-confirmo-seguira-la-cuarentena-despues-del-lunes-26\\\/#breadcrumb\"},\"inLanguage\":\"es\",\"potentialAction\":[{\"@type\":\"ReadAction\",\"target\":[\"https:\\\/\\\/diariotextual.com\\\/inicio\\\/index.php\\\/2020\\\/04\\\/21\\\/gobernador-confirmo-seguira-la-cuarentena-despues-del-lunes-26\\\/\"]}]},{\"@type\":\"ImageObject\",\"inLanguage\":\"es\",\"@id\":\"https:\\\/\\\/diariotextual.com\\\/inicio\\\/index.php\\\/2020\\\/04\\\/21\\\/gobernador-confirmo-seguira-la-cuarentena-despues-del-lunes-26\\\/#primaryimage\",\"url\":\"https:\\\/\\\/diariotextual.com\\\/inicio\\\/wp-content\\\/uploads\\\/2020\\\/04\\\/ziliottosergio2020-20001.jpg\",\"contentUrl\":\"https:\\\/\\\/diariotextual.com\\\/inicio\\\/wp-content\\\/uploads\\\/2020\\\/04\\\/ziliottosergio2020-20001.jpg\",\"width\":1670,\"height\":1114},{\"@type\":\"BreadcrumbList\",\"@id\":\"https:\\\/\\\/diariotextual.com\\\/inicio\\\/index.php\\\/2020\\\/04\\\/21\\\/gobernador-confirmo-seguira-la-cuarentena-despues-del-lunes-26\\\/#breadcrumb\",\"itemListElement\":[{\"@type\":\"ListItem\",\"position\":1,\"name\":\"Portada\",\"item\":\"https:\\\/\\\/diariotextual.com\\\/inicio\\\/\"},{\"@type\":\"ListItem\",\"position\":2,\"name\":\"El gobernador confirm\u00f3 que la cuarentena seguir\u00e1 despu\u00e9s del domingo 26\"}]},{\"@type\":\"WebSite\",\"@id\":\"https:\\\/\\\/diariotextual.com\\\/inicio\\\/#website\",\"url\":\"https:\\\/\\\/diariotextual.com\\\/inicio\\\/\",\"name\":\"Diario Textual\",\"description\":\"\",\"publisher\":{\"@id\":\"https:\\\/\\\/diariotextual.com\\\/inicio\\\/#organization\"},\"potentialAction\":[{\"@type\":\"SearchAction\",\"target\":{\"@type\":\"EntryPoint\",\"urlTemplate\":\"https:\\\/\\\/diariotextual.com\\\/inicio\\\/?s={search_term_string}\"},\"query-input\":{\"@type\":\"PropertyValueSpecification\",\"valueRequired\":true,\"valueName\":\"search_term_string\"}}],\"inLanguage\":\"es\"},{\"@type\":\"Organization\",\"@id\":\"https:\\\/\\\/diariotextual.com\\\/inicio\\\/#organization\",\"name\":\"Diario Textual\",\"url\":\"https:\\\/\\\/diariotextual.com\\\/inicio\\\/\",\"logo\":{\"@type\":\"ImageObject\",\"inLanguage\":\"es\",\"@id\":\"https:\\\/\\\/diariotextual.com\\\/inicio\\\/#\\\/schema\\\/logo\\\/image\\\/\",\"url\":\"https:\\\/\\\/diariotextual.com\\\/inicio\\\/wp-content\\\/uploads\\\/2023\\\/05\\\/logotextual1.jpg\",\"contentUrl\":\"https:\\\/\\\/diariotextual.com\\\/inicio\\\/wp-content\\\/uploads\\\/2023\\\/05\\\/logotextual1.jpg\",\"width\":516,\"height\":76,\"caption\":\"Diario Textual\"},\"image\":{\"@id\":\"https:\\\/\\\/diariotextual.com\\\/inicio\\\/#\\\/schema\\\/logo\\\/image\\\/\"},\"sameAs\":[\"https:\\\/\\\/www.facebook.com\\\/eltextual\",\"https:\\\/\\\/x.com\\\/eltextual\",\"http:\\\/\\\/www.instagram.com\\\/eltextual\"]},{\"@type\":\"Person\",\"@id\":\"https:\\\/\\\/diariotextual.com\\\/inicio\\\/#\\\/schema\\\/person\\\/418fc4093c33e86ed41562db3508f958\",\"name\":\"Diario1 Diario1\",\"image\":{\"@type\":\"ImageObject\",\"inLanguage\":\"es\",\"@id\":\"https:\\\/\\\/secure.gravatar.com\\\/avatar\\\/9167d280179c85bc18be67aa7eda765854300033af4896dd779b608640f2ef7a?s=96&d=mm&r=g\",\"url\":\"https:\\\/\\\/secure.gravatar.com\\\/avatar\\\/9167d280179c85bc18be67aa7eda765854300033af4896dd779b608640f2ef7a?s=96&d=mm&r=g\",\"contentUrl\":\"https:\\\/\\\/secure.gravatar.com\\\/avatar\\\/9167d280179c85bc18be67aa7eda765854300033af4896dd779b608640f2ef7a?s=96&d=mm&r=g\",\"caption\":\"Diario1 Diario1\"},\"url\":\"https:\\\/\\\/diariotextual.com\\\/inicio\\\/index.php\\\/author\\\/diario1\\\/\"}]}<\/script>\n<!-- \/ Yoast SEO plugin. -->","yoast_head_json":{"title":"El gobernador confirm\u00f3 que la cuarentena seguir\u00e1 despu\u00e9s del domingo 26 - Diario Textual","robots":{"index":"index","follow":"follow","max-snippet":"max-snippet:-1","max-image-preview":"max-image-preview:large","max-video-preview":"max-video-preview:-1"},"canonical":"https:\/\/diariotextual.com\/inicio\/index.php\/2020\/04\/21\/gobernador-confirmo-seguira-la-cuarentena-despues-del-lunes-26\/","og_locale":"es_ES","og_type":"article","og_title":"El gobernador confirm\u00f3 que la cuarentena seguir\u00e1 despu\u00e9s del domingo 26 - Diario Textual","og_description":"El gobernador Sergio Ziliotto confirm\u00f3 que desde el lunes 26 se prorrogar\u00e1 la cuarentena en La Pampa para prevenir la circulaci\u00f3n del nuevo virus Covid-19. \u00abNo nos vamos a suicidar\u00bb,&hellip;","og_url":"https:\/\/diariotextual.com\/inicio\/index.php\/2020\/04\/21\/gobernador-confirmo-seguira-la-cuarentena-despues-del-lunes-26\/","og_site_name":"Diario Textual","article_publisher":"https:\/\/www.facebook.com\/eltextual","article_published_time":"2020-04-21T22:45:01+00:00","article_modified_time":"2020-04-22T23:35:11+00:00","og_image":[{"width":1670,"height":1114,"url":"https:\/\/diariotextual.com\/inicio\/wp-content\/uploads\/2020\/04\/ziliottosergio2020-20001.jpg","type":"image\/jpeg"}],"author":"Diario1 Diario1","twitter_card":"summary_large_image","twitter_creator":"@eltextual","twitter_site":"@eltextual","twitter_misc":{"Escrito por":"Diario1 Diario1","Tiempo de lectura":"2 minutos"},"schema":{"@context":"https:\/\/schema.org","@graph":[{"@type":"Article","@id":"https:\/\/diariotextual.com\/inicio\/index.php\/2020\/04\/21\/gobernador-confirmo-seguira-la-cuarentena-despues-del-lunes-26\/#article","isPartOf":{"@id":"https:\/\/diariotextual.com\/inicio\/index.php\/2020\/04\/21\/gobernador-confirmo-seguira-la-cuarentena-despues-del-lunes-26\/"},"author":{"name":"Diario1 Diario1","@id":"https:\/\/diariotextual.com\/inicio\/#\/schema\/person\/418fc4093c33e86ed41562db3508f958"},"headline":"El gobernador confirm\u00f3 que la cuarentena seguir\u00e1 despu\u00e9s del domingo 26","datePublished":"2020-04-21T22:45:01+00:00","dateModified":"2020-04-22T23:35:11+00:00","mainEntityOfPage":{"@id":"https:\/\/diariotextual.com\/inicio\/index.php\/2020\/04\/21\/gobernador-confirmo-seguira-la-cuarentena-despues-del-lunes-26\/"},"wordCount":474,"publisher":{"@id":"https:\/\/diariotextual.com\/inicio\/#organization"},"image":{"@id":"https:\/\/diariotextual.com\/inicio\/index.php\/2020\/04\/21\/gobernador-confirmo-seguira-la-cuarentena-despues-del-lunes-26\/#primaryimage"},"thumbnailUrl":"https:\/\/diariotextual.com\/inicio\/wp-content\/uploads\/2020\/04\/ziliottosergio2020-20001.jpg","keywords":["coronavirus"],"articleSection":["A - TEMPORALES","SOCIEDAD"],"inLanguage":"es"},{"@type":"WebPage","@id":"https:\/\/diariotextual.com\/inicio\/index.php\/2020\/04\/21\/gobernador-confirmo-seguira-la-cuarentena-despues-del-lunes-26\/","url":"https:\/\/diariotextual.com\/inicio\/index.php\/2020\/04\/21\/gobernador-confirmo-seguira-la-cuarentena-despues-del-lunes-26\/","name":"El gobernador confirm\u00f3 que la cuarentena seguir\u00e1 despu\u00e9s del domingo 26 - Diario Textual","isPartOf":{"@id":"https:\/\/diariotextual.com\/inicio\/#website"},"primaryImageOfPage":{"@id":"https:\/\/diariotextual.com\/inicio\/index.php\/2020\/04\/21\/gobernador-confirmo-seguira-la-cuarentena-despues-del-lunes-26\/#primaryimage"},"image":{"@id":"https:\/\/diariotextual.com\/inicio\/index.php\/2020\/04\/21\/gobernador-confirmo-seguira-la-cuarentena-despues-del-lunes-26\/#primaryimage"},"thumbnailUrl":"https:\/\/diariotextual.com\/inicio\/wp-content\/uploads\/2020\/04\/ziliottosergio2020-20001.jpg","datePublished":"2020-04-21T22:45:01+00:00","dateModified":"2020-04-22T23:35:11+00:00","breadcrumb":{"@id":"https:\/\/diariotextual.com\/inicio\/index.php\/2020\/04\/21\/gobernador-confirmo-seguira-la-cuarentena-despues-del-lunes-26\/#breadcrumb"},"inLanguage":"es","potentialAction":[{"@type":"ReadAction","target":["https:\/\/diariotextual.com\/inicio\/index.php\/2020\/04\/21\/gobernador-confirmo-seguira-la-cuarentena-despues-del-lunes-26\/"]}]},{"@type":"ImageObject","inLanguage":"es","@id":"https:\/\/diariotextual.com\/inicio\/index.php\/2020\/04\/21\/gobernador-confirmo-seguira-la-cuarentena-despues-del-lunes-26\/#primaryimage","url":"https:\/\/diariotextual.com\/inicio\/wp-content\/uploads\/2020\/04\/ziliottosergio2020-20001.jpg","contentUrl":"https:\/\/diariotextual.com\/inicio\/wp-content\/uploads\/2020\/04\/ziliottosergio2020-20001.jpg","width":1670,"height":1114},{"@type":"BreadcrumbList","@id":"https:\/\/diariotextual.com\/inicio\/index.php\/2020\/04\/21\/gobernador-confirmo-seguira-la-cuarentena-despues-del-lunes-26\/#breadcrumb","itemListElement":[{"@type":"ListItem","position":1,"name":"Portada","item":"https:\/\/diariotextual.com\/inicio\/"},{"@type":"ListItem","position":2,"name":"El gobernador confirm\u00f3 que la cuarentena seguir\u00e1 despu\u00e9s del domingo 26"}]},{"@type":"WebSite","@id":"https:\/\/diariotextual.com\/inicio\/#website","url":"https:\/\/diariotextual.com\/inicio\/","name":"Diario Textual","description":"","publisher":{"@id":"https:\/\/diariotextual.com\/inicio\/#organization"},"potentialAction":[{"@type":"SearchAction","target":{"@type":"EntryPoint","urlTemplate":"https:\/\/diariotextual.com\/inicio\/?s={search_term_string}"},"query-input":{"@type":"PropertyValueSpecification","valueRequired":true,"valueName":"search_term_string"}}],"inLanguage":"es"},{"@type":"Organization","@id":"https:\/\/diariotextual.com\/inicio\/#organization","name":"Diario Textual","url":"https:\/\/diariotextual.com\/inicio\/","logo":{"@type":"ImageObject","inLanguage":"es","@id":"https:\/\/diariotextual.com\/inicio\/#\/schema\/logo\/image\/","url":"https:\/\/diariotextual.com\/inicio\/wp-content\/uploads\/2023\/05\/logotextual1.jpg","contentUrl":"https:\/\/diariotextual.com\/inicio\/wp-content\/uploads\/2023\/05\/logotextual1.jpg","width":516,"height":76,"caption":"Diario Textual"},"image":{"@id":"https:\/\/diariotextual.com\/inicio\/#\/schema\/logo\/image\/"},"sameAs":["https:\/\/www.facebook.com\/eltextual","https:\/\/x.com\/eltextual","http:\/\/www.instagram.com\/eltextual"]},{"@type":"Person","@id":"https:\/\/diariotextual.com\/inicio\/#\/schema\/person\/418fc4093c33e86ed41562db3508f958","name":"Diario1 Diario1","image":{"@type":"ImageObject","inLanguage":"es","@id":"https:\/\/secure.gravatar.com\/avatar\/9167d280179c85bc18be67aa7eda765854300033af4896dd779b608640f2ef7a?s=96&d=mm&r=g","url":"https:\/\/secure.gravatar.com\/avatar\/9167d280179c85bc18be67aa7eda765854300033af4896dd779b608640f2ef7a?s=96&d=mm&r=g","contentUrl":"https:\/\/secure.gravatar.com\/avatar\/9167d280179c85bc18be67aa7eda765854300033af4896dd779b608640f2ef7a?s=96&d=mm&r=g","caption":"Diario1 Diario1"},"url":"https:\/\/diariotextual.com\/inicio\/index.php\/author\/diario1\/"}]}},"_links":{"self":[{"href":"https:\/\/diariotextual.com\/inicio\/index.php\/wp-json\/wp\/v2\/posts\/90269","targetHints":{"allow":["GET"]}}],"collection":[{"href":"https:\/\/diariotextual.com\/inicio\/index.php\/wp-json\/wp\/v2\/posts"}],"about":[{"href":"https:\/\/diariotextual.com\/inicio\/index.php\/wp-json\/wp\/v2\/types\/post"}],"author":[{"embeddable":true,"href":"https:\/\/diariotextual.com\/inicio\/index.php\/wp-json\/wp\/v2\/users\/3"}],"replies":[{"embeddable":true,"href":"https:\/\/diariotextual.com\/inicio\/index.php\/wp-json\/wp\/v2\/comments?post=90269"}],"version-history":[{"count":6,"href":"https:\/\/diariotextual.com\/inicio\/index.php\/wp-json\/wp\/v2\/posts\/90269\/revisions"}],"predecessor-version":[{"id":90295,"href":"https:\/\/diariotextual.com\/inicio\/index.php\/wp-json\/wp\/v2\/posts\/90269\/revisions\/90295"}],"wp:featuredmedia":[{"embeddable":true,"href":"https:\/\/diariotextual.com\/inicio\/index.php\/wp-json\/wp\/v2\/media\/90302"}],"wp:attachment":[{"href":"https:\/\/diariotextual.com\/inicio\/index.php\/wp-json\/wp\/v2\/media?parent=90269"}],"wp:term":[{"taxonomy":"category","embeddable":true,"href":"https:\/\/diariotextual.com\/inicio\/index.php\/wp-json\/wp\/v2\/categories?post=90269"},{"taxonomy":"post_tag","embeddable":true,"href":"https:\/\/diariotextual.com\/inicio\/index.php\/wp-json\/wp\/v2\/tags?post=90269"}],"curies":[{"name":"wp","href":"https:\/\/api.w.org\/{rel}","templated":true}]}}