{"id":90297,"date":"2020-04-21T21:08:09","date_gmt":"2020-04-22T00:08:09","guid":{"rendered":"http:\/\/diariotextual.com\/inicio\/?p=90297"},"modified":"2020-04-22T08:59:12","modified_gmt":"2020-04-22T11:59:12","slug":"covid-19-la-pampa-cuatro-pacientes-recuperados-del-virus","status":"publish","type":"post","link":"https:\/\/diariotextual.com\/inicio\/index.php\/2020\/04\/21\/covid-19-la-pampa-cuatro-pacientes-recuperados-del-virus\/","title":{"rendered":"Covid-19: ya se recuperaron los cuatro pacientes de Santa Rosa"},"content":{"rendered":"<p>La Direcci\u00f3n de Epidemiolog\u00eda del Ministerio de Salud de la provincia de La Pampa inform\u00f3 que <strong>ya se recuperaron cuatro de los cinco pacientes con coronavirus<\/strong>.<\/p>\n<p><strong>Diario Textual pudo confirmar que los cuatro recuperados son de Santa Rosa. As\u00ed, queda una paciente en Pico que a\u00fan no recibi\u00f3 el alta.<\/strong><\/p>\n<p>Seg\u00fan un comunicado, adem\u00e1s, ya fueron descartados 89 casos sospechosos.\u00a0Las muestras para diagn\u00f3stico de COVID-19 son procesadas por el Laboratorio Central de la Direcci\u00f3n de Epidemiolog\u00eda y el Laboratorio de Microbiolog\u00eda del Establecimiento Asistencial Gobernador Centeno de General Pico, a trav\u00e9s de la t\u00e9cnica PCR en tiempo real.<\/p>\n<p>A su vez, siguen ingresando personas de otras provincias. \u00abLa Direcci\u00f3n de Epidemiolog\u00eda realiza el monitoreo de viajeros con indicaci\u00f3n de aislamiento estricto, al d\u00eda de la fecha se registraron 1.425 personas con antecedente de viaje de las cuales 880 ya han cumplido el per\u00edodo de 14 d\u00edas desde su regreso y 545 contin\u00faan siendo monitoreadas. Se siguen generando acciones tendientes a preparar el sistema de salud, para dar respuesta de calidad frente a un eventual aumento de casos\u00bb, comunic\u00f3.<\/p>\n<blockquote class=\"wp-embedded-content\" data-secret=\"TyI50MDVkW\"><p><a href=\"http:\/\/diariotextual.com\/inicio\/index.php\/2020\/04\/21\/gobernador-confirmo-seguira-la-cuarentena-despues-del-lunes-26\/\">El gobernador confirm\u00f3 que la cuarentena seguir\u00e1 despu\u00e9s del domingo 26<\/a><\/p><\/blockquote>\n<p><iframe class=\"wp-embedded-content\" sandbox=\"allow-scripts\" security=\"restricted\" style=\"position: absolute; clip: rect(1px, 1px, 1px, 1px);\" src=\"http:\/\/diariotextual.com\/inicio\/index.php\/2020\/04\/21\/gobernador-confirmo-seguira-la-cuarentena-despues-del-lunes-26\/embed\/#?secret=TyI50MDVkW\" data-secret=\"TyI50MDVkW\" width=\"600\" height=\"338\" title=\"&#171;El gobernador confirm\u00f3 que la cuarentena seguir\u00e1 despu\u00e9s del domingo 26&#187; &#8212; Diario Textual\" frameborder=\"0\" marginwidth=\"0\" marginheight=\"0\" scrolling=\"no\"><\/iframe><\/p>\n<p>&nbsp;<\/p>\n<p>&nbsp;<\/p>\n<p>&nbsp;<\/p>\n","protected":false},"excerpt":{"rendered":"<p>La Direcci\u00f3n de Epidemiolog\u00eda del Ministerio de Salud de la provincia de La Pampa inform\u00f3 que ya se recuperaron cuatro de los cinco pacientes con coronavirus. Diario Textual pudo confirmar&hellip;<\/p>\n","protected":false},"author":3,"featured_media":88381,"comment_status":"closed","ping_status":"open","sticky":false,"template":"","format":"standard","meta":{"_acf_changed":false,"footnotes":""},"categories":[11,12],"tags":[],"class_list":["post-90297","post","type-post","status-publish","format-standard","has-post-thumbnail","hentry","category-que-pasa","category-sociedad"],"acf":[],"yoast_head":"<!-- This site is optimized with the Yoast SEO plugin v27.5 - https:\/\/yoast.com\/product\/yoast-seo-wordpress\/ -->\n<title>Covid-19: ya se recuperaron los cuatro pacientes de Santa Rosa - Diario Textual<\/title>\n<meta name=\"robots\" content=\"index, follow, max-snippet:-1, max-image-preview:large, max-video-preview:-1\" \/>\n<link rel=\"canonical\" href=\"https:\/\/diariotextual.com\/inicio\/index.php\/2020\/04\/21\/covid-19-la-pampa-cuatro-pacientes-recuperados-del-virus\/\" \/>\n<meta property=\"og:locale\" content=\"es_ES\" \/>\n<meta property=\"og:type\" content=\"article\" \/>\n<meta property=\"og:title\" content=\"Covid-19: ya se recuperaron los cuatro pacientes de Santa Rosa - Diario Textual\" \/>\n<meta property=\"og:description\" content=\"La Direcci\u00f3n de Epidemiolog\u00eda del Ministerio de Salud de la provincia de La Pampa inform\u00f3 que ya se recuperaron cuatro de los cinco pacientes con coronavirus. Diario Textual pudo confirmar&hellip;\" \/>\n<meta property=\"og:url\" content=\"https:\/\/diariotextual.com\/inicio\/index.php\/2020\/04\/21\/covid-19-la-pampa-cuatro-pacientes-recuperados-del-virus\/\" \/>\n<meta property=\"og:site_name\" content=\"Diario Textual\" \/>\n<meta property=\"article:publisher\" content=\"https:\/\/www.facebook.com\/eltextual\" \/>\n<meta property=\"article:published_time\" content=\"2020-04-22T00:08:09+00:00\" \/>\n<meta property=\"article:modified_time\" content=\"2020-04-22T11:59:12+00:00\" \/>\n<meta property=\"og:image\" content=\"https:\/\/diariotextual.com\/inicio\/wp-content\/uploads\/2020\/04\/coronaviruslaboratoriomolasneumonia2020-2.jpeg\" \/>\n\t<meta property=\"og:image:width\" content=\"1116\" \/>\n\t<meta property=\"og:image:height\" content=\"745\" \/>\n\t<meta property=\"og:image:type\" content=\"image\/jpeg\" \/>\n<meta name=\"author\" content=\"Diario1 Diario1\" \/>\n<meta name=\"twitter:card\" content=\"summary_large_image\" \/>\n<meta name=\"twitter:creator\" content=\"@eltextual\" \/>\n<meta name=\"twitter:site\" content=\"@eltextual\" \/>\n<meta name=\"twitter:label1\" content=\"Escrito por\" \/>\n\t<meta name=\"twitter:data1\" content=\"Diario1 Diario1\" \/>\n\t<meta name=\"twitter:label2\" content=\"Tiempo de lectura\" \/>\n\t<meta name=\"twitter:data2\" content=\"1 minuto\" \/>\n<script type=\"application\/ld+json\" class=\"yoast-schema-graph\">{\"@context\":\"https:\\\/\\\/schema.org\",\"@graph\":[{\"@type\":\"Article\",\"@id\":\"https:\\\/\\\/diariotextual.com\\\/inicio\\\/index.php\\\/2020\\\/04\\\/21\\\/covid-19-la-pampa-cuatro-pacientes-recuperados-del-virus\\\/#article\",\"isPartOf\":{\"@id\":\"https:\\\/\\\/diariotextual.com\\\/inicio\\\/index.php\\\/2020\\\/04\\\/21\\\/covid-19-la-pampa-cuatro-pacientes-recuperados-del-virus\\\/\"},\"author\":{\"name\":\"Diario1 Diario1\",\"@id\":\"https:\\\/\\\/diariotextual.com\\\/inicio\\\/#\\\/schema\\\/person\\\/418fc4093c33e86ed41562db3508f958\"},\"headline\":\"Covid-19: ya se recuperaron los cuatro pacientes de Santa Rosa\",\"datePublished\":\"2020-04-22T00:08:09+00:00\",\"dateModified\":\"2020-04-22T11:59:12+00:00\",\"mainEntityOfPage\":{\"@id\":\"https:\\\/\\\/diariotextual.com\\\/inicio\\\/index.php\\\/2020\\\/04\\\/21\\\/covid-19-la-pampa-cuatro-pacientes-recuperados-del-virus\\\/\"},\"wordCount\":212,\"publisher\":{\"@id\":\"https:\\\/\\\/diariotextual.com\\\/inicio\\\/#organization\"},\"image\":{\"@id\":\"https:\\\/\\\/diariotextual.com\\\/inicio\\\/index.php\\\/2020\\\/04\\\/21\\\/covid-19-la-pampa-cuatro-pacientes-recuperados-del-virus\\\/#primaryimage\"},\"thumbnailUrl\":\"https:\\\/\\\/diariotextual.com\\\/inicio\\\/wp-content\\\/uploads\\\/2020\\\/04\\\/coronaviruslaboratoriomolasneumonia2020-2.jpeg\",\"articleSection\":[\"A - QUE PASA (al costado)\",\"SOCIEDAD\"],\"inLanguage\":\"es\"},{\"@type\":\"WebPage\",\"@id\":\"https:\\\/\\\/diariotextual.com\\\/inicio\\\/index.php\\\/2020\\\/04\\\/21\\\/covid-19-la-pampa-cuatro-pacientes-recuperados-del-virus\\\/\",\"url\":\"https:\\\/\\\/diariotextual.com\\\/inicio\\\/index.php\\\/2020\\\/04\\\/21\\\/covid-19-la-pampa-cuatro-pacientes-recuperados-del-virus\\\/\",\"name\":\"Covid-19: ya se recuperaron los cuatro pacientes de Santa Rosa - Diario Textual\",\"isPartOf\":{\"@id\":\"https:\\\/\\\/diariotextual.com\\\/inicio\\\/#website\"},\"primaryImageOfPage\":{\"@id\":\"https:\\\/\\\/diariotextual.com\\\/inicio\\\/index.php\\\/2020\\\/04\\\/21\\\/covid-19-la-pampa-cuatro-pacientes-recuperados-del-virus\\\/#primaryimage\"},\"image\":{\"@id\":\"https:\\\/\\\/diariotextual.com\\\/inicio\\\/index.php\\\/2020\\\/04\\\/21\\\/covid-19-la-pampa-cuatro-pacientes-recuperados-del-virus\\\/#primaryimage\"},\"thumbnailUrl\":\"https:\\\/\\\/diariotextual.com\\\/inicio\\\/wp-content\\\/uploads\\\/2020\\\/04\\\/coronaviruslaboratoriomolasneumonia2020-2.jpeg\",\"datePublished\":\"2020-04-22T00:08:09+00:00\",\"dateModified\":\"2020-04-22T11:59:12+00:00\",\"breadcrumb\":{\"@id\":\"https:\\\/\\\/diariotextual.com\\\/inicio\\\/index.php\\\/2020\\\/04\\\/21\\\/covid-19-la-pampa-cuatro-pacientes-recuperados-del-virus\\\/#breadcrumb\"},\"inLanguage\":\"es\",\"potentialAction\":[{\"@type\":\"ReadAction\",\"target\":[\"https:\\\/\\\/diariotextual.com\\\/inicio\\\/index.php\\\/2020\\\/04\\\/21\\\/covid-19-la-pampa-cuatro-pacientes-recuperados-del-virus\\\/\"]}]},{\"@type\":\"ImageObject\",\"inLanguage\":\"es\",\"@id\":\"https:\\\/\\\/diariotextual.com\\\/inicio\\\/index.php\\\/2020\\\/04\\\/21\\\/covid-19-la-pampa-cuatro-pacientes-recuperados-del-virus\\\/#primaryimage\",\"url\":\"https:\\\/\\\/diariotextual.com\\\/inicio\\\/wp-content\\\/uploads\\\/2020\\\/04\\\/coronaviruslaboratoriomolasneumonia2020-2.jpeg\",\"contentUrl\":\"https:\\\/\\\/diariotextual.com\\\/inicio\\\/wp-content\\\/uploads\\\/2020\\\/04\\\/coronaviruslaboratoriomolasneumonia2020-2.jpeg\",\"width\":1116,\"height\":745},{\"@type\":\"BreadcrumbList\",\"@id\":\"https:\\\/\\\/diariotextual.com\\\/inicio\\\/index.php\\\/2020\\\/04\\\/21\\\/covid-19-la-pampa-cuatro-pacientes-recuperados-del-virus\\\/#breadcrumb\",\"itemListElement\":[{\"@type\":\"ListItem\",\"position\":1,\"name\":\"Portada\",\"item\":\"https:\\\/\\\/diariotextual.com\\\/inicio\\\/\"},{\"@type\":\"ListItem\",\"position\":2,\"name\":\"Covid-19: ya se recuperaron los cuatro pacientes de Santa Rosa\"}]},{\"@type\":\"WebSite\",\"@id\":\"https:\\\/\\\/diariotextual.com\\\/inicio\\\/#website\",\"url\":\"https:\\\/\\\/diariotextual.com\\\/inicio\\\/\",\"name\":\"Diario Textual\",\"description\":\"\",\"publisher\":{\"@id\":\"https:\\\/\\\/diariotextual.com\\\/inicio\\\/#organization\"},\"potentialAction\":[{\"@type\":\"SearchAction\",\"target\":{\"@type\":\"EntryPoint\",\"urlTemplate\":\"https:\\\/\\\/diariotextual.com\\\/inicio\\\/?s={search_term_string}\"},\"query-input\":{\"@type\":\"PropertyValueSpecification\",\"valueRequired\":true,\"valueName\":\"search_term_string\"}}],\"inLanguage\":\"es\"},{\"@type\":\"Organization\",\"@id\":\"https:\\\/\\\/diariotextual.com\\\/inicio\\\/#organization\",\"name\":\"Diario Textual\",\"url\":\"https:\\\/\\\/diariotextual.com\\\/inicio\\\/\",\"logo\":{\"@type\":\"ImageObject\",\"inLanguage\":\"es\",\"@id\":\"https:\\\/\\\/diariotextual.com\\\/inicio\\\/#\\\/schema\\\/logo\\\/image\\\/\",\"url\":\"https:\\\/\\\/diariotextual.com\\\/inicio\\\/wp-content\\\/uploads\\\/2023\\\/05\\\/logotextual1.jpg\",\"contentUrl\":\"https:\\\/\\\/diariotextual.com\\\/inicio\\\/wp-content\\\/uploads\\\/2023\\\/05\\\/logotextual1.jpg\",\"width\":516,\"height\":76,\"caption\":\"Diario Textual\"},\"image\":{\"@id\":\"https:\\\/\\\/diariotextual.com\\\/inicio\\\/#\\\/schema\\\/logo\\\/image\\\/\"},\"sameAs\":[\"https:\\\/\\\/www.facebook.com\\\/eltextual\",\"https:\\\/\\\/x.com\\\/eltextual\",\"http:\\\/\\\/www.instagram.com\\\/eltextual\"]},{\"@type\":\"Person\",\"@id\":\"https:\\\/\\\/diariotextual.com\\\/inicio\\\/#\\\/schema\\\/person\\\/418fc4093c33e86ed41562db3508f958\",\"name\":\"Diario1 Diario1\",\"image\":{\"@type\":\"ImageObject\",\"inLanguage\":\"es\",\"@id\":\"https:\\\/\\\/secure.gravatar.com\\\/avatar\\\/9167d280179c85bc18be67aa7eda765854300033af4896dd779b608640f2ef7a?s=96&d=mm&r=g\",\"url\":\"https:\\\/\\\/secure.gravatar.com\\\/avatar\\\/9167d280179c85bc18be67aa7eda765854300033af4896dd779b608640f2ef7a?s=96&d=mm&r=g\",\"contentUrl\":\"https:\\\/\\\/secure.gravatar.com\\\/avatar\\\/9167d280179c85bc18be67aa7eda765854300033af4896dd779b608640f2ef7a?s=96&d=mm&r=g\",\"caption\":\"Diario1 Diario1\"},\"url\":\"https:\\\/\\\/diariotextual.com\\\/inicio\\\/index.php\\\/author\\\/diario1\\\/\"}]}<\/script>\n<!-- \/ Yoast SEO plugin. -->","yoast_head_json":{"title":"Covid-19: ya se recuperaron los cuatro pacientes de Santa Rosa - Diario Textual","robots":{"index":"index","follow":"follow","max-snippet":"max-snippet:-1","max-image-preview":"max-image-preview:large","max-video-preview":"max-video-preview:-1"},"canonical":"https:\/\/diariotextual.com\/inicio\/index.php\/2020\/04\/21\/covid-19-la-pampa-cuatro-pacientes-recuperados-del-virus\/","og_locale":"es_ES","og_type":"article","og_title":"Covid-19: ya se recuperaron los cuatro pacientes de Santa Rosa - Diario Textual","og_description":"La Direcci\u00f3n de Epidemiolog\u00eda del Ministerio de Salud de la provincia de La Pampa inform\u00f3 que ya se recuperaron cuatro de los cinco pacientes con coronavirus. Diario Textual pudo confirmar&hellip;","og_url":"https:\/\/diariotextual.com\/inicio\/index.php\/2020\/04\/21\/covid-19-la-pampa-cuatro-pacientes-recuperados-del-virus\/","og_site_name":"Diario Textual","article_publisher":"https:\/\/www.facebook.com\/eltextual","article_published_time":"2020-04-22T00:08:09+00:00","article_modified_time":"2020-04-22T11:59:12+00:00","og_image":[{"width":1116,"height":745,"url":"https:\/\/diariotextual.com\/inicio\/wp-content\/uploads\/2020\/04\/coronaviruslaboratoriomolasneumonia2020-2.jpeg","type":"image\/jpeg"}],"author":"Diario1 Diario1","twitter_card":"summary_large_image","twitter_creator":"@eltextual","twitter_site":"@eltextual","twitter_misc":{"Escrito por":"Diario1 Diario1","Tiempo de lectura":"1 minuto"},"schema":{"@context":"https:\/\/schema.org","@graph":[{"@type":"Article","@id":"https:\/\/diariotextual.com\/inicio\/index.php\/2020\/04\/21\/covid-19-la-pampa-cuatro-pacientes-recuperados-del-virus\/#article","isPartOf":{"@id":"https:\/\/diariotextual.com\/inicio\/index.php\/2020\/04\/21\/covid-19-la-pampa-cuatro-pacientes-recuperados-del-virus\/"},"author":{"name":"Diario1 Diario1","@id":"https:\/\/diariotextual.com\/inicio\/#\/schema\/person\/418fc4093c33e86ed41562db3508f958"},"headline":"Covid-19: ya se recuperaron los cuatro pacientes de Santa Rosa","datePublished":"2020-04-22T00:08:09+00:00","dateModified":"2020-04-22T11:59:12+00:00","mainEntityOfPage":{"@id":"https:\/\/diariotextual.com\/inicio\/index.php\/2020\/04\/21\/covid-19-la-pampa-cuatro-pacientes-recuperados-del-virus\/"},"wordCount":212,"publisher":{"@id":"https:\/\/diariotextual.com\/inicio\/#organization"},"image":{"@id":"https:\/\/diariotextual.com\/inicio\/index.php\/2020\/04\/21\/covid-19-la-pampa-cuatro-pacientes-recuperados-del-virus\/#primaryimage"},"thumbnailUrl":"https:\/\/diariotextual.com\/inicio\/wp-content\/uploads\/2020\/04\/coronaviruslaboratoriomolasneumonia2020-2.jpeg","articleSection":["A - QUE PASA (al costado)","SOCIEDAD"],"inLanguage":"es"},{"@type":"WebPage","@id":"https:\/\/diariotextual.com\/inicio\/index.php\/2020\/04\/21\/covid-19-la-pampa-cuatro-pacientes-recuperados-del-virus\/","url":"https:\/\/diariotextual.com\/inicio\/index.php\/2020\/04\/21\/covid-19-la-pampa-cuatro-pacientes-recuperados-del-virus\/","name":"Covid-19: ya se recuperaron los cuatro pacientes de Santa Rosa - Diario Textual","isPartOf":{"@id":"https:\/\/diariotextual.com\/inicio\/#website"},"primaryImageOfPage":{"@id":"https:\/\/diariotextual.com\/inicio\/index.php\/2020\/04\/21\/covid-19-la-pampa-cuatro-pacientes-recuperados-del-virus\/#primaryimage"},"image":{"@id":"https:\/\/diariotextual.com\/inicio\/index.php\/2020\/04\/21\/covid-19-la-pampa-cuatro-pacientes-recuperados-del-virus\/#primaryimage"},"thumbnailUrl":"https:\/\/diariotextual.com\/inicio\/wp-content\/uploads\/2020\/04\/coronaviruslaboratoriomolasneumonia2020-2.jpeg","datePublished":"2020-04-22T00:08:09+00:00","dateModified":"2020-04-22T11:59:12+00:00","breadcrumb":{"@id":"https:\/\/diariotextual.com\/inicio\/index.php\/2020\/04\/21\/covid-19-la-pampa-cuatro-pacientes-recuperados-del-virus\/#breadcrumb"},"inLanguage":"es","potentialAction":[{"@type":"ReadAction","target":["https:\/\/diariotextual.com\/inicio\/index.php\/2020\/04\/21\/covid-19-la-pampa-cuatro-pacientes-recuperados-del-virus\/"]}]},{"@type":"ImageObject","inLanguage":"es","@id":"https:\/\/diariotextual.com\/inicio\/index.php\/2020\/04\/21\/covid-19-la-pampa-cuatro-pacientes-recuperados-del-virus\/#primaryimage","url":"https:\/\/diariotextual.com\/inicio\/wp-content\/uploads\/2020\/04\/coronaviruslaboratoriomolasneumonia2020-2.jpeg","contentUrl":"https:\/\/diariotextual.com\/inicio\/wp-content\/uploads\/2020\/04\/coronaviruslaboratoriomolasneumonia2020-2.jpeg","width":1116,"height":745},{"@type":"BreadcrumbList","@id":"https:\/\/diariotextual.com\/inicio\/index.php\/2020\/04\/21\/covid-19-la-pampa-cuatro-pacientes-recuperados-del-virus\/#breadcrumb","itemListElement":[{"@type":"ListItem","position":1,"name":"Portada","item":"https:\/\/diariotextual.com\/inicio\/"},{"@type":"ListItem","position":2,"name":"Covid-19: ya se recuperaron los cuatro pacientes de Santa Rosa"}]},{"@type":"WebSite","@id":"https:\/\/diariotextual.com\/inicio\/#website","url":"https:\/\/diariotextual.com\/inicio\/","name":"Diario Textual","description":"","publisher":{"@id":"https:\/\/diariotextual.com\/inicio\/#organization"},"potentialAction":[{"@type":"SearchAction","target":{"@type":"EntryPoint","urlTemplate":"https:\/\/diariotextual.com\/inicio\/?s={search_term_string}"},"query-input":{"@type":"PropertyValueSpecification","valueRequired":true,"valueName":"search_term_string"}}],"inLanguage":"es"},{"@type":"Organization","@id":"https:\/\/diariotextual.com\/inicio\/#organization","name":"Diario Textual","url":"https:\/\/diariotextual.com\/inicio\/","logo":{"@type":"ImageObject","inLanguage":"es","@id":"https:\/\/diariotextual.com\/inicio\/#\/schema\/logo\/image\/","url":"https:\/\/diariotextual.com\/inicio\/wp-content\/uploads\/2023\/05\/logotextual1.jpg","contentUrl":"https:\/\/diariotextual.com\/inicio\/wp-content\/uploads\/2023\/05\/logotextual1.jpg","width":516,"height":76,"caption":"Diario Textual"},"image":{"@id":"https:\/\/diariotextual.com\/inicio\/#\/schema\/logo\/image\/"},"sameAs":["https:\/\/www.facebook.com\/eltextual","https:\/\/x.com\/eltextual","http:\/\/www.instagram.com\/eltextual"]},{"@type":"Person","@id":"https:\/\/diariotextual.com\/inicio\/#\/schema\/person\/418fc4093c33e86ed41562db3508f958","name":"Diario1 Diario1","image":{"@type":"ImageObject","inLanguage":"es","@id":"https:\/\/secure.gravatar.com\/avatar\/9167d280179c85bc18be67aa7eda765854300033af4896dd779b608640f2ef7a?s=96&d=mm&r=g","url":"https:\/\/secure.gravatar.com\/avatar\/9167d280179c85bc18be67aa7eda765854300033af4896dd779b608640f2ef7a?s=96&d=mm&r=g","contentUrl":"https:\/\/secure.gravatar.com\/avatar\/9167d280179c85bc18be67aa7eda765854300033af4896dd779b608640f2ef7a?s=96&d=mm&r=g","caption":"Diario1 Diario1"},"url":"https:\/\/diariotextual.com\/inicio\/index.php\/author\/diario1\/"}]}},"_links":{"self":[{"href":"https:\/\/diariotextual.com\/inicio\/index.php\/wp-json\/wp\/v2\/posts\/90297","targetHints":{"allow":["GET"]}}],"collection":[{"href":"https:\/\/diariotextual.com\/inicio\/index.php\/wp-json\/wp\/v2\/posts"}],"about":[{"href":"https:\/\/diariotextual.com\/inicio\/index.php\/wp-json\/wp\/v2\/types\/post"}],"author":[{"embeddable":true,"href":"https:\/\/diariotextual.com\/inicio\/index.php\/wp-json\/wp\/v2\/users\/3"}],"replies":[{"embeddable":true,"href":"https:\/\/diariotextual.com\/inicio\/index.php\/wp-json\/wp\/v2\/comments?post=90297"}],"version-history":[{"count":5,"href":"https:\/\/diariotextual.com\/inicio\/index.php\/wp-json\/wp\/v2\/posts\/90297\/revisions"}],"predecessor-version":[{"id":90304,"href":"https:\/\/diariotextual.com\/inicio\/index.php\/wp-json\/wp\/v2\/posts\/90297\/revisions\/90304"}],"wp:featuredmedia":[{"embeddable":true,"href":"https:\/\/diariotextual.com\/inicio\/index.php\/wp-json\/wp\/v2\/media\/88381"}],"wp:attachment":[{"href":"https:\/\/diariotextual.com\/inicio\/index.php\/wp-json\/wp\/v2\/media?parent=90297"}],"wp:term":[{"taxonomy":"category","embeddable":true,"href":"https:\/\/diariotextual.com\/inicio\/index.php\/wp-json\/wp\/v2\/categories?post=90297"},{"taxonomy":"post_tag","embeddable":true,"href":"https:\/\/diariotextual.com\/inicio\/index.php\/wp-json\/wp\/v2\/tags?post=90297"}],"curies":[{"name":"wp","href":"https:\/\/api.w.org\/{rel}","templated":true}]}}