{"id":90360,"date":"2020-04-22T20:15:19","date_gmt":"2020-04-22T23:15:19","guid":{"rendered":"http:\/\/diariotextual.com\/inicio\/?p=90360"},"modified":"2020-04-23T11:07:35","modified_gmt":"2020-04-23T14:07:35","slug":"la-historia-una-mujer-santa-rosa-vencio-al-coronavirus","status":"publish","type":"post","link":"https:\/\/diariotextual.com\/inicio\/index.php\/2020\/04\/22\/la-historia-una-mujer-santa-rosa-vencio-al-coronavirus\/","title":{"rendered":"La historia de una jubilada de Santa Rosa que venci\u00f3 al coronavirus"},"content":{"rendered":"<p>Esta jubilada de 68 a\u00f1os dice a<strong> Diario Textual<\/strong>, desde el otro lado del tel\u00e9fono,\u00a0que siempre confi\u00f3 en poder recuperarse luego de contagiarse el nuevo coronavirus.<strong>\u00a0\u00abYo, la verdad, soy positiva y siempre cre\u00ed que \u00edbamos salir. Y confi\u00e9 tambi\u00e9n en los m\u00e9dicos. Por eso quiero agradecer a los que estuvieron en la primera l\u00ednea de la trinchera. En mi caso, fueron tres m\u00e9dicos que ven\u00edan a mi casa, con esos trajes que parec\u00edan espaciales, pero siempre con buena predisposici\u00f3n, sin sentir miedo y haciendo chistes para levantarnos el \u00e1nimo. Yo los llamo los \u00c1<\/strong><strong>ngeles de la Guarda y los Gigantes de la Trinchera. Ponelo a eso en la nota, por favor: son los Gigantes de la Trinchera\u00bb<\/strong>.<\/p>\n<p>Prefiere no dar su nombre. <strong>\u201cNo quiero que algunas personas, a veces con mucho odio o miedo, se ensa\u00f1en con mi familia\u201d<\/strong>, explica en di\u00e1logo con Diario Textual.<\/p>\n<p>Vive en Santa Rosa.<strong> \u201cAyer me notificaron que ya no tengo el virus\u201d<\/strong>, cuenta.<\/p>\n<p>Es una jubilada del Estado. \u201cFui empleada administrativa de Salud. Los \u00faltimos a\u00f1os trabaj\u00e9 en el Hospital Molas\u201d, cuenta. \u201cEl mismo hospital con el que estoy agradecida por c\u00f3mo afronta esta pandemia\u201d, dice. \u201cEn realidad, <strong>estoy agradecida a todo el personal del Hospital Molas, al grupo de gente que trabaja directamente contra el Covid-19, al Ministerio de Salud y al Gobierno de La Pampa<\/strong>. Eso ponelo <strong>en negrita<\/strong>\u00ab, pide.<\/p>\n<p>&nbsp;<\/p>\n<blockquote class=\"wp-embedded-content\" data-secret=\"Pe8GAlEOc7\"><p><a href=\"http:\/\/diariotextual.com\/inicio\/index.php\/2020\/04\/22\/covid-19-la-pampa-ya-hicieron-97-test-regresaron-cuatro-dias-unos-600-pampeanos\/\">Covid-19 en La Pampa: ya hicieron 97 test y regresaron en cuatro d\u00edas unos 600 pampeanos<\/a><\/p><\/blockquote>\n<p><iframe class=\"wp-embedded-content\" sandbox=\"allow-scripts\" security=\"restricted\" style=\"position: absolute; clip: rect(1px, 1px, 1px, 1px);\" src=\"http:\/\/diariotextual.com\/inicio\/index.php\/2020\/04\/22\/covid-19-la-pampa-ya-hicieron-97-test-regresaron-cuatro-dias-unos-600-pampeanos\/embed\/#?secret=Pe8GAlEOc7\" data-secret=\"Pe8GAlEOc7\" width=\"600\" height=\"338\" title=\"&#171;Covid-19 en La Pampa: ya hicieron 97 test y regresaron en cuatro d\u00edas unos 600 pampeanos&#187; &#8212; Diario Textual\" frameborder=\"0\" marginwidth=\"0\" marginheight=\"0\" scrolling=\"no\"><\/iframe><\/p>\n<p>&nbsp;<\/p>\n<p>Es la esposa del \u201cpaciente cero\u201d. Ella, su marido y un matrimonio amigo regresaron el 16 de marzo al pa\u00eds desde un viaje por Dubai y Espa\u00f1a. Todos, en diferentes d\u00edas posteriores, fueron diagnosticados con Covid-19. Y <strong>todos en estos momentos est\u00e1n dados de alta m\u00e9dica<\/strong>. \u201cNinguno ya tiene el virus\u201d, explica. As\u00ed, <strong>ahora, solo queda una paciente que a\u00fan no ha sido dada de alta: es una joven de Pico, que en las pr\u00f3ximas horas o d\u00edas podr\u00eda ser declarada recuperada de la enfermedad.<\/strong><\/p>\n<p>\u201cNosotros, en realidad, hicimos el aislamiento social en forma permanente desde el 16 de marzo. Primero estuvo internado mi marido (el 24 de marzo), despu\u00e9s le dieron el alta y luego me dio positivo a mi (el 8 de abril)\u201d, cuenta.<\/p>\n<p><strong>Dice que, pese a tener el alta m\u00e9dica, a\u00fan no saldr\u00e1 a la calle.<\/strong> \u201cObviamente por una obligaci\u00f3n c\u00edvica, yo y mi marido vamos a continuar aislados unos diez d\u00edas m\u00e1s o cuando el presidente o el gobernador nos digan que podemos salir\u201d, explica. \u201cHay cosas que se conocen y cosas que no del Covid. Por eso, por responsabilidad, vamos a estar unos d\u00edas m\u00e1s totalmente aislados. Estamos sumamente bien en casa y no tenemos ni nos hace falta salir\u201d, explica.<\/p>\n<p><strong>-\u00bfC\u00f3mo se proveen de mercader\u00eda?-\u00a0 le consulta Diario Textual.<\/strong><\/p>\n<p>-Tenemos tres hijos, dos de ellos en Santa Rosa. En un primer momento, mis hijos nos tra\u00edan cajas con mercader\u00eda y la dejaban en la vereda. Nos avisaban, sal\u00edamos y, sin tener contactos con ellos, las ingres\u00e1bamos. Hace un tiempo que, directamente, empezamos a hacer compras por la web. Viene el cadete, deja las cosas y se le entrega un sobre con el dinero. Por eso podemos seguir as\u00ed. <strong>No queremos tener a\u00fan contactos con los hijos ni los cuatro nietos ni los amigos. Total, ahora, con internet nos vemos, charlamos y nos re\u00edmos<\/strong>. Nuestros hijos, adem\u00e1s, nos siguen pasando vide\u00edtos con los chicos. Hay que proteger a todos. A la familia, a los amigos, a toda Santa Rosa y a toda La Pampa.<\/p>\n<p><strong>-\u00bfLe hizo mal la opini\u00f3n de la gente por las redes sociales?<\/strong><\/p>\n<p>-Mucha gente nos dio \u00e1nimo. Nos llam\u00f3 y nos alent\u00f3. Pero tambi\u00e9n casi todo el mundo opin\u00f3. No opin\u00f3 la ciencia, opin\u00f3 gente que no sab\u00eda o no sabe del tema o que no nos conoce y pon\u00eda en dudas nuestras medidas de protecci\u00f3n hacia el resto de la sociedad. Y eso nos hace mal a todos. Incluso publicaron fotos, con mucha maldad, de nuestros nietos. Eso es maldad. Es querer hacer da\u00f1o.<\/p>\n<p><strong>-\u00bfTuvo miedo en alg\u00fan momento?<\/strong><\/p>\n<p>-Siempre tuve mucha confianza por c\u00f3mo nos hab\u00edamos protegido. No tuve miedo, aunque s\u00ed respeto al coronavirus.<\/p>\n<p><strong>-\u00bfTuvo alg\u00fan s\u00edntoma? \u00bfFiebre o p\u00e9rdida de gusto u olfato?<\/strong><\/p>\n<p>-Nada de nada. Ninguno de eso, ni fiebre ni nada. Jam\u00e1s un s\u00edntoma. Soy asintom\u00e1tica total.<\/p>\n<p><strong>-\u00bfY su marido?<\/strong><\/p>\n<p>-Tuvo un pico febril y fue internado, pero siempre estuvo controlado. Estuvo una semana internado. Nosotros, con mi marido, tuvimos unos \u00e1ngeles de la guarda. Fueron los m\u00e9dicos y enfermeros.<\/p>\n<p>&nbsp;<\/p>\n<blockquote class=\"wp-embedded-content\" data-secret=\"jGmBsO3Kzr\"><p><a href=\"http:\/\/diariotextual.com\/inicio\/index.php\/2020\/04\/21\/covid-19-la-pampa-cuatro-pacientes-recuperados-del-virus\/\">Covid-19: ya se recuperaron los cuatro pacientes de Santa Rosa<\/a><\/p><\/blockquote>\n<p><iframe class=\"wp-embedded-content\" sandbox=\"allow-scripts\" security=\"restricted\" style=\"position: absolute; clip: rect(1px, 1px, 1px, 1px);\" src=\"http:\/\/diariotextual.com\/inicio\/index.php\/2020\/04\/21\/covid-19-la-pampa-cuatro-pacientes-recuperados-del-virus\/embed\/#?secret=jGmBsO3Kzr\" data-secret=\"jGmBsO3Kzr\" width=\"600\" height=\"338\" title=\"&#171;Covid-19: ya se recuperaron los cuatro pacientes de Santa Rosa&#187; &#8212; Diario Textual\" frameborder=\"0\" marginwidth=\"0\" marginheight=\"0\" scrolling=\"no\"><\/iframe><\/p>\n<p>&nbsp;<\/p>\n<p>&nbsp;<\/p>\n<p>&nbsp;<\/p>\n","protected":false},"excerpt":{"rendered":"<p>Esta jubilada de 68 a\u00f1os dice a Diario Textual, desde el otro lado del tel\u00e9fono,\u00a0que siempre confi\u00f3 en poder recuperarse luego de contagiarse el nuevo coronavirus.\u00a0\u00abYo, la verdad, soy positiva&hellip;<\/p>\n","protected":false},"author":3,"featured_media":90366,"comment_status":"closed","ping_status":"open","sticky":false,"template":"","format":"standard","meta":{"_acf_changed":false,"footnotes":""},"categories":[319,12],"tags":[2662,2899,2853],"class_list":["post-90360","post","type-post","status-publish","format-standard","has-post-thumbnail","hentry","category-a-temporales","category-sociedad","tag-coronavirus","tag-covid","tag-cuarentena"],"acf":[],"yoast_head":"<!-- This site is optimized with the Yoast SEO plugin v27.5 - https:\/\/yoast.com\/product\/yoast-seo-wordpress\/ -->\n<title>La historia de una jubilada de Santa Rosa que venci\u00f3 al coronavirus - Diario Textual<\/title>\n<meta name=\"robots\" content=\"index, follow, max-snippet:-1, max-image-preview:large, max-video-preview:-1\" \/>\n<link rel=\"canonical\" href=\"https:\/\/diariotextual.com\/inicio\/index.php\/2020\/04\/22\/la-historia-una-mujer-santa-rosa-vencio-al-coronavirus\/\" \/>\n<meta property=\"og:locale\" content=\"es_ES\" \/>\n<meta property=\"og:type\" content=\"article\" \/>\n<meta property=\"og:title\" content=\"La historia de una jubilada de Santa Rosa que venci\u00f3 al coronavirus - Diario Textual\" \/>\n<meta property=\"og:description\" content=\"Esta jubilada de 68 a\u00f1os dice a Diario Textual, desde el otro lado del tel\u00e9fono,\u00a0que siempre confi\u00f3 en poder recuperarse luego de contagiarse el nuevo coronavirus.\u00a0\u00abYo, la verdad, soy positiva&hellip;\" \/>\n<meta property=\"og:url\" content=\"https:\/\/diariotextual.com\/inicio\/index.php\/2020\/04\/22\/la-historia-una-mujer-santa-rosa-vencio-al-coronavirus\/\" \/>\n<meta property=\"og:site_name\" content=\"Diario Textual\" \/>\n<meta property=\"article:publisher\" content=\"https:\/\/www.facebook.com\/eltextual\" \/>\n<meta property=\"article:published_time\" content=\"2020-04-22T23:15:19+00:00\" \/>\n<meta property=\"article:modified_time\" content=\"2020-04-23T14:07:35+00:00\" \/>\n<meta property=\"og:image\" content=\"https:\/\/diariotextual.com\/inicio\/wp-content\/uploads\/2020\/04\/coronavirus0001.jpg\" \/>\n\t<meta property=\"og:image:width\" content=\"851\" \/>\n\t<meta property=\"og:image:height\" content=\"545\" \/>\n\t<meta property=\"og:image:type\" content=\"image\/jpeg\" \/>\n<meta name=\"author\" content=\"Diario1 Diario1\" \/>\n<meta name=\"twitter:card\" content=\"summary_large_image\" \/>\n<meta name=\"twitter:creator\" content=\"@eltextual\" \/>\n<meta name=\"twitter:site\" content=\"@eltextual\" \/>\n<meta name=\"twitter:label1\" content=\"Escrito por\" \/>\n\t<meta name=\"twitter:data1\" content=\"Diario1 Diario1\" \/>\n\t<meta name=\"twitter:label2\" content=\"Tiempo de lectura\" \/>\n\t<meta name=\"twitter:data2\" content=\"4 minutos\" \/>\n<script type=\"application\/ld+json\" class=\"yoast-schema-graph\">{\"@context\":\"https:\\\/\\\/schema.org\",\"@graph\":[{\"@type\":\"Article\",\"@id\":\"https:\\\/\\\/diariotextual.com\\\/inicio\\\/index.php\\\/2020\\\/04\\\/22\\\/la-historia-una-mujer-santa-rosa-vencio-al-coronavirus\\\/#article\",\"isPartOf\":{\"@id\":\"https:\\\/\\\/diariotextual.com\\\/inicio\\\/index.php\\\/2020\\\/04\\\/22\\\/la-historia-una-mujer-santa-rosa-vencio-al-coronavirus\\\/\"},\"author\":{\"name\":\"Diario1 Diario1\",\"@id\":\"https:\\\/\\\/diariotextual.com\\\/inicio\\\/#\\\/schema\\\/person\\\/418fc4093c33e86ed41562db3508f958\"},\"headline\":\"La historia de una jubilada de Santa Rosa que venci\u00f3 al coronavirus\",\"datePublished\":\"2020-04-22T23:15:19+00:00\",\"dateModified\":\"2020-04-23T14:07:35+00:00\",\"mainEntityOfPage\":{\"@id\":\"https:\\\/\\\/diariotextual.com\\\/inicio\\\/index.php\\\/2020\\\/04\\\/22\\\/la-historia-una-mujer-santa-rosa-vencio-al-coronavirus\\\/\"},\"wordCount\":830,\"publisher\":{\"@id\":\"https:\\\/\\\/diariotextual.com\\\/inicio\\\/#organization\"},\"image\":{\"@id\":\"https:\\\/\\\/diariotextual.com\\\/inicio\\\/index.php\\\/2020\\\/04\\\/22\\\/la-historia-una-mujer-santa-rosa-vencio-al-coronavirus\\\/#primaryimage\"},\"thumbnailUrl\":\"https:\\\/\\\/diariotextual.com\\\/inicio\\\/wp-content\\\/uploads\\\/2020\\\/04\\\/coronavirus0001.jpg\",\"keywords\":[\"coronavirus\",\"covid\",\"cuarentena\"],\"articleSection\":[\"A - TEMPORALES\",\"SOCIEDAD\"],\"inLanguage\":\"es\"},{\"@type\":\"WebPage\",\"@id\":\"https:\\\/\\\/diariotextual.com\\\/inicio\\\/index.php\\\/2020\\\/04\\\/22\\\/la-historia-una-mujer-santa-rosa-vencio-al-coronavirus\\\/\",\"url\":\"https:\\\/\\\/diariotextual.com\\\/inicio\\\/index.php\\\/2020\\\/04\\\/22\\\/la-historia-una-mujer-santa-rosa-vencio-al-coronavirus\\\/\",\"name\":\"La historia de una jubilada de Santa Rosa que venci\u00f3 al coronavirus - Diario Textual\",\"isPartOf\":{\"@id\":\"https:\\\/\\\/diariotextual.com\\\/inicio\\\/#website\"},\"primaryImageOfPage\":{\"@id\":\"https:\\\/\\\/diariotextual.com\\\/inicio\\\/index.php\\\/2020\\\/04\\\/22\\\/la-historia-una-mujer-santa-rosa-vencio-al-coronavirus\\\/#primaryimage\"},\"image\":{\"@id\":\"https:\\\/\\\/diariotextual.com\\\/inicio\\\/index.php\\\/2020\\\/04\\\/22\\\/la-historia-una-mujer-santa-rosa-vencio-al-coronavirus\\\/#primaryimage\"},\"thumbnailUrl\":\"https:\\\/\\\/diariotextual.com\\\/inicio\\\/wp-content\\\/uploads\\\/2020\\\/04\\\/coronavirus0001.jpg\",\"datePublished\":\"2020-04-22T23:15:19+00:00\",\"dateModified\":\"2020-04-23T14:07:35+00:00\",\"breadcrumb\":{\"@id\":\"https:\\\/\\\/diariotextual.com\\\/inicio\\\/index.php\\\/2020\\\/04\\\/22\\\/la-historia-una-mujer-santa-rosa-vencio-al-coronavirus\\\/#breadcrumb\"},\"inLanguage\":\"es\",\"potentialAction\":[{\"@type\":\"ReadAction\",\"target\":[\"https:\\\/\\\/diariotextual.com\\\/inicio\\\/index.php\\\/2020\\\/04\\\/22\\\/la-historia-una-mujer-santa-rosa-vencio-al-coronavirus\\\/\"]}]},{\"@type\":\"ImageObject\",\"inLanguage\":\"es\",\"@id\":\"https:\\\/\\\/diariotextual.com\\\/inicio\\\/index.php\\\/2020\\\/04\\\/22\\\/la-historia-una-mujer-santa-rosa-vencio-al-coronavirus\\\/#primaryimage\",\"url\":\"https:\\\/\\\/diariotextual.com\\\/inicio\\\/wp-content\\\/uploads\\\/2020\\\/04\\\/coronavirus0001.jpg\",\"contentUrl\":\"https:\\\/\\\/diariotextual.com\\\/inicio\\\/wp-content\\\/uploads\\\/2020\\\/04\\\/coronavirus0001.jpg\",\"width\":851,\"height\":545},{\"@type\":\"BreadcrumbList\",\"@id\":\"https:\\\/\\\/diariotextual.com\\\/inicio\\\/index.php\\\/2020\\\/04\\\/22\\\/la-historia-una-mujer-santa-rosa-vencio-al-coronavirus\\\/#breadcrumb\",\"itemListElement\":[{\"@type\":\"ListItem\",\"position\":1,\"name\":\"Portada\",\"item\":\"https:\\\/\\\/diariotextual.com\\\/inicio\\\/\"},{\"@type\":\"ListItem\",\"position\":2,\"name\":\"La historia de una jubilada de Santa Rosa que venci\u00f3 al coronavirus\"}]},{\"@type\":\"WebSite\",\"@id\":\"https:\\\/\\\/diariotextual.com\\\/inicio\\\/#website\",\"url\":\"https:\\\/\\\/diariotextual.com\\\/inicio\\\/\",\"name\":\"Diario Textual\",\"description\":\"\",\"publisher\":{\"@id\":\"https:\\\/\\\/diariotextual.com\\\/inicio\\\/#organization\"},\"potentialAction\":[{\"@type\":\"SearchAction\",\"target\":{\"@type\":\"EntryPoint\",\"urlTemplate\":\"https:\\\/\\\/diariotextual.com\\\/inicio\\\/?s={search_term_string}\"},\"query-input\":{\"@type\":\"PropertyValueSpecification\",\"valueRequired\":true,\"valueName\":\"search_term_string\"}}],\"inLanguage\":\"es\"},{\"@type\":\"Organization\",\"@id\":\"https:\\\/\\\/diariotextual.com\\\/inicio\\\/#organization\",\"name\":\"Diario Textual\",\"url\":\"https:\\\/\\\/diariotextual.com\\\/inicio\\\/\",\"logo\":{\"@type\":\"ImageObject\",\"inLanguage\":\"es\",\"@id\":\"https:\\\/\\\/diariotextual.com\\\/inicio\\\/#\\\/schema\\\/logo\\\/image\\\/\",\"url\":\"https:\\\/\\\/diariotextual.com\\\/inicio\\\/wp-content\\\/uploads\\\/2023\\\/05\\\/logotextual1.jpg\",\"contentUrl\":\"https:\\\/\\\/diariotextual.com\\\/inicio\\\/wp-content\\\/uploads\\\/2023\\\/05\\\/logotextual1.jpg\",\"width\":516,\"height\":76,\"caption\":\"Diario Textual\"},\"image\":{\"@id\":\"https:\\\/\\\/diariotextual.com\\\/inicio\\\/#\\\/schema\\\/logo\\\/image\\\/\"},\"sameAs\":[\"https:\\\/\\\/www.facebook.com\\\/eltextual\",\"https:\\\/\\\/x.com\\\/eltextual\",\"http:\\\/\\\/www.instagram.com\\\/eltextual\"]},{\"@type\":\"Person\",\"@id\":\"https:\\\/\\\/diariotextual.com\\\/inicio\\\/#\\\/schema\\\/person\\\/418fc4093c33e86ed41562db3508f958\",\"name\":\"Diario1 Diario1\",\"image\":{\"@type\":\"ImageObject\",\"inLanguage\":\"es\",\"@id\":\"https:\\\/\\\/secure.gravatar.com\\\/avatar\\\/9167d280179c85bc18be67aa7eda765854300033af4896dd779b608640f2ef7a?s=96&d=mm&r=g\",\"url\":\"https:\\\/\\\/secure.gravatar.com\\\/avatar\\\/9167d280179c85bc18be67aa7eda765854300033af4896dd779b608640f2ef7a?s=96&d=mm&r=g\",\"contentUrl\":\"https:\\\/\\\/secure.gravatar.com\\\/avatar\\\/9167d280179c85bc18be67aa7eda765854300033af4896dd779b608640f2ef7a?s=96&d=mm&r=g\",\"caption\":\"Diario1 Diario1\"},\"url\":\"https:\\\/\\\/diariotextual.com\\\/inicio\\\/index.php\\\/author\\\/diario1\\\/\"}]}<\/script>\n<!-- \/ Yoast SEO plugin. -->","yoast_head_json":{"title":"La historia de una jubilada de Santa Rosa que venci\u00f3 al coronavirus - Diario Textual","robots":{"index":"index","follow":"follow","max-snippet":"max-snippet:-1","max-image-preview":"max-image-preview:large","max-video-preview":"max-video-preview:-1"},"canonical":"https:\/\/diariotextual.com\/inicio\/index.php\/2020\/04\/22\/la-historia-una-mujer-santa-rosa-vencio-al-coronavirus\/","og_locale":"es_ES","og_type":"article","og_title":"La historia de una jubilada de Santa Rosa que venci\u00f3 al coronavirus - Diario Textual","og_description":"Esta jubilada de 68 a\u00f1os dice a Diario Textual, desde el otro lado del tel\u00e9fono,\u00a0que siempre confi\u00f3 en poder recuperarse luego de contagiarse el nuevo coronavirus.\u00a0\u00abYo, la verdad, soy positiva&hellip;","og_url":"https:\/\/diariotextual.com\/inicio\/index.php\/2020\/04\/22\/la-historia-una-mujer-santa-rosa-vencio-al-coronavirus\/","og_site_name":"Diario Textual","article_publisher":"https:\/\/www.facebook.com\/eltextual","article_published_time":"2020-04-22T23:15:19+00:00","article_modified_time":"2020-04-23T14:07:35+00:00","og_image":[{"width":851,"height":545,"url":"https:\/\/diariotextual.com\/inicio\/wp-content\/uploads\/2020\/04\/coronavirus0001.jpg","type":"image\/jpeg"}],"author":"Diario1 Diario1","twitter_card":"summary_large_image","twitter_creator":"@eltextual","twitter_site":"@eltextual","twitter_misc":{"Escrito por":"Diario1 Diario1","Tiempo de lectura":"4 minutos"},"schema":{"@context":"https:\/\/schema.org","@graph":[{"@type":"Article","@id":"https:\/\/diariotextual.com\/inicio\/index.php\/2020\/04\/22\/la-historia-una-mujer-santa-rosa-vencio-al-coronavirus\/#article","isPartOf":{"@id":"https:\/\/diariotextual.com\/inicio\/index.php\/2020\/04\/22\/la-historia-una-mujer-santa-rosa-vencio-al-coronavirus\/"},"author":{"name":"Diario1 Diario1","@id":"https:\/\/diariotextual.com\/inicio\/#\/schema\/person\/418fc4093c33e86ed41562db3508f958"},"headline":"La historia de una jubilada de Santa Rosa que venci\u00f3 al coronavirus","datePublished":"2020-04-22T23:15:19+00:00","dateModified":"2020-04-23T14:07:35+00:00","mainEntityOfPage":{"@id":"https:\/\/diariotextual.com\/inicio\/index.php\/2020\/04\/22\/la-historia-una-mujer-santa-rosa-vencio-al-coronavirus\/"},"wordCount":830,"publisher":{"@id":"https:\/\/diariotextual.com\/inicio\/#organization"},"image":{"@id":"https:\/\/diariotextual.com\/inicio\/index.php\/2020\/04\/22\/la-historia-una-mujer-santa-rosa-vencio-al-coronavirus\/#primaryimage"},"thumbnailUrl":"https:\/\/diariotextual.com\/inicio\/wp-content\/uploads\/2020\/04\/coronavirus0001.jpg","keywords":["coronavirus","covid","cuarentena"],"articleSection":["A - TEMPORALES","SOCIEDAD"],"inLanguage":"es"},{"@type":"WebPage","@id":"https:\/\/diariotextual.com\/inicio\/index.php\/2020\/04\/22\/la-historia-una-mujer-santa-rosa-vencio-al-coronavirus\/","url":"https:\/\/diariotextual.com\/inicio\/index.php\/2020\/04\/22\/la-historia-una-mujer-santa-rosa-vencio-al-coronavirus\/","name":"La historia de una jubilada de Santa Rosa que venci\u00f3 al coronavirus - Diario Textual","isPartOf":{"@id":"https:\/\/diariotextual.com\/inicio\/#website"},"primaryImageOfPage":{"@id":"https:\/\/diariotextual.com\/inicio\/index.php\/2020\/04\/22\/la-historia-una-mujer-santa-rosa-vencio-al-coronavirus\/#primaryimage"},"image":{"@id":"https:\/\/diariotextual.com\/inicio\/index.php\/2020\/04\/22\/la-historia-una-mujer-santa-rosa-vencio-al-coronavirus\/#primaryimage"},"thumbnailUrl":"https:\/\/diariotextual.com\/inicio\/wp-content\/uploads\/2020\/04\/coronavirus0001.jpg","datePublished":"2020-04-22T23:15:19+00:00","dateModified":"2020-04-23T14:07:35+00:00","breadcrumb":{"@id":"https:\/\/diariotextual.com\/inicio\/index.php\/2020\/04\/22\/la-historia-una-mujer-santa-rosa-vencio-al-coronavirus\/#breadcrumb"},"inLanguage":"es","potentialAction":[{"@type":"ReadAction","target":["https:\/\/diariotextual.com\/inicio\/index.php\/2020\/04\/22\/la-historia-una-mujer-santa-rosa-vencio-al-coronavirus\/"]}]},{"@type":"ImageObject","inLanguage":"es","@id":"https:\/\/diariotextual.com\/inicio\/index.php\/2020\/04\/22\/la-historia-una-mujer-santa-rosa-vencio-al-coronavirus\/#primaryimage","url":"https:\/\/diariotextual.com\/inicio\/wp-content\/uploads\/2020\/04\/coronavirus0001.jpg","contentUrl":"https:\/\/diariotextual.com\/inicio\/wp-content\/uploads\/2020\/04\/coronavirus0001.jpg","width":851,"height":545},{"@type":"BreadcrumbList","@id":"https:\/\/diariotextual.com\/inicio\/index.php\/2020\/04\/22\/la-historia-una-mujer-santa-rosa-vencio-al-coronavirus\/#breadcrumb","itemListElement":[{"@type":"ListItem","position":1,"name":"Portada","item":"https:\/\/diariotextual.com\/inicio\/"},{"@type":"ListItem","position":2,"name":"La historia de una jubilada de Santa Rosa que venci\u00f3 al coronavirus"}]},{"@type":"WebSite","@id":"https:\/\/diariotextual.com\/inicio\/#website","url":"https:\/\/diariotextual.com\/inicio\/","name":"Diario Textual","description":"","publisher":{"@id":"https:\/\/diariotextual.com\/inicio\/#organization"},"potentialAction":[{"@type":"SearchAction","target":{"@type":"EntryPoint","urlTemplate":"https:\/\/diariotextual.com\/inicio\/?s={search_term_string}"},"query-input":{"@type":"PropertyValueSpecification","valueRequired":true,"valueName":"search_term_string"}}],"inLanguage":"es"},{"@type":"Organization","@id":"https:\/\/diariotextual.com\/inicio\/#organization","name":"Diario Textual","url":"https:\/\/diariotextual.com\/inicio\/","logo":{"@type":"ImageObject","inLanguage":"es","@id":"https:\/\/diariotextual.com\/inicio\/#\/schema\/logo\/image\/","url":"https:\/\/diariotextual.com\/inicio\/wp-content\/uploads\/2023\/05\/logotextual1.jpg","contentUrl":"https:\/\/diariotextual.com\/inicio\/wp-content\/uploads\/2023\/05\/logotextual1.jpg","width":516,"height":76,"caption":"Diario Textual"},"image":{"@id":"https:\/\/diariotextual.com\/inicio\/#\/schema\/logo\/image\/"},"sameAs":["https:\/\/www.facebook.com\/eltextual","https:\/\/x.com\/eltextual","http:\/\/www.instagram.com\/eltextual"]},{"@type":"Person","@id":"https:\/\/diariotextual.com\/inicio\/#\/schema\/person\/418fc4093c33e86ed41562db3508f958","name":"Diario1 Diario1","image":{"@type":"ImageObject","inLanguage":"es","@id":"https:\/\/secure.gravatar.com\/avatar\/9167d280179c85bc18be67aa7eda765854300033af4896dd779b608640f2ef7a?s=96&d=mm&r=g","url":"https:\/\/secure.gravatar.com\/avatar\/9167d280179c85bc18be67aa7eda765854300033af4896dd779b608640f2ef7a?s=96&d=mm&r=g","contentUrl":"https:\/\/secure.gravatar.com\/avatar\/9167d280179c85bc18be67aa7eda765854300033af4896dd779b608640f2ef7a?s=96&d=mm&r=g","caption":"Diario1 Diario1"},"url":"https:\/\/diariotextual.com\/inicio\/index.php\/author\/diario1\/"}]}},"_links":{"self":[{"href":"https:\/\/diariotextual.com\/inicio\/index.php\/wp-json\/wp\/v2\/posts\/90360","targetHints":{"allow":["GET"]}}],"collection":[{"href":"https:\/\/diariotextual.com\/inicio\/index.php\/wp-json\/wp\/v2\/posts"}],"about":[{"href":"https:\/\/diariotextual.com\/inicio\/index.php\/wp-json\/wp\/v2\/types\/post"}],"author":[{"embeddable":true,"href":"https:\/\/diariotextual.com\/inicio\/index.php\/wp-json\/wp\/v2\/users\/3"}],"replies":[{"embeddable":true,"href":"https:\/\/diariotextual.com\/inicio\/index.php\/wp-json\/wp\/v2\/comments?post=90360"}],"version-history":[{"count":13,"href":"https:\/\/diariotextual.com\/inicio\/index.php\/wp-json\/wp\/v2\/posts\/90360\/revisions"}],"predecessor-version":[{"id":90465,"href":"https:\/\/diariotextual.com\/inicio\/index.php\/wp-json\/wp\/v2\/posts\/90360\/revisions\/90465"}],"wp:featuredmedia":[{"embeddable":true,"href":"https:\/\/diariotextual.com\/inicio\/index.php\/wp-json\/wp\/v2\/media\/90366"}],"wp:attachment":[{"href":"https:\/\/diariotextual.com\/inicio\/index.php\/wp-json\/wp\/v2\/media?parent=90360"}],"wp:term":[{"taxonomy":"category","embeddable":true,"href":"https:\/\/diariotextual.com\/inicio\/index.php\/wp-json\/wp\/v2\/categories?post=90360"},{"taxonomy":"post_tag","embeddable":true,"href":"https:\/\/diariotextual.com\/inicio\/index.php\/wp-json\/wp\/v2\/tags?post=90360"}],"curies":[{"name":"wp","href":"https:\/\/api.w.org\/{rel}","templated":true}]}}