{"id":90460,"date":"2020-04-22T20:29:29","date_gmt":"2020-04-22T23:29:29","guid":{"rendered":"http:\/\/diariotextual.com\/inicio\/?p=90460"},"modified":"2020-04-23T08:46:05","modified_gmt":"2020-04-23T11:46:05","slug":"covid-19-la-pampa-ya-hicieron-97-test-regresaron-cuatro-dias-unos-600-pampeanos","status":"publish","type":"post","link":"https:\/\/diariotextual.com\/inicio\/index.php\/2020\/04\/22\/covid-19-la-pampa-ya-hicieron-97-test-regresaron-cuatro-dias-unos-600-pampeanos\/","title":{"rendered":"Covid-19 en La Pampa: ya hicieron 97 test y regresaron en cuatro d\u00edas unos 600 pampeanos"},"content":{"rendered":"<p>La Direcci\u00f3n de Epidemiolog\u00eda inform\u00f3 que<strong> ya fueron testeados 97 pampeanos por posible Covid-19<\/strong>, de los cuales <strong>han descartado 92<\/strong> y confirmado, como ya se sabe, <strong>5 casos<\/strong> -cuatro de ellos, recuperados-.<\/p>\n<p>Adem\u00e1s, seg\u00fan sus n\u00fameros, desde el s\u00e1bado y hasta la fecha -cuando el Gobierno nacional impuls\u00f3 el regreso de los repatriados internos-<strong> regresaron un total de 614 pampeanos a sus hogares<\/strong>. Buena parte son estudiantes, que estaban varados en Buenos Aires, C\u00f3rdoba y La Plata.<\/p>\n<p>\u00abLa Direcci\u00f3n de Epidemiolog\u00eda realiza el monitoreo de viajeros con indicaci\u00f3n de aislamiento estricto, al d\u00eda de la fecha se registraron 1564 personas con antecedente de viaje de las cuales 901 ya han cumplido el periodo de 14 d\u00edas desde su regreso y 663 contin\u00faan siendo monitoreados\u00bb, comunic\u00f3.<\/p>\n<p>Es decir que, desde mediados de marzo, han regresado a La Pampa un total de 1500 personas -unos 800 que estaban en otros pa\u00edses y otros 700 en provincias del resto del pa\u00eds-.<\/p>\n<blockquote class=\"wp-embedded-content\" data-secret=\"VkOyCcSLlE\"><p><a href=\"http:\/\/diariotextual.com\/inicio\/index.php\/2020\/04\/22\/la-historia-una-mujer-santa-rosa-vencio-al-coronavirus\/\">La historia de una jubilada de Santa Rosa que venci\u00f3 al coronavirus<\/a><\/p><\/blockquote>\n<p><iframe class=\"wp-embedded-content\" sandbox=\"allow-scripts\" security=\"restricted\" style=\"position: absolute; clip: rect(1px, 1px, 1px, 1px);\" src=\"http:\/\/diariotextual.com\/inicio\/index.php\/2020\/04\/22\/la-historia-una-mujer-santa-rosa-vencio-al-coronavirus\/embed\/#?secret=VkOyCcSLlE\" data-secret=\"VkOyCcSLlE\" width=\"600\" height=\"338\" title=\"&#171;La historia de una jubilada de Santa Rosa que venci\u00f3 al coronavirus&#187; &#8212; Diario Textual\" frameborder=\"0\" marginwidth=\"0\" marginheight=\"0\" scrolling=\"no\"><\/iframe><\/p>\n<p>&nbsp;<\/p>\n<p>&nbsp;<\/p>\n<p>&nbsp;<\/p>\n","protected":false},"excerpt":{"rendered":"<p>La Direcci\u00f3n de Epidemiolog\u00eda inform\u00f3 que ya fueron testeados 97 pampeanos por posible Covid-19, de los cuales han descartado 92 y confirmado, como ya se sabe, 5 casos -cuatro de&hellip;<\/p>\n","protected":false},"author":3,"featured_media":86151,"comment_status":"closed","ping_status":"open","sticky":false,"template":"","format":"standard","meta":{"_acf_changed":false,"footnotes":""},"categories":[11,319,12],"tags":[2662,2899],"class_list":["post-90460","post","type-post","status-publish","format-standard","has-post-thumbnail","hentry","category-que-pasa","category-a-temporales","category-sociedad","tag-coronavirus","tag-covid"],"acf":[],"yoast_head":"<!-- This site is optimized with the Yoast SEO plugin v27.5 - https:\/\/yoast.com\/product\/yoast-seo-wordpress\/ -->\n<title>Covid-19 en La Pampa: ya hicieron 97 test y regresaron en cuatro d\u00edas unos 600 pampeanos - Diario Textual<\/title>\n<meta name=\"robots\" content=\"index, follow, max-snippet:-1, max-image-preview:large, max-video-preview:-1\" \/>\n<link rel=\"canonical\" href=\"https:\/\/diariotextual.com\/inicio\/index.php\/2020\/04\/22\/covid-19-la-pampa-ya-hicieron-97-test-regresaron-cuatro-dias-unos-600-pampeanos\/\" \/>\n<meta property=\"og:locale\" content=\"es_ES\" \/>\n<meta property=\"og:type\" content=\"article\" \/>\n<meta property=\"og:title\" content=\"Covid-19 en La Pampa: ya hicieron 97 test y regresaron en cuatro d\u00edas unos 600 pampeanos - Diario Textual\" \/>\n<meta property=\"og:description\" content=\"La Direcci\u00f3n de Epidemiolog\u00eda inform\u00f3 que ya fueron testeados 97 pampeanos por posible Covid-19, de los cuales han descartado 92 y confirmado, como ya se sabe, 5 casos -cuatro de&hellip;\" \/>\n<meta property=\"og:url\" content=\"https:\/\/diariotextual.com\/inicio\/index.php\/2020\/04\/22\/covid-19-la-pampa-ya-hicieron-97-test-regresaron-cuatro-dias-unos-600-pampeanos\/\" \/>\n<meta property=\"og:site_name\" content=\"Diario Textual\" \/>\n<meta property=\"article:publisher\" content=\"https:\/\/www.facebook.com\/eltextual\" \/>\n<meta property=\"article:published_time\" content=\"2020-04-22T23:29:29+00:00\" \/>\n<meta property=\"article:modified_time\" content=\"2020-04-23T11:46:05+00:00\" \/>\n<meta property=\"og:image\" content=\"https:\/\/diariotextual.com\/inicio\/wp-content\/uploads\/2020\/03\/coronavirustelam2020-213.jpg\" \/>\n\t<meta property=\"og:image:width\" content=\"1500\" \/>\n\t<meta property=\"og:image:height\" content=\"1000\" \/>\n\t<meta property=\"og:image:type\" content=\"image\/jpeg\" \/>\n<meta name=\"author\" content=\"Diario1 Diario1\" \/>\n<meta name=\"twitter:card\" content=\"summary_large_image\" \/>\n<meta name=\"twitter:creator\" content=\"@eltextual\" \/>\n<meta name=\"twitter:site\" content=\"@eltextual\" \/>\n<meta name=\"twitter:label1\" content=\"Escrito por\" \/>\n\t<meta name=\"twitter:data1\" content=\"Diario1 Diario1\" \/>\n\t<meta name=\"twitter:label2\" content=\"Tiempo de lectura\" \/>\n\t<meta name=\"twitter:data2\" content=\"1 minuto\" \/>\n<script type=\"application\/ld+json\" class=\"yoast-schema-graph\">{\"@context\":\"https:\\\/\\\/schema.org\",\"@graph\":[{\"@type\":\"Article\",\"@id\":\"https:\\\/\\\/diariotextual.com\\\/inicio\\\/index.php\\\/2020\\\/04\\\/22\\\/covid-19-la-pampa-ya-hicieron-97-test-regresaron-cuatro-dias-unos-600-pampeanos\\\/#article\",\"isPartOf\":{\"@id\":\"https:\\\/\\\/diariotextual.com\\\/inicio\\\/index.php\\\/2020\\\/04\\\/22\\\/covid-19-la-pampa-ya-hicieron-97-test-regresaron-cuatro-dias-unos-600-pampeanos\\\/\"},\"author\":{\"name\":\"Diario1 Diario1\",\"@id\":\"https:\\\/\\\/diariotextual.com\\\/inicio\\\/#\\\/schema\\\/person\\\/418fc4093c33e86ed41562db3508f958\"},\"headline\":\"Covid-19 en La Pampa: ya hicieron 97 test y regresaron en cuatro d\u00edas unos 600 pampeanos\",\"datePublished\":\"2020-04-22T23:29:29+00:00\",\"dateModified\":\"2020-04-23T11:46:05+00:00\",\"mainEntityOfPage\":{\"@id\":\"https:\\\/\\\/diariotextual.com\\\/inicio\\\/index.php\\\/2020\\\/04\\\/22\\\/covid-19-la-pampa-ya-hicieron-97-test-regresaron-cuatro-dias-unos-600-pampeanos\\\/\"},\"wordCount\":187,\"publisher\":{\"@id\":\"https:\\\/\\\/diariotextual.com\\\/inicio\\\/#organization\"},\"image\":{\"@id\":\"https:\\\/\\\/diariotextual.com\\\/inicio\\\/index.php\\\/2020\\\/04\\\/22\\\/covid-19-la-pampa-ya-hicieron-97-test-regresaron-cuatro-dias-unos-600-pampeanos\\\/#primaryimage\"},\"thumbnailUrl\":\"https:\\\/\\\/diariotextual.com\\\/inicio\\\/wp-content\\\/uploads\\\/2020\\\/03\\\/coronavirustelam2020-213.jpg\",\"keywords\":[\"coronavirus\",\"covid\"],\"articleSection\":[\"A - QUE PASA (al costado)\",\"A - TEMPORALES\",\"SOCIEDAD\"],\"inLanguage\":\"es\"},{\"@type\":\"WebPage\",\"@id\":\"https:\\\/\\\/diariotextual.com\\\/inicio\\\/index.php\\\/2020\\\/04\\\/22\\\/covid-19-la-pampa-ya-hicieron-97-test-regresaron-cuatro-dias-unos-600-pampeanos\\\/\",\"url\":\"https:\\\/\\\/diariotextual.com\\\/inicio\\\/index.php\\\/2020\\\/04\\\/22\\\/covid-19-la-pampa-ya-hicieron-97-test-regresaron-cuatro-dias-unos-600-pampeanos\\\/\",\"name\":\"Covid-19 en La Pampa: ya hicieron 97 test y regresaron en cuatro d\u00edas unos 600 pampeanos - Diario Textual\",\"isPartOf\":{\"@id\":\"https:\\\/\\\/diariotextual.com\\\/inicio\\\/#website\"},\"primaryImageOfPage\":{\"@id\":\"https:\\\/\\\/diariotextual.com\\\/inicio\\\/index.php\\\/2020\\\/04\\\/22\\\/covid-19-la-pampa-ya-hicieron-97-test-regresaron-cuatro-dias-unos-600-pampeanos\\\/#primaryimage\"},\"image\":{\"@id\":\"https:\\\/\\\/diariotextual.com\\\/inicio\\\/index.php\\\/2020\\\/04\\\/22\\\/covid-19-la-pampa-ya-hicieron-97-test-regresaron-cuatro-dias-unos-600-pampeanos\\\/#primaryimage\"},\"thumbnailUrl\":\"https:\\\/\\\/diariotextual.com\\\/inicio\\\/wp-content\\\/uploads\\\/2020\\\/03\\\/coronavirustelam2020-213.jpg\",\"datePublished\":\"2020-04-22T23:29:29+00:00\",\"dateModified\":\"2020-04-23T11:46:05+00:00\",\"breadcrumb\":{\"@id\":\"https:\\\/\\\/diariotextual.com\\\/inicio\\\/index.php\\\/2020\\\/04\\\/22\\\/covid-19-la-pampa-ya-hicieron-97-test-regresaron-cuatro-dias-unos-600-pampeanos\\\/#breadcrumb\"},\"inLanguage\":\"es\",\"potentialAction\":[{\"@type\":\"ReadAction\",\"target\":[\"https:\\\/\\\/diariotextual.com\\\/inicio\\\/index.php\\\/2020\\\/04\\\/22\\\/covid-19-la-pampa-ya-hicieron-97-test-regresaron-cuatro-dias-unos-600-pampeanos\\\/\"]}]},{\"@type\":\"ImageObject\",\"inLanguage\":\"es\",\"@id\":\"https:\\\/\\\/diariotextual.com\\\/inicio\\\/index.php\\\/2020\\\/04\\\/22\\\/covid-19-la-pampa-ya-hicieron-97-test-regresaron-cuatro-dias-unos-600-pampeanos\\\/#primaryimage\",\"url\":\"https:\\\/\\\/diariotextual.com\\\/inicio\\\/wp-content\\\/uploads\\\/2020\\\/03\\\/coronavirustelam2020-213.jpg\",\"contentUrl\":\"https:\\\/\\\/diariotextual.com\\\/inicio\\\/wp-content\\\/uploads\\\/2020\\\/03\\\/coronavirustelam2020-213.jpg\",\"width\":1500,\"height\":1000},{\"@type\":\"BreadcrumbList\",\"@id\":\"https:\\\/\\\/diariotextual.com\\\/inicio\\\/index.php\\\/2020\\\/04\\\/22\\\/covid-19-la-pampa-ya-hicieron-97-test-regresaron-cuatro-dias-unos-600-pampeanos\\\/#breadcrumb\",\"itemListElement\":[{\"@type\":\"ListItem\",\"position\":1,\"name\":\"Portada\",\"item\":\"https:\\\/\\\/diariotextual.com\\\/inicio\\\/\"},{\"@type\":\"ListItem\",\"position\":2,\"name\":\"Covid-19 en La Pampa: ya hicieron 97 test y regresaron en cuatro d\u00edas unos 600 pampeanos\"}]},{\"@type\":\"WebSite\",\"@id\":\"https:\\\/\\\/diariotextual.com\\\/inicio\\\/#website\",\"url\":\"https:\\\/\\\/diariotextual.com\\\/inicio\\\/\",\"name\":\"Diario Textual\",\"description\":\"\",\"publisher\":{\"@id\":\"https:\\\/\\\/diariotextual.com\\\/inicio\\\/#organization\"},\"potentialAction\":[{\"@type\":\"SearchAction\",\"target\":{\"@type\":\"EntryPoint\",\"urlTemplate\":\"https:\\\/\\\/diariotextual.com\\\/inicio\\\/?s={search_term_string}\"},\"query-input\":{\"@type\":\"PropertyValueSpecification\",\"valueRequired\":true,\"valueName\":\"search_term_string\"}}],\"inLanguage\":\"es\"},{\"@type\":\"Organization\",\"@id\":\"https:\\\/\\\/diariotextual.com\\\/inicio\\\/#organization\",\"name\":\"Diario Textual\",\"url\":\"https:\\\/\\\/diariotextual.com\\\/inicio\\\/\",\"logo\":{\"@type\":\"ImageObject\",\"inLanguage\":\"es\",\"@id\":\"https:\\\/\\\/diariotextual.com\\\/inicio\\\/#\\\/schema\\\/logo\\\/image\\\/\",\"url\":\"https:\\\/\\\/diariotextual.com\\\/inicio\\\/wp-content\\\/uploads\\\/2023\\\/05\\\/logotextual1.jpg\",\"contentUrl\":\"https:\\\/\\\/diariotextual.com\\\/inicio\\\/wp-content\\\/uploads\\\/2023\\\/05\\\/logotextual1.jpg\",\"width\":516,\"height\":76,\"caption\":\"Diario Textual\"},\"image\":{\"@id\":\"https:\\\/\\\/diariotextual.com\\\/inicio\\\/#\\\/schema\\\/logo\\\/image\\\/\"},\"sameAs\":[\"https:\\\/\\\/www.facebook.com\\\/eltextual\",\"https:\\\/\\\/x.com\\\/eltextual\",\"http:\\\/\\\/www.instagram.com\\\/eltextual\"]},{\"@type\":\"Person\",\"@id\":\"https:\\\/\\\/diariotextual.com\\\/inicio\\\/#\\\/schema\\\/person\\\/418fc4093c33e86ed41562db3508f958\",\"name\":\"Diario1 Diario1\",\"image\":{\"@type\":\"ImageObject\",\"inLanguage\":\"es\",\"@id\":\"https:\\\/\\\/secure.gravatar.com\\\/avatar\\\/9167d280179c85bc18be67aa7eda765854300033af4896dd779b608640f2ef7a?s=96&d=mm&r=g\",\"url\":\"https:\\\/\\\/secure.gravatar.com\\\/avatar\\\/9167d280179c85bc18be67aa7eda765854300033af4896dd779b608640f2ef7a?s=96&d=mm&r=g\",\"contentUrl\":\"https:\\\/\\\/secure.gravatar.com\\\/avatar\\\/9167d280179c85bc18be67aa7eda765854300033af4896dd779b608640f2ef7a?s=96&d=mm&r=g\",\"caption\":\"Diario1 Diario1\"},\"url\":\"https:\\\/\\\/diariotextual.com\\\/inicio\\\/index.php\\\/author\\\/diario1\\\/\"}]}<\/script>\n<!-- \/ Yoast SEO plugin. -->","yoast_head_json":{"title":"Covid-19 en La Pampa: ya hicieron 97 test y regresaron en cuatro d\u00edas unos 600 pampeanos - Diario Textual","robots":{"index":"index","follow":"follow","max-snippet":"max-snippet:-1","max-image-preview":"max-image-preview:large","max-video-preview":"max-video-preview:-1"},"canonical":"https:\/\/diariotextual.com\/inicio\/index.php\/2020\/04\/22\/covid-19-la-pampa-ya-hicieron-97-test-regresaron-cuatro-dias-unos-600-pampeanos\/","og_locale":"es_ES","og_type":"article","og_title":"Covid-19 en La Pampa: ya hicieron 97 test y regresaron en cuatro d\u00edas unos 600 pampeanos - Diario Textual","og_description":"La Direcci\u00f3n de Epidemiolog\u00eda inform\u00f3 que ya fueron testeados 97 pampeanos por posible Covid-19, de los cuales han descartado 92 y confirmado, como ya se sabe, 5 casos -cuatro de&hellip;","og_url":"https:\/\/diariotextual.com\/inicio\/index.php\/2020\/04\/22\/covid-19-la-pampa-ya-hicieron-97-test-regresaron-cuatro-dias-unos-600-pampeanos\/","og_site_name":"Diario Textual","article_publisher":"https:\/\/www.facebook.com\/eltextual","article_published_time":"2020-04-22T23:29:29+00:00","article_modified_time":"2020-04-23T11:46:05+00:00","og_image":[{"width":1500,"height":1000,"url":"https:\/\/diariotextual.com\/inicio\/wp-content\/uploads\/2020\/03\/coronavirustelam2020-213.jpg","type":"image\/jpeg"}],"author":"Diario1 Diario1","twitter_card":"summary_large_image","twitter_creator":"@eltextual","twitter_site":"@eltextual","twitter_misc":{"Escrito por":"Diario1 Diario1","Tiempo de lectura":"1 minuto"},"schema":{"@context":"https:\/\/schema.org","@graph":[{"@type":"Article","@id":"https:\/\/diariotextual.com\/inicio\/index.php\/2020\/04\/22\/covid-19-la-pampa-ya-hicieron-97-test-regresaron-cuatro-dias-unos-600-pampeanos\/#article","isPartOf":{"@id":"https:\/\/diariotextual.com\/inicio\/index.php\/2020\/04\/22\/covid-19-la-pampa-ya-hicieron-97-test-regresaron-cuatro-dias-unos-600-pampeanos\/"},"author":{"name":"Diario1 Diario1","@id":"https:\/\/diariotextual.com\/inicio\/#\/schema\/person\/418fc4093c33e86ed41562db3508f958"},"headline":"Covid-19 en La Pampa: ya hicieron 97 test y regresaron en cuatro d\u00edas unos 600 pampeanos","datePublished":"2020-04-22T23:29:29+00:00","dateModified":"2020-04-23T11:46:05+00:00","mainEntityOfPage":{"@id":"https:\/\/diariotextual.com\/inicio\/index.php\/2020\/04\/22\/covid-19-la-pampa-ya-hicieron-97-test-regresaron-cuatro-dias-unos-600-pampeanos\/"},"wordCount":187,"publisher":{"@id":"https:\/\/diariotextual.com\/inicio\/#organization"},"image":{"@id":"https:\/\/diariotextual.com\/inicio\/index.php\/2020\/04\/22\/covid-19-la-pampa-ya-hicieron-97-test-regresaron-cuatro-dias-unos-600-pampeanos\/#primaryimage"},"thumbnailUrl":"https:\/\/diariotextual.com\/inicio\/wp-content\/uploads\/2020\/03\/coronavirustelam2020-213.jpg","keywords":["coronavirus","covid"],"articleSection":["A - QUE PASA (al costado)","A - TEMPORALES","SOCIEDAD"],"inLanguage":"es"},{"@type":"WebPage","@id":"https:\/\/diariotextual.com\/inicio\/index.php\/2020\/04\/22\/covid-19-la-pampa-ya-hicieron-97-test-regresaron-cuatro-dias-unos-600-pampeanos\/","url":"https:\/\/diariotextual.com\/inicio\/index.php\/2020\/04\/22\/covid-19-la-pampa-ya-hicieron-97-test-regresaron-cuatro-dias-unos-600-pampeanos\/","name":"Covid-19 en La Pampa: ya hicieron 97 test y regresaron en cuatro d\u00edas unos 600 pampeanos - Diario Textual","isPartOf":{"@id":"https:\/\/diariotextual.com\/inicio\/#website"},"primaryImageOfPage":{"@id":"https:\/\/diariotextual.com\/inicio\/index.php\/2020\/04\/22\/covid-19-la-pampa-ya-hicieron-97-test-regresaron-cuatro-dias-unos-600-pampeanos\/#primaryimage"},"image":{"@id":"https:\/\/diariotextual.com\/inicio\/index.php\/2020\/04\/22\/covid-19-la-pampa-ya-hicieron-97-test-regresaron-cuatro-dias-unos-600-pampeanos\/#primaryimage"},"thumbnailUrl":"https:\/\/diariotextual.com\/inicio\/wp-content\/uploads\/2020\/03\/coronavirustelam2020-213.jpg","datePublished":"2020-04-22T23:29:29+00:00","dateModified":"2020-04-23T11:46:05+00:00","breadcrumb":{"@id":"https:\/\/diariotextual.com\/inicio\/index.php\/2020\/04\/22\/covid-19-la-pampa-ya-hicieron-97-test-regresaron-cuatro-dias-unos-600-pampeanos\/#breadcrumb"},"inLanguage":"es","potentialAction":[{"@type":"ReadAction","target":["https:\/\/diariotextual.com\/inicio\/index.php\/2020\/04\/22\/covid-19-la-pampa-ya-hicieron-97-test-regresaron-cuatro-dias-unos-600-pampeanos\/"]}]},{"@type":"ImageObject","inLanguage":"es","@id":"https:\/\/diariotextual.com\/inicio\/index.php\/2020\/04\/22\/covid-19-la-pampa-ya-hicieron-97-test-regresaron-cuatro-dias-unos-600-pampeanos\/#primaryimage","url":"https:\/\/diariotextual.com\/inicio\/wp-content\/uploads\/2020\/03\/coronavirustelam2020-213.jpg","contentUrl":"https:\/\/diariotextual.com\/inicio\/wp-content\/uploads\/2020\/03\/coronavirustelam2020-213.jpg","width":1500,"height":1000},{"@type":"BreadcrumbList","@id":"https:\/\/diariotextual.com\/inicio\/index.php\/2020\/04\/22\/covid-19-la-pampa-ya-hicieron-97-test-regresaron-cuatro-dias-unos-600-pampeanos\/#breadcrumb","itemListElement":[{"@type":"ListItem","position":1,"name":"Portada","item":"https:\/\/diariotextual.com\/inicio\/"},{"@type":"ListItem","position":2,"name":"Covid-19 en La Pampa: ya hicieron 97 test y regresaron en cuatro d\u00edas unos 600 pampeanos"}]},{"@type":"WebSite","@id":"https:\/\/diariotextual.com\/inicio\/#website","url":"https:\/\/diariotextual.com\/inicio\/","name":"Diario Textual","description":"","publisher":{"@id":"https:\/\/diariotextual.com\/inicio\/#organization"},"potentialAction":[{"@type":"SearchAction","target":{"@type":"EntryPoint","urlTemplate":"https:\/\/diariotextual.com\/inicio\/?s={search_term_string}"},"query-input":{"@type":"PropertyValueSpecification","valueRequired":true,"valueName":"search_term_string"}}],"inLanguage":"es"},{"@type":"Organization","@id":"https:\/\/diariotextual.com\/inicio\/#organization","name":"Diario Textual","url":"https:\/\/diariotextual.com\/inicio\/","logo":{"@type":"ImageObject","inLanguage":"es","@id":"https:\/\/diariotextual.com\/inicio\/#\/schema\/logo\/image\/","url":"https:\/\/diariotextual.com\/inicio\/wp-content\/uploads\/2023\/05\/logotextual1.jpg","contentUrl":"https:\/\/diariotextual.com\/inicio\/wp-content\/uploads\/2023\/05\/logotextual1.jpg","width":516,"height":76,"caption":"Diario Textual"},"image":{"@id":"https:\/\/diariotextual.com\/inicio\/#\/schema\/logo\/image\/"},"sameAs":["https:\/\/www.facebook.com\/eltextual","https:\/\/x.com\/eltextual","http:\/\/www.instagram.com\/eltextual"]},{"@type":"Person","@id":"https:\/\/diariotextual.com\/inicio\/#\/schema\/person\/418fc4093c33e86ed41562db3508f958","name":"Diario1 Diario1","image":{"@type":"ImageObject","inLanguage":"es","@id":"https:\/\/secure.gravatar.com\/avatar\/9167d280179c85bc18be67aa7eda765854300033af4896dd779b608640f2ef7a?s=96&d=mm&r=g","url":"https:\/\/secure.gravatar.com\/avatar\/9167d280179c85bc18be67aa7eda765854300033af4896dd779b608640f2ef7a?s=96&d=mm&r=g","contentUrl":"https:\/\/secure.gravatar.com\/avatar\/9167d280179c85bc18be67aa7eda765854300033af4896dd779b608640f2ef7a?s=96&d=mm&r=g","caption":"Diario1 Diario1"},"url":"https:\/\/diariotextual.com\/inicio\/index.php\/author\/diario1\/"}]}},"_links":{"self":[{"href":"https:\/\/diariotextual.com\/inicio\/index.php\/wp-json\/wp\/v2\/posts\/90460","targetHints":{"allow":["GET"]}}],"collection":[{"href":"https:\/\/diariotextual.com\/inicio\/index.php\/wp-json\/wp\/v2\/posts"}],"about":[{"href":"https:\/\/diariotextual.com\/inicio\/index.php\/wp-json\/wp\/v2\/types\/post"}],"author":[{"embeddable":true,"href":"https:\/\/diariotextual.com\/inicio\/index.php\/wp-json\/wp\/v2\/users\/3"}],"replies":[{"embeddable":true,"href":"https:\/\/diariotextual.com\/inicio\/index.php\/wp-json\/wp\/v2\/comments?post=90460"}],"version-history":[{"count":2,"href":"https:\/\/diariotextual.com\/inicio\/index.php\/wp-json\/wp\/v2\/posts\/90460\/revisions"}],"predecessor-version":[{"id":90464,"href":"https:\/\/diariotextual.com\/inicio\/index.php\/wp-json\/wp\/v2\/posts\/90460\/revisions\/90464"}],"wp:featuredmedia":[{"embeddable":true,"href":"https:\/\/diariotextual.com\/inicio\/index.php\/wp-json\/wp\/v2\/media\/86151"}],"wp:attachment":[{"href":"https:\/\/diariotextual.com\/inicio\/index.php\/wp-json\/wp\/v2\/media?parent=90460"}],"wp:term":[{"taxonomy":"category","embeddable":true,"href":"https:\/\/diariotextual.com\/inicio\/index.php\/wp-json\/wp\/v2\/categories?post=90460"},{"taxonomy":"post_tag","embeddable":true,"href":"https:\/\/diariotextual.com\/inicio\/index.php\/wp-json\/wp\/v2\/tags?post=90460"}],"curies":[{"name":"wp","href":"https:\/\/api.w.org\/{rel}","templated":true}]}}