{"id":90559,"date":"2020-04-23T12:59:55","date_gmt":"2020-04-23T15:59:55","guid":{"rendered":"http:\/\/diariotextual.com\/inicio\/?p=90559"},"modified":"2020-04-23T20:04:16","modified_gmt":"2020-04-23T23:04:16","slug":"ziliotto-pidio-flexibilizar-mas-la-cuarentena-quiere-habilitar-obras-privadas","status":"publish","type":"post","link":"https:\/\/diariotextual.com\/inicio\/index.php\/2020\/04\/23\/ziliotto-pidio-flexibilizar-mas-la-cuarentena-quiere-habilitar-obras-privadas\/","title":{"rendered":"Se flexibiliza m\u00e1s la cuarentena: Ziliotto pidi\u00f3 habilitar obras privadas en La Pampa"},"content":{"rendered":"<p>El gobernador <strong>Sergio Ziliotto<\/strong> pidi\u00f3 este jueves al Gobierno nacional que desde la semana pr\u00f3xima se habiliten las obras privadas en La Pampa.<\/p>\n<p>\u00abCon la C\u00e1mara de la Construcci\u00f3n de La Pampa y la UOCRA acordamos el control de los protocolos sanitarios y de funcionamiento\u00bb, dijo.<\/p>\n<p>&nbsp;<\/p>\n<blockquote class=\"wp-embedded-content\" data-secret=\"pqeXktlr7P\"><p><a href=\"http:\/\/diariotextual.com\/inicio\/index.php\/2020\/04\/23\/coronavirus-la-pampa-ya-se-recuperaron-los-cinco-pacientes\/\">Ya se recuperaron los cinco pampeanos que ten\u00edan coronavirus<\/a><\/p><\/blockquote>\n<p><iframe class=\"wp-embedded-content\" sandbox=\"allow-scripts\" security=\"restricted\" style=\"position: absolute; clip: rect(1px, 1px, 1px, 1px);\" src=\"http:\/\/diariotextual.com\/inicio\/index.php\/2020\/04\/23\/coronavirus-la-pampa-ya-se-recuperaron-los-cinco-pacientes\/embed\/#?secret=pqeXktlr7P\" data-secret=\"pqeXktlr7P\" width=\"600\" height=\"338\" title=\"&#171;Ya se recuperaron los cinco pampeanos que ten\u00edan coronavirus&#187; &#8212; Diario Textual\" frameborder=\"0\" marginwidth=\"0\" marginheight=\"0\" scrolling=\"no\"><\/iframe><\/p>\n<p>&nbsp;<\/p>\n<p>El pedido ya fue cursado al jefe de Gabinete de la Naci\u00f3n, Santiago Cafiero. El presidente Alberto Fern\u00e1ndez le encomend\u00f3 a Cafiero que analice las sugerencias que hacen los gobernadores, con un sistema de demanda con protocolo sanitario.<\/p>\n<p>En La Pampa hay solo cinco casos positivos de coronavirus Covid-19, de los cuales cuatro ya se recuperaron. Adem\u00e1s, hace dos semanas que no se registra un caso nuevo.<\/p>\n<blockquote class=\"twitter-tweet\">\n<p dir=\"ltr\" lang=\"es\">Enviamos a <a href=\"https:\/\/twitter.com\/SantiCafiero?ref_src=twsrc%5Etfw\">@SantiCafiero<\/a> el pedido para habilitar las obras privadas como actividad exceptuada de la cuarentena.<br \/>\nCon la C\u00e1mara de la Construcci\u00f3n de La Pampa y la UOCRA acordamos el control de los protocolos sanitarios y de funcionamiento<\/p>\n<p>Seguimos trabajando, vos <a href=\"https:\/\/twitter.com\/hashtag\/QuedateEnCasa?src=hash&amp;ref_src=twsrc%5Etfw\">#QuedateEnCasa<\/a> <a href=\"https:\/\/t.co\/BQKWtdTxrD\">pic.twitter.com\/BQKWtdTxrD<\/a><\/p>\n<p>\u2014 Sergio Ziliotto (@ZiliottoSergio) <a href=\"https:\/\/twitter.com\/ZiliottoSergio\/status\/1253348765215461377?ref_src=twsrc%5Etfw\">April 23, 2020<\/a><\/p><\/blockquote>\n<p><script async src=\"https:\/\/platform.twitter.com\/widgets.js\" charset=\"utf-8\"><\/script><\/p>\n<p>&nbsp;<\/p>\n<p>Por eso se descuenta que desde la semana pr\u00f3xima se flexibilizar\u00e1 un poco m\u00e1s el aislamiento preventivo en la provincia.<\/p>\n<p>Esta semana, luego de que el mandatario dijera que no pensaba flexibilizar las restricciones, se decidi\u00f3 habilitar ventas online de comercios, entre otras actividades<\/p>\n<p>&nbsp;<\/p>\n<blockquote class=\"wp-embedded-content\" data-secret=\"no7LqsN8RA\"><p><a href=\"http:\/\/diariotextual.com\/inicio\/index.php\/2020\/04\/23\/diputados-aprobo-unanimidad-aumento-ingresos-brutos-la-banca-privada\/\">Diputados pampeanos aprobaron el aumento de los impuestos a los bancos privados<\/a><\/p><\/blockquote>\n<p><iframe class=\"wp-embedded-content\" sandbox=\"allow-scripts\" security=\"restricted\" style=\"position: absolute; clip: rect(1px, 1px, 1px, 1px);\" src=\"http:\/\/diariotextual.com\/inicio\/index.php\/2020\/04\/23\/diputados-aprobo-unanimidad-aumento-ingresos-brutos-la-banca-privada\/embed\/#?secret=no7LqsN8RA\" data-secret=\"no7LqsN8RA\" width=\"600\" height=\"338\" title=\"&#171;Diputados pampeanos aprobaron el aumento de los impuestos a los bancos privados&#187; &#8212; Diario Textual\" frameborder=\"0\" marginwidth=\"0\" marginheight=\"0\" scrolling=\"no\"><\/iframe><\/p>\n","protected":false},"excerpt":{"rendered":"<p>El gobernador Sergio Ziliotto pidi\u00f3 este jueves al Gobierno nacional que desde la semana pr\u00f3xima se habiliten las obras privadas en La Pampa. \u00abCon la C\u00e1mara de la Construcci\u00f3n de&hellip;<\/p>\n","protected":false},"author":3,"featured_media":90563,"comment_status":"closed","ping_status":"open","sticky":false,"template":"","format":"standard","meta":{"_acf_changed":false,"footnotes":""},"categories":[9,5],"tags":[2899,2853,2983],"class_list":["post-90559","post","type-post","status-publish","format-standard","has-post-thumbnail","hentry","category-portada","category-economia","tag-covid","tag-cuarentena","tag-flexibilizacion"],"acf":[],"yoast_head":"<!-- This site is optimized with the Yoast SEO plugin v27.5 - https:\/\/yoast.com\/product\/yoast-seo-wordpress\/ -->\n<title>Se flexibiliza m\u00e1s la cuarentena: Ziliotto pidi\u00f3 habilitar obras privadas en La Pampa - Diario Textual<\/title>\n<meta name=\"robots\" content=\"index, follow, max-snippet:-1, max-image-preview:large, max-video-preview:-1\" \/>\n<link rel=\"canonical\" href=\"https:\/\/diariotextual.com\/inicio\/index.php\/2020\/04\/23\/ziliotto-pidio-flexibilizar-mas-la-cuarentena-quiere-habilitar-obras-privadas\/\" \/>\n<meta property=\"og:locale\" content=\"es_ES\" \/>\n<meta property=\"og:type\" content=\"article\" \/>\n<meta property=\"og:title\" content=\"Se flexibiliza m\u00e1s la cuarentena: Ziliotto pidi\u00f3 habilitar obras privadas en La Pampa - Diario Textual\" \/>\n<meta property=\"og:description\" content=\"El gobernador Sergio Ziliotto pidi\u00f3 este jueves al Gobierno nacional que desde la semana pr\u00f3xima se habiliten las obras privadas en La Pampa. \u00abCon la C\u00e1mara de la Construcci\u00f3n de&hellip;\" \/>\n<meta property=\"og:url\" content=\"https:\/\/diariotextual.com\/inicio\/index.php\/2020\/04\/23\/ziliotto-pidio-flexibilizar-mas-la-cuarentena-quiere-habilitar-obras-privadas\/\" \/>\n<meta property=\"og:site_name\" content=\"Diario Textual\" \/>\n<meta property=\"article:publisher\" content=\"https:\/\/www.facebook.com\/eltextual\" \/>\n<meta property=\"article:published_time\" content=\"2020-04-23T15:59:55+00:00\" \/>\n<meta property=\"article:modified_time\" content=\"2020-04-23T23:04:16+00:00\" \/>\n<meta property=\"og:image\" content=\"https:\/\/diariotextual.com\/inicio\/wp-content\/uploads\/2020\/04\/ziliottosergiouocrarobledo2020-2.jpg\" \/>\n\t<meta property=\"og:image:width\" content=\"1500\" \/>\n\t<meta property=\"og:image:height\" content=\"1000\" \/>\n\t<meta property=\"og:image:type\" content=\"image\/jpeg\" \/>\n<meta name=\"author\" content=\"Diario1 Diario1\" \/>\n<meta name=\"twitter:card\" content=\"summary_large_image\" \/>\n<meta name=\"twitter:creator\" content=\"@eltextual\" \/>\n<meta name=\"twitter:site\" content=\"@eltextual\" \/>\n<meta name=\"twitter:label1\" content=\"Escrito por\" \/>\n\t<meta name=\"twitter:data1\" content=\"Diario1 Diario1\" \/>\n\t<meta name=\"twitter:label2\" content=\"Tiempo de lectura\" \/>\n\t<meta name=\"twitter:data2\" content=\"1 minuto\" \/>\n<script type=\"application\/ld+json\" class=\"yoast-schema-graph\">{\"@context\":\"https:\\\/\\\/schema.org\",\"@graph\":[{\"@type\":\"Article\",\"@id\":\"https:\\\/\\\/diariotextual.com\\\/inicio\\\/index.php\\\/2020\\\/04\\\/23\\\/ziliotto-pidio-flexibilizar-mas-la-cuarentena-quiere-habilitar-obras-privadas\\\/#article\",\"isPartOf\":{\"@id\":\"https:\\\/\\\/diariotextual.com\\\/inicio\\\/index.php\\\/2020\\\/04\\\/23\\\/ziliotto-pidio-flexibilizar-mas-la-cuarentena-quiere-habilitar-obras-privadas\\\/\"},\"author\":{\"name\":\"Diario1 Diario1\",\"@id\":\"https:\\\/\\\/diariotextual.com\\\/inicio\\\/#\\\/schema\\\/person\\\/418fc4093c33e86ed41562db3508f958\"},\"headline\":\"Se flexibiliza m\u00e1s la cuarentena: Ziliotto pidi\u00f3 habilitar obras privadas en La Pampa\",\"datePublished\":\"2020-04-23T15:59:55+00:00\",\"dateModified\":\"2020-04-23T23:04:16+00:00\",\"mainEntityOfPage\":{\"@id\":\"https:\\\/\\\/diariotextual.com\\\/inicio\\\/index.php\\\/2020\\\/04\\\/23\\\/ziliotto-pidio-flexibilizar-mas-la-cuarentena-quiere-habilitar-obras-privadas\\\/\"},\"wordCount\":249,\"publisher\":{\"@id\":\"https:\\\/\\\/diariotextual.com\\\/inicio\\\/#organization\"},\"image\":{\"@id\":\"https:\\\/\\\/diariotextual.com\\\/inicio\\\/index.php\\\/2020\\\/04\\\/23\\\/ziliotto-pidio-flexibilizar-mas-la-cuarentena-quiere-habilitar-obras-privadas\\\/#primaryimage\"},\"thumbnailUrl\":\"https:\\\/\\\/diariotextual.com\\\/inicio\\\/wp-content\\\/uploads\\\/2020\\\/04\\\/ziliottosergiouocrarobledo2020-2.jpg\",\"keywords\":[\"covid\",\"cuarentena\",\"flexibilizacion\"],\"articleSection\":[\"A - PORTADA\",\"ECONOMIA\"],\"inLanguage\":\"es\"},{\"@type\":\"WebPage\",\"@id\":\"https:\\\/\\\/diariotextual.com\\\/inicio\\\/index.php\\\/2020\\\/04\\\/23\\\/ziliotto-pidio-flexibilizar-mas-la-cuarentena-quiere-habilitar-obras-privadas\\\/\",\"url\":\"https:\\\/\\\/diariotextual.com\\\/inicio\\\/index.php\\\/2020\\\/04\\\/23\\\/ziliotto-pidio-flexibilizar-mas-la-cuarentena-quiere-habilitar-obras-privadas\\\/\",\"name\":\"Se flexibiliza m\u00e1s la cuarentena: Ziliotto pidi\u00f3 habilitar obras privadas en La Pampa - Diario Textual\",\"isPartOf\":{\"@id\":\"https:\\\/\\\/diariotextual.com\\\/inicio\\\/#website\"},\"primaryImageOfPage\":{\"@id\":\"https:\\\/\\\/diariotextual.com\\\/inicio\\\/index.php\\\/2020\\\/04\\\/23\\\/ziliotto-pidio-flexibilizar-mas-la-cuarentena-quiere-habilitar-obras-privadas\\\/#primaryimage\"},\"image\":{\"@id\":\"https:\\\/\\\/diariotextual.com\\\/inicio\\\/index.php\\\/2020\\\/04\\\/23\\\/ziliotto-pidio-flexibilizar-mas-la-cuarentena-quiere-habilitar-obras-privadas\\\/#primaryimage\"},\"thumbnailUrl\":\"https:\\\/\\\/diariotextual.com\\\/inicio\\\/wp-content\\\/uploads\\\/2020\\\/04\\\/ziliottosergiouocrarobledo2020-2.jpg\",\"datePublished\":\"2020-04-23T15:59:55+00:00\",\"dateModified\":\"2020-04-23T23:04:16+00:00\",\"breadcrumb\":{\"@id\":\"https:\\\/\\\/diariotextual.com\\\/inicio\\\/index.php\\\/2020\\\/04\\\/23\\\/ziliotto-pidio-flexibilizar-mas-la-cuarentena-quiere-habilitar-obras-privadas\\\/#breadcrumb\"},\"inLanguage\":\"es\",\"potentialAction\":[{\"@type\":\"ReadAction\",\"target\":[\"https:\\\/\\\/diariotextual.com\\\/inicio\\\/index.php\\\/2020\\\/04\\\/23\\\/ziliotto-pidio-flexibilizar-mas-la-cuarentena-quiere-habilitar-obras-privadas\\\/\"]}]},{\"@type\":\"ImageObject\",\"inLanguage\":\"es\",\"@id\":\"https:\\\/\\\/diariotextual.com\\\/inicio\\\/index.php\\\/2020\\\/04\\\/23\\\/ziliotto-pidio-flexibilizar-mas-la-cuarentena-quiere-habilitar-obras-privadas\\\/#primaryimage\",\"url\":\"https:\\\/\\\/diariotextual.com\\\/inicio\\\/wp-content\\\/uploads\\\/2020\\\/04\\\/ziliottosergiouocrarobledo2020-2.jpg\",\"contentUrl\":\"https:\\\/\\\/diariotextual.com\\\/inicio\\\/wp-content\\\/uploads\\\/2020\\\/04\\\/ziliottosergiouocrarobledo2020-2.jpg\",\"width\":1500,\"height\":1000},{\"@type\":\"BreadcrumbList\",\"@id\":\"https:\\\/\\\/diariotextual.com\\\/inicio\\\/index.php\\\/2020\\\/04\\\/23\\\/ziliotto-pidio-flexibilizar-mas-la-cuarentena-quiere-habilitar-obras-privadas\\\/#breadcrumb\",\"itemListElement\":[{\"@type\":\"ListItem\",\"position\":1,\"name\":\"Portada\",\"item\":\"https:\\\/\\\/diariotextual.com\\\/inicio\\\/\"},{\"@type\":\"ListItem\",\"position\":2,\"name\":\"Se flexibiliza m\u00e1s la cuarentena: Ziliotto pidi\u00f3 habilitar obras privadas en La Pampa\"}]},{\"@type\":\"WebSite\",\"@id\":\"https:\\\/\\\/diariotextual.com\\\/inicio\\\/#website\",\"url\":\"https:\\\/\\\/diariotextual.com\\\/inicio\\\/\",\"name\":\"Diario Textual\",\"description\":\"\",\"publisher\":{\"@id\":\"https:\\\/\\\/diariotextual.com\\\/inicio\\\/#organization\"},\"potentialAction\":[{\"@type\":\"SearchAction\",\"target\":{\"@type\":\"EntryPoint\",\"urlTemplate\":\"https:\\\/\\\/diariotextual.com\\\/inicio\\\/?s={search_term_string}\"},\"query-input\":{\"@type\":\"PropertyValueSpecification\",\"valueRequired\":true,\"valueName\":\"search_term_string\"}}],\"inLanguage\":\"es\"},{\"@type\":\"Organization\",\"@id\":\"https:\\\/\\\/diariotextual.com\\\/inicio\\\/#organization\",\"name\":\"Diario Textual\",\"url\":\"https:\\\/\\\/diariotextual.com\\\/inicio\\\/\",\"logo\":{\"@type\":\"ImageObject\",\"inLanguage\":\"es\",\"@id\":\"https:\\\/\\\/diariotextual.com\\\/inicio\\\/#\\\/schema\\\/logo\\\/image\\\/\",\"url\":\"https:\\\/\\\/diariotextual.com\\\/inicio\\\/wp-content\\\/uploads\\\/2023\\\/05\\\/logotextual1.jpg\",\"contentUrl\":\"https:\\\/\\\/diariotextual.com\\\/inicio\\\/wp-content\\\/uploads\\\/2023\\\/05\\\/logotextual1.jpg\",\"width\":516,\"height\":76,\"caption\":\"Diario Textual\"},\"image\":{\"@id\":\"https:\\\/\\\/diariotextual.com\\\/inicio\\\/#\\\/schema\\\/logo\\\/image\\\/\"},\"sameAs\":[\"https:\\\/\\\/www.facebook.com\\\/eltextual\",\"https:\\\/\\\/x.com\\\/eltextual\",\"http:\\\/\\\/www.instagram.com\\\/eltextual\"]},{\"@type\":\"Person\",\"@id\":\"https:\\\/\\\/diariotextual.com\\\/inicio\\\/#\\\/schema\\\/person\\\/418fc4093c33e86ed41562db3508f958\",\"name\":\"Diario1 Diario1\",\"image\":{\"@type\":\"ImageObject\",\"inLanguage\":\"es\",\"@id\":\"https:\\\/\\\/secure.gravatar.com\\\/avatar\\\/9167d280179c85bc18be67aa7eda765854300033af4896dd779b608640f2ef7a?s=96&d=mm&r=g\",\"url\":\"https:\\\/\\\/secure.gravatar.com\\\/avatar\\\/9167d280179c85bc18be67aa7eda765854300033af4896dd779b608640f2ef7a?s=96&d=mm&r=g\",\"contentUrl\":\"https:\\\/\\\/secure.gravatar.com\\\/avatar\\\/9167d280179c85bc18be67aa7eda765854300033af4896dd779b608640f2ef7a?s=96&d=mm&r=g\",\"caption\":\"Diario1 Diario1\"},\"url\":\"https:\\\/\\\/diariotextual.com\\\/inicio\\\/index.php\\\/author\\\/diario1\\\/\"}]}<\/script>\n<!-- \/ Yoast SEO plugin. -->","yoast_head_json":{"title":"Se flexibiliza m\u00e1s la cuarentena: Ziliotto pidi\u00f3 habilitar obras privadas en La Pampa - Diario Textual","robots":{"index":"index","follow":"follow","max-snippet":"max-snippet:-1","max-image-preview":"max-image-preview:large","max-video-preview":"max-video-preview:-1"},"canonical":"https:\/\/diariotextual.com\/inicio\/index.php\/2020\/04\/23\/ziliotto-pidio-flexibilizar-mas-la-cuarentena-quiere-habilitar-obras-privadas\/","og_locale":"es_ES","og_type":"article","og_title":"Se flexibiliza m\u00e1s la cuarentena: Ziliotto pidi\u00f3 habilitar obras privadas en La Pampa - Diario Textual","og_description":"El gobernador Sergio Ziliotto pidi\u00f3 este jueves al Gobierno nacional que desde la semana pr\u00f3xima se habiliten las obras privadas en La Pampa. \u00abCon la C\u00e1mara de la Construcci\u00f3n de&hellip;","og_url":"https:\/\/diariotextual.com\/inicio\/index.php\/2020\/04\/23\/ziliotto-pidio-flexibilizar-mas-la-cuarentena-quiere-habilitar-obras-privadas\/","og_site_name":"Diario Textual","article_publisher":"https:\/\/www.facebook.com\/eltextual","article_published_time":"2020-04-23T15:59:55+00:00","article_modified_time":"2020-04-23T23:04:16+00:00","og_image":[{"width":1500,"height":1000,"url":"https:\/\/diariotextual.com\/inicio\/wp-content\/uploads\/2020\/04\/ziliottosergiouocrarobledo2020-2.jpg","type":"image\/jpeg"}],"author":"Diario1 Diario1","twitter_card":"summary_large_image","twitter_creator":"@eltextual","twitter_site":"@eltextual","twitter_misc":{"Escrito por":"Diario1 Diario1","Tiempo de lectura":"1 minuto"},"schema":{"@context":"https:\/\/schema.org","@graph":[{"@type":"Article","@id":"https:\/\/diariotextual.com\/inicio\/index.php\/2020\/04\/23\/ziliotto-pidio-flexibilizar-mas-la-cuarentena-quiere-habilitar-obras-privadas\/#article","isPartOf":{"@id":"https:\/\/diariotextual.com\/inicio\/index.php\/2020\/04\/23\/ziliotto-pidio-flexibilizar-mas-la-cuarentena-quiere-habilitar-obras-privadas\/"},"author":{"name":"Diario1 Diario1","@id":"https:\/\/diariotextual.com\/inicio\/#\/schema\/person\/418fc4093c33e86ed41562db3508f958"},"headline":"Se flexibiliza m\u00e1s la cuarentena: Ziliotto pidi\u00f3 habilitar obras privadas en La Pampa","datePublished":"2020-04-23T15:59:55+00:00","dateModified":"2020-04-23T23:04:16+00:00","mainEntityOfPage":{"@id":"https:\/\/diariotextual.com\/inicio\/index.php\/2020\/04\/23\/ziliotto-pidio-flexibilizar-mas-la-cuarentena-quiere-habilitar-obras-privadas\/"},"wordCount":249,"publisher":{"@id":"https:\/\/diariotextual.com\/inicio\/#organization"},"image":{"@id":"https:\/\/diariotextual.com\/inicio\/index.php\/2020\/04\/23\/ziliotto-pidio-flexibilizar-mas-la-cuarentena-quiere-habilitar-obras-privadas\/#primaryimage"},"thumbnailUrl":"https:\/\/diariotextual.com\/inicio\/wp-content\/uploads\/2020\/04\/ziliottosergiouocrarobledo2020-2.jpg","keywords":["covid","cuarentena","flexibilizacion"],"articleSection":["A - PORTADA","ECONOMIA"],"inLanguage":"es"},{"@type":"WebPage","@id":"https:\/\/diariotextual.com\/inicio\/index.php\/2020\/04\/23\/ziliotto-pidio-flexibilizar-mas-la-cuarentena-quiere-habilitar-obras-privadas\/","url":"https:\/\/diariotextual.com\/inicio\/index.php\/2020\/04\/23\/ziliotto-pidio-flexibilizar-mas-la-cuarentena-quiere-habilitar-obras-privadas\/","name":"Se flexibiliza m\u00e1s la cuarentena: Ziliotto pidi\u00f3 habilitar obras privadas en La Pampa - Diario Textual","isPartOf":{"@id":"https:\/\/diariotextual.com\/inicio\/#website"},"primaryImageOfPage":{"@id":"https:\/\/diariotextual.com\/inicio\/index.php\/2020\/04\/23\/ziliotto-pidio-flexibilizar-mas-la-cuarentena-quiere-habilitar-obras-privadas\/#primaryimage"},"image":{"@id":"https:\/\/diariotextual.com\/inicio\/index.php\/2020\/04\/23\/ziliotto-pidio-flexibilizar-mas-la-cuarentena-quiere-habilitar-obras-privadas\/#primaryimage"},"thumbnailUrl":"https:\/\/diariotextual.com\/inicio\/wp-content\/uploads\/2020\/04\/ziliottosergiouocrarobledo2020-2.jpg","datePublished":"2020-04-23T15:59:55+00:00","dateModified":"2020-04-23T23:04:16+00:00","breadcrumb":{"@id":"https:\/\/diariotextual.com\/inicio\/index.php\/2020\/04\/23\/ziliotto-pidio-flexibilizar-mas-la-cuarentena-quiere-habilitar-obras-privadas\/#breadcrumb"},"inLanguage":"es","potentialAction":[{"@type":"ReadAction","target":["https:\/\/diariotextual.com\/inicio\/index.php\/2020\/04\/23\/ziliotto-pidio-flexibilizar-mas-la-cuarentena-quiere-habilitar-obras-privadas\/"]}]},{"@type":"ImageObject","inLanguage":"es","@id":"https:\/\/diariotextual.com\/inicio\/index.php\/2020\/04\/23\/ziliotto-pidio-flexibilizar-mas-la-cuarentena-quiere-habilitar-obras-privadas\/#primaryimage","url":"https:\/\/diariotextual.com\/inicio\/wp-content\/uploads\/2020\/04\/ziliottosergiouocrarobledo2020-2.jpg","contentUrl":"https:\/\/diariotextual.com\/inicio\/wp-content\/uploads\/2020\/04\/ziliottosergiouocrarobledo2020-2.jpg","width":1500,"height":1000},{"@type":"BreadcrumbList","@id":"https:\/\/diariotextual.com\/inicio\/index.php\/2020\/04\/23\/ziliotto-pidio-flexibilizar-mas-la-cuarentena-quiere-habilitar-obras-privadas\/#breadcrumb","itemListElement":[{"@type":"ListItem","position":1,"name":"Portada","item":"https:\/\/diariotextual.com\/inicio\/"},{"@type":"ListItem","position":2,"name":"Se flexibiliza m\u00e1s la cuarentena: Ziliotto pidi\u00f3 habilitar obras privadas en La Pampa"}]},{"@type":"WebSite","@id":"https:\/\/diariotextual.com\/inicio\/#website","url":"https:\/\/diariotextual.com\/inicio\/","name":"Diario Textual","description":"","publisher":{"@id":"https:\/\/diariotextual.com\/inicio\/#organization"},"potentialAction":[{"@type":"SearchAction","target":{"@type":"EntryPoint","urlTemplate":"https:\/\/diariotextual.com\/inicio\/?s={search_term_string}"},"query-input":{"@type":"PropertyValueSpecification","valueRequired":true,"valueName":"search_term_string"}}],"inLanguage":"es"},{"@type":"Organization","@id":"https:\/\/diariotextual.com\/inicio\/#organization","name":"Diario Textual","url":"https:\/\/diariotextual.com\/inicio\/","logo":{"@type":"ImageObject","inLanguage":"es","@id":"https:\/\/diariotextual.com\/inicio\/#\/schema\/logo\/image\/","url":"https:\/\/diariotextual.com\/inicio\/wp-content\/uploads\/2023\/05\/logotextual1.jpg","contentUrl":"https:\/\/diariotextual.com\/inicio\/wp-content\/uploads\/2023\/05\/logotextual1.jpg","width":516,"height":76,"caption":"Diario Textual"},"image":{"@id":"https:\/\/diariotextual.com\/inicio\/#\/schema\/logo\/image\/"},"sameAs":["https:\/\/www.facebook.com\/eltextual","https:\/\/x.com\/eltextual","http:\/\/www.instagram.com\/eltextual"]},{"@type":"Person","@id":"https:\/\/diariotextual.com\/inicio\/#\/schema\/person\/418fc4093c33e86ed41562db3508f958","name":"Diario1 Diario1","image":{"@type":"ImageObject","inLanguage":"es","@id":"https:\/\/secure.gravatar.com\/avatar\/9167d280179c85bc18be67aa7eda765854300033af4896dd779b608640f2ef7a?s=96&d=mm&r=g","url":"https:\/\/secure.gravatar.com\/avatar\/9167d280179c85bc18be67aa7eda765854300033af4896dd779b608640f2ef7a?s=96&d=mm&r=g","contentUrl":"https:\/\/secure.gravatar.com\/avatar\/9167d280179c85bc18be67aa7eda765854300033af4896dd779b608640f2ef7a?s=96&d=mm&r=g","caption":"Diario1 Diario1"},"url":"https:\/\/diariotextual.com\/inicio\/index.php\/author\/diario1\/"}]}},"_links":{"self":[{"href":"https:\/\/diariotextual.com\/inicio\/index.php\/wp-json\/wp\/v2\/posts\/90559","targetHints":{"allow":["GET"]}}],"collection":[{"href":"https:\/\/diariotextual.com\/inicio\/index.php\/wp-json\/wp\/v2\/posts"}],"about":[{"href":"https:\/\/diariotextual.com\/inicio\/index.php\/wp-json\/wp\/v2\/types\/post"}],"author":[{"embeddable":true,"href":"https:\/\/diariotextual.com\/inicio\/index.php\/wp-json\/wp\/v2\/users\/3"}],"replies":[{"embeddable":true,"href":"https:\/\/diariotextual.com\/inicio\/index.php\/wp-json\/wp\/v2\/comments?post=90559"}],"version-history":[{"count":8,"href":"https:\/\/diariotextual.com\/inicio\/index.php\/wp-json\/wp\/v2\/posts\/90559\/revisions"}],"predecessor-version":[{"id":90620,"href":"https:\/\/diariotextual.com\/inicio\/index.php\/wp-json\/wp\/v2\/posts\/90559\/revisions\/90620"}],"wp:featuredmedia":[{"embeddable":true,"href":"https:\/\/diariotextual.com\/inicio\/index.php\/wp-json\/wp\/v2\/media\/90563"}],"wp:attachment":[{"href":"https:\/\/diariotextual.com\/inicio\/index.php\/wp-json\/wp\/v2\/media?parent=90559"}],"wp:term":[{"taxonomy":"category","embeddable":true,"href":"https:\/\/diariotextual.com\/inicio\/index.php\/wp-json\/wp\/v2\/categories?post=90559"},{"taxonomy":"post_tag","embeddable":true,"href":"https:\/\/diariotextual.com\/inicio\/index.php\/wp-json\/wp\/v2\/tags?post=90559"}],"curies":[{"name":"wp","href":"https:\/\/api.w.org\/{rel}","templated":true}]}}