{"id":90608,"date":"2020-04-23T19:41:18","date_gmt":"2020-04-23T22:41:18","guid":{"rendered":"http:\/\/diariotextual.com\/inicio\/?p=90608"},"modified":"2020-04-24T10:45:21","modified_gmt":"2020-04-24T13:45:21","slug":"la-pampa-va-implementar-cuarentenas-comunitarias-pueblos","status":"publish","type":"post","link":"https:\/\/diariotextual.com\/inicio\/index.php\/2020\/04\/23\/la-pampa-va-implementar-cuarentenas-comunitarias-pueblos\/","title":{"rendered":"La Pampa va a implementar \u00abcuarentenas comunitarias\u201d en algunos pueblos"},"content":{"rendered":"<p>El Comit\u00e9 de Crisis de La Pampa analiz\u00f3 hoy la posibilidad de instrumentar la modalidad de \u201ccuarentenas comunitarias\u201d por localidad, teniendo en cuenta la cantidad de poblaci\u00f3n de cada una de ellas.<\/p>\n<p>La reuni\u00f3n fue encabezada por el gobernador Sergio Ziliotto. Tambi\u00e9n estuvieron el vicegobernador y presidente de la C\u00e1mara de Diputados, Mariano Fern\u00e1ndez; el presidente del Superior Tribunal de Justicia, Jos\u00e9 Sappa; los presidentes de los cuatro bloques que componen la Legislatura; y funcionarios del Poder Ejecutivo.<\/p>\n<p>La\u00a0<b>\u201ccuarentena comunitaria\u201d es la\u00a0<\/b><strong>posibilidad de levantar el aislamientos en algunas zonas rurales o pueblos peque\u00f1os en los que no se hubieran detectado casos positivos de coronavirus<\/strong>, permitiendo la circulaci\u00f3n interna de los habitantes dentro del \u00e1rea estipulada.<\/p>\n<p>\u00abSon comunidades que pueden funcionar por s\u00ed mismas sin conectarse con lugares en riesgo y de algunas actividades rurales que podr\u00edamos aceptar\u201d,\u00a0destac\u00f3\u00a0d\u00edas atr\u00e1s el presidente Alberto Fern\u00e1ndez.<\/p>\n<p>Adem\u00e1s, el gobernador ya pidi\u00f3 que se habiliten <a href=\"http:\/\/diariotextual.com\/inicio\/index.php\/2020\/04\/23\/ziliotto-pidio-flexibilizar-mas-la-cuarentena-quiere-habilitar-obras-privadas\/\" target=\"_blank\" rel=\"noopener\"><strong>las obras privadas<\/strong> <\/a>en la provincia.<\/p>\n<p>&nbsp;<\/p>\n<p><strong>Recuperados<\/strong><\/p>\n<p>El gobernador comparti\u00f3 con los presentes la \u00faltima <a href=\"http:\/\/diariotextual.com\/inicio\/index.php\/2020\/04\/23\/coronavirus-la-pampa-ya-se-recuperaron-los-cinco-pacientes\/\" target=\"_blank\" rel=\"noopener\">informaci\u00f3n emanada <\/a>de\u00a0<strong>Epidemiolog\u00eda, entre ellos que ya no quedan casos activos de coronavirus.<\/strong><\/p>\n<p>Explic\u00f3 posteriormente\u00a0c\u00f3mo se podr\u00edan incorporar actividades econ\u00f3micas a la cuarentena controlada. En este sentido se mencion\u00f3 la <strong>posibilidad de habilitar el trabajo de sectores profesionales<\/strong> y se lleg\u00f3 al entendimiento que \u201cser\u00e1 una decisi\u00f3n que se tomar\u00e1 en su debido momento\u201d, priorizando la salud p\u00fablica.<\/p>\n<p>En este sentido se inform\u00f3 que <strong>se solicit\u00f3 a los diferentes sectores que presenten protocolos<\/strong> que garanticen su control y funcionamiento, basados en las normativas excepcionales que Salud P\u00fablica ha dispuesto como consecuencia de la pandemia de COVID-19.<\/p>\n<blockquote class=\"wp-embedded-content\" data-secret=\"u2GxJwIxFa\"><p><a href=\"http:\/\/diariotextual.com\/inicio\/index.php\/2020\/04\/23\/ziliotto-pidio-flexibilizar-mas-la-cuarentena-quiere-habilitar-obras-privadas\/\">Se flexibiliza m\u00e1s la cuarentena: Ziliotto pidi\u00f3 habilitar obras privadas en La Pampa<\/a><\/p><\/blockquote>\n<p><iframe class=\"wp-embedded-content\" sandbox=\"allow-scripts\" security=\"restricted\" style=\"position: absolute; clip: rect(1px, 1px, 1px, 1px);\" src=\"http:\/\/diariotextual.com\/inicio\/index.php\/2020\/04\/23\/ziliotto-pidio-flexibilizar-mas-la-cuarentena-quiere-habilitar-obras-privadas\/embed\/#?secret=u2GxJwIxFa\" data-secret=\"u2GxJwIxFa\" width=\"600\" height=\"338\" title=\"&#171;Se flexibiliza m\u00e1s la cuarentena: Ziliotto pidi\u00f3 habilitar obras privadas en La Pampa&#187; &#8212; Diario Textual\" frameborder=\"0\" marginwidth=\"0\" marginheight=\"0\" scrolling=\"no\"><\/iframe><\/p>\n<p>&nbsp;<\/p>\n<p><strong>Geri\u00e1tricos<\/strong><\/p>\n<p><strong>El tema de los geri\u00e1tricos y su manejo no estuvo ausente<\/strong>. A instancias de gobernador, los ministros de Salud y de Desarrollo Social, Mario Kohan y Diego Alvarez, informaron <strong>cu\u00e1l es la situaci\u00f3n en La Pampa y cu\u00e1les son los protocolos activos<\/strong> para el funcionamiento de las instituciones que los albergan. Precisaron que en La Pampa hay alrededor de mil adultos mayores en las instituciones habilitadas para tal fin, dentro de las cuales se deben cumplir medidas de profilaxis y los protocolos elaborados para su funcionamiento.<\/p>\n<p>Finalmente hubo coincidencia de los miembros del Comit\u00e9 en \u00a0que la pandemia plantea un escenario din\u00e1mico que requiere \u00a0ser \u201cdecididamente responsables\u201d en todas las decisiones que se adopten, \u00a0porque lo que se pone en juego en cada una de ellas es la vida de los pampeanos.<\/p>\n<p>&nbsp;<\/p>\n<p>&nbsp;<\/p>\n<blockquote class=\"wp-embedded-content\" data-secret=\"FSA1glF8P1\"><p><a href=\"http:\/\/diariotextual.com\/inicio\/index.php\/2020\/04\/23\/coronavirus-la-pampa-ya-se-recuperaron-los-cinco-pacientes\/\">Coronavirus en La Pampa: ya se recuperaron los cinco pacientes<\/a><\/p><\/blockquote>\n<p><iframe class=\"wp-embedded-content\" sandbox=\"allow-scripts\" security=\"restricted\" style=\"position: absolute; clip: rect(1px, 1px, 1px, 1px);\" src=\"http:\/\/diariotextual.com\/inicio\/index.php\/2020\/04\/23\/coronavirus-la-pampa-ya-se-recuperaron-los-cinco-pacientes\/embed\/#?secret=FSA1glF8P1\" data-secret=\"FSA1glF8P1\" width=\"600\" height=\"338\" title=\"&#171;Coronavirus en La Pampa: ya se recuperaron los cinco pacientes&#187; &#8212; Diario Textual\" frameborder=\"0\" marginwidth=\"0\" marginheight=\"0\" scrolling=\"no\"><\/iframe><\/p>\n","protected":false},"excerpt":{"rendered":"<p>El Comit\u00e9 de Crisis de La Pampa analiz\u00f3 hoy la posibilidad de instrumentar la modalidad de \u201ccuarentenas comunitarias\u201d por localidad, teniendo en cuenta la cantidad de poblaci\u00f3n de cada una&hellip;<\/p>\n","protected":false},"author":4,"featured_media":90609,"comment_status":"closed","ping_status":"open","sticky":false,"template":"","format":"standard","meta":{"_acf_changed":false,"footnotes":""},"categories":[11,319,12],"tags":[2853],"class_list":["post-90608","post","type-post","status-publish","format-standard","has-post-thumbnail","hentry","category-que-pasa","category-a-temporales","category-sociedad","tag-cuarentena"],"acf":[],"yoast_head":"<!-- This site is optimized with the Yoast SEO plugin v27.5 - https:\/\/yoast.com\/product\/yoast-seo-wordpress\/ -->\n<title>La Pampa va a implementar &quot;cuarentenas comunitarias\u201d en algunos pueblos - Diario Textual<\/title>\n<meta name=\"robots\" content=\"index, follow, max-snippet:-1, max-image-preview:large, max-video-preview:-1\" \/>\n<link rel=\"canonical\" href=\"https:\/\/diariotextual.com\/inicio\/index.php\/2020\/04\/23\/la-pampa-va-implementar-cuarentenas-comunitarias-pueblos\/\" \/>\n<meta property=\"og:locale\" content=\"es_ES\" \/>\n<meta property=\"og:type\" content=\"article\" \/>\n<meta property=\"og:title\" content=\"La Pampa va a implementar &quot;cuarentenas comunitarias\u201d en algunos pueblos - Diario Textual\" \/>\n<meta property=\"og:description\" content=\"El Comit\u00e9 de Crisis de La Pampa analiz\u00f3 hoy la posibilidad de instrumentar la modalidad de \u201ccuarentenas comunitarias\u201d por localidad, teniendo en cuenta la cantidad de poblaci\u00f3n de cada una&hellip;\" \/>\n<meta property=\"og:url\" content=\"https:\/\/diariotextual.com\/inicio\/index.php\/2020\/04\/23\/la-pampa-va-implementar-cuarentenas-comunitarias-pueblos\/\" \/>\n<meta property=\"og:site_name\" content=\"Diario Textual\" \/>\n<meta property=\"article:publisher\" content=\"https:\/\/www.facebook.com\/eltextual\" \/>\n<meta property=\"article:published_time\" content=\"2020-04-23T22:41:18+00:00\" \/>\n<meta property=\"article:modified_time\" content=\"2020-04-24T13:45:21+00:00\" \/>\n<meta property=\"og:image\" content=\"https:\/\/diariotextual.com\/inicio\/wp-content\/uploads\/2020\/04\/comitecrisiscuarentenalapampaa2.jpg\" \/>\n\t<meta property=\"og:image:width\" content=\"900\" \/>\n\t<meta property=\"og:image:height\" content=\"507\" \/>\n\t<meta property=\"og:image:type\" content=\"image\/jpeg\" \/>\n<meta name=\"author\" content=\"diario2\" \/>\n<meta name=\"twitter:card\" content=\"summary_large_image\" \/>\n<meta name=\"twitter:creator\" content=\"@eltextual\" \/>\n<meta name=\"twitter:site\" content=\"@eltextual\" \/>\n<meta name=\"twitter:label1\" content=\"Escrito por\" \/>\n\t<meta name=\"twitter:data1\" content=\"diario2\" \/>\n\t<meta name=\"twitter:label2\" content=\"Tiempo de lectura\" \/>\n\t<meta name=\"twitter:data2\" content=\"2 minutos\" \/>\n<script type=\"application\/ld+json\" class=\"yoast-schema-graph\">{\"@context\":\"https:\\\/\\\/schema.org\",\"@graph\":[{\"@type\":\"Article\",\"@id\":\"https:\\\/\\\/diariotextual.com\\\/inicio\\\/index.php\\\/2020\\\/04\\\/23\\\/la-pampa-va-implementar-cuarentenas-comunitarias-pueblos\\\/#article\",\"isPartOf\":{\"@id\":\"https:\\\/\\\/diariotextual.com\\\/inicio\\\/index.php\\\/2020\\\/04\\\/23\\\/la-pampa-va-implementar-cuarentenas-comunitarias-pueblos\\\/\"},\"author\":{\"name\":\"diario2\",\"@id\":\"https:\\\/\\\/diariotextual.com\\\/inicio\\\/#\\\/schema\\\/person\\\/694f60677f23c4a530867a98f22b3768\"},\"headline\":\"La Pampa va a implementar \u00abcuarentenas comunitarias\u201d en algunos pueblos\",\"datePublished\":\"2020-04-23T22:41:18+00:00\",\"dateModified\":\"2020-04-24T13:45:21+00:00\",\"mainEntityOfPage\":{\"@id\":\"https:\\\/\\\/diariotextual.com\\\/inicio\\\/index.php\\\/2020\\\/04\\\/23\\\/la-pampa-va-implementar-cuarentenas-comunitarias-pueblos\\\/\"},\"wordCount\":454,\"publisher\":{\"@id\":\"https:\\\/\\\/diariotextual.com\\\/inicio\\\/#organization\"},\"image\":{\"@id\":\"https:\\\/\\\/diariotextual.com\\\/inicio\\\/index.php\\\/2020\\\/04\\\/23\\\/la-pampa-va-implementar-cuarentenas-comunitarias-pueblos\\\/#primaryimage\"},\"thumbnailUrl\":\"https:\\\/\\\/diariotextual.com\\\/inicio\\\/wp-content\\\/uploads\\\/2020\\\/04\\\/comitecrisiscuarentenalapampaa2.jpg\",\"keywords\":[\"cuarentena\"],\"articleSection\":[\"A - QUE PASA (al costado)\",\"A - TEMPORALES\",\"SOCIEDAD\"],\"inLanguage\":\"es\"},{\"@type\":\"WebPage\",\"@id\":\"https:\\\/\\\/diariotextual.com\\\/inicio\\\/index.php\\\/2020\\\/04\\\/23\\\/la-pampa-va-implementar-cuarentenas-comunitarias-pueblos\\\/\",\"url\":\"https:\\\/\\\/diariotextual.com\\\/inicio\\\/index.php\\\/2020\\\/04\\\/23\\\/la-pampa-va-implementar-cuarentenas-comunitarias-pueblos\\\/\",\"name\":\"La Pampa va a implementar \\\"cuarentenas comunitarias\u201d en algunos pueblos - Diario Textual\",\"isPartOf\":{\"@id\":\"https:\\\/\\\/diariotextual.com\\\/inicio\\\/#website\"},\"primaryImageOfPage\":{\"@id\":\"https:\\\/\\\/diariotextual.com\\\/inicio\\\/index.php\\\/2020\\\/04\\\/23\\\/la-pampa-va-implementar-cuarentenas-comunitarias-pueblos\\\/#primaryimage\"},\"image\":{\"@id\":\"https:\\\/\\\/diariotextual.com\\\/inicio\\\/index.php\\\/2020\\\/04\\\/23\\\/la-pampa-va-implementar-cuarentenas-comunitarias-pueblos\\\/#primaryimage\"},\"thumbnailUrl\":\"https:\\\/\\\/diariotextual.com\\\/inicio\\\/wp-content\\\/uploads\\\/2020\\\/04\\\/comitecrisiscuarentenalapampaa2.jpg\",\"datePublished\":\"2020-04-23T22:41:18+00:00\",\"dateModified\":\"2020-04-24T13:45:21+00:00\",\"breadcrumb\":{\"@id\":\"https:\\\/\\\/diariotextual.com\\\/inicio\\\/index.php\\\/2020\\\/04\\\/23\\\/la-pampa-va-implementar-cuarentenas-comunitarias-pueblos\\\/#breadcrumb\"},\"inLanguage\":\"es\",\"potentialAction\":[{\"@type\":\"ReadAction\",\"target\":[\"https:\\\/\\\/diariotextual.com\\\/inicio\\\/index.php\\\/2020\\\/04\\\/23\\\/la-pampa-va-implementar-cuarentenas-comunitarias-pueblos\\\/\"]}]},{\"@type\":\"ImageObject\",\"inLanguage\":\"es\",\"@id\":\"https:\\\/\\\/diariotextual.com\\\/inicio\\\/index.php\\\/2020\\\/04\\\/23\\\/la-pampa-va-implementar-cuarentenas-comunitarias-pueblos\\\/#primaryimage\",\"url\":\"https:\\\/\\\/diariotextual.com\\\/inicio\\\/wp-content\\\/uploads\\\/2020\\\/04\\\/comitecrisiscuarentenalapampaa2.jpg\",\"contentUrl\":\"https:\\\/\\\/diariotextual.com\\\/inicio\\\/wp-content\\\/uploads\\\/2020\\\/04\\\/comitecrisiscuarentenalapampaa2.jpg\",\"width\":900,\"height\":507},{\"@type\":\"BreadcrumbList\",\"@id\":\"https:\\\/\\\/diariotextual.com\\\/inicio\\\/index.php\\\/2020\\\/04\\\/23\\\/la-pampa-va-implementar-cuarentenas-comunitarias-pueblos\\\/#breadcrumb\",\"itemListElement\":[{\"@type\":\"ListItem\",\"position\":1,\"name\":\"Portada\",\"item\":\"https:\\\/\\\/diariotextual.com\\\/inicio\\\/\"},{\"@type\":\"ListItem\",\"position\":2,\"name\":\"La Pampa va a implementar \u00abcuarentenas comunitarias\u201d en algunos pueblos\"}]},{\"@type\":\"WebSite\",\"@id\":\"https:\\\/\\\/diariotextual.com\\\/inicio\\\/#website\",\"url\":\"https:\\\/\\\/diariotextual.com\\\/inicio\\\/\",\"name\":\"Diario Textual\",\"description\":\"\",\"publisher\":{\"@id\":\"https:\\\/\\\/diariotextual.com\\\/inicio\\\/#organization\"},\"potentialAction\":[{\"@type\":\"SearchAction\",\"target\":{\"@type\":\"EntryPoint\",\"urlTemplate\":\"https:\\\/\\\/diariotextual.com\\\/inicio\\\/?s={search_term_string}\"},\"query-input\":{\"@type\":\"PropertyValueSpecification\",\"valueRequired\":true,\"valueName\":\"search_term_string\"}}],\"inLanguage\":\"es\"},{\"@type\":\"Organization\",\"@id\":\"https:\\\/\\\/diariotextual.com\\\/inicio\\\/#organization\",\"name\":\"Diario Textual\",\"url\":\"https:\\\/\\\/diariotextual.com\\\/inicio\\\/\",\"logo\":{\"@type\":\"ImageObject\",\"inLanguage\":\"es\",\"@id\":\"https:\\\/\\\/diariotextual.com\\\/inicio\\\/#\\\/schema\\\/logo\\\/image\\\/\",\"url\":\"https:\\\/\\\/diariotextual.com\\\/inicio\\\/wp-content\\\/uploads\\\/2023\\\/05\\\/logotextual1.jpg\",\"contentUrl\":\"https:\\\/\\\/diariotextual.com\\\/inicio\\\/wp-content\\\/uploads\\\/2023\\\/05\\\/logotextual1.jpg\",\"width\":516,\"height\":76,\"caption\":\"Diario Textual\"},\"image\":{\"@id\":\"https:\\\/\\\/diariotextual.com\\\/inicio\\\/#\\\/schema\\\/logo\\\/image\\\/\"},\"sameAs\":[\"https:\\\/\\\/www.facebook.com\\\/eltextual\",\"https:\\\/\\\/x.com\\\/eltextual\",\"http:\\\/\\\/www.instagram.com\\\/eltextual\"]},{\"@type\":\"Person\",\"@id\":\"https:\\\/\\\/diariotextual.com\\\/inicio\\\/#\\\/schema\\\/person\\\/694f60677f23c4a530867a98f22b3768\",\"name\":\"diario2\",\"image\":{\"@type\":\"ImageObject\",\"inLanguage\":\"es\",\"@id\":\"https:\\\/\\\/secure.gravatar.com\\\/avatar\\\/5a2567495ba16b852fcd8f1ed006a2e24fcace936018ed8237e95f488ad6e0a7?s=96&d=mm&r=g\",\"url\":\"https:\\\/\\\/secure.gravatar.com\\\/avatar\\\/5a2567495ba16b852fcd8f1ed006a2e24fcace936018ed8237e95f488ad6e0a7?s=96&d=mm&r=g\",\"contentUrl\":\"https:\\\/\\\/secure.gravatar.com\\\/avatar\\\/5a2567495ba16b852fcd8f1ed006a2e24fcace936018ed8237e95f488ad6e0a7?s=96&d=mm&r=g\",\"caption\":\"diario2\"},\"url\":\"https:\\\/\\\/diariotextual.com\\\/inicio\\\/index.php\\\/author\\\/diario2\\\/\"}]}<\/script>\n<!-- \/ Yoast SEO plugin. -->","yoast_head_json":{"title":"La Pampa va a implementar \"cuarentenas comunitarias\u201d en algunos pueblos - Diario Textual","robots":{"index":"index","follow":"follow","max-snippet":"max-snippet:-1","max-image-preview":"max-image-preview:large","max-video-preview":"max-video-preview:-1"},"canonical":"https:\/\/diariotextual.com\/inicio\/index.php\/2020\/04\/23\/la-pampa-va-implementar-cuarentenas-comunitarias-pueblos\/","og_locale":"es_ES","og_type":"article","og_title":"La Pampa va a implementar \"cuarentenas comunitarias\u201d en algunos pueblos - Diario Textual","og_description":"El Comit\u00e9 de Crisis de La Pampa analiz\u00f3 hoy la posibilidad de instrumentar la modalidad de \u201ccuarentenas comunitarias\u201d por localidad, teniendo en cuenta la cantidad de poblaci\u00f3n de cada una&hellip;","og_url":"https:\/\/diariotextual.com\/inicio\/index.php\/2020\/04\/23\/la-pampa-va-implementar-cuarentenas-comunitarias-pueblos\/","og_site_name":"Diario Textual","article_publisher":"https:\/\/www.facebook.com\/eltextual","article_published_time":"2020-04-23T22:41:18+00:00","article_modified_time":"2020-04-24T13:45:21+00:00","og_image":[{"width":900,"height":507,"url":"https:\/\/diariotextual.com\/inicio\/wp-content\/uploads\/2020\/04\/comitecrisiscuarentenalapampaa2.jpg","type":"image\/jpeg"}],"author":"diario2","twitter_card":"summary_large_image","twitter_creator":"@eltextual","twitter_site":"@eltextual","twitter_misc":{"Escrito por":"diario2","Tiempo de lectura":"2 minutos"},"schema":{"@context":"https:\/\/schema.org","@graph":[{"@type":"Article","@id":"https:\/\/diariotextual.com\/inicio\/index.php\/2020\/04\/23\/la-pampa-va-implementar-cuarentenas-comunitarias-pueblos\/#article","isPartOf":{"@id":"https:\/\/diariotextual.com\/inicio\/index.php\/2020\/04\/23\/la-pampa-va-implementar-cuarentenas-comunitarias-pueblos\/"},"author":{"name":"diario2","@id":"https:\/\/diariotextual.com\/inicio\/#\/schema\/person\/694f60677f23c4a530867a98f22b3768"},"headline":"La Pampa va a implementar \u00abcuarentenas comunitarias\u201d en algunos pueblos","datePublished":"2020-04-23T22:41:18+00:00","dateModified":"2020-04-24T13:45:21+00:00","mainEntityOfPage":{"@id":"https:\/\/diariotextual.com\/inicio\/index.php\/2020\/04\/23\/la-pampa-va-implementar-cuarentenas-comunitarias-pueblos\/"},"wordCount":454,"publisher":{"@id":"https:\/\/diariotextual.com\/inicio\/#organization"},"image":{"@id":"https:\/\/diariotextual.com\/inicio\/index.php\/2020\/04\/23\/la-pampa-va-implementar-cuarentenas-comunitarias-pueblos\/#primaryimage"},"thumbnailUrl":"https:\/\/diariotextual.com\/inicio\/wp-content\/uploads\/2020\/04\/comitecrisiscuarentenalapampaa2.jpg","keywords":["cuarentena"],"articleSection":["A - QUE PASA (al costado)","A - TEMPORALES","SOCIEDAD"],"inLanguage":"es"},{"@type":"WebPage","@id":"https:\/\/diariotextual.com\/inicio\/index.php\/2020\/04\/23\/la-pampa-va-implementar-cuarentenas-comunitarias-pueblos\/","url":"https:\/\/diariotextual.com\/inicio\/index.php\/2020\/04\/23\/la-pampa-va-implementar-cuarentenas-comunitarias-pueblos\/","name":"La Pampa va a implementar \"cuarentenas comunitarias\u201d en algunos pueblos - Diario Textual","isPartOf":{"@id":"https:\/\/diariotextual.com\/inicio\/#website"},"primaryImageOfPage":{"@id":"https:\/\/diariotextual.com\/inicio\/index.php\/2020\/04\/23\/la-pampa-va-implementar-cuarentenas-comunitarias-pueblos\/#primaryimage"},"image":{"@id":"https:\/\/diariotextual.com\/inicio\/index.php\/2020\/04\/23\/la-pampa-va-implementar-cuarentenas-comunitarias-pueblos\/#primaryimage"},"thumbnailUrl":"https:\/\/diariotextual.com\/inicio\/wp-content\/uploads\/2020\/04\/comitecrisiscuarentenalapampaa2.jpg","datePublished":"2020-04-23T22:41:18+00:00","dateModified":"2020-04-24T13:45:21+00:00","breadcrumb":{"@id":"https:\/\/diariotextual.com\/inicio\/index.php\/2020\/04\/23\/la-pampa-va-implementar-cuarentenas-comunitarias-pueblos\/#breadcrumb"},"inLanguage":"es","potentialAction":[{"@type":"ReadAction","target":["https:\/\/diariotextual.com\/inicio\/index.php\/2020\/04\/23\/la-pampa-va-implementar-cuarentenas-comunitarias-pueblos\/"]}]},{"@type":"ImageObject","inLanguage":"es","@id":"https:\/\/diariotextual.com\/inicio\/index.php\/2020\/04\/23\/la-pampa-va-implementar-cuarentenas-comunitarias-pueblos\/#primaryimage","url":"https:\/\/diariotextual.com\/inicio\/wp-content\/uploads\/2020\/04\/comitecrisiscuarentenalapampaa2.jpg","contentUrl":"https:\/\/diariotextual.com\/inicio\/wp-content\/uploads\/2020\/04\/comitecrisiscuarentenalapampaa2.jpg","width":900,"height":507},{"@type":"BreadcrumbList","@id":"https:\/\/diariotextual.com\/inicio\/index.php\/2020\/04\/23\/la-pampa-va-implementar-cuarentenas-comunitarias-pueblos\/#breadcrumb","itemListElement":[{"@type":"ListItem","position":1,"name":"Portada","item":"https:\/\/diariotextual.com\/inicio\/"},{"@type":"ListItem","position":2,"name":"La Pampa va a implementar \u00abcuarentenas comunitarias\u201d en algunos pueblos"}]},{"@type":"WebSite","@id":"https:\/\/diariotextual.com\/inicio\/#website","url":"https:\/\/diariotextual.com\/inicio\/","name":"Diario Textual","description":"","publisher":{"@id":"https:\/\/diariotextual.com\/inicio\/#organization"},"potentialAction":[{"@type":"SearchAction","target":{"@type":"EntryPoint","urlTemplate":"https:\/\/diariotextual.com\/inicio\/?s={search_term_string}"},"query-input":{"@type":"PropertyValueSpecification","valueRequired":true,"valueName":"search_term_string"}}],"inLanguage":"es"},{"@type":"Organization","@id":"https:\/\/diariotextual.com\/inicio\/#organization","name":"Diario Textual","url":"https:\/\/diariotextual.com\/inicio\/","logo":{"@type":"ImageObject","inLanguage":"es","@id":"https:\/\/diariotextual.com\/inicio\/#\/schema\/logo\/image\/","url":"https:\/\/diariotextual.com\/inicio\/wp-content\/uploads\/2023\/05\/logotextual1.jpg","contentUrl":"https:\/\/diariotextual.com\/inicio\/wp-content\/uploads\/2023\/05\/logotextual1.jpg","width":516,"height":76,"caption":"Diario Textual"},"image":{"@id":"https:\/\/diariotextual.com\/inicio\/#\/schema\/logo\/image\/"},"sameAs":["https:\/\/www.facebook.com\/eltextual","https:\/\/x.com\/eltextual","http:\/\/www.instagram.com\/eltextual"]},{"@type":"Person","@id":"https:\/\/diariotextual.com\/inicio\/#\/schema\/person\/694f60677f23c4a530867a98f22b3768","name":"diario2","image":{"@type":"ImageObject","inLanguage":"es","@id":"https:\/\/secure.gravatar.com\/avatar\/5a2567495ba16b852fcd8f1ed006a2e24fcace936018ed8237e95f488ad6e0a7?s=96&d=mm&r=g","url":"https:\/\/secure.gravatar.com\/avatar\/5a2567495ba16b852fcd8f1ed006a2e24fcace936018ed8237e95f488ad6e0a7?s=96&d=mm&r=g","contentUrl":"https:\/\/secure.gravatar.com\/avatar\/5a2567495ba16b852fcd8f1ed006a2e24fcace936018ed8237e95f488ad6e0a7?s=96&d=mm&r=g","caption":"diario2"},"url":"https:\/\/diariotextual.com\/inicio\/index.php\/author\/diario2\/"}]}},"_links":{"self":[{"href":"https:\/\/diariotextual.com\/inicio\/index.php\/wp-json\/wp\/v2\/posts\/90608","targetHints":{"allow":["GET"]}}],"collection":[{"href":"https:\/\/diariotextual.com\/inicio\/index.php\/wp-json\/wp\/v2\/posts"}],"about":[{"href":"https:\/\/diariotextual.com\/inicio\/index.php\/wp-json\/wp\/v2\/types\/post"}],"author":[{"embeddable":true,"href":"https:\/\/diariotextual.com\/inicio\/index.php\/wp-json\/wp\/v2\/users\/4"}],"replies":[{"embeddable":true,"href":"https:\/\/diariotextual.com\/inicio\/index.php\/wp-json\/wp\/v2\/comments?post=90608"}],"version-history":[{"count":7,"href":"https:\/\/diariotextual.com\/inicio\/index.php\/wp-json\/wp\/v2\/posts\/90608\/revisions"}],"predecessor-version":[{"id":90635,"href":"https:\/\/diariotextual.com\/inicio\/index.php\/wp-json\/wp\/v2\/posts\/90608\/revisions\/90635"}],"wp:featuredmedia":[{"embeddable":true,"href":"https:\/\/diariotextual.com\/inicio\/index.php\/wp-json\/wp\/v2\/media\/90609"}],"wp:attachment":[{"href":"https:\/\/diariotextual.com\/inicio\/index.php\/wp-json\/wp\/v2\/media?parent=90608"}],"wp:term":[{"taxonomy":"category","embeddable":true,"href":"https:\/\/diariotextual.com\/inicio\/index.php\/wp-json\/wp\/v2\/categories?post=90608"},{"taxonomy":"post_tag","embeddable":true,"href":"https:\/\/diariotextual.com\/inicio\/index.php\/wp-json\/wp\/v2\/tags?post=90608"}],"curies":[{"name":"wp","href":"https:\/\/api.w.org\/{rel}","templated":true}]}}