{"id":90611,"date":"2020-04-23T19:47:55","date_gmt":"2020-04-23T22:47:55","guid":{"rendered":"http:\/\/diariotextual.com\/inicio\/?p=90611"},"modified":"2020-04-24T09:21:03","modified_gmt":"2020-04-24T12:21:03","slug":"coronavirus-la-pampa-ya-se-recuperaron-los-cinco-pacientes","status":"publish","type":"post","link":"https:\/\/diariotextual.com\/inicio\/index.php\/2020\/04\/23\/coronavirus-la-pampa-ya-se-recuperaron-los-cinco-pacientes\/","title":{"rendered":"Ya se recuperaron los cinco pampeanos que ten\u00edan coronavirus"},"content":{"rendered":"<p>El Ministerio de Salud de la provincia inform\u00f3 que <strong>ya se recuperaron las cinco personas que hab\u00edan dado positivo de coronavirus Covid-19<\/strong> en nuestra provincia. De esta manera, <strong>ya no quedan positivos y hace dos semanas que no se detecta un nuevo caso.<\/strong><\/p>\n<p>El martes la Direcci\u00f3n de Epidemiolog\u00eda inform\u00f3 que\u00a0<strong>ya se hab\u00edan recuperado cuatro de los cinco pacientes con coronavirus. Esos cuatro son de Santa Rosa, personas entre 68 y 78 a\u00f1os de edad. Y este jueves confirm\u00f3 que tambi\u00e9n hizo lo propio la paciente de General Pico, de 22.<\/strong><\/p>\n<p>Adem\u00e1s, Epidemilog\u00eda indic\u00f3 que en La Pampa se hicieron 101 testeos y 96 ya fueron descartados. Las muestras para diagn\u00f3stico de COVID-19 son procesadas por el Laboratorio Central de la Direcci\u00f3n de Epidemiolog\u00eda y el Laboratorio de Microbiolog\u00eda del Establecimiento Asistencial Gobernador Centeno de General Pico, a trav\u00e9s de la t\u00e9cnica PCR en tiempo real.<\/p>\n<p>&nbsp;<\/p>\n<blockquote class=\"wp-embedded-content\" data-secret=\"vjNfdA8T5Z\"><p><a href=\"http:\/\/diariotextual.com\/inicio\/index.php\/2020\/04\/22\/la-historia-una-mujer-santa-rosa-vencio-al-coronavirus\/\">La historia de una jubilada de Santa Rosa que venci\u00f3 al coronavirus<\/a><\/p><\/blockquote>\n<p><iframe class=\"wp-embedded-content\" sandbox=\"allow-scripts\" security=\"restricted\" style=\"position: absolute; clip: rect(1px, 1px, 1px, 1px);\" src=\"http:\/\/diariotextual.com\/inicio\/index.php\/2020\/04\/22\/la-historia-una-mujer-santa-rosa-vencio-al-coronavirus\/embed\/#?secret=vjNfdA8T5Z\" data-secret=\"vjNfdA8T5Z\" width=\"600\" height=\"338\" title=\"&#171;La historia de una jubilada de Santa Rosa que venci\u00f3 al coronavirus&#187; &#8212; Diario Textual\" frameborder=\"0\" marginwidth=\"0\" marginheight=\"0\" scrolling=\"no\"><\/iframe><\/p>\n<p>&nbsp;<\/p>\n<p>&nbsp;<\/p>\n<p>A su vez, Epidemiolog\u00eda realiza el monitoreo de viajeros con indicaci\u00f3n de aislamiento estricto. \u00abAl d\u00eda de la fecha se registraron 1648 personas con antecedente de viaje de las cuales 908 ya han cumplido el periodo de 14 d\u00edas desde su regreso y 740 contin\u00faan siendo monitoreados\u00bb, inform\u00f3.<\/p>\n<p>\u00abSe siguen generando acciones tendientes a preparar el sistema de Salud, para dar respuesta de calidad frente a un eventual aumento de casos\u00bb.<\/p>\n<blockquote class=\"wp-embedded-content\" data-secret=\"y2YiaG1GtL\"><p><a href=\"http:\/\/diariotextual.com\/inicio\/index.php\/2020\/04\/23\/la-pampa-va-implementar-cuarentenas-comunitarias-pueblos\/\">La Pampa va a implementar \u00abcuarentenas comunitarias\u201d en algunos pueblos<\/a><\/p><\/blockquote>\n<p><iframe class=\"wp-embedded-content\" sandbox=\"allow-scripts\" security=\"restricted\" style=\"position: absolute; clip: rect(1px, 1px, 1px, 1px);\" src=\"http:\/\/diariotextual.com\/inicio\/index.php\/2020\/04\/23\/la-pampa-va-implementar-cuarentenas-comunitarias-pueblos\/embed\/#?secret=y2YiaG1GtL\" data-secret=\"y2YiaG1GtL\" width=\"600\" height=\"338\" title=\"&#171;La Pampa va a implementar \u00abcuarentenas comunitarias\u201d en algunos pueblos&#187; &#8212; Diario Textual\" frameborder=\"0\" marginwidth=\"0\" marginheight=\"0\" scrolling=\"no\"><\/iframe><\/p>\n<p>&nbsp;<\/p>\n<p>&nbsp;<\/p>\n","protected":false},"excerpt":{"rendered":"<p>El Ministerio de Salud de la provincia inform\u00f3 que ya se recuperaron las cinco personas que hab\u00edan dado positivo de coronavirus Covid-19 en nuestra provincia. De esta manera, ya no&hellip;<\/p>\n","protected":false},"author":4,"featured_media":88202,"comment_status":"closed","ping_status":"open","sticky":false,"template":"","format":"standard","meta":{"_acf_changed":false,"footnotes":""},"categories":[11,12],"tags":[2662,2861],"class_list":["post-90611","post","type-post","status-publish","format-standard","has-post-thumbnail","hentry","category-que-pasa","category-sociedad","tag-coronavirus","tag-pandemia"],"acf":[],"yoast_head":"<!-- This site is optimized with the Yoast SEO plugin v27.5 - https:\/\/yoast.com\/product\/yoast-seo-wordpress\/ -->\n<title>Ya se recuperaron los cinco pampeanos que ten\u00edan coronavirus - Diario Textual<\/title>\n<meta name=\"robots\" content=\"index, follow, max-snippet:-1, max-image-preview:large, max-video-preview:-1\" \/>\n<link rel=\"canonical\" href=\"https:\/\/diariotextual.com\/inicio\/index.php\/2020\/04\/23\/coronavirus-la-pampa-ya-se-recuperaron-los-cinco-pacientes\/\" \/>\n<meta property=\"og:locale\" content=\"es_ES\" \/>\n<meta property=\"og:type\" content=\"article\" \/>\n<meta property=\"og:title\" content=\"Ya se recuperaron los cinco pampeanos que ten\u00edan coronavirus - Diario Textual\" \/>\n<meta property=\"og:description\" content=\"El Ministerio de Salud de la provincia inform\u00f3 que ya se recuperaron las cinco personas que hab\u00edan dado positivo de coronavirus Covid-19 en nuestra provincia. De esta manera, ya no&hellip;\" \/>\n<meta property=\"og:url\" content=\"https:\/\/diariotextual.com\/inicio\/index.php\/2020\/04\/23\/coronavirus-la-pampa-ya-se-recuperaron-los-cinco-pacientes\/\" \/>\n<meta property=\"og:site_name\" content=\"Diario Textual\" \/>\n<meta property=\"article:publisher\" content=\"https:\/\/www.facebook.com\/eltextual\" \/>\n<meta property=\"article:published_time\" content=\"2020-04-23T22:47:55+00:00\" \/>\n<meta property=\"article:modified_time\" content=\"2020-04-24T12:21:03+00:00\" \/>\n<meta property=\"og:image\" content=\"https:\/\/diariotextual.com\/inicio\/wp-content\/uploads\/2020\/04\/coronaviruspampa2020-9999.jpg\" \/>\n\t<meta property=\"og:image:width\" content=\"934\" \/>\n\t<meta property=\"og:image:height\" content=\"623\" \/>\n\t<meta property=\"og:image:type\" content=\"image\/jpeg\" \/>\n<meta name=\"author\" content=\"diario2\" \/>\n<meta name=\"twitter:card\" content=\"summary_large_image\" \/>\n<meta name=\"twitter:creator\" content=\"@eltextual\" \/>\n<meta name=\"twitter:site\" content=\"@eltextual\" \/>\n<meta name=\"twitter:label1\" content=\"Escrito por\" \/>\n\t<meta name=\"twitter:data1\" content=\"diario2\" \/>\n\t<meta name=\"twitter:label2\" content=\"Tiempo de lectura\" \/>\n\t<meta name=\"twitter:data2\" content=\"1 minuto\" \/>\n<script type=\"application\/ld+json\" class=\"yoast-schema-graph\">{\"@context\":\"https:\\\/\\\/schema.org\",\"@graph\":[{\"@type\":\"Article\",\"@id\":\"https:\\\/\\\/diariotextual.com\\\/inicio\\\/index.php\\\/2020\\\/04\\\/23\\\/coronavirus-la-pampa-ya-se-recuperaron-los-cinco-pacientes\\\/#article\",\"isPartOf\":{\"@id\":\"https:\\\/\\\/diariotextual.com\\\/inicio\\\/index.php\\\/2020\\\/04\\\/23\\\/coronavirus-la-pampa-ya-se-recuperaron-los-cinco-pacientes\\\/\"},\"author\":{\"name\":\"diario2\",\"@id\":\"https:\\\/\\\/diariotextual.com\\\/inicio\\\/#\\\/schema\\\/person\\\/694f60677f23c4a530867a98f22b3768\"},\"headline\":\"Ya se recuperaron los cinco pampeanos que ten\u00edan coronavirus\",\"datePublished\":\"2020-04-23T22:47:55+00:00\",\"dateModified\":\"2020-04-24T12:21:03+00:00\",\"mainEntityOfPage\":{\"@id\":\"https:\\\/\\\/diariotextual.com\\\/inicio\\\/index.php\\\/2020\\\/04\\\/23\\\/coronavirus-la-pampa-ya-se-recuperaron-los-cinco-pacientes\\\/\"},\"wordCount\":257,\"publisher\":{\"@id\":\"https:\\\/\\\/diariotextual.com\\\/inicio\\\/#organization\"},\"image\":{\"@id\":\"https:\\\/\\\/diariotextual.com\\\/inicio\\\/index.php\\\/2020\\\/04\\\/23\\\/coronavirus-la-pampa-ya-se-recuperaron-los-cinco-pacientes\\\/#primaryimage\"},\"thumbnailUrl\":\"https:\\\/\\\/diariotextual.com\\\/inicio\\\/wp-content\\\/uploads\\\/2020\\\/04\\\/coronaviruspampa2020-9999.jpg\",\"keywords\":[\"coronavirus\",\"pandemia\"],\"articleSection\":[\"A - QUE PASA (al costado)\",\"SOCIEDAD\"],\"inLanguage\":\"es\"},{\"@type\":\"WebPage\",\"@id\":\"https:\\\/\\\/diariotextual.com\\\/inicio\\\/index.php\\\/2020\\\/04\\\/23\\\/coronavirus-la-pampa-ya-se-recuperaron-los-cinco-pacientes\\\/\",\"url\":\"https:\\\/\\\/diariotextual.com\\\/inicio\\\/index.php\\\/2020\\\/04\\\/23\\\/coronavirus-la-pampa-ya-se-recuperaron-los-cinco-pacientes\\\/\",\"name\":\"Ya se recuperaron los cinco pampeanos que ten\u00edan coronavirus - Diario Textual\",\"isPartOf\":{\"@id\":\"https:\\\/\\\/diariotextual.com\\\/inicio\\\/#website\"},\"primaryImageOfPage\":{\"@id\":\"https:\\\/\\\/diariotextual.com\\\/inicio\\\/index.php\\\/2020\\\/04\\\/23\\\/coronavirus-la-pampa-ya-se-recuperaron-los-cinco-pacientes\\\/#primaryimage\"},\"image\":{\"@id\":\"https:\\\/\\\/diariotextual.com\\\/inicio\\\/index.php\\\/2020\\\/04\\\/23\\\/coronavirus-la-pampa-ya-se-recuperaron-los-cinco-pacientes\\\/#primaryimage\"},\"thumbnailUrl\":\"https:\\\/\\\/diariotextual.com\\\/inicio\\\/wp-content\\\/uploads\\\/2020\\\/04\\\/coronaviruspampa2020-9999.jpg\",\"datePublished\":\"2020-04-23T22:47:55+00:00\",\"dateModified\":\"2020-04-24T12:21:03+00:00\",\"breadcrumb\":{\"@id\":\"https:\\\/\\\/diariotextual.com\\\/inicio\\\/index.php\\\/2020\\\/04\\\/23\\\/coronavirus-la-pampa-ya-se-recuperaron-los-cinco-pacientes\\\/#breadcrumb\"},\"inLanguage\":\"es\",\"potentialAction\":[{\"@type\":\"ReadAction\",\"target\":[\"https:\\\/\\\/diariotextual.com\\\/inicio\\\/index.php\\\/2020\\\/04\\\/23\\\/coronavirus-la-pampa-ya-se-recuperaron-los-cinco-pacientes\\\/\"]}]},{\"@type\":\"ImageObject\",\"inLanguage\":\"es\",\"@id\":\"https:\\\/\\\/diariotextual.com\\\/inicio\\\/index.php\\\/2020\\\/04\\\/23\\\/coronavirus-la-pampa-ya-se-recuperaron-los-cinco-pacientes\\\/#primaryimage\",\"url\":\"https:\\\/\\\/diariotextual.com\\\/inicio\\\/wp-content\\\/uploads\\\/2020\\\/04\\\/coronaviruspampa2020-9999.jpg\",\"contentUrl\":\"https:\\\/\\\/diariotextual.com\\\/inicio\\\/wp-content\\\/uploads\\\/2020\\\/04\\\/coronaviruspampa2020-9999.jpg\",\"width\":934,\"height\":623},{\"@type\":\"BreadcrumbList\",\"@id\":\"https:\\\/\\\/diariotextual.com\\\/inicio\\\/index.php\\\/2020\\\/04\\\/23\\\/coronavirus-la-pampa-ya-se-recuperaron-los-cinco-pacientes\\\/#breadcrumb\",\"itemListElement\":[{\"@type\":\"ListItem\",\"position\":1,\"name\":\"Portada\",\"item\":\"https:\\\/\\\/diariotextual.com\\\/inicio\\\/\"},{\"@type\":\"ListItem\",\"position\":2,\"name\":\"Ya se recuperaron los cinco pampeanos que ten\u00edan coronavirus\"}]},{\"@type\":\"WebSite\",\"@id\":\"https:\\\/\\\/diariotextual.com\\\/inicio\\\/#website\",\"url\":\"https:\\\/\\\/diariotextual.com\\\/inicio\\\/\",\"name\":\"Diario Textual\",\"description\":\"\",\"publisher\":{\"@id\":\"https:\\\/\\\/diariotextual.com\\\/inicio\\\/#organization\"},\"potentialAction\":[{\"@type\":\"SearchAction\",\"target\":{\"@type\":\"EntryPoint\",\"urlTemplate\":\"https:\\\/\\\/diariotextual.com\\\/inicio\\\/?s={search_term_string}\"},\"query-input\":{\"@type\":\"PropertyValueSpecification\",\"valueRequired\":true,\"valueName\":\"search_term_string\"}}],\"inLanguage\":\"es\"},{\"@type\":\"Organization\",\"@id\":\"https:\\\/\\\/diariotextual.com\\\/inicio\\\/#organization\",\"name\":\"Diario Textual\",\"url\":\"https:\\\/\\\/diariotextual.com\\\/inicio\\\/\",\"logo\":{\"@type\":\"ImageObject\",\"inLanguage\":\"es\",\"@id\":\"https:\\\/\\\/diariotextual.com\\\/inicio\\\/#\\\/schema\\\/logo\\\/image\\\/\",\"url\":\"https:\\\/\\\/diariotextual.com\\\/inicio\\\/wp-content\\\/uploads\\\/2023\\\/05\\\/logotextual1.jpg\",\"contentUrl\":\"https:\\\/\\\/diariotextual.com\\\/inicio\\\/wp-content\\\/uploads\\\/2023\\\/05\\\/logotextual1.jpg\",\"width\":516,\"height\":76,\"caption\":\"Diario Textual\"},\"image\":{\"@id\":\"https:\\\/\\\/diariotextual.com\\\/inicio\\\/#\\\/schema\\\/logo\\\/image\\\/\"},\"sameAs\":[\"https:\\\/\\\/www.facebook.com\\\/eltextual\",\"https:\\\/\\\/x.com\\\/eltextual\",\"http:\\\/\\\/www.instagram.com\\\/eltextual\"]},{\"@type\":\"Person\",\"@id\":\"https:\\\/\\\/diariotextual.com\\\/inicio\\\/#\\\/schema\\\/person\\\/694f60677f23c4a530867a98f22b3768\",\"name\":\"diario2\",\"image\":{\"@type\":\"ImageObject\",\"inLanguage\":\"es\",\"@id\":\"https:\\\/\\\/secure.gravatar.com\\\/avatar\\\/5a2567495ba16b852fcd8f1ed006a2e24fcace936018ed8237e95f488ad6e0a7?s=96&d=mm&r=g\",\"url\":\"https:\\\/\\\/secure.gravatar.com\\\/avatar\\\/5a2567495ba16b852fcd8f1ed006a2e24fcace936018ed8237e95f488ad6e0a7?s=96&d=mm&r=g\",\"contentUrl\":\"https:\\\/\\\/secure.gravatar.com\\\/avatar\\\/5a2567495ba16b852fcd8f1ed006a2e24fcace936018ed8237e95f488ad6e0a7?s=96&d=mm&r=g\",\"caption\":\"diario2\"},\"url\":\"https:\\\/\\\/diariotextual.com\\\/inicio\\\/index.php\\\/author\\\/diario2\\\/\"}]}<\/script>\n<!-- \/ Yoast SEO plugin. -->","yoast_head_json":{"title":"Ya se recuperaron los cinco pampeanos que ten\u00edan coronavirus - Diario Textual","robots":{"index":"index","follow":"follow","max-snippet":"max-snippet:-1","max-image-preview":"max-image-preview:large","max-video-preview":"max-video-preview:-1"},"canonical":"https:\/\/diariotextual.com\/inicio\/index.php\/2020\/04\/23\/coronavirus-la-pampa-ya-se-recuperaron-los-cinco-pacientes\/","og_locale":"es_ES","og_type":"article","og_title":"Ya se recuperaron los cinco pampeanos que ten\u00edan coronavirus - Diario Textual","og_description":"El Ministerio de Salud de la provincia inform\u00f3 que ya se recuperaron las cinco personas que hab\u00edan dado positivo de coronavirus Covid-19 en nuestra provincia. De esta manera, ya no&hellip;","og_url":"https:\/\/diariotextual.com\/inicio\/index.php\/2020\/04\/23\/coronavirus-la-pampa-ya-se-recuperaron-los-cinco-pacientes\/","og_site_name":"Diario Textual","article_publisher":"https:\/\/www.facebook.com\/eltextual","article_published_time":"2020-04-23T22:47:55+00:00","article_modified_time":"2020-04-24T12:21:03+00:00","og_image":[{"width":934,"height":623,"url":"https:\/\/diariotextual.com\/inicio\/wp-content\/uploads\/2020\/04\/coronaviruspampa2020-9999.jpg","type":"image\/jpeg"}],"author":"diario2","twitter_card":"summary_large_image","twitter_creator":"@eltextual","twitter_site":"@eltextual","twitter_misc":{"Escrito por":"diario2","Tiempo de lectura":"1 minuto"},"schema":{"@context":"https:\/\/schema.org","@graph":[{"@type":"Article","@id":"https:\/\/diariotextual.com\/inicio\/index.php\/2020\/04\/23\/coronavirus-la-pampa-ya-se-recuperaron-los-cinco-pacientes\/#article","isPartOf":{"@id":"https:\/\/diariotextual.com\/inicio\/index.php\/2020\/04\/23\/coronavirus-la-pampa-ya-se-recuperaron-los-cinco-pacientes\/"},"author":{"name":"diario2","@id":"https:\/\/diariotextual.com\/inicio\/#\/schema\/person\/694f60677f23c4a530867a98f22b3768"},"headline":"Ya se recuperaron los cinco pampeanos que ten\u00edan coronavirus","datePublished":"2020-04-23T22:47:55+00:00","dateModified":"2020-04-24T12:21:03+00:00","mainEntityOfPage":{"@id":"https:\/\/diariotextual.com\/inicio\/index.php\/2020\/04\/23\/coronavirus-la-pampa-ya-se-recuperaron-los-cinco-pacientes\/"},"wordCount":257,"publisher":{"@id":"https:\/\/diariotextual.com\/inicio\/#organization"},"image":{"@id":"https:\/\/diariotextual.com\/inicio\/index.php\/2020\/04\/23\/coronavirus-la-pampa-ya-se-recuperaron-los-cinco-pacientes\/#primaryimage"},"thumbnailUrl":"https:\/\/diariotextual.com\/inicio\/wp-content\/uploads\/2020\/04\/coronaviruspampa2020-9999.jpg","keywords":["coronavirus","pandemia"],"articleSection":["A - QUE PASA (al costado)","SOCIEDAD"],"inLanguage":"es"},{"@type":"WebPage","@id":"https:\/\/diariotextual.com\/inicio\/index.php\/2020\/04\/23\/coronavirus-la-pampa-ya-se-recuperaron-los-cinco-pacientes\/","url":"https:\/\/diariotextual.com\/inicio\/index.php\/2020\/04\/23\/coronavirus-la-pampa-ya-se-recuperaron-los-cinco-pacientes\/","name":"Ya se recuperaron los cinco pampeanos que ten\u00edan coronavirus - Diario Textual","isPartOf":{"@id":"https:\/\/diariotextual.com\/inicio\/#website"},"primaryImageOfPage":{"@id":"https:\/\/diariotextual.com\/inicio\/index.php\/2020\/04\/23\/coronavirus-la-pampa-ya-se-recuperaron-los-cinco-pacientes\/#primaryimage"},"image":{"@id":"https:\/\/diariotextual.com\/inicio\/index.php\/2020\/04\/23\/coronavirus-la-pampa-ya-se-recuperaron-los-cinco-pacientes\/#primaryimage"},"thumbnailUrl":"https:\/\/diariotextual.com\/inicio\/wp-content\/uploads\/2020\/04\/coronaviruspampa2020-9999.jpg","datePublished":"2020-04-23T22:47:55+00:00","dateModified":"2020-04-24T12:21:03+00:00","breadcrumb":{"@id":"https:\/\/diariotextual.com\/inicio\/index.php\/2020\/04\/23\/coronavirus-la-pampa-ya-se-recuperaron-los-cinco-pacientes\/#breadcrumb"},"inLanguage":"es","potentialAction":[{"@type":"ReadAction","target":["https:\/\/diariotextual.com\/inicio\/index.php\/2020\/04\/23\/coronavirus-la-pampa-ya-se-recuperaron-los-cinco-pacientes\/"]}]},{"@type":"ImageObject","inLanguage":"es","@id":"https:\/\/diariotextual.com\/inicio\/index.php\/2020\/04\/23\/coronavirus-la-pampa-ya-se-recuperaron-los-cinco-pacientes\/#primaryimage","url":"https:\/\/diariotextual.com\/inicio\/wp-content\/uploads\/2020\/04\/coronaviruspampa2020-9999.jpg","contentUrl":"https:\/\/diariotextual.com\/inicio\/wp-content\/uploads\/2020\/04\/coronaviruspampa2020-9999.jpg","width":934,"height":623},{"@type":"BreadcrumbList","@id":"https:\/\/diariotextual.com\/inicio\/index.php\/2020\/04\/23\/coronavirus-la-pampa-ya-se-recuperaron-los-cinco-pacientes\/#breadcrumb","itemListElement":[{"@type":"ListItem","position":1,"name":"Portada","item":"https:\/\/diariotextual.com\/inicio\/"},{"@type":"ListItem","position":2,"name":"Ya se recuperaron los cinco pampeanos que ten\u00edan coronavirus"}]},{"@type":"WebSite","@id":"https:\/\/diariotextual.com\/inicio\/#website","url":"https:\/\/diariotextual.com\/inicio\/","name":"Diario Textual","description":"","publisher":{"@id":"https:\/\/diariotextual.com\/inicio\/#organization"},"potentialAction":[{"@type":"SearchAction","target":{"@type":"EntryPoint","urlTemplate":"https:\/\/diariotextual.com\/inicio\/?s={search_term_string}"},"query-input":{"@type":"PropertyValueSpecification","valueRequired":true,"valueName":"search_term_string"}}],"inLanguage":"es"},{"@type":"Organization","@id":"https:\/\/diariotextual.com\/inicio\/#organization","name":"Diario Textual","url":"https:\/\/diariotextual.com\/inicio\/","logo":{"@type":"ImageObject","inLanguage":"es","@id":"https:\/\/diariotextual.com\/inicio\/#\/schema\/logo\/image\/","url":"https:\/\/diariotextual.com\/inicio\/wp-content\/uploads\/2023\/05\/logotextual1.jpg","contentUrl":"https:\/\/diariotextual.com\/inicio\/wp-content\/uploads\/2023\/05\/logotextual1.jpg","width":516,"height":76,"caption":"Diario Textual"},"image":{"@id":"https:\/\/diariotextual.com\/inicio\/#\/schema\/logo\/image\/"},"sameAs":["https:\/\/www.facebook.com\/eltextual","https:\/\/x.com\/eltextual","http:\/\/www.instagram.com\/eltextual"]},{"@type":"Person","@id":"https:\/\/diariotextual.com\/inicio\/#\/schema\/person\/694f60677f23c4a530867a98f22b3768","name":"diario2","image":{"@type":"ImageObject","inLanguage":"es","@id":"https:\/\/secure.gravatar.com\/avatar\/5a2567495ba16b852fcd8f1ed006a2e24fcace936018ed8237e95f488ad6e0a7?s=96&d=mm&r=g","url":"https:\/\/secure.gravatar.com\/avatar\/5a2567495ba16b852fcd8f1ed006a2e24fcace936018ed8237e95f488ad6e0a7?s=96&d=mm&r=g","contentUrl":"https:\/\/secure.gravatar.com\/avatar\/5a2567495ba16b852fcd8f1ed006a2e24fcace936018ed8237e95f488ad6e0a7?s=96&d=mm&r=g","caption":"diario2"},"url":"https:\/\/diariotextual.com\/inicio\/index.php\/author\/diario2\/"}]}},"_links":{"self":[{"href":"https:\/\/diariotextual.com\/inicio\/index.php\/wp-json\/wp\/v2\/posts\/90611","targetHints":{"allow":["GET"]}}],"collection":[{"href":"https:\/\/diariotextual.com\/inicio\/index.php\/wp-json\/wp\/v2\/posts"}],"about":[{"href":"https:\/\/diariotextual.com\/inicio\/index.php\/wp-json\/wp\/v2\/types\/post"}],"author":[{"embeddable":true,"href":"https:\/\/diariotextual.com\/inicio\/index.php\/wp-json\/wp\/v2\/users\/4"}],"replies":[{"embeddable":true,"href":"https:\/\/diariotextual.com\/inicio\/index.php\/wp-json\/wp\/v2\/comments?post=90611"}],"version-history":[{"count":6,"href":"https:\/\/diariotextual.com\/inicio\/index.php\/wp-json\/wp\/v2\/posts\/90611\/revisions"}],"predecessor-version":[{"id":90619,"href":"https:\/\/diariotextual.com\/inicio\/index.php\/wp-json\/wp\/v2\/posts\/90611\/revisions\/90619"}],"wp:featuredmedia":[{"embeddable":true,"href":"https:\/\/diariotextual.com\/inicio\/index.php\/wp-json\/wp\/v2\/media\/88202"}],"wp:attachment":[{"href":"https:\/\/diariotextual.com\/inicio\/index.php\/wp-json\/wp\/v2\/media?parent=90611"}],"wp:term":[{"taxonomy":"category","embeddable":true,"href":"https:\/\/diariotextual.com\/inicio\/index.php\/wp-json\/wp\/v2\/categories?post=90611"},{"taxonomy":"post_tag","embeddable":true,"href":"https:\/\/diariotextual.com\/inicio\/index.php\/wp-json\/wp\/v2\/tags?post=90611"}],"curies":[{"name":"wp","href":"https:\/\/api.w.org\/{rel}","templated":true}]}}