{"id":91057,"date":"2020-04-26T21:09:34","date_gmt":"2020-04-27T00:09:34","guid":{"rendered":"http:\/\/diariotextual.com\/inicio\/?p=91057"},"modified":"2020-04-26T21:09:34","modified_gmt":"2020-04-27T00:09:34","slug":"rojas-zanoli-presentan-proyecto-adelanto-fondos-la-ley-descentralizacion","status":"publish","type":"post","link":"https:\/\/diariotextual.com\/inicio\/index.php\/2020\/04\/26\/rojas-zanoli-presentan-proyecto-adelanto-fondos-la-ley-descentralizacion\/","title":{"rendered":"Rojas y Zanoli presentan proyecto sobre el adelanto de fondos de la Ley de Descentralizaci\u00f3n"},"content":{"rendered":"<p>Los diputados provinciales <strong>Ariel Rojas<\/strong> y <strong>Oscar Zanoli\u00a0<\/strong>\u00a0(Frente Justicialista Pampeano,\u00a0 del PJ) pidieron, a trav\u00e9s de un proyecto de ley que presentaron en la Legislatura,\u00a0que el Gobierno de La Pampa adelante los fondos\u00a0 para los cr\u00e9ditos de Desarrollo Productivo y de Econom\u00eda Social.<\/p>\n<p>Con la flexibilizaci\u00f3n de la cuarentena a la vuelta la esquina y de cara al rumbo que tomar\u00e1 la provincia, los legisladores justicialistas elaboraron un plan de trabajo que apunta a sumarse a la bater\u00eda de beneficios que se vienen dando a conocer para sostener el entramado social y la econom\u00eda de las localidades.<\/p>\n<p>En ese marco, recordaron, la semana pasada el Gobierno provincial anunci\u00f3 beneficios para los peque\u00f1os contribuyentes que tributen el impuesto a los Ingresos Brutos y aument\u00f3 la al\u00edcuota del impuesto de ingresos brutos a los bancos privados.<\/p>\n<p>\u00abEl proyecto apunta a que con estos cap\u00edtulos, sean los intendentes, concejales y concejeros, quienes decidan a que emprendedor y vecino llegar con este fondo y hacer m\u00e1s eficiente su ejecuci\u00f3n\u00bb, dijo Rojas.<\/p>\n<p>De esta manera se revierte la metodolog\u00eda implementada en a\u00f1os anteriores, en donde se avanzaba con los pedidos desde cada localidad, luego pasaba al Consejo de Evaluaci\u00f3n Provincial y, una vez aprobado, regresaba para ser entregado a los solicitantes sobre fin de a\u00f1o. En esta oportunidad, se intenta que, como los fondos ya est\u00e1n considerados en la mec\u00e1nica provincial, sean girados con inmediatez a las intendencias para su resoluci\u00f3n y otorgamiento.<\/p>\n<p>\u201cHemos elaborado junto con Oscar Zanoli un proyecto que tiene por objetivo solicitarle al Poder Ejecutivo Provincial la posibilidad de que los fondos de los cap\u00edtulos de Desarrollo Productivo y de Econom\u00eda Social de la Ley de Descentralizaci\u00f3n que est\u00e1n previstos para el Ejercicio 2020, sean puestos a disposici\u00f3n de manera inmediata a los municipios\u201d, explic\u00f3 Rojas.<\/p>\n<p>\u201cCreemos que lograr\u00edamos que tengan una herramienta m\u00e1s para poder asistir a aquellos peque\u00f1os emprendedores de la econom\u00eda informal y a aquellos formalizados que tienen las dificultades que presentan todos, de atravesar esta situaci\u00f3n y que les sirva para poder salir adelante\u201d, argument\u00f3.<\/p>\n<p>El ex intendente toayense sostuvo que esta idea ya fue transmitida al bloque. \u201cY en la \u00faltima reuni\u00f3n de trabajo, m\u00e1s all\u00e1 de las dificultades t\u00e9cnicas, el gobernador mostr\u00f3 su predisposici\u00f3n para con esto y con todos los proyectos que podamos poner en marcha y al alcance de los pampeanos para paliar esta situaci\u00f3n\u201d, dijo.<\/p>\n<p>\u201cEs la oportunidad que tenemos de que desde esta Ley de Descentralizaci\u00f3n, que ya tiene m\u00e1s de 12 a\u00f1os en nuestra provincia de ejecuci\u00f3n y cuyo objetivo era descentralizar fondos a trav\u00e9s de los municipios. Entendemos que hoy m\u00e1s que nunca pueden servir, no tanto para dinamizar sino para sostener a los ya existentes\u201d, dijo.<\/p>\n<p>&nbsp;<\/p>\n<p>&nbsp;<\/p>\n<p>&nbsp;<\/p>\n","protected":false},"excerpt":{"rendered":"<p>Los diputados provinciales Ariel Rojas y Oscar Zanoli\u00a0\u00a0(Frente Justicialista Pampeano,\u00a0 del PJ) pidieron, a trav\u00e9s de un proyecto de ley que presentaron en la Legislatura,\u00a0que el Gobierno de La Pampa&hellip;<\/p>\n","protected":false},"author":3,"featured_media":32975,"comment_status":"closed","ping_status":"open","sticky":false,"template":"","format":"standard","meta":{"_acf_changed":false,"footnotes":""},"categories":[1,11,5],"tags":[],"class_list":["post-91057","post","type-post","status-publish","format-standard","has-post-thumbnail","hentry","category-es-noticia","category-que-pasa","category-economia"],"acf":[],"yoast_head":"<!-- This site is optimized with the Yoast SEO plugin v27.5 - https:\/\/yoast.com\/product\/yoast-seo-wordpress\/ -->\n<title>Rojas y Zanoli presentan proyecto sobre el adelanto de fondos de la Ley de Descentralizaci\u00f3n - Diario Textual<\/title>\n<meta name=\"robots\" content=\"index, follow, max-snippet:-1, max-image-preview:large, max-video-preview:-1\" \/>\n<link rel=\"canonical\" href=\"https:\/\/diariotextual.com\/inicio\/index.php\/2020\/04\/26\/rojas-zanoli-presentan-proyecto-adelanto-fondos-la-ley-descentralizacion\/\" \/>\n<meta property=\"og:locale\" content=\"es_ES\" \/>\n<meta property=\"og:type\" content=\"article\" \/>\n<meta property=\"og:title\" content=\"Rojas y Zanoli presentan proyecto sobre el adelanto de fondos de la Ley de Descentralizaci\u00f3n - Diario Textual\" \/>\n<meta property=\"og:description\" content=\"Los diputados provinciales Ariel Rojas y Oscar Zanoli\u00a0\u00a0(Frente Justicialista Pampeano,\u00a0 del PJ) pidieron, a trav\u00e9s de un proyecto de ley que presentaron en la Legislatura,\u00a0que el Gobierno de La Pampa&hellip;\" \/>\n<meta property=\"og:url\" content=\"https:\/\/diariotextual.com\/inicio\/index.php\/2020\/04\/26\/rojas-zanoli-presentan-proyecto-adelanto-fondos-la-ley-descentralizacion\/\" \/>\n<meta property=\"og:site_name\" content=\"Diario Textual\" \/>\n<meta property=\"article:publisher\" content=\"https:\/\/www.facebook.com\/eltextual\" \/>\n<meta property=\"article:published_time\" content=\"2020-04-27T00:09:34+00:00\" \/>\n<meta property=\"og:image\" content=\"https:\/\/diariotextual.com\/inicio\/wp-content\/uploads\/2019\/01\/diputadoslegislaturafrente1111.jpg\" \/>\n\t<meta property=\"og:image:width\" content=\"1945\" \/>\n\t<meta property=\"og:image:height\" content=\"1210\" \/>\n\t<meta property=\"og:image:type\" content=\"image\/jpeg\" \/>\n<meta name=\"author\" content=\"Diario1 Diario1\" \/>\n<meta name=\"twitter:card\" content=\"summary_large_image\" \/>\n<meta name=\"twitter:creator\" content=\"@eltextual\" \/>\n<meta name=\"twitter:site\" content=\"@eltextual\" \/>\n<meta name=\"twitter:label1\" content=\"Escrito por\" \/>\n\t<meta name=\"twitter:data1\" content=\"Diario1 Diario1\" \/>\n\t<meta name=\"twitter:label2\" content=\"Tiempo de lectura\" \/>\n\t<meta name=\"twitter:data2\" content=\"2 minutos\" \/>\n<script type=\"application\/ld+json\" class=\"yoast-schema-graph\">{\"@context\":\"https:\\\/\\\/schema.org\",\"@graph\":[{\"@type\":\"Article\",\"@id\":\"https:\\\/\\\/diariotextual.com\\\/inicio\\\/index.php\\\/2020\\\/04\\\/26\\\/rojas-zanoli-presentan-proyecto-adelanto-fondos-la-ley-descentralizacion\\\/#article\",\"isPartOf\":{\"@id\":\"https:\\\/\\\/diariotextual.com\\\/inicio\\\/index.php\\\/2020\\\/04\\\/26\\\/rojas-zanoli-presentan-proyecto-adelanto-fondos-la-ley-descentralizacion\\\/\"},\"author\":{\"name\":\"Diario1 Diario1\",\"@id\":\"https:\\\/\\\/diariotextual.com\\\/inicio\\\/#\\\/schema\\\/person\\\/418fc4093c33e86ed41562db3508f958\"},\"headline\":\"Rojas y Zanoli presentan proyecto sobre el adelanto de fondos de la Ley de Descentralizaci\u00f3n\",\"datePublished\":\"2020-04-27T00:09:34+00:00\",\"mainEntityOfPage\":{\"@id\":\"https:\\\/\\\/diariotextual.com\\\/inicio\\\/index.php\\\/2020\\\/04\\\/26\\\/rojas-zanoli-presentan-proyecto-adelanto-fondos-la-ley-descentralizacion\\\/\"},\"wordCount\":506,\"publisher\":{\"@id\":\"https:\\\/\\\/diariotextual.com\\\/inicio\\\/#organization\"},\"image\":{\"@id\":\"https:\\\/\\\/diariotextual.com\\\/inicio\\\/index.php\\\/2020\\\/04\\\/26\\\/rojas-zanoli-presentan-proyecto-adelanto-fondos-la-ley-descentralizacion\\\/#primaryimage\"},\"thumbnailUrl\":\"https:\\\/\\\/diariotextual.com\\\/inicio\\\/wp-content\\\/uploads\\\/2019\\\/01\\\/diputadoslegislaturafrente1111.jpg\",\"articleSection\":[\"A - ES NOTICIA (van abajo)\",\"A - QUE PASA (al costado)\",\"ECONOMIA\"],\"inLanguage\":\"es\"},{\"@type\":\"WebPage\",\"@id\":\"https:\\\/\\\/diariotextual.com\\\/inicio\\\/index.php\\\/2020\\\/04\\\/26\\\/rojas-zanoli-presentan-proyecto-adelanto-fondos-la-ley-descentralizacion\\\/\",\"url\":\"https:\\\/\\\/diariotextual.com\\\/inicio\\\/index.php\\\/2020\\\/04\\\/26\\\/rojas-zanoli-presentan-proyecto-adelanto-fondos-la-ley-descentralizacion\\\/\",\"name\":\"Rojas y Zanoli presentan proyecto sobre el adelanto de fondos de la Ley de Descentralizaci\u00f3n - Diario Textual\",\"isPartOf\":{\"@id\":\"https:\\\/\\\/diariotextual.com\\\/inicio\\\/#website\"},\"primaryImageOfPage\":{\"@id\":\"https:\\\/\\\/diariotextual.com\\\/inicio\\\/index.php\\\/2020\\\/04\\\/26\\\/rojas-zanoli-presentan-proyecto-adelanto-fondos-la-ley-descentralizacion\\\/#primaryimage\"},\"image\":{\"@id\":\"https:\\\/\\\/diariotextual.com\\\/inicio\\\/index.php\\\/2020\\\/04\\\/26\\\/rojas-zanoli-presentan-proyecto-adelanto-fondos-la-ley-descentralizacion\\\/#primaryimage\"},\"thumbnailUrl\":\"https:\\\/\\\/diariotextual.com\\\/inicio\\\/wp-content\\\/uploads\\\/2019\\\/01\\\/diputadoslegislaturafrente1111.jpg\",\"datePublished\":\"2020-04-27T00:09:34+00:00\",\"breadcrumb\":{\"@id\":\"https:\\\/\\\/diariotextual.com\\\/inicio\\\/index.php\\\/2020\\\/04\\\/26\\\/rojas-zanoli-presentan-proyecto-adelanto-fondos-la-ley-descentralizacion\\\/#breadcrumb\"},\"inLanguage\":\"es\",\"potentialAction\":[{\"@type\":\"ReadAction\",\"target\":[\"https:\\\/\\\/diariotextual.com\\\/inicio\\\/index.php\\\/2020\\\/04\\\/26\\\/rojas-zanoli-presentan-proyecto-adelanto-fondos-la-ley-descentralizacion\\\/\"]}]},{\"@type\":\"ImageObject\",\"inLanguage\":\"es\",\"@id\":\"https:\\\/\\\/diariotextual.com\\\/inicio\\\/index.php\\\/2020\\\/04\\\/26\\\/rojas-zanoli-presentan-proyecto-adelanto-fondos-la-ley-descentralizacion\\\/#primaryimage\",\"url\":\"https:\\\/\\\/diariotextual.com\\\/inicio\\\/wp-content\\\/uploads\\\/2019\\\/01\\\/diputadoslegislaturafrente1111.jpg\",\"contentUrl\":\"https:\\\/\\\/diariotextual.com\\\/inicio\\\/wp-content\\\/uploads\\\/2019\\\/01\\\/diputadoslegislaturafrente1111.jpg\",\"width\":1945,\"height\":1210},{\"@type\":\"BreadcrumbList\",\"@id\":\"https:\\\/\\\/diariotextual.com\\\/inicio\\\/index.php\\\/2020\\\/04\\\/26\\\/rojas-zanoli-presentan-proyecto-adelanto-fondos-la-ley-descentralizacion\\\/#breadcrumb\",\"itemListElement\":[{\"@type\":\"ListItem\",\"position\":1,\"name\":\"Portada\",\"item\":\"https:\\\/\\\/diariotextual.com\\\/inicio\\\/\"},{\"@type\":\"ListItem\",\"position\":2,\"name\":\"Rojas y Zanoli presentan proyecto sobre el adelanto de fondos de la Ley de Descentralizaci\u00f3n\"}]},{\"@type\":\"WebSite\",\"@id\":\"https:\\\/\\\/diariotextual.com\\\/inicio\\\/#website\",\"url\":\"https:\\\/\\\/diariotextual.com\\\/inicio\\\/\",\"name\":\"Diario Textual\",\"description\":\"\",\"publisher\":{\"@id\":\"https:\\\/\\\/diariotextual.com\\\/inicio\\\/#organization\"},\"potentialAction\":[{\"@type\":\"SearchAction\",\"target\":{\"@type\":\"EntryPoint\",\"urlTemplate\":\"https:\\\/\\\/diariotextual.com\\\/inicio\\\/?s={search_term_string}\"},\"query-input\":{\"@type\":\"PropertyValueSpecification\",\"valueRequired\":true,\"valueName\":\"search_term_string\"}}],\"inLanguage\":\"es\"},{\"@type\":\"Organization\",\"@id\":\"https:\\\/\\\/diariotextual.com\\\/inicio\\\/#organization\",\"name\":\"Diario Textual\",\"url\":\"https:\\\/\\\/diariotextual.com\\\/inicio\\\/\",\"logo\":{\"@type\":\"ImageObject\",\"inLanguage\":\"es\",\"@id\":\"https:\\\/\\\/diariotextual.com\\\/inicio\\\/#\\\/schema\\\/logo\\\/image\\\/\",\"url\":\"https:\\\/\\\/diariotextual.com\\\/inicio\\\/wp-content\\\/uploads\\\/2023\\\/05\\\/logotextual1.jpg\",\"contentUrl\":\"https:\\\/\\\/diariotextual.com\\\/inicio\\\/wp-content\\\/uploads\\\/2023\\\/05\\\/logotextual1.jpg\",\"width\":516,\"height\":76,\"caption\":\"Diario Textual\"},\"image\":{\"@id\":\"https:\\\/\\\/diariotextual.com\\\/inicio\\\/#\\\/schema\\\/logo\\\/image\\\/\"},\"sameAs\":[\"https:\\\/\\\/www.facebook.com\\\/eltextual\",\"https:\\\/\\\/x.com\\\/eltextual\",\"http:\\\/\\\/www.instagram.com\\\/eltextual\"]},{\"@type\":\"Person\",\"@id\":\"https:\\\/\\\/diariotextual.com\\\/inicio\\\/#\\\/schema\\\/person\\\/418fc4093c33e86ed41562db3508f958\",\"name\":\"Diario1 Diario1\",\"image\":{\"@type\":\"ImageObject\",\"inLanguage\":\"es\",\"@id\":\"https:\\\/\\\/secure.gravatar.com\\\/avatar\\\/9167d280179c85bc18be67aa7eda765854300033af4896dd779b608640f2ef7a?s=96&d=mm&r=g\",\"url\":\"https:\\\/\\\/secure.gravatar.com\\\/avatar\\\/9167d280179c85bc18be67aa7eda765854300033af4896dd779b608640f2ef7a?s=96&d=mm&r=g\",\"contentUrl\":\"https:\\\/\\\/secure.gravatar.com\\\/avatar\\\/9167d280179c85bc18be67aa7eda765854300033af4896dd779b608640f2ef7a?s=96&d=mm&r=g\",\"caption\":\"Diario1 Diario1\"},\"url\":\"https:\\\/\\\/diariotextual.com\\\/inicio\\\/index.php\\\/author\\\/diario1\\\/\"}]}<\/script>\n<!-- \/ Yoast SEO plugin. -->","yoast_head_json":{"title":"Rojas y Zanoli presentan proyecto sobre el adelanto de fondos de la Ley de Descentralizaci\u00f3n - Diario Textual","robots":{"index":"index","follow":"follow","max-snippet":"max-snippet:-1","max-image-preview":"max-image-preview:large","max-video-preview":"max-video-preview:-1"},"canonical":"https:\/\/diariotextual.com\/inicio\/index.php\/2020\/04\/26\/rojas-zanoli-presentan-proyecto-adelanto-fondos-la-ley-descentralizacion\/","og_locale":"es_ES","og_type":"article","og_title":"Rojas y Zanoli presentan proyecto sobre el adelanto de fondos de la Ley de Descentralizaci\u00f3n - Diario Textual","og_description":"Los diputados provinciales Ariel Rojas y Oscar Zanoli\u00a0\u00a0(Frente Justicialista Pampeano,\u00a0 del PJ) pidieron, a trav\u00e9s de un proyecto de ley que presentaron en la Legislatura,\u00a0que el Gobierno de La Pampa&hellip;","og_url":"https:\/\/diariotextual.com\/inicio\/index.php\/2020\/04\/26\/rojas-zanoli-presentan-proyecto-adelanto-fondos-la-ley-descentralizacion\/","og_site_name":"Diario Textual","article_publisher":"https:\/\/www.facebook.com\/eltextual","article_published_time":"2020-04-27T00:09:34+00:00","og_image":[{"width":1945,"height":1210,"url":"https:\/\/diariotextual.com\/inicio\/wp-content\/uploads\/2019\/01\/diputadoslegislaturafrente1111.jpg","type":"image\/jpeg"}],"author":"Diario1 Diario1","twitter_card":"summary_large_image","twitter_creator":"@eltextual","twitter_site":"@eltextual","twitter_misc":{"Escrito por":"Diario1 Diario1","Tiempo de lectura":"2 minutos"},"schema":{"@context":"https:\/\/schema.org","@graph":[{"@type":"Article","@id":"https:\/\/diariotextual.com\/inicio\/index.php\/2020\/04\/26\/rojas-zanoli-presentan-proyecto-adelanto-fondos-la-ley-descentralizacion\/#article","isPartOf":{"@id":"https:\/\/diariotextual.com\/inicio\/index.php\/2020\/04\/26\/rojas-zanoli-presentan-proyecto-adelanto-fondos-la-ley-descentralizacion\/"},"author":{"name":"Diario1 Diario1","@id":"https:\/\/diariotextual.com\/inicio\/#\/schema\/person\/418fc4093c33e86ed41562db3508f958"},"headline":"Rojas y Zanoli presentan proyecto sobre el adelanto de fondos de la Ley de Descentralizaci\u00f3n","datePublished":"2020-04-27T00:09:34+00:00","mainEntityOfPage":{"@id":"https:\/\/diariotextual.com\/inicio\/index.php\/2020\/04\/26\/rojas-zanoli-presentan-proyecto-adelanto-fondos-la-ley-descentralizacion\/"},"wordCount":506,"publisher":{"@id":"https:\/\/diariotextual.com\/inicio\/#organization"},"image":{"@id":"https:\/\/diariotextual.com\/inicio\/index.php\/2020\/04\/26\/rojas-zanoli-presentan-proyecto-adelanto-fondos-la-ley-descentralizacion\/#primaryimage"},"thumbnailUrl":"https:\/\/diariotextual.com\/inicio\/wp-content\/uploads\/2019\/01\/diputadoslegislaturafrente1111.jpg","articleSection":["A - ES NOTICIA (van abajo)","A - QUE PASA (al costado)","ECONOMIA"],"inLanguage":"es"},{"@type":"WebPage","@id":"https:\/\/diariotextual.com\/inicio\/index.php\/2020\/04\/26\/rojas-zanoli-presentan-proyecto-adelanto-fondos-la-ley-descentralizacion\/","url":"https:\/\/diariotextual.com\/inicio\/index.php\/2020\/04\/26\/rojas-zanoli-presentan-proyecto-adelanto-fondos-la-ley-descentralizacion\/","name":"Rojas y Zanoli presentan proyecto sobre el adelanto de fondos de la Ley de Descentralizaci\u00f3n - Diario Textual","isPartOf":{"@id":"https:\/\/diariotextual.com\/inicio\/#website"},"primaryImageOfPage":{"@id":"https:\/\/diariotextual.com\/inicio\/index.php\/2020\/04\/26\/rojas-zanoli-presentan-proyecto-adelanto-fondos-la-ley-descentralizacion\/#primaryimage"},"image":{"@id":"https:\/\/diariotextual.com\/inicio\/index.php\/2020\/04\/26\/rojas-zanoli-presentan-proyecto-adelanto-fondos-la-ley-descentralizacion\/#primaryimage"},"thumbnailUrl":"https:\/\/diariotextual.com\/inicio\/wp-content\/uploads\/2019\/01\/diputadoslegislaturafrente1111.jpg","datePublished":"2020-04-27T00:09:34+00:00","breadcrumb":{"@id":"https:\/\/diariotextual.com\/inicio\/index.php\/2020\/04\/26\/rojas-zanoli-presentan-proyecto-adelanto-fondos-la-ley-descentralizacion\/#breadcrumb"},"inLanguage":"es","potentialAction":[{"@type":"ReadAction","target":["https:\/\/diariotextual.com\/inicio\/index.php\/2020\/04\/26\/rojas-zanoli-presentan-proyecto-adelanto-fondos-la-ley-descentralizacion\/"]}]},{"@type":"ImageObject","inLanguage":"es","@id":"https:\/\/diariotextual.com\/inicio\/index.php\/2020\/04\/26\/rojas-zanoli-presentan-proyecto-adelanto-fondos-la-ley-descentralizacion\/#primaryimage","url":"https:\/\/diariotextual.com\/inicio\/wp-content\/uploads\/2019\/01\/diputadoslegislaturafrente1111.jpg","contentUrl":"https:\/\/diariotextual.com\/inicio\/wp-content\/uploads\/2019\/01\/diputadoslegislaturafrente1111.jpg","width":1945,"height":1210},{"@type":"BreadcrumbList","@id":"https:\/\/diariotextual.com\/inicio\/index.php\/2020\/04\/26\/rojas-zanoli-presentan-proyecto-adelanto-fondos-la-ley-descentralizacion\/#breadcrumb","itemListElement":[{"@type":"ListItem","position":1,"name":"Portada","item":"https:\/\/diariotextual.com\/inicio\/"},{"@type":"ListItem","position":2,"name":"Rojas y Zanoli presentan proyecto sobre el adelanto de fondos de la Ley de Descentralizaci\u00f3n"}]},{"@type":"WebSite","@id":"https:\/\/diariotextual.com\/inicio\/#website","url":"https:\/\/diariotextual.com\/inicio\/","name":"Diario Textual","description":"","publisher":{"@id":"https:\/\/diariotextual.com\/inicio\/#organization"},"potentialAction":[{"@type":"SearchAction","target":{"@type":"EntryPoint","urlTemplate":"https:\/\/diariotextual.com\/inicio\/?s={search_term_string}"},"query-input":{"@type":"PropertyValueSpecification","valueRequired":true,"valueName":"search_term_string"}}],"inLanguage":"es"},{"@type":"Organization","@id":"https:\/\/diariotextual.com\/inicio\/#organization","name":"Diario Textual","url":"https:\/\/diariotextual.com\/inicio\/","logo":{"@type":"ImageObject","inLanguage":"es","@id":"https:\/\/diariotextual.com\/inicio\/#\/schema\/logo\/image\/","url":"https:\/\/diariotextual.com\/inicio\/wp-content\/uploads\/2023\/05\/logotextual1.jpg","contentUrl":"https:\/\/diariotextual.com\/inicio\/wp-content\/uploads\/2023\/05\/logotextual1.jpg","width":516,"height":76,"caption":"Diario Textual"},"image":{"@id":"https:\/\/diariotextual.com\/inicio\/#\/schema\/logo\/image\/"},"sameAs":["https:\/\/www.facebook.com\/eltextual","https:\/\/x.com\/eltextual","http:\/\/www.instagram.com\/eltextual"]},{"@type":"Person","@id":"https:\/\/diariotextual.com\/inicio\/#\/schema\/person\/418fc4093c33e86ed41562db3508f958","name":"Diario1 Diario1","image":{"@type":"ImageObject","inLanguage":"es","@id":"https:\/\/secure.gravatar.com\/avatar\/9167d280179c85bc18be67aa7eda765854300033af4896dd779b608640f2ef7a?s=96&d=mm&r=g","url":"https:\/\/secure.gravatar.com\/avatar\/9167d280179c85bc18be67aa7eda765854300033af4896dd779b608640f2ef7a?s=96&d=mm&r=g","contentUrl":"https:\/\/secure.gravatar.com\/avatar\/9167d280179c85bc18be67aa7eda765854300033af4896dd779b608640f2ef7a?s=96&d=mm&r=g","caption":"Diario1 Diario1"},"url":"https:\/\/diariotextual.com\/inicio\/index.php\/author\/diario1\/"}]}},"_links":{"self":[{"href":"https:\/\/diariotextual.com\/inicio\/index.php\/wp-json\/wp\/v2\/posts\/91057","targetHints":{"allow":["GET"]}}],"collection":[{"href":"https:\/\/diariotextual.com\/inicio\/index.php\/wp-json\/wp\/v2\/posts"}],"about":[{"href":"https:\/\/diariotextual.com\/inicio\/index.php\/wp-json\/wp\/v2\/types\/post"}],"author":[{"embeddable":true,"href":"https:\/\/diariotextual.com\/inicio\/index.php\/wp-json\/wp\/v2\/users\/3"}],"replies":[{"embeddable":true,"href":"https:\/\/diariotextual.com\/inicio\/index.php\/wp-json\/wp\/v2\/comments?post=91057"}],"version-history":[{"count":3,"href":"https:\/\/diariotextual.com\/inicio\/index.php\/wp-json\/wp\/v2\/posts\/91057\/revisions"}],"predecessor-version":[{"id":91062,"href":"https:\/\/diariotextual.com\/inicio\/index.php\/wp-json\/wp\/v2\/posts\/91057\/revisions\/91062"}],"wp:featuredmedia":[{"embeddable":true,"href":"https:\/\/diariotextual.com\/inicio\/index.php\/wp-json\/wp\/v2\/media\/32975"}],"wp:attachment":[{"href":"https:\/\/diariotextual.com\/inicio\/index.php\/wp-json\/wp\/v2\/media?parent=91057"}],"wp:term":[{"taxonomy":"category","embeddable":true,"href":"https:\/\/diariotextual.com\/inicio\/index.php\/wp-json\/wp\/v2\/categories?post=91057"},{"taxonomy":"post_tag","embeddable":true,"href":"https:\/\/diariotextual.com\/inicio\/index.php\/wp-json\/wp\/v2\/tags?post=91057"}],"curies":[{"name":"wp","href":"https:\/\/api.w.org\/{rel}","templated":true}]}}