{"id":91170,"date":"2020-04-27T19:24:15","date_gmt":"2020-04-27T22:24:15","guid":{"rendered":"http:\/\/diariotextual.com\/inicio\/?p=91170"},"modified":"2020-04-27T22:50:17","modified_gmt":"2020-04-28T01:50:17","slug":"la-cgt-la-uia-firmaron-acuerdo-trabajadores-suspendidos-cobren-75-del-sueldo","status":"publish","type":"post","link":"https:\/\/diariotextual.com\/inicio\/index.php\/2020\/04\/27\/la-cgt-la-uia-firmaron-acuerdo-trabajadores-suspendidos-cobren-75-del-sueldo\/","title":{"rendered":"La CGT y la UIA firmaron acuerdo para que trabajadores suspendidos cobren 75% del sueldo"},"content":{"rendered":"<p>Luego de sendas negociaciones en el marco de la cuarentena, <strong>la Confederaci\u00f3n General del Trabajo y la Uni\u00f3n Industrial Argentina firmaron un acuerdo para que los trabajadores suspendidos que no cumplan tareas cobren el 75% de su sueldo<\/strong>. El acuerdo fue elevado al Gobierno Nacional.<\/p>\n<p><!--more--><\/p>\n<p>Se trata de un convenio marco entre la UIA y la CGT que implica que se les va a garantizar el 75% del salario a aquellos trabajadores que sean <strong>suspendidos y que por lo tanto no tengan que cumplir tareas,<\/strong> seg\u00fan inform\u00f3 el canal C5N.<\/p>\n<p>La firma entre el sector gremial y la entidad que conduce Miguel Acevedo tuvo lugar esta tarde y posteriormente el acuerdo fue trasladado al ministro de Desarrollo Productivo, Mat\u00edas Kulfas, y al titular de la cartera de Trabajo, Claudio Moroni, inform\u00f3 \u00c1mbito Financiero.<\/p>\n<p>Antes de llegar finalmente a buen puerto, la negociaci\u00f3n oscil\u00f3 entre las posturas dispares de ambos sectores. Por un lado, <strong>la CGT plante\u00f3 en un primer momento que el salario de un trabajador suspendido se ubique en torno al 80%. Por otro, la UIA pretend\u00eda, que junto al aporte del salario complementario que realizar\u00e1 el Estado, el pago de la mensualidad alcance el 60%.<\/strong><\/p>\n<p>Seg\u00fan hab\u00eda adelantado este medio en la edici\u00f3n de este lunes, <strong>el Ejecutivo adelant\u00f3 que la postura era que prime un valor cercano al 75%.<\/strong><\/p>\n<p>Tal como consign\u00f3 la agencia Noticias Argentinas, todav\u00eda<strong> el Gobierno est\u00e1 esperando el documento firmado para acceder a los detalles del acuerdo.<\/strong> En la pr\u00e1ctica, el mismo implica por un lado un marco que avala las suspensiones y por otro obliga a las empresas a abonar un piso m\u00ednimo del 75% de los salarios a los trabajadores que no cumplan tareas presenciales.<\/p>\n<p>El texto al que accedi\u00f3 este medio lleva las firmas de los secretarios generales de la CGT, H\u00e9ctor Daer y Carlos Acu\u00f1a; del titular de la Uni\u00f3n Obrera Metal\u00fargica, Antonio Calo y el secretario adjunto de la CGT, Andr\u00e9s Rodr\u00edguez. Por el lado de la UIA, rubric\u00f3 el acuerdo su presidente, Miguel Acevedo, y el vice, Daniel Funes de Rioja.<\/p>\n<p>\u201cEl monto que los empleadores deber\u00e1n abonar como prestaci\u00f3n no remunerativa o las asignaciones en dinero que se entreguen en compensaci\u00f3n por suspensiones de la prestaci\u00f3n laboral en este marco no podr\u00e1 ser inferior al 75% del salario neto que le hubiere correspondido al trabajador en caso de haber laborado\u201d, dice el texto del documento firmado este lunes y tambi\u00e9n se agreg\u00f3: \u201cDeber\u00e1n realizarse la totalidad de los aportes y contribuciones por la ley 23660 y 23661 y el pago de la cuota sindical\u201d.<\/p>\n<p>De esta manera,<strong> buscan que aquellos acuerdos firmados entre empleados y empleadores que se encuentren dentro de las condiciones estipuladas &#8211; suspensi\u00f3n con pago del 75% o m\u00e1s &#8211; sean homologados en forma autom\u00e1tica<\/strong>. \u201cSolamente en esas condiciones o cuando se establezca un porcentual mayor, la autoridad de aplicaci\u00f3n homologar\u00e1 en forma autom\u00e1tica los acuerdos que se presenten\u201d, a\u00f1adi\u00f3 el documento.<\/p>\n<p><strong>Fuentes de la central obrera afirmaron a NA que \u00abno es una baja salarial\u00bb,<\/strong> sino que se trata de una \u00abpercepci\u00f3n que cobrar\u00e1n los trabajadores suspendidos, que tiene que ser superior al 75%\u00bb.<\/p>\n<p>Un informe difundido esta semana por el Centro de Econom\u00eda Pol\u00edtica Argentina (CEPA) revel\u00f3 que entre el 15 de marzo y el 15 de abril se vieron afectados m\u00e1s de 300 mil puestos de trabajo.<\/p>\n<p>El relevamiento indic\u00f3 que se produjeron 5.386 cesant\u00edas, 7.223 suspensiones, 3.070 atrasos de pago de salarios, 54.030 reducciones de haberes, 8.480 suspensiones y 231.483 convenios obrero-patronales de baja de ingresos.<\/p>\n","protected":false},"excerpt":{"rendered":"<p>Luego de sendas negociaciones en el marco de la cuarentena, la Confederaci\u00f3n General del Trabajo y la Uni\u00f3n Industrial Argentina firmaron un acuerdo para que los trabajadores suspendidos que no&hellip;<\/p>\n","protected":false},"author":5,"featured_media":75312,"comment_status":"closed","ping_status":"open","sticky":false,"template":"","format":"standard","meta":{"_acf_changed":false,"footnotes":""},"categories":[11,5],"tags":[],"class_list":["post-91170","post","type-post","status-publish","format-standard","has-post-thumbnail","hentry","category-que-pasa","category-economia"],"acf":[],"yoast_head":"<!-- This site is optimized with the Yoast SEO plugin v27.5 - https:\/\/yoast.com\/product\/yoast-seo-wordpress\/ -->\n<title>La CGT y la UIA firmaron acuerdo para que trabajadores suspendidos cobren 75% del sueldo - Diario Textual<\/title>\n<meta name=\"robots\" content=\"index, follow, max-snippet:-1, max-image-preview:large, max-video-preview:-1\" \/>\n<link rel=\"canonical\" href=\"https:\/\/diariotextual.com\/inicio\/index.php\/2020\/04\/27\/la-cgt-la-uia-firmaron-acuerdo-trabajadores-suspendidos-cobren-75-del-sueldo\/\" \/>\n<meta property=\"og:locale\" content=\"es_ES\" \/>\n<meta property=\"og:type\" content=\"article\" \/>\n<meta property=\"og:title\" content=\"La CGT y la UIA firmaron acuerdo para que trabajadores suspendidos cobren 75% del sueldo - Diario Textual\" \/>\n<meta property=\"og:description\" content=\"Luego de sendas negociaciones en el marco de la cuarentena, la Confederaci\u00f3n General del Trabajo y la Uni\u00f3n Industrial Argentina firmaron un acuerdo para que los trabajadores suspendidos que no&hellip;\" \/>\n<meta property=\"og:url\" content=\"https:\/\/diariotextual.com\/inicio\/index.php\/2020\/04\/27\/la-cgt-la-uia-firmaron-acuerdo-trabajadores-suspendidos-cobren-75-del-sueldo\/\" \/>\n<meta property=\"og:site_name\" content=\"Diario Textual\" \/>\n<meta property=\"article:publisher\" content=\"https:\/\/www.facebook.com\/eltextual\" \/>\n<meta property=\"article:published_time\" content=\"2020-04-27T22:24:15+00:00\" \/>\n<meta property=\"article:modified_time\" content=\"2020-04-28T01:50:17+00:00\" \/>\n<meta property=\"og:image\" content=\"https:\/\/diariotextual.com\/inicio\/wp-content\/uploads\/2020\/01\/trabajadoresindustriastelam999999.jpg\" \/>\n\t<meta property=\"og:image:width\" content=\"1048\" \/>\n\t<meta property=\"og:image:height\" content=\"639\" \/>\n\t<meta property=\"og:image:type\" content=\"image\/jpeg\" \/>\n<meta name=\"author\" content=\"diario3\" \/>\n<meta name=\"twitter:card\" content=\"summary_large_image\" \/>\n<meta name=\"twitter:creator\" content=\"@eltextual\" \/>\n<meta name=\"twitter:site\" content=\"@eltextual\" \/>\n<meta name=\"twitter:label1\" content=\"Escrito por\" \/>\n\t<meta name=\"twitter:data1\" content=\"diario3\" \/>\n\t<meta name=\"twitter:label2\" content=\"Tiempo de lectura\" \/>\n\t<meta name=\"twitter:data2\" content=\"3 minutos\" \/>\n<script type=\"application\/ld+json\" class=\"yoast-schema-graph\">{\"@context\":\"https:\\\/\\\/schema.org\",\"@graph\":[{\"@type\":\"Article\",\"@id\":\"https:\\\/\\\/diariotextual.com\\\/inicio\\\/index.php\\\/2020\\\/04\\\/27\\\/la-cgt-la-uia-firmaron-acuerdo-trabajadores-suspendidos-cobren-75-del-sueldo\\\/#article\",\"isPartOf\":{\"@id\":\"https:\\\/\\\/diariotextual.com\\\/inicio\\\/index.php\\\/2020\\\/04\\\/27\\\/la-cgt-la-uia-firmaron-acuerdo-trabajadores-suspendidos-cobren-75-del-sueldo\\\/\"},\"author\":{\"name\":\"diario3\",\"@id\":\"https:\\\/\\\/diariotextual.com\\\/inicio\\\/#\\\/schema\\\/person\\\/a1b6f563e0ee944c60f98119389a4d9f\"},\"headline\":\"La CGT y la UIA firmaron acuerdo para que trabajadores suspendidos cobren 75% del sueldo\",\"datePublished\":\"2020-04-27T22:24:15+00:00\",\"dateModified\":\"2020-04-28T01:50:17+00:00\",\"mainEntityOfPage\":{\"@id\":\"https:\\\/\\\/diariotextual.com\\\/inicio\\\/index.php\\\/2020\\\/04\\\/27\\\/la-cgt-la-uia-firmaron-acuerdo-trabajadores-suspendidos-cobren-75-del-sueldo\\\/\"},\"wordCount\":618,\"publisher\":{\"@id\":\"https:\\\/\\\/diariotextual.com\\\/inicio\\\/#organization\"},\"image\":{\"@id\":\"https:\\\/\\\/diariotextual.com\\\/inicio\\\/index.php\\\/2020\\\/04\\\/27\\\/la-cgt-la-uia-firmaron-acuerdo-trabajadores-suspendidos-cobren-75-del-sueldo\\\/#primaryimage\"},\"thumbnailUrl\":\"https:\\\/\\\/diariotextual.com\\\/inicio\\\/wp-content\\\/uploads\\\/2020\\\/01\\\/trabajadoresindustriastelam999999.jpg\",\"articleSection\":[\"A - QUE PASA (al costado)\",\"ECONOMIA\"],\"inLanguage\":\"es\"},{\"@type\":\"WebPage\",\"@id\":\"https:\\\/\\\/diariotextual.com\\\/inicio\\\/index.php\\\/2020\\\/04\\\/27\\\/la-cgt-la-uia-firmaron-acuerdo-trabajadores-suspendidos-cobren-75-del-sueldo\\\/\",\"url\":\"https:\\\/\\\/diariotextual.com\\\/inicio\\\/index.php\\\/2020\\\/04\\\/27\\\/la-cgt-la-uia-firmaron-acuerdo-trabajadores-suspendidos-cobren-75-del-sueldo\\\/\",\"name\":\"La CGT y la UIA firmaron acuerdo para que trabajadores suspendidos cobren 75% del sueldo - Diario Textual\",\"isPartOf\":{\"@id\":\"https:\\\/\\\/diariotextual.com\\\/inicio\\\/#website\"},\"primaryImageOfPage\":{\"@id\":\"https:\\\/\\\/diariotextual.com\\\/inicio\\\/index.php\\\/2020\\\/04\\\/27\\\/la-cgt-la-uia-firmaron-acuerdo-trabajadores-suspendidos-cobren-75-del-sueldo\\\/#primaryimage\"},\"image\":{\"@id\":\"https:\\\/\\\/diariotextual.com\\\/inicio\\\/index.php\\\/2020\\\/04\\\/27\\\/la-cgt-la-uia-firmaron-acuerdo-trabajadores-suspendidos-cobren-75-del-sueldo\\\/#primaryimage\"},\"thumbnailUrl\":\"https:\\\/\\\/diariotextual.com\\\/inicio\\\/wp-content\\\/uploads\\\/2020\\\/01\\\/trabajadoresindustriastelam999999.jpg\",\"datePublished\":\"2020-04-27T22:24:15+00:00\",\"dateModified\":\"2020-04-28T01:50:17+00:00\",\"breadcrumb\":{\"@id\":\"https:\\\/\\\/diariotextual.com\\\/inicio\\\/index.php\\\/2020\\\/04\\\/27\\\/la-cgt-la-uia-firmaron-acuerdo-trabajadores-suspendidos-cobren-75-del-sueldo\\\/#breadcrumb\"},\"inLanguage\":\"es\",\"potentialAction\":[{\"@type\":\"ReadAction\",\"target\":[\"https:\\\/\\\/diariotextual.com\\\/inicio\\\/index.php\\\/2020\\\/04\\\/27\\\/la-cgt-la-uia-firmaron-acuerdo-trabajadores-suspendidos-cobren-75-del-sueldo\\\/\"]}]},{\"@type\":\"ImageObject\",\"inLanguage\":\"es\",\"@id\":\"https:\\\/\\\/diariotextual.com\\\/inicio\\\/index.php\\\/2020\\\/04\\\/27\\\/la-cgt-la-uia-firmaron-acuerdo-trabajadores-suspendidos-cobren-75-del-sueldo\\\/#primaryimage\",\"url\":\"https:\\\/\\\/diariotextual.com\\\/inicio\\\/wp-content\\\/uploads\\\/2020\\\/01\\\/trabajadoresindustriastelam999999.jpg\",\"contentUrl\":\"https:\\\/\\\/diariotextual.com\\\/inicio\\\/wp-content\\\/uploads\\\/2020\\\/01\\\/trabajadoresindustriastelam999999.jpg\",\"width\":1048,\"height\":639},{\"@type\":\"BreadcrumbList\",\"@id\":\"https:\\\/\\\/diariotextual.com\\\/inicio\\\/index.php\\\/2020\\\/04\\\/27\\\/la-cgt-la-uia-firmaron-acuerdo-trabajadores-suspendidos-cobren-75-del-sueldo\\\/#breadcrumb\",\"itemListElement\":[{\"@type\":\"ListItem\",\"position\":1,\"name\":\"Portada\",\"item\":\"https:\\\/\\\/diariotextual.com\\\/inicio\\\/\"},{\"@type\":\"ListItem\",\"position\":2,\"name\":\"La CGT y la UIA firmaron acuerdo para que trabajadores suspendidos cobren 75% del sueldo\"}]},{\"@type\":\"WebSite\",\"@id\":\"https:\\\/\\\/diariotextual.com\\\/inicio\\\/#website\",\"url\":\"https:\\\/\\\/diariotextual.com\\\/inicio\\\/\",\"name\":\"Diario Textual\",\"description\":\"\",\"publisher\":{\"@id\":\"https:\\\/\\\/diariotextual.com\\\/inicio\\\/#organization\"},\"potentialAction\":[{\"@type\":\"SearchAction\",\"target\":{\"@type\":\"EntryPoint\",\"urlTemplate\":\"https:\\\/\\\/diariotextual.com\\\/inicio\\\/?s={search_term_string}\"},\"query-input\":{\"@type\":\"PropertyValueSpecification\",\"valueRequired\":true,\"valueName\":\"search_term_string\"}}],\"inLanguage\":\"es\"},{\"@type\":\"Organization\",\"@id\":\"https:\\\/\\\/diariotextual.com\\\/inicio\\\/#organization\",\"name\":\"Diario Textual\",\"url\":\"https:\\\/\\\/diariotextual.com\\\/inicio\\\/\",\"logo\":{\"@type\":\"ImageObject\",\"inLanguage\":\"es\",\"@id\":\"https:\\\/\\\/diariotextual.com\\\/inicio\\\/#\\\/schema\\\/logo\\\/image\\\/\",\"url\":\"https:\\\/\\\/diariotextual.com\\\/inicio\\\/wp-content\\\/uploads\\\/2023\\\/05\\\/logotextual1.jpg\",\"contentUrl\":\"https:\\\/\\\/diariotextual.com\\\/inicio\\\/wp-content\\\/uploads\\\/2023\\\/05\\\/logotextual1.jpg\",\"width\":516,\"height\":76,\"caption\":\"Diario Textual\"},\"image\":{\"@id\":\"https:\\\/\\\/diariotextual.com\\\/inicio\\\/#\\\/schema\\\/logo\\\/image\\\/\"},\"sameAs\":[\"https:\\\/\\\/www.facebook.com\\\/eltextual\",\"https:\\\/\\\/x.com\\\/eltextual\",\"http:\\\/\\\/www.instagram.com\\\/eltextual\"]},{\"@type\":\"Person\",\"@id\":\"https:\\\/\\\/diariotextual.com\\\/inicio\\\/#\\\/schema\\\/person\\\/a1b6f563e0ee944c60f98119389a4d9f\",\"name\":\"diario3\",\"image\":{\"@type\":\"ImageObject\",\"inLanguage\":\"es\",\"@id\":\"https:\\\/\\\/secure.gravatar.com\\\/avatar\\\/5e7ee62c82fc04d9dd79d746a390d93c69c43223e5faeeb3ea9461ef752bfc5d?s=96&d=mm&r=g\",\"url\":\"https:\\\/\\\/secure.gravatar.com\\\/avatar\\\/5e7ee62c82fc04d9dd79d746a390d93c69c43223e5faeeb3ea9461ef752bfc5d?s=96&d=mm&r=g\",\"contentUrl\":\"https:\\\/\\\/secure.gravatar.com\\\/avatar\\\/5e7ee62c82fc04d9dd79d746a390d93c69c43223e5faeeb3ea9461ef752bfc5d?s=96&d=mm&r=g\",\"caption\":\"diario3\"},\"url\":\"https:\\\/\\\/diariotextual.com\\\/inicio\\\/index.php\\\/author\\\/diario3\\\/\"}]}<\/script>\n<!-- \/ Yoast SEO plugin. -->","yoast_head_json":{"title":"La CGT y la UIA firmaron acuerdo para que trabajadores suspendidos cobren 75% del sueldo - Diario Textual","robots":{"index":"index","follow":"follow","max-snippet":"max-snippet:-1","max-image-preview":"max-image-preview:large","max-video-preview":"max-video-preview:-1"},"canonical":"https:\/\/diariotextual.com\/inicio\/index.php\/2020\/04\/27\/la-cgt-la-uia-firmaron-acuerdo-trabajadores-suspendidos-cobren-75-del-sueldo\/","og_locale":"es_ES","og_type":"article","og_title":"La CGT y la UIA firmaron acuerdo para que trabajadores suspendidos cobren 75% del sueldo - Diario Textual","og_description":"Luego de sendas negociaciones en el marco de la cuarentena, la Confederaci\u00f3n General del Trabajo y la Uni\u00f3n Industrial Argentina firmaron un acuerdo para que los trabajadores suspendidos que no&hellip;","og_url":"https:\/\/diariotextual.com\/inicio\/index.php\/2020\/04\/27\/la-cgt-la-uia-firmaron-acuerdo-trabajadores-suspendidos-cobren-75-del-sueldo\/","og_site_name":"Diario Textual","article_publisher":"https:\/\/www.facebook.com\/eltextual","article_published_time":"2020-04-27T22:24:15+00:00","article_modified_time":"2020-04-28T01:50:17+00:00","og_image":[{"width":1048,"height":639,"url":"https:\/\/diariotextual.com\/inicio\/wp-content\/uploads\/2020\/01\/trabajadoresindustriastelam999999.jpg","type":"image\/jpeg"}],"author":"diario3","twitter_card":"summary_large_image","twitter_creator":"@eltextual","twitter_site":"@eltextual","twitter_misc":{"Escrito por":"diario3","Tiempo de lectura":"3 minutos"},"schema":{"@context":"https:\/\/schema.org","@graph":[{"@type":"Article","@id":"https:\/\/diariotextual.com\/inicio\/index.php\/2020\/04\/27\/la-cgt-la-uia-firmaron-acuerdo-trabajadores-suspendidos-cobren-75-del-sueldo\/#article","isPartOf":{"@id":"https:\/\/diariotextual.com\/inicio\/index.php\/2020\/04\/27\/la-cgt-la-uia-firmaron-acuerdo-trabajadores-suspendidos-cobren-75-del-sueldo\/"},"author":{"name":"diario3","@id":"https:\/\/diariotextual.com\/inicio\/#\/schema\/person\/a1b6f563e0ee944c60f98119389a4d9f"},"headline":"La CGT y la UIA firmaron acuerdo para que trabajadores suspendidos cobren 75% del sueldo","datePublished":"2020-04-27T22:24:15+00:00","dateModified":"2020-04-28T01:50:17+00:00","mainEntityOfPage":{"@id":"https:\/\/diariotextual.com\/inicio\/index.php\/2020\/04\/27\/la-cgt-la-uia-firmaron-acuerdo-trabajadores-suspendidos-cobren-75-del-sueldo\/"},"wordCount":618,"publisher":{"@id":"https:\/\/diariotextual.com\/inicio\/#organization"},"image":{"@id":"https:\/\/diariotextual.com\/inicio\/index.php\/2020\/04\/27\/la-cgt-la-uia-firmaron-acuerdo-trabajadores-suspendidos-cobren-75-del-sueldo\/#primaryimage"},"thumbnailUrl":"https:\/\/diariotextual.com\/inicio\/wp-content\/uploads\/2020\/01\/trabajadoresindustriastelam999999.jpg","articleSection":["A - QUE PASA (al costado)","ECONOMIA"],"inLanguage":"es"},{"@type":"WebPage","@id":"https:\/\/diariotextual.com\/inicio\/index.php\/2020\/04\/27\/la-cgt-la-uia-firmaron-acuerdo-trabajadores-suspendidos-cobren-75-del-sueldo\/","url":"https:\/\/diariotextual.com\/inicio\/index.php\/2020\/04\/27\/la-cgt-la-uia-firmaron-acuerdo-trabajadores-suspendidos-cobren-75-del-sueldo\/","name":"La CGT y la UIA firmaron acuerdo para que trabajadores suspendidos cobren 75% del sueldo - Diario Textual","isPartOf":{"@id":"https:\/\/diariotextual.com\/inicio\/#website"},"primaryImageOfPage":{"@id":"https:\/\/diariotextual.com\/inicio\/index.php\/2020\/04\/27\/la-cgt-la-uia-firmaron-acuerdo-trabajadores-suspendidos-cobren-75-del-sueldo\/#primaryimage"},"image":{"@id":"https:\/\/diariotextual.com\/inicio\/index.php\/2020\/04\/27\/la-cgt-la-uia-firmaron-acuerdo-trabajadores-suspendidos-cobren-75-del-sueldo\/#primaryimage"},"thumbnailUrl":"https:\/\/diariotextual.com\/inicio\/wp-content\/uploads\/2020\/01\/trabajadoresindustriastelam999999.jpg","datePublished":"2020-04-27T22:24:15+00:00","dateModified":"2020-04-28T01:50:17+00:00","breadcrumb":{"@id":"https:\/\/diariotextual.com\/inicio\/index.php\/2020\/04\/27\/la-cgt-la-uia-firmaron-acuerdo-trabajadores-suspendidos-cobren-75-del-sueldo\/#breadcrumb"},"inLanguage":"es","potentialAction":[{"@type":"ReadAction","target":["https:\/\/diariotextual.com\/inicio\/index.php\/2020\/04\/27\/la-cgt-la-uia-firmaron-acuerdo-trabajadores-suspendidos-cobren-75-del-sueldo\/"]}]},{"@type":"ImageObject","inLanguage":"es","@id":"https:\/\/diariotextual.com\/inicio\/index.php\/2020\/04\/27\/la-cgt-la-uia-firmaron-acuerdo-trabajadores-suspendidos-cobren-75-del-sueldo\/#primaryimage","url":"https:\/\/diariotextual.com\/inicio\/wp-content\/uploads\/2020\/01\/trabajadoresindustriastelam999999.jpg","contentUrl":"https:\/\/diariotextual.com\/inicio\/wp-content\/uploads\/2020\/01\/trabajadoresindustriastelam999999.jpg","width":1048,"height":639},{"@type":"BreadcrumbList","@id":"https:\/\/diariotextual.com\/inicio\/index.php\/2020\/04\/27\/la-cgt-la-uia-firmaron-acuerdo-trabajadores-suspendidos-cobren-75-del-sueldo\/#breadcrumb","itemListElement":[{"@type":"ListItem","position":1,"name":"Portada","item":"https:\/\/diariotextual.com\/inicio\/"},{"@type":"ListItem","position":2,"name":"La CGT y la UIA firmaron acuerdo para que trabajadores suspendidos cobren 75% del sueldo"}]},{"@type":"WebSite","@id":"https:\/\/diariotextual.com\/inicio\/#website","url":"https:\/\/diariotextual.com\/inicio\/","name":"Diario Textual","description":"","publisher":{"@id":"https:\/\/diariotextual.com\/inicio\/#organization"},"potentialAction":[{"@type":"SearchAction","target":{"@type":"EntryPoint","urlTemplate":"https:\/\/diariotextual.com\/inicio\/?s={search_term_string}"},"query-input":{"@type":"PropertyValueSpecification","valueRequired":true,"valueName":"search_term_string"}}],"inLanguage":"es"},{"@type":"Organization","@id":"https:\/\/diariotextual.com\/inicio\/#organization","name":"Diario Textual","url":"https:\/\/diariotextual.com\/inicio\/","logo":{"@type":"ImageObject","inLanguage":"es","@id":"https:\/\/diariotextual.com\/inicio\/#\/schema\/logo\/image\/","url":"https:\/\/diariotextual.com\/inicio\/wp-content\/uploads\/2023\/05\/logotextual1.jpg","contentUrl":"https:\/\/diariotextual.com\/inicio\/wp-content\/uploads\/2023\/05\/logotextual1.jpg","width":516,"height":76,"caption":"Diario Textual"},"image":{"@id":"https:\/\/diariotextual.com\/inicio\/#\/schema\/logo\/image\/"},"sameAs":["https:\/\/www.facebook.com\/eltextual","https:\/\/x.com\/eltextual","http:\/\/www.instagram.com\/eltextual"]},{"@type":"Person","@id":"https:\/\/diariotextual.com\/inicio\/#\/schema\/person\/a1b6f563e0ee944c60f98119389a4d9f","name":"diario3","image":{"@type":"ImageObject","inLanguage":"es","@id":"https:\/\/secure.gravatar.com\/avatar\/5e7ee62c82fc04d9dd79d746a390d93c69c43223e5faeeb3ea9461ef752bfc5d?s=96&d=mm&r=g","url":"https:\/\/secure.gravatar.com\/avatar\/5e7ee62c82fc04d9dd79d746a390d93c69c43223e5faeeb3ea9461ef752bfc5d?s=96&d=mm&r=g","contentUrl":"https:\/\/secure.gravatar.com\/avatar\/5e7ee62c82fc04d9dd79d746a390d93c69c43223e5faeeb3ea9461ef752bfc5d?s=96&d=mm&r=g","caption":"diario3"},"url":"https:\/\/diariotextual.com\/inicio\/index.php\/author\/diario3\/"}]}},"_links":{"self":[{"href":"https:\/\/diariotextual.com\/inicio\/index.php\/wp-json\/wp\/v2\/posts\/91170","targetHints":{"allow":["GET"]}}],"collection":[{"href":"https:\/\/diariotextual.com\/inicio\/index.php\/wp-json\/wp\/v2\/posts"}],"about":[{"href":"https:\/\/diariotextual.com\/inicio\/index.php\/wp-json\/wp\/v2\/types\/post"}],"author":[{"embeddable":true,"href":"https:\/\/diariotextual.com\/inicio\/index.php\/wp-json\/wp\/v2\/users\/5"}],"replies":[{"embeddable":true,"href":"https:\/\/diariotextual.com\/inicio\/index.php\/wp-json\/wp\/v2\/comments?post=91170"}],"version-history":[{"count":1,"href":"https:\/\/diariotextual.com\/inicio\/index.php\/wp-json\/wp\/v2\/posts\/91170\/revisions"}],"predecessor-version":[{"id":91174,"href":"https:\/\/diariotextual.com\/inicio\/index.php\/wp-json\/wp\/v2\/posts\/91170\/revisions\/91174"}],"wp:featuredmedia":[{"embeddable":true,"href":"https:\/\/diariotextual.com\/inicio\/index.php\/wp-json\/wp\/v2\/media\/75312"}],"wp:attachment":[{"href":"https:\/\/diariotextual.com\/inicio\/index.php\/wp-json\/wp\/v2\/media?parent=91170"}],"wp:term":[{"taxonomy":"category","embeddable":true,"href":"https:\/\/diariotextual.com\/inicio\/index.php\/wp-json\/wp\/v2\/categories?post=91170"},{"taxonomy":"post_tag","embeddable":true,"href":"https:\/\/diariotextual.com\/inicio\/index.php\/wp-json\/wp\/v2\/tags?post=91170"}],"curies":[{"name":"wp","href":"https:\/\/api.w.org\/{rel}","templated":true}]}}