{"id":91327,"date":"2020-04-28T21:28:46","date_gmt":"2020-04-29T00:28:46","guid":{"rendered":"http:\/\/diariotextual.com\/inicio\/?p=91327"},"modified":"2020-04-29T08:21:08","modified_gmt":"2020-04-29T11:21:08","slug":"faggiani-acuerdo-cgt-uia-ahora-no-puedo-decir-afecte-alguien","status":"publish","type":"post","link":"https:\/\/diariotextual.com\/inicio\/index.php\/2020\/04\/28\/faggiani-acuerdo-cgt-uia-ahora-no-puedo-decir-afecte-alguien\/","title":{"rendered":"Faggiani y el acuerdo CGT-UIA: \u201cPor ahora no puedo decir que afecte a alguien\u201d"},"content":{"rendered":"<p>El <strong>secretario general de la CGT Regional Centro-Sur, Luis Faggiani<\/strong>, aclar\u00f3 que el acuerdo entre la <strong>c\u00fapula de la Confederaci\u00f3n General de Trabajadores y la Uni\u00f3n Industrial Argentina es un \u201cconvenio marco\u201d para \u201cfijar un piso\u201d<\/strong> que para el caso de las empresas que suspendan a sus empleados deber\u00e1n pagar hasta un 75% de su salario.<\/p>\n<p><!--more--><\/p>\n<p>El <strong>gremialista asegur\u00f3 que hasta el momento en nuestra provincia nadie ha sido afectado en suspensiones<\/strong>, pero si <strong>admiti\u00f3 que hay varias dificultades en algunos sectores y que no han liquidado<\/strong> como corresponde los salarios. \u201cHay <strong>varios problemas pero ning\u00fan despedido<\/strong>\u201d, dijo a Diario Textual.<\/p>\n<blockquote class=\"wp-embedded-content\" data-secret=\"mcxVYYsWmg\"><p><a href=\"http:\/\/diariotextual.com\/inicio\/index.php\/2020\/04\/23\/empleados-grido-la-pampa-reclaman-pago-sueldos-atrasados\/\">Empleados de Grido en Santa Rosa reclaman el pago de sueldos atrasados<\/a><\/p><\/blockquote>\n<p><iframe class=\"wp-embedded-content\" sandbox=\"allow-scripts\" security=\"restricted\" style=\"position: absolute; clip: rect(1px, 1px, 1px, 1px);\" src=\"http:\/\/diariotextual.com\/inicio\/index.php\/2020\/04\/23\/empleados-grido-la-pampa-reclaman-pago-sueldos-atrasados\/embed\/#?secret=mcxVYYsWmg\" data-secret=\"mcxVYYsWmg\" width=\"600\" height=\"338\" title=\"&#171;Empleados de Grido en Santa Rosa reclaman el pago de sueldos atrasados&#187; &#8212; Diario Textual\" frameborder=\"0\" marginwidth=\"0\" marginheight=\"0\" scrolling=\"no\"><\/iframe><\/p>\n<p>Con relaci\u00f3n al acuerdo CGT-UTA, firmado este lunes, Faggiani expres\u00f3: <strong>\u201cEs un convenio marco, como para fijar un piso. No afecta a nadie en particular. Esto va a depender de los acuerdos que cada sindicato haga en su lugar<\/strong>. Por ejemplo, hoy Antonio Cal\u00f3, de la Uni\u00f3n Obrera Metal\u00fargica, afirm\u00f3 que en ese caso el descuento va a ser en el bolsillo del 14%\u201d, asegur\u00f3.<\/p>\n<blockquote class=\"wp-embedded-content\" data-secret=\"aAHABa9Q4M\"><p><a href=\"http:\/\/diariotextual.com\/inicio\/index.php\/2020\/04\/22\/casino-club-empleados-siguen-reclamo-trabajo-la-pampa-no-puede-intervenir\/\">Casino Club: empleados siguen con reclamo y Trabajo de La Pampa no puede intervenir<\/a><\/p><\/blockquote>\n<p><iframe class=\"wp-embedded-content\" sandbox=\"allow-scripts\" security=\"restricted\" style=\"position: absolute; clip: rect(1px, 1px, 1px, 1px);\" src=\"http:\/\/diariotextual.com\/inicio\/index.php\/2020\/04\/22\/casino-club-empleados-siguen-reclamo-trabajo-la-pampa-no-puede-intervenir\/embed\/#?secret=aAHABa9Q4M\" data-secret=\"aAHABa9Q4M\" width=\"600\" height=\"338\" title=\"&#171;Casino Club: empleados siguen con reclamo y Trabajo de La Pampa no puede intervenir&#187; &#8212; Diario Textual\" frameborder=\"0\" marginwidth=\"0\" marginheight=\"0\" scrolling=\"no\"><\/iframe><\/p>\n<p>Faggiani tambi\u00e9n se refiri\u00f3 a la <strong>propuesta de municipalizar el servicio de transporte urbano en Santa Rosa<\/strong> y la situaci\u00f3n de los choferes: \u201c<strong>Los compa\u00f1eros de la UTA estaban preocupados, pero creo que la decisi\u00f3n del intendente Luciano Di N\u00e1poli ayud\u00f3 a darles un poco de tranquilidad<\/strong>\u201d.<\/p>\n<blockquote class=\"wp-embedded-content\" data-secret=\"qg2iZ1RF0y\"><p><a href=\"http:\/\/diariotextual.com\/inicio\/index.php\/2020\/04\/27\/la-cgt-la-uia-firmaron-acuerdo-trabajadores-suspendidos-cobren-75-del-sueldo\/\">La CGT y la UIA firmaron acuerdo para que trabajadores suspendidos cobren 75% del sueldo<\/a><\/p><\/blockquote>\n<p><iframe class=\"wp-embedded-content\" sandbox=\"allow-scripts\" security=\"restricted\" style=\"position: absolute; clip: rect(1px, 1px, 1px, 1px);\" src=\"http:\/\/diariotextual.com\/inicio\/index.php\/2020\/04\/27\/la-cgt-la-uia-firmaron-acuerdo-trabajadores-suspendidos-cobren-75-del-sueldo\/embed\/#?secret=qg2iZ1RF0y\" data-secret=\"qg2iZ1RF0y\" width=\"600\" height=\"338\" title=\"&#171;La CGT y la UIA firmaron acuerdo para que trabajadores suspendidos cobren 75% del sueldo&#187; &#8212; Diario Textual\" frameborder=\"0\" marginwidth=\"0\" marginheight=\"0\" scrolling=\"no\"><\/iframe><\/p>\n","protected":false},"excerpt":{"rendered":"<p>El secretario general de la CGT Regional Centro-Sur, Luis Faggiani, aclar\u00f3 que el acuerdo entre la c\u00fapula de la Confederaci\u00f3n General de Trabajadores y la Uni\u00f3n Industrial Argentina es un&hellip;<\/p>\n","protected":false},"author":5,"featured_media":20384,"comment_status":"closed","ping_status":"open","sticky":false,"template":"","format":"standard","meta":{"_acf_changed":false,"footnotes":""},"categories":[11,5],"tags":[],"class_list":["post-91327","post","type-post","status-publish","format-standard","has-post-thumbnail","hentry","category-que-pasa","category-economia"],"acf":[],"yoast_head":"<!-- This site is optimized with the Yoast SEO plugin v27.5 - https:\/\/yoast.com\/product\/yoast-seo-wordpress\/ -->\n<title>Faggiani y el acuerdo CGT-UIA: \u201cPor ahora no puedo decir que afecte a alguien\u201d - Diario Textual<\/title>\n<meta name=\"robots\" content=\"index, follow, max-snippet:-1, max-image-preview:large, max-video-preview:-1\" \/>\n<link rel=\"canonical\" href=\"https:\/\/diariotextual.com\/inicio\/index.php\/2020\/04\/28\/faggiani-acuerdo-cgt-uia-ahora-no-puedo-decir-afecte-alguien\/\" \/>\n<meta property=\"og:locale\" content=\"es_ES\" \/>\n<meta property=\"og:type\" content=\"article\" \/>\n<meta property=\"og:title\" content=\"Faggiani y el acuerdo CGT-UIA: \u201cPor ahora no puedo decir que afecte a alguien\u201d - Diario Textual\" \/>\n<meta property=\"og:description\" content=\"El secretario general de la CGT Regional Centro-Sur, Luis Faggiani, aclar\u00f3 que el acuerdo entre la c\u00fapula de la Confederaci\u00f3n General de Trabajadores y la Uni\u00f3n Industrial Argentina es un&hellip;\" \/>\n<meta property=\"og:url\" content=\"https:\/\/diariotextual.com\/inicio\/index.php\/2020\/04\/28\/faggiani-acuerdo-cgt-uia-ahora-no-puedo-decir-afecte-alguien\/\" \/>\n<meta property=\"og:site_name\" content=\"Diario Textual\" \/>\n<meta property=\"article:publisher\" content=\"https:\/\/www.facebook.com\/eltextual\" \/>\n<meta property=\"article:published_time\" content=\"2020-04-29T00:28:46+00:00\" \/>\n<meta property=\"article:modified_time\" content=\"2020-04-29T11:21:08+00:00\" \/>\n<meta property=\"og:image\" content=\"https:\/\/diariotextual.com\/inicio\/wp-content\/uploads\/2018\/09\/faggianiluis.jpg\" \/>\n\t<meta property=\"og:image:width\" content=\"575\" \/>\n\t<meta property=\"og:image:height\" content=\"400\" \/>\n\t<meta property=\"og:image:type\" content=\"image\/jpeg\" \/>\n<meta name=\"author\" content=\"diario3\" \/>\n<meta name=\"twitter:card\" content=\"summary_large_image\" \/>\n<meta name=\"twitter:creator\" content=\"@eltextual\" \/>\n<meta name=\"twitter:site\" content=\"@eltextual\" \/>\n<meta name=\"twitter:label1\" content=\"Escrito por\" \/>\n\t<meta name=\"twitter:data1\" content=\"diario3\" \/>\n\t<meta name=\"twitter:label2\" content=\"Tiempo de lectura\" \/>\n\t<meta name=\"twitter:data2\" content=\"1 minuto\" \/>\n<script type=\"application\/ld+json\" class=\"yoast-schema-graph\">{\"@context\":\"https:\\\/\\\/schema.org\",\"@graph\":[{\"@type\":\"Article\",\"@id\":\"https:\\\/\\\/diariotextual.com\\\/inicio\\\/index.php\\\/2020\\\/04\\\/28\\\/faggiani-acuerdo-cgt-uia-ahora-no-puedo-decir-afecte-alguien\\\/#article\",\"isPartOf\":{\"@id\":\"https:\\\/\\\/diariotextual.com\\\/inicio\\\/index.php\\\/2020\\\/04\\\/28\\\/faggiani-acuerdo-cgt-uia-ahora-no-puedo-decir-afecte-alguien\\\/\"},\"author\":{\"name\":\"diario3\",\"@id\":\"https:\\\/\\\/diariotextual.com\\\/inicio\\\/#\\\/schema\\\/person\\\/a1b6f563e0ee944c60f98119389a4d9f\"},\"headline\":\"Faggiani y el acuerdo CGT-UIA: \u201cPor ahora no puedo decir que afecte a alguien\u201d\",\"datePublished\":\"2020-04-29T00:28:46+00:00\",\"dateModified\":\"2020-04-29T11:21:08+00:00\",\"mainEntityOfPage\":{\"@id\":\"https:\\\/\\\/diariotextual.com\\\/inicio\\\/index.php\\\/2020\\\/04\\\/28\\\/faggiani-acuerdo-cgt-uia-ahora-no-puedo-decir-afecte-alguien\\\/\"},\"wordCount\":260,\"publisher\":{\"@id\":\"https:\\\/\\\/diariotextual.com\\\/inicio\\\/#organization\"},\"image\":{\"@id\":\"https:\\\/\\\/diariotextual.com\\\/inicio\\\/index.php\\\/2020\\\/04\\\/28\\\/faggiani-acuerdo-cgt-uia-ahora-no-puedo-decir-afecte-alguien\\\/#primaryimage\"},\"thumbnailUrl\":\"https:\\\/\\\/diariotextual.com\\\/inicio\\\/wp-content\\\/uploads\\\/2018\\\/09\\\/faggianiluis.jpg\",\"articleSection\":[\"A - QUE PASA (al costado)\",\"ECONOMIA\"],\"inLanguage\":\"es\"},{\"@type\":\"WebPage\",\"@id\":\"https:\\\/\\\/diariotextual.com\\\/inicio\\\/index.php\\\/2020\\\/04\\\/28\\\/faggiani-acuerdo-cgt-uia-ahora-no-puedo-decir-afecte-alguien\\\/\",\"url\":\"https:\\\/\\\/diariotextual.com\\\/inicio\\\/index.php\\\/2020\\\/04\\\/28\\\/faggiani-acuerdo-cgt-uia-ahora-no-puedo-decir-afecte-alguien\\\/\",\"name\":\"Faggiani y el acuerdo CGT-UIA: \u201cPor ahora no puedo decir que afecte a alguien\u201d - Diario Textual\",\"isPartOf\":{\"@id\":\"https:\\\/\\\/diariotextual.com\\\/inicio\\\/#website\"},\"primaryImageOfPage\":{\"@id\":\"https:\\\/\\\/diariotextual.com\\\/inicio\\\/index.php\\\/2020\\\/04\\\/28\\\/faggiani-acuerdo-cgt-uia-ahora-no-puedo-decir-afecte-alguien\\\/#primaryimage\"},\"image\":{\"@id\":\"https:\\\/\\\/diariotextual.com\\\/inicio\\\/index.php\\\/2020\\\/04\\\/28\\\/faggiani-acuerdo-cgt-uia-ahora-no-puedo-decir-afecte-alguien\\\/#primaryimage\"},\"thumbnailUrl\":\"https:\\\/\\\/diariotextual.com\\\/inicio\\\/wp-content\\\/uploads\\\/2018\\\/09\\\/faggianiluis.jpg\",\"datePublished\":\"2020-04-29T00:28:46+00:00\",\"dateModified\":\"2020-04-29T11:21:08+00:00\",\"breadcrumb\":{\"@id\":\"https:\\\/\\\/diariotextual.com\\\/inicio\\\/index.php\\\/2020\\\/04\\\/28\\\/faggiani-acuerdo-cgt-uia-ahora-no-puedo-decir-afecte-alguien\\\/#breadcrumb\"},\"inLanguage\":\"es\",\"potentialAction\":[{\"@type\":\"ReadAction\",\"target\":[\"https:\\\/\\\/diariotextual.com\\\/inicio\\\/index.php\\\/2020\\\/04\\\/28\\\/faggiani-acuerdo-cgt-uia-ahora-no-puedo-decir-afecte-alguien\\\/\"]}]},{\"@type\":\"ImageObject\",\"inLanguage\":\"es\",\"@id\":\"https:\\\/\\\/diariotextual.com\\\/inicio\\\/index.php\\\/2020\\\/04\\\/28\\\/faggiani-acuerdo-cgt-uia-ahora-no-puedo-decir-afecte-alguien\\\/#primaryimage\",\"url\":\"https:\\\/\\\/diariotextual.com\\\/inicio\\\/wp-content\\\/uploads\\\/2018\\\/09\\\/faggianiluis.jpg\",\"contentUrl\":\"https:\\\/\\\/diariotextual.com\\\/inicio\\\/wp-content\\\/uploads\\\/2018\\\/09\\\/faggianiluis.jpg\",\"width\":575,\"height\":400},{\"@type\":\"BreadcrumbList\",\"@id\":\"https:\\\/\\\/diariotextual.com\\\/inicio\\\/index.php\\\/2020\\\/04\\\/28\\\/faggiani-acuerdo-cgt-uia-ahora-no-puedo-decir-afecte-alguien\\\/#breadcrumb\",\"itemListElement\":[{\"@type\":\"ListItem\",\"position\":1,\"name\":\"Portada\",\"item\":\"https:\\\/\\\/diariotextual.com\\\/inicio\\\/\"},{\"@type\":\"ListItem\",\"position\":2,\"name\":\"Faggiani y el acuerdo CGT-UIA: \u201cPor ahora no puedo decir que afecte a alguien\u201d\"}]},{\"@type\":\"WebSite\",\"@id\":\"https:\\\/\\\/diariotextual.com\\\/inicio\\\/#website\",\"url\":\"https:\\\/\\\/diariotextual.com\\\/inicio\\\/\",\"name\":\"Diario Textual\",\"description\":\"\",\"publisher\":{\"@id\":\"https:\\\/\\\/diariotextual.com\\\/inicio\\\/#organization\"},\"potentialAction\":[{\"@type\":\"SearchAction\",\"target\":{\"@type\":\"EntryPoint\",\"urlTemplate\":\"https:\\\/\\\/diariotextual.com\\\/inicio\\\/?s={search_term_string}\"},\"query-input\":{\"@type\":\"PropertyValueSpecification\",\"valueRequired\":true,\"valueName\":\"search_term_string\"}}],\"inLanguage\":\"es\"},{\"@type\":\"Organization\",\"@id\":\"https:\\\/\\\/diariotextual.com\\\/inicio\\\/#organization\",\"name\":\"Diario Textual\",\"url\":\"https:\\\/\\\/diariotextual.com\\\/inicio\\\/\",\"logo\":{\"@type\":\"ImageObject\",\"inLanguage\":\"es\",\"@id\":\"https:\\\/\\\/diariotextual.com\\\/inicio\\\/#\\\/schema\\\/logo\\\/image\\\/\",\"url\":\"https:\\\/\\\/diariotextual.com\\\/inicio\\\/wp-content\\\/uploads\\\/2023\\\/05\\\/logotextual1.jpg\",\"contentUrl\":\"https:\\\/\\\/diariotextual.com\\\/inicio\\\/wp-content\\\/uploads\\\/2023\\\/05\\\/logotextual1.jpg\",\"width\":516,\"height\":76,\"caption\":\"Diario Textual\"},\"image\":{\"@id\":\"https:\\\/\\\/diariotextual.com\\\/inicio\\\/#\\\/schema\\\/logo\\\/image\\\/\"},\"sameAs\":[\"https:\\\/\\\/www.facebook.com\\\/eltextual\",\"https:\\\/\\\/x.com\\\/eltextual\",\"http:\\\/\\\/www.instagram.com\\\/eltextual\"]},{\"@type\":\"Person\",\"@id\":\"https:\\\/\\\/diariotextual.com\\\/inicio\\\/#\\\/schema\\\/person\\\/a1b6f563e0ee944c60f98119389a4d9f\",\"name\":\"diario3\",\"image\":{\"@type\":\"ImageObject\",\"inLanguage\":\"es\",\"@id\":\"https:\\\/\\\/secure.gravatar.com\\\/avatar\\\/5e7ee62c82fc04d9dd79d746a390d93c69c43223e5faeeb3ea9461ef752bfc5d?s=96&d=mm&r=g\",\"url\":\"https:\\\/\\\/secure.gravatar.com\\\/avatar\\\/5e7ee62c82fc04d9dd79d746a390d93c69c43223e5faeeb3ea9461ef752bfc5d?s=96&d=mm&r=g\",\"contentUrl\":\"https:\\\/\\\/secure.gravatar.com\\\/avatar\\\/5e7ee62c82fc04d9dd79d746a390d93c69c43223e5faeeb3ea9461ef752bfc5d?s=96&d=mm&r=g\",\"caption\":\"diario3\"},\"url\":\"https:\\\/\\\/diariotextual.com\\\/inicio\\\/index.php\\\/author\\\/diario3\\\/\"}]}<\/script>\n<!-- \/ Yoast SEO plugin. -->","yoast_head_json":{"title":"Faggiani y el acuerdo CGT-UIA: \u201cPor ahora no puedo decir que afecte a alguien\u201d - Diario Textual","robots":{"index":"index","follow":"follow","max-snippet":"max-snippet:-1","max-image-preview":"max-image-preview:large","max-video-preview":"max-video-preview:-1"},"canonical":"https:\/\/diariotextual.com\/inicio\/index.php\/2020\/04\/28\/faggiani-acuerdo-cgt-uia-ahora-no-puedo-decir-afecte-alguien\/","og_locale":"es_ES","og_type":"article","og_title":"Faggiani y el acuerdo CGT-UIA: \u201cPor ahora no puedo decir que afecte a alguien\u201d - Diario Textual","og_description":"El secretario general de la CGT Regional Centro-Sur, Luis Faggiani, aclar\u00f3 que el acuerdo entre la c\u00fapula de la Confederaci\u00f3n General de Trabajadores y la Uni\u00f3n Industrial Argentina es un&hellip;","og_url":"https:\/\/diariotextual.com\/inicio\/index.php\/2020\/04\/28\/faggiani-acuerdo-cgt-uia-ahora-no-puedo-decir-afecte-alguien\/","og_site_name":"Diario Textual","article_publisher":"https:\/\/www.facebook.com\/eltextual","article_published_time":"2020-04-29T00:28:46+00:00","article_modified_time":"2020-04-29T11:21:08+00:00","og_image":[{"width":575,"height":400,"url":"https:\/\/diariotextual.com\/inicio\/wp-content\/uploads\/2018\/09\/faggianiluis.jpg","type":"image\/jpeg"}],"author":"diario3","twitter_card":"summary_large_image","twitter_creator":"@eltextual","twitter_site":"@eltextual","twitter_misc":{"Escrito por":"diario3","Tiempo de lectura":"1 minuto"},"schema":{"@context":"https:\/\/schema.org","@graph":[{"@type":"Article","@id":"https:\/\/diariotextual.com\/inicio\/index.php\/2020\/04\/28\/faggiani-acuerdo-cgt-uia-ahora-no-puedo-decir-afecte-alguien\/#article","isPartOf":{"@id":"https:\/\/diariotextual.com\/inicio\/index.php\/2020\/04\/28\/faggiani-acuerdo-cgt-uia-ahora-no-puedo-decir-afecte-alguien\/"},"author":{"name":"diario3","@id":"https:\/\/diariotextual.com\/inicio\/#\/schema\/person\/a1b6f563e0ee944c60f98119389a4d9f"},"headline":"Faggiani y el acuerdo CGT-UIA: \u201cPor ahora no puedo decir que afecte a alguien\u201d","datePublished":"2020-04-29T00:28:46+00:00","dateModified":"2020-04-29T11:21:08+00:00","mainEntityOfPage":{"@id":"https:\/\/diariotextual.com\/inicio\/index.php\/2020\/04\/28\/faggiani-acuerdo-cgt-uia-ahora-no-puedo-decir-afecte-alguien\/"},"wordCount":260,"publisher":{"@id":"https:\/\/diariotextual.com\/inicio\/#organization"},"image":{"@id":"https:\/\/diariotextual.com\/inicio\/index.php\/2020\/04\/28\/faggiani-acuerdo-cgt-uia-ahora-no-puedo-decir-afecte-alguien\/#primaryimage"},"thumbnailUrl":"https:\/\/diariotextual.com\/inicio\/wp-content\/uploads\/2018\/09\/faggianiluis.jpg","articleSection":["A - QUE PASA (al costado)","ECONOMIA"],"inLanguage":"es"},{"@type":"WebPage","@id":"https:\/\/diariotextual.com\/inicio\/index.php\/2020\/04\/28\/faggiani-acuerdo-cgt-uia-ahora-no-puedo-decir-afecte-alguien\/","url":"https:\/\/diariotextual.com\/inicio\/index.php\/2020\/04\/28\/faggiani-acuerdo-cgt-uia-ahora-no-puedo-decir-afecte-alguien\/","name":"Faggiani y el acuerdo CGT-UIA: \u201cPor ahora no puedo decir que afecte a alguien\u201d - Diario Textual","isPartOf":{"@id":"https:\/\/diariotextual.com\/inicio\/#website"},"primaryImageOfPage":{"@id":"https:\/\/diariotextual.com\/inicio\/index.php\/2020\/04\/28\/faggiani-acuerdo-cgt-uia-ahora-no-puedo-decir-afecte-alguien\/#primaryimage"},"image":{"@id":"https:\/\/diariotextual.com\/inicio\/index.php\/2020\/04\/28\/faggiani-acuerdo-cgt-uia-ahora-no-puedo-decir-afecte-alguien\/#primaryimage"},"thumbnailUrl":"https:\/\/diariotextual.com\/inicio\/wp-content\/uploads\/2018\/09\/faggianiluis.jpg","datePublished":"2020-04-29T00:28:46+00:00","dateModified":"2020-04-29T11:21:08+00:00","breadcrumb":{"@id":"https:\/\/diariotextual.com\/inicio\/index.php\/2020\/04\/28\/faggiani-acuerdo-cgt-uia-ahora-no-puedo-decir-afecte-alguien\/#breadcrumb"},"inLanguage":"es","potentialAction":[{"@type":"ReadAction","target":["https:\/\/diariotextual.com\/inicio\/index.php\/2020\/04\/28\/faggiani-acuerdo-cgt-uia-ahora-no-puedo-decir-afecte-alguien\/"]}]},{"@type":"ImageObject","inLanguage":"es","@id":"https:\/\/diariotextual.com\/inicio\/index.php\/2020\/04\/28\/faggiani-acuerdo-cgt-uia-ahora-no-puedo-decir-afecte-alguien\/#primaryimage","url":"https:\/\/diariotextual.com\/inicio\/wp-content\/uploads\/2018\/09\/faggianiluis.jpg","contentUrl":"https:\/\/diariotextual.com\/inicio\/wp-content\/uploads\/2018\/09\/faggianiluis.jpg","width":575,"height":400},{"@type":"BreadcrumbList","@id":"https:\/\/diariotextual.com\/inicio\/index.php\/2020\/04\/28\/faggiani-acuerdo-cgt-uia-ahora-no-puedo-decir-afecte-alguien\/#breadcrumb","itemListElement":[{"@type":"ListItem","position":1,"name":"Portada","item":"https:\/\/diariotextual.com\/inicio\/"},{"@type":"ListItem","position":2,"name":"Faggiani y el acuerdo CGT-UIA: \u201cPor ahora no puedo decir que afecte a alguien\u201d"}]},{"@type":"WebSite","@id":"https:\/\/diariotextual.com\/inicio\/#website","url":"https:\/\/diariotextual.com\/inicio\/","name":"Diario Textual","description":"","publisher":{"@id":"https:\/\/diariotextual.com\/inicio\/#organization"},"potentialAction":[{"@type":"SearchAction","target":{"@type":"EntryPoint","urlTemplate":"https:\/\/diariotextual.com\/inicio\/?s={search_term_string}"},"query-input":{"@type":"PropertyValueSpecification","valueRequired":true,"valueName":"search_term_string"}}],"inLanguage":"es"},{"@type":"Organization","@id":"https:\/\/diariotextual.com\/inicio\/#organization","name":"Diario Textual","url":"https:\/\/diariotextual.com\/inicio\/","logo":{"@type":"ImageObject","inLanguage":"es","@id":"https:\/\/diariotextual.com\/inicio\/#\/schema\/logo\/image\/","url":"https:\/\/diariotextual.com\/inicio\/wp-content\/uploads\/2023\/05\/logotextual1.jpg","contentUrl":"https:\/\/diariotextual.com\/inicio\/wp-content\/uploads\/2023\/05\/logotextual1.jpg","width":516,"height":76,"caption":"Diario Textual"},"image":{"@id":"https:\/\/diariotextual.com\/inicio\/#\/schema\/logo\/image\/"},"sameAs":["https:\/\/www.facebook.com\/eltextual","https:\/\/x.com\/eltextual","http:\/\/www.instagram.com\/eltextual"]},{"@type":"Person","@id":"https:\/\/diariotextual.com\/inicio\/#\/schema\/person\/a1b6f563e0ee944c60f98119389a4d9f","name":"diario3","image":{"@type":"ImageObject","inLanguage":"es","@id":"https:\/\/secure.gravatar.com\/avatar\/5e7ee62c82fc04d9dd79d746a390d93c69c43223e5faeeb3ea9461ef752bfc5d?s=96&d=mm&r=g","url":"https:\/\/secure.gravatar.com\/avatar\/5e7ee62c82fc04d9dd79d746a390d93c69c43223e5faeeb3ea9461ef752bfc5d?s=96&d=mm&r=g","contentUrl":"https:\/\/secure.gravatar.com\/avatar\/5e7ee62c82fc04d9dd79d746a390d93c69c43223e5faeeb3ea9461ef752bfc5d?s=96&d=mm&r=g","caption":"diario3"},"url":"https:\/\/diariotextual.com\/inicio\/index.php\/author\/diario3\/"}]}},"_links":{"self":[{"href":"https:\/\/diariotextual.com\/inicio\/index.php\/wp-json\/wp\/v2\/posts\/91327","targetHints":{"allow":["GET"]}}],"collection":[{"href":"https:\/\/diariotextual.com\/inicio\/index.php\/wp-json\/wp\/v2\/posts"}],"about":[{"href":"https:\/\/diariotextual.com\/inicio\/index.php\/wp-json\/wp\/v2\/types\/post"}],"author":[{"embeddable":true,"href":"https:\/\/diariotextual.com\/inicio\/index.php\/wp-json\/wp\/v2\/users\/5"}],"replies":[{"embeddable":true,"href":"https:\/\/diariotextual.com\/inicio\/index.php\/wp-json\/wp\/v2\/comments?post=91327"}],"version-history":[{"count":1,"href":"https:\/\/diariotextual.com\/inicio\/index.php\/wp-json\/wp\/v2\/posts\/91327\/revisions"}],"predecessor-version":[{"id":91329,"href":"https:\/\/diariotextual.com\/inicio\/index.php\/wp-json\/wp\/v2\/posts\/91327\/revisions\/91329"}],"wp:featuredmedia":[{"embeddable":true,"href":"https:\/\/diariotextual.com\/inicio\/index.php\/wp-json\/wp\/v2\/media\/20384"}],"wp:attachment":[{"href":"https:\/\/diariotextual.com\/inicio\/index.php\/wp-json\/wp\/v2\/media?parent=91327"}],"wp:term":[{"taxonomy":"category","embeddable":true,"href":"https:\/\/diariotextual.com\/inicio\/index.php\/wp-json\/wp\/v2\/categories?post=91327"},{"taxonomy":"post_tag","embeddable":true,"href":"https:\/\/diariotextual.com\/inicio\/index.php\/wp-json\/wp\/v2\/tags?post=91327"}],"curies":[{"name":"wp","href":"https:\/\/api.w.org\/{rel}","templated":true}]}}