{"id":91385,"date":"2020-04-29T10:13:59","date_gmt":"2020-04-29T13:13:59","guid":{"rendered":"http:\/\/diariotextual.com\/inicio\/?p=91385"},"modified":"2020-04-29T17:49:26","modified_gmt":"2020-04-29T20:49:26","slug":"empleados-comercio-suspendidos-cobraran-25-menos-pasara-la-pampa","status":"publish","type":"post","link":"https:\/\/diariotextual.com\/inicio\/index.php\/2020\/04\/29\/empleados-comercio-suspendidos-cobraran-25-menos-pasara-la-pampa\/","title":{"rendered":"Empleados de comercio suspendidos cobrar\u00e1n hasta 25% menos: qu\u00e9 pasar\u00e1 en La Pampa"},"content":{"rendered":"<p>El<strong> Sindicato de Comercio<\/strong> firm\u00f3<strong> un acuerdo para que que los trabajadores suspendidos<\/strong> por empresas que han tenido que cerrar moment\u00e1neamente por la<strong> cuarentena <\/strong>obligatoria<strong> sufran una reducci\u00f3n salarial del 25% pero puedan mantener sus empleos<\/strong>.<\/p>\n<p>El compromiso alcanzado contempla el pago del 75% del salario neto de los trabajadores sin tareas por abril y mayo, bajo la condici\u00f3n de mantener el empleo en ese per\u00edodo.<\/p>\n<p><strong>Este convenio alcanza a La Pampa<\/strong>, pero dirigentes sindicales consultados por<strong> Diario Textual<\/strong> dijeron que podr\u00eda no ser aplicable: es que desde el lunes 4 de mayo se podr\u00e1n reactivar casi todos los comercios, luego de la decisi\u00f3n del gobernador Sergio Ziliotto de aplicar <a href=\"http:\/\/diariotextual.com\/inicio\/index.php\/2020\/04\/29\/fuerte-flexibilizacion-la-cuarentena-abren-tiendas-peluquerias-estudios-contables-juridicos\/\" target=\"_blank\" rel=\"noopener\"><strong>una fuerte flexibilizaci\u00f3n de la cuarentena<\/strong><\/a>.<\/p>\n<p>&nbsp;<\/p>\n<blockquote class=\"wp-embedded-content\" data-secret=\"GqJna3G0Uh\"><p><a href=\"http:\/\/diariotextual.com\/inicio\/index.php\/2020\/04\/29\/fuerte-flexibilizacion-la-cuarentena-abren-tiendas-peluquerias-estudios-contables-juridicos\/\">Cuarentena en La Pampa: autorizan a abrir a casi todos los comerciantes y a profesionales liberales<\/a><\/p><\/blockquote>\n<p><iframe class=\"wp-embedded-content\" sandbox=\"allow-scripts\" security=\"restricted\" style=\"position: absolute; clip: rect(1px, 1px, 1px, 1px);\" src=\"http:\/\/diariotextual.com\/inicio\/index.php\/2020\/04\/29\/fuerte-flexibilizacion-la-cuarentena-abren-tiendas-peluquerias-estudios-contables-juridicos\/embed\/#?secret=GqJna3G0Uh\" data-secret=\"GqJna3G0Uh\" width=\"600\" height=\"338\" title=\"&#171;Cuarentena en La Pampa: autorizan a abrir a casi todos los comerciantes y a profesionales liberales&#187; &#8212; Diario Textual\" frameborder=\"0\" marginwidth=\"0\" marginheight=\"0\" scrolling=\"no\"><\/iframe><\/p>\n<p>&nbsp;<\/p>\n<p>&nbsp;<\/p>\n<p>El gremio, de esta manera, replic\u00f3 el esquema consensuado entre las conducciones de la Uni\u00f3n Industrial (UIA) y de la CGT, con el aval del Gobierno nacional, que establece la posibilidad de aplicar durante los meses de abril y mayo un recorte salarial de hasta el 25% a los trabajadores que sean suspendidos en sus tareas por efecto de la vigencia de la cuarentena social y obligatoria.<\/p>\n<p>La medida de emergencia, que fue firmada por el sindicato y entidades gremiales empresarias representativas del sector mercantil (CAME, CAC y UDECA), es por 60 d\u00edas con inicio el 1 de abril y alcanza a 1,2 millones de empleados registrados.<\/p>\n<p>&nbsp;<\/p>\n<blockquote class=\"wp-embedded-content\" data-secret=\"x2vu9Cjn51\"><p><a href=\"http:\/\/diariotextual.com\/inicio\/index.php\/2020\/04\/28\/faggiani-acuerdo-cgt-uia-ahora-no-puedo-decir-afecte-alguien\/\">Faggiani y el acuerdo CGT-UIA: \u201cPor ahora no puedo decir que afecte a alguien\u201d<\/a><\/p><\/blockquote>\n<p><iframe class=\"wp-embedded-content\" sandbox=\"allow-scripts\" security=\"restricted\" style=\"position: absolute; clip: rect(1px, 1px, 1px, 1px);\" src=\"http:\/\/diariotextual.com\/inicio\/index.php\/2020\/04\/28\/faggiani-acuerdo-cgt-uia-ahora-no-puedo-decir-afecte-alguien\/embed\/#?secret=x2vu9Cjn51\" data-secret=\"x2vu9Cjn51\" width=\"600\" height=\"338\" title=\"&#171;Faggiani y el acuerdo CGT-UIA: \u201cPor ahora no puedo decir que afecte a alguien\u201d&#187; &#8212; Diario Textual\" frameborder=\"0\" marginwidth=\"0\" marginheight=\"0\" scrolling=\"no\"><\/iframe><\/p>\n<p>&nbsp;<\/p>\n<p>\u00abLas partes ratifican expresamente y hacen suyo las cl\u00e1usulas del decreto 376\/20 y todas las normas concordantes como as\u00ed tambi\u00e9n y muy especialmente el acta de acuerdo suscripta por los representantes de la CGT y la UIA\u00bb, indican.<\/p>\n<p><strong>El pago del 75% del sueldo neto funcionar\u00e1 como piso de garant\u00eda salarial para las remuneraciones correspondientes a abril y mayo.<\/strong> Las empresas podr\u00e1n pagar a sus trabajadores una suma por encima de ese porcentaje sin necesidad de ninguna medida especial, pero si pretenden abonar el sueldo con un recorte mayor al 25% deber\u00e1n alcanzar un acuerdo con el gremio del sector en el marco de la negociaci\u00f3n colectiva de actividad.<\/p>\n<p>&nbsp;<\/p>\n<p>&nbsp;<\/p>\n","protected":false},"excerpt":{"rendered":"<p>El Sindicato de Comercio firm\u00f3 un acuerdo para que que los trabajadores suspendidos por empresas que han tenido que cerrar moment\u00e1neamente por la cuarentena obligatoria sufran una reducci\u00f3n salarial del&hellip;<\/p>\n","protected":false},"author":3,"featured_media":89042,"comment_status":"closed","ping_status":"open","sticky":false,"template":"","format":"standard","meta":{"_acf_changed":false,"footnotes":""},"categories":[5],"tags":[1221,2853],"class_list":["post-91385","post","type-post","status-publish","format-standard","has-post-thumbnail","hentry","category-economia","tag-comercios","tag-cuarentena"],"acf":[],"yoast_head":"<!-- This site is optimized with the Yoast SEO plugin v27.5 - https:\/\/yoast.com\/product\/yoast-seo-wordpress\/ -->\n<title>Empleados de comercio suspendidos cobrar\u00e1n hasta 25% menos: qu\u00e9 pasar\u00e1 en La Pampa - Diario Textual<\/title>\n<meta name=\"robots\" content=\"index, follow, max-snippet:-1, max-image-preview:large, max-video-preview:-1\" \/>\n<link rel=\"canonical\" href=\"https:\/\/diariotextual.com\/inicio\/index.php\/2020\/04\/29\/empleados-comercio-suspendidos-cobraran-25-menos-pasara-la-pampa\/\" \/>\n<meta property=\"og:locale\" content=\"es_ES\" \/>\n<meta property=\"og:type\" content=\"article\" \/>\n<meta property=\"og:title\" content=\"Empleados de comercio suspendidos cobrar\u00e1n hasta 25% menos: qu\u00e9 pasar\u00e1 en La Pampa - Diario Textual\" \/>\n<meta property=\"og:description\" content=\"El Sindicato de Comercio firm\u00f3 un acuerdo para que que los trabajadores suspendidos por empresas que han tenido que cerrar moment\u00e1neamente por la cuarentena obligatoria sufran una reducci\u00f3n salarial del&hellip;\" \/>\n<meta property=\"og:url\" content=\"https:\/\/diariotextual.com\/inicio\/index.php\/2020\/04\/29\/empleados-comercio-suspendidos-cobraran-25-menos-pasara-la-pampa\/\" \/>\n<meta property=\"og:site_name\" content=\"Diario Textual\" \/>\n<meta property=\"article:publisher\" content=\"https:\/\/www.facebook.com\/eltextual\" \/>\n<meta property=\"article:published_time\" content=\"2020-04-29T13:13:59+00:00\" \/>\n<meta property=\"article:modified_time\" content=\"2020-04-29T20:49:26+00:00\" \/>\n<meta property=\"og:image\" content=\"https:\/\/diariotextual.com\/inicio\/wp-content\/uploads\/2020\/04\/cuarentenacomerciosauxilioya2020-3.jpg\" \/>\n\t<meta property=\"og:image:width\" content=\"1500\" \/>\n\t<meta property=\"og:image:height\" content=\"970\" \/>\n\t<meta property=\"og:image:type\" content=\"image\/jpeg\" \/>\n<meta name=\"author\" content=\"Diario1 Diario1\" \/>\n<meta name=\"twitter:card\" content=\"summary_large_image\" \/>\n<meta name=\"twitter:creator\" content=\"@eltextual\" \/>\n<meta name=\"twitter:site\" content=\"@eltextual\" \/>\n<meta name=\"twitter:label1\" content=\"Escrito por\" \/>\n\t<meta name=\"twitter:data1\" content=\"Diario1 Diario1\" \/>\n\t<meta name=\"twitter:label2\" content=\"Tiempo de lectura\" \/>\n\t<meta name=\"twitter:data2\" content=\"2 minutos\" \/>\n<script type=\"application\/ld+json\" class=\"yoast-schema-graph\">{\"@context\":\"https:\\\/\\\/schema.org\",\"@graph\":[{\"@type\":\"Article\",\"@id\":\"https:\\\/\\\/diariotextual.com\\\/inicio\\\/index.php\\\/2020\\\/04\\\/29\\\/empleados-comercio-suspendidos-cobraran-25-menos-pasara-la-pampa\\\/#article\",\"isPartOf\":{\"@id\":\"https:\\\/\\\/diariotextual.com\\\/inicio\\\/index.php\\\/2020\\\/04\\\/29\\\/empleados-comercio-suspendidos-cobraran-25-menos-pasara-la-pampa\\\/\"},\"author\":{\"name\":\"Diario1 Diario1\",\"@id\":\"https:\\\/\\\/diariotextual.com\\\/inicio\\\/#\\\/schema\\\/person\\\/418fc4093c33e86ed41562db3508f958\"},\"headline\":\"Empleados de comercio suspendidos cobrar\u00e1n hasta 25% menos: qu\u00e9 pasar\u00e1 en La Pampa\",\"datePublished\":\"2020-04-29T13:13:59+00:00\",\"dateModified\":\"2020-04-29T20:49:26+00:00\",\"mainEntityOfPage\":{\"@id\":\"https:\\\/\\\/diariotextual.com\\\/inicio\\\/index.php\\\/2020\\\/04\\\/29\\\/empleados-comercio-suspendidos-cobraran-25-menos-pasara-la-pampa\\\/\"},\"wordCount\":372,\"publisher\":{\"@id\":\"https:\\\/\\\/diariotextual.com\\\/inicio\\\/#organization\"},\"image\":{\"@id\":\"https:\\\/\\\/diariotextual.com\\\/inicio\\\/index.php\\\/2020\\\/04\\\/29\\\/empleados-comercio-suspendidos-cobraran-25-menos-pasara-la-pampa\\\/#primaryimage\"},\"thumbnailUrl\":\"https:\\\/\\\/diariotextual.com\\\/inicio\\\/wp-content\\\/uploads\\\/2020\\\/04\\\/cuarentenacomerciosauxilioya2020-3.jpg\",\"keywords\":[\"comercios\",\"cuarentena\"],\"articleSection\":[\"ECONOMIA\"],\"inLanguage\":\"es\"},{\"@type\":\"WebPage\",\"@id\":\"https:\\\/\\\/diariotextual.com\\\/inicio\\\/index.php\\\/2020\\\/04\\\/29\\\/empleados-comercio-suspendidos-cobraran-25-menos-pasara-la-pampa\\\/\",\"url\":\"https:\\\/\\\/diariotextual.com\\\/inicio\\\/index.php\\\/2020\\\/04\\\/29\\\/empleados-comercio-suspendidos-cobraran-25-menos-pasara-la-pampa\\\/\",\"name\":\"Empleados de comercio suspendidos cobrar\u00e1n hasta 25% menos: qu\u00e9 pasar\u00e1 en La Pampa - Diario Textual\",\"isPartOf\":{\"@id\":\"https:\\\/\\\/diariotextual.com\\\/inicio\\\/#website\"},\"primaryImageOfPage\":{\"@id\":\"https:\\\/\\\/diariotextual.com\\\/inicio\\\/index.php\\\/2020\\\/04\\\/29\\\/empleados-comercio-suspendidos-cobraran-25-menos-pasara-la-pampa\\\/#primaryimage\"},\"image\":{\"@id\":\"https:\\\/\\\/diariotextual.com\\\/inicio\\\/index.php\\\/2020\\\/04\\\/29\\\/empleados-comercio-suspendidos-cobraran-25-menos-pasara-la-pampa\\\/#primaryimage\"},\"thumbnailUrl\":\"https:\\\/\\\/diariotextual.com\\\/inicio\\\/wp-content\\\/uploads\\\/2020\\\/04\\\/cuarentenacomerciosauxilioya2020-3.jpg\",\"datePublished\":\"2020-04-29T13:13:59+00:00\",\"dateModified\":\"2020-04-29T20:49:26+00:00\",\"breadcrumb\":{\"@id\":\"https:\\\/\\\/diariotextual.com\\\/inicio\\\/index.php\\\/2020\\\/04\\\/29\\\/empleados-comercio-suspendidos-cobraran-25-menos-pasara-la-pampa\\\/#breadcrumb\"},\"inLanguage\":\"es\",\"potentialAction\":[{\"@type\":\"ReadAction\",\"target\":[\"https:\\\/\\\/diariotextual.com\\\/inicio\\\/index.php\\\/2020\\\/04\\\/29\\\/empleados-comercio-suspendidos-cobraran-25-menos-pasara-la-pampa\\\/\"]}]},{\"@type\":\"ImageObject\",\"inLanguage\":\"es\",\"@id\":\"https:\\\/\\\/diariotextual.com\\\/inicio\\\/index.php\\\/2020\\\/04\\\/29\\\/empleados-comercio-suspendidos-cobraran-25-menos-pasara-la-pampa\\\/#primaryimage\",\"url\":\"https:\\\/\\\/diariotextual.com\\\/inicio\\\/wp-content\\\/uploads\\\/2020\\\/04\\\/cuarentenacomerciosauxilioya2020-3.jpg\",\"contentUrl\":\"https:\\\/\\\/diariotextual.com\\\/inicio\\\/wp-content\\\/uploads\\\/2020\\\/04\\\/cuarentenacomerciosauxilioya2020-3.jpg\",\"width\":1500,\"height\":970},{\"@type\":\"BreadcrumbList\",\"@id\":\"https:\\\/\\\/diariotextual.com\\\/inicio\\\/index.php\\\/2020\\\/04\\\/29\\\/empleados-comercio-suspendidos-cobraran-25-menos-pasara-la-pampa\\\/#breadcrumb\",\"itemListElement\":[{\"@type\":\"ListItem\",\"position\":1,\"name\":\"Portada\",\"item\":\"https:\\\/\\\/diariotextual.com\\\/inicio\\\/\"},{\"@type\":\"ListItem\",\"position\":2,\"name\":\"Empleados de comercio suspendidos cobrar\u00e1n hasta 25% menos: qu\u00e9 pasar\u00e1 en La Pampa\"}]},{\"@type\":\"WebSite\",\"@id\":\"https:\\\/\\\/diariotextual.com\\\/inicio\\\/#website\",\"url\":\"https:\\\/\\\/diariotextual.com\\\/inicio\\\/\",\"name\":\"Diario Textual\",\"description\":\"\",\"publisher\":{\"@id\":\"https:\\\/\\\/diariotextual.com\\\/inicio\\\/#organization\"},\"potentialAction\":[{\"@type\":\"SearchAction\",\"target\":{\"@type\":\"EntryPoint\",\"urlTemplate\":\"https:\\\/\\\/diariotextual.com\\\/inicio\\\/?s={search_term_string}\"},\"query-input\":{\"@type\":\"PropertyValueSpecification\",\"valueRequired\":true,\"valueName\":\"search_term_string\"}}],\"inLanguage\":\"es\"},{\"@type\":\"Organization\",\"@id\":\"https:\\\/\\\/diariotextual.com\\\/inicio\\\/#organization\",\"name\":\"Diario Textual\",\"url\":\"https:\\\/\\\/diariotextual.com\\\/inicio\\\/\",\"logo\":{\"@type\":\"ImageObject\",\"inLanguage\":\"es\",\"@id\":\"https:\\\/\\\/diariotextual.com\\\/inicio\\\/#\\\/schema\\\/logo\\\/image\\\/\",\"url\":\"https:\\\/\\\/diariotextual.com\\\/inicio\\\/wp-content\\\/uploads\\\/2023\\\/05\\\/logotextual1.jpg\",\"contentUrl\":\"https:\\\/\\\/diariotextual.com\\\/inicio\\\/wp-content\\\/uploads\\\/2023\\\/05\\\/logotextual1.jpg\",\"width\":516,\"height\":76,\"caption\":\"Diario Textual\"},\"image\":{\"@id\":\"https:\\\/\\\/diariotextual.com\\\/inicio\\\/#\\\/schema\\\/logo\\\/image\\\/\"},\"sameAs\":[\"https:\\\/\\\/www.facebook.com\\\/eltextual\",\"https:\\\/\\\/x.com\\\/eltextual\",\"http:\\\/\\\/www.instagram.com\\\/eltextual\"]},{\"@type\":\"Person\",\"@id\":\"https:\\\/\\\/diariotextual.com\\\/inicio\\\/#\\\/schema\\\/person\\\/418fc4093c33e86ed41562db3508f958\",\"name\":\"Diario1 Diario1\",\"image\":{\"@type\":\"ImageObject\",\"inLanguage\":\"es\",\"@id\":\"https:\\\/\\\/secure.gravatar.com\\\/avatar\\\/9167d280179c85bc18be67aa7eda765854300033af4896dd779b608640f2ef7a?s=96&d=mm&r=g\",\"url\":\"https:\\\/\\\/secure.gravatar.com\\\/avatar\\\/9167d280179c85bc18be67aa7eda765854300033af4896dd779b608640f2ef7a?s=96&d=mm&r=g\",\"contentUrl\":\"https:\\\/\\\/secure.gravatar.com\\\/avatar\\\/9167d280179c85bc18be67aa7eda765854300033af4896dd779b608640f2ef7a?s=96&d=mm&r=g\",\"caption\":\"Diario1 Diario1\"},\"url\":\"https:\\\/\\\/diariotextual.com\\\/inicio\\\/index.php\\\/author\\\/diario1\\\/\"}]}<\/script>\n<!-- \/ Yoast SEO plugin. -->","yoast_head_json":{"title":"Empleados de comercio suspendidos cobrar\u00e1n hasta 25% menos: qu\u00e9 pasar\u00e1 en La Pampa - Diario Textual","robots":{"index":"index","follow":"follow","max-snippet":"max-snippet:-1","max-image-preview":"max-image-preview:large","max-video-preview":"max-video-preview:-1"},"canonical":"https:\/\/diariotextual.com\/inicio\/index.php\/2020\/04\/29\/empleados-comercio-suspendidos-cobraran-25-menos-pasara-la-pampa\/","og_locale":"es_ES","og_type":"article","og_title":"Empleados de comercio suspendidos cobrar\u00e1n hasta 25% menos: qu\u00e9 pasar\u00e1 en La Pampa - Diario Textual","og_description":"El Sindicato de Comercio firm\u00f3 un acuerdo para que que los trabajadores suspendidos por empresas que han tenido que cerrar moment\u00e1neamente por la cuarentena obligatoria sufran una reducci\u00f3n salarial del&hellip;","og_url":"https:\/\/diariotextual.com\/inicio\/index.php\/2020\/04\/29\/empleados-comercio-suspendidos-cobraran-25-menos-pasara-la-pampa\/","og_site_name":"Diario Textual","article_publisher":"https:\/\/www.facebook.com\/eltextual","article_published_time":"2020-04-29T13:13:59+00:00","article_modified_time":"2020-04-29T20:49:26+00:00","og_image":[{"width":1500,"height":970,"url":"https:\/\/diariotextual.com\/inicio\/wp-content\/uploads\/2020\/04\/cuarentenacomerciosauxilioya2020-3.jpg","type":"image\/jpeg"}],"author":"Diario1 Diario1","twitter_card":"summary_large_image","twitter_creator":"@eltextual","twitter_site":"@eltextual","twitter_misc":{"Escrito por":"Diario1 Diario1","Tiempo de lectura":"2 minutos"},"schema":{"@context":"https:\/\/schema.org","@graph":[{"@type":"Article","@id":"https:\/\/diariotextual.com\/inicio\/index.php\/2020\/04\/29\/empleados-comercio-suspendidos-cobraran-25-menos-pasara-la-pampa\/#article","isPartOf":{"@id":"https:\/\/diariotextual.com\/inicio\/index.php\/2020\/04\/29\/empleados-comercio-suspendidos-cobraran-25-menos-pasara-la-pampa\/"},"author":{"name":"Diario1 Diario1","@id":"https:\/\/diariotextual.com\/inicio\/#\/schema\/person\/418fc4093c33e86ed41562db3508f958"},"headline":"Empleados de comercio suspendidos cobrar\u00e1n hasta 25% menos: qu\u00e9 pasar\u00e1 en La Pampa","datePublished":"2020-04-29T13:13:59+00:00","dateModified":"2020-04-29T20:49:26+00:00","mainEntityOfPage":{"@id":"https:\/\/diariotextual.com\/inicio\/index.php\/2020\/04\/29\/empleados-comercio-suspendidos-cobraran-25-menos-pasara-la-pampa\/"},"wordCount":372,"publisher":{"@id":"https:\/\/diariotextual.com\/inicio\/#organization"},"image":{"@id":"https:\/\/diariotextual.com\/inicio\/index.php\/2020\/04\/29\/empleados-comercio-suspendidos-cobraran-25-menos-pasara-la-pampa\/#primaryimage"},"thumbnailUrl":"https:\/\/diariotextual.com\/inicio\/wp-content\/uploads\/2020\/04\/cuarentenacomerciosauxilioya2020-3.jpg","keywords":["comercios","cuarentena"],"articleSection":["ECONOMIA"],"inLanguage":"es"},{"@type":"WebPage","@id":"https:\/\/diariotextual.com\/inicio\/index.php\/2020\/04\/29\/empleados-comercio-suspendidos-cobraran-25-menos-pasara-la-pampa\/","url":"https:\/\/diariotextual.com\/inicio\/index.php\/2020\/04\/29\/empleados-comercio-suspendidos-cobraran-25-menos-pasara-la-pampa\/","name":"Empleados de comercio suspendidos cobrar\u00e1n hasta 25% menos: qu\u00e9 pasar\u00e1 en La Pampa - Diario Textual","isPartOf":{"@id":"https:\/\/diariotextual.com\/inicio\/#website"},"primaryImageOfPage":{"@id":"https:\/\/diariotextual.com\/inicio\/index.php\/2020\/04\/29\/empleados-comercio-suspendidos-cobraran-25-menos-pasara-la-pampa\/#primaryimage"},"image":{"@id":"https:\/\/diariotextual.com\/inicio\/index.php\/2020\/04\/29\/empleados-comercio-suspendidos-cobraran-25-menos-pasara-la-pampa\/#primaryimage"},"thumbnailUrl":"https:\/\/diariotextual.com\/inicio\/wp-content\/uploads\/2020\/04\/cuarentenacomerciosauxilioya2020-3.jpg","datePublished":"2020-04-29T13:13:59+00:00","dateModified":"2020-04-29T20:49:26+00:00","breadcrumb":{"@id":"https:\/\/diariotextual.com\/inicio\/index.php\/2020\/04\/29\/empleados-comercio-suspendidos-cobraran-25-menos-pasara-la-pampa\/#breadcrumb"},"inLanguage":"es","potentialAction":[{"@type":"ReadAction","target":["https:\/\/diariotextual.com\/inicio\/index.php\/2020\/04\/29\/empleados-comercio-suspendidos-cobraran-25-menos-pasara-la-pampa\/"]}]},{"@type":"ImageObject","inLanguage":"es","@id":"https:\/\/diariotextual.com\/inicio\/index.php\/2020\/04\/29\/empleados-comercio-suspendidos-cobraran-25-menos-pasara-la-pampa\/#primaryimage","url":"https:\/\/diariotextual.com\/inicio\/wp-content\/uploads\/2020\/04\/cuarentenacomerciosauxilioya2020-3.jpg","contentUrl":"https:\/\/diariotextual.com\/inicio\/wp-content\/uploads\/2020\/04\/cuarentenacomerciosauxilioya2020-3.jpg","width":1500,"height":970},{"@type":"BreadcrumbList","@id":"https:\/\/diariotextual.com\/inicio\/index.php\/2020\/04\/29\/empleados-comercio-suspendidos-cobraran-25-menos-pasara-la-pampa\/#breadcrumb","itemListElement":[{"@type":"ListItem","position":1,"name":"Portada","item":"https:\/\/diariotextual.com\/inicio\/"},{"@type":"ListItem","position":2,"name":"Empleados de comercio suspendidos cobrar\u00e1n hasta 25% menos: qu\u00e9 pasar\u00e1 en La Pampa"}]},{"@type":"WebSite","@id":"https:\/\/diariotextual.com\/inicio\/#website","url":"https:\/\/diariotextual.com\/inicio\/","name":"Diario Textual","description":"","publisher":{"@id":"https:\/\/diariotextual.com\/inicio\/#organization"},"potentialAction":[{"@type":"SearchAction","target":{"@type":"EntryPoint","urlTemplate":"https:\/\/diariotextual.com\/inicio\/?s={search_term_string}"},"query-input":{"@type":"PropertyValueSpecification","valueRequired":true,"valueName":"search_term_string"}}],"inLanguage":"es"},{"@type":"Organization","@id":"https:\/\/diariotextual.com\/inicio\/#organization","name":"Diario Textual","url":"https:\/\/diariotextual.com\/inicio\/","logo":{"@type":"ImageObject","inLanguage":"es","@id":"https:\/\/diariotextual.com\/inicio\/#\/schema\/logo\/image\/","url":"https:\/\/diariotextual.com\/inicio\/wp-content\/uploads\/2023\/05\/logotextual1.jpg","contentUrl":"https:\/\/diariotextual.com\/inicio\/wp-content\/uploads\/2023\/05\/logotextual1.jpg","width":516,"height":76,"caption":"Diario Textual"},"image":{"@id":"https:\/\/diariotextual.com\/inicio\/#\/schema\/logo\/image\/"},"sameAs":["https:\/\/www.facebook.com\/eltextual","https:\/\/x.com\/eltextual","http:\/\/www.instagram.com\/eltextual"]},{"@type":"Person","@id":"https:\/\/diariotextual.com\/inicio\/#\/schema\/person\/418fc4093c33e86ed41562db3508f958","name":"Diario1 Diario1","image":{"@type":"ImageObject","inLanguage":"es","@id":"https:\/\/secure.gravatar.com\/avatar\/9167d280179c85bc18be67aa7eda765854300033af4896dd779b608640f2ef7a?s=96&d=mm&r=g","url":"https:\/\/secure.gravatar.com\/avatar\/9167d280179c85bc18be67aa7eda765854300033af4896dd779b608640f2ef7a?s=96&d=mm&r=g","contentUrl":"https:\/\/secure.gravatar.com\/avatar\/9167d280179c85bc18be67aa7eda765854300033af4896dd779b608640f2ef7a?s=96&d=mm&r=g","caption":"Diario1 Diario1"},"url":"https:\/\/diariotextual.com\/inicio\/index.php\/author\/diario1\/"}]}},"_links":{"self":[{"href":"https:\/\/diariotextual.com\/inicio\/index.php\/wp-json\/wp\/v2\/posts\/91385","targetHints":{"allow":["GET"]}}],"collection":[{"href":"https:\/\/diariotextual.com\/inicio\/index.php\/wp-json\/wp\/v2\/posts"}],"about":[{"href":"https:\/\/diariotextual.com\/inicio\/index.php\/wp-json\/wp\/v2\/types\/post"}],"author":[{"embeddable":true,"href":"https:\/\/diariotextual.com\/inicio\/index.php\/wp-json\/wp\/v2\/users\/3"}],"replies":[{"embeddable":true,"href":"https:\/\/diariotextual.com\/inicio\/index.php\/wp-json\/wp\/v2\/comments?post=91385"}],"version-history":[{"count":8,"href":"https:\/\/diariotextual.com\/inicio\/index.php\/wp-json\/wp\/v2\/posts\/91385\/revisions"}],"predecessor-version":[{"id":91509,"href":"https:\/\/diariotextual.com\/inicio\/index.php\/wp-json\/wp\/v2\/posts\/91385\/revisions\/91509"}],"wp:featuredmedia":[{"embeddable":true,"href":"https:\/\/diariotextual.com\/inicio\/index.php\/wp-json\/wp\/v2\/media\/89042"}],"wp:attachment":[{"href":"https:\/\/diariotextual.com\/inicio\/index.php\/wp-json\/wp\/v2\/media?parent=91385"}],"wp:term":[{"taxonomy":"category","embeddable":true,"href":"https:\/\/diariotextual.com\/inicio\/index.php\/wp-json\/wp\/v2\/categories?post=91385"},{"taxonomy":"post_tag","embeddable":true,"href":"https:\/\/diariotextual.com\/inicio\/index.php\/wp-json\/wp\/v2\/tags?post=91385"}],"curies":[{"name":"wp","href":"https:\/\/api.w.org\/{rel}","templated":true}]}}