{"id":91494,"date":"2020-04-29T14:44:10","date_gmt":"2020-04-29T17:44:10","guid":{"rendered":"http:\/\/diariotextual.com\/inicio\/?p=91494"},"modified":"2020-04-29T14:44:10","modified_gmt":"2020-04-29T17:44:10","slug":"millonaria-evasion-al-estado-la-afip-levanto-la-feria-fiscal","status":"publish","type":"post","link":"https:\/\/diariotextual.com\/inicio\/index.php\/2020\/04\/29\/millonaria-evasion-al-estado-la-afip-levanto-la-feria-fiscal\/","title":{"rendered":"Millonaria evasi\u00f3n al Estado: la AFIP levant\u00f3 la feria fiscal"},"content":{"rendered":"<p>La Administraci\u00f3n Federal de Ingresos P\u00fablicos dispuso levantar la feria fiscal para avanzar en la investigaci\u00f3n respecto a los titulares de las <strong>950 cuentas no declaradas de argentinos<\/strong>, aportadas por la OCDE. La medida implica que se iniciar\u00e1 el <strong>proceso de fiscalizaci\u00f3n sobre quienes tengan u$s 1 mill\u00f3n o m\u00e1s y que podr\u00edan totalizar en conjunto m\u00e1s de u$s 2600 millones<\/strong>, hasta ahora en para\u00edsos fiscales.<\/p>\n<p><!--more--><\/p>\n<p>\u201cLos procedimientos de fiscalizaci\u00f3n que se realizan en funci\u00f3n de la informaci\u00f3n proporcionada por la OCDE resultan de trascendencia institucional y comprometen el inter\u00e9s fiscal en el marco del actual contexto de emergencia\u201d, detall\u00f3 la Resoluci\u00f3n General publicada ayer en el Bolet\u00edn Oficial.<\/p>\n<p>Eso significa que la AFIP mantendr\u00e1 la feria pero excluir\u00e1 esta investigaci\u00f3n en particular por su relevancia y tambi\u00e9n se <strong>apuntar\u00e1 la responsabilidad de los funcionarios en la gesti\u00f3n macrista, Alberto Abad y Leandro Cuccioli.<\/strong><\/p>\n<blockquote class=\"wp-embedded-content\" data-secret=\"m3MNSgcn3G\"><p><a href=\"http:\/\/diariotextual.com\/inicio\/index.php\/2020\/04\/08\/escandalo-afip-descubrio-mas-usd2-600-millones-950-cuentas-sin-declarar\/\">Esc\u00e1ndalo: AFIP descubri\u00f3 m\u00e1s de USD2.600 millones en 950 cuentas sin declarar<\/a><\/p><\/blockquote>\n<p><iframe class=\"wp-embedded-content\" sandbox=\"allow-scripts\" security=\"restricted\" style=\"position: absolute; clip: rect(1px, 1px, 1px, 1px);\" src=\"http:\/\/diariotextual.com\/inicio\/index.php\/2020\/04\/08\/escandalo-afip-descubrio-mas-usd2-600-millones-950-cuentas-sin-declarar\/embed\/#?secret=m3MNSgcn3G\" data-secret=\"m3MNSgcn3G\" width=\"600\" height=\"338\" title=\"&#171;Esc\u00e1ndalo: AFIP descubri\u00f3 m\u00e1s de USD2.600 millones en 950 cuentas sin declarar&#187; &#8212; Diario Textual\" frameborder=\"0\" marginwidth=\"0\" marginheight=\"0\" scrolling=\"no\"><\/iframe><\/p>\n<p>Seg\u00fan pudo saber \u00c1mbito Financiero, ahora <strong>se est\u00e1 avanzando en la notificaci\u00f3n de todos quienes figuren como titulares. Pero hay un dato adicional: hay miles de cuentas m\u00e1s que fueron alertadas por la OCDE con montos inferiores al mill\u00f3n de d\u00f3lares que ingresar\u00e1n en una segunda etapa de an\u00e1lisis.<\/strong><\/p>\n<p>Lo que <strong>hasta ahora nadie profundiz\u00f3 es por qu\u00e9 esa informaci\u00f3n -recibida en 2017- reci\u00e9n dos a\u00f1os despu\u00e9s comienza a ser procesada,<\/strong> luego de una maniobra que apunt\u00f3 a evitar que esos datos fueran desencriptados a favor del fisco.<\/p>\n<p>Pero sobre todo cu\u00e1les fueron los pasos que podr\u00edan configurar un delito y por los cuales Alberto Abad y Leandro Cuccioli, los extitulares de la AFIP durante el gobierno de Mauricio Macri, aparecen como los m\u00e1ximos responsables en el ocultamiento de esos registros que llegaron originalmente en diciembre de 2017 a la Unidad de Fiscalidad Internacional que, en ese momento con cinco personas en su equipo, recibi\u00f3 los datos desde la OCDE. Ellos fueron el nexo con el organismo recaudador local respecto a contribuyentes que no tributan en Argentina. Pero en el camino, hubo un intento de bloquear el avance y de eliminar ciertos registros para que nadie pudiera \u201cver\u201d los \u201cnombres\u201d que contiene ese listado.<\/p>\n","protected":false},"excerpt":{"rendered":"<p>La Administraci\u00f3n Federal de Ingresos P\u00fablicos dispuso levantar la feria fiscal para avanzar en la investigaci\u00f3n respecto a los titulares de las 950 cuentas no declaradas de argentinos, aportadas por&hellip;<\/p>\n","protected":false},"author":5,"featured_media":10227,"comment_status":"closed","ping_status":"open","sticky":false,"template":"","format":"standard","meta":{"_acf_changed":false,"footnotes":""},"categories":[11,5],"tags":[],"class_list":["post-91494","post","type-post","status-publish","format-standard","has-post-thumbnail","hentry","category-que-pasa","category-economia"],"acf":[],"yoast_head":"<!-- This site is optimized with the Yoast SEO plugin v27.5 - https:\/\/yoast.com\/product\/yoast-seo-wordpress\/ -->\n<title>Millonaria evasi\u00f3n al Estado: la AFIP levant\u00f3 la feria fiscal - Diario Textual<\/title>\n<meta name=\"robots\" content=\"index, follow, max-snippet:-1, max-image-preview:large, max-video-preview:-1\" \/>\n<link rel=\"canonical\" href=\"https:\/\/diariotextual.com\/inicio\/index.php\/2020\/04\/29\/millonaria-evasion-al-estado-la-afip-levanto-la-feria-fiscal\/\" \/>\n<meta property=\"og:locale\" content=\"es_ES\" \/>\n<meta property=\"og:type\" content=\"article\" \/>\n<meta property=\"og:title\" content=\"Millonaria evasi\u00f3n al Estado: la AFIP levant\u00f3 la feria fiscal - Diario Textual\" \/>\n<meta property=\"og:description\" content=\"La Administraci\u00f3n Federal de Ingresos P\u00fablicos dispuso levantar la feria fiscal para avanzar en la investigaci\u00f3n respecto a los titulares de las 950 cuentas no declaradas de argentinos, aportadas por&hellip;\" \/>\n<meta property=\"og:url\" content=\"https:\/\/diariotextual.com\/inicio\/index.php\/2020\/04\/29\/millonaria-evasion-al-estado-la-afip-levanto-la-feria-fiscal\/\" \/>\n<meta property=\"og:site_name\" content=\"Diario Textual\" \/>\n<meta property=\"article:publisher\" content=\"https:\/\/www.facebook.com\/eltextual\" \/>\n<meta property=\"article:published_time\" content=\"2020-04-29T17:44:10+00:00\" \/>\n<meta property=\"og:image\" content=\"https:\/\/diariotextual.com\/inicio\/wp-content\/uploads\/2018\/06\/afip5.jpg\" \/>\n\t<meta property=\"og:image:width\" content=\"1293\" \/>\n\t<meta property=\"og:image:height\" content=\"618\" \/>\n\t<meta property=\"og:image:type\" content=\"image\/jpeg\" \/>\n<meta name=\"author\" content=\"diario3\" \/>\n<meta name=\"twitter:card\" content=\"summary_large_image\" \/>\n<meta name=\"twitter:creator\" content=\"@eltextual\" \/>\n<meta name=\"twitter:site\" content=\"@eltextual\" \/>\n<meta name=\"twitter:label1\" content=\"Escrito por\" \/>\n\t<meta name=\"twitter:data1\" content=\"diario3\" \/>\n\t<meta name=\"twitter:label2\" content=\"Tiempo de lectura\" \/>\n\t<meta name=\"twitter:data2\" content=\"2 minutos\" \/>\n<script type=\"application\/ld+json\" class=\"yoast-schema-graph\">{\"@context\":\"https:\\\/\\\/schema.org\",\"@graph\":[{\"@type\":\"Article\",\"@id\":\"https:\\\/\\\/diariotextual.com\\\/inicio\\\/index.php\\\/2020\\\/04\\\/29\\\/millonaria-evasion-al-estado-la-afip-levanto-la-feria-fiscal\\\/#article\",\"isPartOf\":{\"@id\":\"https:\\\/\\\/diariotextual.com\\\/inicio\\\/index.php\\\/2020\\\/04\\\/29\\\/millonaria-evasion-al-estado-la-afip-levanto-la-feria-fiscal\\\/\"},\"author\":{\"name\":\"diario3\",\"@id\":\"https:\\\/\\\/diariotextual.com\\\/inicio\\\/#\\\/schema\\\/person\\\/a1b6f563e0ee944c60f98119389a4d9f\"},\"headline\":\"Millonaria evasi\u00f3n al Estado: la AFIP levant\u00f3 la feria fiscal\",\"datePublished\":\"2020-04-29T17:44:10+00:00\",\"mainEntityOfPage\":{\"@id\":\"https:\\\/\\\/diariotextual.com\\\/inicio\\\/index.php\\\/2020\\\/04\\\/29\\\/millonaria-evasion-al-estado-la-afip-levanto-la-feria-fiscal\\\/\"},\"wordCount\":399,\"publisher\":{\"@id\":\"https:\\\/\\\/diariotextual.com\\\/inicio\\\/#organization\"},\"image\":{\"@id\":\"https:\\\/\\\/diariotextual.com\\\/inicio\\\/index.php\\\/2020\\\/04\\\/29\\\/millonaria-evasion-al-estado-la-afip-levanto-la-feria-fiscal\\\/#primaryimage\"},\"thumbnailUrl\":\"https:\\\/\\\/diariotextual.com\\\/inicio\\\/wp-content\\\/uploads\\\/2018\\\/06\\\/afip5.jpg\",\"articleSection\":[\"A - QUE PASA (al costado)\",\"ECONOMIA\"],\"inLanguage\":\"es\"},{\"@type\":\"WebPage\",\"@id\":\"https:\\\/\\\/diariotextual.com\\\/inicio\\\/index.php\\\/2020\\\/04\\\/29\\\/millonaria-evasion-al-estado-la-afip-levanto-la-feria-fiscal\\\/\",\"url\":\"https:\\\/\\\/diariotextual.com\\\/inicio\\\/index.php\\\/2020\\\/04\\\/29\\\/millonaria-evasion-al-estado-la-afip-levanto-la-feria-fiscal\\\/\",\"name\":\"Millonaria evasi\u00f3n al Estado: la AFIP levant\u00f3 la feria fiscal - Diario Textual\",\"isPartOf\":{\"@id\":\"https:\\\/\\\/diariotextual.com\\\/inicio\\\/#website\"},\"primaryImageOfPage\":{\"@id\":\"https:\\\/\\\/diariotextual.com\\\/inicio\\\/index.php\\\/2020\\\/04\\\/29\\\/millonaria-evasion-al-estado-la-afip-levanto-la-feria-fiscal\\\/#primaryimage\"},\"image\":{\"@id\":\"https:\\\/\\\/diariotextual.com\\\/inicio\\\/index.php\\\/2020\\\/04\\\/29\\\/millonaria-evasion-al-estado-la-afip-levanto-la-feria-fiscal\\\/#primaryimage\"},\"thumbnailUrl\":\"https:\\\/\\\/diariotextual.com\\\/inicio\\\/wp-content\\\/uploads\\\/2018\\\/06\\\/afip5.jpg\",\"datePublished\":\"2020-04-29T17:44:10+00:00\",\"breadcrumb\":{\"@id\":\"https:\\\/\\\/diariotextual.com\\\/inicio\\\/index.php\\\/2020\\\/04\\\/29\\\/millonaria-evasion-al-estado-la-afip-levanto-la-feria-fiscal\\\/#breadcrumb\"},\"inLanguage\":\"es\",\"potentialAction\":[{\"@type\":\"ReadAction\",\"target\":[\"https:\\\/\\\/diariotextual.com\\\/inicio\\\/index.php\\\/2020\\\/04\\\/29\\\/millonaria-evasion-al-estado-la-afip-levanto-la-feria-fiscal\\\/\"]}]},{\"@type\":\"ImageObject\",\"inLanguage\":\"es\",\"@id\":\"https:\\\/\\\/diariotextual.com\\\/inicio\\\/index.php\\\/2020\\\/04\\\/29\\\/millonaria-evasion-al-estado-la-afip-levanto-la-feria-fiscal\\\/#primaryimage\",\"url\":\"https:\\\/\\\/diariotextual.com\\\/inicio\\\/wp-content\\\/uploads\\\/2018\\\/06\\\/afip5.jpg\",\"contentUrl\":\"https:\\\/\\\/diariotextual.com\\\/inicio\\\/wp-content\\\/uploads\\\/2018\\\/06\\\/afip5.jpg\",\"width\":1293,\"height\":618},{\"@type\":\"BreadcrumbList\",\"@id\":\"https:\\\/\\\/diariotextual.com\\\/inicio\\\/index.php\\\/2020\\\/04\\\/29\\\/millonaria-evasion-al-estado-la-afip-levanto-la-feria-fiscal\\\/#breadcrumb\",\"itemListElement\":[{\"@type\":\"ListItem\",\"position\":1,\"name\":\"Portada\",\"item\":\"https:\\\/\\\/diariotextual.com\\\/inicio\\\/\"},{\"@type\":\"ListItem\",\"position\":2,\"name\":\"Millonaria evasi\u00f3n al Estado: la AFIP levant\u00f3 la feria fiscal\"}]},{\"@type\":\"WebSite\",\"@id\":\"https:\\\/\\\/diariotextual.com\\\/inicio\\\/#website\",\"url\":\"https:\\\/\\\/diariotextual.com\\\/inicio\\\/\",\"name\":\"Diario Textual\",\"description\":\"\",\"publisher\":{\"@id\":\"https:\\\/\\\/diariotextual.com\\\/inicio\\\/#organization\"},\"potentialAction\":[{\"@type\":\"SearchAction\",\"target\":{\"@type\":\"EntryPoint\",\"urlTemplate\":\"https:\\\/\\\/diariotextual.com\\\/inicio\\\/?s={search_term_string}\"},\"query-input\":{\"@type\":\"PropertyValueSpecification\",\"valueRequired\":true,\"valueName\":\"search_term_string\"}}],\"inLanguage\":\"es\"},{\"@type\":\"Organization\",\"@id\":\"https:\\\/\\\/diariotextual.com\\\/inicio\\\/#organization\",\"name\":\"Diario Textual\",\"url\":\"https:\\\/\\\/diariotextual.com\\\/inicio\\\/\",\"logo\":{\"@type\":\"ImageObject\",\"inLanguage\":\"es\",\"@id\":\"https:\\\/\\\/diariotextual.com\\\/inicio\\\/#\\\/schema\\\/logo\\\/image\\\/\",\"url\":\"https:\\\/\\\/diariotextual.com\\\/inicio\\\/wp-content\\\/uploads\\\/2023\\\/05\\\/logotextual1.jpg\",\"contentUrl\":\"https:\\\/\\\/diariotextual.com\\\/inicio\\\/wp-content\\\/uploads\\\/2023\\\/05\\\/logotextual1.jpg\",\"width\":516,\"height\":76,\"caption\":\"Diario Textual\"},\"image\":{\"@id\":\"https:\\\/\\\/diariotextual.com\\\/inicio\\\/#\\\/schema\\\/logo\\\/image\\\/\"},\"sameAs\":[\"https:\\\/\\\/www.facebook.com\\\/eltextual\",\"https:\\\/\\\/x.com\\\/eltextual\",\"http:\\\/\\\/www.instagram.com\\\/eltextual\"]},{\"@type\":\"Person\",\"@id\":\"https:\\\/\\\/diariotextual.com\\\/inicio\\\/#\\\/schema\\\/person\\\/a1b6f563e0ee944c60f98119389a4d9f\",\"name\":\"diario3\",\"image\":{\"@type\":\"ImageObject\",\"inLanguage\":\"es\",\"@id\":\"https:\\\/\\\/secure.gravatar.com\\\/avatar\\\/5e7ee62c82fc04d9dd79d746a390d93c69c43223e5faeeb3ea9461ef752bfc5d?s=96&d=mm&r=g\",\"url\":\"https:\\\/\\\/secure.gravatar.com\\\/avatar\\\/5e7ee62c82fc04d9dd79d746a390d93c69c43223e5faeeb3ea9461ef752bfc5d?s=96&d=mm&r=g\",\"contentUrl\":\"https:\\\/\\\/secure.gravatar.com\\\/avatar\\\/5e7ee62c82fc04d9dd79d746a390d93c69c43223e5faeeb3ea9461ef752bfc5d?s=96&d=mm&r=g\",\"caption\":\"diario3\"},\"url\":\"https:\\\/\\\/diariotextual.com\\\/inicio\\\/index.php\\\/author\\\/diario3\\\/\"}]}<\/script>\n<!-- \/ Yoast SEO plugin. -->","yoast_head_json":{"title":"Millonaria evasi\u00f3n al Estado: la AFIP levant\u00f3 la feria fiscal - Diario Textual","robots":{"index":"index","follow":"follow","max-snippet":"max-snippet:-1","max-image-preview":"max-image-preview:large","max-video-preview":"max-video-preview:-1"},"canonical":"https:\/\/diariotextual.com\/inicio\/index.php\/2020\/04\/29\/millonaria-evasion-al-estado-la-afip-levanto-la-feria-fiscal\/","og_locale":"es_ES","og_type":"article","og_title":"Millonaria evasi\u00f3n al Estado: la AFIP levant\u00f3 la feria fiscal - Diario Textual","og_description":"La Administraci\u00f3n Federal de Ingresos P\u00fablicos dispuso levantar la feria fiscal para avanzar en la investigaci\u00f3n respecto a los titulares de las 950 cuentas no declaradas de argentinos, aportadas por&hellip;","og_url":"https:\/\/diariotextual.com\/inicio\/index.php\/2020\/04\/29\/millonaria-evasion-al-estado-la-afip-levanto-la-feria-fiscal\/","og_site_name":"Diario Textual","article_publisher":"https:\/\/www.facebook.com\/eltextual","article_published_time":"2020-04-29T17:44:10+00:00","og_image":[{"width":1293,"height":618,"url":"https:\/\/diariotextual.com\/inicio\/wp-content\/uploads\/2018\/06\/afip5.jpg","type":"image\/jpeg"}],"author":"diario3","twitter_card":"summary_large_image","twitter_creator":"@eltextual","twitter_site":"@eltextual","twitter_misc":{"Escrito por":"diario3","Tiempo de lectura":"2 minutos"},"schema":{"@context":"https:\/\/schema.org","@graph":[{"@type":"Article","@id":"https:\/\/diariotextual.com\/inicio\/index.php\/2020\/04\/29\/millonaria-evasion-al-estado-la-afip-levanto-la-feria-fiscal\/#article","isPartOf":{"@id":"https:\/\/diariotextual.com\/inicio\/index.php\/2020\/04\/29\/millonaria-evasion-al-estado-la-afip-levanto-la-feria-fiscal\/"},"author":{"name":"diario3","@id":"https:\/\/diariotextual.com\/inicio\/#\/schema\/person\/a1b6f563e0ee944c60f98119389a4d9f"},"headline":"Millonaria evasi\u00f3n al Estado: la AFIP levant\u00f3 la feria fiscal","datePublished":"2020-04-29T17:44:10+00:00","mainEntityOfPage":{"@id":"https:\/\/diariotextual.com\/inicio\/index.php\/2020\/04\/29\/millonaria-evasion-al-estado-la-afip-levanto-la-feria-fiscal\/"},"wordCount":399,"publisher":{"@id":"https:\/\/diariotextual.com\/inicio\/#organization"},"image":{"@id":"https:\/\/diariotextual.com\/inicio\/index.php\/2020\/04\/29\/millonaria-evasion-al-estado-la-afip-levanto-la-feria-fiscal\/#primaryimage"},"thumbnailUrl":"https:\/\/diariotextual.com\/inicio\/wp-content\/uploads\/2018\/06\/afip5.jpg","articleSection":["A - QUE PASA (al costado)","ECONOMIA"],"inLanguage":"es"},{"@type":"WebPage","@id":"https:\/\/diariotextual.com\/inicio\/index.php\/2020\/04\/29\/millonaria-evasion-al-estado-la-afip-levanto-la-feria-fiscal\/","url":"https:\/\/diariotextual.com\/inicio\/index.php\/2020\/04\/29\/millonaria-evasion-al-estado-la-afip-levanto-la-feria-fiscal\/","name":"Millonaria evasi\u00f3n al Estado: la AFIP levant\u00f3 la feria fiscal - Diario Textual","isPartOf":{"@id":"https:\/\/diariotextual.com\/inicio\/#website"},"primaryImageOfPage":{"@id":"https:\/\/diariotextual.com\/inicio\/index.php\/2020\/04\/29\/millonaria-evasion-al-estado-la-afip-levanto-la-feria-fiscal\/#primaryimage"},"image":{"@id":"https:\/\/diariotextual.com\/inicio\/index.php\/2020\/04\/29\/millonaria-evasion-al-estado-la-afip-levanto-la-feria-fiscal\/#primaryimage"},"thumbnailUrl":"https:\/\/diariotextual.com\/inicio\/wp-content\/uploads\/2018\/06\/afip5.jpg","datePublished":"2020-04-29T17:44:10+00:00","breadcrumb":{"@id":"https:\/\/diariotextual.com\/inicio\/index.php\/2020\/04\/29\/millonaria-evasion-al-estado-la-afip-levanto-la-feria-fiscal\/#breadcrumb"},"inLanguage":"es","potentialAction":[{"@type":"ReadAction","target":["https:\/\/diariotextual.com\/inicio\/index.php\/2020\/04\/29\/millonaria-evasion-al-estado-la-afip-levanto-la-feria-fiscal\/"]}]},{"@type":"ImageObject","inLanguage":"es","@id":"https:\/\/diariotextual.com\/inicio\/index.php\/2020\/04\/29\/millonaria-evasion-al-estado-la-afip-levanto-la-feria-fiscal\/#primaryimage","url":"https:\/\/diariotextual.com\/inicio\/wp-content\/uploads\/2018\/06\/afip5.jpg","contentUrl":"https:\/\/diariotextual.com\/inicio\/wp-content\/uploads\/2018\/06\/afip5.jpg","width":1293,"height":618},{"@type":"BreadcrumbList","@id":"https:\/\/diariotextual.com\/inicio\/index.php\/2020\/04\/29\/millonaria-evasion-al-estado-la-afip-levanto-la-feria-fiscal\/#breadcrumb","itemListElement":[{"@type":"ListItem","position":1,"name":"Portada","item":"https:\/\/diariotextual.com\/inicio\/"},{"@type":"ListItem","position":2,"name":"Millonaria evasi\u00f3n al Estado: la AFIP levant\u00f3 la feria fiscal"}]},{"@type":"WebSite","@id":"https:\/\/diariotextual.com\/inicio\/#website","url":"https:\/\/diariotextual.com\/inicio\/","name":"Diario Textual","description":"","publisher":{"@id":"https:\/\/diariotextual.com\/inicio\/#organization"},"potentialAction":[{"@type":"SearchAction","target":{"@type":"EntryPoint","urlTemplate":"https:\/\/diariotextual.com\/inicio\/?s={search_term_string}"},"query-input":{"@type":"PropertyValueSpecification","valueRequired":true,"valueName":"search_term_string"}}],"inLanguage":"es"},{"@type":"Organization","@id":"https:\/\/diariotextual.com\/inicio\/#organization","name":"Diario Textual","url":"https:\/\/diariotextual.com\/inicio\/","logo":{"@type":"ImageObject","inLanguage":"es","@id":"https:\/\/diariotextual.com\/inicio\/#\/schema\/logo\/image\/","url":"https:\/\/diariotextual.com\/inicio\/wp-content\/uploads\/2023\/05\/logotextual1.jpg","contentUrl":"https:\/\/diariotextual.com\/inicio\/wp-content\/uploads\/2023\/05\/logotextual1.jpg","width":516,"height":76,"caption":"Diario Textual"},"image":{"@id":"https:\/\/diariotextual.com\/inicio\/#\/schema\/logo\/image\/"},"sameAs":["https:\/\/www.facebook.com\/eltextual","https:\/\/x.com\/eltextual","http:\/\/www.instagram.com\/eltextual"]},{"@type":"Person","@id":"https:\/\/diariotextual.com\/inicio\/#\/schema\/person\/a1b6f563e0ee944c60f98119389a4d9f","name":"diario3","image":{"@type":"ImageObject","inLanguage":"es","@id":"https:\/\/secure.gravatar.com\/avatar\/5e7ee62c82fc04d9dd79d746a390d93c69c43223e5faeeb3ea9461ef752bfc5d?s=96&d=mm&r=g","url":"https:\/\/secure.gravatar.com\/avatar\/5e7ee62c82fc04d9dd79d746a390d93c69c43223e5faeeb3ea9461ef752bfc5d?s=96&d=mm&r=g","contentUrl":"https:\/\/secure.gravatar.com\/avatar\/5e7ee62c82fc04d9dd79d746a390d93c69c43223e5faeeb3ea9461ef752bfc5d?s=96&d=mm&r=g","caption":"diario3"},"url":"https:\/\/diariotextual.com\/inicio\/index.php\/author\/diario3\/"}]}},"_links":{"self":[{"href":"https:\/\/diariotextual.com\/inicio\/index.php\/wp-json\/wp\/v2\/posts\/91494","targetHints":{"allow":["GET"]}}],"collection":[{"href":"https:\/\/diariotextual.com\/inicio\/index.php\/wp-json\/wp\/v2\/posts"}],"about":[{"href":"https:\/\/diariotextual.com\/inicio\/index.php\/wp-json\/wp\/v2\/types\/post"}],"author":[{"embeddable":true,"href":"https:\/\/diariotextual.com\/inicio\/index.php\/wp-json\/wp\/v2\/users\/5"}],"replies":[{"embeddable":true,"href":"https:\/\/diariotextual.com\/inicio\/index.php\/wp-json\/wp\/v2\/comments?post=91494"}],"version-history":[{"count":1,"href":"https:\/\/diariotextual.com\/inicio\/index.php\/wp-json\/wp\/v2\/posts\/91494\/revisions"}],"predecessor-version":[{"id":91499,"href":"https:\/\/diariotextual.com\/inicio\/index.php\/wp-json\/wp\/v2\/posts\/91494\/revisions\/91499"}],"wp:featuredmedia":[{"embeddable":true,"href":"https:\/\/diariotextual.com\/inicio\/index.php\/wp-json\/wp\/v2\/media\/10227"}],"wp:attachment":[{"href":"https:\/\/diariotextual.com\/inicio\/index.php\/wp-json\/wp\/v2\/media?parent=91494"}],"wp:term":[{"taxonomy":"category","embeddable":true,"href":"https:\/\/diariotextual.com\/inicio\/index.php\/wp-json\/wp\/v2\/categories?post=91494"},{"taxonomy":"post_tag","embeddable":true,"href":"https:\/\/diariotextual.com\/inicio\/index.php\/wp-json\/wp\/v2\/tags?post=91494"}],"curies":[{"name":"wp","href":"https:\/\/api.w.org\/{rel}","templated":true}]}}