{"id":91547,"date":"2020-04-29T20:18:48","date_gmt":"2020-04-29T23:18:48","guid":{"rendered":"http:\/\/diariotextual.com\/inicio\/?p=91547"},"modified":"2020-04-30T08:53:30","modified_gmt":"2020-04-30T11:53:30","slug":"municipalizacion-del-transporte-pasajeros-echeveste-no-se-gastara-mas-lo-actual","status":"publish","type":"post","link":"https:\/\/diariotextual.com\/inicio\/index.php\/2020\/04\/29\/municipalizacion-del-transporte-pasajeros-echeveste-no-se-gastara-mas-lo-actual\/","title":{"rendered":"Municipalizaci\u00f3n del transporte de pasajeros: para Echeveste no se gastar\u00e1 m\u00e1s de lo actual"},"content":{"rendered":"<p>El secretario de Hacienda y Abastecimiento de la Municipalidad de Santa Rosa, Pablo Echeveste, consider\u00f3 que <strong>municipalizar el servicio de transporte urbano de pasajeros no le costar\u00e1 al municipio<\/strong> que lo que cuesta en la actualidad.<\/p>\n<p><!--more--><\/p>\n<p>\u201c<strong>Con la recaudaci\u00f3n actual que tiene la empresa con el corte de boletos, m\u00e1s la pol\u00edtica de subsidios que percibe, tanto de nivel nacional, como lo que le da el municipio mensualmente, consideramos que estar\u00edamos en condiciones de hacer frente a la operatividad de la empresa<\/strong>\u201d, dijo el funcionario, en declaraciones a Radio Municipal Santa Rosa (94.7 FM).<\/p>\n<blockquote class=\"wp-embedded-content\" data-secret=\"GtKPanec1g\"><p><a href=\"http:\/\/diariotextual.com\/inicio\/index.php\/2020\/04\/26\/nos-preocupa-se-va-dar-la-rescision-del-contrato-autobuses\/\">\u201cNos preocupa c\u00f3mo se va a dar la rescisi\u00f3n del contrato con Autobuses\u201d<\/a><\/p><\/blockquote>\n<p><iframe class=\"wp-embedded-content\" sandbox=\"allow-scripts\" security=\"restricted\" style=\"position: absolute; clip: rect(1px, 1px, 1px, 1px);\" src=\"http:\/\/diariotextual.com\/inicio\/index.php\/2020\/04\/26\/nos-preocupa-se-va-dar-la-rescision-del-contrato-autobuses\/embed\/#?secret=GtKPanec1g\" data-secret=\"GtKPanec1g\" width=\"600\" height=\"338\" title=\"&#171;\u201cNos preocupa c\u00f3mo se va a dar la rescisi\u00f3n del contrato con Autobuses\u201d&#187; &#8212; Diario Textual\" frameborder=\"0\" marginwidth=\"0\" marginheight=\"0\" scrolling=\"no\"><\/iframe><\/p>\n<p>Echeveste adhiri\u00f3 a la idea del intendente <strong>Luciano Di N\u00e1poli para que el municipio se haga cargo del servicio de transporte urbano de pasajeros desde junio, una vez que se acuerde la rescisi\u00f3n del contrato<\/strong> con la empresa Autobuses Santa Fe.<\/p>\n<p>\u201cDesde el punto de vista financiero que es lo que a m\u00ed me toc\u00f3 estudiar, creo que<strong> no se estar\u00eda generando una mayor erogaci\u00f3n de recursos que la que actualmente ya se est\u00e1 haciendo<\/strong>\u201d, explic\u00f3.<\/p>\n<blockquote class=\"wp-embedded-content\" data-secret=\"KJ1KsQhIEi\"><p><a href=\"http:\/\/diariotextual.com\/inicio\/index.php\/2020\/04\/26\/micros-di-napoli-prorrogara-mes-la-concesion-asf-luego-municipalizara-servicio\/\">Micros: Di N\u00e1poli prorrogar\u00e1 un mes la concesi\u00f3n de ASF y luego municipalizar\u00e1 el servicio<\/a><\/p><\/blockquote>\n<p><iframe class=\"wp-embedded-content\" sandbox=\"allow-scripts\" security=\"restricted\" style=\"position: absolute; clip: rect(1px, 1px, 1px, 1px);\" src=\"http:\/\/diariotextual.com\/inicio\/index.php\/2020\/04\/26\/micros-di-napoli-prorrogara-mes-la-concesion-asf-luego-municipalizara-servicio\/embed\/#?secret=KJ1KsQhIEi\" data-secret=\"KJ1KsQhIEi\" width=\"600\" height=\"338\" title=\"&#171;Micros: Di N\u00e1poli prorrogar\u00e1 un mes la concesi\u00f3n de ASF y luego municipalizar\u00e1 el servicio&#187; &#8212; Diario Textual\" frameborder=\"0\" marginwidth=\"0\" marginheight=\"0\" scrolling=\"no\"><\/iframe><\/p>\n<p>Con relaci\u00f3n al estado de las finanzas municipales, y al \u00edndice de pago de tasas que se ha registrado en el \u00faltimo mes, Echeveste dijo: \u201c<strong>Aunque muchos vecinos si han cumplido, hay otros que no han podido, y entre ellos est\u00e1n los que ya ven\u00edan con alg\u00fan atraso en el pago y otros que desde la cuarentena se les ha complicado su situaci\u00f3n econ\u00f3mica,<\/strong> y ello determin\u00f3 que la ca\u00edda en la recaudaci\u00f3n fuera importante, tanto para el municipio, como tambi\u00e9n para el resto de los estamentos del Estado\u201d.<\/p>\n<p>Esta<strong> merma tambi\u00e9n se registr\u00f3 en la coparticipaci\u00f3n y llev\u00f3 a que la Municipalidad de Santa Rosa tuviera que solicitar ayuda financiera al Gobierno Provincial, para que mediante un adelanto de coparticipaci\u00f3n<\/strong>, se pueda cubrir el desfasaje de fondos del \u00faltimo periodo, y de esa manera poder hacer frente al pago de haberes del personal municipal correspondiente al mes de abril y los gastos operativos de la comuna.<\/p>\n","protected":false},"excerpt":{"rendered":"<p>El secretario de Hacienda y Abastecimiento de la Municipalidad de Santa Rosa, Pablo Echeveste, consider\u00f3 que municipalizar el servicio de transporte urbano de pasajeros no le costar\u00e1 al municipio que&hellip;<\/p>\n","protected":false},"author":5,"featured_media":91551,"comment_status":"closed","ping_status":"open","sticky":false,"template":"","format":"standard","meta":{"_acf_changed":false,"footnotes":""},"categories":[11,5],"tags":[],"class_list":["post-91547","post","type-post","status-publish","format-standard","has-post-thumbnail","hentry","category-que-pasa","category-economia"],"acf":[],"yoast_head":"<!-- This site is optimized with the Yoast SEO plugin v27.5 - https:\/\/yoast.com\/product\/yoast-seo-wordpress\/ -->\n<title>Municipalizaci\u00f3n del transporte de pasajeros: para Echeveste no se gastar\u00e1 m\u00e1s de lo actual - Diario Textual<\/title>\n<meta name=\"robots\" content=\"index, follow, max-snippet:-1, max-image-preview:large, max-video-preview:-1\" \/>\n<link rel=\"canonical\" href=\"https:\/\/diariotextual.com\/inicio\/index.php\/2020\/04\/29\/municipalizacion-del-transporte-pasajeros-echeveste-no-se-gastara-mas-lo-actual\/\" \/>\n<meta property=\"og:locale\" content=\"es_ES\" \/>\n<meta property=\"og:type\" content=\"article\" \/>\n<meta property=\"og:title\" content=\"Municipalizaci\u00f3n del transporte de pasajeros: para Echeveste no se gastar\u00e1 m\u00e1s de lo actual - Diario Textual\" \/>\n<meta property=\"og:description\" content=\"El secretario de Hacienda y Abastecimiento de la Municipalidad de Santa Rosa, Pablo Echeveste, consider\u00f3 que municipalizar el servicio de transporte urbano de pasajeros no le costar\u00e1 al municipio que&hellip;\" \/>\n<meta property=\"og:url\" content=\"https:\/\/diariotextual.com\/inicio\/index.php\/2020\/04\/29\/municipalizacion-del-transporte-pasajeros-echeveste-no-se-gastara-mas-lo-actual\/\" \/>\n<meta property=\"og:site_name\" content=\"Diario Textual\" \/>\n<meta property=\"article:publisher\" content=\"https:\/\/www.facebook.com\/eltextual\" \/>\n<meta property=\"article:published_time\" content=\"2020-04-29T23:18:48+00:00\" \/>\n<meta property=\"article:modified_time\" content=\"2020-04-30T11:53:30+00:00\" \/>\n<meta property=\"og:image\" content=\"https:\/\/diariotextual.com\/inicio\/wp-content\/uploads\/2020\/04\/EchevestePablo.jpeg\" \/>\n\t<meta property=\"og:image:width\" content=\"700\" \/>\n\t<meta property=\"og:image:height\" content=\"443\" \/>\n\t<meta property=\"og:image:type\" content=\"image\/jpeg\" \/>\n<meta name=\"author\" content=\"diario3\" \/>\n<meta name=\"twitter:card\" content=\"summary_large_image\" \/>\n<meta name=\"twitter:creator\" content=\"@eltextual\" \/>\n<meta name=\"twitter:site\" content=\"@eltextual\" \/>\n<meta name=\"twitter:label1\" content=\"Escrito por\" \/>\n\t<meta name=\"twitter:data1\" content=\"diario3\" \/>\n\t<meta name=\"twitter:label2\" content=\"Tiempo de lectura\" \/>\n\t<meta name=\"twitter:data2\" content=\"2 minutos\" \/>\n<script type=\"application\/ld+json\" class=\"yoast-schema-graph\">{\"@context\":\"https:\\\/\\\/schema.org\",\"@graph\":[{\"@type\":\"Article\",\"@id\":\"https:\\\/\\\/diariotextual.com\\\/inicio\\\/index.php\\\/2020\\\/04\\\/29\\\/municipalizacion-del-transporte-pasajeros-echeveste-no-se-gastara-mas-lo-actual\\\/#article\",\"isPartOf\":{\"@id\":\"https:\\\/\\\/diariotextual.com\\\/inicio\\\/index.php\\\/2020\\\/04\\\/29\\\/municipalizacion-del-transporte-pasajeros-echeveste-no-se-gastara-mas-lo-actual\\\/\"},\"author\":{\"name\":\"diario3\",\"@id\":\"https:\\\/\\\/diariotextual.com\\\/inicio\\\/#\\\/schema\\\/person\\\/a1b6f563e0ee944c60f98119389a4d9f\"},\"headline\":\"Municipalizaci\u00f3n del transporte de pasajeros: para Echeveste no se gastar\u00e1 m\u00e1s de lo actual\",\"datePublished\":\"2020-04-29T23:18:48+00:00\",\"dateModified\":\"2020-04-30T11:53:30+00:00\",\"mainEntityOfPage\":{\"@id\":\"https:\\\/\\\/diariotextual.com\\\/inicio\\\/index.php\\\/2020\\\/04\\\/29\\\/municipalizacion-del-transporte-pasajeros-echeveste-no-se-gastara-mas-lo-actual\\\/\"},\"wordCount\":376,\"publisher\":{\"@id\":\"https:\\\/\\\/diariotextual.com\\\/inicio\\\/#organization\"},\"image\":{\"@id\":\"https:\\\/\\\/diariotextual.com\\\/inicio\\\/index.php\\\/2020\\\/04\\\/29\\\/municipalizacion-del-transporte-pasajeros-echeveste-no-se-gastara-mas-lo-actual\\\/#primaryimage\"},\"thumbnailUrl\":\"https:\\\/\\\/diariotextual.com\\\/inicio\\\/wp-content\\\/uploads\\\/2020\\\/04\\\/EchevestePablo.jpeg\",\"articleSection\":[\"A - QUE PASA (al costado)\",\"ECONOMIA\"],\"inLanguage\":\"es\"},{\"@type\":\"WebPage\",\"@id\":\"https:\\\/\\\/diariotextual.com\\\/inicio\\\/index.php\\\/2020\\\/04\\\/29\\\/municipalizacion-del-transporte-pasajeros-echeveste-no-se-gastara-mas-lo-actual\\\/\",\"url\":\"https:\\\/\\\/diariotextual.com\\\/inicio\\\/index.php\\\/2020\\\/04\\\/29\\\/municipalizacion-del-transporte-pasajeros-echeveste-no-se-gastara-mas-lo-actual\\\/\",\"name\":\"Municipalizaci\u00f3n del transporte de pasajeros: para Echeveste no se gastar\u00e1 m\u00e1s de lo actual - Diario Textual\",\"isPartOf\":{\"@id\":\"https:\\\/\\\/diariotextual.com\\\/inicio\\\/#website\"},\"primaryImageOfPage\":{\"@id\":\"https:\\\/\\\/diariotextual.com\\\/inicio\\\/index.php\\\/2020\\\/04\\\/29\\\/municipalizacion-del-transporte-pasajeros-echeveste-no-se-gastara-mas-lo-actual\\\/#primaryimage\"},\"image\":{\"@id\":\"https:\\\/\\\/diariotextual.com\\\/inicio\\\/index.php\\\/2020\\\/04\\\/29\\\/municipalizacion-del-transporte-pasajeros-echeveste-no-se-gastara-mas-lo-actual\\\/#primaryimage\"},\"thumbnailUrl\":\"https:\\\/\\\/diariotextual.com\\\/inicio\\\/wp-content\\\/uploads\\\/2020\\\/04\\\/EchevestePablo.jpeg\",\"datePublished\":\"2020-04-29T23:18:48+00:00\",\"dateModified\":\"2020-04-30T11:53:30+00:00\",\"breadcrumb\":{\"@id\":\"https:\\\/\\\/diariotextual.com\\\/inicio\\\/index.php\\\/2020\\\/04\\\/29\\\/municipalizacion-del-transporte-pasajeros-echeveste-no-se-gastara-mas-lo-actual\\\/#breadcrumb\"},\"inLanguage\":\"es\",\"potentialAction\":[{\"@type\":\"ReadAction\",\"target\":[\"https:\\\/\\\/diariotextual.com\\\/inicio\\\/index.php\\\/2020\\\/04\\\/29\\\/municipalizacion-del-transporte-pasajeros-echeveste-no-se-gastara-mas-lo-actual\\\/\"]}]},{\"@type\":\"ImageObject\",\"inLanguage\":\"es\",\"@id\":\"https:\\\/\\\/diariotextual.com\\\/inicio\\\/index.php\\\/2020\\\/04\\\/29\\\/municipalizacion-del-transporte-pasajeros-echeveste-no-se-gastara-mas-lo-actual\\\/#primaryimage\",\"url\":\"https:\\\/\\\/diariotextual.com\\\/inicio\\\/wp-content\\\/uploads\\\/2020\\\/04\\\/EchevestePablo.jpeg\",\"contentUrl\":\"https:\\\/\\\/diariotextual.com\\\/inicio\\\/wp-content\\\/uploads\\\/2020\\\/04\\\/EchevestePablo.jpeg\",\"width\":700,\"height\":443},{\"@type\":\"BreadcrumbList\",\"@id\":\"https:\\\/\\\/diariotextual.com\\\/inicio\\\/index.php\\\/2020\\\/04\\\/29\\\/municipalizacion-del-transporte-pasajeros-echeveste-no-se-gastara-mas-lo-actual\\\/#breadcrumb\",\"itemListElement\":[{\"@type\":\"ListItem\",\"position\":1,\"name\":\"Portada\",\"item\":\"https:\\\/\\\/diariotextual.com\\\/inicio\\\/\"},{\"@type\":\"ListItem\",\"position\":2,\"name\":\"Municipalizaci\u00f3n del transporte de pasajeros: para Echeveste no se gastar\u00e1 m\u00e1s de lo actual\"}]},{\"@type\":\"WebSite\",\"@id\":\"https:\\\/\\\/diariotextual.com\\\/inicio\\\/#website\",\"url\":\"https:\\\/\\\/diariotextual.com\\\/inicio\\\/\",\"name\":\"Diario Textual\",\"description\":\"\",\"publisher\":{\"@id\":\"https:\\\/\\\/diariotextual.com\\\/inicio\\\/#organization\"},\"potentialAction\":[{\"@type\":\"SearchAction\",\"target\":{\"@type\":\"EntryPoint\",\"urlTemplate\":\"https:\\\/\\\/diariotextual.com\\\/inicio\\\/?s={search_term_string}\"},\"query-input\":{\"@type\":\"PropertyValueSpecification\",\"valueRequired\":true,\"valueName\":\"search_term_string\"}}],\"inLanguage\":\"es\"},{\"@type\":\"Organization\",\"@id\":\"https:\\\/\\\/diariotextual.com\\\/inicio\\\/#organization\",\"name\":\"Diario Textual\",\"url\":\"https:\\\/\\\/diariotextual.com\\\/inicio\\\/\",\"logo\":{\"@type\":\"ImageObject\",\"inLanguage\":\"es\",\"@id\":\"https:\\\/\\\/diariotextual.com\\\/inicio\\\/#\\\/schema\\\/logo\\\/image\\\/\",\"url\":\"https:\\\/\\\/diariotextual.com\\\/inicio\\\/wp-content\\\/uploads\\\/2023\\\/05\\\/logotextual1.jpg\",\"contentUrl\":\"https:\\\/\\\/diariotextual.com\\\/inicio\\\/wp-content\\\/uploads\\\/2023\\\/05\\\/logotextual1.jpg\",\"width\":516,\"height\":76,\"caption\":\"Diario Textual\"},\"image\":{\"@id\":\"https:\\\/\\\/diariotextual.com\\\/inicio\\\/#\\\/schema\\\/logo\\\/image\\\/\"},\"sameAs\":[\"https:\\\/\\\/www.facebook.com\\\/eltextual\",\"https:\\\/\\\/x.com\\\/eltextual\",\"http:\\\/\\\/www.instagram.com\\\/eltextual\"]},{\"@type\":\"Person\",\"@id\":\"https:\\\/\\\/diariotextual.com\\\/inicio\\\/#\\\/schema\\\/person\\\/a1b6f563e0ee944c60f98119389a4d9f\",\"name\":\"diario3\",\"image\":{\"@type\":\"ImageObject\",\"inLanguage\":\"es\",\"@id\":\"https:\\\/\\\/secure.gravatar.com\\\/avatar\\\/5e7ee62c82fc04d9dd79d746a390d93c69c43223e5faeeb3ea9461ef752bfc5d?s=96&d=mm&r=g\",\"url\":\"https:\\\/\\\/secure.gravatar.com\\\/avatar\\\/5e7ee62c82fc04d9dd79d746a390d93c69c43223e5faeeb3ea9461ef752bfc5d?s=96&d=mm&r=g\",\"contentUrl\":\"https:\\\/\\\/secure.gravatar.com\\\/avatar\\\/5e7ee62c82fc04d9dd79d746a390d93c69c43223e5faeeb3ea9461ef752bfc5d?s=96&d=mm&r=g\",\"caption\":\"diario3\"},\"url\":\"https:\\\/\\\/diariotextual.com\\\/inicio\\\/index.php\\\/author\\\/diario3\\\/\"}]}<\/script>\n<!-- \/ Yoast SEO plugin. -->","yoast_head_json":{"title":"Municipalizaci\u00f3n del transporte de pasajeros: para Echeveste no se gastar\u00e1 m\u00e1s de lo actual - Diario Textual","robots":{"index":"index","follow":"follow","max-snippet":"max-snippet:-1","max-image-preview":"max-image-preview:large","max-video-preview":"max-video-preview:-1"},"canonical":"https:\/\/diariotextual.com\/inicio\/index.php\/2020\/04\/29\/municipalizacion-del-transporte-pasajeros-echeveste-no-se-gastara-mas-lo-actual\/","og_locale":"es_ES","og_type":"article","og_title":"Municipalizaci\u00f3n del transporte de pasajeros: para Echeveste no se gastar\u00e1 m\u00e1s de lo actual - Diario Textual","og_description":"El secretario de Hacienda y Abastecimiento de la Municipalidad de Santa Rosa, Pablo Echeveste, consider\u00f3 que municipalizar el servicio de transporte urbano de pasajeros no le costar\u00e1 al municipio que&hellip;","og_url":"https:\/\/diariotextual.com\/inicio\/index.php\/2020\/04\/29\/municipalizacion-del-transporte-pasajeros-echeveste-no-se-gastara-mas-lo-actual\/","og_site_name":"Diario Textual","article_publisher":"https:\/\/www.facebook.com\/eltextual","article_published_time":"2020-04-29T23:18:48+00:00","article_modified_time":"2020-04-30T11:53:30+00:00","og_image":[{"width":700,"height":443,"url":"https:\/\/diariotextual.com\/inicio\/wp-content\/uploads\/2020\/04\/EchevestePablo.jpeg","type":"image\/jpeg"}],"author":"diario3","twitter_card":"summary_large_image","twitter_creator":"@eltextual","twitter_site":"@eltextual","twitter_misc":{"Escrito por":"diario3","Tiempo de lectura":"2 minutos"},"schema":{"@context":"https:\/\/schema.org","@graph":[{"@type":"Article","@id":"https:\/\/diariotextual.com\/inicio\/index.php\/2020\/04\/29\/municipalizacion-del-transporte-pasajeros-echeveste-no-se-gastara-mas-lo-actual\/#article","isPartOf":{"@id":"https:\/\/diariotextual.com\/inicio\/index.php\/2020\/04\/29\/municipalizacion-del-transporte-pasajeros-echeveste-no-se-gastara-mas-lo-actual\/"},"author":{"name":"diario3","@id":"https:\/\/diariotextual.com\/inicio\/#\/schema\/person\/a1b6f563e0ee944c60f98119389a4d9f"},"headline":"Municipalizaci\u00f3n del transporte de pasajeros: para Echeveste no se gastar\u00e1 m\u00e1s de lo actual","datePublished":"2020-04-29T23:18:48+00:00","dateModified":"2020-04-30T11:53:30+00:00","mainEntityOfPage":{"@id":"https:\/\/diariotextual.com\/inicio\/index.php\/2020\/04\/29\/municipalizacion-del-transporte-pasajeros-echeveste-no-se-gastara-mas-lo-actual\/"},"wordCount":376,"publisher":{"@id":"https:\/\/diariotextual.com\/inicio\/#organization"},"image":{"@id":"https:\/\/diariotextual.com\/inicio\/index.php\/2020\/04\/29\/municipalizacion-del-transporte-pasajeros-echeveste-no-se-gastara-mas-lo-actual\/#primaryimage"},"thumbnailUrl":"https:\/\/diariotextual.com\/inicio\/wp-content\/uploads\/2020\/04\/EchevestePablo.jpeg","articleSection":["A - QUE PASA (al costado)","ECONOMIA"],"inLanguage":"es"},{"@type":"WebPage","@id":"https:\/\/diariotextual.com\/inicio\/index.php\/2020\/04\/29\/municipalizacion-del-transporte-pasajeros-echeveste-no-se-gastara-mas-lo-actual\/","url":"https:\/\/diariotextual.com\/inicio\/index.php\/2020\/04\/29\/municipalizacion-del-transporte-pasajeros-echeveste-no-se-gastara-mas-lo-actual\/","name":"Municipalizaci\u00f3n del transporte de pasajeros: para Echeveste no se gastar\u00e1 m\u00e1s de lo actual - Diario Textual","isPartOf":{"@id":"https:\/\/diariotextual.com\/inicio\/#website"},"primaryImageOfPage":{"@id":"https:\/\/diariotextual.com\/inicio\/index.php\/2020\/04\/29\/municipalizacion-del-transporte-pasajeros-echeveste-no-se-gastara-mas-lo-actual\/#primaryimage"},"image":{"@id":"https:\/\/diariotextual.com\/inicio\/index.php\/2020\/04\/29\/municipalizacion-del-transporte-pasajeros-echeveste-no-se-gastara-mas-lo-actual\/#primaryimage"},"thumbnailUrl":"https:\/\/diariotextual.com\/inicio\/wp-content\/uploads\/2020\/04\/EchevestePablo.jpeg","datePublished":"2020-04-29T23:18:48+00:00","dateModified":"2020-04-30T11:53:30+00:00","breadcrumb":{"@id":"https:\/\/diariotextual.com\/inicio\/index.php\/2020\/04\/29\/municipalizacion-del-transporte-pasajeros-echeveste-no-se-gastara-mas-lo-actual\/#breadcrumb"},"inLanguage":"es","potentialAction":[{"@type":"ReadAction","target":["https:\/\/diariotextual.com\/inicio\/index.php\/2020\/04\/29\/municipalizacion-del-transporte-pasajeros-echeveste-no-se-gastara-mas-lo-actual\/"]}]},{"@type":"ImageObject","inLanguage":"es","@id":"https:\/\/diariotextual.com\/inicio\/index.php\/2020\/04\/29\/municipalizacion-del-transporte-pasajeros-echeveste-no-se-gastara-mas-lo-actual\/#primaryimage","url":"https:\/\/diariotextual.com\/inicio\/wp-content\/uploads\/2020\/04\/EchevestePablo.jpeg","contentUrl":"https:\/\/diariotextual.com\/inicio\/wp-content\/uploads\/2020\/04\/EchevestePablo.jpeg","width":700,"height":443},{"@type":"BreadcrumbList","@id":"https:\/\/diariotextual.com\/inicio\/index.php\/2020\/04\/29\/municipalizacion-del-transporte-pasajeros-echeveste-no-se-gastara-mas-lo-actual\/#breadcrumb","itemListElement":[{"@type":"ListItem","position":1,"name":"Portada","item":"https:\/\/diariotextual.com\/inicio\/"},{"@type":"ListItem","position":2,"name":"Municipalizaci\u00f3n del transporte de pasajeros: para Echeveste no se gastar\u00e1 m\u00e1s de lo actual"}]},{"@type":"WebSite","@id":"https:\/\/diariotextual.com\/inicio\/#website","url":"https:\/\/diariotextual.com\/inicio\/","name":"Diario Textual","description":"","publisher":{"@id":"https:\/\/diariotextual.com\/inicio\/#organization"},"potentialAction":[{"@type":"SearchAction","target":{"@type":"EntryPoint","urlTemplate":"https:\/\/diariotextual.com\/inicio\/?s={search_term_string}"},"query-input":{"@type":"PropertyValueSpecification","valueRequired":true,"valueName":"search_term_string"}}],"inLanguage":"es"},{"@type":"Organization","@id":"https:\/\/diariotextual.com\/inicio\/#organization","name":"Diario Textual","url":"https:\/\/diariotextual.com\/inicio\/","logo":{"@type":"ImageObject","inLanguage":"es","@id":"https:\/\/diariotextual.com\/inicio\/#\/schema\/logo\/image\/","url":"https:\/\/diariotextual.com\/inicio\/wp-content\/uploads\/2023\/05\/logotextual1.jpg","contentUrl":"https:\/\/diariotextual.com\/inicio\/wp-content\/uploads\/2023\/05\/logotextual1.jpg","width":516,"height":76,"caption":"Diario Textual"},"image":{"@id":"https:\/\/diariotextual.com\/inicio\/#\/schema\/logo\/image\/"},"sameAs":["https:\/\/www.facebook.com\/eltextual","https:\/\/x.com\/eltextual","http:\/\/www.instagram.com\/eltextual"]},{"@type":"Person","@id":"https:\/\/diariotextual.com\/inicio\/#\/schema\/person\/a1b6f563e0ee944c60f98119389a4d9f","name":"diario3","image":{"@type":"ImageObject","inLanguage":"es","@id":"https:\/\/secure.gravatar.com\/avatar\/5e7ee62c82fc04d9dd79d746a390d93c69c43223e5faeeb3ea9461ef752bfc5d?s=96&d=mm&r=g","url":"https:\/\/secure.gravatar.com\/avatar\/5e7ee62c82fc04d9dd79d746a390d93c69c43223e5faeeb3ea9461ef752bfc5d?s=96&d=mm&r=g","contentUrl":"https:\/\/secure.gravatar.com\/avatar\/5e7ee62c82fc04d9dd79d746a390d93c69c43223e5faeeb3ea9461ef752bfc5d?s=96&d=mm&r=g","caption":"diario3"},"url":"https:\/\/diariotextual.com\/inicio\/index.php\/author\/diario3\/"}]}},"_links":{"self":[{"href":"https:\/\/diariotextual.com\/inicio\/index.php\/wp-json\/wp\/v2\/posts\/91547","targetHints":{"allow":["GET"]}}],"collection":[{"href":"https:\/\/diariotextual.com\/inicio\/index.php\/wp-json\/wp\/v2\/posts"}],"about":[{"href":"https:\/\/diariotextual.com\/inicio\/index.php\/wp-json\/wp\/v2\/types\/post"}],"author":[{"embeddable":true,"href":"https:\/\/diariotextual.com\/inicio\/index.php\/wp-json\/wp\/v2\/users\/5"}],"replies":[{"embeddable":true,"href":"https:\/\/diariotextual.com\/inicio\/index.php\/wp-json\/wp\/v2\/comments?post=91547"}],"version-history":[{"count":2,"href":"https:\/\/diariotextual.com\/inicio\/index.php\/wp-json\/wp\/v2\/posts\/91547\/revisions"}],"predecessor-version":[{"id":91554,"href":"https:\/\/diariotextual.com\/inicio\/index.php\/wp-json\/wp\/v2\/posts\/91547\/revisions\/91554"}],"wp:featuredmedia":[{"embeddable":true,"href":"https:\/\/diariotextual.com\/inicio\/index.php\/wp-json\/wp\/v2\/media\/91551"}],"wp:attachment":[{"href":"https:\/\/diariotextual.com\/inicio\/index.php\/wp-json\/wp\/v2\/media?parent=91547"}],"wp:term":[{"taxonomy":"category","embeddable":true,"href":"https:\/\/diariotextual.com\/inicio\/index.php\/wp-json\/wp\/v2\/categories?post=91547"},{"taxonomy":"post_tag","embeddable":true,"href":"https:\/\/diariotextual.com\/inicio\/index.php\/wp-json\/wp\/v2\/tags?post=91547"}],"curies":[{"name":"wp","href":"https:\/\/api.w.org\/{rel}","templated":true}]}}