{"id":92176,"date":"2020-05-04T17:52:51","date_gmt":"2020-05-04T20:52:51","guid":{"rendered":"http:\/\/diariotextual.com\/inicio\/?p=92176"},"modified":"2020-05-04T20:01:35","modified_gmt":"2020-05-04T23:01:35","slug":"deuda-guzman-se-mostro-decepcionado-acreedores-rechazaron-la-oferta","status":"publish","type":"post","link":"https:\/\/diariotextual.com\/inicio\/index.php\/2020\/05\/04\/deuda-guzman-se-mostro-decepcionado-acreedores-rechazaron-la-oferta\/","title":{"rendered":"Deuda: Guzm\u00e1n se mostr\u00f3 \u00abdecepcionado\u00bb acreedores que rechazaron la oferta"},"content":{"rendered":"<p>El Ministerio de Econom\u00eda, encabezada por<strong> Mart\u00edn Guzm\u00e1n<\/strong>, se manifest\u00f3 esta tarde <strong>\u00abdecepcionado\u00bb<\/strong> con la declaraci\u00f3n que emitieron hoy<strong> tres grupos de acreedores que tienen en su poder deuda emitida por el pa\u00eds<\/strong> y manifest\u00f3 su expectativa de que \u00abmucho puede cambiar en el transcurso de una semana\u00bb, de cara al plazo que vence el pr\u00f3ximo viernes para que los tenedores manifiesten si ingresan al canje.<\/p>\n<p>En un comunicado, la cartera que conduce Guzm\u00e1n dijo que \u00abtenemos la esperanza de que nuestros acreedores reconozcan que, especialmente a ra\u00edz de la crisis del Covid-19, Argentina no puede pagar m\u00e1s\u00bb y record\u00f3 que \u00abhemos publicado nuestro an\u00e1lisis de sostenibilidad de la deuda y se encuentra alineado con el del Fondo Monetario Internacional\u00bb.<\/p>\n<p>\u201c<strong>Si los tenedores de bonos tienen un enfoque diferente que se adecue a esas limitaciones, deber\u00edan presentar una propuesta espec\u00edfica. El Gobierno argentino permanece dispuesto a escuchar y tratar de encontrar un denominador com\u00fan. Pero cualquier propuesta debe pasar primero la prueba del sentido com\u00fan<\/strong>\u00ab, concluy\u00f3 el parte de prensa.<\/p>\n<p>Esta ma\u00f1ana,<strong> tres grupos de acreedores<\/strong> \u2013conformados por el Grupo Ad Hoc de Tenedores de Bonos, el Comit\u00e9 de Acreedores de Argentina y el Grupo Ad Hoc de Tenedores de Bonos de Cambio de Argentina- <strong>reiteraron su oposici\u00f3n a la propuesta presentada<\/strong> por la Argentina.<\/p>\n<p>\u201cCada uno de los tres grupos de tenedores de bonos y las instituciones que representan, junto con varios otros inversores, desean reiterar y dejar en claro que no pueden respaldar la oferta de intercambio recientemente anunciada por la Rep\u00fablica, y no entregar\u00e1n sus bonos en dicha oferta, porque, entre otras razones, los t\u00e9rminos requieren que los tenedores de bonos argentinos sufran p\u00e9rdidas desproporcionadas que no son justificadas ni necesarias\u201d, manifestaron en un comunicado conjunto.<\/p>\n<p>\u201cSin embargo, cada uno de los tres grupos de tenedores de bonos est\u00e1 preparado para discutir constructivamente con Argentina cuando su gobierno est\u00e9 listo para hacerlo, con el objetivo com\u00fan de encontrar una soluci\u00f3n viable a los desaf\u00edos financieros actuales de la Rep\u00fablica\u201d, agregaron los grupos de tenedores de deuda.<\/p>\n<p>&nbsp;<\/p>\n<p>&nbsp;<\/p>\n<p>&nbsp;<\/p>\n","protected":false},"excerpt":{"rendered":"<p>El Ministerio de Econom\u00eda, encabezada por Mart\u00edn Guzm\u00e1n, se manifest\u00f3 esta tarde \u00abdecepcionado\u00bb con la declaraci\u00f3n que emitieron hoy tres grupos de acreedores que tienen en su poder deuda emitida&hellip;<\/p>\n","protected":false},"author":3,"featured_media":73516,"comment_status":"closed","ping_status":"open","sticky":false,"template":"","format":"standard","meta":{"_acf_changed":false,"footnotes":""},"categories":[1,11,5],"tags":[615],"class_list":["post-92176","post","type-post","status-publish","format-standard","has-post-thumbnail","hentry","category-es-noticia","category-que-pasa","category-economia","tag-guzman"],"acf":[],"yoast_head":"<!-- This site is optimized with the Yoast SEO plugin v27.5 - https:\/\/yoast.com\/product\/yoast-seo-wordpress\/ -->\n<title>Deuda: Guzm\u00e1n se mostr\u00f3 &quot;decepcionado&quot; acreedores que rechazaron la oferta - Diario Textual<\/title>\n<meta name=\"robots\" content=\"index, follow, max-snippet:-1, max-image-preview:large, max-video-preview:-1\" \/>\n<link rel=\"canonical\" href=\"https:\/\/diariotextual.com\/inicio\/index.php\/2020\/05\/04\/deuda-guzman-se-mostro-decepcionado-acreedores-rechazaron-la-oferta\/\" \/>\n<meta property=\"og:locale\" content=\"es_ES\" \/>\n<meta property=\"og:type\" content=\"article\" \/>\n<meta property=\"og:title\" content=\"Deuda: Guzm\u00e1n se mostr\u00f3 &quot;decepcionado&quot; acreedores que rechazaron la oferta - Diario Textual\" \/>\n<meta property=\"og:description\" content=\"El Ministerio de Econom\u00eda, encabezada por Mart\u00edn Guzm\u00e1n, se manifest\u00f3 esta tarde \u00abdecepcionado\u00bb con la declaraci\u00f3n que emitieron hoy tres grupos de acreedores que tienen en su poder deuda emitida&hellip;\" \/>\n<meta property=\"og:url\" content=\"https:\/\/diariotextual.com\/inicio\/index.php\/2020\/05\/04\/deuda-guzman-se-mostro-decepcionado-acreedores-rechazaron-la-oferta\/\" \/>\n<meta property=\"og:site_name\" content=\"Diario Textual\" \/>\n<meta property=\"article:publisher\" content=\"https:\/\/www.facebook.com\/eltextual\" \/>\n<meta property=\"article:published_time\" content=\"2020-05-04T20:52:51+00:00\" \/>\n<meta property=\"article:modified_time\" content=\"2020-05-04T23:01:35+00:00\" \/>\n<meta property=\"og:image\" content=\"https:\/\/diariotextual.com\/inicio\/wp-content\/uploads\/2019\/12\/guzmanmartin.jpg\" \/>\n\t<meta property=\"og:image:width\" content=\"829\" \/>\n\t<meta property=\"og:image:height\" content=\"466\" \/>\n\t<meta property=\"og:image:type\" content=\"image\/jpeg\" \/>\n<meta name=\"author\" content=\"Diario1 Diario1\" \/>\n<meta name=\"twitter:card\" content=\"summary_large_image\" \/>\n<meta name=\"twitter:creator\" content=\"@eltextual\" \/>\n<meta name=\"twitter:site\" content=\"@eltextual\" \/>\n<meta name=\"twitter:label1\" content=\"Escrito por\" \/>\n\t<meta name=\"twitter:data1\" content=\"Diario1 Diario1\" \/>\n\t<meta name=\"twitter:label2\" content=\"Tiempo de lectura\" \/>\n\t<meta name=\"twitter:data2\" content=\"2 minutos\" \/>\n<script type=\"application\/ld+json\" class=\"yoast-schema-graph\">{\"@context\":\"https:\\\/\\\/schema.org\",\"@graph\":[{\"@type\":\"Article\",\"@id\":\"https:\\\/\\\/diariotextual.com\\\/inicio\\\/index.php\\\/2020\\\/05\\\/04\\\/deuda-guzman-se-mostro-decepcionado-acreedores-rechazaron-la-oferta\\\/#article\",\"isPartOf\":{\"@id\":\"https:\\\/\\\/diariotextual.com\\\/inicio\\\/index.php\\\/2020\\\/05\\\/04\\\/deuda-guzman-se-mostro-decepcionado-acreedores-rechazaron-la-oferta\\\/\"},\"author\":{\"name\":\"Diario1 Diario1\",\"@id\":\"https:\\\/\\\/diariotextual.com\\\/inicio\\\/#\\\/schema\\\/person\\\/418fc4093c33e86ed41562db3508f958\"},\"headline\":\"Deuda: Guzm\u00e1n se mostr\u00f3 \u00abdecepcionado\u00bb acreedores que rechazaron la oferta\",\"datePublished\":\"2020-05-04T20:52:51+00:00\",\"dateModified\":\"2020-05-04T23:01:35+00:00\",\"mainEntityOfPage\":{\"@id\":\"https:\\\/\\\/diariotextual.com\\\/inicio\\\/index.php\\\/2020\\\/05\\\/04\\\/deuda-guzman-se-mostro-decepcionado-acreedores-rechazaron-la-oferta\\\/\"},\"wordCount\":377,\"publisher\":{\"@id\":\"https:\\\/\\\/diariotextual.com\\\/inicio\\\/#organization\"},\"image\":{\"@id\":\"https:\\\/\\\/diariotextual.com\\\/inicio\\\/index.php\\\/2020\\\/05\\\/04\\\/deuda-guzman-se-mostro-decepcionado-acreedores-rechazaron-la-oferta\\\/#primaryimage\"},\"thumbnailUrl\":\"https:\\\/\\\/diariotextual.com\\\/inicio\\\/wp-content\\\/uploads\\\/2019\\\/12\\\/guzmanmartin.jpg\",\"keywords\":[\"guzman\"],\"articleSection\":[\"A - ES NOTICIA (van abajo)\",\"A - QUE PASA (al costado)\",\"ECONOMIA\"],\"inLanguage\":\"es\"},{\"@type\":\"WebPage\",\"@id\":\"https:\\\/\\\/diariotextual.com\\\/inicio\\\/index.php\\\/2020\\\/05\\\/04\\\/deuda-guzman-se-mostro-decepcionado-acreedores-rechazaron-la-oferta\\\/\",\"url\":\"https:\\\/\\\/diariotextual.com\\\/inicio\\\/index.php\\\/2020\\\/05\\\/04\\\/deuda-guzman-se-mostro-decepcionado-acreedores-rechazaron-la-oferta\\\/\",\"name\":\"Deuda: Guzm\u00e1n se mostr\u00f3 \\\"decepcionado\\\" acreedores que rechazaron la oferta - Diario Textual\",\"isPartOf\":{\"@id\":\"https:\\\/\\\/diariotextual.com\\\/inicio\\\/#website\"},\"primaryImageOfPage\":{\"@id\":\"https:\\\/\\\/diariotextual.com\\\/inicio\\\/index.php\\\/2020\\\/05\\\/04\\\/deuda-guzman-se-mostro-decepcionado-acreedores-rechazaron-la-oferta\\\/#primaryimage\"},\"image\":{\"@id\":\"https:\\\/\\\/diariotextual.com\\\/inicio\\\/index.php\\\/2020\\\/05\\\/04\\\/deuda-guzman-se-mostro-decepcionado-acreedores-rechazaron-la-oferta\\\/#primaryimage\"},\"thumbnailUrl\":\"https:\\\/\\\/diariotextual.com\\\/inicio\\\/wp-content\\\/uploads\\\/2019\\\/12\\\/guzmanmartin.jpg\",\"datePublished\":\"2020-05-04T20:52:51+00:00\",\"dateModified\":\"2020-05-04T23:01:35+00:00\",\"breadcrumb\":{\"@id\":\"https:\\\/\\\/diariotextual.com\\\/inicio\\\/index.php\\\/2020\\\/05\\\/04\\\/deuda-guzman-se-mostro-decepcionado-acreedores-rechazaron-la-oferta\\\/#breadcrumb\"},\"inLanguage\":\"es\",\"potentialAction\":[{\"@type\":\"ReadAction\",\"target\":[\"https:\\\/\\\/diariotextual.com\\\/inicio\\\/index.php\\\/2020\\\/05\\\/04\\\/deuda-guzman-se-mostro-decepcionado-acreedores-rechazaron-la-oferta\\\/\"]}]},{\"@type\":\"ImageObject\",\"inLanguage\":\"es\",\"@id\":\"https:\\\/\\\/diariotextual.com\\\/inicio\\\/index.php\\\/2020\\\/05\\\/04\\\/deuda-guzman-se-mostro-decepcionado-acreedores-rechazaron-la-oferta\\\/#primaryimage\",\"url\":\"https:\\\/\\\/diariotextual.com\\\/inicio\\\/wp-content\\\/uploads\\\/2019\\\/12\\\/guzmanmartin.jpg\",\"contentUrl\":\"https:\\\/\\\/diariotextual.com\\\/inicio\\\/wp-content\\\/uploads\\\/2019\\\/12\\\/guzmanmartin.jpg\",\"width\":829,\"height\":466},{\"@type\":\"BreadcrumbList\",\"@id\":\"https:\\\/\\\/diariotextual.com\\\/inicio\\\/index.php\\\/2020\\\/05\\\/04\\\/deuda-guzman-se-mostro-decepcionado-acreedores-rechazaron-la-oferta\\\/#breadcrumb\",\"itemListElement\":[{\"@type\":\"ListItem\",\"position\":1,\"name\":\"Portada\",\"item\":\"https:\\\/\\\/diariotextual.com\\\/inicio\\\/\"},{\"@type\":\"ListItem\",\"position\":2,\"name\":\"Deuda: Guzm\u00e1n se mostr\u00f3 \u00abdecepcionado\u00bb acreedores que rechazaron la oferta\"}]},{\"@type\":\"WebSite\",\"@id\":\"https:\\\/\\\/diariotextual.com\\\/inicio\\\/#website\",\"url\":\"https:\\\/\\\/diariotextual.com\\\/inicio\\\/\",\"name\":\"Diario Textual\",\"description\":\"\",\"publisher\":{\"@id\":\"https:\\\/\\\/diariotextual.com\\\/inicio\\\/#organization\"},\"potentialAction\":[{\"@type\":\"SearchAction\",\"target\":{\"@type\":\"EntryPoint\",\"urlTemplate\":\"https:\\\/\\\/diariotextual.com\\\/inicio\\\/?s={search_term_string}\"},\"query-input\":{\"@type\":\"PropertyValueSpecification\",\"valueRequired\":true,\"valueName\":\"search_term_string\"}}],\"inLanguage\":\"es\"},{\"@type\":\"Organization\",\"@id\":\"https:\\\/\\\/diariotextual.com\\\/inicio\\\/#organization\",\"name\":\"Diario Textual\",\"url\":\"https:\\\/\\\/diariotextual.com\\\/inicio\\\/\",\"logo\":{\"@type\":\"ImageObject\",\"inLanguage\":\"es\",\"@id\":\"https:\\\/\\\/diariotextual.com\\\/inicio\\\/#\\\/schema\\\/logo\\\/image\\\/\",\"url\":\"https:\\\/\\\/diariotextual.com\\\/inicio\\\/wp-content\\\/uploads\\\/2023\\\/05\\\/logotextual1.jpg\",\"contentUrl\":\"https:\\\/\\\/diariotextual.com\\\/inicio\\\/wp-content\\\/uploads\\\/2023\\\/05\\\/logotextual1.jpg\",\"width\":516,\"height\":76,\"caption\":\"Diario Textual\"},\"image\":{\"@id\":\"https:\\\/\\\/diariotextual.com\\\/inicio\\\/#\\\/schema\\\/logo\\\/image\\\/\"},\"sameAs\":[\"https:\\\/\\\/www.facebook.com\\\/eltextual\",\"https:\\\/\\\/x.com\\\/eltextual\",\"http:\\\/\\\/www.instagram.com\\\/eltextual\"]},{\"@type\":\"Person\",\"@id\":\"https:\\\/\\\/diariotextual.com\\\/inicio\\\/#\\\/schema\\\/person\\\/418fc4093c33e86ed41562db3508f958\",\"name\":\"Diario1 Diario1\",\"image\":{\"@type\":\"ImageObject\",\"inLanguage\":\"es\",\"@id\":\"https:\\\/\\\/secure.gravatar.com\\\/avatar\\\/9167d280179c85bc18be67aa7eda765854300033af4896dd779b608640f2ef7a?s=96&d=mm&r=g\",\"url\":\"https:\\\/\\\/secure.gravatar.com\\\/avatar\\\/9167d280179c85bc18be67aa7eda765854300033af4896dd779b608640f2ef7a?s=96&d=mm&r=g\",\"contentUrl\":\"https:\\\/\\\/secure.gravatar.com\\\/avatar\\\/9167d280179c85bc18be67aa7eda765854300033af4896dd779b608640f2ef7a?s=96&d=mm&r=g\",\"caption\":\"Diario1 Diario1\"},\"url\":\"https:\\\/\\\/diariotextual.com\\\/inicio\\\/index.php\\\/author\\\/diario1\\\/\"}]}<\/script>\n<!-- \/ Yoast SEO plugin. -->","yoast_head_json":{"title":"Deuda: Guzm\u00e1n se mostr\u00f3 \"decepcionado\" acreedores que rechazaron la oferta - Diario Textual","robots":{"index":"index","follow":"follow","max-snippet":"max-snippet:-1","max-image-preview":"max-image-preview:large","max-video-preview":"max-video-preview:-1"},"canonical":"https:\/\/diariotextual.com\/inicio\/index.php\/2020\/05\/04\/deuda-guzman-se-mostro-decepcionado-acreedores-rechazaron-la-oferta\/","og_locale":"es_ES","og_type":"article","og_title":"Deuda: Guzm\u00e1n se mostr\u00f3 \"decepcionado\" acreedores que rechazaron la oferta - Diario Textual","og_description":"El Ministerio de Econom\u00eda, encabezada por Mart\u00edn Guzm\u00e1n, se manifest\u00f3 esta tarde \u00abdecepcionado\u00bb con la declaraci\u00f3n que emitieron hoy tres grupos de acreedores que tienen en su poder deuda emitida&hellip;","og_url":"https:\/\/diariotextual.com\/inicio\/index.php\/2020\/05\/04\/deuda-guzman-se-mostro-decepcionado-acreedores-rechazaron-la-oferta\/","og_site_name":"Diario Textual","article_publisher":"https:\/\/www.facebook.com\/eltextual","article_published_time":"2020-05-04T20:52:51+00:00","article_modified_time":"2020-05-04T23:01:35+00:00","og_image":[{"width":829,"height":466,"url":"https:\/\/diariotextual.com\/inicio\/wp-content\/uploads\/2019\/12\/guzmanmartin.jpg","type":"image\/jpeg"}],"author":"Diario1 Diario1","twitter_card":"summary_large_image","twitter_creator":"@eltextual","twitter_site":"@eltextual","twitter_misc":{"Escrito por":"Diario1 Diario1","Tiempo de lectura":"2 minutos"},"schema":{"@context":"https:\/\/schema.org","@graph":[{"@type":"Article","@id":"https:\/\/diariotextual.com\/inicio\/index.php\/2020\/05\/04\/deuda-guzman-se-mostro-decepcionado-acreedores-rechazaron-la-oferta\/#article","isPartOf":{"@id":"https:\/\/diariotextual.com\/inicio\/index.php\/2020\/05\/04\/deuda-guzman-se-mostro-decepcionado-acreedores-rechazaron-la-oferta\/"},"author":{"name":"Diario1 Diario1","@id":"https:\/\/diariotextual.com\/inicio\/#\/schema\/person\/418fc4093c33e86ed41562db3508f958"},"headline":"Deuda: Guzm\u00e1n se mostr\u00f3 \u00abdecepcionado\u00bb acreedores que rechazaron la oferta","datePublished":"2020-05-04T20:52:51+00:00","dateModified":"2020-05-04T23:01:35+00:00","mainEntityOfPage":{"@id":"https:\/\/diariotextual.com\/inicio\/index.php\/2020\/05\/04\/deuda-guzman-se-mostro-decepcionado-acreedores-rechazaron-la-oferta\/"},"wordCount":377,"publisher":{"@id":"https:\/\/diariotextual.com\/inicio\/#organization"},"image":{"@id":"https:\/\/diariotextual.com\/inicio\/index.php\/2020\/05\/04\/deuda-guzman-se-mostro-decepcionado-acreedores-rechazaron-la-oferta\/#primaryimage"},"thumbnailUrl":"https:\/\/diariotextual.com\/inicio\/wp-content\/uploads\/2019\/12\/guzmanmartin.jpg","keywords":["guzman"],"articleSection":["A - ES NOTICIA (van abajo)","A - QUE PASA (al costado)","ECONOMIA"],"inLanguage":"es"},{"@type":"WebPage","@id":"https:\/\/diariotextual.com\/inicio\/index.php\/2020\/05\/04\/deuda-guzman-se-mostro-decepcionado-acreedores-rechazaron-la-oferta\/","url":"https:\/\/diariotextual.com\/inicio\/index.php\/2020\/05\/04\/deuda-guzman-se-mostro-decepcionado-acreedores-rechazaron-la-oferta\/","name":"Deuda: Guzm\u00e1n se mostr\u00f3 \"decepcionado\" acreedores que rechazaron la oferta - Diario Textual","isPartOf":{"@id":"https:\/\/diariotextual.com\/inicio\/#website"},"primaryImageOfPage":{"@id":"https:\/\/diariotextual.com\/inicio\/index.php\/2020\/05\/04\/deuda-guzman-se-mostro-decepcionado-acreedores-rechazaron-la-oferta\/#primaryimage"},"image":{"@id":"https:\/\/diariotextual.com\/inicio\/index.php\/2020\/05\/04\/deuda-guzman-se-mostro-decepcionado-acreedores-rechazaron-la-oferta\/#primaryimage"},"thumbnailUrl":"https:\/\/diariotextual.com\/inicio\/wp-content\/uploads\/2019\/12\/guzmanmartin.jpg","datePublished":"2020-05-04T20:52:51+00:00","dateModified":"2020-05-04T23:01:35+00:00","breadcrumb":{"@id":"https:\/\/diariotextual.com\/inicio\/index.php\/2020\/05\/04\/deuda-guzman-se-mostro-decepcionado-acreedores-rechazaron-la-oferta\/#breadcrumb"},"inLanguage":"es","potentialAction":[{"@type":"ReadAction","target":["https:\/\/diariotextual.com\/inicio\/index.php\/2020\/05\/04\/deuda-guzman-se-mostro-decepcionado-acreedores-rechazaron-la-oferta\/"]}]},{"@type":"ImageObject","inLanguage":"es","@id":"https:\/\/diariotextual.com\/inicio\/index.php\/2020\/05\/04\/deuda-guzman-se-mostro-decepcionado-acreedores-rechazaron-la-oferta\/#primaryimage","url":"https:\/\/diariotextual.com\/inicio\/wp-content\/uploads\/2019\/12\/guzmanmartin.jpg","contentUrl":"https:\/\/diariotextual.com\/inicio\/wp-content\/uploads\/2019\/12\/guzmanmartin.jpg","width":829,"height":466},{"@type":"BreadcrumbList","@id":"https:\/\/diariotextual.com\/inicio\/index.php\/2020\/05\/04\/deuda-guzman-se-mostro-decepcionado-acreedores-rechazaron-la-oferta\/#breadcrumb","itemListElement":[{"@type":"ListItem","position":1,"name":"Portada","item":"https:\/\/diariotextual.com\/inicio\/"},{"@type":"ListItem","position":2,"name":"Deuda: Guzm\u00e1n se mostr\u00f3 \u00abdecepcionado\u00bb acreedores que rechazaron la oferta"}]},{"@type":"WebSite","@id":"https:\/\/diariotextual.com\/inicio\/#website","url":"https:\/\/diariotextual.com\/inicio\/","name":"Diario Textual","description":"","publisher":{"@id":"https:\/\/diariotextual.com\/inicio\/#organization"},"potentialAction":[{"@type":"SearchAction","target":{"@type":"EntryPoint","urlTemplate":"https:\/\/diariotextual.com\/inicio\/?s={search_term_string}"},"query-input":{"@type":"PropertyValueSpecification","valueRequired":true,"valueName":"search_term_string"}}],"inLanguage":"es"},{"@type":"Organization","@id":"https:\/\/diariotextual.com\/inicio\/#organization","name":"Diario Textual","url":"https:\/\/diariotextual.com\/inicio\/","logo":{"@type":"ImageObject","inLanguage":"es","@id":"https:\/\/diariotextual.com\/inicio\/#\/schema\/logo\/image\/","url":"https:\/\/diariotextual.com\/inicio\/wp-content\/uploads\/2023\/05\/logotextual1.jpg","contentUrl":"https:\/\/diariotextual.com\/inicio\/wp-content\/uploads\/2023\/05\/logotextual1.jpg","width":516,"height":76,"caption":"Diario Textual"},"image":{"@id":"https:\/\/diariotextual.com\/inicio\/#\/schema\/logo\/image\/"},"sameAs":["https:\/\/www.facebook.com\/eltextual","https:\/\/x.com\/eltextual","http:\/\/www.instagram.com\/eltextual"]},{"@type":"Person","@id":"https:\/\/diariotextual.com\/inicio\/#\/schema\/person\/418fc4093c33e86ed41562db3508f958","name":"Diario1 Diario1","image":{"@type":"ImageObject","inLanguage":"es","@id":"https:\/\/secure.gravatar.com\/avatar\/9167d280179c85bc18be67aa7eda765854300033af4896dd779b608640f2ef7a?s=96&d=mm&r=g","url":"https:\/\/secure.gravatar.com\/avatar\/9167d280179c85bc18be67aa7eda765854300033af4896dd779b608640f2ef7a?s=96&d=mm&r=g","contentUrl":"https:\/\/secure.gravatar.com\/avatar\/9167d280179c85bc18be67aa7eda765854300033af4896dd779b608640f2ef7a?s=96&d=mm&r=g","caption":"Diario1 Diario1"},"url":"https:\/\/diariotextual.com\/inicio\/index.php\/author\/diario1\/"}]}},"_links":{"self":[{"href":"https:\/\/diariotextual.com\/inicio\/index.php\/wp-json\/wp\/v2\/posts\/92176","targetHints":{"allow":["GET"]}}],"collection":[{"href":"https:\/\/diariotextual.com\/inicio\/index.php\/wp-json\/wp\/v2\/posts"}],"about":[{"href":"https:\/\/diariotextual.com\/inicio\/index.php\/wp-json\/wp\/v2\/types\/post"}],"author":[{"embeddable":true,"href":"https:\/\/diariotextual.com\/inicio\/index.php\/wp-json\/wp\/v2\/users\/3"}],"replies":[{"embeddable":true,"href":"https:\/\/diariotextual.com\/inicio\/index.php\/wp-json\/wp\/v2\/comments?post=92176"}],"version-history":[{"count":3,"href":"https:\/\/diariotextual.com\/inicio\/index.php\/wp-json\/wp\/v2\/posts\/92176\/revisions"}],"predecessor-version":[{"id":92186,"href":"https:\/\/diariotextual.com\/inicio\/index.php\/wp-json\/wp\/v2\/posts\/92176\/revisions\/92186"}],"wp:featuredmedia":[{"embeddable":true,"href":"https:\/\/diariotextual.com\/inicio\/index.php\/wp-json\/wp\/v2\/media\/73516"}],"wp:attachment":[{"href":"https:\/\/diariotextual.com\/inicio\/index.php\/wp-json\/wp\/v2\/media?parent=92176"}],"wp:term":[{"taxonomy":"category","embeddable":true,"href":"https:\/\/diariotextual.com\/inicio\/index.php\/wp-json\/wp\/v2\/categories?post=92176"},{"taxonomy":"post_tag","embeddable":true,"href":"https:\/\/diariotextual.com\/inicio\/index.php\/wp-json\/wp\/v2\/tags?post=92176"}],"curies":[{"name":"wp","href":"https:\/\/api.w.org\/{rel}","templated":true}]}}