{"id":93352,"date":"2020-05-12T22:15:42","date_gmt":"2020-05-13T01:15:42","guid":{"rendered":"http:\/\/diariotextual.com\/inicio\/?p=93352"},"modified":"2020-05-13T09:43:11","modified_gmt":"2020-05-13T12:43:11","slug":"funcionara-mayo-programa-ayuda-estatal-pago-los-salarios-empresas-privadas","status":"publish","type":"post","link":"https:\/\/diariotextual.com\/inicio\/index.php\/2020\/05\/12\/funcionara-mayo-programa-ayuda-estatal-pago-los-salarios-empresas-privadas\/","title":{"rendered":"C\u00f3mo funcionar\u00e1 en mayo el programa de ayuda estatal para el pago de los salarios de empresas privadas"},"content":{"rendered":"<p>El Gobierno naciona<strong>l decidi\u00f3 extender los beneficios del Programa de Asistencia al Trabajo y a la Producci\u00f3n<\/strong> (ATP) en mayo. De esta manera<strong>, se acreditar\u00e1 por segundo mes consecutivo el auxilio a empresas privadas<\/strong> mediante el pago de la mitad de casi un mill\u00f3n de salarios y la reducci\u00f3n de contribuciones patronales, como medida para paliar los efectos de la cuarentena por la pandemia de coronavirus. As\u00ed qued\u00f3 establecido por la Jefatura de Gabinete mediante la Decisi\u00f3n Administrativa 2020\/765.<\/p>\n<p>De esta manera,<strong> el pago se realizar\u00eda el cuarto d\u00eda h\u00e1bil de junio<\/strong>, como ocurri\u00f3 este mes con la ayuda para los sueldos de abril (hubo, igual, varios atrasos).<\/p>\n<p>La Jefatura de Gabinete adopt\u00f3 las recomendaciones del Comit\u00e9 de Evaluaci\u00f3n y Monitoreo del ATP que sugiri\u00f3 que los beneficios de ese programa se repitan en el quinto mes del a\u00f1o, a ra\u00edz de la extensi\u00f3n de la cuarentena.<\/p>\n<p>\u201cEl Comit\u00e9 recomienda que se extiendan los beneficios del Programa ATP relativos al Salario Complementario y a la postergaci\u00f3n y reducci\u00f3n del pago de las contribuciones patronales al Sistema Integrado Previsional Argentino, respecto de los salarios y contribuciones que se devenguen durante mayo\u201d, seg\u00fan el texto oficial, que reprodujo <strong>Infobae<\/strong>.<\/p>\n<p>Dado que en el decreto que defini\u00f3 el primer pago contempl\u00f3 como remuneraci\u00f3n a considerar para estimar el Salario Complementario correspondiente abril a la remuneraci\u00f3n abonada en el mes de febrero, el Comit\u00e9 de Evaluaci\u00f3n y Monitoreo del ATP consider\u00f3 que para proceder al c\u00e1lculo del Salario Complementario de mayo \u201cresulta procedente tomar como referencia a la remuneraci\u00f3n abonada en marzo de 2020\u201d.<\/p>\n<p>Las empresas que reciban este auxilio podr\u00e1n elegir entre reducir las contribuciones patronales en un 95% o postergar su pago por dos meses.<\/p>\n<p>La Anses transferir\u00e1 a las cuentas de los trabajadores, en forma directa, un monto para cubrir el 50% del sueldo de bolsillo: la asignaci\u00f3n no podr\u00e1 ser menor a un salario m\u00ednimo (16.875 pesos) ni mayor a dos (33.750 pesos).<\/p>\n<p>Por otra parte, el Comit\u00e9 consider\u00f3 que las empresas de salud privadas est\u00e1n en condiciones de acceder a este beneficio, pero recomend\u00f3 al Ministerio de Salud que determine a qu\u00e9 empleadores les corresponde.<\/p>\n<p>Esta segmentaci\u00f3n se realizar\u00e1 de acuerdo con el nivel de facturaci\u00f3n, si desempe\u00f1an actividades en una zona geogr\u00e1fica cr\u00edtica o si tienen una alta proporci\u00f3n del personal infectado de Covid-19.<\/p>\n<p>En tanto, el Ministerio de Transporte propuso sumar a las empresas de transporte de pasajeros y de cargas al ATP, mientras que la cartera de Educaci\u00f3n recomend\u00f3 incluir a aquellos empleadores que no reciban aportes o subsidios por parte del Estado.<\/p>\n<p>&nbsp;<\/p>\n<p>&nbsp;<\/p>\n","protected":false},"excerpt":{"rendered":"<p>El Gobierno nacional decidi\u00f3 extender los beneficios del Programa de Asistencia al Trabajo y a la Producci\u00f3n (ATP) en mayo. De esta manera, se acreditar\u00e1 por segundo mes consecutivo el&hellip;<\/p>\n","protected":false},"author":3,"featured_media":88337,"comment_status":"closed","ping_status":"open","sticky":false,"template":"","format":"standard","meta":{"_acf_changed":false,"footnotes":""},"categories":[11,5],"tags":[3081,2490],"class_list":["post-93352","post","type-post","status-publish","format-standard","has-post-thumbnail","hentry","category-que-pasa","category-economia","tag-atp","tag-cafiero"],"acf":[],"yoast_head":"<!-- This site is optimized with the Yoast SEO plugin v27.5 - https:\/\/yoast.com\/product\/yoast-seo-wordpress\/ -->\n<title>C\u00f3mo funcionar\u00e1 en mayo el programa de ayuda estatal para el pago de los salarios de empresas privadas - Diario Textual<\/title>\n<meta name=\"robots\" content=\"index, follow, max-snippet:-1, max-image-preview:large, max-video-preview:-1\" \/>\n<link rel=\"canonical\" href=\"https:\/\/diariotextual.com\/inicio\/index.php\/2020\/05\/12\/funcionara-mayo-programa-ayuda-estatal-pago-los-salarios-empresas-privadas\/\" \/>\n<meta property=\"og:locale\" content=\"es_ES\" \/>\n<meta property=\"og:type\" content=\"article\" \/>\n<meta property=\"og:title\" content=\"C\u00f3mo funcionar\u00e1 en mayo el programa de ayuda estatal para el pago de los salarios de empresas privadas - Diario Textual\" \/>\n<meta property=\"og:description\" content=\"El Gobierno nacional decidi\u00f3 extender los beneficios del Programa de Asistencia al Trabajo y a la Producci\u00f3n (ATP) en mayo. De esta manera, se acreditar\u00e1 por segundo mes consecutivo el&hellip;\" \/>\n<meta property=\"og:url\" content=\"https:\/\/diariotextual.com\/inicio\/index.php\/2020\/05\/12\/funcionara-mayo-programa-ayuda-estatal-pago-los-salarios-empresas-privadas\/\" \/>\n<meta property=\"og:site_name\" content=\"Diario Textual\" \/>\n<meta property=\"article:publisher\" content=\"https:\/\/www.facebook.com\/eltextual\" \/>\n<meta property=\"article:published_time\" content=\"2020-05-13T01:15:42+00:00\" \/>\n<meta property=\"article:modified_time\" content=\"2020-05-13T12:43:11+00:00\" \/>\n<meta property=\"og:image\" content=\"https:\/\/diariotextual.com\/inicio\/wp-content\/uploads\/2020\/04\/FernandezCafiero.jpg\" \/>\n\t<meta property=\"og:image:width\" content=\"700\" \/>\n\t<meta property=\"og:image:height\" content=\"422\" \/>\n\t<meta property=\"og:image:type\" content=\"image\/jpeg\" \/>\n<meta name=\"author\" content=\"Diario1 Diario1\" \/>\n<meta name=\"twitter:card\" content=\"summary_large_image\" \/>\n<meta name=\"twitter:creator\" content=\"@eltextual\" \/>\n<meta name=\"twitter:site\" content=\"@eltextual\" \/>\n<meta name=\"twitter:label1\" content=\"Escrito por\" \/>\n\t<meta name=\"twitter:data1\" content=\"Diario1 Diario1\" \/>\n\t<meta name=\"twitter:label2\" content=\"Tiempo de lectura\" \/>\n\t<meta name=\"twitter:data2\" content=\"2 minutos\" \/>\n<script type=\"application\/ld+json\" class=\"yoast-schema-graph\">{\"@context\":\"https:\\\/\\\/schema.org\",\"@graph\":[{\"@type\":\"Article\",\"@id\":\"https:\\\/\\\/diariotextual.com\\\/inicio\\\/index.php\\\/2020\\\/05\\\/12\\\/funcionara-mayo-programa-ayuda-estatal-pago-los-salarios-empresas-privadas\\\/#article\",\"isPartOf\":{\"@id\":\"https:\\\/\\\/diariotextual.com\\\/inicio\\\/index.php\\\/2020\\\/05\\\/12\\\/funcionara-mayo-programa-ayuda-estatal-pago-los-salarios-empresas-privadas\\\/\"},\"author\":{\"name\":\"Diario1 Diario1\",\"@id\":\"https:\\\/\\\/diariotextual.com\\\/inicio\\\/#\\\/schema\\\/person\\\/418fc4093c33e86ed41562db3508f958\"},\"headline\":\"C\u00f3mo funcionar\u00e1 en mayo el programa de ayuda estatal para el pago de los salarios de empresas privadas\",\"datePublished\":\"2020-05-13T01:15:42+00:00\",\"dateModified\":\"2020-05-13T12:43:11+00:00\",\"mainEntityOfPage\":{\"@id\":\"https:\\\/\\\/diariotextual.com\\\/inicio\\\/index.php\\\/2020\\\/05\\\/12\\\/funcionara-mayo-programa-ayuda-estatal-pago-los-salarios-empresas-privadas\\\/\"},\"wordCount\":472,\"publisher\":{\"@id\":\"https:\\\/\\\/diariotextual.com\\\/inicio\\\/#organization\"},\"image\":{\"@id\":\"https:\\\/\\\/diariotextual.com\\\/inicio\\\/index.php\\\/2020\\\/05\\\/12\\\/funcionara-mayo-programa-ayuda-estatal-pago-los-salarios-empresas-privadas\\\/#primaryimage\"},\"thumbnailUrl\":\"https:\\\/\\\/diariotextual.com\\\/inicio\\\/wp-content\\\/uploads\\\/2020\\\/04\\\/FernandezCafiero.jpg\",\"keywords\":[\"atp\",\"cafiero\"],\"articleSection\":[\"A - QUE PASA (al costado)\",\"ECONOMIA\"],\"inLanguage\":\"es\"},{\"@type\":\"WebPage\",\"@id\":\"https:\\\/\\\/diariotextual.com\\\/inicio\\\/index.php\\\/2020\\\/05\\\/12\\\/funcionara-mayo-programa-ayuda-estatal-pago-los-salarios-empresas-privadas\\\/\",\"url\":\"https:\\\/\\\/diariotextual.com\\\/inicio\\\/index.php\\\/2020\\\/05\\\/12\\\/funcionara-mayo-programa-ayuda-estatal-pago-los-salarios-empresas-privadas\\\/\",\"name\":\"C\u00f3mo funcionar\u00e1 en mayo el programa de ayuda estatal para el pago de los salarios de empresas privadas - Diario Textual\",\"isPartOf\":{\"@id\":\"https:\\\/\\\/diariotextual.com\\\/inicio\\\/#website\"},\"primaryImageOfPage\":{\"@id\":\"https:\\\/\\\/diariotextual.com\\\/inicio\\\/index.php\\\/2020\\\/05\\\/12\\\/funcionara-mayo-programa-ayuda-estatal-pago-los-salarios-empresas-privadas\\\/#primaryimage\"},\"image\":{\"@id\":\"https:\\\/\\\/diariotextual.com\\\/inicio\\\/index.php\\\/2020\\\/05\\\/12\\\/funcionara-mayo-programa-ayuda-estatal-pago-los-salarios-empresas-privadas\\\/#primaryimage\"},\"thumbnailUrl\":\"https:\\\/\\\/diariotextual.com\\\/inicio\\\/wp-content\\\/uploads\\\/2020\\\/04\\\/FernandezCafiero.jpg\",\"datePublished\":\"2020-05-13T01:15:42+00:00\",\"dateModified\":\"2020-05-13T12:43:11+00:00\",\"breadcrumb\":{\"@id\":\"https:\\\/\\\/diariotextual.com\\\/inicio\\\/index.php\\\/2020\\\/05\\\/12\\\/funcionara-mayo-programa-ayuda-estatal-pago-los-salarios-empresas-privadas\\\/#breadcrumb\"},\"inLanguage\":\"es\",\"potentialAction\":[{\"@type\":\"ReadAction\",\"target\":[\"https:\\\/\\\/diariotextual.com\\\/inicio\\\/index.php\\\/2020\\\/05\\\/12\\\/funcionara-mayo-programa-ayuda-estatal-pago-los-salarios-empresas-privadas\\\/\"]}]},{\"@type\":\"ImageObject\",\"inLanguage\":\"es\",\"@id\":\"https:\\\/\\\/diariotextual.com\\\/inicio\\\/index.php\\\/2020\\\/05\\\/12\\\/funcionara-mayo-programa-ayuda-estatal-pago-los-salarios-empresas-privadas\\\/#primaryimage\",\"url\":\"https:\\\/\\\/diariotextual.com\\\/inicio\\\/wp-content\\\/uploads\\\/2020\\\/04\\\/FernandezCafiero.jpg\",\"contentUrl\":\"https:\\\/\\\/diariotextual.com\\\/inicio\\\/wp-content\\\/uploads\\\/2020\\\/04\\\/FernandezCafiero.jpg\",\"width\":700,\"height\":422},{\"@type\":\"BreadcrumbList\",\"@id\":\"https:\\\/\\\/diariotextual.com\\\/inicio\\\/index.php\\\/2020\\\/05\\\/12\\\/funcionara-mayo-programa-ayuda-estatal-pago-los-salarios-empresas-privadas\\\/#breadcrumb\",\"itemListElement\":[{\"@type\":\"ListItem\",\"position\":1,\"name\":\"Portada\",\"item\":\"https:\\\/\\\/diariotextual.com\\\/inicio\\\/\"},{\"@type\":\"ListItem\",\"position\":2,\"name\":\"C\u00f3mo funcionar\u00e1 en mayo el programa de ayuda estatal para el pago de los salarios de empresas privadas\"}]},{\"@type\":\"WebSite\",\"@id\":\"https:\\\/\\\/diariotextual.com\\\/inicio\\\/#website\",\"url\":\"https:\\\/\\\/diariotextual.com\\\/inicio\\\/\",\"name\":\"Diario Textual\",\"description\":\"\",\"publisher\":{\"@id\":\"https:\\\/\\\/diariotextual.com\\\/inicio\\\/#organization\"},\"potentialAction\":[{\"@type\":\"SearchAction\",\"target\":{\"@type\":\"EntryPoint\",\"urlTemplate\":\"https:\\\/\\\/diariotextual.com\\\/inicio\\\/?s={search_term_string}\"},\"query-input\":{\"@type\":\"PropertyValueSpecification\",\"valueRequired\":true,\"valueName\":\"search_term_string\"}}],\"inLanguage\":\"es\"},{\"@type\":\"Organization\",\"@id\":\"https:\\\/\\\/diariotextual.com\\\/inicio\\\/#organization\",\"name\":\"Diario Textual\",\"url\":\"https:\\\/\\\/diariotextual.com\\\/inicio\\\/\",\"logo\":{\"@type\":\"ImageObject\",\"inLanguage\":\"es\",\"@id\":\"https:\\\/\\\/diariotextual.com\\\/inicio\\\/#\\\/schema\\\/logo\\\/image\\\/\",\"url\":\"https:\\\/\\\/diariotextual.com\\\/inicio\\\/wp-content\\\/uploads\\\/2023\\\/05\\\/logotextual1.jpg\",\"contentUrl\":\"https:\\\/\\\/diariotextual.com\\\/inicio\\\/wp-content\\\/uploads\\\/2023\\\/05\\\/logotextual1.jpg\",\"width\":516,\"height\":76,\"caption\":\"Diario Textual\"},\"image\":{\"@id\":\"https:\\\/\\\/diariotextual.com\\\/inicio\\\/#\\\/schema\\\/logo\\\/image\\\/\"},\"sameAs\":[\"https:\\\/\\\/www.facebook.com\\\/eltextual\",\"https:\\\/\\\/x.com\\\/eltextual\",\"http:\\\/\\\/www.instagram.com\\\/eltextual\"]},{\"@type\":\"Person\",\"@id\":\"https:\\\/\\\/diariotextual.com\\\/inicio\\\/#\\\/schema\\\/person\\\/418fc4093c33e86ed41562db3508f958\",\"name\":\"Diario1 Diario1\",\"image\":{\"@type\":\"ImageObject\",\"inLanguage\":\"es\",\"@id\":\"https:\\\/\\\/secure.gravatar.com\\\/avatar\\\/9167d280179c85bc18be67aa7eda765854300033af4896dd779b608640f2ef7a?s=96&d=mm&r=g\",\"url\":\"https:\\\/\\\/secure.gravatar.com\\\/avatar\\\/9167d280179c85bc18be67aa7eda765854300033af4896dd779b608640f2ef7a?s=96&d=mm&r=g\",\"contentUrl\":\"https:\\\/\\\/secure.gravatar.com\\\/avatar\\\/9167d280179c85bc18be67aa7eda765854300033af4896dd779b608640f2ef7a?s=96&d=mm&r=g\",\"caption\":\"Diario1 Diario1\"},\"url\":\"https:\\\/\\\/diariotextual.com\\\/inicio\\\/index.php\\\/author\\\/diario1\\\/\"}]}<\/script>\n<!-- \/ Yoast SEO plugin. -->","yoast_head_json":{"title":"C\u00f3mo funcionar\u00e1 en mayo el programa de ayuda estatal para el pago de los salarios de empresas privadas - Diario Textual","robots":{"index":"index","follow":"follow","max-snippet":"max-snippet:-1","max-image-preview":"max-image-preview:large","max-video-preview":"max-video-preview:-1"},"canonical":"https:\/\/diariotextual.com\/inicio\/index.php\/2020\/05\/12\/funcionara-mayo-programa-ayuda-estatal-pago-los-salarios-empresas-privadas\/","og_locale":"es_ES","og_type":"article","og_title":"C\u00f3mo funcionar\u00e1 en mayo el programa de ayuda estatal para el pago de los salarios de empresas privadas - Diario Textual","og_description":"El Gobierno nacional decidi\u00f3 extender los beneficios del Programa de Asistencia al Trabajo y a la Producci\u00f3n (ATP) en mayo. De esta manera, se acreditar\u00e1 por segundo mes consecutivo el&hellip;","og_url":"https:\/\/diariotextual.com\/inicio\/index.php\/2020\/05\/12\/funcionara-mayo-programa-ayuda-estatal-pago-los-salarios-empresas-privadas\/","og_site_name":"Diario Textual","article_publisher":"https:\/\/www.facebook.com\/eltextual","article_published_time":"2020-05-13T01:15:42+00:00","article_modified_time":"2020-05-13T12:43:11+00:00","og_image":[{"width":700,"height":422,"url":"https:\/\/diariotextual.com\/inicio\/wp-content\/uploads\/2020\/04\/FernandezCafiero.jpg","type":"image\/jpeg"}],"author":"Diario1 Diario1","twitter_card":"summary_large_image","twitter_creator":"@eltextual","twitter_site":"@eltextual","twitter_misc":{"Escrito por":"Diario1 Diario1","Tiempo de lectura":"2 minutos"},"schema":{"@context":"https:\/\/schema.org","@graph":[{"@type":"Article","@id":"https:\/\/diariotextual.com\/inicio\/index.php\/2020\/05\/12\/funcionara-mayo-programa-ayuda-estatal-pago-los-salarios-empresas-privadas\/#article","isPartOf":{"@id":"https:\/\/diariotextual.com\/inicio\/index.php\/2020\/05\/12\/funcionara-mayo-programa-ayuda-estatal-pago-los-salarios-empresas-privadas\/"},"author":{"name":"Diario1 Diario1","@id":"https:\/\/diariotextual.com\/inicio\/#\/schema\/person\/418fc4093c33e86ed41562db3508f958"},"headline":"C\u00f3mo funcionar\u00e1 en mayo el programa de ayuda estatal para el pago de los salarios de empresas privadas","datePublished":"2020-05-13T01:15:42+00:00","dateModified":"2020-05-13T12:43:11+00:00","mainEntityOfPage":{"@id":"https:\/\/diariotextual.com\/inicio\/index.php\/2020\/05\/12\/funcionara-mayo-programa-ayuda-estatal-pago-los-salarios-empresas-privadas\/"},"wordCount":472,"publisher":{"@id":"https:\/\/diariotextual.com\/inicio\/#organization"},"image":{"@id":"https:\/\/diariotextual.com\/inicio\/index.php\/2020\/05\/12\/funcionara-mayo-programa-ayuda-estatal-pago-los-salarios-empresas-privadas\/#primaryimage"},"thumbnailUrl":"https:\/\/diariotextual.com\/inicio\/wp-content\/uploads\/2020\/04\/FernandezCafiero.jpg","keywords":["atp","cafiero"],"articleSection":["A - QUE PASA (al costado)","ECONOMIA"],"inLanguage":"es"},{"@type":"WebPage","@id":"https:\/\/diariotextual.com\/inicio\/index.php\/2020\/05\/12\/funcionara-mayo-programa-ayuda-estatal-pago-los-salarios-empresas-privadas\/","url":"https:\/\/diariotextual.com\/inicio\/index.php\/2020\/05\/12\/funcionara-mayo-programa-ayuda-estatal-pago-los-salarios-empresas-privadas\/","name":"C\u00f3mo funcionar\u00e1 en mayo el programa de ayuda estatal para el pago de los salarios de empresas privadas - Diario Textual","isPartOf":{"@id":"https:\/\/diariotextual.com\/inicio\/#website"},"primaryImageOfPage":{"@id":"https:\/\/diariotextual.com\/inicio\/index.php\/2020\/05\/12\/funcionara-mayo-programa-ayuda-estatal-pago-los-salarios-empresas-privadas\/#primaryimage"},"image":{"@id":"https:\/\/diariotextual.com\/inicio\/index.php\/2020\/05\/12\/funcionara-mayo-programa-ayuda-estatal-pago-los-salarios-empresas-privadas\/#primaryimage"},"thumbnailUrl":"https:\/\/diariotextual.com\/inicio\/wp-content\/uploads\/2020\/04\/FernandezCafiero.jpg","datePublished":"2020-05-13T01:15:42+00:00","dateModified":"2020-05-13T12:43:11+00:00","breadcrumb":{"@id":"https:\/\/diariotextual.com\/inicio\/index.php\/2020\/05\/12\/funcionara-mayo-programa-ayuda-estatal-pago-los-salarios-empresas-privadas\/#breadcrumb"},"inLanguage":"es","potentialAction":[{"@type":"ReadAction","target":["https:\/\/diariotextual.com\/inicio\/index.php\/2020\/05\/12\/funcionara-mayo-programa-ayuda-estatal-pago-los-salarios-empresas-privadas\/"]}]},{"@type":"ImageObject","inLanguage":"es","@id":"https:\/\/diariotextual.com\/inicio\/index.php\/2020\/05\/12\/funcionara-mayo-programa-ayuda-estatal-pago-los-salarios-empresas-privadas\/#primaryimage","url":"https:\/\/diariotextual.com\/inicio\/wp-content\/uploads\/2020\/04\/FernandezCafiero.jpg","contentUrl":"https:\/\/diariotextual.com\/inicio\/wp-content\/uploads\/2020\/04\/FernandezCafiero.jpg","width":700,"height":422},{"@type":"BreadcrumbList","@id":"https:\/\/diariotextual.com\/inicio\/index.php\/2020\/05\/12\/funcionara-mayo-programa-ayuda-estatal-pago-los-salarios-empresas-privadas\/#breadcrumb","itemListElement":[{"@type":"ListItem","position":1,"name":"Portada","item":"https:\/\/diariotextual.com\/inicio\/"},{"@type":"ListItem","position":2,"name":"C\u00f3mo funcionar\u00e1 en mayo el programa de ayuda estatal para el pago de los salarios de empresas privadas"}]},{"@type":"WebSite","@id":"https:\/\/diariotextual.com\/inicio\/#website","url":"https:\/\/diariotextual.com\/inicio\/","name":"Diario Textual","description":"","publisher":{"@id":"https:\/\/diariotextual.com\/inicio\/#organization"},"potentialAction":[{"@type":"SearchAction","target":{"@type":"EntryPoint","urlTemplate":"https:\/\/diariotextual.com\/inicio\/?s={search_term_string}"},"query-input":{"@type":"PropertyValueSpecification","valueRequired":true,"valueName":"search_term_string"}}],"inLanguage":"es"},{"@type":"Organization","@id":"https:\/\/diariotextual.com\/inicio\/#organization","name":"Diario Textual","url":"https:\/\/diariotextual.com\/inicio\/","logo":{"@type":"ImageObject","inLanguage":"es","@id":"https:\/\/diariotextual.com\/inicio\/#\/schema\/logo\/image\/","url":"https:\/\/diariotextual.com\/inicio\/wp-content\/uploads\/2023\/05\/logotextual1.jpg","contentUrl":"https:\/\/diariotextual.com\/inicio\/wp-content\/uploads\/2023\/05\/logotextual1.jpg","width":516,"height":76,"caption":"Diario Textual"},"image":{"@id":"https:\/\/diariotextual.com\/inicio\/#\/schema\/logo\/image\/"},"sameAs":["https:\/\/www.facebook.com\/eltextual","https:\/\/x.com\/eltextual","http:\/\/www.instagram.com\/eltextual"]},{"@type":"Person","@id":"https:\/\/diariotextual.com\/inicio\/#\/schema\/person\/418fc4093c33e86ed41562db3508f958","name":"Diario1 Diario1","image":{"@type":"ImageObject","inLanguage":"es","@id":"https:\/\/secure.gravatar.com\/avatar\/9167d280179c85bc18be67aa7eda765854300033af4896dd779b608640f2ef7a?s=96&d=mm&r=g","url":"https:\/\/secure.gravatar.com\/avatar\/9167d280179c85bc18be67aa7eda765854300033af4896dd779b608640f2ef7a?s=96&d=mm&r=g","contentUrl":"https:\/\/secure.gravatar.com\/avatar\/9167d280179c85bc18be67aa7eda765854300033af4896dd779b608640f2ef7a?s=96&d=mm&r=g","caption":"Diario1 Diario1"},"url":"https:\/\/diariotextual.com\/inicio\/index.php\/author\/diario1\/"}]}},"_links":{"self":[{"href":"https:\/\/diariotextual.com\/inicio\/index.php\/wp-json\/wp\/v2\/posts\/93352","targetHints":{"allow":["GET"]}}],"collection":[{"href":"https:\/\/diariotextual.com\/inicio\/index.php\/wp-json\/wp\/v2\/posts"}],"about":[{"href":"https:\/\/diariotextual.com\/inicio\/index.php\/wp-json\/wp\/v2\/types\/post"}],"author":[{"embeddable":true,"href":"https:\/\/diariotextual.com\/inicio\/index.php\/wp-json\/wp\/v2\/users\/3"}],"replies":[{"embeddable":true,"href":"https:\/\/diariotextual.com\/inicio\/index.php\/wp-json\/wp\/v2\/comments?post=93352"}],"version-history":[{"count":1,"href":"https:\/\/diariotextual.com\/inicio\/index.php\/wp-json\/wp\/v2\/posts\/93352\/revisions"}],"predecessor-version":[{"id":93353,"href":"https:\/\/diariotextual.com\/inicio\/index.php\/wp-json\/wp\/v2\/posts\/93352\/revisions\/93353"}],"wp:featuredmedia":[{"embeddable":true,"href":"https:\/\/diariotextual.com\/inicio\/index.php\/wp-json\/wp\/v2\/media\/88337"}],"wp:attachment":[{"href":"https:\/\/diariotextual.com\/inicio\/index.php\/wp-json\/wp\/v2\/media?parent=93352"}],"wp:term":[{"taxonomy":"category","embeddable":true,"href":"https:\/\/diariotextual.com\/inicio\/index.php\/wp-json\/wp\/v2\/categories?post=93352"},{"taxonomy":"post_tag","embeddable":true,"href":"https:\/\/diariotextual.com\/inicio\/index.php\/wp-json\/wp\/v2\/tags?post=93352"}],"curies":[{"name":"wp","href":"https:\/\/api.w.org\/{rel}","templated":true}]}}