{"id":94364,"date":"2020-05-20T12:54:26","date_gmt":"2020-05-20T15:54:26","guid":{"rendered":"http:\/\/diariotextual.com\/inicio\/?p=94364"},"modified":"2020-05-20T12:59:55","modified_gmt":"2020-05-20T15:59:55","slug":"familia-pampeana-varada-ucrania-ya-tienen-fecha-regreso","status":"publish","type":"post","link":"https:\/\/diariotextual.com\/inicio\/index.php\/2020\/05\/20\/familia-pampeana-varada-ucrania-ya-tienen-fecha-regreso\/","title":{"rendered":"Familia pampeana varada en Ucrania ya tiene fecha de regreso"},"content":{"rendered":"<p>Los pampeanos <strong>Iv\u00e1n Acosta y\u00a0Jimena Holgado<\/strong> \u2013que se encuentran varados junto a sus hijas en Ucrania- finalmente podr\u00e1n regresar a La Pampa.<\/p>\n<p>La pareja est\u00e1 en Kiev, la capital de Ucrania, desde el 12 de marzo pasado cuando viajaron a buscar a sus hijas Faustina y Anastasia, nacidas a trav\u00e9s de la subrogaci\u00f3n de vientre. \u00abEl\u00a0<strong>el pr\u00f3ximo 29 de mayo seremos repatriados a la Argentina\u00bb,<\/strong> confirm\u00f3 el m\u00e9dico santarrose\u00f1o a Diario Textual.<\/p>\n<p>La pareja ten\u00eda el pasaje de vuelta para el 23 de abril por la aerol\u00ednea KLM, que una vez establecida la cuarentena por el coronavirus suspendi\u00f3 los vuelos y dej\u00f3 a cientos de pasajeros sin respuestas. El viaje fue reprogramado, pero las fechas de regreso se fueron extendiendo sin confirmaci\u00f3n segura.<\/p>\n<p>La ansiada vuelta estaba siendo anhelada desde hac\u00eda tiempo y la pareja estaba en permanente contacto con autoridades de la canciller\u00eda argentina y con autoridades provinciales.<\/p>\n<p><strong>\u201cEl tiempo va transcurriendo y uno se empieza a poner impaciente. Esperemos que llegue pronto la vuelta a casa\u201d,<\/strong> hab\u00eda deseado Acosta en una entrevista con Diario Textual a principios de mayo.<\/p>\n<p>La familia pampeana no es la \u00fanica varada en aqu\u00e9l pa\u00eds. Hay alrededor de 30 parejas argentinas que a\u00fan no han podido regresar al pa\u00eds.<\/p>\n","protected":false},"excerpt":{"rendered":"<p>Los pampeanos Iv\u00e1n Acosta y\u00a0Jimena Holgado \u2013que se encuentran varados junto a sus hijas en Ucrania- finalmente podr\u00e1n regresar a La Pampa. La pareja est\u00e1 en Kiev, la capital de&hellip;<\/p>\n","protected":false},"author":4,"featured_media":94365,"comment_status":"closed","ping_status":"open","sticky":false,"template":"","format":"standard","meta":{"_acf_changed":false,"footnotes":""},"categories":[4,12],"tags":[],"class_list":["post-94364","post","type-post","status-publish","format-standard","has-post-thumbnail","hentry","category-destacadas","category-sociedad"],"acf":[],"yoast_head":"<!-- This site is optimized with the Yoast SEO plugin v27.5 - https:\/\/yoast.com\/product\/yoast-seo-wordpress\/ -->\n<title>Familia pampeana varada en Ucrania ya tiene fecha de regreso - Diario Textual<\/title>\n<meta name=\"robots\" content=\"index, follow, max-snippet:-1, max-image-preview:large, max-video-preview:-1\" \/>\n<link rel=\"canonical\" href=\"https:\/\/diariotextual.com\/inicio\/index.php\/2020\/05\/20\/familia-pampeana-varada-ucrania-ya-tienen-fecha-regreso\/\" \/>\n<meta property=\"og:locale\" content=\"es_ES\" \/>\n<meta property=\"og:type\" content=\"article\" \/>\n<meta property=\"og:title\" content=\"Familia pampeana varada en Ucrania ya tiene fecha de regreso - Diario Textual\" \/>\n<meta property=\"og:description\" content=\"Los pampeanos Iv\u00e1n Acosta y\u00a0Jimena Holgado \u2013que se encuentran varados junto a sus hijas en Ucrania- finalmente podr\u00e1n regresar a La Pampa. La pareja est\u00e1 en Kiev, la capital de&hellip;\" \/>\n<meta property=\"og:url\" content=\"https:\/\/diariotextual.com\/inicio\/index.php\/2020\/05\/20\/familia-pampeana-varada-ucrania-ya-tienen-fecha-regreso\/\" \/>\n<meta property=\"og:site_name\" content=\"Diario Textual\" \/>\n<meta property=\"article:publisher\" content=\"https:\/\/www.facebook.com\/eltextual\" \/>\n<meta property=\"article:published_time\" content=\"2020-05-20T15:54:26+00:00\" \/>\n<meta property=\"article:modified_time\" content=\"2020-05-20T15:59:55+00:00\" \/>\n<meta property=\"og:image\" content=\"https:\/\/diariotextual.com\/inicio\/wp-content\/uploads\/2020\/05\/acostaivanpadresucrania834.jpg\" \/>\n\t<meta property=\"og:image:width\" content=\"496\" \/>\n\t<meta property=\"og:image:height\" content=\"356\" \/>\n\t<meta property=\"og:image:type\" content=\"image\/jpeg\" \/>\n<meta name=\"author\" content=\"diario2\" \/>\n<meta name=\"twitter:card\" content=\"summary_large_image\" \/>\n<meta name=\"twitter:creator\" content=\"@eltextual\" \/>\n<meta name=\"twitter:site\" content=\"@eltextual\" \/>\n<meta name=\"twitter:label1\" content=\"Escrito por\" \/>\n\t<meta name=\"twitter:data1\" content=\"diario2\" \/>\n\t<meta name=\"twitter:label2\" content=\"Tiempo de lectura\" \/>\n\t<meta name=\"twitter:data2\" content=\"1 minuto\" \/>\n<script type=\"application\/ld+json\" class=\"yoast-schema-graph\">{\"@context\":\"https:\\\/\\\/schema.org\",\"@graph\":[{\"@type\":\"Article\",\"@id\":\"https:\\\/\\\/diariotextual.com\\\/inicio\\\/index.php\\\/2020\\\/05\\\/20\\\/familia-pampeana-varada-ucrania-ya-tienen-fecha-regreso\\\/#article\",\"isPartOf\":{\"@id\":\"https:\\\/\\\/diariotextual.com\\\/inicio\\\/index.php\\\/2020\\\/05\\\/20\\\/familia-pampeana-varada-ucrania-ya-tienen-fecha-regreso\\\/\"},\"author\":{\"name\":\"diario2\",\"@id\":\"https:\\\/\\\/diariotextual.com\\\/inicio\\\/#\\\/schema\\\/person\\\/694f60677f23c4a530867a98f22b3768\"},\"headline\":\"Familia pampeana varada en Ucrania ya tiene fecha de regreso\",\"datePublished\":\"2020-05-20T15:54:26+00:00\",\"dateModified\":\"2020-05-20T15:59:55+00:00\",\"mainEntityOfPage\":{\"@id\":\"https:\\\/\\\/diariotextual.com\\\/inicio\\\/index.php\\\/2020\\\/05\\\/20\\\/familia-pampeana-varada-ucrania-ya-tienen-fecha-regreso\\\/\"},\"wordCount\":231,\"publisher\":{\"@id\":\"https:\\\/\\\/diariotextual.com\\\/inicio\\\/#organization\"},\"image\":{\"@id\":\"https:\\\/\\\/diariotextual.com\\\/inicio\\\/index.php\\\/2020\\\/05\\\/20\\\/familia-pampeana-varada-ucrania-ya-tienen-fecha-regreso\\\/#primaryimage\"},\"thumbnailUrl\":\"https:\\\/\\\/diariotextual.com\\\/inicio\\\/wp-content\\\/uploads\\\/2020\\\/05\\\/acostaivanpadresucrania834.jpg\",\"articleSection\":[\"A - DESTACADAS (mod 16)\",\"SOCIEDAD\"],\"inLanguage\":\"es\"},{\"@type\":\"WebPage\",\"@id\":\"https:\\\/\\\/diariotextual.com\\\/inicio\\\/index.php\\\/2020\\\/05\\\/20\\\/familia-pampeana-varada-ucrania-ya-tienen-fecha-regreso\\\/\",\"url\":\"https:\\\/\\\/diariotextual.com\\\/inicio\\\/index.php\\\/2020\\\/05\\\/20\\\/familia-pampeana-varada-ucrania-ya-tienen-fecha-regreso\\\/\",\"name\":\"Familia pampeana varada en Ucrania ya tiene fecha de regreso - Diario Textual\",\"isPartOf\":{\"@id\":\"https:\\\/\\\/diariotextual.com\\\/inicio\\\/#website\"},\"primaryImageOfPage\":{\"@id\":\"https:\\\/\\\/diariotextual.com\\\/inicio\\\/index.php\\\/2020\\\/05\\\/20\\\/familia-pampeana-varada-ucrania-ya-tienen-fecha-regreso\\\/#primaryimage\"},\"image\":{\"@id\":\"https:\\\/\\\/diariotextual.com\\\/inicio\\\/index.php\\\/2020\\\/05\\\/20\\\/familia-pampeana-varada-ucrania-ya-tienen-fecha-regreso\\\/#primaryimage\"},\"thumbnailUrl\":\"https:\\\/\\\/diariotextual.com\\\/inicio\\\/wp-content\\\/uploads\\\/2020\\\/05\\\/acostaivanpadresucrania834.jpg\",\"datePublished\":\"2020-05-20T15:54:26+00:00\",\"dateModified\":\"2020-05-20T15:59:55+00:00\",\"breadcrumb\":{\"@id\":\"https:\\\/\\\/diariotextual.com\\\/inicio\\\/index.php\\\/2020\\\/05\\\/20\\\/familia-pampeana-varada-ucrania-ya-tienen-fecha-regreso\\\/#breadcrumb\"},\"inLanguage\":\"es\",\"potentialAction\":[{\"@type\":\"ReadAction\",\"target\":[\"https:\\\/\\\/diariotextual.com\\\/inicio\\\/index.php\\\/2020\\\/05\\\/20\\\/familia-pampeana-varada-ucrania-ya-tienen-fecha-regreso\\\/\"]}]},{\"@type\":\"ImageObject\",\"inLanguage\":\"es\",\"@id\":\"https:\\\/\\\/diariotextual.com\\\/inicio\\\/index.php\\\/2020\\\/05\\\/20\\\/familia-pampeana-varada-ucrania-ya-tienen-fecha-regreso\\\/#primaryimage\",\"url\":\"https:\\\/\\\/diariotextual.com\\\/inicio\\\/wp-content\\\/uploads\\\/2020\\\/05\\\/acostaivanpadresucrania834.jpg\",\"contentUrl\":\"https:\\\/\\\/diariotextual.com\\\/inicio\\\/wp-content\\\/uploads\\\/2020\\\/05\\\/acostaivanpadresucrania834.jpg\",\"width\":496,\"height\":356},{\"@type\":\"BreadcrumbList\",\"@id\":\"https:\\\/\\\/diariotextual.com\\\/inicio\\\/index.php\\\/2020\\\/05\\\/20\\\/familia-pampeana-varada-ucrania-ya-tienen-fecha-regreso\\\/#breadcrumb\",\"itemListElement\":[{\"@type\":\"ListItem\",\"position\":1,\"name\":\"Portada\",\"item\":\"https:\\\/\\\/diariotextual.com\\\/inicio\\\/\"},{\"@type\":\"ListItem\",\"position\":2,\"name\":\"Familia pampeana varada en Ucrania ya tiene fecha de regreso\"}]},{\"@type\":\"WebSite\",\"@id\":\"https:\\\/\\\/diariotextual.com\\\/inicio\\\/#website\",\"url\":\"https:\\\/\\\/diariotextual.com\\\/inicio\\\/\",\"name\":\"Diario Textual\",\"description\":\"\",\"publisher\":{\"@id\":\"https:\\\/\\\/diariotextual.com\\\/inicio\\\/#organization\"},\"potentialAction\":[{\"@type\":\"SearchAction\",\"target\":{\"@type\":\"EntryPoint\",\"urlTemplate\":\"https:\\\/\\\/diariotextual.com\\\/inicio\\\/?s={search_term_string}\"},\"query-input\":{\"@type\":\"PropertyValueSpecification\",\"valueRequired\":true,\"valueName\":\"search_term_string\"}}],\"inLanguage\":\"es\"},{\"@type\":\"Organization\",\"@id\":\"https:\\\/\\\/diariotextual.com\\\/inicio\\\/#organization\",\"name\":\"Diario Textual\",\"url\":\"https:\\\/\\\/diariotextual.com\\\/inicio\\\/\",\"logo\":{\"@type\":\"ImageObject\",\"inLanguage\":\"es\",\"@id\":\"https:\\\/\\\/diariotextual.com\\\/inicio\\\/#\\\/schema\\\/logo\\\/image\\\/\",\"url\":\"https:\\\/\\\/diariotextual.com\\\/inicio\\\/wp-content\\\/uploads\\\/2023\\\/05\\\/logotextual1.jpg\",\"contentUrl\":\"https:\\\/\\\/diariotextual.com\\\/inicio\\\/wp-content\\\/uploads\\\/2023\\\/05\\\/logotextual1.jpg\",\"width\":516,\"height\":76,\"caption\":\"Diario Textual\"},\"image\":{\"@id\":\"https:\\\/\\\/diariotextual.com\\\/inicio\\\/#\\\/schema\\\/logo\\\/image\\\/\"},\"sameAs\":[\"https:\\\/\\\/www.facebook.com\\\/eltextual\",\"https:\\\/\\\/x.com\\\/eltextual\",\"http:\\\/\\\/www.instagram.com\\\/eltextual\"]},{\"@type\":\"Person\",\"@id\":\"https:\\\/\\\/diariotextual.com\\\/inicio\\\/#\\\/schema\\\/person\\\/694f60677f23c4a530867a98f22b3768\",\"name\":\"diario2\",\"image\":{\"@type\":\"ImageObject\",\"inLanguage\":\"es\",\"@id\":\"https:\\\/\\\/secure.gravatar.com\\\/avatar\\\/5a2567495ba16b852fcd8f1ed006a2e24fcace936018ed8237e95f488ad6e0a7?s=96&d=mm&r=g\",\"url\":\"https:\\\/\\\/secure.gravatar.com\\\/avatar\\\/5a2567495ba16b852fcd8f1ed006a2e24fcace936018ed8237e95f488ad6e0a7?s=96&d=mm&r=g\",\"contentUrl\":\"https:\\\/\\\/secure.gravatar.com\\\/avatar\\\/5a2567495ba16b852fcd8f1ed006a2e24fcace936018ed8237e95f488ad6e0a7?s=96&d=mm&r=g\",\"caption\":\"diario2\"},\"url\":\"https:\\\/\\\/diariotextual.com\\\/inicio\\\/index.php\\\/author\\\/diario2\\\/\"}]}<\/script>\n<!-- \/ Yoast SEO plugin. -->","yoast_head_json":{"title":"Familia pampeana varada en Ucrania ya tiene fecha de regreso - Diario Textual","robots":{"index":"index","follow":"follow","max-snippet":"max-snippet:-1","max-image-preview":"max-image-preview:large","max-video-preview":"max-video-preview:-1"},"canonical":"https:\/\/diariotextual.com\/inicio\/index.php\/2020\/05\/20\/familia-pampeana-varada-ucrania-ya-tienen-fecha-regreso\/","og_locale":"es_ES","og_type":"article","og_title":"Familia pampeana varada en Ucrania ya tiene fecha de regreso - Diario Textual","og_description":"Los pampeanos Iv\u00e1n Acosta y\u00a0Jimena Holgado \u2013que se encuentran varados junto a sus hijas en Ucrania- finalmente podr\u00e1n regresar a La Pampa. La pareja est\u00e1 en Kiev, la capital de&hellip;","og_url":"https:\/\/diariotextual.com\/inicio\/index.php\/2020\/05\/20\/familia-pampeana-varada-ucrania-ya-tienen-fecha-regreso\/","og_site_name":"Diario Textual","article_publisher":"https:\/\/www.facebook.com\/eltextual","article_published_time":"2020-05-20T15:54:26+00:00","article_modified_time":"2020-05-20T15:59:55+00:00","og_image":[{"width":496,"height":356,"url":"https:\/\/diariotextual.com\/inicio\/wp-content\/uploads\/2020\/05\/acostaivanpadresucrania834.jpg","type":"image\/jpeg"}],"author":"diario2","twitter_card":"summary_large_image","twitter_creator":"@eltextual","twitter_site":"@eltextual","twitter_misc":{"Escrito por":"diario2","Tiempo de lectura":"1 minuto"},"schema":{"@context":"https:\/\/schema.org","@graph":[{"@type":"Article","@id":"https:\/\/diariotextual.com\/inicio\/index.php\/2020\/05\/20\/familia-pampeana-varada-ucrania-ya-tienen-fecha-regreso\/#article","isPartOf":{"@id":"https:\/\/diariotextual.com\/inicio\/index.php\/2020\/05\/20\/familia-pampeana-varada-ucrania-ya-tienen-fecha-regreso\/"},"author":{"name":"diario2","@id":"https:\/\/diariotextual.com\/inicio\/#\/schema\/person\/694f60677f23c4a530867a98f22b3768"},"headline":"Familia pampeana varada en Ucrania ya tiene fecha de regreso","datePublished":"2020-05-20T15:54:26+00:00","dateModified":"2020-05-20T15:59:55+00:00","mainEntityOfPage":{"@id":"https:\/\/diariotextual.com\/inicio\/index.php\/2020\/05\/20\/familia-pampeana-varada-ucrania-ya-tienen-fecha-regreso\/"},"wordCount":231,"publisher":{"@id":"https:\/\/diariotextual.com\/inicio\/#organization"},"image":{"@id":"https:\/\/diariotextual.com\/inicio\/index.php\/2020\/05\/20\/familia-pampeana-varada-ucrania-ya-tienen-fecha-regreso\/#primaryimage"},"thumbnailUrl":"https:\/\/diariotextual.com\/inicio\/wp-content\/uploads\/2020\/05\/acostaivanpadresucrania834.jpg","articleSection":["A - DESTACADAS (mod 16)","SOCIEDAD"],"inLanguage":"es"},{"@type":"WebPage","@id":"https:\/\/diariotextual.com\/inicio\/index.php\/2020\/05\/20\/familia-pampeana-varada-ucrania-ya-tienen-fecha-regreso\/","url":"https:\/\/diariotextual.com\/inicio\/index.php\/2020\/05\/20\/familia-pampeana-varada-ucrania-ya-tienen-fecha-regreso\/","name":"Familia pampeana varada en Ucrania ya tiene fecha de regreso - Diario Textual","isPartOf":{"@id":"https:\/\/diariotextual.com\/inicio\/#website"},"primaryImageOfPage":{"@id":"https:\/\/diariotextual.com\/inicio\/index.php\/2020\/05\/20\/familia-pampeana-varada-ucrania-ya-tienen-fecha-regreso\/#primaryimage"},"image":{"@id":"https:\/\/diariotextual.com\/inicio\/index.php\/2020\/05\/20\/familia-pampeana-varada-ucrania-ya-tienen-fecha-regreso\/#primaryimage"},"thumbnailUrl":"https:\/\/diariotextual.com\/inicio\/wp-content\/uploads\/2020\/05\/acostaivanpadresucrania834.jpg","datePublished":"2020-05-20T15:54:26+00:00","dateModified":"2020-05-20T15:59:55+00:00","breadcrumb":{"@id":"https:\/\/diariotextual.com\/inicio\/index.php\/2020\/05\/20\/familia-pampeana-varada-ucrania-ya-tienen-fecha-regreso\/#breadcrumb"},"inLanguage":"es","potentialAction":[{"@type":"ReadAction","target":["https:\/\/diariotextual.com\/inicio\/index.php\/2020\/05\/20\/familia-pampeana-varada-ucrania-ya-tienen-fecha-regreso\/"]}]},{"@type":"ImageObject","inLanguage":"es","@id":"https:\/\/diariotextual.com\/inicio\/index.php\/2020\/05\/20\/familia-pampeana-varada-ucrania-ya-tienen-fecha-regreso\/#primaryimage","url":"https:\/\/diariotextual.com\/inicio\/wp-content\/uploads\/2020\/05\/acostaivanpadresucrania834.jpg","contentUrl":"https:\/\/diariotextual.com\/inicio\/wp-content\/uploads\/2020\/05\/acostaivanpadresucrania834.jpg","width":496,"height":356},{"@type":"BreadcrumbList","@id":"https:\/\/diariotextual.com\/inicio\/index.php\/2020\/05\/20\/familia-pampeana-varada-ucrania-ya-tienen-fecha-regreso\/#breadcrumb","itemListElement":[{"@type":"ListItem","position":1,"name":"Portada","item":"https:\/\/diariotextual.com\/inicio\/"},{"@type":"ListItem","position":2,"name":"Familia pampeana varada en Ucrania ya tiene fecha de regreso"}]},{"@type":"WebSite","@id":"https:\/\/diariotextual.com\/inicio\/#website","url":"https:\/\/diariotextual.com\/inicio\/","name":"Diario Textual","description":"","publisher":{"@id":"https:\/\/diariotextual.com\/inicio\/#organization"},"potentialAction":[{"@type":"SearchAction","target":{"@type":"EntryPoint","urlTemplate":"https:\/\/diariotextual.com\/inicio\/?s={search_term_string}"},"query-input":{"@type":"PropertyValueSpecification","valueRequired":true,"valueName":"search_term_string"}}],"inLanguage":"es"},{"@type":"Organization","@id":"https:\/\/diariotextual.com\/inicio\/#organization","name":"Diario Textual","url":"https:\/\/diariotextual.com\/inicio\/","logo":{"@type":"ImageObject","inLanguage":"es","@id":"https:\/\/diariotextual.com\/inicio\/#\/schema\/logo\/image\/","url":"https:\/\/diariotextual.com\/inicio\/wp-content\/uploads\/2023\/05\/logotextual1.jpg","contentUrl":"https:\/\/diariotextual.com\/inicio\/wp-content\/uploads\/2023\/05\/logotextual1.jpg","width":516,"height":76,"caption":"Diario Textual"},"image":{"@id":"https:\/\/diariotextual.com\/inicio\/#\/schema\/logo\/image\/"},"sameAs":["https:\/\/www.facebook.com\/eltextual","https:\/\/x.com\/eltextual","http:\/\/www.instagram.com\/eltextual"]},{"@type":"Person","@id":"https:\/\/diariotextual.com\/inicio\/#\/schema\/person\/694f60677f23c4a530867a98f22b3768","name":"diario2","image":{"@type":"ImageObject","inLanguage":"es","@id":"https:\/\/secure.gravatar.com\/avatar\/5a2567495ba16b852fcd8f1ed006a2e24fcace936018ed8237e95f488ad6e0a7?s=96&d=mm&r=g","url":"https:\/\/secure.gravatar.com\/avatar\/5a2567495ba16b852fcd8f1ed006a2e24fcace936018ed8237e95f488ad6e0a7?s=96&d=mm&r=g","contentUrl":"https:\/\/secure.gravatar.com\/avatar\/5a2567495ba16b852fcd8f1ed006a2e24fcace936018ed8237e95f488ad6e0a7?s=96&d=mm&r=g","caption":"diario2"},"url":"https:\/\/diariotextual.com\/inicio\/index.php\/author\/diario2\/"}]}},"_links":{"self":[{"href":"https:\/\/diariotextual.com\/inicio\/index.php\/wp-json\/wp\/v2\/posts\/94364","targetHints":{"allow":["GET"]}}],"collection":[{"href":"https:\/\/diariotextual.com\/inicio\/index.php\/wp-json\/wp\/v2\/posts"}],"about":[{"href":"https:\/\/diariotextual.com\/inicio\/index.php\/wp-json\/wp\/v2\/types\/post"}],"author":[{"embeddable":true,"href":"https:\/\/diariotextual.com\/inicio\/index.php\/wp-json\/wp\/v2\/users\/4"}],"replies":[{"embeddable":true,"href":"https:\/\/diariotextual.com\/inicio\/index.php\/wp-json\/wp\/v2\/comments?post=94364"}],"version-history":[{"count":2,"href":"https:\/\/diariotextual.com\/inicio\/index.php\/wp-json\/wp\/v2\/posts\/94364\/revisions"}],"predecessor-version":[{"id":94368,"href":"https:\/\/diariotextual.com\/inicio\/index.php\/wp-json\/wp\/v2\/posts\/94364\/revisions\/94368"}],"wp:featuredmedia":[{"embeddable":true,"href":"https:\/\/diariotextual.com\/inicio\/index.php\/wp-json\/wp\/v2\/media\/94365"}],"wp:attachment":[{"href":"https:\/\/diariotextual.com\/inicio\/index.php\/wp-json\/wp\/v2\/media?parent=94364"}],"wp:term":[{"taxonomy":"category","embeddable":true,"href":"https:\/\/diariotextual.com\/inicio\/index.php\/wp-json\/wp\/v2\/categories?post=94364"},{"taxonomy":"post_tag","embeddable":true,"href":"https:\/\/diariotextual.com\/inicio\/index.php\/wp-json\/wp\/v2\/tags?post=94364"}],"curies":[{"name":"wp","href":"https:\/\/api.w.org\/{rel}","templated":true}]}}