{"id":94375,"date":"2020-05-20T13:44:46","date_gmt":"2020-05-20T16:44:46","guid":{"rendered":"http:\/\/diariotextual.com\/inicio\/?p=94375"},"modified":"2020-05-20T19:13:27","modified_gmt":"2020-05-20T22:13:27","slug":"los-bitrenes-mas-cerca-habilitarse-la-pampa-lo-pidieron-diputados-oficialistas","status":"publish","type":"post","link":"https:\/\/diariotextual.com\/inicio\/index.php\/2020\/05\/20\/los-bitrenes-mas-cerca-habilitarse-la-pampa-lo-pidieron-diputados-oficialistas\/","title":{"rendered":"Los bitrenes, m\u00e1s cerca de habilitarse en La Pampa: lo pidieron diputados oficialistas"},"content":{"rendered":"<p>Los <strong>diputados provinciales del Frejupa<\/strong> presentaron en la Legislatura pampeana<strong> un proyecto para que se habiliten los bitrenes en las rutas de La Pampa<\/strong>. De esta manera, el desembarco de estas unidades est\u00e1 m\u00e1s cerca: la iniciativa lleva la firma de <strong>Alicia Mayoral y Oscar Zanoli<\/strong>, con el acompa\u00f1amiento de todo el bloque oficialista, por lo que <strong>si tienen voluntad pol\u00edtica podr\u00edan avanzar sin mayores contratiempos<\/strong>.<\/p>\n<p>Seg\u00fan dijeron a<strong> Diario Textual<\/strong>, las modificaciones propuestas tienen como objetivo<strong> \u00abla ampliaci\u00f3n en la capacidad de los veh\u00edculos de transporte interjurisdiccional de carga y la optimizaci\u00f3n de las condiciones exigidas para su circulaci\u00f3n\u00bb<\/strong> que permitir\u00e1n una mejora en la productividad nacional y en los costos.<\/p>\n<p><strong>El bitr\u00e9n o B-doble es una formaci\u00f3n encabezada por un cami\u00f3n y dos remolques que se articulan entre s\u00ed mediante un sistema de enganche conocido como quinta rueda.<br \/>\n<\/strong><\/p>\n<p>El veh\u00edculo, en total, puede medir entre 20 y 30 metros de largo. No con poca pol\u00e9mica fueron autorizados en 2015 a circular por Naci\u00f3n, bajo el cumplimiento de ciertos requisitos, por corredores viales autorizados expresamente.<\/p>\n<p>Son una herramienta necesaria para sanear el alto costo de flete en un pa\u00eds tan extenso como la Argentina, dijeron los legisladores: introducen<strong> beneficios y competitividad a productores agropecuarios e industriales alejados de las zonas demandantes de su producci\u00f3n<\/strong>.<\/p>\n<p>\u00abCon la implementaci\u00f3n de la circulaci\u00f3n de bitrenes se permite reducir los costos log\u00edsticos de lo transportado, se reducen los costos de transporte, de combustible y de emisiones de di\u00f3xido de carbono, presentan menor riesgo de accidentes de tr\u00e1nsito, generan menos desgaste de las rutas y menor congesti\u00f3n vehicular\u00bb, argumentaron. \u00abEs por ello, que consideramos necesario incorporar la circulaci\u00f3n de camiones tipo bitrenes dentro del territorio provincial, ya que permitir\u00e1 disponer de las rutas pampeanas como herramienta de ampliaci\u00f3n de la capacidad de transporte de carga y, por otro lado, potenciar la integraci\u00f3n regional\u201d, concluyeron.<\/p>\n<blockquote class=\"wp-embedded-content\" data-secret=\"3Tb6XS6Ema\"><p><a href=\"http:\/\/diariotextual.com\/inicio\/index.php\/2018\/08\/21\/la-pampa-quiere-sumar-bitrenes-rutas\/\">La Pampa quiere sumar bitrenes a sus rutas<\/a><\/p><\/blockquote>\n<p><iframe class=\"wp-embedded-content\" sandbox=\"allow-scripts\" security=\"restricted\" style=\"position: absolute; clip: rect(1px, 1px, 1px, 1px);\" src=\"http:\/\/diariotextual.com\/inicio\/index.php\/2018\/08\/21\/la-pampa-quiere-sumar-bitrenes-rutas\/embed\/#?secret=3Tb6XS6Ema\" data-secret=\"3Tb6XS6Ema\" width=\"600\" height=\"338\" title=\"&#171;La Pampa quiere sumar bitrenes a sus rutas&#187; &#8212; Diario Textual\" frameborder=\"0\" marginwidth=\"0\" marginheight=\"0\" scrolling=\"no\"><\/iframe><\/p>\n<p>&nbsp;<\/p>\n","protected":false},"excerpt":{"rendered":"<p>Los diputados provinciales del Frejupa presentaron en la Legislatura pampeana un proyecto para que se habiliten los bitrenes en las rutas de La Pampa. De esta manera, el desembarco de&hellip;<\/p>\n","protected":false},"author":2,"featured_media":17470,"comment_status":"closed","ping_status":"open","sticky":false,"template":"","format":"standard","meta":{"_acf_changed":false,"footnotes":""},"categories":[11,319,5],"tags":[703,3115,3116,25],"class_list":["post-94375","post","type-post","status-publish","format-standard","has-post-thumbnail","hentry","category-que-pasa","category-a-temporales","category-economia","tag-bitren","tag-bitrenes","tag-mayoral","tag-pampa"],"acf":[],"yoast_head":"<!-- This site is optimized with the Yoast SEO plugin v27.5 - https:\/\/yoast.com\/product\/yoast-seo-wordpress\/ -->\n<title>Los bitrenes, m\u00e1s cerca de habilitarse en La Pampa: lo pidieron diputados oficialistas - Diario Textual<\/title>\n<meta name=\"robots\" content=\"index, follow, max-snippet:-1, max-image-preview:large, max-video-preview:-1\" \/>\n<link rel=\"canonical\" href=\"https:\/\/diariotextual.com\/inicio\/index.php\/2020\/05\/20\/los-bitrenes-mas-cerca-habilitarse-la-pampa-lo-pidieron-diputados-oficialistas\/\" \/>\n<meta property=\"og:locale\" content=\"es_ES\" \/>\n<meta property=\"og:type\" content=\"article\" \/>\n<meta property=\"og:title\" content=\"Los bitrenes, m\u00e1s cerca de habilitarse en La Pampa: lo pidieron diputados oficialistas - Diario Textual\" \/>\n<meta property=\"og:description\" content=\"Los diputados provinciales del Frejupa presentaron en la Legislatura pampeana un proyecto para que se habiliten los bitrenes en las rutas de La Pampa. De esta manera, el desembarco de&hellip;\" \/>\n<meta property=\"og:url\" content=\"https:\/\/diariotextual.com\/inicio\/index.php\/2020\/05\/20\/los-bitrenes-mas-cerca-habilitarse-la-pampa-lo-pidieron-diputados-oficialistas\/\" \/>\n<meta property=\"og:site_name\" content=\"Diario Textual\" \/>\n<meta property=\"article:publisher\" content=\"https:\/\/www.facebook.com\/eltextual\" \/>\n<meta property=\"article:published_time\" content=\"2020-05-20T16:44:46+00:00\" \/>\n<meta property=\"article:modified_time\" content=\"2020-05-20T22:13:27+00:00\" \/>\n<meta property=\"og:image\" content=\"https:\/\/diariotextual.com\/inicio\/wp-content\/uploads\/2018\/08\/bitrenessanluis1.jpg\" \/>\n\t<meta property=\"og:image:width\" content=\"630\" \/>\n\t<meta property=\"og:image:height\" content=\"375\" \/>\n\t<meta property=\"og:image:type\" content=\"image\/jpeg\" \/>\n<meta name=\"author\" content=\"Sergio Romano\" \/>\n<meta name=\"twitter:card\" content=\"summary_large_image\" \/>\n<meta name=\"twitter:creator\" content=\"@eltextual\" \/>\n<meta name=\"twitter:site\" content=\"@eltextual\" \/>\n<meta name=\"twitter:label1\" content=\"Escrito por\" \/>\n\t<meta name=\"twitter:data1\" content=\"Sergio Romano\" \/>\n\t<meta name=\"twitter:label2\" content=\"Tiempo de lectura\" \/>\n\t<meta name=\"twitter:data2\" content=\"2 minutos\" \/>\n<script type=\"application\/ld+json\" class=\"yoast-schema-graph\">{\"@context\":\"https:\\\/\\\/schema.org\",\"@graph\":[{\"@type\":\"Article\",\"@id\":\"https:\\\/\\\/diariotextual.com\\\/inicio\\\/index.php\\\/2020\\\/05\\\/20\\\/los-bitrenes-mas-cerca-habilitarse-la-pampa-lo-pidieron-diputados-oficialistas\\\/#article\",\"isPartOf\":{\"@id\":\"https:\\\/\\\/diariotextual.com\\\/inicio\\\/index.php\\\/2020\\\/05\\\/20\\\/los-bitrenes-mas-cerca-habilitarse-la-pampa-lo-pidieron-diputados-oficialistas\\\/\"},\"author\":{\"name\":\"Sergio Romano\",\"@id\":\"https:\\\/\\\/diariotextual.com\\\/inicio\\\/#\\\/schema\\\/person\\\/523499e72392084bbaa07d9918058135\"},\"headline\":\"Los bitrenes, m\u00e1s cerca de habilitarse en La Pampa: lo pidieron diputados oficialistas\",\"datePublished\":\"2020-05-20T16:44:46+00:00\",\"dateModified\":\"2020-05-20T22:13:27+00:00\",\"mainEntityOfPage\":{\"@id\":\"https:\\\/\\\/diariotextual.com\\\/inicio\\\/index.php\\\/2020\\\/05\\\/20\\\/los-bitrenes-mas-cerca-habilitarse-la-pampa-lo-pidieron-diputados-oficialistas\\\/\"},\"wordCount\":356,\"publisher\":{\"@id\":\"https:\\\/\\\/diariotextual.com\\\/inicio\\\/#organization\"},\"image\":{\"@id\":\"https:\\\/\\\/diariotextual.com\\\/inicio\\\/index.php\\\/2020\\\/05\\\/20\\\/los-bitrenes-mas-cerca-habilitarse-la-pampa-lo-pidieron-diputados-oficialistas\\\/#primaryimage\"},\"thumbnailUrl\":\"https:\\\/\\\/diariotextual.com\\\/inicio\\\/wp-content\\\/uploads\\\/2018\\\/08\\\/bitrenessanluis1.jpg\",\"keywords\":[\"bitren\",\"bitrenes\",\"mayoral\",\"pampa\"],\"articleSection\":[\"A - QUE PASA (al costado)\",\"A - TEMPORALES\",\"ECONOMIA\"],\"inLanguage\":\"es\"},{\"@type\":\"WebPage\",\"@id\":\"https:\\\/\\\/diariotextual.com\\\/inicio\\\/index.php\\\/2020\\\/05\\\/20\\\/los-bitrenes-mas-cerca-habilitarse-la-pampa-lo-pidieron-diputados-oficialistas\\\/\",\"url\":\"https:\\\/\\\/diariotextual.com\\\/inicio\\\/index.php\\\/2020\\\/05\\\/20\\\/los-bitrenes-mas-cerca-habilitarse-la-pampa-lo-pidieron-diputados-oficialistas\\\/\",\"name\":\"Los bitrenes, m\u00e1s cerca de habilitarse en La Pampa: lo pidieron diputados oficialistas - Diario Textual\",\"isPartOf\":{\"@id\":\"https:\\\/\\\/diariotextual.com\\\/inicio\\\/#website\"},\"primaryImageOfPage\":{\"@id\":\"https:\\\/\\\/diariotextual.com\\\/inicio\\\/index.php\\\/2020\\\/05\\\/20\\\/los-bitrenes-mas-cerca-habilitarse-la-pampa-lo-pidieron-diputados-oficialistas\\\/#primaryimage\"},\"image\":{\"@id\":\"https:\\\/\\\/diariotextual.com\\\/inicio\\\/index.php\\\/2020\\\/05\\\/20\\\/los-bitrenes-mas-cerca-habilitarse-la-pampa-lo-pidieron-diputados-oficialistas\\\/#primaryimage\"},\"thumbnailUrl\":\"https:\\\/\\\/diariotextual.com\\\/inicio\\\/wp-content\\\/uploads\\\/2018\\\/08\\\/bitrenessanluis1.jpg\",\"datePublished\":\"2020-05-20T16:44:46+00:00\",\"dateModified\":\"2020-05-20T22:13:27+00:00\",\"breadcrumb\":{\"@id\":\"https:\\\/\\\/diariotextual.com\\\/inicio\\\/index.php\\\/2020\\\/05\\\/20\\\/los-bitrenes-mas-cerca-habilitarse-la-pampa-lo-pidieron-diputados-oficialistas\\\/#breadcrumb\"},\"inLanguage\":\"es\",\"potentialAction\":[{\"@type\":\"ReadAction\",\"target\":[\"https:\\\/\\\/diariotextual.com\\\/inicio\\\/index.php\\\/2020\\\/05\\\/20\\\/los-bitrenes-mas-cerca-habilitarse-la-pampa-lo-pidieron-diputados-oficialistas\\\/\"]}]},{\"@type\":\"ImageObject\",\"inLanguage\":\"es\",\"@id\":\"https:\\\/\\\/diariotextual.com\\\/inicio\\\/index.php\\\/2020\\\/05\\\/20\\\/los-bitrenes-mas-cerca-habilitarse-la-pampa-lo-pidieron-diputados-oficialistas\\\/#primaryimage\",\"url\":\"https:\\\/\\\/diariotextual.com\\\/inicio\\\/wp-content\\\/uploads\\\/2018\\\/08\\\/bitrenessanluis1.jpg\",\"contentUrl\":\"https:\\\/\\\/diariotextual.com\\\/inicio\\\/wp-content\\\/uploads\\\/2018\\\/08\\\/bitrenessanluis1.jpg\",\"width\":630,\"height\":375},{\"@type\":\"BreadcrumbList\",\"@id\":\"https:\\\/\\\/diariotextual.com\\\/inicio\\\/index.php\\\/2020\\\/05\\\/20\\\/los-bitrenes-mas-cerca-habilitarse-la-pampa-lo-pidieron-diputados-oficialistas\\\/#breadcrumb\",\"itemListElement\":[{\"@type\":\"ListItem\",\"position\":1,\"name\":\"Portada\",\"item\":\"https:\\\/\\\/diariotextual.com\\\/inicio\\\/\"},{\"@type\":\"ListItem\",\"position\":2,\"name\":\"Los bitrenes, m\u00e1s cerca de habilitarse en La Pampa: lo pidieron diputados oficialistas\"}]},{\"@type\":\"WebSite\",\"@id\":\"https:\\\/\\\/diariotextual.com\\\/inicio\\\/#website\",\"url\":\"https:\\\/\\\/diariotextual.com\\\/inicio\\\/\",\"name\":\"Diario Textual\",\"description\":\"\",\"publisher\":{\"@id\":\"https:\\\/\\\/diariotextual.com\\\/inicio\\\/#organization\"},\"potentialAction\":[{\"@type\":\"SearchAction\",\"target\":{\"@type\":\"EntryPoint\",\"urlTemplate\":\"https:\\\/\\\/diariotextual.com\\\/inicio\\\/?s={search_term_string}\"},\"query-input\":{\"@type\":\"PropertyValueSpecification\",\"valueRequired\":true,\"valueName\":\"search_term_string\"}}],\"inLanguage\":\"es\"},{\"@type\":\"Organization\",\"@id\":\"https:\\\/\\\/diariotextual.com\\\/inicio\\\/#organization\",\"name\":\"Diario Textual\",\"url\":\"https:\\\/\\\/diariotextual.com\\\/inicio\\\/\",\"logo\":{\"@type\":\"ImageObject\",\"inLanguage\":\"es\",\"@id\":\"https:\\\/\\\/diariotextual.com\\\/inicio\\\/#\\\/schema\\\/logo\\\/image\\\/\",\"url\":\"https:\\\/\\\/diariotextual.com\\\/inicio\\\/wp-content\\\/uploads\\\/2023\\\/05\\\/logotextual1.jpg\",\"contentUrl\":\"https:\\\/\\\/diariotextual.com\\\/inicio\\\/wp-content\\\/uploads\\\/2023\\\/05\\\/logotextual1.jpg\",\"width\":516,\"height\":76,\"caption\":\"Diario Textual\"},\"image\":{\"@id\":\"https:\\\/\\\/diariotextual.com\\\/inicio\\\/#\\\/schema\\\/logo\\\/image\\\/\"},\"sameAs\":[\"https:\\\/\\\/www.facebook.com\\\/eltextual\",\"https:\\\/\\\/x.com\\\/eltextual\",\"http:\\\/\\\/www.instagram.com\\\/eltextual\"]},{\"@type\":\"Person\",\"@id\":\"https:\\\/\\\/diariotextual.com\\\/inicio\\\/#\\\/schema\\\/person\\\/523499e72392084bbaa07d9918058135\",\"name\":\"Sergio Romano\",\"image\":{\"@type\":\"ImageObject\",\"inLanguage\":\"es\",\"@id\":\"https:\\\/\\\/secure.gravatar.com\\\/avatar\\\/558f03f407fa3accd9dabd3c363c971a21b2b44ce0fe39bb24a92ac5472808b8?s=96&d=mm&r=g\",\"url\":\"https:\\\/\\\/secure.gravatar.com\\\/avatar\\\/558f03f407fa3accd9dabd3c363c971a21b2b44ce0fe39bb24a92ac5472808b8?s=96&d=mm&r=g\",\"contentUrl\":\"https:\\\/\\\/secure.gravatar.com\\\/avatar\\\/558f03f407fa3accd9dabd3c363c971a21b2b44ce0fe39bb24a92ac5472808b8?s=96&d=mm&r=g\",\"caption\":\"Sergio Romano\"},\"sameAs\":[\"http:\\\/\\\/www.diariotextual.com\"],\"url\":\"https:\\\/\\\/diariotextual.com\\\/inicio\\\/index.php\\\/author\\\/sergio\\\/\"}]}<\/script>\n<!-- \/ Yoast SEO plugin. -->","yoast_head_json":{"title":"Los bitrenes, m\u00e1s cerca de habilitarse en La Pampa: lo pidieron diputados oficialistas - Diario Textual","robots":{"index":"index","follow":"follow","max-snippet":"max-snippet:-1","max-image-preview":"max-image-preview:large","max-video-preview":"max-video-preview:-1"},"canonical":"https:\/\/diariotextual.com\/inicio\/index.php\/2020\/05\/20\/los-bitrenes-mas-cerca-habilitarse-la-pampa-lo-pidieron-diputados-oficialistas\/","og_locale":"es_ES","og_type":"article","og_title":"Los bitrenes, m\u00e1s cerca de habilitarse en La Pampa: lo pidieron diputados oficialistas - Diario Textual","og_description":"Los diputados provinciales del Frejupa presentaron en la Legislatura pampeana un proyecto para que se habiliten los bitrenes en las rutas de La Pampa. De esta manera, el desembarco de&hellip;","og_url":"https:\/\/diariotextual.com\/inicio\/index.php\/2020\/05\/20\/los-bitrenes-mas-cerca-habilitarse-la-pampa-lo-pidieron-diputados-oficialistas\/","og_site_name":"Diario Textual","article_publisher":"https:\/\/www.facebook.com\/eltextual","article_published_time":"2020-05-20T16:44:46+00:00","article_modified_time":"2020-05-20T22:13:27+00:00","og_image":[{"width":630,"height":375,"url":"https:\/\/diariotextual.com\/inicio\/wp-content\/uploads\/2018\/08\/bitrenessanluis1.jpg","type":"image\/jpeg"}],"author":"Sergio Romano","twitter_card":"summary_large_image","twitter_creator":"@eltextual","twitter_site":"@eltextual","twitter_misc":{"Escrito por":"Sergio Romano","Tiempo de lectura":"2 minutos"},"schema":{"@context":"https:\/\/schema.org","@graph":[{"@type":"Article","@id":"https:\/\/diariotextual.com\/inicio\/index.php\/2020\/05\/20\/los-bitrenes-mas-cerca-habilitarse-la-pampa-lo-pidieron-diputados-oficialistas\/#article","isPartOf":{"@id":"https:\/\/diariotextual.com\/inicio\/index.php\/2020\/05\/20\/los-bitrenes-mas-cerca-habilitarse-la-pampa-lo-pidieron-diputados-oficialistas\/"},"author":{"name":"Sergio Romano","@id":"https:\/\/diariotextual.com\/inicio\/#\/schema\/person\/523499e72392084bbaa07d9918058135"},"headline":"Los bitrenes, m\u00e1s cerca de habilitarse en La Pampa: lo pidieron diputados oficialistas","datePublished":"2020-05-20T16:44:46+00:00","dateModified":"2020-05-20T22:13:27+00:00","mainEntityOfPage":{"@id":"https:\/\/diariotextual.com\/inicio\/index.php\/2020\/05\/20\/los-bitrenes-mas-cerca-habilitarse-la-pampa-lo-pidieron-diputados-oficialistas\/"},"wordCount":356,"publisher":{"@id":"https:\/\/diariotextual.com\/inicio\/#organization"},"image":{"@id":"https:\/\/diariotextual.com\/inicio\/index.php\/2020\/05\/20\/los-bitrenes-mas-cerca-habilitarse-la-pampa-lo-pidieron-diputados-oficialistas\/#primaryimage"},"thumbnailUrl":"https:\/\/diariotextual.com\/inicio\/wp-content\/uploads\/2018\/08\/bitrenessanluis1.jpg","keywords":["bitren","bitrenes","mayoral","pampa"],"articleSection":["A - QUE PASA (al costado)","A - TEMPORALES","ECONOMIA"],"inLanguage":"es"},{"@type":"WebPage","@id":"https:\/\/diariotextual.com\/inicio\/index.php\/2020\/05\/20\/los-bitrenes-mas-cerca-habilitarse-la-pampa-lo-pidieron-diputados-oficialistas\/","url":"https:\/\/diariotextual.com\/inicio\/index.php\/2020\/05\/20\/los-bitrenes-mas-cerca-habilitarse-la-pampa-lo-pidieron-diputados-oficialistas\/","name":"Los bitrenes, m\u00e1s cerca de habilitarse en La Pampa: lo pidieron diputados oficialistas - Diario Textual","isPartOf":{"@id":"https:\/\/diariotextual.com\/inicio\/#website"},"primaryImageOfPage":{"@id":"https:\/\/diariotextual.com\/inicio\/index.php\/2020\/05\/20\/los-bitrenes-mas-cerca-habilitarse-la-pampa-lo-pidieron-diputados-oficialistas\/#primaryimage"},"image":{"@id":"https:\/\/diariotextual.com\/inicio\/index.php\/2020\/05\/20\/los-bitrenes-mas-cerca-habilitarse-la-pampa-lo-pidieron-diputados-oficialistas\/#primaryimage"},"thumbnailUrl":"https:\/\/diariotextual.com\/inicio\/wp-content\/uploads\/2018\/08\/bitrenessanluis1.jpg","datePublished":"2020-05-20T16:44:46+00:00","dateModified":"2020-05-20T22:13:27+00:00","breadcrumb":{"@id":"https:\/\/diariotextual.com\/inicio\/index.php\/2020\/05\/20\/los-bitrenes-mas-cerca-habilitarse-la-pampa-lo-pidieron-diputados-oficialistas\/#breadcrumb"},"inLanguage":"es","potentialAction":[{"@type":"ReadAction","target":["https:\/\/diariotextual.com\/inicio\/index.php\/2020\/05\/20\/los-bitrenes-mas-cerca-habilitarse-la-pampa-lo-pidieron-diputados-oficialistas\/"]}]},{"@type":"ImageObject","inLanguage":"es","@id":"https:\/\/diariotextual.com\/inicio\/index.php\/2020\/05\/20\/los-bitrenes-mas-cerca-habilitarse-la-pampa-lo-pidieron-diputados-oficialistas\/#primaryimage","url":"https:\/\/diariotextual.com\/inicio\/wp-content\/uploads\/2018\/08\/bitrenessanluis1.jpg","contentUrl":"https:\/\/diariotextual.com\/inicio\/wp-content\/uploads\/2018\/08\/bitrenessanluis1.jpg","width":630,"height":375},{"@type":"BreadcrumbList","@id":"https:\/\/diariotextual.com\/inicio\/index.php\/2020\/05\/20\/los-bitrenes-mas-cerca-habilitarse-la-pampa-lo-pidieron-diputados-oficialistas\/#breadcrumb","itemListElement":[{"@type":"ListItem","position":1,"name":"Portada","item":"https:\/\/diariotextual.com\/inicio\/"},{"@type":"ListItem","position":2,"name":"Los bitrenes, m\u00e1s cerca de habilitarse en La Pampa: lo pidieron diputados oficialistas"}]},{"@type":"WebSite","@id":"https:\/\/diariotextual.com\/inicio\/#website","url":"https:\/\/diariotextual.com\/inicio\/","name":"Diario Textual","description":"","publisher":{"@id":"https:\/\/diariotextual.com\/inicio\/#organization"},"potentialAction":[{"@type":"SearchAction","target":{"@type":"EntryPoint","urlTemplate":"https:\/\/diariotextual.com\/inicio\/?s={search_term_string}"},"query-input":{"@type":"PropertyValueSpecification","valueRequired":true,"valueName":"search_term_string"}}],"inLanguage":"es"},{"@type":"Organization","@id":"https:\/\/diariotextual.com\/inicio\/#organization","name":"Diario Textual","url":"https:\/\/diariotextual.com\/inicio\/","logo":{"@type":"ImageObject","inLanguage":"es","@id":"https:\/\/diariotextual.com\/inicio\/#\/schema\/logo\/image\/","url":"https:\/\/diariotextual.com\/inicio\/wp-content\/uploads\/2023\/05\/logotextual1.jpg","contentUrl":"https:\/\/diariotextual.com\/inicio\/wp-content\/uploads\/2023\/05\/logotextual1.jpg","width":516,"height":76,"caption":"Diario Textual"},"image":{"@id":"https:\/\/diariotextual.com\/inicio\/#\/schema\/logo\/image\/"},"sameAs":["https:\/\/www.facebook.com\/eltextual","https:\/\/x.com\/eltextual","http:\/\/www.instagram.com\/eltextual"]},{"@type":"Person","@id":"https:\/\/diariotextual.com\/inicio\/#\/schema\/person\/523499e72392084bbaa07d9918058135","name":"Sergio Romano","image":{"@type":"ImageObject","inLanguage":"es","@id":"https:\/\/secure.gravatar.com\/avatar\/558f03f407fa3accd9dabd3c363c971a21b2b44ce0fe39bb24a92ac5472808b8?s=96&d=mm&r=g","url":"https:\/\/secure.gravatar.com\/avatar\/558f03f407fa3accd9dabd3c363c971a21b2b44ce0fe39bb24a92ac5472808b8?s=96&d=mm&r=g","contentUrl":"https:\/\/secure.gravatar.com\/avatar\/558f03f407fa3accd9dabd3c363c971a21b2b44ce0fe39bb24a92ac5472808b8?s=96&d=mm&r=g","caption":"Sergio Romano"},"sameAs":["http:\/\/www.diariotextual.com"],"url":"https:\/\/diariotextual.com\/inicio\/index.php\/author\/sergio\/"}]}},"_links":{"self":[{"href":"https:\/\/diariotextual.com\/inicio\/index.php\/wp-json\/wp\/v2\/posts\/94375","targetHints":{"allow":["GET"]}}],"collection":[{"href":"https:\/\/diariotextual.com\/inicio\/index.php\/wp-json\/wp\/v2\/posts"}],"about":[{"href":"https:\/\/diariotextual.com\/inicio\/index.php\/wp-json\/wp\/v2\/types\/post"}],"author":[{"embeddable":true,"href":"https:\/\/diariotextual.com\/inicio\/index.php\/wp-json\/wp\/v2\/users\/2"}],"replies":[{"embeddable":true,"href":"https:\/\/diariotextual.com\/inicio\/index.php\/wp-json\/wp\/v2\/comments?post=94375"}],"version-history":[{"count":5,"href":"https:\/\/diariotextual.com\/inicio\/index.php\/wp-json\/wp\/v2\/posts\/94375\/revisions"}],"predecessor-version":[{"id":94380,"href":"https:\/\/diariotextual.com\/inicio\/index.php\/wp-json\/wp\/v2\/posts\/94375\/revisions\/94380"}],"wp:featuredmedia":[{"embeddable":true,"href":"https:\/\/diariotextual.com\/inicio\/index.php\/wp-json\/wp\/v2\/media\/17470"}],"wp:attachment":[{"href":"https:\/\/diariotextual.com\/inicio\/index.php\/wp-json\/wp\/v2\/media?parent=94375"}],"wp:term":[{"taxonomy":"category","embeddable":true,"href":"https:\/\/diariotextual.com\/inicio\/index.php\/wp-json\/wp\/v2\/categories?post=94375"},{"taxonomy":"post_tag","embeddable":true,"href":"https:\/\/diariotextual.com\/inicio\/index.php\/wp-json\/wp\/v2\/tags?post=94375"}],"curies":[{"name":"wp","href":"https:\/\/api.w.org\/{rel}","templated":true}]}}