{"id":94446,"date":"2020-05-21T17:35:16","date_gmt":"2020-05-21T20:35:16","guid":{"rendered":"http:\/\/diariotextual.com\/inicio\/?p=94446"},"modified":"2020-05-21T21:22:39","modified_gmt":"2020-05-22T00:22:39","slug":"jeremias-nene-santa-isabel-la-tarea-desde-una-loma","status":"publish","type":"post","link":"https:\/\/diariotextual.com\/inicio\/index.php\/2020\/05\/21\/jeremias-nene-santa-isabel-la-tarea-desde-una-loma\/","title":{"rendered":"Jerem\u00edas, el nene de Santa Isabel que env\u00eda la tarea desde una loma"},"content":{"rendered":"<p><strong>Jerem\u00edas Gonzales Ordienco<\/strong> tiene 7 a\u00f1os y es alumno de la <strong>Escuela Hogar 99 de Santa Isabel<\/strong>. Desde que empez\u00f3 la cuarentena fue al campo con su familia y desde all\u00ed env\u00eda su actividades. Pero solo en una loma del extenso campo tiene se\u00f1al de celular. Por eso tiene que llegar hasta ese lugar del desierto pampeano, junto a su caballo Peludo, y enviar la tarea a su maestra <strong>Sonia Ana D\u00edaz<\/strong>.<strong> \u201cAc\u00e1 estoy se\u00f1o, desde la loma\u201d<\/strong>, le dice.<\/p>\n<p>Sonia tiene 27 a\u00f1os de actividad docente como profesora de M\u00fasica y, desde este a\u00f1o, es docente de primaria. \u00abVivo en Victorica y tengo cuatro hijos y dos nietos. M\u00e1s dos chicos que cri\u00e9 como si fueran m\u00edos\u00bb, cuenta a <strong>Diario Textual<\/strong>. \u00abEste a\u00f1o titularic\u00e9 en la Escuela 99, pero solo tuve un contacto personal de dos semanas con mis alumnos. Luego ya vino la pandemia y no los pude ver m\u00e1s\u00bb.<\/p>\n<p>\u201cYo los llamo seguido. Inicialmente mi gran preocupaci\u00f3n es c\u00f3mo iba a hacer para darles las actividades y para que les llegue\u201d, dice. \u00abPero nos fuimos adaptando\u00bb, agrega.<\/p>\n<p><iframe style=\"border: none; overflow: hidden;\" src=\"https:\/\/www.facebook.com\/plugins\/video.php?href=https%3A%2F%2Fwww.facebook.com%2Feltextual%2Fvideos%2F2743161309145953%2F&amp;show_text=0&amp;width=264\" width=\"264\" height=\"476\" frameborder=\"0\" scrolling=\"no\" allowfullscreen=\"allowfullscreen\"><\/iframe><\/p>\n<p>\u201cJerem\u00edas es uno de los tres chicos de segundo grado que vive en el campo. E<strong>nv\u00eda videos, contando qu\u00e9 hace y leyendo canciones. Tambi\u00e9n env\u00eda saludos a sus compa\u00f1eros y nos hizo conocer hace un mes atr\u00e1s su mascota preferida, Peludo, su caballo. El mismo que lo acompa\u00f1a hasta la loma<\/strong>. Normalmente va d\u00eda por medio a pesar del viento, los d\u00edas grises, que lo han acompa\u00f1ado pero es evidente que su responsabilidad est\u00e1 primero\u201d, dice la maestra a <strong>Diario Textual<\/strong>.<\/p>\n<p>Jerem\u00edas vive con sus padres en un puesto ubicado a 30 kil\u00f3metros al norte de Santa Isabel, cerca del l\u00edmite con Mendoza. No tiene se\u00f1al. \u00abLa se\u00f1al la tiene en un campo vecino, en una loma, a donde concurre acompa\u00f1ado a caballo por su padre o su madre\u00bb, dice Sonia.<\/p>\n<p>La maestra env\u00eda las actividades por celular. Y Jerem\u00edas va hasta la loma del campo y, desde all\u00ed, recibe las tareas y luego se las env\u00eda a su \u201cse\u00f1o\u201d.<\/p>\n<p>Los videos son emocionantes. <strong>\u201cSe\u00f1o, mir\u00e1 qu\u00e9 hago de gimnasia\u201d<\/strong>, dice en uno, mientras rueda m\u00e9dano abajo.<\/p>\n<p>Otro video lo muestra mandando saludos a sus compa\u00f1eros. Y un tercero, sobre el caballo Peludo, leyendo una canci\u00f3n infantil. <strong>\u201cUn elefante se balanceaba sobre la tela de una ara\u00f1a, como ve\u00eda que resist\u00eda fue a llamar a otro elefante. Dos elefantes se balanceaban sobre la tela de una ara\u00f1a, como ve\u00edan que resist\u00eda fueron a llamar a otro elefante&#8230;\u201d<\/strong>.<\/p>\n<p>La historia de Jerem\u00edas se repite en otros alumnos de los campos. Una historia de sacrificio y responsabilidad.<\/p>\n<p>&nbsp;<\/p>\n<div class=\"fb-post\" data-href=\"https:\/\/www.facebook.com\/eltextual\/posts\/2999092953517954\" data-show-text=\"true\" data-width=\"\">\n<blockquote class=\"fb-xfbml-parse-ignore\" cite=\"https:\/\/developers.facebook.com\/eltextual\/posts\/2999092953517954\"><p>Jerem\u00edas, el nene de Santa Isabel que env\u00eda la tarea escolar desde una loma. \u00abSe\u00f1o, mire lo que hago en educaci\u00f3n fisica&#8230;<\/p>\n<p>Publicada por <a href=\"https:\/\/www.facebook.com\/eltextual\/\">Diario Textual<\/a> en\u00a0<a href=\"https:\/\/developers.facebook.com\/eltextual\/posts\/2999092953517954\">Jueves, 21 de mayo de 2020<\/a><\/p><\/blockquote>\n<\/div>\n","protected":false},"excerpt":{"rendered":"<p>Jerem\u00edas Gonzales Ordienco tiene 7 a\u00f1os y es alumno de la Escuela Hogar 99 de Santa Isabel. Desde que empez\u00f3 la cuarentena fue al campo con su familia y desde&hellip;<\/p>\n","protected":false},"author":3,"featured_media":94462,"comment_status":"closed","ping_status":"open","sticky":false,"template":"","format":"standard","meta":{"_acf_changed":false,"footnotes":""},"categories":[319,2],"tags":[2978,859,3120,3119],"class_list":["post-94446","post","type-post","status-publish","format-standard","has-post-thumbnail","hentry","category-a-temporales","category-cultura","tag-docente","tag-jeremias","tag-loma","tag-sonia"],"acf":[],"yoast_head":"<!-- This site is optimized with the Yoast SEO plugin v27.5 - https:\/\/yoast.com\/product\/yoast-seo-wordpress\/ -->\n<title>Jerem\u00edas, el nene de Santa Isabel que env\u00eda la tarea desde una loma - Diario Textual<\/title>\n<meta name=\"robots\" content=\"index, follow, max-snippet:-1, max-image-preview:large, max-video-preview:-1\" \/>\n<link rel=\"canonical\" href=\"https:\/\/diariotextual.com\/inicio\/index.php\/2020\/05\/21\/jeremias-nene-santa-isabel-la-tarea-desde-una-loma\/\" \/>\n<meta property=\"og:locale\" content=\"es_ES\" \/>\n<meta property=\"og:type\" content=\"article\" \/>\n<meta property=\"og:title\" content=\"Jerem\u00edas, el nene de Santa Isabel que env\u00eda la tarea desde una loma - Diario Textual\" \/>\n<meta property=\"og:description\" content=\"Jerem\u00edas Gonzales Ordienco tiene 7 a\u00f1os y es alumno de la Escuela Hogar 99 de Santa Isabel. Desde que empez\u00f3 la cuarentena fue al campo con su familia y desde&hellip;\" \/>\n<meta property=\"og:url\" content=\"https:\/\/diariotextual.com\/inicio\/index.php\/2020\/05\/21\/jeremias-nene-santa-isabel-la-tarea-desde-una-loma\/\" \/>\n<meta property=\"og:site_name\" content=\"Diario Textual\" \/>\n<meta property=\"article:publisher\" content=\"https:\/\/www.facebook.com\/eltextual\" \/>\n<meta property=\"article:published_time\" content=\"2020-05-21T20:35:16+00:00\" \/>\n<meta property=\"article:modified_time\" content=\"2020-05-22T00:22:39+00:00\" \/>\n<meta property=\"og:image\" content=\"https:\/\/diariotextual.com\/inicio\/wp-content\/uploads\/2020\/05\/jeremiasensucaballo2020-1.jpg\" \/>\n\t<meta property=\"og:image:width\" content=\"611\" \/>\n\t<meta property=\"og:image:height\" content=\"434\" \/>\n\t<meta property=\"og:image:type\" content=\"image\/jpeg\" \/>\n<meta name=\"author\" content=\"Diario1 Diario1\" \/>\n<meta name=\"twitter:card\" content=\"summary_large_image\" \/>\n<meta name=\"twitter:creator\" content=\"@eltextual\" \/>\n<meta name=\"twitter:site\" content=\"@eltextual\" \/>\n<meta name=\"twitter:label1\" content=\"Escrito por\" \/>\n\t<meta name=\"twitter:data1\" content=\"Diario1 Diario1\" \/>\n\t<meta name=\"twitter:label2\" content=\"Tiempo de lectura\" \/>\n\t<meta name=\"twitter:data2\" content=\"3 minutos\" \/>\n<script type=\"application\/ld+json\" class=\"yoast-schema-graph\">{\"@context\":\"https:\\\/\\\/schema.org\",\"@graph\":[{\"@type\":\"Article\",\"@id\":\"https:\\\/\\\/diariotextual.com\\\/inicio\\\/index.php\\\/2020\\\/05\\\/21\\\/jeremias-nene-santa-isabel-la-tarea-desde-una-loma\\\/#article\",\"isPartOf\":{\"@id\":\"https:\\\/\\\/diariotextual.com\\\/inicio\\\/index.php\\\/2020\\\/05\\\/21\\\/jeremias-nene-santa-isabel-la-tarea-desde-una-loma\\\/\"},\"author\":{\"name\":\"Diario1 Diario1\",\"@id\":\"https:\\\/\\\/diariotextual.com\\\/inicio\\\/#\\\/schema\\\/person\\\/418fc4093c33e86ed41562db3508f958\"},\"headline\":\"Jerem\u00edas, el nene de Santa Isabel que env\u00eda la tarea desde una loma\",\"datePublished\":\"2020-05-21T20:35:16+00:00\",\"dateModified\":\"2020-05-22T00:22:39+00:00\",\"mainEntityOfPage\":{\"@id\":\"https:\\\/\\\/diariotextual.com\\\/inicio\\\/index.php\\\/2020\\\/05\\\/21\\\/jeremias-nene-santa-isabel-la-tarea-desde-una-loma\\\/\"},\"wordCount\":527,\"publisher\":{\"@id\":\"https:\\\/\\\/diariotextual.com\\\/inicio\\\/#organization\"},\"image\":{\"@id\":\"https:\\\/\\\/diariotextual.com\\\/inicio\\\/index.php\\\/2020\\\/05\\\/21\\\/jeremias-nene-santa-isabel-la-tarea-desde-una-loma\\\/#primaryimage\"},\"thumbnailUrl\":\"https:\\\/\\\/diariotextual.com\\\/inicio\\\/wp-content\\\/uploads\\\/2020\\\/05\\\/jeremiasensucaballo2020-1.jpg\",\"keywords\":[\"docente\",\"jeremias\",\"loma\",\"sonia\"],\"articleSection\":[\"A - TEMPORALES\",\"CULTURA\"],\"inLanguage\":\"es\"},{\"@type\":\"WebPage\",\"@id\":\"https:\\\/\\\/diariotextual.com\\\/inicio\\\/index.php\\\/2020\\\/05\\\/21\\\/jeremias-nene-santa-isabel-la-tarea-desde-una-loma\\\/\",\"url\":\"https:\\\/\\\/diariotextual.com\\\/inicio\\\/index.php\\\/2020\\\/05\\\/21\\\/jeremias-nene-santa-isabel-la-tarea-desde-una-loma\\\/\",\"name\":\"Jerem\u00edas, el nene de Santa Isabel que env\u00eda la tarea desde una loma - Diario Textual\",\"isPartOf\":{\"@id\":\"https:\\\/\\\/diariotextual.com\\\/inicio\\\/#website\"},\"primaryImageOfPage\":{\"@id\":\"https:\\\/\\\/diariotextual.com\\\/inicio\\\/index.php\\\/2020\\\/05\\\/21\\\/jeremias-nene-santa-isabel-la-tarea-desde-una-loma\\\/#primaryimage\"},\"image\":{\"@id\":\"https:\\\/\\\/diariotextual.com\\\/inicio\\\/index.php\\\/2020\\\/05\\\/21\\\/jeremias-nene-santa-isabel-la-tarea-desde-una-loma\\\/#primaryimage\"},\"thumbnailUrl\":\"https:\\\/\\\/diariotextual.com\\\/inicio\\\/wp-content\\\/uploads\\\/2020\\\/05\\\/jeremiasensucaballo2020-1.jpg\",\"datePublished\":\"2020-05-21T20:35:16+00:00\",\"dateModified\":\"2020-05-22T00:22:39+00:00\",\"breadcrumb\":{\"@id\":\"https:\\\/\\\/diariotextual.com\\\/inicio\\\/index.php\\\/2020\\\/05\\\/21\\\/jeremias-nene-santa-isabel-la-tarea-desde-una-loma\\\/#breadcrumb\"},\"inLanguage\":\"es\",\"potentialAction\":[{\"@type\":\"ReadAction\",\"target\":[\"https:\\\/\\\/diariotextual.com\\\/inicio\\\/index.php\\\/2020\\\/05\\\/21\\\/jeremias-nene-santa-isabel-la-tarea-desde-una-loma\\\/\"]}]},{\"@type\":\"ImageObject\",\"inLanguage\":\"es\",\"@id\":\"https:\\\/\\\/diariotextual.com\\\/inicio\\\/index.php\\\/2020\\\/05\\\/21\\\/jeremias-nene-santa-isabel-la-tarea-desde-una-loma\\\/#primaryimage\",\"url\":\"https:\\\/\\\/diariotextual.com\\\/inicio\\\/wp-content\\\/uploads\\\/2020\\\/05\\\/jeremiasensucaballo2020-1.jpg\",\"contentUrl\":\"https:\\\/\\\/diariotextual.com\\\/inicio\\\/wp-content\\\/uploads\\\/2020\\\/05\\\/jeremiasensucaballo2020-1.jpg\",\"width\":611,\"height\":434},{\"@type\":\"BreadcrumbList\",\"@id\":\"https:\\\/\\\/diariotextual.com\\\/inicio\\\/index.php\\\/2020\\\/05\\\/21\\\/jeremias-nene-santa-isabel-la-tarea-desde-una-loma\\\/#breadcrumb\",\"itemListElement\":[{\"@type\":\"ListItem\",\"position\":1,\"name\":\"Portada\",\"item\":\"https:\\\/\\\/diariotextual.com\\\/inicio\\\/\"},{\"@type\":\"ListItem\",\"position\":2,\"name\":\"Jerem\u00edas, el nene de Santa Isabel que env\u00eda la tarea desde una loma\"}]},{\"@type\":\"WebSite\",\"@id\":\"https:\\\/\\\/diariotextual.com\\\/inicio\\\/#website\",\"url\":\"https:\\\/\\\/diariotextual.com\\\/inicio\\\/\",\"name\":\"Diario Textual\",\"description\":\"\",\"publisher\":{\"@id\":\"https:\\\/\\\/diariotextual.com\\\/inicio\\\/#organization\"},\"potentialAction\":[{\"@type\":\"SearchAction\",\"target\":{\"@type\":\"EntryPoint\",\"urlTemplate\":\"https:\\\/\\\/diariotextual.com\\\/inicio\\\/?s={search_term_string}\"},\"query-input\":{\"@type\":\"PropertyValueSpecification\",\"valueRequired\":true,\"valueName\":\"search_term_string\"}}],\"inLanguage\":\"es\"},{\"@type\":\"Organization\",\"@id\":\"https:\\\/\\\/diariotextual.com\\\/inicio\\\/#organization\",\"name\":\"Diario Textual\",\"url\":\"https:\\\/\\\/diariotextual.com\\\/inicio\\\/\",\"logo\":{\"@type\":\"ImageObject\",\"inLanguage\":\"es\",\"@id\":\"https:\\\/\\\/diariotextual.com\\\/inicio\\\/#\\\/schema\\\/logo\\\/image\\\/\",\"url\":\"https:\\\/\\\/diariotextual.com\\\/inicio\\\/wp-content\\\/uploads\\\/2023\\\/05\\\/logotextual1.jpg\",\"contentUrl\":\"https:\\\/\\\/diariotextual.com\\\/inicio\\\/wp-content\\\/uploads\\\/2023\\\/05\\\/logotextual1.jpg\",\"width\":516,\"height\":76,\"caption\":\"Diario Textual\"},\"image\":{\"@id\":\"https:\\\/\\\/diariotextual.com\\\/inicio\\\/#\\\/schema\\\/logo\\\/image\\\/\"},\"sameAs\":[\"https:\\\/\\\/www.facebook.com\\\/eltextual\",\"https:\\\/\\\/x.com\\\/eltextual\",\"http:\\\/\\\/www.instagram.com\\\/eltextual\"]},{\"@type\":\"Person\",\"@id\":\"https:\\\/\\\/diariotextual.com\\\/inicio\\\/#\\\/schema\\\/person\\\/418fc4093c33e86ed41562db3508f958\",\"name\":\"Diario1 Diario1\",\"image\":{\"@type\":\"ImageObject\",\"inLanguage\":\"es\",\"@id\":\"https:\\\/\\\/secure.gravatar.com\\\/avatar\\\/9167d280179c85bc18be67aa7eda765854300033af4896dd779b608640f2ef7a?s=96&d=mm&r=g\",\"url\":\"https:\\\/\\\/secure.gravatar.com\\\/avatar\\\/9167d280179c85bc18be67aa7eda765854300033af4896dd779b608640f2ef7a?s=96&d=mm&r=g\",\"contentUrl\":\"https:\\\/\\\/secure.gravatar.com\\\/avatar\\\/9167d280179c85bc18be67aa7eda765854300033af4896dd779b608640f2ef7a?s=96&d=mm&r=g\",\"caption\":\"Diario1 Diario1\"},\"url\":\"https:\\\/\\\/diariotextual.com\\\/inicio\\\/index.php\\\/author\\\/diario1\\\/\"}]}<\/script>\n<!-- \/ Yoast SEO plugin. -->","yoast_head_json":{"title":"Jerem\u00edas, el nene de Santa Isabel que env\u00eda la tarea desde una loma - Diario Textual","robots":{"index":"index","follow":"follow","max-snippet":"max-snippet:-1","max-image-preview":"max-image-preview:large","max-video-preview":"max-video-preview:-1"},"canonical":"https:\/\/diariotextual.com\/inicio\/index.php\/2020\/05\/21\/jeremias-nene-santa-isabel-la-tarea-desde-una-loma\/","og_locale":"es_ES","og_type":"article","og_title":"Jerem\u00edas, el nene de Santa Isabel que env\u00eda la tarea desde una loma - Diario Textual","og_description":"Jerem\u00edas Gonzales Ordienco tiene 7 a\u00f1os y es alumno de la Escuela Hogar 99 de Santa Isabel. Desde que empez\u00f3 la cuarentena fue al campo con su familia y desde&hellip;","og_url":"https:\/\/diariotextual.com\/inicio\/index.php\/2020\/05\/21\/jeremias-nene-santa-isabel-la-tarea-desde-una-loma\/","og_site_name":"Diario Textual","article_publisher":"https:\/\/www.facebook.com\/eltextual","article_published_time":"2020-05-21T20:35:16+00:00","article_modified_time":"2020-05-22T00:22:39+00:00","og_image":[{"width":611,"height":434,"url":"https:\/\/diariotextual.com\/inicio\/wp-content\/uploads\/2020\/05\/jeremiasensucaballo2020-1.jpg","type":"image\/jpeg"}],"author":"Diario1 Diario1","twitter_card":"summary_large_image","twitter_creator":"@eltextual","twitter_site":"@eltextual","twitter_misc":{"Escrito por":"Diario1 Diario1","Tiempo de lectura":"3 minutos"},"schema":{"@context":"https:\/\/schema.org","@graph":[{"@type":"Article","@id":"https:\/\/diariotextual.com\/inicio\/index.php\/2020\/05\/21\/jeremias-nene-santa-isabel-la-tarea-desde-una-loma\/#article","isPartOf":{"@id":"https:\/\/diariotextual.com\/inicio\/index.php\/2020\/05\/21\/jeremias-nene-santa-isabel-la-tarea-desde-una-loma\/"},"author":{"name":"Diario1 Diario1","@id":"https:\/\/diariotextual.com\/inicio\/#\/schema\/person\/418fc4093c33e86ed41562db3508f958"},"headline":"Jerem\u00edas, el nene de Santa Isabel que env\u00eda la tarea desde una loma","datePublished":"2020-05-21T20:35:16+00:00","dateModified":"2020-05-22T00:22:39+00:00","mainEntityOfPage":{"@id":"https:\/\/diariotextual.com\/inicio\/index.php\/2020\/05\/21\/jeremias-nene-santa-isabel-la-tarea-desde-una-loma\/"},"wordCount":527,"publisher":{"@id":"https:\/\/diariotextual.com\/inicio\/#organization"},"image":{"@id":"https:\/\/diariotextual.com\/inicio\/index.php\/2020\/05\/21\/jeremias-nene-santa-isabel-la-tarea-desde-una-loma\/#primaryimage"},"thumbnailUrl":"https:\/\/diariotextual.com\/inicio\/wp-content\/uploads\/2020\/05\/jeremiasensucaballo2020-1.jpg","keywords":["docente","jeremias","loma","sonia"],"articleSection":["A - TEMPORALES","CULTURA"],"inLanguage":"es"},{"@type":"WebPage","@id":"https:\/\/diariotextual.com\/inicio\/index.php\/2020\/05\/21\/jeremias-nene-santa-isabel-la-tarea-desde-una-loma\/","url":"https:\/\/diariotextual.com\/inicio\/index.php\/2020\/05\/21\/jeremias-nene-santa-isabel-la-tarea-desde-una-loma\/","name":"Jerem\u00edas, el nene de Santa Isabel que env\u00eda la tarea desde una loma - Diario Textual","isPartOf":{"@id":"https:\/\/diariotextual.com\/inicio\/#website"},"primaryImageOfPage":{"@id":"https:\/\/diariotextual.com\/inicio\/index.php\/2020\/05\/21\/jeremias-nene-santa-isabel-la-tarea-desde-una-loma\/#primaryimage"},"image":{"@id":"https:\/\/diariotextual.com\/inicio\/index.php\/2020\/05\/21\/jeremias-nene-santa-isabel-la-tarea-desde-una-loma\/#primaryimage"},"thumbnailUrl":"https:\/\/diariotextual.com\/inicio\/wp-content\/uploads\/2020\/05\/jeremiasensucaballo2020-1.jpg","datePublished":"2020-05-21T20:35:16+00:00","dateModified":"2020-05-22T00:22:39+00:00","breadcrumb":{"@id":"https:\/\/diariotextual.com\/inicio\/index.php\/2020\/05\/21\/jeremias-nene-santa-isabel-la-tarea-desde-una-loma\/#breadcrumb"},"inLanguage":"es","potentialAction":[{"@type":"ReadAction","target":["https:\/\/diariotextual.com\/inicio\/index.php\/2020\/05\/21\/jeremias-nene-santa-isabel-la-tarea-desde-una-loma\/"]}]},{"@type":"ImageObject","inLanguage":"es","@id":"https:\/\/diariotextual.com\/inicio\/index.php\/2020\/05\/21\/jeremias-nene-santa-isabel-la-tarea-desde-una-loma\/#primaryimage","url":"https:\/\/diariotextual.com\/inicio\/wp-content\/uploads\/2020\/05\/jeremiasensucaballo2020-1.jpg","contentUrl":"https:\/\/diariotextual.com\/inicio\/wp-content\/uploads\/2020\/05\/jeremiasensucaballo2020-1.jpg","width":611,"height":434},{"@type":"BreadcrumbList","@id":"https:\/\/diariotextual.com\/inicio\/index.php\/2020\/05\/21\/jeremias-nene-santa-isabel-la-tarea-desde-una-loma\/#breadcrumb","itemListElement":[{"@type":"ListItem","position":1,"name":"Portada","item":"https:\/\/diariotextual.com\/inicio\/"},{"@type":"ListItem","position":2,"name":"Jerem\u00edas, el nene de Santa Isabel que env\u00eda la tarea desde una loma"}]},{"@type":"WebSite","@id":"https:\/\/diariotextual.com\/inicio\/#website","url":"https:\/\/diariotextual.com\/inicio\/","name":"Diario Textual","description":"","publisher":{"@id":"https:\/\/diariotextual.com\/inicio\/#organization"},"potentialAction":[{"@type":"SearchAction","target":{"@type":"EntryPoint","urlTemplate":"https:\/\/diariotextual.com\/inicio\/?s={search_term_string}"},"query-input":{"@type":"PropertyValueSpecification","valueRequired":true,"valueName":"search_term_string"}}],"inLanguage":"es"},{"@type":"Organization","@id":"https:\/\/diariotextual.com\/inicio\/#organization","name":"Diario Textual","url":"https:\/\/diariotextual.com\/inicio\/","logo":{"@type":"ImageObject","inLanguage":"es","@id":"https:\/\/diariotextual.com\/inicio\/#\/schema\/logo\/image\/","url":"https:\/\/diariotextual.com\/inicio\/wp-content\/uploads\/2023\/05\/logotextual1.jpg","contentUrl":"https:\/\/diariotextual.com\/inicio\/wp-content\/uploads\/2023\/05\/logotextual1.jpg","width":516,"height":76,"caption":"Diario Textual"},"image":{"@id":"https:\/\/diariotextual.com\/inicio\/#\/schema\/logo\/image\/"},"sameAs":["https:\/\/www.facebook.com\/eltextual","https:\/\/x.com\/eltextual","http:\/\/www.instagram.com\/eltextual"]},{"@type":"Person","@id":"https:\/\/diariotextual.com\/inicio\/#\/schema\/person\/418fc4093c33e86ed41562db3508f958","name":"Diario1 Diario1","image":{"@type":"ImageObject","inLanguage":"es","@id":"https:\/\/secure.gravatar.com\/avatar\/9167d280179c85bc18be67aa7eda765854300033af4896dd779b608640f2ef7a?s=96&d=mm&r=g","url":"https:\/\/secure.gravatar.com\/avatar\/9167d280179c85bc18be67aa7eda765854300033af4896dd779b608640f2ef7a?s=96&d=mm&r=g","contentUrl":"https:\/\/secure.gravatar.com\/avatar\/9167d280179c85bc18be67aa7eda765854300033af4896dd779b608640f2ef7a?s=96&d=mm&r=g","caption":"Diario1 Diario1"},"url":"https:\/\/diariotextual.com\/inicio\/index.php\/author\/diario1\/"}]}},"_links":{"self":[{"href":"https:\/\/diariotextual.com\/inicio\/index.php\/wp-json\/wp\/v2\/posts\/94446","targetHints":{"allow":["GET"]}}],"collection":[{"href":"https:\/\/diariotextual.com\/inicio\/index.php\/wp-json\/wp\/v2\/posts"}],"about":[{"href":"https:\/\/diariotextual.com\/inicio\/index.php\/wp-json\/wp\/v2\/types\/post"}],"author":[{"embeddable":true,"href":"https:\/\/diariotextual.com\/inicio\/index.php\/wp-json\/wp\/v2\/users\/3"}],"replies":[{"embeddable":true,"href":"https:\/\/diariotextual.com\/inicio\/index.php\/wp-json\/wp\/v2\/comments?post=94446"}],"version-history":[{"count":12,"href":"https:\/\/diariotextual.com\/inicio\/index.php\/wp-json\/wp\/v2\/posts\/94446\/revisions"}],"predecessor-version":[{"id":94475,"href":"https:\/\/diariotextual.com\/inicio\/index.php\/wp-json\/wp\/v2\/posts\/94446\/revisions\/94475"}],"wp:featuredmedia":[{"embeddable":true,"href":"https:\/\/diariotextual.com\/inicio\/index.php\/wp-json\/wp\/v2\/media\/94462"}],"wp:attachment":[{"href":"https:\/\/diariotextual.com\/inicio\/index.php\/wp-json\/wp\/v2\/media?parent=94446"}],"wp:term":[{"taxonomy":"category","embeddable":true,"href":"https:\/\/diariotextual.com\/inicio\/index.php\/wp-json\/wp\/v2\/categories?post=94446"},{"taxonomy":"post_tag","embeddable":true,"href":"https:\/\/diariotextual.com\/inicio\/index.php\/wp-json\/wp\/v2\/tags?post=94446"}],"curies":[{"name":"wp","href":"https:\/\/api.w.org\/{rel}","templated":true}]}}