{"id":95784,"date":"2020-05-31T20:56:54","date_gmt":"2020-05-31T23:56:54","guid":{"rendered":"http:\/\/diariotextual.com\/inicio\/?p=95784"},"modified":"2020-05-31T23:25:55","modified_gmt":"2020-06-01T02:25:55","slug":"aerolineas-argentinas-suspendio-temporalmente-7-500-trabajadores","status":"publish","type":"post","link":"https:\/\/diariotextual.com\/inicio\/index.php\/2020\/05\/31\/aerolineas-argentinas-suspendio-temporalmente-7-500-trabajadores\/","title":{"rendered":"Aerol\u00edneas Argentinas suspendi\u00f3 temporalmente a 7.500 trabajadores"},"content":{"rendered":"<p>La compa\u00f1\u00eda <strong>Aerol\u00edneas Argentinas decidi\u00f3 suspender temporalmente hoy a unos 7.500 trabajadores durante junio y julio debido a la ca\u00edda de la actividad aerocomercial<\/strong>, como consecuencia de la pandemia del Covid-19, confirmaron a Telam fuentes de la empresa.<\/p>\n<p><!--more--><\/p>\n<p>\u201c<strong>Ante el cese pr\u00e1cticamente total de las actividades desde hace m\u00e1s de dos meses, hemos tomado la decisi\u00f3n de entablar las negociaciones en el marco del art\u00edculo 223 bis de la Ley de Contrato de Trabajo, a fin de proceder a la suspensi\u00f3n<\/strong> temporal de parte de los trabajadores del grupo empresario\u201d, expres\u00f3 un portavoz de Aerol\u00edneas.<\/p>\n<p>Y anunci\u00f3 que <strong>la empresa convocar\u00e1 a una mesa de trabajo a los representantes de las seis asociaciones sindicales que nuclean al personal de la compa\u00f1\u00eda, a los fines de alcanzar un acuerdo que permita atravesar esta dif\u00edcil situaci\u00f3n<\/strong>, adecuando el funcionamiento de la organizaci\u00f3n al escenario actual y preservando, en la medida de las posibilidades, los intereses de los trabajadores y trabajadoras.<\/p>\n<p>\u201cLos <strong>trabajadores que ingresen en esta modalidad de suspensi\u00f3n temporal, que estar\u00e1 vigente durante los meses de junio y julio, cobrar\u00e1n una asignaci\u00f3n no remunerativa junto con el aporte normal a la obra social<\/strong>, conforme a lo establece la normativa que rige el procedimiento al que nos estamos acogiendo\u201d, se detall\u00f3 de la empresa.<\/p>\n<p>\u201cEn la<strong> mesa de negociaciones se va a discutir cu\u00e1l es la suma no remunerativa que cobren los trabajadores suspendidos que van a ser solo los que no est\u00e9n trabajando y la suma no remunerativa estar\u00e1 por arriba del 75% del salario<\/strong>\u201d, aclar\u00f3 otra fuente de AA.<\/p>\n<p>Los <strong>haberes de mayo se abonar\u00e1n el cuarto d\u00eda h\u00e1bil del mes de junio y seg\u00fan trascendi\u00f3, la suspensi\u00f3n temporal afectar\u00e1 a unos 7.500 trabajadores<\/strong> de la compa\u00f1\u00eda aerocomercial.<\/p>\n<p>Los voceros de la empresa expresaron que la crisis sanitaria que atraviesa el mundo es un hecho in\u00e9dito que dio lugar a la mayor crisis del sector aerocomercial de la historia. \u201cEn este tiempo, <strong>experimentamos una ca\u00edda en nuestros ingresos del orden del 97%, quedando pr\u00e1cticamente sin otro auxilio financiero que los aportes que recibimos del Estado Nacional<\/strong>\u201d, agreg\u00f3 la empresa.<\/p>\n<p>\u201cDesde lo financiero <strong>la compa\u00f1\u00eda posterg\u00f3 pagos no esenciales, negoci\u00f3 con proveedores de combustible la postergaci\u00f3n de deudas y pago de cuenta corriente y se encuentran en tratativas avanzadas para reprogramar pagos con el Banco Nacional de Desarrollo Econ\u00f3mico y Social de Brasil y con el Banco de la Naci\u00f3n Argentina.<\/strong> Asimismo, tambi\u00e9n se pospusieron pagos de alquiler de aeronaves\u201d, a\u00f1adi\u00f3 uno de los voceros de AA.<\/p>\n","protected":false},"excerpt":{"rendered":"<p>La compa\u00f1\u00eda Aerol\u00edneas Argentinas decidi\u00f3 suspender temporalmente hoy a unos 7.500 trabajadores durante junio y julio debido a la ca\u00edda de la actividad aerocomercial, como consecuencia de la pandemia del&hellip;<\/p>\n","protected":false},"author":5,"featured_media":56256,"comment_status":"closed","ping_status":"open","sticky":false,"template":"","format":"standard","meta":{"_acf_changed":false,"footnotes":""},"categories":[11,5],"tags":[],"class_list":["post-95784","post","type-post","status-publish","format-standard","has-post-thumbnail","hentry","category-que-pasa","category-economia"],"acf":[],"yoast_head":"<!-- This site is optimized with the Yoast SEO plugin v27.5 - https:\/\/yoast.com\/product\/yoast-seo-wordpress\/ -->\n<title>Aerol\u00edneas Argentinas suspendi\u00f3 temporalmente a 7.500 trabajadores - Diario Textual<\/title>\n<meta name=\"robots\" content=\"index, follow, max-snippet:-1, max-image-preview:large, max-video-preview:-1\" \/>\n<link rel=\"canonical\" href=\"https:\/\/diariotextual.com\/inicio\/index.php\/2020\/05\/31\/aerolineas-argentinas-suspendio-temporalmente-7-500-trabajadores\/\" \/>\n<meta property=\"og:locale\" content=\"es_ES\" \/>\n<meta property=\"og:type\" content=\"article\" \/>\n<meta property=\"og:title\" content=\"Aerol\u00edneas Argentinas suspendi\u00f3 temporalmente a 7.500 trabajadores - Diario Textual\" \/>\n<meta property=\"og:description\" content=\"La compa\u00f1\u00eda Aerol\u00edneas Argentinas decidi\u00f3 suspender temporalmente hoy a unos 7.500 trabajadores durante junio y julio debido a la ca\u00edda de la actividad aerocomercial, como consecuencia de la pandemia del&hellip;\" \/>\n<meta property=\"og:url\" content=\"https:\/\/diariotextual.com\/inicio\/index.php\/2020\/05\/31\/aerolineas-argentinas-suspendio-temporalmente-7-500-trabajadores\/\" \/>\n<meta property=\"og:site_name\" content=\"Diario Textual\" \/>\n<meta property=\"article:publisher\" content=\"https:\/\/www.facebook.com\/eltextual\" \/>\n<meta property=\"article:published_time\" content=\"2020-05-31T23:56:54+00:00\" \/>\n<meta property=\"article:modified_time\" content=\"2020-06-01T02:25:55+00:00\" \/>\n<meta property=\"og:image\" content=\"https:\/\/diariotextual.com\/inicio\/wp-content\/uploads\/2019\/07\/aerol\u00edneasargentinasavion3.jpg\" \/>\n\t<meta property=\"og:image:width\" content=\"600\" \/>\n\t<meta property=\"og:image:height\" content=\"365\" \/>\n\t<meta property=\"og:image:type\" content=\"image\/jpeg\" \/>\n<meta name=\"author\" content=\"diario3\" \/>\n<meta name=\"twitter:card\" content=\"summary_large_image\" \/>\n<meta name=\"twitter:creator\" content=\"@eltextual\" \/>\n<meta name=\"twitter:site\" content=\"@eltextual\" \/>\n<meta name=\"twitter:label1\" content=\"Escrito por\" \/>\n\t<meta name=\"twitter:data1\" content=\"diario3\" \/>\n\t<meta name=\"twitter:label2\" content=\"Tiempo de lectura\" \/>\n\t<meta name=\"twitter:data2\" content=\"2 minutos\" \/>\n<script type=\"application\/ld+json\" class=\"yoast-schema-graph\">{\"@context\":\"https:\\\/\\\/schema.org\",\"@graph\":[{\"@type\":\"Article\",\"@id\":\"https:\\\/\\\/diariotextual.com\\\/inicio\\\/index.php\\\/2020\\\/05\\\/31\\\/aerolineas-argentinas-suspendio-temporalmente-7-500-trabajadores\\\/#article\",\"isPartOf\":{\"@id\":\"https:\\\/\\\/diariotextual.com\\\/inicio\\\/index.php\\\/2020\\\/05\\\/31\\\/aerolineas-argentinas-suspendio-temporalmente-7-500-trabajadores\\\/\"},\"author\":{\"name\":\"diario3\",\"@id\":\"https:\\\/\\\/diariotextual.com\\\/inicio\\\/#\\\/schema\\\/person\\\/a1b6f563e0ee944c60f98119389a4d9f\"},\"headline\":\"Aerol\u00edneas Argentinas suspendi\u00f3 temporalmente a 7.500 trabajadores\",\"datePublished\":\"2020-05-31T23:56:54+00:00\",\"dateModified\":\"2020-06-01T02:25:55+00:00\",\"mainEntityOfPage\":{\"@id\":\"https:\\\/\\\/diariotextual.com\\\/inicio\\\/index.php\\\/2020\\\/05\\\/31\\\/aerolineas-argentinas-suspendio-temporalmente-7-500-trabajadores\\\/\"},\"wordCount\":451,\"publisher\":{\"@id\":\"https:\\\/\\\/diariotextual.com\\\/inicio\\\/#organization\"},\"image\":{\"@id\":\"https:\\\/\\\/diariotextual.com\\\/inicio\\\/index.php\\\/2020\\\/05\\\/31\\\/aerolineas-argentinas-suspendio-temporalmente-7-500-trabajadores\\\/#primaryimage\"},\"thumbnailUrl\":\"https:\\\/\\\/diariotextual.com\\\/inicio\\\/wp-content\\\/uploads\\\/2019\\\/07\\\/aerol\u00edneasargentinasavion3.jpg\",\"articleSection\":[\"A - QUE PASA (al costado)\",\"ECONOMIA\"],\"inLanguage\":\"es\"},{\"@type\":\"WebPage\",\"@id\":\"https:\\\/\\\/diariotextual.com\\\/inicio\\\/index.php\\\/2020\\\/05\\\/31\\\/aerolineas-argentinas-suspendio-temporalmente-7-500-trabajadores\\\/\",\"url\":\"https:\\\/\\\/diariotextual.com\\\/inicio\\\/index.php\\\/2020\\\/05\\\/31\\\/aerolineas-argentinas-suspendio-temporalmente-7-500-trabajadores\\\/\",\"name\":\"Aerol\u00edneas Argentinas suspendi\u00f3 temporalmente a 7.500 trabajadores - Diario Textual\",\"isPartOf\":{\"@id\":\"https:\\\/\\\/diariotextual.com\\\/inicio\\\/#website\"},\"primaryImageOfPage\":{\"@id\":\"https:\\\/\\\/diariotextual.com\\\/inicio\\\/index.php\\\/2020\\\/05\\\/31\\\/aerolineas-argentinas-suspendio-temporalmente-7-500-trabajadores\\\/#primaryimage\"},\"image\":{\"@id\":\"https:\\\/\\\/diariotextual.com\\\/inicio\\\/index.php\\\/2020\\\/05\\\/31\\\/aerolineas-argentinas-suspendio-temporalmente-7-500-trabajadores\\\/#primaryimage\"},\"thumbnailUrl\":\"https:\\\/\\\/diariotextual.com\\\/inicio\\\/wp-content\\\/uploads\\\/2019\\\/07\\\/aerol\u00edneasargentinasavion3.jpg\",\"datePublished\":\"2020-05-31T23:56:54+00:00\",\"dateModified\":\"2020-06-01T02:25:55+00:00\",\"breadcrumb\":{\"@id\":\"https:\\\/\\\/diariotextual.com\\\/inicio\\\/index.php\\\/2020\\\/05\\\/31\\\/aerolineas-argentinas-suspendio-temporalmente-7-500-trabajadores\\\/#breadcrumb\"},\"inLanguage\":\"es\",\"potentialAction\":[{\"@type\":\"ReadAction\",\"target\":[\"https:\\\/\\\/diariotextual.com\\\/inicio\\\/index.php\\\/2020\\\/05\\\/31\\\/aerolineas-argentinas-suspendio-temporalmente-7-500-trabajadores\\\/\"]}]},{\"@type\":\"ImageObject\",\"inLanguage\":\"es\",\"@id\":\"https:\\\/\\\/diariotextual.com\\\/inicio\\\/index.php\\\/2020\\\/05\\\/31\\\/aerolineas-argentinas-suspendio-temporalmente-7-500-trabajadores\\\/#primaryimage\",\"url\":\"https:\\\/\\\/diariotextual.com\\\/inicio\\\/wp-content\\\/uploads\\\/2019\\\/07\\\/aerol\u00edneasargentinasavion3.jpg\",\"contentUrl\":\"https:\\\/\\\/diariotextual.com\\\/inicio\\\/wp-content\\\/uploads\\\/2019\\\/07\\\/aerol\u00edneasargentinasavion3.jpg\",\"width\":600,\"height\":365},{\"@type\":\"BreadcrumbList\",\"@id\":\"https:\\\/\\\/diariotextual.com\\\/inicio\\\/index.php\\\/2020\\\/05\\\/31\\\/aerolineas-argentinas-suspendio-temporalmente-7-500-trabajadores\\\/#breadcrumb\",\"itemListElement\":[{\"@type\":\"ListItem\",\"position\":1,\"name\":\"Portada\",\"item\":\"https:\\\/\\\/diariotextual.com\\\/inicio\\\/\"},{\"@type\":\"ListItem\",\"position\":2,\"name\":\"Aerol\u00edneas Argentinas suspendi\u00f3 temporalmente a 7.500 trabajadores\"}]},{\"@type\":\"WebSite\",\"@id\":\"https:\\\/\\\/diariotextual.com\\\/inicio\\\/#website\",\"url\":\"https:\\\/\\\/diariotextual.com\\\/inicio\\\/\",\"name\":\"Diario Textual\",\"description\":\"\",\"publisher\":{\"@id\":\"https:\\\/\\\/diariotextual.com\\\/inicio\\\/#organization\"},\"potentialAction\":[{\"@type\":\"SearchAction\",\"target\":{\"@type\":\"EntryPoint\",\"urlTemplate\":\"https:\\\/\\\/diariotextual.com\\\/inicio\\\/?s={search_term_string}\"},\"query-input\":{\"@type\":\"PropertyValueSpecification\",\"valueRequired\":true,\"valueName\":\"search_term_string\"}}],\"inLanguage\":\"es\"},{\"@type\":\"Organization\",\"@id\":\"https:\\\/\\\/diariotextual.com\\\/inicio\\\/#organization\",\"name\":\"Diario Textual\",\"url\":\"https:\\\/\\\/diariotextual.com\\\/inicio\\\/\",\"logo\":{\"@type\":\"ImageObject\",\"inLanguage\":\"es\",\"@id\":\"https:\\\/\\\/diariotextual.com\\\/inicio\\\/#\\\/schema\\\/logo\\\/image\\\/\",\"url\":\"https:\\\/\\\/diariotextual.com\\\/inicio\\\/wp-content\\\/uploads\\\/2023\\\/05\\\/logotextual1.jpg\",\"contentUrl\":\"https:\\\/\\\/diariotextual.com\\\/inicio\\\/wp-content\\\/uploads\\\/2023\\\/05\\\/logotextual1.jpg\",\"width\":516,\"height\":76,\"caption\":\"Diario Textual\"},\"image\":{\"@id\":\"https:\\\/\\\/diariotextual.com\\\/inicio\\\/#\\\/schema\\\/logo\\\/image\\\/\"},\"sameAs\":[\"https:\\\/\\\/www.facebook.com\\\/eltextual\",\"https:\\\/\\\/x.com\\\/eltextual\",\"http:\\\/\\\/www.instagram.com\\\/eltextual\"]},{\"@type\":\"Person\",\"@id\":\"https:\\\/\\\/diariotextual.com\\\/inicio\\\/#\\\/schema\\\/person\\\/a1b6f563e0ee944c60f98119389a4d9f\",\"name\":\"diario3\",\"image\":{\"@type\":\"ImageObject\",\"inLanguage\":\"es\",\"@id\":\"https:\\\/\\\/secure.gravatar.com\\\/avatar\\\/5e7ee62c82fc04d9dd79d746a390d93c69c43223e5faeeb3ea9461ef752bfc5d?s=96&d=mm&r=g\",\"url\":\"https:\\\/\\\/secure.gravatar.com\\\/avatar\\\/5e7ee62c82fc04d9dd79d746a390d93c69c43223e5faeeb3ea9461ef752bfc5d?s=96&d=mm&r=g\",\"contentUrl\":\"https:\\\/\\\/secure.gravatar.com\\\/avatar\\\/5e7ee62c82fc04d9dd79d746a390d93c69c43223e5faeeb3ea9461ef752bfc5d?s=96&d=mm&r=g\",\"caption\":\"diario3\"},\"url\":\"https:\\\/\\\/diariotextual.com\\\/inicio\\\/index.php\\\/author\\\/diario3\\\/\"}]}<\/script>\n<!-- \/ Yoast SEO plugin. -->","yoast_head_json":{"title":"Aerol\u00edneas Argentinas suspendi\u00f3 temporalmente a 7.500 trabajadores - Diario Textual","robots":{"index":"index","follow":"follow","max-snippet":"max-snippet:-1","max-image-preview":"max-image-preview:large","max-video-preview":"max-video-preview:-1"},"canonical":"https:\/\/diariotextual.com\/inicio\/index.php\/2020\/05\/31\/aerolineas-argentinas-suspendio-temporalmente-7-500-trabajadores\/","og_locale":"es_ES","og_type":"article","og_title":"Aerol\u00edneas Argentinas suspendi\u00f3 temporalmente a 7.500 trabajadores - Diario Textual","og_description":"La compa\u00f1\u00eda Aerol\u00edneas Argentinas decidi\u00f3 suspender temporalmente hoy a unos 7.500 trabajadores durante junio y julio debido a la ca\u00edda de la actividad aerocomercial, como consecuencia de la pandemia del&hellip;","og_url":"https:\/\/diariotextual.com\/inicio\/index.php\/2020\/05\/31\/aerolineas-argentinas-suspendio-temporalmente-7-500-trabajadores\/","og_site_name":"Diario Textual","article_publisher":"https:\/\/www.facebook.com\/eltextual","article_published_time":"2020-05-31T23:56:54+00:00","article_modified_time":"2020-06-01T02:25:55+00:00","og_image":[{"width":600,"height":365,"url":"https:\/\/diariotextual.com\/inicio\/wp-content\/uploads\/2019\/07\/aerol\u00edneasargentinasavion3.jpg","type":"image\/jpeg"}],"author":"diario3","twitter_card":"summary_large_image","twitter_creator":"@eltextual","twitter_site":"@eltextual","twitter_misc":{"Escrito por":"diario3","Tiempo de lectura":"2 minutos"},"schema":{"@context":"https:\/\/schema.org","@graph":[{"@type":"Article","@id":"https:\/\/diariotextual.com\/inicio\/index.php\/2020\/05\/31\/aerolineas-argentinas-suspendio-temporalmente-7-500-trabajadores\/#article","isPartOf":{"@id":"https:\/\/diariotextual.com\/inicio\/index.php\/2020\/05\/31\/aerolineas-argentinas-suspendio-temporalmente-7-500-trabajadores\/"},"author":{"name":"diario3","@id":"https:\/\/diariotextual.com\/inicio\/#\/schema\/person\/a1b6f563e0ee944c60f98119389a4d9f"},"headline":"Aerol\u00edneas Argentinas suspendi\u00f3 temporalmente a 7.500 trabajadores","datePublished":"2020-05-31T23:56:54+00:00","dateModified":"2020-06-01T02:25:55+00:00","mainEntityOfPage":{"@id":"https:\/\/diariotextual.com\/inicio\/index.php\/2020\/05\/31\/aerolineas-argentinas-suspendio-temporalmente-7-500-trabajadores\/"},"wordCount":451,"publisher":{"@id":"https:\/\/diariotextual.com\/inicio\/#organization"},"image":{"@id":"https:\/\/diariotextual.com\/inicio\/index.php\/2020\/05\/31\/aerolineas-argentinas-suspendio-temporalmente-7-500-trabajadores\/#primaryimage"},"thumbnailUrl":"https:\/\/diariotextual.com\/inicio\/wp-content\/uploads\/2019\/07\/aerol\u00edneasargentinasavion3.jpg","articleSection":["A - QUE PASA (al costado)","ECONOMIA"],"inLanguage":"es"},{"@type":"WebPage","@id":"https:\/\/diariotextual.com\/inicio\/index.php\/2020\/05\/31\/aerolineas-argentinas-suspendio-temporalmente-7-500-trabajadores\/","url":"https:\/\/diariotextual.com\/inicio\/index.php\/2020\/05\/31\/aerolineas-argentinas-suspendio-temporalmente-7-500-trabajadores\/","name":"Aerol\u00edneas Argentinas suspendi\u00f3 temporalmente a 7.500 trabajadores - Diario Textual","isPartOf":{"@id":"https:\/\/diariotextual.com\/inicio\/#website"},"primaryImageOfPage":{"@id":"https:\/\/diariotextual.com\/inicio\/index.php\/2020\/05\/31\/aerolineas-argentinas-suspendio-temporalmente-7-500-trabajadores\/#primaryimage"},"image":{"@id":"https:\/\/diariotextual.com\/inicio\/index.php\/2020\/05\/31\/aerolineas-argentinas-suspendio-temporalmente-7-500-trabajadores\/#primaryimage"},"thumbnailUrl":"https:\/\/diariotextual.com\/inicio\/wp-content\/uploads\/2019\/07\/aerol\u00edneasargentinasavion3.jpg","datePublished":"2020-05-31T23:56:54+00:00","dateModified":"2020-06-01T02:25:55+00:00","breadcrumb":{"@id":"https:\/\/diariotextual.com\/inicio\/index.php\/2020\/05\/31\/aerolineas-argentinas-suspendio-temporalmente-7-500-trabajadores\/#breadcrumb"},"inLanguage":"es","potentialAction":[{"@type":"ReadAction","target":["https:\/\/diariotextual.com\/inicio\/index.php\/2020\/05\/31\/aerolineas-argentinas-suspendio-temporalmente-7-500-trabajadores\/"]}]},{"@type":"ImageObject","inLanguage":"es","@id":"https:\/\/diariotextual.com\/inicio\/index.php\/2020\/05\/31\/aerolineas-argentinas-suspendio-temporalmente-7-500-trabajadores\/#primaryimage","url":"https:\/\/diariotextual.com\/inicio\/wp-content\/uploads\/2019\/07\/aerol\u00edneasargentinasavion3.jpg","contentUrl":"https:\/\/diariotextual.com\/inicio\/wp-content\/uploads\/2019\/07\/aerol\u00edneasargentinasavion3.jpg","width":600,"height":365},{"@type":"BreadcrumbList","@id":"https:\/\/diariotextual.com\/inicio\/index.php\/2020\/05\/31\/aerolineas-argentinas-suspendio-temporalmente-7-500-trabajadores\/#breadcrumb","itemListElement":[{"@type":"ListItem","position":1,"name":"Portada","item":"https:\/\/diariotextual.com\/inicio\/"},{"@type":"ListItem","position":2,"name":"Aerol\u00edneas Argentinas suspendi\u00f3 temporalmente a 7.500 trabajadores"}]},{"@type":"WebSite","@id":"https:\/\/diariotextual.com\/inicio\/#website","url":"https:\/\/diariotextual.com\/inicio\/","name":"Diario Textual","description":"","publisher":{"@id":"https:\/\/diariotextual.com\/inicio\/#organization"},"potentialAction":[{"@type":"SearchAction","target":{"@type":"EntryPoint","urlTemplate":"https:\/\/diariotextual.com\/inicio\/?s={search_term_string}"},"query-input":{"@type":"PropertyValueSpecification","valueRequired":true,"valueName":"search_term_string"}}],"inLanguage":"es"},{"@type":"Organization","@id":"https:\/\/diariotextual.com\/inicio\/#organization","name":"Diario Textual","url":"https:\/\/diariotextual.com\/inicio\/","logo":{"@type":"ImageObject","inLanguage":"es","@id":"https:\/\/diariotextual.com\/inicio\/#\/schema\/logo\/image\/","url":"https:\/\/diariotextual.com\/inicio\/wp-content\/uploads\/2023\/05\/logotextual1.jpg","contentUrl":"https:\/\/diariotextual.com\/inicio\/wp-content\/uploads\/2023\/05\/logotextual1.jpg","width":516,"height":76,"caption":"Diario Textual"},"image":{"@id":"https:\/\/diariotextual.com\/inicio\/#\/schema\/logo\/image\/"},"sameAs":["https:\/\/www.facebook.com\/eltextual","https:\/\/x.com\/eltextual","http:\/\/www.instagram.com\/eltextual"]},{"@type":"Person","@id":"https:\/\/diariotextual.com\/inicio\/#\/schema\/person\/a1b6f563e0ee944c60f98119389a4d9f","name":"diario3","image":{"@type":"ImageObject","inLanguage":"es","@id":"https:\/\/secure.gravatar.com\/avatar\/5e7ee62c82fc04d9dd79d746a390d93c69c43223e5faeeb3ea9461ef752bfc5d?s=96&d=mm&r=g","url":"https:\/\/secure.gravatar.com\/avatar\/5e7ee62c82fc04d9dd79d746a390d93c69c43223e5faeeb3ea9461ef752bfc5d?s=96&d=mm&r=g","contentUrl":"https:\/\/secure.gravatar.com\/avatar\/5e7ee62c82fc04d9dd79d746a390d93c69c43223e5faeeb3ea9461ef752bfc5d?s=96&d=mm&r=g","caption":"diario3"},"url":"https:\/\/diariotextual.com\/inicio\/index.php\/author\/diario3\/"}]}},"_links":{"self":[{"href":"https:\/\/diariotextual.com\/inicio\/index.php\/wp-json\/wp\/v2\/posts\/95784","targetHints":{"allow":["GET"]}}],"collection":[{"href":"https:\/\/diariotextual.com\/inicio\/index.php\/wp-json\/wp\/v2\/posts"}],"about":[{"href":"https:\/\/diariotextual.com\/inicio\/index.php\/wp-json\/wp\/v2\/types\/post"}],"author":[{"embeddable":true,"href":"https:\/\/diariotextual.com\/inicio\/index.php\/wp-json\/wp\/v2\/users\/5"}],"replies":[{"embeddable":true,"href":"https:\/\/diariotextual.com\/inicio\/index.php\/wp-json\/wp\/v2\/comments?post=95784"}],"version-history":[{"count":1,"href":"https:\/\/diariotextual.com\/inicio\/index.php\/wp-json\/wp\/v2\/posts\/95784\/revisions"}],"predecessor-version":[{"id":95785,"href":"https:\/\/diariotextual.com\/inicio\/index.php\/wp-json\/wp\/v2\/posts\/95784\/revisions\/95785"}],"wp:featuredmedia":[{"embeddable":true,"href":"https:\/\/diariotextual.com\/inicio\/index.php\/wp-json\/wp\/v2\/media\/56256"}],"wp:attachment":[{"href":"https:\/\/diariotextual.com\/inicio\/index.php\/wp-json\/wp\/v2\/media?parent=95784"}],"wp:term":[{"taxonomy":"category","embeddable":true,"href":"https:\/\/diariotextual.com\/inicio\/index.php\/wp-json\/wp\/v2\/categories?post=95784"},{"taxonomy":"post_tag","embeddable":true,"href":"https:\/\/diariotextual.com\/inicio\/index.php\/wp-json\/wp\/v2\/tags?post=95784"}],"curies":[{"name":"wp","href":"https:\/\/api.w.org\/{rel}","templated":true}]}}