{"id":95991,"date":"2020-06-02T09:23:12","date_gmt":"2020-06-02T12:23:12","guid":{"rendered":"http:\/\/diariotextual.com\/inicio\/?p=95991"},"modified":"2020-06-02T10:34:33","modified_gmt":"2020-06-02T13:34:33","slug":"deuda-oficial-la-prorroga-del-plazo-negociacion","status":"publish","type":"post","link":"https:\/\/diariotextual.com\/inicio\/index.php\/2020\/06\/02\/deuda-oficial-la-prorroga-del-plazo-negociacion\/","title":{"rendered":"Deuda: es oficial la pr\u00f3rroga del plazo de negociaci\u00f3n"},"content":{"rendered":"<p>Finalmente el <strong>Gobierno nacional<\/strong> hizo oficial hoy <strong>la extensi\u00f3n del plazo de negociaci\u00f3n de deuda argentina por US$ 66.300 millones<\/strong>, a trav\u00e9s de la publicaci\u00f3n de una resoluci\u00f3n firmada por el ministro <strong>Mart\u00edn Guzm\u00e1n<\/strong>. Como se hab\u00eda adelantado ayer, el plazo es el 12 de junio.<\/p>\n<p>La resoluci\u00f3n destac\u00f3 que desde la \u00faltima extensi\u00f3n efectuada el 21 de mayo \u00faltimo por medio de la resoluci\u00f3n 243\/2020, <strong>\u201cla Argentina contin\u00faa recibiendo opiniones y sugerencias de los inversores\u201d<\/strong>. En consecuencia indic\u00f3 que el Ministerio est\u00e1 analizando \u201cestas sugerencias con el objetivo de restaurar la sostenibilidad de la deuda p\u00fablica emitida bajo legislaci\u00f3n extranjera\u201d.<\/p>\n<p>Por lo tanto, se\u00f1al\u00f3 que en este contexto,<strong> \u201cse considera necesario realizar una nueva extensi\u00f3n para continuar las discusiones y propiciar un marco adecuado para que los inversores contin\u00faen contribuyendo a una reestructuraci\u00f3n exitosa de la deuda\u201d.<\/strong><\/p>\n<p>Ante el inminente vencimiento del plazo de adhesi\u00f3n fijado para hoy a las 18 hora local, Econom\u00eda anticip\u00f3 ayer que \u00abse encuentra evaluando la posibilidad de introducir ajustes adicionales\u00bb a la propuesta inicial \u00abcon el objetivo de maximizar el apoyo de los inversores, sin dejar de preservar al mismo tiempo sus objetivos de sostenibilidad de la deuda\u00bb. El anuncio lo hizo a trav\u00e9s de una nota enviada a la Comisi\u00f3n de Valores de los Estados Unidos (SEC, seg\u00fan su sigla en ingl\u00e9s).<\/p>\n<p>\u00abHoy concluimos otra ronda de negociaciones bajo un acuerdo de confidencialidad. Las partes se siguen acercando, aunque sigue faltando una distancia importante por recorrer. Es necesario poder recorrer esa distancia. No estar\u00eda bien apurarse para cerrar algo que no le sirva a Argentina\u00bb, sostuvo Guzm\u00e1n, minutos despu\u00e9s de anunciar la nueva extensi\u00f3n del plazo.<\/p>\n<p>El titular del Palacio de Hacienda dijo tambi\u00e9n que el equipo econ\u00f3mico trabaja por estas horas \u201cen las enmiendas finales de la oferta\u00bb, aunque advirti\u00f3 que \u00abel margen que queda para enmendar la oferta es escaso\u00bb.<\/p>\n<p>&nbsp;<\/p>\n<p>&nbsp;<\/p>\n<p>&nbsp;<\/p>\n","protected":false},"excerpt":{"rendered":"<p>Finalmente el Gobierno nacional hizo oficial hoy la extensi\u00f3n del plazo de negociaci\u00f3n de deuda argentina por US$ 66.300 millones, a trav\u00e9s de la publicaci\u00f3n de una resoluci\u00f3n firmada por&hellip;<\/p>\n","protected":false},"author":3,"featured_media":92888,"comment_status":"closed","ping_status":"open","sticky":false,"template":"","format":"standard","meta":{"_acf_changed":false,"footnotes":""},"categories":[1,11,5],"tags":[2301,615],"class_list":["post-95991","post","type-post","status-publish","format-standard","has-post-thumbnail","hentry","category-es-noticia","category-que-pasa","category-economia","tag-deuda","tag-guzman"],"acf":[],"yoast_head":"<!-- This site is optimized with the Yoast SEO plugin v27.5 - https:\/\/yoast.com\/product\/yoast-seo-wordpress\/ -->\n<title>Deuda: es oficial la pr\u00f3rroga del plazo de negociaci\u00f3n - Diario Textual<\/title>\n<meta name=\"robots\" content=\"index, follow, max-snippet:-1, max-image-preview:large, max-video-preview:-1\" \/>\n<link rel=\"canonical\" href=\"https:\/\/diariotextual.com\/inicio\/index.php\/2020\/06\/02\/deuda-oficial-la-prorroga-del-plazo-negociacion\/\" \/>\n<meta property=\"og:locale\" content=\"es_ES\" \/>\n<meta property=\"og:type\" content=\"article\" \/>\n<meta property=\"og:title\" content=\"Deuda: es oficial la pr\u00f3rroga del plazo de negociaci\u00f3n - Diario Textual\" \/>\n<meta property=\"og:description\" content=\"Finalmente el Gobierno nacional hizo oficial hoy la extensi\u00f3n del plazo de negociaci\u00f3n de deuda argentina por US$ 66.300 millones, a trav\u00e9s de la publicaci\u00f3n de una resoluci\u00f3n firmada por&hellip;\" \/>\n<meta property=\"og:url\" content=\"https:\/\/diariotextual.com\/inicio\/index.php\/2020\/06\/02\/deuda-oficial-la-prorroga-del-plazo-negociacion\/\" \/>\n<meta property=\"og:site_name\" content=\"Diario Textual\" \/>\n<meta property=\"article:publisher\" content=\"https:\/\/www.facebook.com\/eltextual\" \/>\n<meta property=\"article:published_time\" content=\"2020-06-02T12:23:12+00:00\" \/>\n<meta property=\"article:modified_time\" content=\"2020-06-02T13:34:33+00:00\" \/>\n<meta property=\"og:image\" content=\"https:\/\/diariotextual.com\/inicio\/wp-content\/uploads\/2020\/05\/fernandezalbertoguzman2020-1.jpeg\" \/>\n\t<meta property=\"og:image:width\" content=\"874\" \/>\n\t<meta property=\"og:image:height\" content=\"609\" \/>\n\t<meta property=\"og:image:type\" content=\"image\/jpeg\" \/>\n<meta name=\"author\" content=\"Diario1 Diario1\" \/>\n<meta name=\"twitter:card\" content=\"summary_large_image\" \/>\n<meta name=\"twitter:creator\" content=\"@eltextual\" \/>\n<meta name=\"twitter:site\" content=\"@eltextual\" \/>\n<meta name=\"twitter:label1\" content=\"Escrito por\" \/>\n\t<meta name=\"twitter:data1\" content=\"Diario1 Diario1\" \/>\n\t<meta name=\"twitter:label2\" content=\"Tiempo de lectura\" \/>\n\t<meta name=\"twitter:data2\" content=\"2 minutos\" \/>\n<script type=\"application\/ld+json\" class=\"yoast-schema-graph\">{\"@context\":\"https:\\\/\\\/schema.org\",\"@graph\":[{\"@type\":\"Article\",\"@id\":\"https:\\\/\\\/diariotextual.com\\\/inicio\\\/index.php\\\/2020\\\/06\\\/02\\\/deuda-oficial-la-prorroga-del-plazo-negociacion\\\/#article\",\"isPartOf\":{\"@id\":\"https:\\\/\\\/diariotextual.com\\\/inicio\\\/index.php\\\/2020\\\/06\\\/02\\\/deuda-oficial-la-prorroga-del-plazo-negociacion\\\/\"},\"author\":{\"name\":\"Diario1 Diario1\",\"@id\":\"https:\\\/\\\/diariotextual.com\\\/inicio\\\/#\\\/schema\\\/person\\\/418fc4093c33e86ed41562db3508f958\"},\"headline\":\"Deuda: es oficial la pr\u00f3rroga del plazo de negociaci\u00f3n\",\"datePublished\":\"2020-06-02T12:23:12+00:00\",\"dateModified\":\"2020-06-02T13:34:33+00:00\",\"mainEntityOfPage\":{\"@id\":\"https:\\\/\\\/diariotextual.com\\\/inicio\\\/index.php\\\/2020\\\/06\\\/02\\\/deuda-oficial-la-prorroga-del-plazo-negociacion\\\/\"},\"wordCount\":349,\"publisher\":{\"@id\":\"https:\\\/\\\/diariotextual.com\\\/inicio\\\/#organization\"},\"image\":{\"@id\":\"https:\\\/\\\/diariotextual.com\\\/inicio\\\/index.php\\\/2020\\\/06\\\/02\\\/deuda-oficial-la-prorroga-del-plazo-negociacion\\\/#primaryimage\"},\"thumbnailUrl\":\"https:\\\/\\\/diariotextual.com\\\/inicio\\\/wp-content\\\/uploads\\\/2020\\\/05\\\/fernandezalbertoguzman2020-1.jpeg\",\"keywords\":[\"deuda\",\"guzman\"],\"articleSection\":[\"A - ES NOTICIA (van abajo)\",\"A - QUE PASA (al costado)\",\"ECONOMIA\"],\"inLanguage\":\"es\"},{\"@type\":\"WebPage\",\"@id\":\"https:\\\/\\\/diariotextual.com\\\/inicio\\\/index.php\\\/2020\\\/06\\\/02\\\/deuda-oficial-la-prorroga-del-plazo-negociacion\\\/\",\"url\":\"https:\\\/\\\/diariotextual.com\\\/inicio\\\/index.php\\\/2020\\\/06\\\/02\\\/deuda-oficial-la-prorroga-del-plazo-negociacion\\\/\",\"name\":\"Deuda: es oficial la pr\u00f3rroga del plazo de negociaci\u00f3n - Diario Textual\",\"isPartOf\":{\"@id\":\"https:\\\/\\\/diariotextual.com\\\/inicio\\\/#website\"},\"primaryImageOfPage\":{\"@id\":\"https:\\\/\\\/diariotextual.com\\\/inicio\\\/index.php\\\/2020\\\/06\\\/02\\\/deuda-oficial-la-prorroga-del-plazo-negociacion\\\/#primaryimage\"},\"image\":{\"@id\":\"https:\\\/\\\/diariotextual.com\\\/inicio\\\/index.php\\\/2020\\\/06\\\/02\\\/deuda-oficial-la-prorroga-del-plazo-negociacion\\\/#primaryimage\"},\"thumbnailUrl\":\"https:\\\/\\\/diariotextual.com\\\/inicio\\\/wp-content\\\/uploads\\\/2020\\\/05\\\/fernandezalbertoguzman2020-1.jpeg\",\"datePublished\":\"2020-06-02T12:23:12+00:00\",\"dateModified\":\"2020-06-02T13:34:33+00:00\",\"breadcrumb\":{\"@id\":\"https:\\\/\\\/diariotextual.com\\\/inicio\\\/index.php\\\/2020\\\/06\\\/02\\\/deuda-oficial-la-prorroga-del-plazo-negociacion\\\/#breadcrumb\"},\"inLanguage\":\"es\",\"potentialAction\":[{\"@type\":\"ReadAction\",\"target\":[\"https:\\\/\\\/diariotextual.com\\\/inicio\\\/index.php\\\/2020\\\/06\\\/02\\\/deuda-oficial-la-prorroga-del-plazo-negociacion\\\/\"]}]},{\"@type\":\"ImageObject\",\"inLanguage\":\"es\",\"@id\":\"https:\\\/\\\/diariotextual.com\\\/inicio\\\/index.php\\\/2020\\\/06\\\/02\\\/deuda-oficial-la-prorroga-del-plazo-negociacion\\\/#primaryimage\",\"url\":\"https:\\\/\\\/diariotextual.com\\\/inicio\\\/wp-content\\\/uploads\\\/2020\\\/05\\\/fernandezalbertoguzman2020-1.jpeg\",\"contentUrl\":\"https:\\\/\\\/diariotextual.com\\\/inicio\\\/wp-content\\\/uploads\\\/2020\\\/05\\\/fernandezalbertoguzman2020-1.jpeg\",\"width\":874,\"height\":609},{\"@type\":\"BreadcrumbList\",\"@id\":\"https:\\\/\\\/diariotextual.com\\\/inicio\\\/index.php\\\/2020\\\/06\\\/02\\\/deuda-oficial-la-prorroga-del-plazo-negociacion\\\/#breadcrumb\",\"itemListElement\":[{\"@type\":\"ListItem\",\"position\":1,\"name\":\"Portada\",\"item\":\"https:\\\/\\\/diariotextual.com\\\/inicio\\\/\"},{\"@type\":\"ListItem\",\"position\":2,\"name\":\"Deuda: es oficial la pr\u00f3rroga del plazo de negociaci\u00f3n\"}]},{\"@type\":\"WebSite\",\"@id\":\"https:\\\/\\\/diariotextual.com\\\/inicio\\\/#website\",\"url\":\"https:\\\/\\\/diariotextual.com\\\/inicio\\\/\",\"name\":\"Diario Textual\",\"description\":\"\",\"publisher\":{\"@id\":\"https:\\\/\\\/diariotextual.com\\\/inicio\\\/#organization\"},\"potentialAction\":[{\"@type\":\"SearchAction\",\"target\":{\"@type\":\"EntryPoint\",\"urlTemplate\":\"https:\\\/\\\/diariotextual.com\\\/inicio\\\/?s={search_term_string}\"},\"query-input\":{\"@type\":\"PropertyValueSpecification\",\"valueRequired\":true,\"valueName\":\"search_term_string\"}}],\"inLanguage\":\"es\"},{\"@type\":\"Organization\",\"@id\":\"https:\\\/\\\/diariotextual.com\\\/inicio\\\/#organization\",\"name\":\"Diario Textual\",\"url\":\"https:\\\/\\\/diariotextual.com\\\/inicio\\\/\",\"logo\":{\"@type\":\"ImageObject\",\"inLanguage\":\"es\",\"@id\":\"https:\\\/\\\/diariotextual.com\\\/inicio\\\/#\\\/schema\\\/logo\\\/image\\\/\",\"url\":\"https:\\\/\\\/diariotextual.com\\\/inicio\\\/wp-content\\\/uploads\\\/2023\\\/05\\\/logotextual1.jpg\",\"contentUrl\":\"https:\\\/\\\/diariotextual.com\\\/inicio\\\/wp-content\\\/uploads\\\/2023\\\/05\\\/logotextual1.jpg\",\"width\":516,\"height\":76,\"caption\":\"Diario Textual\"},\"image\":{\"@id\":\"https:\\\/\\\/diariotextual.com\\\/inicio\\\/#\\\/schema\\\/logo\\\/image\\\/\"},\"sameAs\":[\"https:\\\/\\\/www.facebook.com\\\/eltextual\",\"https:\\\/\\\/x.com\\\/eltextual\",\"http:\\\/\\\/www.instagram.com\\\/eltextual\"]},{\"@type\":\"Person\",\"@id\":\"https:\\\/\\\/diariotextual.com\\\/inicio\\\/#\\\/schema\\\/person\\\/418fc4093c33e86ed41562db3508f958\",\"name\":\"Diario1 Diario1\",\"image\":{\"@type\":\"ImageObject\",\"inLanguage\":\"es\",\"@id\":\"https:\\\/\\\/secure.gravatar.com\\\/avatar\\\/9167d280179c85bc18be67aa7eda765854300033af4896dd779b608640f2ef7a?s=96&d=mm&r=g\",\"url\":\"https:\\\/\\\/secure.gravatar.com\\\/avatar\\\/9167d280179c85bc18be67aa7eda765854300033af4896dd779b608640f2ef7a?s=96&d=mm&r=g\",\"contentUrl\":\"https:\\\/\\\/secure.gravatar.com\\\/avatar\\\/9167d280179c85bc18be67aa7eda765854300033af4896dd779b608640f2ef7a?s=96&d=mm&r=g\",\"caption\":\"Diario1 Diario1\"},\"url\":\"https:\\\/\\\/diariotextual.com\\\/inicio\\\/index.php\\\/author\\\/diario1\\\/\"}]}<\/script>\n<!-- \/ Yoast SEO plugin. -->","yoast_head_json":{"title":"Deuda: es oficial la pr\u00f3rroga del plazo de negociaci\u00f3n - Diario Textual","robots":{"index":"index","follow":"follow","max-snippet":"max-snippet:-1","max-image-preview":"max-image-preview:large","max-video-preview":"max-video-preview:-1"},"canonical":"https:\/\/diariotextual.com\/inicio\/index.php\/2020\/06\/02\/deuda-oficial-la-prorroga-del-plazo-negociacion\/","og_locale":"es_ES","og_type":"article","og_title":"Deuda: es oficial la pr\u00f3rroga del plazo de negociaci\u00f3n - Diario Textual","og_description":"Finalmente el Gobierno nacional hizo oficial hoy la extensi\u00f3n del plazo de negociaci\u00f3n de deuda argentina por US$ 66.300 millones, a trav\u00e9s de la publicaci\u00f3n de una resoluci\u00f3n firmada por&hellip;","og_url":"https:\/\/diariotextual.com\/inicio\/index.php\/2020\/06\/02\/deuda-oficial-la-prorroga-del-plazo-negociacion\/","og_site_name":"Diario Textual","article_publisher":"https:\/\/www.facebook.com\/eltextual","article_published_time":"2020-06-02T12:23:12+00:00","article_modified_time":"2020-06-02T13:34:33+00:00","og_image":[{"width":874,"height":609,"url":"https:\/\/diariotextual.com\/inicio\/wp-content\/uploads\/2020\/05\/fernandezalbertoguzman2020-1.jpeg","type":"image\/jpeg"}],"author":"Diario1 Diario1","twitter_card":"summary_large_image","twitter_creator":"@eltextual","twitter_site":"@eltextual","twitter_misc":{"Escrito por":"Diario1 Diario1","Tiempo de lectura":"2 minutos"},"schema":{"@context":"https:\/\/schema.org","@graph":[{"@type":"Article","@id":"https:\/\/diariotextual.com\/inicio\/index.php\/2020\/06\/02\/deuda-oficial-la-prorroga-del-plazo-negociacion\/#article","isPartOf":{"@id":"https:\/\/diariotextual.com\/inicio\/index.php\/2020\/06\/02\/deuda-oficial-la-prorroga-del-plazo-negociacion\/"},"author":{"name":"Diario1 Diario1","@id":"https:\/\/diariotextual.com\/inicio\/#\/schema\/person\/418fc4093c33e86ed41562db3508f958"},"headline":"Deuda: es oficial la pr\u00f3rroga del plazo de negociaci\u00f3n","datePublished":"2020-06-02T12:23:12+00:00","dateModified":"2020-06-02T13:34:33+00:00","mainEntityOfPage":{"@id":"https:\/\/diariotextual.com\/inicio\/index.php\/2020\/06\/02\/deuda-oficial-la-prorroga-del-plazo-negociacion\/"},"wordCount":349,"publisher":{"@id":"https:\/\/diariotextual.com\/inicio\/#organization"},"image":{"@id":"https:\/\/diariotextual.com\/inicio\/index.php\/2020\/06\/02\/deuda-oficial-la-prorroga-del-plazo-negociacion\/#primaryimage"},"thumbnailUrl":"https:\/\/diariotextual.com\/inicio\/wp-content\/uploads\/2020\/05\/fernandezalbertoguzman2020-1.jpeg","keywords":["deuda","guzman"],"articleSection":["A - ES NOTICIA (van abajo)","A - QUE PASA (al costado)","ECONOMIA"],"inLanguage":"es"},{"@type":"WebPage","@id":"https:\/\/diariotextual.com\/inicio\/index.php\/2020\/06\/02\/deuda-oficial-la-prorroga-del-plazo-negociacion\/","url":"https:\/\/diariotextual.com\/inicio\/index.php\/2020\/06\/02\/deuda-oficial-la-prorroga-del-plazo-negociacion\/","name":"Deuda: es oficial la pr\u00f3rroga del plazo de negociaci\u00f3n - Diario Textual","isPartOf":{"@id":"https:\/\/diariotextual.com\/inicio\/#website"},"primaryImageOfPage":{"@id":"https:\/\/diariotextual.com\/inicio\/index.php\/2020\/06\/02\/deuda-oficial-la-prorroga-del-plazo-negociacion\/#primaryimage"},"image":{"@id":"https:\/\/diariotextual.com\/inicio\/index.php\/2020\/06\/02\/deuda-oficial-la-prorroga-del-plazo-negociacion\/#primaryimage"},"thumbnailUrl":"https:\/\/diariotextual.com\/inicio\/wp-content\/uploads\/2020\/05\/fernandezalbertoguzman2020-1.jpeg","datePublished":"2020-06-02T12:23:12+00:00","dateModified":"2020-06-02T13:34:33+00:00","breadcrumb":{"@id":"https:\/\/diariotextual.com\/inicio\/index.php\/2020\/06\/02\/deuda-oficial-la-prorroga-del-plazo-negociacion\/#breadcrumb"},"inLanguage":"es","potentialAction":[{"@type":"ReadAction","target":["https:\/\/diariotextual.com\/inicio\/index.php\/2020\/06\/02\/deuda-oficial-la-prorroga-del-plazo-negociacion\/"]}]},{"@type":"ImageObject","inLanguage":"es","@id":"https:\/\/diariotextual.com\/inicio\/index.php\/2020\/06\/02\/deuda-oficial-la-prorroga-del-plazo-negociacion\/#primaryimage","url":"https:\/\/diariotextual.com\/inicio\/wp-content\/uploads\/2020\/05\/fernandezalbertoguzman2020-1.jpeg","contentUrl":"https:\/\/diariotextual.com\/inicio\/wp-content\/uploads\/2020\/05\/fernandezalbertoguzman2020-1.jpeg","width":874,"height":609},{"@type":"BreadcrumbList","@id":"https:\/\/diariotextual.com\/inicio\/index.php\/2020\/06\/02\/deuda-oficial-la-prorroga-del-plazo-negociacion\/#breadcrumb","itemListElement":[{"@type":"ListItem","position":1,"name":"Portada","item":"https:\/\/diariotextual.com\/inicio\/"},{"@type":"ListItem","position":2,"name":"Deuda: es oficial la pr\u00f3rroga del plazo de negociaci\u00f3n"}]},{"@type":"WebSite","@id":"https:\/\/diariotextual.com\/inicio\/#website","url":"https:\/\/diariotextual.com\/inicio\/","name":"Diario Textual","description":"","publisher":{"@id":"https:\/\/diariotextual.com\/inicio\/#organization"},"potentialAction":[{"@type":"SearchAction","target":{"@type":"EntryPoint","urlTemplate":"https:\/\/diariotextual.com\/inicio\/?s={search_term_string}"},"query-input":{"@type":"PropertyValueSpecification","valueRequired":true,"valueName":"search_term_string"}}],"inLanguage":"es"},{"@type":"Organization","@id":"https:\/\/diariotextual.com\/inicio\/#organization","name":"Diario Textual","url":"https:\/\/diariotextual.com\/inicio\/","logo":{"@type":"ImageObject","inLanguage":"es","@id":"https:\/\/diariotextual.com\/inicio\/#\/schema\/logo\/image\/","url":"https:\/\/diariotextual.com\/inicio\/wp-content\/uploads\/2023\/05\/logotextual1.jpg","contentUrl":"https:\/\/diariotextual.com\/inicio\/wp-content\/uploads\/2023\/05\/logotextual1.jpg","width":516,"height":76,"caption":"Diario Textual"},"image":{"@id":"https:\/\/diariotextual.com\/inicio\/#\/schema\/logo\/image\/"},"sameAs":["https:\/\/www.facebook.com\/eltextual","https:\/\/x.com\/eltextual","http:\/\/www.instagram.com\/eltextual"]},{"@type":"Person","@id":"https:\/\/diariotextual.com\/inicio\/#\/schema\/person\/418fc4093c33e86ed41562db3508f958","name":"Diario1 Diario1","image":{"@type":"ImageObject","inLanguage":"es","@id":"https:\/\/secure.gravatar.com\/avatar\/9167d280179c85bc18be67aa7eda765854300033af4896dd779b608640f2ef7a?s=96&d=mm&r=g","url":"https:\/\/secure.gravatar.com\/avatar\/9167d280179c85bc18be67aa7eda765854300033af4896dd779b608640f2ef7a?s=96&d=mm&r=g","contentUrl":"https:\/\/secure.gravatar.com\/avatar\/9167d280179c85bc18be67aa7eda765854300033af4896dd779b608640f2ef7a?s=96&d=mm&r=g","caption":"Diario1 Diario1"},"url":"https:\/\/diariotextual.com\/inicio\/index.php\/author\/diario1\/"}]}},"_links":{"self":[{"href":"https:\/\/diariotextual.com\/inicio\/index.php\/wp-json\/wp\/v2\/posts\/95991","targetHints":{"allow":["GET"]}}],"collection":[{"href":"https:\/\/diariotextual.com\/inicio\/index.php\/wp-json\/wp\/v2\/posts"}],"about":[{"href":"https:\/\/diariotextual.com\/inicio\/index.php\/wp-json\/wp\/v2\/types\/post"}],"author":[{"embeddable":true,"href":"https:\/\/diariotextual.com\/inicio\/index.php\/wp-json\/wp\/v2\/users\/3"}],"replies":[{"embeddable":true,"href":"https:\/\/diariotextual.com\/inicio\/index.php\/wp-json\/wp\/v2\/comments?post=95991"}],"version-history":[{"count":3,"href":"https:\/\/diariotextual.com\/inicio\/index.php\/wp-json\/wp\/v2\/posts\/95991\/revisions"}],"predecessor-version":[{"id":95994,"href":"https:\/\/diariotextual.com\/inicio\/index.php\/wp-json\/wp\/v2\/posts\/95991\/revisions\/95994"}],"wp:featuredmedia":[{"embeddable":true,"href":"https:\/\/diariotextual.com\/inicio\/index.php\/wp-json\/wp\/v2\/media\/92888"}],"wp:attachment":[{"href":"https:\/\/diariotextual.com\/inicio\/index.php\/wp-json\/wp\/v2\/media?parent=95991"}],"wp:term":[{"taxonomy":"category","embeddable":true,"href":"https:\/\/diariotextual.com\/inicio\/index.php\/wp-json\/wp\/v2\/categories?post=95991"},{"taxonomy":"post_tag","embeddable":true,"href":"https:\/\/diariotextual.com\/inicio\/index.php\/wp-json\/wp\/v2\/tags?post=95991"}],"curies":[{"name":"wp","href":"https:\/\/api.w.org\/{rel}","templated":true}]}}