{"id":96004,"date":"2020-06-02T10:00:15","date_gmt":"2020-06-02T13:00:15","guid":{"rendered":"http:\/\/diariotextual.com\/inicio\/?p=96004"},"modified":"2020-06-02T10:00:15","modified_gmt":"2020-06-02T13:00:15","slug":"la-inflacion-fue-del-041-mayo-hubo-deflacion-alimentos-bebidas","status":"publish","type":"post","link":"https:\/\/diariotextual.com\/inicio\/index.php\/2020\/06\/02\/la-inflacion-fue-del-041-mayo-hubo-deflacion-alimentos-bebidas\/","title":{"rendered":"La inflaci\u00f3n fue del 0,41% en mayo y hubo deflaci\u00f3n en alimentos y bebidas"},"content":{"rendered":"<article class=\"article-body first\">\n<div class=\"article-content selectionShareable\">\n<div class=\"cuerpo\" data-twitter-link=\"\">\n<p>El\u00a0costo de vida\u00a0de los argentinos se increment\u00f3\u00a00,41%\u00a0mensual en mayo y\u00a044,57%\u00a0anual, seg\u00fan el informe privado de la consultora\u00a0IPC Online\u00a0que relev\u00f3\u00a042.178 precios.<\/p>\n<\/div>\n<\/div>\n<\/article>\n<article class=\"article-body\">\n<div class=\"article-content selectionShareable\">\n<div class=\"cuerpo\" data-twitter-link=\"\">\n<p>Se trata de un nuevo m\u00ednimo hist\u00f3rico en el nivel general para este proyecto desde cuando empez\u00f3 con las estimaciones en septiembre de\u00a02014,\u00a0dice el informe difundido en la ma\u00f1ana de este martes.<\/p>\n<p>Seg\u00fan este indicador realizado solo con precios publicados en internet, el cap\u00edtulo de\u00a0alimentos\u00a0y bebidas registr\u00f3 una ca\u00edda promedio del\u00a00,14%,\u00a0lo que tambi\u00e9n llev\u00f3 a un m\u00ednimo hist\u00f3rico desde el inicio de la serie.<\/p>\n<p>\u00abLos mercados siguen operando restringidos por la continuaci\u00f3n de la cuarentena social, preventiva y obligatoria iniciada oficialmente el 20 de marzo de 2020 dentro del contexto de una apreciable depresi\u00f3n econ\u00f3mica\u00bb, dice el informe.<\/p>\n<\/div>\n<\/div>\n<\/article>\n","protected":false},"excerpt":{"rendered":"<p>El\u00a0costo de vida\u00a0de los argentinos se increment\u00f3\u00a00,41%\u00a0mensual en mayo y\u00a044,57%\u00a0anual, seg\u00fan el informe privado de la consultora\u00a0IPC Online\u00a0que relev\u00f3\u00a042.178 precios. Se trata de un nuevo m\u00ednimo hist\u00f3rico en el nivel&hellip;<\/p>\n","protected":false},"author":7,"featured_media":13033,"comment_status":"closed","ping_status":"open","sticky":false,"template":"","format":"standard","meta":{"_acf_changed":false,"footnotes":""},"categories":[11,5],"tags":[],"class_list":["post-96004","post","type-post","status-publish","format-standard","has-post-thumbnail","hentry","category-que-pasa","category-economia"],"acf":[],"yoast_head":"<!-- This site is optimized with the Yoast SEO plugin v27.5 - https:\/\/yoast.com\/product\/yoast-seo-wordpress\/ -->\n<title>La inflaci\u00f3n fue del 0,41% en mayo y hubo deflaci\u00f3n en alimentos y bebidas - Diario Textual<\/title>\n<meta name=\"robots\" content=\"index, follow, max-snippet:-1, max-image-preview:large, max-video-preview:-1\" \/>\n<link rel=\"canonical\" href=\"https:\/\/diariotextual.com\/inicio\/index.php\/2020\/06\/02\/la-inflacion-fue-del-041-mayo-hubo-deflacion-alimentos-bebidas\/\" \/>\n<meta property=\"og:locale\" content=\"es_ES\" \/>\n<meta property=\"og:type\" content=\"article\" \/>\n<meta property=\"og:title\" content=\"La inflaci\u00f3n fue del 0,41% en mayo y hubo deflaci\u00f3n en alimentos y bebidas - Diario Textual\" \/>\n<meta property=\"og:description\" content=\"El\u00a0costo de vida\u00a0de los argentinos se increment\u00f3\u00a00,41%\u00a0mensual en mayo y\u00a044,57%\u00a0anual, seg\u00fan el informe privado de la consultora\u00a0IPC Online\u00a0que relev\u00f3\u00a042.178 precios. Se trata de un nuevo m\u00ednimo hist\u00f3rico en el nivel&hellip;\" \/>\n<meta property=\"og:url\" content=\"https:\/\/diariotextual.com\/inicio\/index.php\/2020\/06\/02\/la-inflacion-fue-del-041-mayo-hubo-deflacion-alimentos-bebidas\/\" \/>\n<meta property=\"og:site_name\" content=\"Diario Textual\" \/>\n<meta property=\"article:publisher\" content=\"https:\/\/www.facebook.com\/eltextual\" \/>\n<meta property=\"article:published_time\" content=\"2020-06-02T13:00:15+00:00\" \/>\n<meta property=\"og:image\" content=\"https:\/\/diariotextual.com\/inicio\/wp-content\/uploads\/2018\/07\/gondolassupermercadoinflaciontelam1111.jpg\" \/>\n\t<meta property=\"og:image:width\" content=\"645\" \/>\n\t<meta property=\"og:image:height\" content=\"429\" \/>\n\t<meta property=\"og:image:type\" content=\"image\/jpeg\" \/>\n<meta name=\"author\" content=\"diario5\" \/>\n<meta name=\"twitter:card\" content=\"summary_large_image\" \/>\n<meta name=\"twitter:creator\" content=\"@eltextual\" \/>\n<meta name=\"twitter:site\" content=\"@eltextual\" \/>\n<meta name=\"twitter:label1\" content=\"Escrito por\" \/>\n\t<meta name=\"twitter:data1\" content=\"diario5\" \/>\n\t<meta name=\"twitter:label2\" content=\"Tiempo de lectura\" \/>\n\t<meta name=\"twitter:data2\" content=\"1 minuto\" \/>\n<script type=\"application\/ld+json\" class=\"yoast-schema-graph\">{\"@context\":\"https:\\\/\\\/schema.org\",\"@graph\":[{\"@type\":\"Article\",\"@id\":\"https:\\\/\\\/diariotextual.com\\\/inicio\\\/index.php\\\/2020\\\/06\\\/02\\\/la-inflacion-fue-del-041-mayo-hubo-deflacion-alimentos-bebidas\\\/#article\",\"isPartOf\":{\"@id\":\"https:\\\/\\\/diariotextual.com\\\/inicio\\\/index.php\\\/2020\\\/06\\\/02\\\/la-inflacion-fue-del-041-mayo-hubo-deflacion-alimentos-bebidas\\\/\"},\"author\":{\"name\":\"diario5\",\"@id\":\"https:\\\/\\\/diariotextual.com\\\/inicio\\\/#\\\/schema\\\/person\\\/c7834961ad8b29b1d9cdbf4571299067\"},\"headline\":\"La inflaci\u00f3n fue del 0,41% en mayo y hubo deflaci\u00f3n en alimentos y bebidas\",\"datePublished\":\"2020-06-02T13:00:15+00:00\",\"mainEntityOfPage\":{\"@id\":\"https:\\\/\\\/diariotextual.com\\\/inicio\\\/index.php\\\/2020\\\/06\\\/02\\\/la-inflacion-fue-del-041-mayo-hubo-deflacion-alimentos-bebidas\\\/\"},\"wordCount\":154,\"publisher\":{\"@id\":\"https:\\\/\\\/diariotextual.com\\\/inicio\\\/#organization\"},\"image\":{\"@id\":\"https:\\\/\\\/diariotextual.com\\\/inicio\\\/index.php\\\/2020\\\/06\\\/02\\\/la-inflacion-fue-del-041-mayo-hubo-deflacion-alimentos-bebidas\\\/#primaryimage\"},\"thumbnailUrl\":\"https:\\\/\\\/diariotextual.com\\\/inicio\\\/wp-content\\\/uploads\\\/2018\\\/07\\\/gondolassupermercadoinflaciontelam1111.jpg\",\"articleSection\":[\"A - QUE PASA (al costado)\",\"ECONOMIA\"],\"inLanguage\":\"es\"},{\"@type\":\"WebPage\",\"@id\":\"https:\\\/\\\/diariotextual.com\\\/inicio\\\/index.php\\\/2020\\\/06\\\/02\\\/la-inflacion-fue-del-041-mayo-hubo-deflacion-alimentos-bebidas\\\/\",\"url\":\"https:\\\/\\\/diariotextual.com\\\/inicio\\\/index.php\\\/2020\\\/06\\\/02\\\/la-inflacion-fue-del-041-mayo-hubo-deflacion-alimentos-bebidas\\\/\",\"name\":\"La inflaci\u00f3n fue del 0,41% en mayo y hubo deflaci\u00f3n en alimentos y bebidas - Diario Textual\",\"isPartOf\":{\"@id\":\"https:\\\/\\\/diariotextual.com\\\/inicio\\\/#website\"},\"primaryImageOfPage\":{\"@id\":\"https:\\\/\\\/diariotextual.com\\\/inicio\\\/index.php\\\/2020\\\/06\\\/02\\\/la-inflacion-fue-del-041-mayo-hubo-deflacion-alimentos-bebidas\\\/#primaryimage\"},\"image\":{\"@id\":\"https:\\\/\\\/diariotextual.com\\\/inicio\\\/index.php\\\/2020\\\/06\\\/02\\\/la-inflacion-fue-del-041-mayo-hubo-deflacion-alimentos-bebidas\\\/#primaryimage\"},\"thumbnailUrl\":\"https:\\\/\\\/diariotextual.com\\\/inicio\\\/wp-content\\\/uploads\\\/2018\\\/07\\\/gondolassupermercadoinflaciontelam1111.jpg\",\"datePublished\":\"2020-06-02T13:00:15+00:00\",\"breadcrumb\":{\"@id\":\"https:\\\/\\\/diariotextual.com\\\/inicio\\\/index.php\\\/2020\\\/06\\\/02\\\/la-inflacion-fue-del-041-mayo-hubo-deflacion-alimentos-bebidas\\\/#breadcrumb\"},\"inLanguage\":\"es\",\"potentialAction\":[{\"@type\":\"ReadAction\",\"target\":[\"https:\\\/\\\/diariotextual.com\\\/inicio\\\/index.php\\\/2020\\\/06\\\/02\\\/la-inflacion-fue-del-041-mayo-hubo-deflacion-alimentos-bebidas\\\/\"]}]},{\"@type\":\"ImageObject\",\"inLanguage\":\"es\",\"@id\":\"https:\\\/\\\/diariotextual.com\\\/inicio\\\/index.php\\\/2020\\\/06\\\/02\\\/la-inflacion-fue-del-041-mayo-hubo-deflacion-alimentos-bebidas\\\/#primaryimage\",\"url\":\"https:\\\/\\\/diariotextual.com\\\/inicio\\\/wp-content\\\/uploads\\\/2018\\\/07\\\/gondolassupermercadoinflaciontelam1111.jpg\",\"contentUrl\":\"https:\\\/\\\/diariotextual.com\\\/inicio\\\/wp-content\\\/uploads\\\/2018\\\/07\\\/gondolassupermercadoinflaciontelam1111.jpg\",\"width\":645,\"height\":429},{\"@type\":\"BreadcrumbList\",\"@id\":\"https:\\\/\\\/diariotextual.com\\\/inicio\\\/index.php\\\/2020\\\/06\\\/02\\\/la-inflacion-fue-del-041-mayo-hubo-deflacion-alimentos-bebidas\\\/#breadcrumb\",\"itemListElement\":[{\"@type\":\"ListItem\",\"position\":1,\"name\":\"Portada\",\"item\":\"https:\\\/\\\/diariotextual.com\\\/inicio\\\/\"},{\"@type\":\"ListItem\",\"position\":2,\"name\":\"La inflaci\u00f3n fue del 0,41% en mayo y hubo deflaci\u00f3n en alimentos y bebidas\"}]},{\"@type\":\"WebSite\",\"@id\":\"https:\\\/\\\/diariotextual.com\\\/inicio\\\/#website\",\"url\":\"https:\\\/\\\/diariotextual.com\\\/inicio\\\/\",\"name\":\"Diario Textual\",\"description\":\"\",\"publisher\":{\"@id\":\"https:\\\/\\\/diariotextual.com\\\/inicio\\\/#organization\"},\"potentialAction\":[{\"@type\":\"SearchAction\",\"target\":{\"@type\":\"EntryPoint\",\"urlTemplate\":\"https:\\\/\\\/diariotextual.com\\\/inicio\\\/?s={search_term_string}\"},\"query-input\":{\"@type\":\"PropertyValueSpecification\",\"valueRequired\":true,\"valueName\":\"search_term_string\"}}],\"inLanguage\":\"es\"},{\"@type\":\"Organization\",\"@id\":\"https:\\\/\\\/diariotextual.com\\\/inicio\\\/#organization\",\"name\":\"Diario Textual\",\"url\":\"https:\\\/\\\/diariotextual.com\\\/inicio\\\/\",\"logo\":{\"@type\":\"ImageObject\",\"inLanguage\":\"es\",\"@id\":\"https:\\\/\\\/diariotextual.com\\\/inicio\\\/#\\\/schema\\\/logo\\\/image\\\/\",\"url\":\"https:\\\/\\\/diariotextual.com\\\/inicio\\\/wp-content\\\/uploads\\\/2023\\\/05\\\/logotextual1.jpg\",\"contentUrl\":\"https:\\\/\\\/diariotextual.com\\\/inicio\\\/wp-content\\\/uploads\\\/2023\\\/05\\\/logotextual1.jpg\",\"width\":516,\"height\":76,\"caption\":\"Diario Textual\"},\"image\":{\"@id\":\"https:\\\/\\\/diariotextual.com\\\/inicio\\\/#\\\/schema\\\/logo\\\/image\\\/\"},\"sameAs\":[\"https:\\\/\\\/www.facebook.com\\\/eltextual\",\"https:\\\/\\\/x.com\\\/eltextual\",\"http:\\\/\\\/www.instagram.com\\\/eltextual\"]},{\"@type\":\"Person\",\"@id\":\"https:\\\/\\\/diariotextual.com\\\/inicio\\\/#\\\/schema\\\/person\\\/c7834961ad8b29b1d9cdbf4571299067\",\"name\":\"diario5\",\"image\":{\"@type\":\"ImageObject\",\"inLanguage\":\"es\",\"@id\":\"https:\\\/\\\/secure.gravatar.com\\\/avatar\\\/948c893b847ca6df68216ead81b63f363408ec9b0f600fefc0641ce78613b111?s=96&d=mm&r=g\",\"url\":\"https:\\\/\\\/secure.gravatar.com\\\/avatar\\\/948c893b847ca6df68216ead81b63f363408ec9b0f600fefc0641ce78613b111?s=96&d=mm&r=g\",\"contentUrl\":\"https:\\\/\\\/secure.gravatar.com\\\/avatar\\\/948c893b847ca6df68216ead81b63f363408ec9b0f600fefc0641ce78613b111?s=96&d=mm&r=g\",\"caption\":\"diario5\"},\"url\":\"https:\\\/\\\/diariotextual.com\\\/inicio\\\/index.php\\\/author\\\/diario5\\\/\"}]}<\/script>\n<!-- \/ Yoast SEO plugin. -->","yoast_head_json":{"title":"La inflaci\u00f3n fue del 0,41% en mayo y hubo deflaci\u00f3n en alimentos y bebidas - Diario Textual","robots":{"index":"index","follow":"follow","max-snippet":"max-snippet:-1","max-image-preview":"max-image-preview:large","max-video-preview":"max-video-preview:-1"},"canonical":"https:\/\/diariotextual.com\/inicio\/index.php\/2020\/06\/02\/la-inflacion-fue-del-041-mayo-hubo-deflacion-alimentos-bebidas\/","og_locale":"es_ES","og_type":"article","og_title":"La inflaci\u00f3n fue del 0,41% en mayo y hubo deflaci\u00f3n en alimentos y bebidas - Diario Textual","og_description":"El\u00a0costo de vida\u00a0de los argentinos se increment\u00f3\u00a00,41%\u00a0mensual en mayo y\u00a044,57%\u00a0anual, seg\u00fan el informe privado de la consultora\u00a0IPC Online\u00a0que relev\u00f3\u00a042.178 precios. Se trata de un nuevo m\u00ednimo hist\u00f3rico en el nivel&hellip;","og_url":"https:\/\/diariotextual.com\/inicio\/index.php\/2020\/06\/02\/la-inflacion-fue-del-041-mayo-hubo-deflacion-alimentos-bebidas\/","og_site_name":"Diario Textual","article_publisher":"https:\/\/www.facebook.com\/eltextual","article_published_time":"2020-06-02T13:00:15+00:00","og_image":[{"width":645,"height":429,"url":"https:\/\/diariotextual.com\/inicio\/wp-content\/uploads\/2018\/07\/gondolassupermercadoinflaciontelam1111.jpg","type":"image\/jpeg"}],"author":"diario5","twitter_card":"summary_large_image","twitter_creator":"@eltextual","twitter_site":"@eltextual","twitter_misc":{"Escrito por":"diario5","Tiempo de lectura":"1 minuto"},"schema":{"@context":"https:\/\/schema.org","@graph":[{"@type":"Article","@id":"https:\/\/diariotextual.com\/inicio\/index.php\/2020\/06\/02\/la-inflacion-fue-del-041-mayo-hubo-deflacion-alimentos-bebidas\/#article","isPartOf":{"@id":"https:\/\/diariotextual.com\/inicio\/index.php\/2020\/06\/02\/la-inflacion-fue-del-041-mayo-hubo-deflacion-alimentos-bebidas\/"},"author":{"name":"diario5","@id":"https:\/\/diariotextual.com\/inicio\/#\/schema\/person\/c7834961ad8b29b1d9cdbf4571299067"},"headline":"La inflaci\u00f3n fue del 0,41% en mayo y hubo deflaci\u00f3n en alimentos y bebidas","datePublished":"2020-06-02T13:00:15+00:00","mainEntityOfPage":{"@id":"https:\/\/diariotextual.com\/inicio\/index.php\/2020\/06\/02\/la-inflacion-fue-del-041-mayo-hubo-deflacion-alimentos-bebidas\/"},"wordCount":154,"publisher":{"@id":"https:\/\/diariotextual.com\/inicio\/#organization"},"image":{"@id":"https:\/\/diariotextual.com\/inicio\/index.php\/2020\/06\/02\/la-inflacion-fue-del-041-mayo-hubo-deflacion-alimentos-bebidas\/#primaryimage"},"thumbnailUrl":"https:\/\/diariotextual.com\/inicio\/wp-content\/uploads\/2018\/07\/gondolassupermercadoinflaciontelam1111.jpg","articleSection":["A - QUE PASA (al costado)","ECONOMIA"],"inLanguage":"es"},{"@type":"WebPage","@id":"https:\/\/diariotextual.com\/inicio\/index.php\/2020\/06\/02\/la-inflacion-fue-del-041-mayo-hubo-deflacion-alimentos-bebidas\/","url":"https:\/\/diariotextual.com\/inicio\/index.php\/2020\/06\/02\/la-inflacion-fue-del-041-mayo-hubo-deflacion-alimentos-bebidas\/","name":"La inflaci\u00f3n fue del 0,41% en mayo y hubo deflaci\u00f3n en alimentos y bebidas - Diario Textual","isPartOf":{"@id":"https:\/\/diariotextual.com\/inicio\/#website"},"primaryImageOfPage":{"@id":"https:\/\/diariotextual.com\/inicio\/index.php\/2020\/06\/02\/la-inflacion-fue-del-041-mayo-hubo-deflacion-alimentos-bebidas\/#primaryimage"},"image":{"@id":"https:\/\/diariotextual.com\/inicio\/index.php\/2020\/06\/02\/la-inflacion-fue-del-041-mayo-hubo-deflacion-alimentos-bebidas\/#primaryimage"},"thumbnailUrl":"https:\/\/diariotextual.com\/inicio\/wp-content\/uploads\/2018\/07\/gondolassupermercadoinflaciontelam1111.jpg","datePublished":"2020-06-02T13:00:15+00:00","breadcrumb":{"@id":"https:\/\/diariotextual.com\/inicio\/index.php\/2020\/06\/02\/la-inflacion-fue-del-041-mayo-hubo-deflacion-alimentos-bebidas\/#breadcrumb"},"inLanguage":"es","potentialAction":[{"@type":"ReadAction","target":["https:\/\/diariotextual.com\/inicio\/index.php\/2020\/06\/02\/la-inflacion-fue-del-041-mayo-hubo-deflacion-alimentos-bebidas\/"]}]},{"@type":"ImageObject","inLanguage":"es","@id":"https:\/\/diariotextual.com\/inicio\/index.php\/2020\/06\/02\/la-inflacion-fue-del-041-mayo-hubo-deflacion-alimentos-bebidas\/#primaryimage","url":"https:\/\/diariotextual.com\/inicio\/wp-content\/uploads\/2018\/07\/gondolassupermercadoinflaciontelam1111.jpg","contentUrl":"https:\/\/diariotextual.com\/inicio\/wp-content\/uploads\/2018\/07\/gondolassupermercadoinflaciontelam1111.jpg","width":645,"height":429},{"@type":"BreadcrumbList","@id":"https:\/\/diariotextual.com\/inicio\/index.php\/2020\/06\/02\/la-inflacion-fue-del-041-mayo-hubo-deflacion-alimentos-bebidas\/#breadcrumb","itemListElement":[{"@type":"ListItem","position":1,"name":"Portada","item":"https:\/\/diariotextual.com\/inicio\/"},{"@type":"ListItem","position":2,"name":"La inflaci\u00f3n fue del 0,41% en mayo y hubo deflaci\u00f3n en alimentos y bebidas"}]},{"@type":"WebSite","@id":"https:\/\/diariotextual.com\/inicio\/#website","url":"https:\/\/diariotextual.com\/inicio\/","name":"Diario Textual","description":"","publisher":{"@id":"https:\/\/diariotextual.com\/inicio\/#organization"},"potentialAction":[{"@type":"SearchAction","target":{"@type":"EntryPoint","urlTemplate":"https:\/\/diariotextual.com\/inicio\/?s={search_term_string}"},"query-input":{"@type":"PropertyValueSpecification","valueRequired":true,"valueName":"search_term_string"}}],"inLanguage":"es"},{"@type":"Organization","@id":"https:\/\/diariotextual.com\/inicio\/#organization","name":"Diario Textual","url":"https:\/\/diariotextual.com\/inicio\/","logo":{"@type":"ImageObject","inLanguage":"es","@id":"https:\/\/diariotextual.com\/inicio\/#\/schema\/logo\/image\/","url":"https:\/\/diariotextual.com\/inicio\/wp-content\/uploads\/2023\/05\/logotextual1.jpg","contentUrl":"https:\/\/diariotextual.com\/inicio\/wp-content\/uploads\/2023\/05\/logotextual1.jpg","width":516,"height":76,"caption":"Diario Textual"},"image":{"@id":"https:\/\/diariotextual.com\/inicio\/#\/schema\/logo\/image\/"},"sameAs":["https:\/\/www.facebook.com\/eltextual","https:\/\/x.com\/eltextual","http:\/\/www.instagram.com\/eltextual"]},{"@type":"Person","@id":"https:\/\/diariotextual.com\/inicio\/#\/schema\/person\/c7834961ad8b29b1d9cdbf4571299067","name":"diario5","image":{"@type":"ImageObject","inLanguage":"es","@id":"https:\/\/secure.gravatar.com\/avatar\/948c893b847ca6df68216ead81b63f363408ec9b0f600fefc0641ce78613b111?s=96&d=mm&r=g","url":"https:\/\/secure.gravatar.com\/avatar\/948c893b847ca6df68216ead81b63f363408ec9b0f600fefc0641ce78613b111?s=96&d=mm&r=g","contentUrl":"https:\/\/secure.gravatar.com\/avatar\/948c893b847ca6df68216ead81b63f363408ec9b0f600fefc0641ce78613b111?s=96&d=mm&r=g","caption":"diario5"},"url":"https:\/\/diariotextual.com\/inicio\/index.php\/author\/diario5\/"}]}},"_links":{"self":[{"href":"https:\/\/diariotextual.com\/inicio\/index.php\/wp-json\/wp\/v2\/posts\/96004","targetHints":{"allow":["GET"]}}],"collection":[{"href":"https:\/\/diariotextual.com\/inicio\/index.php\/wp-json\/wp\/v2\/posts"}],"about":[{"href":"https:\/\/diariotextual.com\/inicio\/index.php\/wp-json\/wp\/v2\/types\/post"}],"author":[{"embeddable":true,"href":"https:\/\/diariotextual.com\/inicio\/index.php\/wp-json\/wp\/v2\/users\/7"}],"replies":[{"embeddable":true,"href":"https:\/\/diariotextual.com\/inicio\/index.php\/wp-json\/wp\/v2\/comments?post=96004"}],"version-history":[{"count":1,"href":"https:\/\/diariotextual.com\/inicio\/index.php\/wp-json\/wp\/v2\/posts\/96004\/revisions"}],"predecessor-version":[{"id":96007,"href":"https:\/\/diariotextual.com\/inicio\/index.php\/wp-json\/wp\/v2\/posts\/96004\/revisions\/96007"}],"wp:featuredmedia":[{"embeddable":true,"href":"https:\/\/diariotextual.com\/inicio\/index.php\/wp-json\/wp\/v2\/media\/13033"}],"wp:attachment":[{"href":"https:\/\/diariotextual.com\/inicio\/index.php\/wp-json\/wp\/v2\/media?parent=96004"}],"wp:term":[{"taxonomy":"category","embeddable":true,"href":"https:\/\/diariotextual.com\/inicio\/index.php\/wp-json\/wp\/v2\/categories?post=96004"},{"taxonomy":"post_tag","embeddable":true,"href":"https:\/\/diariotextual.com\/inicio\/index.php\/wp-json\/wp\/v2\/tags?post=96004"}],"curies":[{"name":"wp","href":"https:\/\/api.w.org\/{rel}","templated":true}]}}