{"id":96012,"date":"2020-06-02T10:33:25","date_gmt":"2020-06-02T13:33:25","guid":{"rendered":"http:\/\/diariotextual.com\/inicio\/?p=96012"},"modified":"2020-06-02T17:51:56","modified_gmt":"2020-06-02T20:51:56","slug":"la-pampa-se-desplomo-69-consumo-naftas-abril","status":"publish","type":"post","link":"https:\/\/diariotextual.com\/inicio\/index.php\/2020\/06\/02\/la-pampa-se-desplomo-69-consumo-naftas-abril\/","title":{"rendered":"La Pampa: se desplom\u00f3 un 69% el consumo de naftas en abril"},"content":{"rendered":"<p>La <strong>C\u00e1mara de Expendedores de Combustibles de La Pampa<\/strong> revel\u00f3 que en abril \u00faltimo se desplom\u00f3 el consumo de <strong>naftas, gasoil y GNC<\/strong> por la <strong>\u00abca\u00edda abrupta de la movilidad de las personas\u00bb.<\/strong><\/p>\n<p><img fetchpriority=\"high\" decoding=\"async\" class=\"alignnone size-full wp-image-96020\" src=\"http:\/\/diariotextual.com\/inicio\/wp-content\/uploads\/2020\/06\/WhatsApp-Image-2020-06-01-at-12.32.13.jpeg\" alt=\"\" width=\"561\" height=\"268\" srcset=\"https:\/\/diariotextual.com\/inicio\/wp-content\/uploads\/2020\/06\/WhatsApp-Image-2020-06-01-at-12.32.13.jpeg 561w, https:\/\/diariotextual.com\/inicio\/wp-content\/uploads\/2020\/06\/WhatsApp-Image-2020-06-01-at-12.32.13-300x143.jpeg 300w\" sizes=\"(max-width: 561px) 100vw, 561px\" \/><\/p>\n<p>De acuerdo al trabajo realizado por Cecla, se \u00abdesmoron\u00f3\u00bb el consumo mensual interanual de todos los tipos de combustibles durante el mes de abril de 2020 con respecto al consumo de combustibles del mes de abril del 2019.<\/p>\n<p><strong>\u00abLa nafta premium es la que m\u00e1s sufri\u00f3 el impacto, siendo de -77% el consumo. El consumo de las naftas en total cay\u00f3 a -69% con respecto al consumo del mes de abril del a\u00f1o 2019\u00bb<\/strong>, precis\u00f3 Cecla.<\/p>\n<p><strong>\u00abCon respecto a los gasoil, el m\u00e1s perjudicado fue el de grado 3, siendo de -49% el consumo mensual del mes de abril. El gasoil grado 2 fue menos perjudicado ya que en nuestra zona, sigui\u00f3 siendo demandando por el agro\u00bb<\/strong>, puntualiz\u00f3.<\/p>\n<p><strong>\u00abEl GNC tambi\u00e9n sufri\u00f3 una gran disminuci\u00f3n en su consumo, el mismo fue del -58%\u00bb<\/strong>, precis\u00f3 el informe.<\/p>\n<p>\u00abLa econom\u00eda a nivel mundial est\u00e1 sufriendo un fuerte desplome. estas fuertes ca\u00eddas en las ventas de combustibles en La Pampa lo explican claramente y se refleja con ello el mal momento que les toca atravesar a nuestras pymes, en especial, las estaciones de servicios\u00bb, agreg\u00f3 el informe.<\/p>\n<p>&nbsp;<\/p>\n","protected":false},"excerpt":{"rendered":"<p>La C\u00e1mara de Expendedores de Combustibles de La Pampa revel\u00f3 que en abril \u00faltimo se desplom\u00f3 el consumo de naftas, gasoil y GNC por la \u00abca\u00edda abrupta de la movilidad&hellip;<\/p>\n","protected":false},"author":7,"featured_media":71094,"comment_status":"closed","ping_status":"open","sticky":false,"template":"","format":"standard","meta":{"_acf_changed":false,"footnotes":""},"categories":[10,5],"tags":[],"class_list":["post-96012","post","type-post","status-publish","format-standard","has-post-thumbnail","hentry","category-portada-2","category-economia"],"acf":[],"yoast_head":"<!-- This site is optimized with the Yoast SEO plugin v27.5 - https:\/\/yoast.com\/product\/yoast-seo-wordpress\/ -->\n<title>La Pampa: se desplom\u00f3 un 69% el consumo de naftas en abril - Diario Textual<\/title>\n<meta name=\"robots\" content=\"index, follow, max-snippet:-1, max-image-preview:large, max-video-preview:-1\" \/>\n<link rel=\"canonical\" href=\"https:\/\/diariotextual.com\/inicio\/index.php\/2020\/06\/02\/la-pampa-se-desplomo-69-consumo-naftas-abril\/\" \/>\n<meta property=\"og:locale\" content=\"es_ES\" \/>\n<meta property=\"og:type\" content=\"article\" \/>\n<meta property=\"og:title\" content=\"La Pampa: se desplom\u00f3 un 69% el consumo de naftas en abril - Diario Textual\" \/>\n<meta property=\"og:description\" content=\"La C\u00e1mara de Expendedores de Combustibles de La Pampa revel\u00f3 que en abril \u00faltimo se desplom\u00f3 el consumo de naftas, gasoil y GNC por la \u00abca\u00edda abrupta de la movilidad&hellip;\" \/>\n<meta property=\"og:url\" content=\"https:\/\/diariotextual.com\/inicio\/index.php\/2020\/06\/02\/la-pampa-se-desplomo-69-consumo-naftas-abril\/\" \/>\n<meta property=\"og:site_name\" content=\"Diario Textual\" \/>\n<meta property=\"article:publisher\" content=\"https:\/\/www.facebook.com\/eltextual\" \/>\n<meta property=\"article:published_time\" content=\"2020-06-02T13:33:25+00:00\" \/>\n<meta property=\"article:modified_time\" content=\"2020-06-02T20:51:56+00:00\" \/>\n<meta property=\"og:image\" content=\"https:\/\/diariotextual.com\/inicio\/wp-content\/uploads\/2019\/11\/combustiblescarga.jpg\" \/>\n\t<meta property=\"og:image:width\" content=\"1004\" \/>\n\t<meta property=\"og:image:height\" content=\"669\" \/>\n\t<meta property=\"og:image:type\" content=\"image\/jpeg\" \/>\n<meta name=\"author\" content=\"diario5\" \/>\n<meta name=\"twitter:card\" content=\"summary_large_image\" \/>\n<meta name=\"twitter:creator\" content=\"@eltextual\" \/>\n<meta name=\"twitter:site\" content=\"@eltextual\" \/>\n<meta name=\"twitter:label1\" content=\"Escrito por\" \/>\n\t<meta name=\"twitter:data1\" content=\"diario5\" \/>\n\t<meta name=\"twitter:label2\" content=\"Tiempo de lectura\" \/>\n\t<meta name=\"twitter:data2\" content=\"1 minuto\" \/>\n<script type=\"application\/ld+json\" class=\"yoast-schema-graph\">{\"@context\":\"https:\\\/\\\/schema.org\",\"@graph\":[{\"@type\":\"Article\",\"@id\":\"https:\\\/\\\/diariotextual.com\\\/inicio\\\/index.php\\\/2020\\\/06\\\/02\\\/la-pampa-se-desplomo-69-consumo-naftas-abril\\\/#article\",\"isPartOf\":{\"@id\":\"https:\\\/\\\/diariotextual.com\\\/inicio\\\/index.php\\\/2020\\\/06\\\/02\\\/la-pampa-se-desplomo-69-consumo-naftas-abril\\\/\"},\"author\":{\"name\":\"diario5\",\"@id\":\"https:\\\/\\\/diariotextual.com\\\/inicio\\\/#\\\/schema\\\/person\\\/c7834961ad8b29b1d9cdbf4571299067\"},\"headline\":\"La Pampa: se desplom\u00f3 un 69% el consumo de naftas en abril\",\"datePublished\":\"2020-06-02T13:33:25+00:00\",\"dateModified\":\"2020-06-02T20:51:56+00:00\",\"mainEntityOfPage\":{\"@id\":\"https:\\\/\\\/diariotextual.com\\\/inicio\\\/index.php\\\/2020\\\/06\\\/02\\\/la-pampa-se-desplomo-69-consumo-naftas-abril\\\/\"},\"wordCount\":233,\"publisher\":{\"@id\":\"https:\\\/\\\/diariotextual.com\\\/inicio\\\/#organization\"},\"image\":{\"@id\":\"https:\\\/\\\/diariotextual.com\\\/inicio\\\/index.php\\\/2020\\\/06\\\/02\\\/la-pampa-se-desplomo-69-consumo-naftas-abril\\\/#primaryimage\"},\"thumbnailUrl\":\"https:\\\/\\\/diariotextual.com\\\/inicio\\\/wp-content\\\/uploads\\\/2019\\\/11\\\/combustiblescarga.jpg\",\"articleSection\":[\"A - PORTADA2\",\"ECONOMIA\"],\"inLanguage\":\"es\"},{\"@type\":\"WebPage\",\"@id\":\"https:\\\/\\\/diariotextual.com\\\/inicio\\\/index.php\\\/2020\\\/06\\\/02\\\/la-pampa-se-desplomo-69-consumo-naftas-abril\\\/\",\"url\":\"https:\\\/\\\/diariotextual.com\\\/inicio\\\/index.php\\\/2020\\\/06\\\/02\\\/la-pampa-se-desplomo-69-consumo-naftas-abril\\\/\",\"name\":\"La Pampa: se desplom\u00f3 un 69% el consumo de naftas en abril - Diario Textual\",\"isPartOf\":{\"@id\":\"https:\\\/\\\/diariotextual.com\\\/inicio\\\/#website\"},\"primaryImageOfPage\":{\"@id\":\"https:\\\/\\\/diariotextual.com\\\/inicio\\\/index.php\\\/2020\\\/06\\\/02\\\/la-pampa-se-desplomo-69-consumo-naftas-abril\\\/#primaryimage\"},\"image\":{\"@id\":\"https:\\\/\\\/diariotextual.com\\\/inicio\\\/index.php\\\/2020\\\/06\\\/02\\\/la-pampa-se-desplomo-69-consumo-naftas-abril\\\/#primaryimage\"},\"thumbnailUrl\":\"https:\\\/\\\/diariotextual.com\\\/inicio\\\/wp-content\\\/uploads\\\/2019\\\/11\\\/combustiblescarga.jpg\",\"datePublished\":\"2020-06-02T13:33:25+00:00\",\"dateModified\":\"2020-06-02T20:51:56+00:00\",\"breadcrumb\":{\"@id\":\"https:\\\/\\\/diariotextual.com\\\/inicio\\\/index.php\\\/2020\\\/06\\\/02\\\/la-pampa-se-desplomo-69-consumo-naftas-abril\\\/#breadcrumb\"},\"inLanguage\":\"es\",\"potentialAction\":[{\"@type\":\"ReadAction\",\"target\":[\"https:\\\/\\\/diariotextual.com\\\/inicio\\\/index.php\\\/2020\\\/06\\\/02\\\/la-pampa-se-desplomo-69-consumo-naftas-abril\\\/\"]}]},{\"@type\":\"ImageObject\",\"inLanguage\":\"es\",\"@id\":\"https:\\\/\\\/diariotextual.com\\\/inicio\\\/index.php\\\/2020\\\/06\\\/02\\\/la-pampa-se-desplomo-69-consumo-naftas-abril\\\/#primaryimage\",\"url\":\"https:\\\/\\\/diariotextual.com\\\/inicio\\\/wp-content\\\/uploads\\\/2019\\\/11\\\/combustiblescarga.jpg\",\"contentUrl\":\"https:\\\/\\\/diariotextual.com\\\/inicio\\\/wp-content\\\/uploads\\\/2019\\\/11\\\/combustiblescarga.jpg\",\"width\":1004,\"height\":669},{\"@type\":\"BreadcrumbList\",\"@id\":\"https:\\\/\\\/diariotextual.com\\\/inicio\\\/index.php\\\/2020\\\/06\\\/02\\\/la-pampa-se-desplomo-69-consumo-naftas-abril\\\/#breadcrumb\",\"itemListElement\":[{\"@type\":\"ListItem\",\"position\":1,\"name\":\"Portada\",\"item\":\"https:\\\/\\\/diariotextual.com\\\/inicio\\\/\"},{\"@type\":\"ListItem\",\"position\":2,\"name\":\"La Pampa: se desplom\u00f3 un 69% el consumo de naftas en abril\"}]},{\"@type\":\"WebSite\",\"@id\":\"https:\\\/\\\/diariotextual.com\\\/inicio\\\/#website\",\"url\":\"https:\\\/\\\/diariotextual.com\\\/inicio\\\/\",\"name\":\"Diario Textual\",\"description\":\"\",\"publisher\":{\"@id\":\"https:\\\/\\\/diariotextual.com\\\/inicio\\\/#organization\"},\"potentialAction\":[{\"@type\":\"SearchAction\",\"target\":{\"@type\":\"EntryPoint\",\"urlTemplate\":\"https:\\\/\\\/diariotextual.com\\\/inicio\\\/?s={search_term_string}\"},\"query-input\":{\"@type\":\"PropertyValueSpecification\",\"valueRequired\":true,\"valueName\":\"search_term_string\"}}],\"inLanguage\":\"es\"},{\"@type\":\"Organization\",\"@id\":\"https:\\\/\\\/diariotextual.com\\\/inicio\\\/#organization\",\"name\":\"Diario Textual\",\"url\":\"https:\\\/\\\/diariotextual.com\\\/inicio\\\/\",\"logo\":{\"@type\":\"ImageObject\",\"inLanguage\":\"es\",\"@id\":\"https:\\\/\\\/diariotextual.com\\\/inicio\\\/#\\\/schema\\\/logo\\\/image\\\/\",\"url\":\"https:\\\/\\\/diariotextual.com\\\/inicio\\\/wp-content\\\/uploads\\\/2023\\\/05\\\/logotextual1.jpg\",\"contentUrl\":\"https:\\\/\\\/diariotextual.com\\\/inicio\\\/wp-content\\\/uploads\\\/2023\\\/05\\\/logotextual1.jpg\",\"width\":516,\"height\":76,\"caption\":\"Diario Textual\"},\"image\":{\"@id\":\"https:\\\/\\\/diariotextual.com\\\/inicio\\\/#\\\/schema\\\/logo\\\/image\\\/\"},\"sameAs\":[\"https:\\\/\\\/www.facebook.com\\\/eltextual\",\"https:\\\/\\\/x.com\\\/eltextual\",\"http:\\\/\\\/www.instagram.com\\\/eltextual\"]},{\"@type\":\"Person\",\"@id\":\"https:\\\/\\\/diariotextual.com\\\/inicio\\\/#\\\/schema\\\/person\\\/c7834961ad8b29b1d9cdbf4571299067\",\"name\":\"diario5\",\"image\":{\"@type\":\"ImageObject\",\"inLanguage\":\"es\",\"@id\":\"https:\\\/\\\/secure.gravatar.com\\\/avatar\\\/948c893b847ca6df68216ead81b63f363408ec9b0f600fefc0641ce78613b111?s=96&d=mm&r=g\",\"url\":\"https:\\\/\\\/secure.gravatar.com\\\/avatar\\\/948c893b847ca6df68216ead81b63f363408ec9b0f600fefc0641ce78613b111?s=96&d=mm&r=g\",\"contentUrl\":\"https:\\\/\\\/secure.gravatar.com\\\/avatar\\\/948c893b847ca6df68216ead81b63f363408ec9b0f600fefc0641ce78613b111?s=96&d=mm&r=g\",\"caption\":\"diario5\"},\"url\":\"https:\\\/\\\/diariotextual.com\\\/inicio\\\/index.php\\\/author\\\/diario5\\\/\"}]}<\/script>\n<!-- \/ Yoast SEO plugin. -->","yoast_head_json":{"title":"La Pampa: se desplom\u00f3 un 69% el consumo de naftas en abril - Diario Textual","robots":{"index":"index","follow":"follow","max-snippet":"max-snippet:-1","max-image-preview":"max-image-preview:large","max-video-preview":"max-video-preview:-1"},"canonical":"https:\/\/diariotextual.com\/inicio\/index.php\/2020\/06\/02\/la-pampa-se-desplomo-69-consumo-naftas-abril\/","og_locale":"es_ES","og_type":"article","og_title":"La Pampa: se desplom\u00f3 un 69% el consumo de naftas en abril - Diario Textual","og_description":"La C\u00e1mara de Expendedores de Combustibles de La Pampa revel\u00f3 que en abril \u00faltimo se desplom\u00f3 el consumo de naftas, gasoil y GNC por la \u00abca\u00edda abrupta de la movilidad&hellip;","og_url":"https:\/\/diariotextual.com\/inicio\/index.php\/2020\/06\/02\/la-pampa-se-desplomo-69-consumo-naftas-abril\/","og_site_name":"Diario Textual","article_publisher":"https:\/\/www.facebook.com\/eltextual","article_published_time":"2020-06-02T13:33:25+00:00","article_modified_time":"2020-06-02T20:51:56+00:00","og_image":[{"width":1004,"height":669,"url":"https:\/\/diariotextual.com\/inicio\/wp-content\/uploads\/2019\/11\/combustiblescarga.jpg","type":"image\/jpeg"}],"author":"diario5","twitter_card":"summary_large_image","twitter_creator":"@eltextual","twitter_site":"@eltextual","twitter_misc":{"Escrito por":"diario5","Tiempo de lectura":"1 minuto"},"schema":{"@context":"https:\/\/schema.org","@graph":[{"@type":"Article","@id":"https:\/\/diariotextual.com\/inicio\/index.php\/2020\/06\/02\/la-pampa-se-desplomo-69-consumo-naftas-abril\/#article","isPartOf":{"@id":"https:\/\/diariotextual.com\/inicio\/index.php\/2020\/06\/02\/la-pampa-se-desplomo-69-consumo-naftas-abril\/"},"author":{"name":"diario5","@id":"https:\/\/diariotextual.com\/inicio\/#\/schema\/person\/c7834961ad8b29b1d9cdbf4571299067"},"headline":"La Pampa: se desplom\u00f3 un 69% el consumo de naftas en abril","datePublished":"2020-06-02T13:33:25+00:00","dateModified":"2020-06-02T20:51:56+00:00","mainEntityOfPage":{"@id":"https:\/\/diariotextual.com\/inicio\/index.php\/2020\/06\/02\/la-pampa-se-desplomo-69-consumo-naftas-abril\/"},"wordCount":233,"publisher":{"@id":"https:\/\/diariotextual.com\/inicio\/#organization"},"image":{"@id":"https:\/\/diariotextual.com\/inicio\/index.php\/2020\/06\/02\/la-pampa-se-desplomo-69-consumo-naftas-abril\/#primaryimage"},"thumbnailUrl":"https:\/\/diariotextual.com\/inicio\/wp-content\/uploads\/2019\/11\/combustiblescarga.jpg","articleSection":["A - PORTADA2","ECONOMIA"],"inLanguage":"es"},{"@type":"WebPage","@id":"https:\/\/diariotextual.com\/inicio\/index.php\/2020\/06\/02\/la-pampa-se-desplomo-69-consumo-naftas-abril\/","url":"https:\/\/diariotextual.com\/inicio\/index.php\/2020\/06\/02\/la-pampa-se-desplomo-69-consumo-naftas-abril\/","name":"La Pampa: se desplom\u00f3 un 69% el consumo de naftas en abril - Diario Textual","isPartOf":{"@id":"https:\/\/diariotextual.com\/inicio\/#website"},"primaryImageOfPage":{"@id":"https:\/\/diariotextual.com\/inicio\/index.php\/2020\/06\/02\/la-pampa-se-desplomo-69-consumo-naftas-abril\/#primaryimage"},"image":{"@id":"https:\/\/diariotextual.com\/inicio\/index.php\/2020\/06\/02\/la-pampa-se-desplomo-69-consumo-naftas-abril\/#primaryimage"},"thumbnailUrl":"https:\/\/diariotextual.com\/inicio\/wp-content\/uploads\/2019\/11\/combustiblescarga.jpg","datePublished":"2020-06-02T13:33:25+00:00","dateModified":"2020-06-02T20:51:56+00:00","breadcrumb":{"@id":"https:\/\/diariotextual.com\/inicio\/index.php\/2020\/06\/02\/la-pampa-se-desplomo-69-consumo-naftas-abril\/#breadcrumb"},"inLanguage":"es","potentialAction":[{"@type":"ReadAction","target":["https:\/\/diariotextual.com\/inicio\/index.php\/2020\/06\/02\/la-pampa-se-desplomo-69-consumo-naftas-abril\/"]}]},{"@type":"ImageObject","inLanguage":"es","@id":"https:\/\/diariotextual.com\/inicio\/index.php\/2020\/06\/02\/la-pampa-se-desplomo-69-consumo-naftas-abril\/#primaryimage","url":"https:\/\/diariotextual.com\/inicio\/wp-content\/uploads\/2019\/11\/combustiblescarga.jpg","contentUrl":"https:\/\/diariotextual.com\/inicio\/wp-content\/uploads\/2019\/11\/combustiblescarga.jpg","width":1004,"height":669},{"@type":"BreadcrumbList","@id":"https:\/\/diariotextual.com\/inicio\/index.php\/2020\/06\/02\/la-pampa-se-desplomo-69-consumo-naftas-abril\/#breadcrumb","itemListElement":[{"@type":"ListItem","position":1,"name":"Portada","item":"https:\/\/diariotextual.com\/inicio\/"},{"@type":"ListItem","position":2,"name":"La Pampa: se desplom\u00f3 un 69% el consumo de naftas en abril"}]},{"@type":"WebSite","@id":"https:\/\/diariotextual.com\/inicio\/#website","url":"https:\/\/diariotextual.com\/inicio\/","name":"Diario Textual","description":"","publisher":{"@id":"https:\/\/diariotextual.com\/inicio\/#organization"},"potentialAction":[{"@type":"SearchAction","target":{"@type":"EntryPoint","urlTemplate":"https:\/\/diariotextual.com\/inicio\/?s={search_term_string}"},"query-input":{"@type":"PropertyValueSpecification","valueRequired":true,"valueName":"search_term_string"}}],"inLanguage":"es"},{"@type":"Organization","@id":"https:\/\/diariotextual.com\/inicio\/#organization","name":"Diario Textual","url":"https:\/\/diariotextual.com\/inicio\/","logo":{"@type":"ImageObject","inLanguage":"es","@id":"https:\/\/diariotextual.com\/inicio\/#\/schema\/logo\/image\/","url":"https:\/\/diariotextual.com\/inicio\/wp-content\/uploads\/2023\/05\/logotextual1.jpg","contentUrl":"https:\/\/diariotextual.com\/inicio\/wp-content\/uploads\/2023\/05\/logotextual1.jpg","width":516,"height":76,"caption":"Diario Textual"},"image":{"@id":"https:\/\/diariotextual.com\/inicio\/#\/schema\/logo\/image\/"},"sameAs":["https:\/\/www.facebook.com\/eltextual","https:\/\/x.com\/eltextual","http:\/\/www.instagram.com\/eltextual"]},{"@type":"Person","@id":"https:\/\/diariotextual.com\/inicio\/#\/schema\/person\/c7834961ad8b29b1d9cdbf4571299067","name":"diario5","image":{"@type":"ImageObject","inLanguage":"es","@id":"https:\/\/secure.gravatar.com\/avatar\/948c893b847ca6df68216ead81b63f363408ec9b0f600fefc0641ce78613b111?s=96&d=mm&r=g","url":"https:\/\/secure.gravatar.com\/avatar\/948c893b847ca6df68216ead81b63f363408ec9b0f600fefc0641ce78613b111?s=96&d=mm&r=g","contentUrl":"https:\/\/secure.gravatar.com\/avatar\/948c893b847ca6df68216ead81b63f363408ec9b0f600fefc0641ce78613b111?s=96&d=mm&r=g","caption":"diario5"},"url":"https:\/\/diariotextual.com\/inicio\/index.php\/author\/diario5\/"}]}},"_links":{"self":[{"href":"https:\/\/diariotextual.com\/inicio\/index.php\/wp-json\/wp\/v2\/posts\/96012","targetHints":{"allow":["GET"]}}],"collection":[{"href":"https:\/\/diariotextual.com\/inicio\/index.php\/wp-json\/wp\/v2\/posts"}],"about":[{"href":"https:\/\/diariotextual.com\/inicio\/index.php\/wp-json\/wp\/v2\/types\/post"}],"author":[{"embeddable":true,"href":"https:\/\/diariotextual.com\/inicio\/index.php\/wp-json\/wp\/v2\/users\/7"}],"replies":[{"embeddable":true,"href":"https:\/\/diariotextual.com\/inicio\/index.php\/wp-json\/wp\/v2\/comments?post=96012"}],"version-history":[{"count":3,"href":"https:\/\/diariotextual.com\/inicio\/index.php\/wp-json\/wp\/v2\/posts\/96012\/revisions"}],"predecessor-version":[{"id":96021,"href":"https:\/\/diariotextual.com\/inicio\/index.php\/wp-json\/wp\/v2\/posts\/96012\/revisions\/96021"}],"wp:featuredmedia":[{"embeddable":true,"href":"https:\/\/diariotextual.com\/inicio\/index.php\/wp-json\/wp\/v2\/media\/71094"}],"wp:attachment":[{"href":"https:\/\/diariotextual.com\/inicio\/index.php\/wp-json\/wp\/v2\/media?parent=96012"}],"wp:term":[{"taxonomy":"category","embeddable":true,"href":"https:\/\/diariotextual.com\/inicio\/index.php\/wp-json\/wp\/v2\/categories?post=96012"},{"taxonomy":"post_tag","embeddable":true,"href":"https:\/\/diariotextual.com\/inicio\/index.php\/wp-json\/wp\/v2\/tags?post=96012"}],"curies":[{"name":"wp","href":"https:\/\/api.w.org\/{rel}","templated":true}]}}