{"id":96282,"date":"2020-06-03T19:59:01","date_gmt":"2020-06-03T22:59:01","guid":{"rendered":"http:\/\/diariotextual.com\/inicio\/?p=96282"},"modified":"2020-06-04T08:42:19","modified_gmt":"2020-06-04T11:42:19","slug":"nueva-ley-alquileres-manana-se-aprobaria-senado","status":"publish","type":"post","link":"https:\/\/diariotextual.com\/inicio\/index.php\/2020\/06\/03\/nueva-ley-alquileres-manana-se-aprobaria-senado\/","title":{"rendered":"Nueva ley de alquileres: este jueves se aprobar\u00eda en el Senado"},"content":{"rendered":"<p>El <strong>proyecto de ley de alquileres que se tratar\u00e1 este jueves en el Senado cuenta -en l\u00edneas generales- con el consenso de grupos de inquilinos y de distintos representantes del sector inmobiliario<\/strong> que participaron de su tratamiento.<\/p>\n<p><!--more--><\/p>\n<p>\u201cSi sale tal cual lo que se consensu\u00f3, en lo que corresponde profesionalmente estamos de acuerdo, despu\u00e9s como toda ley si es aceptado o no lo va a decidir el camino que vaya transitando la nueva ley, pero e<strong>n la mayor\u00eda de los puntos estamos de acuerdo<\/strong>\u201d, dijo a T\u00e9lam el presidente de la C\u00e1mara Inmobiliaria Argentina (CIA), Alejandro Bennazar.<\/p>\n<p>Y agreg\u00f3 que<strong> lo que tiene que ver con garant\u00edas, las distintas alternativas ya se vienen aplicando y la bancarizaci\u00f3n a distintos sistemas tambi\u00e9n.<\/strong><\/p>\n<p>Desde Inquilinos Agrupados (IA) dijeron que <strong>la nueva ley pondr\u00e1 \u00abfin al aumento semestral y la fijaci\u00f3n unilateral del precio\u00bb al tiempo que consideraron que permitir\u00e1 que se \u201cblanquee\u201d todo el mercado<\/strong> inmobiliario.<\/p>\n<p><strong>\u201cLuchamos contra viento y marea. Sabemos que en este contexto es la mejor ley que podemos conseguir y tenemos mucho trabajo por delante.<\/strong> Deberemos seguir de cerca su implementaci\u00f3n y su cumplimiento, y quedar\u00e1 mucho m\u00e1s por resolver. En materia de acceso a la vivienda este es el primer paso importante que damos\u201d, dijo <strong>el presidente de IA, Gervasio Mu\u00f1oz.<\/strong><\/p>\n<p>El presidente de la <strong>Federaci\u00f3n Inmobiliaria de la Rep\u00fablica Argentina (FIRA), Eduardo Brigada<\/strong>, expres\u00f3 a T\u00e9lam que desde la entidad se trabaj\u00f3 en todas las oportunidades con los distintos proyectos: \u201cLo que se va a tratar ma\u00f1ana est\u00e1 consensuado,<strong> re\u00fane casi todas las opiniones que se han ido vertiendo; el momento que se est\u00e1 atravesando es muy dif\u00edcil pero est\u00e1 bien que avance<\/strong>\u201d.<\/p>\n<p>\u201c<strong>Al mercado le va a dar imprevisibilidad; el inquilino hoy sabe cu\u00e1nto va a pagar desde que comienza hasta que termina, en cambio con la actualizaci\u00f3n por \u00edndice hay una incertidumbre<\/strong>, puede que el alquiler siga los valores de mercado o no\u201d, a\u00f1adi\u00f3.<\/p>\n<p>Y acerca de las <strong>garant\u00edas manifest\u00f3 que cuanto m\u00e1s posibilidades se le da al locatario, es un bien que se le hace al mercado.<\/strong><\/p>\n<p>\u201cEl <strong>cambio m\u00e1s trascendente es el plazo del alquiler, de 2 a 3 a\u00f1os, es un tema important\u00edsimo,<\/strong> tambi\u00e9n el tema de la actualizaci\u00f3n, el tema de las expensas, que se deja bien aclarado cuales son las que est\u00e1n a cargo de los locatarios y cu\u00e1l de los locadores, son puntos trascendentes\u201d, agreg\u00f3.<\/p>\n<p>Adem\u00e1s, sostuvo: \u201c<strong>Una ley se puede juzgar de buena o mala con el tiempo y con el uso, las partes locadores y locatarios van a darle la razonabilidad y el mercado se va a adaptar o no;<\/strong> se empezar\u00e1 a caminar con ese marco regulatorio que no hay que tenerle miedo, hay que adaptarse y el tiempo dar\u00e1 los resultados\u201d.<\/p>\n<p>Por su parte, <strong>el asesor inmobiliario Daniel Zampone afirm\u00f3: \u201cEl verdadero problema no es el costo del alquiler que subi\u00f3 en promedio un 20% menos que la inflaci\u00f3n de 2019<\/strong>\u201d y agreg\u00f3 que para el propietario, la rentabilidad hoy est\u00e1 en su m\u00ednimo hist\u00f3rico.<\/p>\n<p>\u201cPara <strong>el inquilino, el alquiler y las expensas se llevan en algunos casos m\u00e1s del 50% de su salario<\/strong>. La gran pregunta es entonces qui\u00e9n es el culpable. La respuesta es inequ\u00edvoca: la inestabilidad econ\u00f3mica y la maldita inflaci\u00f3n\u201d, asegur\u00f3.<\/p>\n<p>\u201cEl Estado lo \u00fanico que debe procurar es que el inquilino tenga un salario justo, un trabajo estable y que no pierda poder adquisitivo. Tambi\u00e9n debe volcar sus esfuerzos el reactivar el cr\u00e9dito para que un gran n\u00famero de inquilinos puedan acceder al techo propio\u201d, consider\u00f3 Zampone.<\/p>\n","protected":false},"excerpt":{"rendered":"<p>El proyecto de ley de alquileres que se tratar\u00e1 este jueves en el Senado cuenta -en l\u00edneas generales- con el consenso de grupos de inquilinos y de distintos representantes del&hellip;<\/p>\n","protected":false},"author":5,"featured_media":19401,"comment_status":"closed","ping_status":"open","sticky":false,"template":"","format":"standard","meta":{"_acf_changed":false,"footnotes":""},"categories":[11,5],"tags":[],"class_list":["post-96282","post","type-post","status-publish","format-standard","has-post-thumbnail","hentry","category-que-pasa","category-economia"],"acf":[],"yoast_head":"<!-- This site is optimized with the Yoast SEO plugin v27.5 - https:\/\/yoast.com\/product\/yoast-seo-wordpress\/ -->\n<title>Nueva ley de alquileres: este jueves se aprobar\u00eda en el Senado - Diario Textual<\/title>\n<meta name=\"robots\" content=\"index, follow, max-snippet:-1, max-image-preview:large, max-video-preview:-1\" \/>\n<link rel=\"canonical\" href=\"https:\/\/diariotextual.com\/inicio\/index.php\/2020\/06\/03\/nueva-ley-alquileres-manana-se-aprobaria-senado\/\" \/>\n<meta property=\"og:locale\" content=\"es_ES\" \/>\n<meta property=\"og:type\" content=\"article\" \/>\n<meta property=\"og:title\" content=\"Nueva ley de alquileres: este jueves se aprobar\u00eda en el Senado - Diario Textual\" \/>\n<meta property=\"og:description\" content=\"El proyecto de ley de alquileres que se tratar\u00e1 este jueves en el Senado cuenta -en l\u00edneas generales- con el consenso de grupos de inquilinos y de distintos representantes del&hellip;\" \/>\n<meta property=\"og:url\" content=\"https:\/\/diariotextual.com\/inicio\/index.php\/2020\/06\/03\/nueva-ley-alquileres-manana-se-aprobaria-senado\/\" \/>\n<meta property=\"og:site_name\" content=\"Diario Textual\" \/>\n<meta property=\"article:publisher\" content=\"https:\/\/www.facebook.com\/eltextual\" \/>\n<meta property=\"article:published_time\" content=\"2020-06-03T22:59:01+00:00\" \/>\n<meta property=\"article:modified_time\" content=\"2020-06-04T11:42:19+00:00\" \/>\n<meta property=\"og:image\" content=\"https:\/\/diariotextual.com\/inicio\/wp-content\/uploads\/2018\/09\/cartelalquilerlapampa.jpg\" \/>\n\t<meta property=\"og:image:width\" content=\"700\" \/>\n\t<meta property=\"og:image:height\" content=\"446\" \/>\n\t<meta property=\"og:image:type\" content=\"image\/jpeg\" \/>\n<meta name=\"author\" content=\"diario3\" \/>\n<meta name=\"twitter:card\" content=\"summary_large_image\" \/>\n<meta name=\"twitter:creator\" content=\"@eltextual\" \/>\n<meta name=\"twitter:site\" content=\"@eltextual\" \/>\n<meta name=\"twitter:label1\" content=\"Escrito por\" \/>\n\t<meta name=\"twitter:data1\" content=\"diario3\" \/>\n\t<meta name=\"twitter:label2\" content=\"Tiempo de lectura\" \/>\n\t<meta name=\"twitter:data2\" content=\"3 minutos\" \/>\n<script type=\"application\/ld+json\" class=\"yoast-schema-graph\">{\"@context\":\"https:\\\/\\\/schema.org\",\"@graph\":[{\"@type\":\"Article\",\"@id\":\"https:\\\/\\\/diariotextual.com\\\/inicio\\\/index.php\\\/2020\\\/06\\\/03\\\/nueva-ley-alquileres-manana-se-aprobaria-senado\\\/#article\",\"isPartOf\":{\"@id\":\"https:\\\/\\\/diariotextual.com\\\/inicio\\\/index.php\\\/2020\\\/06\\\/03\\\/nueva-ley-alquileres-manana-se-aprobaria-senado\\\/\"},\"author\":{\"name\":\"diario3\",\"@id\":\"https:\\\/\\\/diariotextual.com\\\/inicio\\\/#\\\/schema\\\/person\\\/a1b6f563e0ee944c60f98119389a4d9f\"},\"headline\":\"Nueva ley de alquileres: este jueves se aprobar\u00eda en el Senado\",\"datePublished\":\"2020-06-03T22:59:01+00:00\",\"dateModified\":\"2020-06-04T11:42:19+00:00\",\"mainEntityOfPage\":{\"@id\":\"https:\\\/\\\/diariotextual.com\\\/inicio\\\/index.php\\\/2020\\\/06\\\/03\\\/nueva-ley-alquileres-manana-se-aprobaria-senado\\\/\"},\"wordCount\":637,\"publisher\":{\"@id\":\"https:\\\/\\\/diariotextual.com\\\/inicio\\\/#organization\"},\"image\":{\"@id\":\"https:\\\/\\\/diariotextual.com\\\/inicio\\\/index.php\\\/2020\\\/06\\\/03\\\/nueva-ley-alquileres-manana-se-aprobaria-senado\\\/#primaryimage\"},\"thumbnailUrl\":\"https:\\\/\\\/diariotextual.com\\\/inicio\\\/wp-content\\\/uploads\\\/2018\\\/09\\\/cartelalquilerlapampa.jpg\",\"articleSection\":[\"A - QUE PASA (al costado)\",\"ECONOMIA\"],\"inLanguage\":\"es\"},{\"@type\":\"WebPage\",\"@id\":\"https:\\\/\\\/diariotextual.com\\\/inicio\\\/index.php\\\/2020\\\/06\\\/03\\\/nueva-ley-alquileres-manana-se-aprobaria-senado\\\/\",\"url\":\"https:\\\/\\\/diariotextual.com\\\/inicio\\\/index.php\\\/2020\\\/06\\\/03\\\/nueva-ley-alquileres-manana-se-aprobaria-senado\\\/\",\"name\":\"Nueva ley de alquileres: este jueves se aprobar\u00eda en el Senado - Diario Textual\",\"isPartOf\":{\"@id\":\"https:\\\/\\\/diariotextual.com\\\/inicio\\\/#website\"},\"primaryImageOfPage\":{\"@id\":\"https:\\\/\\\/diariotextual.com\\\/inicio\\\/index.php\\\/2020\\\/06\\\/03\\\/nueva-ley-alquileres-manana-se-aprobaria-senado\\\/#primaryimage\"},\"image\":{\"@id\":\"https:\\\/\\\/diariotextual.com\\\/inicio\\\/index.php\\\/2020\\\/06\\\/03\\\/nueva-ley-alquileres-manana-se-aprobaria-senado\\\/#primaryimage\"},\"thumbnailUrl\":\"https:\\\/\\\/diariotextual.com\\\/inicio\\\/wp-content\\\/uploads\\\/2018\\\/09\\\/cartelalquilerlapampa.jpg\",\"datePublished\":\"2020-06-03T22:59:01+00:00\",\"dateModified\":\"2020-06-04T11:42:19+00:00\",\"breadcrumb\":{\"@id\":\"https:\\\/\\\/diariotextual.com\\\/inicio\\\/index.php\\\/2020\\\/06\\\/03\\\/nueva-ley-alquileres-manana-se-aprobaria-senado\\\/#breadcrumb\"},\"inLanguage\":\"es\",\"potentialAction\":[{\"@type\":\"ReadAction\",\"target\":[\"https:\\\/\\\/diariotextual.com\\\/inicio\\\/index.php\\\/2020\\\/06\\\/03\\\/nueva-ley-alquileres-manana-se-aprobaria-senado\\\/\"]}]},{\"@type\":\"ImageObject\",\"inLanguage\":\"es\",\"@id\":\"https:\\\/\\\/diariotextual.com\\\/inicio\\\/index.php\\\/2020\\\/06\\\/03\\\/nueva-ley-alquileres-manana-se-aprobaria-senado\\\/#primaryimage\",\"url\":\"https:\\\/\\\/diariotextual.com\\\/inicio\\\/wp-content\\\/uploads\\\/2018\\\/09\\\/cartelalquilerlapampa.jpg\",\"contentUrl\":\"https:\\\/\\\/diariotextual.com\\\/inicio\\\/wp-content\\\/uploads\\\/2018\\\/09\\\/cartelalquilerlapampa.jpg\",\"width\":700,\"height\":446},{\"@type\":\"BreadcrumbList\",\"@id\":\"https:\\\/\\\/diariotextual.com\\\/inicio\\\/index.php\\\/2020\\\/06\\\/03\\\/nueva-ley-alquileres-manana-se-aprobaria-senado\\\/#breadcrumb\",\"itemListElement\":[{\"@type\":\"ListItem\",\"position\":1,\"name\":\"Portada\",\"item\":\"https:\\\/\\\/diariotextual.com\\\/inicio\\\/\"},{\"@type\":\"ListItem\",\"position\":2,\"name\":\"Nueva ley de alquileres: este jueves se aprobar\u00eda en el Senado\"}]},{\"@type\":\"WebSite\",\"@id\":\"https:\\\/\\\/diariotextual.com\\\/inicio\\\/#website\",\"url\":\"https:\\\/\\\/diariotextual.com\\\/inicio\\\/\",\"name\":\"Diario Textual\",\"description\":\"\",\"publisher\":{\"@id\":\"https:\\\/\\\/diariotextual.com\\\/inicio\\\/#organization\"},\"potentialAction\":[{\"@type\":\"SearchAction\",\"target\":{\"@type\":\"EntryPoint\",\"urlTemplate\":\"https:\\\/\\\/diariotextual.com\\\/inicio\\\/?s={search_term_string}\"},\"query-input\":{\"@type\":\"PropertyValueSpecification\",\"valueRequired\":true,\"valueName\":\"search_term_string\"}}],\"inLanguage\":\"es\"},{\"@type\":\"Organization\",\"@id\":\"https:\\\/\\\/diariotextual.com\\\/inicio\\\/#organization\",\"name\":\"Diario Textual\",\"url\":\"https:\\\/\\\/diariotextual.com\\\/inicio\\\/\",\"logo\":{\"@type\":\"ImageObject\",\"inLanguage\":\"es\",\"@id\":\"https:\\\/\\\/diariotextual.com\\\/inicio\\\/#\\\/schema\\\/logo\\\/image\\\/\",\"url\":\"https:\\\/\\\/diariotextual.com\\\/inicio\\\/wp-content\\\/uploads\\\/2023\\\/05\\\/logotextual1.jpg\",\"contentUrl\":\"https:\\\/\\\/diariotextual.com\\\/inicio\\\/wp-content\\\/uploads\\\/2023\\\/05\\\/logotextual1.jpg\",\"width\":516,\"height\":76,\"caption\":\"Diario Textual\"},\"image\":{\"@id\":\"https:\\\/\\\/diariotextual.com\\\/inicio\\\/#\\\/schema\\\/logo\\\/image\\\/\"},\"sameAs\":[\"https:\\\/\\\/www.facebook.com\\\/eltextual\",\"https:\\\/\\\/x.com\\\/eltextual\",\"http:\\\/\\\/www.instagram.com\\\/eltextual\"]},{\"@type\":\"Person\",\"@id\":\"https:\\\/\\\/diariotextual.com\\\/inicio\\\/#\\\/schema\\\/person\\\/a1b6f563e0ee944c60f98119389a4d9f\",\"name\":\"diario3\",\"image\":{\"@type\":\"ImageObject\",\"inLanguage\":\"es\",\"@id\":\"https:\\\/\\\/secure.gravatar.com\\\/avatar\\\/5e7ee62c82fc04d9dd79d746a390d93c69c43223e5faeeb3ea9461ef752bfc5d?s=96&d=mm&r=g\",\"url\":\"https:\\\/\\\/secure.gravatar.com\\\/avatar\\\/5e7ee62c82fc04d9dd79d746a390d93c69c43223e5faeeb3ea9461ef752bfc5d?s=96&d=mm&r=g\",\"contentUrl\":\"https:\\\/\\\/secure.gravatar.com\\\/avatar\\\/5e7ee62c82fc04d9dd79d746a390d93c69c43223e5faeeb3ea9461ef752bfc5d?s=96&d=mm&r=g\",\"caption\":\"diario3\"},\"url\":\"https:\\\/\\\/diariotextual.com\\\/inicio\\\/index.php\\\/author\\\/diario3\\\/\"}]}<\/script>\n<!-- \/ Yoast SEO plugin. -->","yoast_head_json":{"title":"Nueva ley de alquileres: este jueves se aprobar\u00eda en el Senado - Diario Textual","robots":{"index":"index","follow":"follow","max-snippet":"max-snippet:-1","max-image-preview":"max-image-preview:large","max-video-preview":"max-video-preview:-1"},"canonical":"https:\/\/diariotextual.com\/inicio\/index.php\/2020\/06\/03\/nueva-ley-alquileres-manana-se-aprobaria-senado\/","og_locale":"es_ES","og_type":"article","og_title":"Nueva ley de alquileres: este jueves se aprobar\u00eda en el Senado - Diario Textual","og_description":"El proyecto de ley de alquileres que se tratar\u00e1 este jueves en el Senado cuenta -en l\u00edneas generales- con el consenso de grupos de inquilinos y de distintos representantes del&hellip;","og_url":"https:\/\/diariotextual.com\/inicio\/index.php\/2020\/06\/03\/nueva-ley-alquileres-manana-se-aprobaria-senado\/","og_site_name":"Diario Textual","article_publisher":"https:\/\/www.facebook.com\/eltextual","article_published_time":"2020-06-03T22:59:01+00:00","article_modified_time":"2020-06-04T11:42:19+00:00","og_image":[{"width":700,"height":446,"url":"https:\/\/diariotextual.com\/inicio\/wp-content\/uploads\/2018\/09\/cartelalquilerlapampa.jpg","type":"image\/jpeg"}],"author":"diario3","twitter_card":"summary_large_image","twitter_creator":"@eltextual","twitter_site":"@eltextual","twitter_misc":{"Escrito por":"diario3","Tiempo de lectura":"3 minutos"},"schema":{"@context":"https:\/\/schema.org","@graph":[{"@type":"Article","@id":"https:\/\/diariotextual.com\/inicio\/index.php\/2020\/06\/03\/nueva-ley-alquileres-manana-se-aprobaria-senado\/#article","isPartOf":{"@id":"https:\/\/diariotextual.com\/inicio\/index.php\/2020\/06\/03\/nueva-ley-alquileres-manana-se-aprobaria-senado\/"},"author":{"name":"diario3","@id":"https:\/\/diariotextual.com\/inicio\/#\/schema\/person\/a1b6f563e0ee944c60f98119389a4d9f"},"headline":"Nueva ley de alquileres: este jueves se aprobar\u00eda en el Senado","datePublished":"2020-06-03T22:59:01+00:00","dateModified":"2020-06-04T11:42:19+00:00","mainEntityOfPage":{"@id":"https:\/\/diariotextual.com\/inicio\/index.php\/2020\/06\/03\/nueva-ley-alquileres-manana-se-aprobaria-senado\/"},"wordCount":637,"publisher":{"@id":"https:\/\/diariotextual.com\/inicio\/#organization"},"image":{"@id":"https:\/\/diariotextual.com\/inicio\/index.php\/2020\/06\/03\/nueva-ley-alquileres-manana-se-aprobaria-senado\/#primaryimage"},"thumbnailUrl":"https:\/\/diariotextual.com\/inicio\/wp-content\/uploads\/2018\/09\/cartelalquilerlapampa.jpg","articleSection":["A - QUE PASA (al costado)","ECONOMIA"],"inLanguage":"es"},{"@type":"WebPage","@id":"https:\/\/diariotextual.com\/inicio\/index.php\/2020\/06\/03\/nueva-ley-alquileres-manana-se-aprobaria-senado\/","url":"https:\/\/diariotextual.com\/inicio\/index.php\/2020\/06\/03\/nueva-ley-alquileres-manana-se-aprobaria-senado\/","name":"Nueva ley de alquileres: este jueves se aprobar\u00eda en el Senado - Diario Textual","isPartOf":{"@id":"https:\/\/diariotextual.com\/inicio\/#website"},"primaryImageOfPage":{"@id":"https:\/\/diariotextual.com\/inicio\/index.php\/2020\/06\/03\/nueva-ley-alquileres-manana-se-aprobaria-senado\/#primaryimage"},"image":{"@id":"https:\/\/diariotextual.com\/inicio\/index.php\/2020\/06\/03\/nueva-ley-alquileres-manana-se-aprobaria-senado\/#primaryimage"},"thumbnailUrl":"https:\/\/diariotextual.com\/inicio\/wp-content\/uploads\/2018\/09\/cartelalquilerlapampa.jpg","datePublished":"2020-06-03T22:59:01+00:00","dateModified":"2020-06-04T11:42:19+00:00","breadcrumb":{"@id":"https:\/\/diariotextual.com\/inicio\/index.php\/2020\/06\/03\/nueva-ley-alquileres-manana-se-aprobaria-senado\/#breadcrumb"},"inLanguage":"es","potentialAction":[{"@type":"ReadAction","target":["https:\/\/diariotextual.com\/inicio\/index.php\/2020\/06\/03\/nueva-ley-alquileres-manana-se-aprobaria-senado\/"]}]},{"@type":"ImageObject","inLanguage":"es","@id":"https:\/\/diariotextual.com\/inicio\/index.php\/2020\/06\/03\/nueva-ley-alquileres-manana-se-aprobaria-senado\/#primaryimage","url":"https:\/\/diariotextual.com\/inicio\/wp-content\/uploads\/2018\/09\/cartelalquilerlapampa.jpg","contentUrl":"https:\/\/diariotextual.com\/inicio\/wp-content\/uploads\/2018\/09\/cartelalquilerlapampa.jpg","width":700,"height":446},{"@type":"BreadcrumbList","@id":"https:\/\/diariotextual.com\/inicio\/index.php\/2020\/06\/03\/nueva-ley-alquileres-manana-se-aprobaria-senado\/#breadcrumb","itemListElement":[{"@type":"ListItem","position":1,"name":"Portada","item":"https:\/\/diariotextual.com\/inicio\/"},{"@type":"ListItem","position":2,"name":"Nueva ley de alquileres: este jueves se aprobar\u00eda en el Senado"}]},{"@type":"WebSite","@id":"https:\/\/diariotextual.com\/inicio\/#website","url":"https:\/\/diariotextual.com\/inicio\/","name":"Diario Textual","description":"","publisher":{"@id":"https:\/\/diariotextual.com\/inicio\/#organization"},"potentialAction":[{"@type":"SearchAction","target":{"@type":"EntryPoint","urlTemplate":"https:\/\/diariotextual.com\/inicio\/?s={search_term_string}"},"query-input":{"@type":"PropertyValueSpecification","valueRequired":true,"valueName":"search_term_string"}}],"inLanguage":"es"},{"@type":"Organization","@id":"https:\/\/diariotextual.com\/inicio\/#organization","name":"Diario Textual","url":"https:\/\/diariotextual.com\/inicio\/","logo":{"@type":"ImageObject","inLanguage":"es","@id":"https:\/\/diariotextual.com\/inicio\/#\/schema\/logo\/image\/","url":"https:\/\/diariotextual.com\/inicio\/wp-content\/uploads\/2023\/05\/logotextual1.jpg","contentUrl":"https:\/\/diariotextual.com\/inicio\/wp-content\/uploads\/2023\/05\/logotextual1.jpg","width":516,"height":76,"caption":"Diario Textual"},"image":{"@id":"https:\/\/diariotextual.com\/inicio\/#\/schema\/logo\/image\/"},"sameAs":["https:\/\/www.facebook.com\/eltextual","https:\/\/x.com\/eltextual","http:\/\/www.instagram.com\/eltextual"]},{"@type":"Person","@id":"https:\/\/diariotextual.com\/inicio\/#\/schema\/person\/a1b6f563e0ee944c60f98119389a4d9f","name":"diario3","image":{"@type":"ImageObject","inLanguage":"es","@id":"https:\/\/secure.gravatar.com\/avatar\/5e7ee62c82fc04d9dd79d746a390d93c69c43223e5faeeb3ea9461ef752bfc5d?s=96&d=mm&r=g","url":"https:\/\/secure.gravatar.com\/avatar\/5e7ee62c82fc04d9dd79d746a390d93c69c43223e5faeeb3ea9461ef752bfc5d?s=96&d=mm&r=g","contentUrl":"https:\/\/secure.gravatar.com\/avatar\/5e7ee62c82fc04d9dd79d746a390d93c69c43223e5faeeb3ea9461ef752bfc5d?s=96&d=mm&r=g","caption":"diario3"},"url":"https:\/\/diariotextual.com\/inicio\/index.php\/author\/diario3\/"}]}},"_links":{"self":[{"href":"https:\/\/diariotextual.com\/inicio\/index.php\/wp-json\/wp\/v2\/posts\/96282","targetHints":{"allow":["GET"]}}],"collection":[{"href":"https:\/\/diariotextual.com\/inicio\/index.php\/wp-json\/wp\/v2\/posts"}],"about":[{"href":"https:\/\/diariotextual.com\/inicio\/index.php\/wp-json\/wp\/v2\/types\/post"}],"author":[{"embeddable":true,"href":"https:\/\/diariotextual.com\/inicio\/index.php\/wp-json\/wp\/v2\/users\/5"}],"replies":[{"embeddable":true,"href":"https:\/\/diariotextual.com\/inicio\/index.php\/wp-json\/wp\/v2\/comments?post=96282"}],"version-history":[{"count":2,"href":"https:\/\/diariotextual.com\/inicio\/index.php\/wp-json\/wp\/v2\/posts\/96282\/revisions"}],"predecessor-version":[{"id":96284,"href":"https:\/\/diariotextual.com\/inicio\/index.php\/wp-json\/wp\/v2\/posts\/96282\/revisions\/96284"}],"wp:featuredmedia":[{"embeddable":true,"href":"https:\/\/diariotextual.com\/inicio\/index.php\/wp-json\/wp\/v2\/media\/19401"}],"wp:attachment":[{"href":"https:\/\/diariotextual.com\/inicio\/index.php\/wp-json\/wp\/v2\/media?parent=96282"}],"wp:term":[{"taxonomy":"category","embeddable":true,"href":"https:\/\/diariotextual.com\/inicio\/index.php\/wp-json\/wp\/v2\/categories?post=96282"},{"taxonomy":"post_tag","embeddable":true,"href":"https:\/\/diariotextual.com\/inicio\/index.php\/wp-json\/wp\/v2\/tags?post=96282"}],"curies":[{"name":"wp","href":"https:\/\/api.w.org\/{rel}","templated":true}]}}